{"id":55209,"date":"2022-03-27T15:44:56","date_gmt":"2022-03-27T13:44:56","guid":{"rendered":"https:\/\/exaudi.org\/?p=55209"},"modified":"2022-03-30T14:02:59","modified_gmt":"2022-03-30T12:02:59","slug":"papa-la-guerra-es-un-acto-barbaro-y-sacrilego","status":"publish","type":"post","link":"https:\/\/exaudi.org\/es\/papa-la-guerra-es-un-acto-barbaro-y-sacrilego\/","title":{"rendered":"Papa: La guerra \u201cun \u00a1acto b\u00e1rbaro y sacr\u00edlego!\u201d"},"content":{"rendered":"<p>\u201cLa bestialidad de la guerra, un acto b\u00e1rbaro y sacr\u00edlego\u201d, lament\u00f3 el Papa Francisco despu\u00e9s del rezo del <a href=\"https:\/\/exaudi.org\/es\/dios-no-sabe-perdonar-sin-hacer-fiesta\/\" target=\"_blank\" rel=\"noopener\">\u00c1ngelus<\/a> de este domingo, 27 de marzo de 2022, y renov\u00f3 su llamamiento a l\u00edderes pol\u00edticos a \u201c\u00a0\u00a1basta, que se detengan, callen las armas, se trate seriamente para la paz!\u201d.<\/p>\n<p>A continuaci\u00f3n, siguen las palabras del Papa despu\u00e9s la oraci\u00f3n mariana, ofrecidas por la Oficina de Prensa de la Santa Sede:<\/p>\n<p>***<\/p>\n<h4><strong>Palabras del Papa<\/strong><\/h4>\n<p>\u00a1Queridos hermanos y hermanas!<\/p>\n<p>Ha pasado m\u00e1s de un mes desde el inicio de la invasi\u00f3n de Ucrania, desde el inicio de esta guerra cruel e insensata que, como toda guerra, representa una derrota para todos, para todos nosotros. Hay necesidad de repudiar la guerra, lugar de muerte donde los padres y las madres entierran a los hijos, donde los hombres asesinan a sus hermanos sin ni siquiera haberles visto, donde los poderosos deciden y los pobres mueren.<\/p>\n<p>La guerra no devasta solo el presente, sino tambi\u00e9n el futuro de una sociedad. He le\u00eddo que desde el inicio de la agresi\u00f3n a Ucrania un ni\u00f1o de cada dos se ha desplazado del pa\u00eds. Esto quiere decir destruir el futuro, provocar traumas dram\u00e1ticos en los peque\u00f1os e inocentes entre nosotros. Esta es la bestialidad de la guerra, \u00a1acto b\u00e1rbaro y sacr\u00edlego!<\/p>\n<p>La guerra no puede ser algo inevitable: \u00a1no debemos acostumbrarnos a la guerra! M\u00e1s bien debemos convertir la indignaci\u00f3n de hoy en el compromiso de ma\u00f1ana. Porque, si de esta situaci\u00f3n salimos como antes, de alguna manera todos seremos culpables. Frente al periodo de autodestruirse, la humanidad comprenda que ha llegado el momento de abolir la guerra, de cancelarla de la historia del hombre antes de que sea ella quien cancele al hombre de la historia.<\/p>\n<p>\u00a1Rezo para que todo responsable pol\u00edtico reflexione sobre esto, se comprometan con esto! Y, mirando a la atormentada Ucrania, entender que cada d\u00eda de guerra empeora la situaci\u00f3n para todos. Por eso renuevo mi llamamiento: \u00a1basta, que se detengan, callen las armas, se trate seriamente para la paz! Recemos de nuevo, sin cansarnos, a la Reina de la paz, a la cual\u00a0<a href=\"https:\/\/www.vatican.va\/content\/francesco\/es\/events\/event.dir.html\/content\/vaticanevents\/es\/2022\/3\/25\/celebrazione-penitenza.html\">hemos consagrado la humanidad, en particular Rusia y Ucrania<\/a>, con una participaci\u00f3n grande e intensa, por la que doy las gracias a todos vosotros. Rezamos juntos. Dios te salve Mar\u00eda\u2026<\/p>\n<p>Saludo a todos vosotros, romanos y peregrinos venidos de Italia y de diferentes pa\u00edses. En particular, saludo a los fieles procedentes de M\u00e9xico, Madrid y Le\u00f3n, a los estudiantes de Pamplona y de Huelva, y a los j\u00f3venes de varios pa\u00edses que han vivido un periodo de formaci\u00f3n en Loppiano. Saludo a los parroquianos de Nuestra Se\u00f1ora de Valme en Roma y a los de San Jorge en Bosco, Bassano del Grappa y Gela; los chicos de confirmaci\u00f3n de Frascati y el grupo \u201cAmigos de Zaqueo\u201d de Reggio Emilia; como tambi\u00e9n el Comit\u00e9 Promotor de la Marcha Perugia-As\u00eds de la Paz y de la Fraternidad, que ha venido con un grupo escolar para renovar el compromiso de educaci\u00f3n a la paz.<\/p>\n<p>\u00a1Saludo a los participantes del Marat\u00f3n de Roma! Este a\u00f1o, por iniciativa de la \u201cAthletica Vaticana\u201d, numerosos atletas se han implicado en las iniciativas de solidaridad con las personas que en la ciudad viven en la necesidad. \u00a1Os felicito!<\/p>\n<p>Precisamente\u00a0<a href=\"https:\/\/www.vatican.va\/content\/francesco\/es\/events\/event.dir.html\/content\/vaticanevents\/es\/2020\/3\/27\/uniti-in-preghiera.html\">hace dos a\u00f1os, en esta plaza, elevamos la s\u00faplica por el final de la pandemia<\/a>. Hoy lo hemos hecho por el final de la guerra en Ucrania. A la salida de la plaza se os regalar\u00e1 un libro, realizado por la Comisi\u00f3n Vaticana Covid-19 con el Dicasterio para la Comunicaci\u00f3n, para invitar a rezar en los momentos de dificultad, sin miedo, teniendo siempre fe en el Se\u00f1or.<\/p>\n<p>A todos os deseo un feliz domingo y, por favor, no os olvid\u00e9is de rezar por m\u00ed. \u00a1Buen almuerzo y hasta pronto!<\/p>\n","protected":false},"excerpt":{"rendered":"<p>Palabras del Santo Padre despu\u00e9s del \u00c1ngelus<\/p>\n","protected":false},"author":15,"featured_media":55198,"comment_status":"closed","ping_status":"closed","sticky":false,"template":"","format":"standard","meta":{"_acf_changed":false,"_crdt_document":"","inline_featured_image":false,"footnotes":""},"categories":[70],"tags":[6176,4953],"class_list":["post-55209","post","type-post","status-publish","format-standard","has-post-thumbnail","hentry","category-angelus-es","tag-angelus-27-marzo-2022","tag-trending-es"],"acf":[],"yoast_head":"<!-- This site is optimized with the Yoast SEO plugin v27.5 - https:\/\/yoast.com\/product\/yoast-seo-wordpress\/ -->\n<title>Papa: La guerra \u201cun \u00a1acto b\u00e1rbaro y sacr\u00edlego!\u201d &#8211; Exaudi<\/title>\n<meta name=\"robots\" content=\"index, follow, max-snippet:-1, max-image-preview:large, max-video-preview:-1\" \/>\n<link rel=\"canonical\" href=\"https:\/\/exaudi.org\/es\/papa-la-guerra-es-un-acto-barbaro-y-sacrilego\/\" \/>\n<meta property=\"og:locale\" content=\"es_ES\" \/>\n<meta property=\"og:type\" content=\"article\" \/>\n<meta property=\"og:title\" content=\"Papa: La guerra \u201cun \u00a1acto b\u00e1rbaro y sacr\u00edlego!\u201d &#8211; Exaudi\" \/>\n<meta property=\"og:description\" content=\"Palabras del Santo Padre despu\u00e9s del \u00c1ngelus\" \/>\n<meta property=\"og:url\" content=\"https:\/\/exaudi.org\/es\/papa-la-guerra-es-un-acto-barbaro-y-sacrilego\/\" \/>\n<meta property=\"og:site_name\" content=\"Exaudi\" \/>\n<meta property=\"article:publisher\" content=\"https:\/\/www.facebook.com\/ExaudiNews\" \/>\n<meta property=\"article:author\" content=\"https:\/\/www.facebook.com\/ExaudiNoticias\/\" \/>\n<meta property=\"article:published_time\" content=\"2022-03-27T13:44:56+00:00\" \/>\n<meta property=\"article:modified_time\" content=\"2022-03-30T12:02:59+00:00\" \/>\n<meta property=\"og:image\" content=\"https:\/\/exaudi.org\/wp-content\/uploads\/2022\/03\/rs03272022111228_00051-scaled.jpg\" \/>\n\t<meta property=\"og:image:width\" content=\"2560\" \/>\n\t<meta property=\"og:image:height\" content=\"1707\" \/>\n\t<meta property=\"og:image:type\" content=\"image\/jpeg\" \/>\n<meta name=\"author\" content=\"Exaudi Redacci\u00f3n\" \/>\n<meta name=\"twitter:card\" content=\"summary_large_image\" \/>\n<meta name=\"twitter:creator\" content=\"@Exaudi_noticias\" \/>\n<meta name=\"twitter:site\" content=\"@Exaudi_News\" \/>\n<meta name=\"twitter:label1\" content=\"Escrito por\" \/>\n\t<meta name=\"twitter:data1\" content=\"Exaudi Redacci\u00f3n\" \/>\n\t<meta name=\"twitter:label2\" content=\"Tiempo de lectura\" \/>\n\t<meta name=\"twitter:data2\" content=\"3 minutos\" \/>\n<script type=\"application\/ld+json\" class=\"yoast-schema-graph\">{\"@context\":\"https:\\\/\\\/schema.org\",\"@graph\":[{\"@type\":\"Article\",\"@id\":\"https:\\\/\\\/exaudi.org\\\/es\\\/papa-la-guerra-es-un-acto-barbaro-y-sacrilego\\\/#article\",\"isPartOf\":{\"@id\":\"https:\\\/\\\/exaudi.org\\\/es\\\/papa-la-guerra-es-un-acto-barbaro-y-sacrilego\\\/\"},\"author\":{\"name\":\"Exaudi Redacci\u00f3n\",\"@id\":\"https:\\\/\\\/exaudi.org\\\/#\\\/schema\\\/person\\\/f5fc8f063065e38742da7afe15f25df7\"},\"headline\":\"Papa: La guerra \u201cun \u00a1acto b\u00e1rbaro y sacr\u00edlego!\u201d\",\"datePublished\":\"2022-03-27T13:44:56+00:00\",\"dateModified\":\"2022-03-30T12:02:59+00:00\",\"mainEntityOfPage\":{\"@id\":\"https:\\\/\\\/exaudi.org\\\/es\\\/papa-la-guerra-es-un-acto-barbaro-y-sacrilego\\\/\"},\"wordCount\":685,\"image\":{\"@id\":\"https:\\\/\\\/exaudi.org\\\/es\\\/papa-la-guerra-es-un-acto-barbaro-y-sacrilego\\\/#primaryimage\"},\"thumbnailUrl\":\"https:\\\/\\\/exaudi.org\\\/wp-content\\\/uploads\\\/2022\\\/03\\\/rs03272022111228_00051-scaled.jpg\",\"keywords\":[\"\u00c1ngelus 27 marzo 2022\",\"Trending\"],\"articleSection\":[\"\u00c1ngelus\"],\"inLanguage\":\"es\"},{\"@type\":\"WebPage\",\"@id\":\"https:\\\/\\\/exaudi.org\\\/es\\\/papa-la-guerra-es-un-acto-barbaro-y-sacrilego\\\/\",\"url\":\"https:\\\/\\\/exaudi.org\\\/es\\\/papa-la-guerra-es-un-acto-barbaro-y-sacrilego\\\/\",\"name\":\"Papa: La guerra \u201cun \u00a1acto b\u00e1rbaro y sacr\u00edlego!\u201d &#8211; Exaudi\",\"isPartOf\":{\"@id\":\"https:\\\/\\\/exaudi.org\\\/#website\"},\"primaryImageOfPage\":{\"@id\":\"https:\\\/\\\/exaudi.org\\\/es\\\/papa-la-guerra-es-un-acto-barbaro-y-sacrilego\\\/#primaryimage\"},\"image\":{\"@id\":\"https:\\\/\\\/exaudi.org\\\/es\\\/papa-la-guerra-es-un-acto-barbaro-y-sacrilego\\\/#primaryimage\"},\"thumbnailUrl\":\"https:\\\/\\\/exaudi.org\\\/wp-content\\\/uploads\\\/2022\\\/03\\\/rs03272022111228_00051-scaled.jpg\",\"datePublished\":\"2022-03-27T13:44:56+00:00\",\"dateModified\":\"2022-03-30T12:02:59+00:00\",\"author\":{\"@id\":\"https:\\\/\\\/exaudi.org\\\/#\\\/schema\\\/person\\\/f5fc8f063065e38742da7afe15f25df7\"},\"breadcrumb\":{\"@id\":\"https:\\\/\\\/exaudi.org\\\/es\\\/papa-la-guerra-es-un-acto-barbaro-y-sacrilego\\\/#breadcrumb\"},\"inLanguage\":\"es\",\"potentialAction\":[{\"@type\":\"ReadAction\",\"target\":[\"https:\\\/\\\/exaudi.org\\\/es\\\/papa-la-guerra-es-un-acto-barbaro-y-sacrilego\\\/\"]}]},{\"@type\":\"ImageObject\",\"inLanguage\":\"es\",\"@id\":\"https:\\\/\\\/exaudi.org\\\/es\\\/papa-la-guerra-es-un-acto-barbaro-y-sacrilego\\\/#primaryimage\",\"url\":\"https:\\\/\\\/exaudi.org\\\/wp-content\\\/uploads\\\/2022\\\/03\\\/rs03272022111228_00051-scaled.jpg\",\"contentUrl\":\"https:\\\/\\\/exaudi.org\\\/wp-content\\\/uploads\\\/2022\\\/03\\\/rs03272022111228_00051-scaled.jpg\",\"width\":2560,\"height\":1707,\"caption\":\"\u00c1ngelus 27 marzo 2022 \u00a9 vatican media\"},{\"@type\":\"BreadcrumbList\",\"@id\":\"https:\\\/\\\/exaudi.org\\\/es\\\/papa-la-guerra-es-un-acto-barbaro-y-sacrilego\\\/#breadcrumb\",\"itemListElement\":[{\"@type\":\"ListItem\",\"position\":1,\"name\":\"Portada\",\"item\":\"https:\\\/\\\/exaudi.org\\\/es\\\/\"},{\"@type\":\"ListItem\",\"position\":2,\"name\":\"Papa: La guerra \u201cun \u00a1acto b\u00e1rbaro y sacr\u00edlego!\u201d\"}]},{\"@type\":\"WebSite\",\"@id\":\"https:\\\/\\\/exaudi.org\\\/#website\",\"url\":\"https:\\\/\\\/exaudi.org\\\/\",\"name\":\"Exaudi\",\"description\":\"News\",\"potentialAction\":[{\"@type\":\"SearchAction\",\"target\":{\"@type\":\"EntryPoint\",\"urlTemplate\":\"https:\\\/\\\/exaudi.org\\\/?s={search_term_string}\"},\"query-input\":{\"@type\":\"PropertyValueSpecification\",\"valueRequired\":true,\"valueName\":\"search_term_string\"}}],\"inLanguage\":\"es\"},{\"@type\":\"Person\",\"@id\":\"https:\\\/\\\/exaudi.org\\\/#\\\/schema\\\/person\\\/f5fc8f063065e38742da7afe15f25df7\",\"name\":\"Exaudi Redacci\u00f3n\",\"image\":{\"@type\":\"ImageObject\",\"inLanguage\":\"es\",\"@id\":\"https:\\\/\\\/secure.gravatar.com\\\/avatar\\\/fe0f6a059fb68d9b3e11bc5850dd4899b1c7492091a3cb6dd9b01b56ad828be2?s=96&d=mm&r=g\",\"url\":\"https:\\\/\\\/secure.gravatar.com\\\/avatar\\\/fe0f6a059fb68d9b3e11bc5850dd4899b1c7492091a3cb6dd9b01b56ad828be2?s=96&d=mm&r=g\",\"contentUrl\":\"https:\\\/\\\/secure.gravatar.com\\\/avatar\\\/fe0f6a059fb68d9b3e11bc5850dd4899b1c7492091a3cb6dd9b01b56ad828be2?s=96&d=mm&r=g\",\"caption\":\"Exaudi Redacci\u00f3n\"},\"description\":\"\u00bfQu\u00e9 es Exaudi News? Exaudi News es un medio de comunicaci\u00f3n cat\u00f3lico internacional que informa, forma y transforma, diariamente en espa\u00f1ol, ingl\u00e9s e italiano. A trav\u00e9s de noticias, art\u00edculos de an\u00e1lisis y transmisiones en directo de los eventos del Papa, Exaudi busca fortalecer la unidad de los cristianos y contribuir a la evangelizaci\u00f3n del mundo, siempre guiados por la doctrina social de la Iglesia. Trabajamos para acercar la verdad y los valores cristianos a cada rinc\u00f3n del planeta. \u00a1Ay\u00fadanos a transformar el mundo con Exaudi! En Exaudi creemos que la evangelizaci\u00f3n y la informaci\u00f3n de calidad pueden cambiar vidas. Para continuar con nuestra misi\u00f3n y expandir nuestro alcance, necesitamos tu ayuda. Adem\u00e1s, buscamos personas comprometidas que deseen unirse a nuestro equipo. Con tu apoyo, lograremos llegar a m\u00e1s personas, difundir el mensaje de Cristo y reforzar la unidad de los cristianos. \u00bfTe unes a nuestra misi\u00f3n? Para m\u00e1s informaci\u00f3n sobre c\u00f3mo colaborar, visita Exaudi.org\\\/es o cont\u00e1ctanos directamente: info@exaudi.org Exaudi: Informa, forma y transforma.\",\"sameAs\":[\"https:\\\/\\\/www.facebook.com\\\/ExaudiNoticias\\\/\",\"https:\\\/\\\/www.instagram.com\\\/exaudi_noticias\\\/\",\"https:\\\/\\\/x.com\\\/Exaudi_noticias\",\"https:\\\/\\\/www.youtube.com\\\/@exaudicatholicnews\"],\"url\":\"https:\\\/\\\/exaudi.org\\\/es\\\/author\\\/redaccionexaudi\\\/\"}]}<\/script>\n<!-- \/ Yoast SEO plugin. -->","yoast_head_json":{"title":"Papa: La guerra \u201cun \u00a1acto b\u00e1rbaro y sacr\u00edlego!\u201d &#8211; Exaudi","robots":{"index":"index","follow":"follow","max-snippet":"max-snippet:-1","max-image-preview":"max-image-preview:large","max-video-preview":"max-video-preview:-1"},"canonical":"https:\/\/exaudi.org\/es\/papa-la-guerra-es-un-acto-barbaro-y-sacrilego\/","og_locale":"es_ES","og_type":"article","og_title":"Papa: La guerra \u201cun \u00a1acto b\u00e1rbaro y sacr\u00edlego!\u201d &#8211; Exaudi","og_description":"Palabras del Santo Padre despu\u00e9s del \u00c1ngelus","og_url":"https:\/\/exaudi.org\/es\/papa-la-guerra-es-un-acto-barbaro-y-sacrilego\/","og_site_name":"Exaudi","article_publisher":"https:\/\/www.facebook.com\/ExaudiNews","article_author":"https:\/\/www.facebook.com\/ExaudiNoticias\/","article_published_time":"2022-03-27T13:44:56+00:00","article_modified_time":"2022-03-30T12:02:59+00:00","og_image":[{"width":2560,"height":1707,"url":"https:\/\/exaudi.org\/wp-content\/uploads\/2022\/03\/rs03272022111228_00051-scaled.jpg","type":"image\/jpeg"}],"author":"Exaudi Redacci\u00f3n","twitter_card":"summary_large_image","twitter_creator":"@Exaudi_noticias","twitter_site":"@Exaudi_News","twitter_misc":{"Escrito por":"Exaudi Redacci\u00f3n","Tiempo de lectura":"3 minutos"},"schema":{"@context":"https:\/\/schema.org","@graph":[{"@type":"Article","@id":"https:\/\/exaudi.org\/es\/papa-la-guerra-es-un-acto-barbaro-y-sacrilego\/#article","isPartOf":{"@id":"https:\/\/exaudi.org\/es\/papa-la-guerra-es-un-acto-barbaro-y-sacrilego\/"},"author":{"name":"Exaudi Redacci\u00f3n","@id":"https:\/\/exaudi.org\/#\/schema\/person\/f5fc8f063065e38742da7afe15f25df7"},"headline":"Papa: La guerra \u201cun \u00a1acto b\u00e1rbaro y sacr\u00edlego!\u201d","datePublished":"2022-03-27T13:44:56+00:00","dateModified":"2022-03-30T12:02:59+00:00","mainEntityOfPage":{"@id":"https:\/\/exaudi.org\/es\/papa-la-guerra-es-un-acto-barbaro-y-sacrilego\/"},"wordCount":685,"image":{"@id":"https:\/\/exaudi.org\/es\/papa-la-guerra-es-un-acto-barbaro-y-sacrilego\/#primaryimage"},"thumbnailUrl":"https:\/\/exaudi.org\/wp-content\/uploads\/2022\/03\/rs03272022111228_00051-scaled.jpg","keywords":["\u00c1ngelus 27 marzo 2022","Trending"],"articleSection":["\u00c1ngelus"],"inLanguage":"es"},{"@type":"WebPage","@id":"https:\/\/exaudi.org\/es\/papa-la-guerra-es-un-acto-barbaro-y-sacrilego\/","url":"https:\/\/exaudi.org\/es\/papa-la-guerra-es-un-acto-barbaro-y-sacrilego\/","name":"Papa: La guerra \u201cun \u00a1acto b\u00e1rbaro y sacr\u00edlego!\u201d &#8211; Exaudi","isPartOf":{"@id":"https:\/\/exaudi.org\/#website"},"primaryImageOfPage":{"@id":"https:\/\/exaudi.org\/es\/papa-la-guerra-es-un-acto-barbaro-y-sacrilego\/#primaryimage"},"image":{"@id":"https:\/\/exaudi.org\/es\/papa-la-guerra-es-un-acto-barbaro-y-sacrilego\/#primaryimage"},"thumbnailUrl":"https:\/\/exaudi.org\/wp-content\/uploads\/2022\/03\/rs03272022111228_00051-scaled.jpg","datePublished":"2022-03-27T13:44:56+00:00","dateModified":"2022-03-30T12:02:59+00:00","author":{"@id":"https:\/\/exaudi.org\/#\/schema\/person\/f5fc8f063065e38742da7afe15f25df7"},"breadcrumb":{"@id":"https:\/\/exaudi.org\/es\/papa-la-guerra-es-un-acto-barbaro-y-sacrilego\/#breadcrumb"},"inLanguage":"es","potentialAction":[{"@type":"ReadAction","target":["https:\/\/exaudi.org\/es\/papa-la-guerra-es-un-acto-barbaro-y-sacrilego\/"]}]},{"@type":"ImageObject","inLanguage":"es","@id":"https:\/\/exaudi.org\/es\/papa-la-guerra-es-un-acto-barbaro-y-sacrilego\/#primaryimage","url":"https:\/\/exaudi.org\/wp-content\/uploads\/2022\/03\/rs03272022111228_00051-scaled.jpg","contentUrl":"https:\/\/exaudi.org\/wp-content\/uploads\/2022\/03\/rs03272022111228_00051-scaled.jpg","width":2560,"height":1707,"caption":"\u00c1ngelus 27 marzo 2022 \u00a9 vatican media"},{"@type":"BreadcrumbList","@id":"https:\/\/exaudi.org\/es\/papa-la-guerra-es-un-acto-barbaro-y-sacrilego\/#breadcrumb","itemListElement":[{"@type":"ListItem","position":1,"name":"Portada","item":"https:\/\/exaudi.org\/es\/"},{"@type":"ListItem","position":2,"name":"Papa: La guerra \u201cun \u00a1acto b\u00e1rbaro y sacr\u00edlego!\u201d"}]},{"@type":"WebSite","@id":"https:\/\/exaudi.org\/#website","url":"https:\/\/exaudi.org\/","name":"Exaudi","description":"News","potentialAction":[{"@type":"SearchAction","target":{"@type":"EntryPoint","urlTemplate":"https:\/\/exaudi.org\/?s={search_term_string}"},"query-input":{"@type":"PropertyValueSpecification","valueRequired":true,"valueName":"search_term_string"}}],"inLanguage":"es"},{"@type":"Person","@id":"https:\/\/exaudi.org\/#\/schema\/person\/f5fc8f063065e38742da7afe15f25df7","name":"Exaudi Redacci\u00f3n","image":{"@type":"ImageObject","inLanguage":"es","@id":"https:\/\/secure.gravatar.com\/avatar\/fe0f6a059fb68d9b3e11bc5850dd4899b1c7492091a3cb6dd9b01b56ad828be2?s=96&d=mm&r=g","url":"https:\/\/secure.gravatar.com\/avatar\/fe0f6a059fb68d9b3e11bc5850dd4899b1c7492091a3cb6dd9b01b56ad828be2?s=96&d=mm&r=g","contentUrl":"https:\/\/secure.gravatar.com\/avatar\/fe0f6a059fb68d9b3e11bc5850dd4899b1c7492091a3cb6dd9b01b56ad828be2?s=96&d=mm&r=g","caption":"Exaudi Redacci\u00f3n"},"description":"\u00bfQu\u00e9 es Exaudi News? Exaudi News es un medio de comunicaci\u00f3n cat\u00f3lico internacional que informa, forma y transforma, diariamente en espa\u00f1ol, ingl\u00e9s e italiano. A trav\u00e9s de noticias, art\u00edculos de an\u00e1lisis y transmisiones en directo de los eventos del Papa, Exaudi busca fortalecer la unidad de los cristianos y contribuir a la evangelizaci\u00f3n del mundo, siempre guiados por la doctrina social de la Iglesia. Trabajamos para acercar la verdad y los valores cristianos a cada rinc\u00f3n del planeta. \u00a1Ay\u00fadanos a transformar el mundo con Exaudi! En Exaudi creemos que la evangelizaci\u00f3n y la informaci\u00f3n de calidad pueden cambiar vidas. Para continuar con nuestra misi\u00f3n y expandir nuestro alcance, necesitamos tu ayuda. Adem\u00e1s, buscamos personas comprometidas que deseen unirse a nuestro equipo. Con tu apoyo, lograremos llegar a m\u00e1s personas, difundir el mensaje de Cristo y reforzar la unidad de los cristianos. \u00bfTe unes a nuestra misi\u00f3n? Para m\u00e1s informaci\u00f3n sobre c\u00f3mo colaborar, visita Exaudi.org\/es o cont\u00e1ctanos directamente: info@exaudi.org Exaudi: Informa, forma y transforma.","sameAs":["https:\/\/www.facebook.com\/ExaudiNoticias\/","https:\/\/www.instagram.com\/exaudi_noticias\/","https:\/\/x.com\/Exaudi_noticias","https:\/\/www.youtube.com\/@exaudicatholicnews"],"url":"https:\/\/exaudi.org\/es\/author\/redaccionexaudi\/"}]}},"jetpack_featured_media_url":"https:\/\/exaudi.org\/wp-content\/uploads\/2022\/03\/rs03272022111228_00051-scaled.jpg","jetpack_shortlink":"https:\/\/wp.me\/pgKjF2-emt","_links":{"self":[{"href":"https:\/\/exaudi.org\/es\/wp-json\/wp\/v2\/posts\/55209","targetHints":{"allow":["GET"]}}],"collection":[{"href":"https:\/\/exaudi.org\/es\/wp-json\/wp\/v2\/posts"}],"about":[{"href":"https:\/\/exaudi.org\/es\/wp-json\/wp\/v2\/types\/post"}],"author":[{"embeddable":true,"href":"https:\/\/exaudi.org\/es\/wp-json\/wp\/v2\/users\/15"}],"replies":[{"embeddable":true,"href":"https:\/\/exaudi.org\/es\/wp-json\/wp\/v2\/comments?post=55209"}],"version-history":[{"count":0,"href":"https:\/\/exaudi.org\/es\/wp-json\/wp\/v2\/posts\/55209\/revisions"}],"wp:featuredmedia":[{"embeddable":true,"href":"https:\/\/exaudi.org\/es\/wp-json\/wp\/v2\/media\/55198"}],"wp:attachment":[{"href":"https:\/\/exaudi.org\/es\/wp-json\/wp\/v2\/media?parent=55209"}],"wp:term":[{"taxonomy":"category","embeddable":true,"href":"https:\/\/exaudi.org\/es\/wp-json\/wp\/v2\/categories?post=55209"},{"taxonomy":"post_tag","embeddable":true,"href":"https:\/\/exaudi.org\/es\/wp-json\/wp\/v2\/tags?post=55209"}],"curies":[{"name":"wp","href":"https:\/\/api.w.org\/{rel}","templated":true}]}}