{"id":55200,"date":"2022-03-27T15:14:24","date_gmt":"2022-03-27T13:14:24","guid":{"rendered":"https:\/\/exaudi.org\/?p=55200"},"modified":"2022-03-27T16:08:17","modified_gmt":"2022-03-27T14:08:17","slug":"dios-no-sabe-perdonar-sin-hacer-fiesta","status":"publish","type":"post","link":"https:\/\/exaudi.org\/es\/dios-no-sabe-perdonar-sin-hacer-fiesta\/","title":{"rendered":"\u201c\u00a1Dios no sabe perdonar sin hacer fiesta!\u201d"},"content":{"rendered":"<p>\u201c\u00a1Dios no sabe perdonar sin hacer fiesta!\u201d, dice el Papa Francisco en el <a href=\"https:\/\/exaudi.org\/es\/papa-la-guerra-es-un-acto-barbaro-y-sacrilego\/\" target=\"_blank\" rel=\"noopener\">\u00c1ngelus<\/a> de este domingo, 27 de marzo de 2022. \u201cEl Evangelio de la Liturgia de este domingo narra la par\u00e1bola llamada del hijo pr\u00f3digo (cfr <em>Lc\u00a0<\/em>15,11-32). Esta nos lleva al coraz\u00f3n de Dios, que siempre perdona con compasi\u00f3n y ternura, siempre\u201d, comenta el Papa. \u201c\u00a1Dios no sabe perdonar sin hacer fiesta! Y el padre hace fiesta, por la alegr\u00eda que tiene porque ha vuelto el hijo\u201d.<\/p>\n<p>El Santo Padre invit\u00f3 a \u201cEn primer lugar, celebrar una fiesta, es decir manifestar nuestra cercan\u00eda a quien se arrepiente o est\u00e1 en camino, a quien est\u00e1 en crisis o alejado.\u00a0Y a\u00f1adi\u00f3 \u201c\u00bfPor qu\u00e9 hay que hacer as\u00ed? Porque esto ayudar\u00e1 a superar el miedo y el des\u00e1nimo, que pueden venir al recordar los propios pecados\u201d. \u201c\u00a1Cu\u00e1nto bien puede hacer un coraz\u00f3n abierto, una escucha verdadera, una sonrisa transparente; celebrar fiesta, \u00a1no hacer sentir inc\u00f3modo!\u201d.<\/p>\n<p>A continuaci\u00f3n, siguen las palabras del Papa al introducir la oraci\u00f3n mariana, ofrecidas por la Oficina de Prensa de la Santa Sede:<\/p>\n<p>***<\/p>\n<h4><strong>Palabras del Papa<\/strong><\/h4>\n<p>Queridos hermanos y hermanas, feliz domingo, \u00a1buenos d\u00edas!<\/p>\n<p>El Evangelio de la Liturgia de este domingo narra la par\u00e1bola llamada del hijo pr\u00f3digo (cfr\u00a0<a href=\"https:\/\/www.dominicos.org\/predicacion\/homilia\/27-3-2022\/lecturas\/\" target=\"_blank\" rel=\"noopener\"><em>Lc\u00a0<\/em>15,11-32<\/a>). Esta nos lleva al coraz\u00f3n de Dios, que siempre perdona con compasi\u00f3n y ternura, siempre. Dios perdona siempre, somos nosotros los que nos cansamos de pedir perd\u00f3n, pero \u00c9l perdona siempre. Nos dice que Dios es Padre, que no solo acoge de nuevo, sino que se alegra y hace fiesta por su hijo, que ha vuelto a casa despu\u00e9s de haber derrochado todos sus bienes. Nosotros somos ese hijo, y conmueve pensar en cu\u00e1nto nos ama y espera siempre el Padre.<\/p>\n<p>Pero en la misma par\u00e1bola est\u00e1 tambi\u00e9n el hijo mayor, que entra en crisis frente a este Padre. Y que puede ponernos en crisis tambi\u00e9n a nosotros. De hecho, dentro de nosotros est\u00e1 tambi\u00e9n este hijo mayor y, al menos en parte, tenemos la tentaci\u00f3n de darle la raz\u00f3n: siempre hab\u00eda hecho su deber, no se hab\u00eda ido de casa, por eso se indigna al ver al Padre abrazar de nuevo al hermano que se ha portado mal. Protesta y dice: \u201cHace tantos a\u00f1os que te sirvo, y jam\u00e1s dej\u00e9 de cumplir una orden tuya\u201d, sin embargo, por \u201cese hijo tuyo\u201d \u00a1incluso celebras una fiesta! (vv. 29-30). \u201cNo te entiendo\u201d. Es la indignaci\u00f3n del hermano mayor.<\/p>\n<p>De estas palabras emerge el problema del hijo mayor. En la relaci\u00f3n con el Padre \u00e9l basa todo en el puro cumplimiento de los mandamientos, en el sentido del deber. Puede ser tambi\u00e9n nuestro problema, nuestro problema entre nosotros y con Dios: perder de vista que es Padre y vivir una religi\u00f3n distante, hecha de prohibiciones y deberes. Y la consecuencia de esta distancia es la rigidez hacia el pr\u00f3jimo, que ya no se ve como hermano. De hecho, en la par\u00e1bola el hijo mayor no dice al Padre mi hermano, no, dice tu hijo, como diciendo: no es mi hermano. Y al final precisamente \u00e9l corre el riesgo de quedar fuera de casa. De hecho \u2013 dice el texto \u2013 \u201cno quer\u00eda entrar\u201d (v. 28). Porque estaba el otro.<\/p>\n<p>Viendo esto, el Padre sale a suplicarlo: \u201cHijo, t\u00fa siempre est\u00e1s conmigo, y todo lo m\u00edo es tuyo\u201d (v. 31). Trata de hacerle entender que para \u00e9l cada hijo es toda su vida. Lo saben bien los padres, que se acercan mucho al sentir de Dios. Es bonito lo que dice un padre en una novela: \u201cCuando me convert\u00ed en padre, entend\u00ed a Dios\u201d (H. de Balzac,\u00a0<em>El padre Goriot<\/em>, Mil\u00e1n 2004, 112). En este momento de la par\u00e1bola, el Padre abre el coraz\u00f3n al hijo mayor y le expresa dos necesidades, que no son mandamientos, sino necesidad del coraz\u00f3n: \u201cConven\u00eda celebrar una fiesta y alegrarse, porque este hermano tuyo estaba muerto, y ha vuelto a la vida\u201d (v. 32). Veamos si tambi\u00e9n nosotros tenemos en el coraz\u00f3n dos necesidades del Padre: celebrar una fiesta y alegrarse.<\/p>\n<p>En primer lugar, celebrar una fiesta, es decir manifestar nuestra cercan\u00eda a quien se arrepiente o est\u00e1 en camino, a quien est\u00e1 en crisis o alejado.\u00a0 \u00bfPor qu\u00e9 hay que hacer as\u00ed? Porque esto ayudar\u00e1 a superar el miedo y el des\u00e1nimo, que pueden venir al recordar los propios pecados. Quien se ha equivocado, a menudo se siente reprendido por su propio coraz\u00f3n; distancia, indiferencia y palabras hirientes no ayudan. Por eso, seg\u00fan el Padre, es necesario ofrecerles una acogida c\u00e1lida, que aliente para ir adelante. \u201c\u00a1Pero padre este ha hecho muchas cosas!\u201d: c\u00e1lida acogida. Y nosotros, \u00bfhacemos esto? \u00bfBuscamos a quien est\u00e1 lejos, deseamos celebrar fiesta con \u00e9l? \u00a1Cu\u00e1nto bien puede hacer un coraz\u00f3n abierto, una escucha verdadera, una sonrisa transparente; celebrar fiesta, \u00a1no hacer sentir inc\u00f3modo! El padre podr\u00eda decir: est\u00e1 bien hijo, vuelve a casa, vuelve a trabajar, vete a tu habitaci\u00f3n, prep\u00e1rate y \u00a1al trabajo! Y este habr\u00eda sido un buen perd\u00f3n. \u00a1Pero no! \u00a1Dios no sabe perdonar sin hacer fiesta! Y el padre hace fiesta, por la alegr\u00eda que tiene porque ha vuelto el hijo.<\/p>\n<p>Y despu\u00e9s, seg\u00fan el Padre, es necesario alegrarse. Quien tiene un coraz\u00f3n sintonizado con Dios, cuando ve el arrepentimiento de una persona, por graves que hayan sido sus errores, se alegra. No se queda quieto sobre los errores, no se\u00f1ala con el dedo el mal, sino que se alegra por el bien, \u00a1porque el bien del otro es tambi\u00e9n el m\u00edo! Y nosotros, \u00bfsabemos ver a los otros as\u00ed?<\/p>\n<p>Me permito contar una historia, inventada, pero que hace ver el coraz\u00f3n del padre. Est\u00e1 esta obra pop, hace tres o cuatro a\u00f1os, sobre el argumento del hijo pr\u00f3digo, con toda la historia. Y al final, cuando el hijo decide volver a casa del padre, habla con un amigo y le dice: \u201cSabes, tengo miedo de que mi padre me rechace, que no me perdone\u201d. Y el amigo le aconseja: \u201cManda una carta a tu padre y dile: \u2018Padre, estoy arrepentido, quiero volver a casa, pero no estoy seguro si t\u00fa estar\u00e1s contento. Si quieres recibirme, por favor, pon un pa\u00f1uelo blanco en la ventana\u2019\u201d. Y despu\u00e9s empez\u00f3 el camino. Y cuando estaba cerca de casa, donde el camino hac\u00eda la \u00faltima curva, tuvo de frente su casa. \u00bfY qu\u00e9 vio? No un pa\u00f1uelo: estaba llena de pa\u00f1uelos blancos, las ventanas, \u00a1todo! El Padre nos recibe as\u00ed, con plenitud, con alegr\u00eda. \u00a1Este es nuestro padre!<\/p>\n<p>\u00bfSabemos alegrarnos por los otros? La Virgen Mar\u00eda nos ense\u00f1e a acoger la misericordia de Dios, para que se vuelva la luz en la que mirar a nuestro pr\u00f3jimo.<\/p>\n<p>&nbsp;<\/p>\n","protected":false},"excerpt":{"rendered":"<p>Palabras del Santo Padre antes de la oraci\u00f3n mariana<\/p>\n","protected":false},"author":15,"featured_media":55201,"comment_status":"closed","ping_status":"closed","sticky":false,"template":"","format":"standard","meta":{"_acf_changed":false,"_crdt_document":"","inline_featured_image":false,"footnotes":""},"categories":[70,59],"tags":[6176,2419],"class_list":["post-55200","post","type-post","status-publish","format-standard","has-post-thumbnail","hentry","category-angelus-es","category-featured-news","tag-angelus-27-marzo-2022","tag-featured"],"acf":[],"yoast_head":"<!-- This site is optimized with the Yoast SEO plugin v27.5 - https:\/\/yoast.com\/product\/yoast-seo-wordpress\/ -->\n<title>\u201c\u00a1Dios no sabe perdonar sin hacer fiesta!\u201d &#8211; Exaudi<\/title>\n<meta name=\"robots\" content=\"index, follow, max-snippet:-1, max-image-preview:large, max-video-preview:-1\" \/>\n<link rel=\"canonical\" href=\"https:\/\/exaudi.org\/es\/dios-no-sabe-perdonar-sin-hacer-fiesta\/\" \/>\n<meta property=\"og:locale\" content=\"es_ES\" \/>\n<meta property=\"og:type\" content=\"article\" \/>\n<meta property=\"og:title\" content=\"\u201c\u00a1Dios no sabe perdonar sin hacer fiesta!\u201d &#8211; Exaudi\" \/>\n<meta property=\"og:description\" content=\"Palabras del Santo Padre antes de la oraci\u00f3n mariana\" \/>\n<meta property=\"og:url\" content=\"https:\/\/exaudi.org\/es\/dios-no-sabe-perdonar-sin-hacer-fiesta\/\" \/>\n<meta property=\"og:site_name\" content=\"Exaudi\" \/>\n<meta property=\"article:publisher\" content=\"https:\/\/www.facebook.com\/ExaudiNews\" \/>\n<meta property=\"article:author\" content=\"https:\/\/www.facebook.com\/ExaudiNoticias\/\" \/>\n<meta property=\"article:published_time\" content=\"2022-03-27T13:14:24+00:00\" \/>\n<meta property=\"article:modified_time\" content=\"2022-03-27T14:08:17+00:00\" \/>\n<meta property=\"og:image\" content=\"https:\/\/exaudi.org\/wp-content\/uploads\/2022\/03\/Angelus-27-marzo-2022-scaled.jpg\" \/>\n\t<meta property=\"og:image:width\" content=\"2560\" \/>\n\t<meta property=\"og:image:height\" content=\"1707\" \/>\n\t<meta property=\"og:image:type\" content=\"image\/jpeg\" \/>\n<meta name=\"author\" content=\"Exaudi Redacci\u00f3n\" \/>\n<meta name=\"twitter:card\" content=\"summary_large_image\" \/>\n<meta name=\"twitter:creator\" content=\"@Exaudi_noticias\" \/>\n<meta name=\"twitter:site\" content=\"@Exaudi_News\" \/>\n<meta name=\"twitter:label1\" content=\"Escrito por\" \/>\n\t<meta name=\"twitter:data1\" content=\"Exaudi Redacci\u00f3n\" \/>\n\t<meta name=\"twitter:label2\" content=\"Tiempo de lectura\" \/>\n\t<meta name=\"twitter:data2\" content=\"6 minutos\" \/>\n<script type=\"application\/ld+json\" class=\"yoast-schema-graph\">{\"@context\":\"https:\\\/\\\/schema.org\",\"@graph\":[{\"@type\":\"Article\",\"@id\":\"https:\\\/\\\/exaudi.org\\\/es\\\/dios-no-sabe-perdonar-sin-hacer-fiesta\\\/#article\",\"isPartOf\":{\"@id\":\"https:\\\/\\\/exaudi.org\\\/es\\\/dios-no-sabe-perdonar-sin-hacer-fiesta\\\/\"},\"author\":{\"name\":\"Exaudi Redacci\u00f3n\",\"@id\":\"https:\\\/\\\/exaudi.org\\\/#\\\/schema\\\/person\\\/f5fc8f063065e38742da7afe15f25df7\"},\"headline\":\"\u201c\u00a1Dios no sabe perdonar sin hacer fiesta!\u201d\",\"datePublished\":\"2022-03-27T13:14:24+00:00\",\"dateModified\":\"2022-03-27T14:08:17+00:00\",\"mainEntityOfPage\":{\"@id\":\"https:\\\/\\\/exaudi.org\\\/es\\\/dios-no-sabe-perdonar-sin-hacer-fiesta\\\/\"},\"wordCount\":1184,\"image\":{\"@id\":\"https:\\\/\\\/exaudi.org\\\/es\\\/dios-no-sabe-perdonar-sin-hacer-fiesta\\\/#primaryimage\"},\"thumbnailUrl\":\"https:\\\/\\\/exaudi.org\\\/wp-content\\\/uploads\\\/2022\\\/03\\\/Angelus-27-marzo-2022-scaled.jpg\",\"keywords\":[\"\u00c1ngelus 27 marzo 2022\",\"Featured\"],\"articleSection\":[\"\u00c1ngelus\",\"Featured News\"],\"inLanguage\":\"es\"},{\"@type\":\"WebPage\",\"@id\":\"https:\\\/\\\/exaudi.org\\\/es\\\/dios-no-sabe-perdonar-sin-hacer-fiesta\\\/\",\"url\":\"https:\\\/\\\/exaudi.org\\\/es\\\/dios-no-sabe-perdonar-sin-hacer-fiesta\\\/\",\"name\":\"\u201c\u00a1Dios no sabe perdonar sin hacer fiesta!\u201d &#8211; Exaudi\",\"isPartOf\":{\"@id\":\"https:\\\/\\\/exaudi.org\\\/#website\"},\"primaryImageOfPage\":{\"@id\":\"https:\\\/\\\/exaudi.org\\\/es\\\/dios-no-sabe-perdonar-sin-hacer-fiesta\\\/#primaryimage\"},\"image\":{\"@id\":\"https:\\\/\\\/exaudi.org\\\/es\\\/dios-no-sabe-perdonar-sin-hacer-fiesta\\\/#primaryimage\"},\"thumbnailUrl\":\"https:\\\/\\\/exaudi.org\\\/wp-content\\\/uploads\\\/2022\\\/03\\\/Angelus-27-marzo-2022-scaled.jpg\",\"datePublished\":\"2022-03-27T13:14:24+00:00\",\"dateModified\":\"2022-03-27T14:08:17+00:00\",\"author\":{\"@id\":\"https:\\\/\\\/exaudi.org\\\/#\\\/schema\\\/person\\\/f5fc8f063065e38742da7afe15f25df7\"},\"breadcrumb\":{\"@id\":\"https:\\\/\\\/exaudi.org\\\/es\\\/dios-no-sabe-perdonar-sin-hacer-fiesta\\\/#breadcrumb\"},\"inLanguage\":\"es\",\"potentialAction\":[{\"@type\":\"ReadAction\",\"target\":[\"https:\\\/\\\/exaudi.org\\\/es\\\/dios-no-sabe-perdonar-sin-hacer-fiesta\\\/\"]}]},{\"@type\":\"ImageObject\",\"inLanguage\":\"es\",\"@id\":\"https:\\\/\\\/exaudi.org\\\/es\\\/dios-no-sabe-perdonar-sin-hacer-fiesta\\\/#primaryimage\",\"url\":\"https:\\\/\\\/exaudi.org\\\/wp-content\\\/uploads\\\/2022\\\/03\\\/Angelus-27-marzo-2022-scaled.jpg\",\"contentUrl\":\"https:\\\/\\\/exaudi.org\\\/wp-content\\\/uploads\\\/2022\\\/03\\\/Angelus-27-marzo-2022-scaled.jpg\",\"width\":2560,\"height\":1707,\"caption\":\"\u00c1ngelus 27 marzo 2022 \u00a9 Vatican Media\"},{\"@type\":\"BreadcrumbList\",\"@id\":\"https:\\\/\\\/exaudi.org\\\/es\\\/dios-no-sabe-perdonar-sin-hacer-fiesta\\\/#breadcrumb\",\"itemListElement\":[{\"@type\":\"ListItem\",\"position\":1,\"name\":\"Portada\",\"item\":\"https:\\\/\\\/exaudi.org\\\/es\\\/\"},{\"@type\":\"ListItem\",\"position\":2,\"name\":\"\u201c\u00a1Dios no sabe perdonar sin hacer fiesta!\u201d\"}]},{\"@type\":\"WebSite\",\"@id\":\"https:\\\/\\\/exaudi.org\\\/#website\",\"url\":\"https:\\\/\\\/exaudi.org\\\/\",\"name\":\"Exaudi\",\"description\":\"News\",\"potentialAction\":[{\"@type\":\"SearchAction\",\"target\":{\"@type\":\"EntryPoint\",\"urlTemplate\":\"https:\\\/\\\/exaudi.org\\\/?s={search_term_string}\"},\"query-input\":{\"@type\":\"PropertyValueSpecification\",\"valueRequired\":true,\"valueName\":\"search_term_string\"}}],\"inLanguage\":\"es\"},{\"@type\":\"Person\",\"@id\":\"https:\\\/\\\/exaudi.org\\\/#\\\/schema\\\/person\\\/f5fc8f063065e38742da7afe15f25df7\",\"name\":\"Exaudi Redacci\u00f3n\",\"image\":{\"@type\":\"ImageObject\",\"inLanguage\":\"es\",\"@id\":\"https:\\\/\\\/secure.gravatar.com\\\/avatar\\\/fe0f6a059fb68d9b3e11bc5850dd4899b1c7492091a3cb6dd9b01b56ad828be2?s=96&d=mm&r=g\",\"url\":\"https:\\\/\\\/secure.gravatar.com\\\/avatar\\\/fe0f6a059fb68d9b3e11bc5850dd4899b1c7492091a3cb6dd9b01b56ad828be2?s=96&d=mm&r=g\",\"contentUrl\":\"https:\\\/\\\/secure.gravatar.com\\\/avatar\\\/fe0f6a059fb68d9b3e11bc5850dd4899b1c7492091a3cb6dd9b01b56ad828be2?s=96&d=mm&r=g\",\"caption\":\"Exaudi Redacci\u00f3n\"},\"description\":\"\u00bfQu\u00e9 es Exaudi News? Exaudi News es un medio de comunicaci\u00f3n cat\u00f3lico internacional que informa, forma y transforma, diariamente en espa\u00f1ol, ingl\u00e9s e italiano. A trav\u00e9s de noticias, art\u00edculos de an\u00e1lisis y transmisiones en directo de los eventos del Papa, Exaudi busca fortalecer la unidad de los cristianos y contribuir a la evangelizaci\u00f3n del mundo, siempre guiados por la doctrina social de la Iglesia. Trabajamos para acercar la verdad y los valores cristianos a cada rinc\u00f3n del planeta. \u00a1Ay\u00fadanos a transformar el mundo con Exaudi! En Exaudi creemos que la evangelizaci\u00f3n y la informaci\u00f3n de calidad pueden cambiar vidas. Para continuar con nuestra misi\u00f3n y expandir nuestro alcance, necesitamos tu ayuda. Adem\u00e1s, buscamos personas comprometidas que deseen unirse a nuestro equipo. Con tu apoyo, lograremos llegar a m\u00e1s personas, difundir el mensaje de Cristo y reforzar la unidad de los cristianos. \u00bfTe unes a nuestra misi\u00f3n? Para m\u00e1s informaci\u00f3n sobre c\u00f3mo colaborar, visita Exaudi.org\\\/es o cont\u00e1ctanos directamente: info@exaudi.org Exaudi: Informa, forma y transforma.\",\"sameAs\":[\"https:\\\/\\\/www.facebook.com\\\/ExaudiNoticias\\\/\",\"https:\\\/\\\/www.instagram.com\\\/exaudi_noticias\\\/\",\"https:\\\/\\\/x.com\\\/Exaudi_noticias\",\"https:\\\/\\\/www.youtube.com\\\/@exaudicatholicnews\"],\"url\":\"https:\\\/\\\/exaudi.org\\\/es\\\/author\\\/redaccionexaudi\\\/\"}]}<\/script>\n<!-- \/ Yoast SEO plugin. -->","yoast_head_json":{"title":"\u201c\u00a1Dios no sabe perdonar sin hacer fiesta!\u201d &#8211; Exaudi","robots":{"index":"index","follow":"follow","max-snippet":"max-snippet:-1","max-image-preview":"max-image-preview:large","max-video-preview":"max-video-preview:-1"},"canonical":"https:\/\/exaudi.org\/es\/dios-no-sabe-perdonar-sin-hacer-fiesta\/","og_locale":"es_ES","og_type":"article","og_title":"\u201c\u00a1Dios no sabe perdonar sin hacer fiesta!\u201d &#8211; Exaudi","og_description":"Palabras del Santo Padre antes de la oraci\u00f3n mariana","og_url":"https:\/\/exaudi.org\/es\/dios-no-sabe-perdonar-sin-hacer-fiesta\/","og_site_name":"Exaudi","article_publisher":"https:\/\/www.facebook.com\/ExaudiNews","article_author":"https:\/\/www.facebook.com\/ExaudiNoticias\/","article_published_time":"2022-03-27T13:14:24+00:00","article_modified_time":"2022-03-27T14:08:17+00:00","og_image":[{"width":2560,"height":1707,"url":"https:\/\/exaudi.org\/wp-content\/uploads\/2022\/03\/Angelus-27-marzo-2022-scaled.jpg","type":"image\/jpeg"}],"author":"Exaudi Redacci\u00f3n","twitter_card":"summary_large_image","twitter_creator":"@Exaudi_noticias","twitter_site":"@Exaudi_News","twitter_misc":{"Escrito por":"Exaudi Redacci\u00f3n","Tiempo de lectura":"6 minutos"},"schema":{"@context":"https:\/\/schema.org","@graph":[{"@type":"Article","@id":"https:\/\/exaudi.org\/es\/dios-no-sabe-perdonar-sin-hacer-fiesta\/#article","isPartOf":{"@id":"https:\/\/exaudi.org\/es\/dios-no-sabe-perdonar-sin-hacer-fiesta\/"},"author":{"name":"Exaudi Redacci\u00f3n","@id":"https:\/\/exaudi.org\/#\/schema\/person\/f5fc8f063065e38742da7afe15f25df7"},"headline":"\u201c\u00a1Dios no sabe perdonar sin hacer fiesta!\u201d","datePublished":"2022-03-27T13:14:24+00:00","dateModified":"2022-03-27T14:08:17+00:00","mainEntityOfPage":{"@id":"https:\/\/exaudi.org\/es\/dios-no-sabe-perdonar-sin-hacer-fiesta\/"},"wordCount":1184,"image":{"@id":"https:\/\/exaudi.org\/es\/dios-no-sabe-perdonar-sin-hacer-fiesta\/#primaryimage"},"thumbnailUrl":"https:\/\/exaudi.org\/wp-content\/uploads\/2022\/03\/Angelus-27-marzo-2022-scaled.jpg","keywords":["\u00c1ngelus 27 marzo 2022","Featured"],"articleSection":["\u00c1ngelus","Featured News"],"inLanguage":"es"},{"@type":"WebPage","@id":"https:\/\/exaudi.org\/es\/dios-no-sabe-perdonar-sin-hacer-fiesta\/","url":"https:\/\/exaudi.org\/es\/dios-no-sabe-perdonar-sin-hacer-fiesta\/","name":"\u201c\u00a1Dios no sabe perdonar sin hacer fiesta!\u201d &#8211; Exaudi","isPartOf":{"@id":"https:\/\/exaudi.org\/#website"},"primaryImageOfPage":{"@id":"https:\/\/exaudi.org\/es\/dios-no-sabe-perdonar-sin-hacer-fiesta\/#primaryimage"},"image":{"@id":"https:\/\/exaudi.org\/es\/dios-no-sabe-perdonar-sin-hacer-fiesta\/#primaryimage"},"thumbnailUrl":"https:\/\/exaudi.org\/wp-content\/uploads\/2022\/03\/Angelus-27-marzo-2022-scaled.jpg","datePublished":"2022-03-27T13:14:24+00:00","dateModified":"2022-03-27T14:08:17+00:00","author":{"@id":"https:\/\/exaudi.org\/#\/schema\/person\/f5fc8f063065e38742da7afe15f25df7"},"breadcrumb":{"@id":"https:\/\/exaudi.org\/es\/dios-no-sabe-perdonar-sin-hacer-fiesta\/#breadcrumb"},"inLanguage":"es","potentialAction":[{"@type":"ReadAction","target":["https:\/\/exaudi.org\/es\/dios-no-sabe-perdonar-sin-hacer-fiesta\/"]}]},{"@type":"ImageObject","inLanguage":"es","@id":"https:\/\/exaudi.org\/es\/dios-no-sabe-perdonar-sin-hacer-fiesta\/#primaryimage","url":"https:\/\/exaudi.org\/wp-content\/uploads\/2022\/03\/Angelus-27-marzo-2022-scaled.jpg","contentUrl":"https:\/\/exaudi.org\/wp-content\/uploads\/2022\/03\/Angelus-27-marzo-2022-scaled.jpg","width":2560,"height":1707,"caption":"\u00c1ngelus 27 marzo 2022 \u00a9 Vatican Media"},{"@type":"BreadcrumbList","@id":"https:\/\/exaudi.org\/es\/dios-no-sabe-perdonar-sin-hacer-fiesta\/#breadcrumb","itemListElement":[{"@type":"ListItem","position":1,"name":"Portada","item":"https:\/\/exaudi.org\/es\/"},{"@type":"ListItem","position":2,"name":"\u201c\u00a1Dios no sabe perdonar sin hacer fiesta!\u201d"}]},{"@type":"WebSite","@id":"https:\/\/exaudi.org\/#website","url":"https:\/\/exaudi.org\/","name":"Exaudi","description":"News","potentialAction":[{"@type":"SearchAction","target":{"@type":"EntryPoint","urlTemplate":"https:\/\/exaudi.org\/?s={search_term_string}"},"query-input":{"@type":"PropertyValueSpecification","valueRequired":true,"valueName":"search_term_string"}}],"inLanguage":"es"},{"@type":"Person","@id":"https:\/\/exaudi.org\/#\/schema\/person\/f5fc8f063065e38742da7afe15f25df7","name":"Exaudi Redacci\u00f3n","image":{"@type":"ImageObject","inLanguage":"es","@id":"https:\/\/secure.gravatar.com\/avatar\/fe0f6a059fb68d9b3e11bc5850dd4899b1c7492091a3cb6dd9b01b56ad828be2?s=96&d=mm&r=g","url":"https:\/\/secure.gravatar.com\/avatar\/fe0f6a059fb68d9b3e11bc5850dd4899b1c7492091a3cb6dd9b01b56ad828be2?s=96&d=mm&r=g","contentUrl":"https:\/\/secure.gravatar.com\/avatar\/fe0f6a059fb68d9b3e11bc5850dd4899b1c7492091a3cb6dd9b01b56ad828be2?s=96&d=mm&r=g","caption":"Exaudi Redacci\u00f3n"},"description":"\u00bfQu\u00e9 es Exaudi News? Exaudi News es un medio de comunicaci\u00f3n cat\u00f3lico internacional que informa, forma y transforma, diariamente en espa\u00f1ol, ingl\u00e9s e italiano. A trav\u00e9s de noticias, art\u00edculos de an\u00e1lisis y transmisiones en directo de los eventos del Papa, Exaudi busca fortalecer la unidad de los cristianos y contribuir a la evangelizaci\u00f3n del mundo, siempre guiados por la doctrina social de la Iglesia. Trabajamos para acercar la verdad y los valores cristianos a cada rinc\u00f3n del planeta. \u00a1Ay\u00fadanos a transformar el mundo con Exaudi! En Exaudi creemos que la evangelizaci\u00f3n y la informaci\u00f3n de calidad pueden cambiar vidas. Para continuar con nuestra misi\u00f3n y expandir nuestro alcance, necesitamos tu ayuda. Adem\u00e1s, buscamos personas comprometidas que deseen unirse a nuestro equipo. Con tu apoyo, lograremos llegar a m\u00e1s personas, difundir el mensaje de Cristo y reforzar la unidad de los cristianos. \u00bfTe unes a nuestra misi\u00f3n? Para m\u00e1s informaci\u00f3n sobre c\u00f3mo colaborar, visita Exaudi.org\/es o cont\u00e1ctanos directamente: info@exaudi.org Exaudi: Informa, forma y transforma.","sameAs":["https:\/\/www.facebook.com\/ExaudiNoticias\/","https:\/\/www.instagram.com\/exaudi_noticias\/","https:\/\/x.com\/Exaudi_noticias","https:\/\/www.youtube.com\/@exaudicatholicnews"],"url":"https:\/\/exaudi.org\/es\/author\/redaccionexaudi\/"}]}},"jetpack_featured_media_url":"https:\/\/exaudi.org\/wp-content\/uploads\/2022\/03\/Angelus-27-marzo-2022-scaled.jpg","jetpack_shortlink":"https:\/\/wp.me\/pgKjF2-emk","_links":{"self":[{"href":"https:\/\/exaudi.org\/es\/wp-json\/wp\/v2\/posts\/55200","targetHints":{"allow":["GET"]}}],"collection":[{"href":"https:\/\/exaudi.org\/es\/wp-json\/wp\/v2\/posts"}],"about":[{"href":"https:\/\/exaudi.org\/es\/wp-json\/wp\/v2\/types\/post"}],"author":[{"embeddable":true,"href":"https:\/\/exaudi.org\/es\/wp-json\/wp\/v2\/users\/15"}],"replies":[{"embeddable":true,"href":"https:\/\/exaudi.org\/es\/wp-json\/wp\/v2\/comments?post=55200"}],"version-history":[{"count":0,"href":"https:\/\/exaudi.org\/es\/wp-json\/wp\/v2\/posts\/55200\/revisions"}],"wp:featuredmedia":[{"embeddable":true,"href":"https:\/\/exaudi.org\/es\/wp-json\/wp\/v2\/media\/55201"}],"wp:attachment":[{"href":"https:\/\/exaudi.org\/es\/wp-json\/wp\/v2\/media?parent=55200"}],"wp:term":[{"taxonomy":"category","embeddable":true,"href":"https:\/\/exaudi.org\/es\/wp-json\/wp\/v2\/categories?post=55200"},{"taxonomy":"post_tag","embeddable":true,"href":"https:\/\/exaudi.org\/es\/wp-json\/wp\/v2\/tags?post=55200"}],"curies":[{"name":"wp","href":"https:\/\/api.w.org\/{rel}","templated":true}]}}