{"id":54961,"date":"2022-03-24T12:23:11","date_gmt":"2022-03-24T11:23:11","guid":{"rendered":"https:\/\/exaudi.org\/?p=54961"},"modified":"2022-03-25T10:36:47","modified_gmt":"2022-03-25T09:36:47","slug":"guerra-ucrania-tristeza-cara-mujeres-ninas","status":"publish","type":"post","link":"https:\/\/exaudi.org\/es\/guerra-ucrania-tristeza-cara-mujeres-ninas\/","title":{"rendered":"Guerra en Ucrania: \u201cLo peor, la tristeza en la cara de las mujeres y ni\u00f1as\u201d"},"content":{"rendered":"<p><a href=\"https:\/\/exaudi.org\/es\/el-papa-pide-paz-en-ucrania-en-una-guerra-todo-es-derrota\/\" target=\"_blank\" rel=\"noopener\">Guerra en Ucrania<\/a>: \u201cLo peor, la tristeza en la cara de las mujeres y ni\u00f1as\u201d: Los <a href=\"https:\/\/realestercios.es\/\" target=\"_blank\" rel=\"noopener\">Reales Tercios de Espa\u00f1a<\/a> comparte el testimonio del coronel Julio Laguna Segurola, que ha viajado a la frontera de Polonia con Ucrania con su amigo Gonzalo de Silva Aguilar.<\/p>\n<p>****<\/p>\n<p><img loading=\"lazy\" decoding=\"async\" class=\"alignleft wp-image-54986 size-medium\" src=\"https:\/\/exaudi.org\/wp-content\/uploads\/2022\/03\/WhatsApp-Image-2022-03-24-at-12.55.49-PM-300x225.jpeg\" alt=\"\" width=\"300\" height=\"225\" srcset=\"https:\/\/exaudi.org\/wp-content\/uploads\/2022\/03\/WhatsApp-Image-2022-03-24-at-12.55.49-PM-300x225.jpeg 300w, https:\/\/exaudi.org\/wp-content\/uploads\/2022\/03\/WhatsApp-Image-2022-03-24-at-12.55.49-PM-1024x768.jpeg 1024w, https:\/\/exaudi.org\/wp-content\/uploads\/2022\/03\/WhatsApp-Image-2022-03-24-at-12.55.49-PM-770x578.jpeg 770w, https:\/\/exaudi.org\/wp-content\/uploads\/2022\/03\/WhatsApp-Image-2022-03-24-at-12.55.49-PM-1536x1152.jpeg 1536w, https:\/\/exaudi.org\/wp-content\/uploads\/2022\/03\/WhatsApp-Image-2022-03-24-at-12.55.49-PM-500x375.jpeg 500w, https:\/\/exaudi.org\/wp-content\/uploads\/2022\/03\/WhatsApp-Image-2022-03-24-at-12.55.49-PM-293x220.jpeg 293w, https:\/\/exaudi.org\/wp-content\/uploads\/2022\/03\/WhatsApp-Image-2022-03-24-at-12.55.49-PM-1400x1050.jpeg 1400w, https:\/\/exaudi.org\/wp-content\/uploads\/2022\/03\/WhatsApp-Image-2022-03-24-at-12.55.49-PM-390x293.jpeg 390w, https:\/\/exaudi.org\/wp-content\/uploads\/2022\/03\/WhatsApp-Image-2022-03-24-at-12.55.49-PM.jpeg 2016w\" sizes=\"auto, (max-width: 300px) 100vw, 300px\" \/><\/p>\n<p>Cada d\u00eda que pasa aumenta la preocupaci\u00f3n de Europa por el futuro de Ucrania, con esperanza de que el conflicto acabe pronto o al menos se declare un alto el fuego y cesen las hostilidades. Nuestro compa\u00f1ero, el coronel D. Julio Laguna Segurola, miembro del Tercio Centro, nos trasmite en un breve resumen su percepci\u00f3n sobre su visita de ayuda humanitaria a la frontera que m\u00e1s refugiados est\u00e1 acogiendo.<\/p>\n<p><img loading=\"lazy\" decoding=\"async\" class=\"size-medium wp-image-54977 alignright\" src=\"https:\/\/exaudi.org\/wp-content\/uploads\/2022\/03\/WhatsApp-Image-2022-03-24-at-12.54.06-PM-1-225x300.jpeg\" alt=\"\" width=\"225\" height=\"300\" srcset=\"https:\/\/exaudi.org\/wp-content\/uploads\/2022\/03\/WhatsApp-Image-2022-03-24-at-12.54.06-PM-1-225x300.jpeg 225w, https:\/\/exaudi.org\/wp-content\/uploads\/2022\/03\/WhatsApp-Image-2022-03-24-at-12.54.06-PM-1-768x1024.jpeg 768w, https:\/\/exaudi.org\/wp-content\/uploads\/2022\/03\/WhatsApp-Image-2022-03-24-at-12.54.06-PM-1-770x1027.jpeg 770w, https:\/\/exaudi.org\/wp-content\/uploads\/2022\/03\/WhatsApp-Image-2022-03-24-at-12.54.06-PM-1-1152x1536.jpeg 1152w, https:\/\/exaudi.org\/wp-content\/uploads\/2022\/03\/WhatsApp-Image-2022-03-24-at-12.54.06-PM-1-500x667.jpeg 500w, https:\/\/exaudi.org\/wp-content\/uploads\/2022\/03\/WhatsApp-Image-2022-03-24-at-12.54.06-PM-1-293x391.jpeg 293w, https:\/\/exaudi.org\/wp-content\/uploads\/2022\/03\/WhatsApp-Image-2022-03-24-at-12.54.06-PM-1-1400x1867.jpeg 1400w, https:\/\/exaudi.org\/wp-content\/uploads\/2022\/03\/WhatsApp-Image-2022-03-24-at-12.54.06-PM-1-390x520.jpeg 390w, https:\/\/exaudi.org\/wp-content\/uploads\/2022\/03\/WhatsApp-Image-2022-03-24-at-12.54.06-PM-1.jpeg 1512w\" sizes=\"auto, (max-width: 225px) 100vw, 225px\" \/>Al recibir los datos, que nuestro compa\u00f1ero nos env\u00eda, para poder redactar este breve art\u00edculo, percibimos toda la emoci\u00f3n contenida del momento vivido en la frontera, y lo que m\u00e1s nos impresiona ha sido su comentario: \u201cVisita al paso fronterizo de Medyka&#8230;lo peor, la tristeza en la cara de las mujeres y ni\u00f1as ucranianas\u2026..\u00a1 brutal, que dolor !\u201d.<\/p>\n<p>El coronel Laguna ha viajado con su amigo Gonzalo de Silva Aguilar, ambos miembros de la Hermandad de Veteranos de las Fuerzas Armadas y de la Guardia Civil, los cuales se presentaron voluntarios ante la llamada de un p\u00e1rroco, que necesitaba \u201c<em>drivers<\/em>\u201d para el convoy.<\/p>\n<h2><strong>Mensaje del Coronel Laguna Segurola desde Polonia<\/strong><\/h2>\n<p><img loading=\"lazy\" decoding=\"async\" class=\"size-medium wp-image-54971 alignleft\" src=\"https:\/\/exaudi.org\/wp-content\/uploads\/2022\/03\/WhatsApp-Image-2022-03-24-at-12.54.07-PM-1-300x169.jpeg\" alt=\"\" width=\"300\" height=\"169\" srcset=\"https:\/\/exaudi.org\/wp-content\/uploads\/2022\/03\/WhatsApp-Image-2022-03-24-at-12.54.07-PM-1-300x169.jpeg 300w, https:\/\/exaudi.org\/wp-content\/uploads\/2022\/03\/WhatsApp-Image-2022-03-24-at-12.54.07-PM-1-1024x576.jpeg 1024w, https:\/\/exaudi.org\/wp-content\/uploads\/2022\/03\/WhatsApp-Image-2022-03-24-at-12.54.07-PM-1-770x433.jpeg 770w, https:\/\/exaudi.org\/wp-content\/uploads\/2022\/03\/WhatsApp-Image-2022-03-24-at-12.54.07-PM-1-1536x864.jpeg 1536w, https:\/\/exaudi.org\/wp-content\/uploads\/2022\/03\/WhatsApp-Image-2022-03-24-at-12.54.07-PM-1-500x281.jpeg 500w, https:\/\/exaudi.org\/wp-content\/uploads\/2022\/03\/WhatsApp-Image-2022-03-24-at-12.54.07-PM-1-293x165.jpeg 293w, https:\/\/exaudi.org\/wp-content\/uploads\/2022\/03\/WhatsApp-Image-2022-03-24-at-12.54.07-PM-1-1400x787.jpeg 1400w, https:\/\/exaudi.org\/wp-content\/uploads\/2022\/03\/WhatsApp-Image-2022-03-24-at-12.54.07-PM-1-390x219.jpeg 390w, https:\/\/exaudi.org\/wp-content\/uploads\/2022\/03\/WhatsApp-Image-2022-03-24-at-12.54.07-PM-1.jpeg 1599w\" sizes=\"auto, (max-width: 300px) 100vw, 300px\" \/>\u201cHemos venido un grupo de amigos en coches particulares, capitaneados por el padre Miguel. El nuestro en concreto, subvencionado y patrocinado por la Orden Soberana y Militar del Temple de Jerusal\u00e9n, a la cual pertenezco, y que ha corrido con todos los gastos del viaje, tanto de ida como de vuelta, con el combustible, peajes, comida, hoteles, etc. para el piloto, copiloto y las 5 personas ucranianas que llevaremos a Espa\u00f1a, a la parroquia de San Jos\u00e9 Rubio del Ca\u00f1averal, en Madrid. Entre todos, esperamos llevar unas 70 personas.<\/p>\n<p><img loading=\"lazy\" decoding=\"async\" class=\"size-medium wp-image-54989 alignright\" src=\"https:\/\/exaudi.org\/wp-content\/uploads\/2022\/03\/WhatsApp-Image-2022-03-24-at-12.54.07-PM-2-225x300.jpeg\" alt=\"\" width=\"225\" height=\"300\" srcset=\"https:\/\/exaudi.org\/wp-content\/uploads\/2022\/03\/WhatsApp-Image-2022-03-24-at-12.54.07-PM-2-225x300.jpeg 225w, https:\/\/exaudi.org\/wp-content\/uploads\/2022\/03\/WhatsApp-Image-2022-03-24-at-12.54.07-PM-2-768x1024.jpeg 768w, https:\/\/exaudi.org\/wp-content\/uploads\/2022\/03\/WhatsApp-Image-2022-03-24-at-12.54.07-PM-2-770x1027.jpeg 770w, https:\/\/exaudi.org\/wp-content\/uploads\/2022\/03\/WhatsApp-Image-2022-03-24-at-12.54.07-PM-2-1152x1536.jpeg 1152w, https:\/\/exaudi.org\/wp-content\/uploads\/2022\/03\/WhatsApp-Image-2022-03-24-at-12.54.07-PM-2-500x667.jpeg 500w, https:\/\/exaudi.org\/wp-content\/uploads\/2022\/03\/WhatsApp-Image-2022-03-24-at-12.54.07-PM-2-293x391.jpeg 293w, https:\/\/exaudi.org\/wp-content\/uploads\/2022\/03\/WhatsApp-Image-2022-03-24-at-12.54.07-PM-2-1400x1867.jpeg 1400w, https:\/\/exaudi.org\/wp-content\/uploads\/2022\/03\/WhatsApp-Image-2022-03-24-at-12.54.07-PM-2-390x520.jpeg 390w, https:\/\/exaudi.org\/wp-content\/uploads\/2022\/03\/WhatsApp-Image-2022-03-24-at-12.54.07-PM-2.jpeg 1512w\" sizes=\"auto, (max-width: 225px) 100vw, 225px\" \/>Salimos el domingo a las 14,00 hrs de la tarde, con los coches llenos de medicamentos, comida y ropa para los refugiados que se encuentran en los centros de acogida polacos, y tras 30 horas conduciendo sin parar, solo para repostar, caf\u00e9, etc., llegamos agotados a Medyka, en la frontera de Polonia con Ucrania. Depositaremos nuestro cargamento en un centro log\u00edstico preparado para tal fin y nos dispondremos a registrarnos como <em>drivers<\/em>, a la espera que nos adjudiquen a las familias que llevaremos a Espa\u00f1a. Confiamos estar de nuevo en Madrid este pr\u00f3ximo viernes sobre las 17,00 hrs, tras haber aportado nuestro humilde granito de arena para ayudar a todos aquellos que se han visto afectados de una manera inhumana y cruel\u201d.<\/p>\n<p><em>\u00a0<\/em>Desde estas l\u00edneas agradecemos profundamente la generosidad de la Orden Soberana y Militar del Temple de Jerusal\u00e9n por cubrir los gastos de este viaje, y al coronel Laguna y sus amigos, su esfuerzo en este largo periplo y haber representado con valor, honor y humanidad a nuestros queridos Reales Tercios de Espa\u00f1a. Les deseamos una feliz vuelta a casa, junto con los ucranianos a los que han transmitido sentimientos de solidaridad que, sin duda alguna, les reconfortar\u00e1 en estos dif\u00edciles y tr\u00e1gicos momentos.<\/p>\n","protected":false},"excerpt":{"rendered":"<p>Testimonio del coronel Laguna desde la frontera de Polonia con Ucrania<\/p>\n","protected":false},"author":99,"featured_media":54974,"comment_status":"closed","ping_status":"closed","sticky":false,"template":"","format":"standard","meta":{"_acf_changed":false,"_crdt_document":"","inline_featured_image":false,"footnotes":""},"categories":[98],"tags":[6166,2425,726,4953,1235],"class_list":["post-54961","post","type-post","status-publish","format-standard","has-post-thumbnail","hentry","category-testimonios","tag-orden-de-los-reales-tercios-de-espana","tag-polonia-es","tag-solidaridad","tag-trending-es","tag-ucrania"],"acf":[],"yoast_head":"<!-- This site is optimized with the Yoast SEO plugin v27.5 - https:\/\/yoast.com\/product\/yoast-seo-wordpress\/ -->\n<title>Guerra en Ucrania: \u201cLo peor, la tristeza en la cara de las mujeres y ni\u00f1as\u201d &#8211; Exaudi<\/title>\n<meta name=\"description\" content=\"Guerra en Ucrania: \u201cLo peor, la tristeza en la cara de las mujeres y ni\u00f1as\u201d. Testimonio del coronel Laguna desde la frontera de Polonia\" \/>\n<meta name=\"robots\" content=\"index, follow, max-snippet:-1, max-image-preview:large, max-video-preview:-1\" \/>\n<link rel=\"canonical\" href=\"https:\/\/exaudi.org\/es\/guerra-ucrania-tristeza-cara-mujeres-ninas\/\" \/>\n<meta property=\"og:locale\" content=\"es_ES\" \/>\n<meta property=\"og:type\" content=\"article\" \/>\n<meta property=\"og:title\" content=\"Guerra en Ucrania: \u201cLo peor, la tristeza en la cara de las mujeres y ni\u00f1as\u201d &#8211; Exaudi\" \/>\n<meta property=\"og:description\" content=\"Guerra en Ucrania: \u201cLo peor, la tristeza en la cara de las mujeres y ni\u00f1as\u201d. Testimonio del coronel Laguna desde la frontera de Polonia\" \/>\n<meta property=\"og:url\" content=\"https:\/\/exaudi.org\/es\/guerra-ucrania-tristeza-cara-mujeres-ninas\/\" \/>\n<meta property=\"og:site_name\" content=\"Exaudi\" \/>\n<meta property=\"article:publisher\" content=\"https:\/\/www.facebook.com\/ExaudiNews\" \/>\n<meta property=\"article:published_time\" content=\"2022-03-24T11:23:11+00:00\" \/>\n<meta property=\"article:modified_time\" content=\"2022-03-25T09:36:47+00:00\" \/>\n<meta property=\"og:image\" content=\"https:\/\/exaudi.org\/wp-content\/uploads\/2022\/03\/WhatsApp-Image-2022-03-24-at-12.54.07-PM.jpeg\" \/>\n\t<meta property=\"og:image:width\" content=\"1536\" \/>\n\t<meta property=\"og:image:height\" content=\"2048\" \/>\n\t<meta property=\"og:image:type\" content=\"image\/jpeg\" \/>\n<meta name=\"author\" content=\"Julio Laguna\" \/>\n<meta name=\"twitter:card\" content=\"summary_large_image\" \/>\n<meta name=\"twitter:creator\" content=\"@Exaudi_News\" \/>\n<meta name=\"twitter:site\" content=\"@Exaudi_News\" \/>\n<meta name=\"twitter:label1\" content=\"Escrito por\" \/>\n\t<meta name=\"twitter:data1\" content=\"Julio Laguna\" \/>\n\t<meta name=\"twitter:label2\" content=\"Tiempo de lectura\" \/>\n\t<meta name=\"twitter:data2\" content=\"3 minutos\" \/>\n<script type=\"application\/ld+json\" class=\"yoast-schema-graph\">{\"@context\":\"https:\\\/\\\/schema.org\",\"@graph\":[{\"@type\":\"Article\",\"@id\":\"https:\\\/\\\/exaudi.org\\\/es\\\/guerra-ucrania-tristeza-cara-mujeres-ninas\\\/#article\",\"isPartOf\":{\"@id\":\"https:\\\/\\\/exaudi.org\\\/es\\\/guerra-ucrania-tristeza-cara-mujeres-ninas\\\/\"},\"author\":{\"name\":\"Julio Laguna\",\"@id\":\"https:\\\/\\\/exaudi.org\\\/#\\\/schema\\\/person\\\/ab23c3adb4b5b652826293a4954114e8\"},\"headline\":\"Guerra en Ucrania: \u201cLo peor, la tristeza en la cara de las mujeres y ni\u00f1as\u201d\",\"datePublished\":\"2022-03-24T11:23:11+00:00\",\"dateModified\":\"2022-03-25T09:36:47+00:00\",\"mainEntityOfPage\":{\"@id\":\"https:\\\/\\\/exaudi.org\\\/es\\\/guerra-ucrania-tristeza-cara-mujeres-ninas\\\/\"},\"wordCount\":554,\"image\":{\"@id\":\"https:\\\/\\\/exaudi.org\\\/es\\\/guerra-ucrania-tristeza-cara-mujeres-ninas\\\/#primaryimage\"},\"thumbnailUrl\":\"https:\\\/\\\/exaudi.org\\\/wp-content\\\/uploads\\\/2022\\\/03\\\/WhatsApp-Image-2022-03-24-at-12.54.07-PM.jpeg\",\"keywords\":[\"Orden de los Reales Tercios de Espa\u00f1a\",\"Polonia\",\"solidaridad\",\"Trending\",\"Ucrania\"],\"articleSection\":[\"Testimonios\"],\"inLanguage\":\"es\"},{\"@type\":\"WebPage\",\"@id\":\"https:\\\/\\\/exaudi.org\\\/es\\\/guerra-ucrania-tristeza-cara-mujeres-ninas\\\/\",\"url\":\"https:\\\/\\\/exaudi.org\\\/es\\\/guerra-ucrania-tristeza-cara-mujeres-ninas\\\/\",\"name\":\"Guerra en Ucrania: \u201cLo peor, la tristeza en la cara de las mujeres y ni\u00f1as\u201d &#8211; Exaudi\",\"isPartOf\":{\"@id\":\"https:\\\/\\\/exaudi.org\\\/#website\"},\"primaryImageOfPage\":{\"@id\":\"https:\\\/\\\/exaudi.org\\\/es\\\/guerra-ucrania-tristeza-cara-mujeres-ninas\\\/#primaryimage\"},\"image\":{\"@id\":\"https:\\\/\\\/exaudi.org\\\/es\\\/guerra-ucrania-tristeza-cara-mujeres-ninas\\\/#primaryimage\"},\"thumbnailUrl\":\"https:\\\/\\\/exaudi.org\\\/wp-content\\\/uploads\\\/2022\\\/03\\\/WhatsApp-Image-2022-03-24-at-12.54.07-PM.jpeg\",\"datePublished\":\"2022-03-24T11:23:11+00:00\",\"dateModified\":\"2022-03-25T09:36:47+00:00\",\"author\":{\"@id\":\"https:\\\/\\\/exaudi.org\\\/#\\\/schema\\\/person\\\/ab23c3adb4b5b652826293a4954114e8\"},\"description\":\"Guerra en Ucrania: \u201cLo peor, la tristeza en la cara de las mujeres y ni\u00f1as\u201d. Testimonio del coronel Laguna desde la frontera de Polonia\",\"breadcrumb\":{\"@id\":\"https:\\\/\\\/exaudi.org\\\/es\\\/guerra-ucrania-tristeza-cara-mujeres-ninas\\\/#breadcrumb\"},\"inLanguage\":\"es\",\"potentialAction\":[{\"@type\":\"ReadAction\",\"target\":[\"https:\\\/\\\/exaudi.org\\\/es\\\/guerra-ucrania-tristeza-cara-mujeres-ninas\\\/\"]}]},{\"@type\":\"ImageObject\",\"inLanguage\":\"es\",\"@id\":\"https:\\\/\\\/exaudi.org\\\/es\\\/guerra-ucrania-tristeza-cara-mujeres-ninas\\\/#primaryimage\",\"url\":\"https:\\\/\\\/exaudi.org\\\/wp-content\\\/uploads\\\/2022\\\/03\\\/WhatsApp-Image-2022-03-24-at-12.54.07-PM.jpeg\",\"contentUrl\":\"https:\\\/\\\/exaudi.org\\\/wp-content\\\/uploads\\\/2022\\\/03\\\/WhatsApp-Image-2022-03-24-at-12.54.07-PM.jpeg\",\"width\":1536,\"height\":2048,\"caption\":\"Refugiados de Ucrania en Polonia \u00a9 Reales Tercios de Espa\u00f1a\"},{\"@type\":\"BreadcrumbList\",\"@id\":\"https:\\\/\\\/exaudi.org\\\/es\\\/guerra-ucrania-tristeza-cara-mujeres-ninas\\\/#breadcrumb\",\"itemListElement\":[{\"@type\":\"ListItem\",\"position\":1,\"name\":\"Portada\",\"item\":\"https:\\\/\\\/exaudi.org\\\/es\\\/\"},{\"@type\":\"ListItem\",\"position\":2,\"name\":\"Guerra en Ucrania: \u201cLo peor, la tristeza en la cara de las mujeres y ni\u00f1as\u201d\"}]},{\"@type\":\"WebSite\",\"@id\":\"https:\\\/\\\/exaudi.org\\\/#website\",\"url\":\"https:\\\/\\\/exaudi.org\\\/\",\"name\":\"Exaudi\",\"description\":\"News\",\"potentialAction\":[{\"@type\":\"SearchAction\",\"target\":{\"@type\":\"EntryPoint\",\"urlTemplate\":\"https:\\\/\\\/exaudi.org\\\/?s={search_term_string}\"},\"query-input\":{\"@type\":\"PropertyValueSpecification\",\"valueRequired\":true,\"valueName\":\"search_term_string\"}}],\"inLanguage\":\"es\"},{\"@type\":\"Person\",\"@id\":\"https:\\\/\\\/exaudi.org\\\/#\\\/schema\\\/person\\\/ab23c3adb4b5b652826293a4954114e8\",\"name\":\"Julio Laguna\",\"image\":{\"@type\":\"ImageObject\",\"inLanguage\":\"es\",\"@id\":\"https:\\\/\\\/secure.gravatar.com\\\/avatar\\\/f23607b839be889eb9750df510a80dedd7636d47083807b40f0329056660a16f?s=96&d=mm&r=g\",\"url\":\"https:\\\/\\\/secure.gravatar.com\\\/avatar\\\/f23607b839be889eb9750df510a80dedd7636d47083807b40f0329056660a16f?s=96&d=mm&r=g\",\"contentUrl\":\"https:\\\/\\\/secure.gravatar.com\\\/avatar\\\/f23607b839be889eb9750df510a80dedd7636d47083807b40f0329056660a16f?s=96&d=mm&r=g\",\"caption\":\"Julio Laguna\"},\"url\":\"https:\\\/\\\/exaudi.org\\\/es\\\/author\\\/juliolaguna\\\/\"}]}<\/script>\n<!-- \/ Yoast SEO plugin. -->","yoast_head_json":{"title":"Guerra en Ucrania: \u201cLo peor, la tristeza en la cara de las mujeres y ni\u00f1as\u201d &#8211; Exaudi","description":"Guerra en Ucrania: \u201cLo peor, la tristeza en la cara de las mujeres y ni\u00f1as\u201d. Testimonio del coronel Laguna desde la frontera de Polonia","robots":{"index":"index","follow":"follow","max-snippet":"max-snippet:-1","max-image-preview":"max-image-preview:large","max-video-preview":"max-video-preview:-1"},"canonical":"https:\/\/exaudi.org\/es\/guerra-ucrania-tristeza-cara-mujeres-ninas\/","og_locale":"es_ES","og_type":"article","og_title":"Guerra en Ucrania: \u201cLo peor, la tristeza en la cara de las mujeres y ni\u00f1as\u201d &#8211; Exaudi","og_description":"Guerra en Ucrania: \u201cLo peor, la tristeza en la cara de las mujeres y ni\u00f1as\u201d. Testimonio del coronel Laguna desde la frontera de Polonia","og_url":"https:\/\/exaudi.org\/es\/guerra-ucrania-tristeza-cara-mujeres-ninas\/","og_site_name":"Exaudi","article_publisher":"https:\/\/www.facebook.com\/ExaudiNews","article_published_time":"2022-03-24T11:23:11+00:00","article_modified_time":"2022-03-25T09:36:47+00:00","og_image":[{"width":1536,"height":2048,"url":"https:\/\/exaudi.org\/wp-content\/uploads\/2022\/03\/WhatsApp-Image-2022-03-24-at-12.54.07-PM.jpeg","type":"image\/jpeg"}],"author":"Julio Laguna","twitter_card":"summary_large_image","twitter_creator":"@Exaudi_News","twitter_site":"@Exaudi_News","twitter_misc":{"Escrito por":"Julio Laguna","Tiempo de lectura":"3 minutos"},"schema":{"@context":"https:\/\/schema.org","@graph":[{"@type":"Article","@id":"https:\/\/exaudi.org\/es\/guerra-ucrania-tristeza-cara-mujeres-ninas\/#article","isPartOf":{"@id":"https:\/\/exaudi.org\/es\/guerra-ucrania-tristeza-cara-mujeres-ninas\/"},"author":{"name":"Julio Laguna","@id":"https:\/\/exaudi.org\/#\/schema\/person\/ab23c3adb4b5b652826293a4954114e8"},"headline":"Guerra en Ucrania: \u201cLo peor, la tristeza en la cara de las mujeres y ni\u00f1as\u201d","datePublished":"2022-03-24T11:23:11+00:00","dateModified":"2022-03-25T09:36:47+00:00","mainEntityOfPage":{"@id":"https:\/\/exaudi.org\/es\/guerra-ucrania-tristeza-cara-mujeres-ninas\/"},"wordCount":554,"image":{"@id":"https:\/\/exaudi.org\/es\/guerra-ucrania-tristeza-cara-mujeres-ninas\/#primaryimage"},"thumbnailUrl":"https:\/\/exaudi.org\/wp-content\/uploads\/2022\/03\/WhatsApp-Image-2022-03-24-at-12.54.07-PM.jpeg","keywords":["Orden de los Reales Tercios de Espa\u00f1a","Polonia","solidaridad","Trending","Ucrania"],"articleSection":["Testimonios"],"inLanguage":"es"},{"@type":"WebPage","@id":"https:\/\/exaudi.org\/es\/guerra-ucrania-tristeza-cara-mujeres-ninas\/","url":"https:\/\/exaudi.org\/es\/guerra-ucrania-tristeza-cara-mujeres-ninas\/","name":"Guerra en Ucrania: \u201cLo peor, la tristeza en la cara de las mujeres y ni\u00f1as\u201d &#8211; Exaudi","isPartOf":{"@id":"https:\/\/exaudi.org\/#website"},"primaryImageOfPage":{"@id":"https:\/\/exaudi.org\/es\/guerra-ucrania-tristeza-cara-mujeres-ninas\/#primaryimage"},"image":{"@id":"https:\/\/exaudi.org\/es\/guerra-ucrania-tristeza-cara-mujeres-ninas\/#primaryimage"},"thumbnailUrl":"https:\/\/exaudi.org\/wp-content\/uploads\/2022\/03\/WhatsApp-Image-2022-03-24-at-12.54.07-PM.jpeg","datePublished":"2022-03-24T11:23:11+00:00","dateModified":"2022-03-25T09:36:47+00:00","author":{"@id":"https:\/\/exaudi.org\/#\/schema\/person\/ab23c3adb4b5b652826293a4954114e8"},"description":"Guerra en Ucrania: \u201cLo peor, la tristeza en la cara de las mujeres y ni\u00f1as\u201d. Testimonio del coronel Laguna desde la frontera de Polonia","breadcrumb":{"@id":"https:\/\/exaudi.org\/es\/guerra-ucrania-tristeza-cara-mujeres-ninas\/#breadcrumb"},"inLanguage":"es","potentialAction":[{"@type":"ReadAction","target":["https:\/\/exaudi.org\/es\/guerra-ucrania-tristeza-cara-mujeres-ninas\/"]}]},{"@type":"ImageObject","inLanguage":"es","@id":"https:\/\/exaudi.org\/es\/guerra-ucrania-tristeza-cara-mujeres-ninas\/#primaryimage","url":"https:\/\/exaudi.org\/wp-content\/uploads\/2022\/03\/WhatsApp-Image-2022-03-24-at-12.54.07-PM.jpeg","contentUrl":"https:\/\/exaudi.org\/wp-content\/uploads\/2022\/03\/WhatsApp-Image-2022-03-24-at-12.54.07-PM.jpeg","width":1536,"height":2048,"caption":"Refugiados de Ucrania en Polonia \u00a9 Reales Tercios de Espa\u00f1a"},{"@type":"BreadcrumbList","@id":"https:\/\/exaudi.org\/es\/guerra-ucrania-tristeza-cara-mujeres-ninas\/#breadcrumb","itemListElement":[{"@type":"ListItem","position":1,"name":"Portada","item":"https:\/\/exaudi.org\/es\/"},{"@type":"ListItem","position":2,"name":"Guerra en Ucrania: \u201cLo peor, la tristeza en la cara de las mujeres y ni\u00f1as\u201d"}]},{"@type":"WebSite","@id":"https:\/\/exaudi.org\/#website","url":"https:\/\/exaudi.org\/","name":"Exaudi","description":"News","potentialAction":[{"@type":"SearchAction","target":{"@type":"EntryPoint","urlTemplate":"https:\/\/exaudi.org\/?s={search_term_string}"},"query-input":{"@type":"PropertyValueSpecification","valueRequired":true,"valueName":"search_term_string"}}],"inLanguage":"es"},{"@type":"Person","@id":"https:\/\/exaudi.org\/#\/schema\/person\/ab23c3adb4b5b652826293a4954114e8","name":"Julio Laguna","image":{"@type":"ImageObject","inLanguage":"es","@id":"https:\/\/secure.gravatar.com\/avatar\/f23607b839be889eb9750df510a80dedd7636d47083807b40f0329056660a16f?s=96&d=mm&r=g","url":"https:\/\/secure.gravatar.com\/avatar\/f23607b839be889eb9750df510a80dedd7636d47083807b40f0329056660a16f?s=96&d=mm&r=g","contentUrl":"https:\/\/secure.gravatar.com\/avatar\/f23607b839be889eb9750df510a80dedd7636d47083807b40f0329056660a16f?s=96&d=mm&r=g","caption":"Julio Laguna"},"url":"https:\/\/exaudi.org\/es\/author\/juliolaguna\/"}]}},"jetpack_featured_media_url":"https:\/\/exaudi.org\/wp-content\/uploads\/2022\/03\/WhatsApp-Image-2022-03-24-at-12.54.07-PM.jpeg","jetpack_shortlink":"https:\/\/wp.me\/pgKjF2-eit","_links":{"self":[{"href":"https:\/\/exaudi.org\/es\/wp-json\/wp\/v2\/posts\/54961","targetHints":{"allow":["GET"]}}],"collection":[{"href":"https:\/\/exaudi.org\/es\/wp-json\/wp\/v2\/posts"}],"about":[{"href":"https:\/\/exaudi.org\/es\/wp-json\/wp\/v2\/types\/post"}],"author":[{"embeddable":true,"href":"https:\/\/exaudi.org\/es\/wp-json\/wp\/v2\/users\/99"}],"replies":[{"embeddable":true,"href":"https:\/\/exaudi.org\/es\/wp-json\/wp\/v2\/comments?post=54961"}],"version-history":[{"count":0,"href":"https:\/\/exaudi.org\/es\/wp-json\/wp\/v2\/posts\/54961\/revisions"}],"wp:featuredmedia":[{"embeddable":true,"href":"https:\/\/exaudi.org\/es\/wp-json\/wp\/v2\/media\/54974"}],"wp:attachment":[{"href":"https:\/\/exaudi.org\/es\/wp-json\/wp\/v2\/media?parent=54961"}],"wp:term":[{"taxonomy":"category","embeddable":true,"href":"https:\/\/exaudi.org\/es\/wp-json\/wp\/v2\/categories?post=54961"},{"taxonomy":"post_tag","embeddable":true,"href":"https:\/\/exaudi.org\/es\/wp-json\/wp\/v2\/tags?post=54961"}],"curies":[{"name":"wp","href":"https:\/\/api.w.org\/{rel}","templated":true}]}}