{"id":54901,"date":"2022-03-23T14:50:26","date_gmt":"2022-03-23T13:50:26","guid":{"rendered":"https:\/\/exaudi.org\/?p=54901"},"modified":"2022-03-23T14:53:08","modified_gmt":"2022-03-23T13:53:08","slug":"cristianos-perseguidos-son-la-elite-de-la-iglesia","status":"publish","type":"post","link":"https:\/\/exaudi.org\/es\/cristianos-perseguidos-son-la-elite-de-la-iglesia\/","title":{"rendered":"\u201dLos cristianos perseguidos son la \u00e9lite de la Iglesia\u201d"},"content":{"rendered":"<p>La fundaci\u00f3n de la Santa Sede <a href=\"https:\/\/www.ayudaalaiglesianecesitada.org\/\" target=\"_blank\" rel=\"noopener\">Ayuda a la Iglesia Necesitada (ACN)<\/a> invita a participar en la\u00a0VI Noche de los Testigos, el\u00a0mi\u00e9rcoles 23 de marzo a las 19h en la Catedral de la Almudena de Madrid, Espa\u00f1a. Es una vigilia de testimonios en vivo y oraci\u00f3n por los cristianos perseguidos hoy en el mundo.\u00a0Javier Men\u00e9ndez Ros, director de ACN en Espa\u00f1a ha afirmado:\u00a0\u201dLos cristianos perseguidos son la \u00e9lite de la Iglesia, sus vidas nos dan fuerza y esperanza\u201d.<\/p>\n<p>Seg\u00fan datos de la \u00faltima edici\u00f3n del Informe <a href=\"https:\/\/ayudaalaiglesianecesitada.us13.list-manage.com\/track\/click?u=18970b62238d147d3fd6fb1ec&amp;id=5f25aab880&amp;e=f090bc60e2\" target=\"_blank\" rel=\"noopener\" data-saferedirecturl=\"https:\/\/www.google.com\/url?q=https:\/\/ayudaalaiglesianecesitada.us13.list-manage.com\/track\/click?u%3D18970b62238d147d3fd6fb1ec%26id%3D5f25aab880%26e%3Df090bc60e2&amp;source=gmail&amp;ust=1648114977775000&amp;usg=AOvVaw3nzeHOEVObb_MDAKljGLTo\">Libertad Religiosa en el Mundo<\/a>, elaborado por ACN,\u00a0en el mundo hay m\u00e1s de 646 millones de cristianos que viven en pa\u00edses sin libertad religiosa.\u00a0\u201dMiles de ellos son cada a\u00f1o asesinados, encarcelados, secuestrados o amenazados por seguir a Jes\u00fas.\u00a0El Papa Francisco ha asegurado en diversas ocasiones que \u201cHay m\u00e1s m\u00e1rtires ahora, que en los primeros siglos del Cristianismo\u201d.\u00a0Tambi\u00e9n el Papa nos ha invitado a rezar por estos hermanos nuestros perseguidos. As\u00ed que la Noche de los Testigos es una respuesta a esta invitaci\u00f3n\u00a0de rezar por los cristianos perseguidos\u201d, asegura Men\u00e9ndez Ros.<\/p>\n<h2><strong>Hermana Gloria Narv\u00e1ez<\/strong><\/h2>\n<p>Esta Vigilia contar\u00e1 con la presencia de la\u00a0<a href=\"https:\/\/exaudi.org\/es\/testimonio-de-la-religiosa-colombiana-secuestrada-en-mali\/\" target=\"_blank\" rel=\"noopener\">hermana Gloria Narv\u00e1ez<\/a>, religiosa de las Franciscanas de Mar\u00eda Inmaculada, que ha estado durante casi 5 a\u00f1os secuestrada por yihadistas en Mal\u00ed. La religiosa colombiana\u00a0ha expresado su preocupaci\u00f3n por el empeoramiento de la situaci\u00f3n en Mal\u00ed\u00a0donde vive una minor\u00eda cristiana del 2,3% de la poblaci\u00f3n, unas 400.000 personas.\u00a0\u201dMi esp\u00edritu nunca estuvo secuestrado. Siempre he sentido la presencia de Dios que me ha acompa\u00f1ado en mi cautiverio\u201d.<\/p>\n<p>La hermana Gloria estuvo sometida a todo tipo de torturas, maltratos y amenazas por\u00a0sus secuestradores que la intentaron convencer para convertirla al Islam.\u00a0Ella dibujaba cada d\u00eda un c\u00e1liz en la arena del desierto y rezaba por la conversi\u00f3n de los corazones de los terroristas.\u00a0En todo momento \u201cme encontr\u00e9 abrazada por la Iglesia, besada por Jes\u00fas y protegida por el manto de Mar\u00eda\u201d.<\/p>\n<p>La religiosa ha compartido momentos duros de su secuestro, pero ha precisado,\u00a0\u201dNunca he perdido la esperanza gracias a la oraci\u00f3n. Mi vida en cautiverio ha sido una experiencia de fe, esperanza y caridad. Yo he perdonado a mis secuestradores\u201d.<\/p>\n<h2><strong>Matrimonio cristiano de Pakist\u00e1n<\/strong><\/h2>\n<p>Tambi\u00e9n estar\u00e1n presentes en esta vigilia\u00a0David y Marta, un matrimonio cat\u00f3lico de Pakist\u00e1n\u00a0que han tenido que huir de su pa\u00eds ante\u00a0las amenazas de muerte por ser cristianos. Sufrieron tambi\u00e9n las amenazas infundadas de la\u00a0ley de la blasfemia, registrada en el C\u00f3digo Penal de Pakist\u00e1n, condena a muerte a todo el que hable contra Mahoma o el Cor\u00e1n. Miembros de minor\u00edas religiosas son en ocasiones acusados injustamente de cometer este delito.\u00a0\u201dHemos tenido que huir porque recib\u00edamos llamadas telef\u00f3nicas amenaz\u00e1ndonos de muerte a nosotros y a nuestros hijos. Una vez David fue apuntado con un arma en la calle\u201d.<\/p>\n<h2><strong>La Noche de los Testigos<\/strong><\/h2>\n<p>La Noche de los Testigos es una\u00a0vigilia de oraci\u00f3n, con adoraci\u00f3n eucar\u00edstica, m\u00fasica y testimonios en vivo de \u201ctestigos\u201d, cristianos que han sufrido persecuci\u00f3n,\u00a0aut\u00e9nticos supervivientes que cuentan su experiencia.\u00a0Esta iniciativa tiene su origen en la oficina de ACN en Francia. En Madrid se viene celebrando desde el 2016. Aquella primera vigilia tuvo lugar en la Iglesia de las Calatravas, considerada como la iglesia de los m\u00e1rtires del siglo XX en Espa\u00f1a.<\/p>\n<p>A partir de 2017, todos los a\u00f1os se celebra la Noche de los Testigos en la Catedral de la Almudena.\u00a0Este a\u00f1o se celebra la VI edici\u00f3n.\u00a0En otras ediciones en Espa\u00f1a se ha contado con testimonios de cristianos de pa\u00edses como Irak, China, Rep\u00fablica Centroafricana, India, Nigeria, o Marruecos.\u00a0 Este encuentro estar\u00e1 presidido por Don Carlos Osoro, cardenal y arzobispo de Madrid.<\/p>\n","protected":false},"excerpt":{"rendered":"<p>Ayuda a la Iglesia Necesitada organiza la VI Noche de los Testigos en Madrid, Espa\u00f1a<\/p>\n","protected":false},"author":89,"featured_media":54904,"comment_status":"closed","ping_status":"closed","sticky":false,"template":"","format":"standard","meta":{"_acf_changed":false,"_crdt_document":"","inline_featured_image":false,"footnotes":""},"categories":[90],"tags":[1462,549,6160],"class_list":["post-54901","post","type-post","status-publish","format-standard","has-post-thumbnail","hentry","category-cristianos-perseguidos","tag-ayuda-a-la-iglesia-necesitada-acn","tag-cristianos-perseguidos","tag-vi-noche-de-los-testigos"],"acf":[],"yoast_head":"<!-- This site is optimized with the Yoast SEO plugin v27.4 - https:\/\/yoast.com\/product\/yoast-seo-wordpress\/ -->\n<title>\u201dLos cristianos perseguidos son la \u00e9lite de la Iglesia\u201d &#8211; Exaudi<\/title>\n<meta name=\"description\" content=\"\u201dLos cristianos perseguidos son la \u00e9lite de la Iglesia, sus vidas nos dan fuerza y esperanza\u201d :VI Noche de los Testigos en Madrid, Espa\u00f1a\" \/>\n<meta name=\"robots\" content=\"index, follow, max-snippet:-1, max-image-preview:large, max-video-preview:-1\" \/>\n<link rel=\"canonical\" href=\"https:\/\/exaudi.org\/es\/cristianos-perseguidos-son-la-elite-de-la-iglesia\/\" \/>\n<meta property=\"og:locale\" content=\"es_ES\" \/>\n<meta property=\"og:type\" content=\"article\" \/>\n<meta property=\"og:title\" content=\"\u201dLos cristianos perseguidos son la \u00e9lite de la Iglesia\u201d &#8211; Exaudi\" \/>\n<meta property=\"og:description\" content=\"\u201dLos cristianos perseguidos son la \u00e9lite de la Iglesia, sus vidas nos dan fuerza y esperanza\u201d :VI Noche de los Testigos en Madrid, Espa\u00f1a\" \/>\n<meta property=\"og:url\" content=\"https:\/\/exaudi.org\/es\/cristianos-perseguidos-son-la-elite-de-la-iglesia\/\" \/>\n<meta property=\"og:site_name\" content=\"Exaudi\" \/>\n<meta property=\"article:publisher\" content=\"https:\/\/www.facebook.com\/ExaudiNews\" \/>\n<meta property=\"article:author\" content=\"https:\/\/www.facebook.com\/ayudaalaiglesianecesitada\/?ref=ts\" \/>\n<meta property=\"article:published_time\" content=\"2022-03-23T13:50:26+00:00\" \/>\n<meta property=\"article:modified_time\" content=\"2022-03-23T13:53:08+00:00\" \/>\n<meta property=\"og:image\" content=\"https:\/\/exaudi.org\/wp-content\/uploads\/2022\/03\/unnamed.jpg\" \/>\n\t<meta property=\"og:image:width\" content=\"2048\" \/>\n\t<meta property=\"og:image:height\" content=\"1536\" \/>\n\t<meta property=\"og:image:type\" content=\"image\/jpeg\" \/>\n<meta name=\"author\" content=\"Ayuda a la Iglesia Necesitada\" \/>\n<meta name=\"twitter:card\" content=\"summary_large_image\" \/>\n<meta name=\"twitter:creator\" content=\"@https:\/\/x.com\/AyudaIglesNeces\" \/>\n<meta name=\"twitter:site\" content=\"@Exaudi_News\" \/>\n<meta name=\"twitter:label1\" content=\"Escrito por\" \/>\n\t<meta name=\"twitter:data1\" content=\"Ayuda a la Iglesia Necesitada\" \/>\n\t<meta name=\"twitter:label2\" content=\"Tiempo de lectura\" \/>\n\t<meta name=\"twitter:data2\" content=\"3 minutos\" \/>\n<script type=\"application\/ld+json\" class=\"yoast-schema-graph\">{\"@context\":\"https:\\\/\\\/schema.org\",\"@graph\":[{\"@type\":\"Article\",\"@id\":\"https:\\\/\\\/exaudi.org\\\/es\\\/cristianos-perseguidos-son-la-elite-de-la-iglesia\\\/#article\",\"isPartOf\":{\"@id\":\"https:\\\/\\\/exaudi.org\\\/es\\\/cristianos-perseguidos-son-la-elite-de-la-iglesia\\\/\"},\"author\":{\"name\":\"Ayuda a la Iglesia Necesitada\",\"@id\":\"https:\\\/\\\/exaudi.org\\\/#\\\/schema\\\/person\\\/d4906ab3b6c174ffe37d722c51c73317\"},\"headline\":\"\u201dLos cristianos perseguidos son la \u00e9lite de la Iglesia\u201d\",\"datePublished\":\"2022-03-23T13:50:26+00:00\",\"dateModified\":\"2022-03-23T13:53:08+00:00\",\"mainEntityOfPage\":{\"@id\":\"https:\\\/\\\/exaudi.org\\\/es\\\/cristianos-perseguidos-son-la-elite-de-la-iglesia\\\/\"},\"wordCount\":681,\"image\":{\"@id\":\"https:\\\/\\\/exaudi.org\\\/es\\\/cristianos-perseguidos-son-la-elite-de-la-iglesia\\\/#primaryimage\"},\"thumbnailUrl\":\"https:\\\/\\\/exaudi.org\\\/wp-content\\\/uploads\\\/2022\\\/03\\\/unnamed.jpg\",\"keywords\":[\"Ayuda a la Iglesia Necesitada (ACN)\",\"cristianos perseguidos\",\"VI Noche de los Testigos\"],\"articleSection\":[\"Cristianos perseguidos\"],\"inLanguage\":\"es\"},{\"@type\":\"WebPage\",\"@id\":\"https:\\\/\\\/exaudi.org\\\/es\\\/cristianos-perseguidos-son-la-elite-de-la-iglesia\\\/\",\"url\":\"https:\\\/\\\/exaudi.org\\\/es\\\/cristianos-perseguidos-son-la-elite-de-la-iglesia\\\/\",\"name\":\"\u201dLos cristianos perseguidos son la \u00e9lite de la Iglesia\u201d &#8211; Exaudi\",\"isPartOf\":{\"@id\":\"https:\\\/\\\/exaudi.org\\\/#website\"},\"primaryImageOfPage\":{\"@id\":\"https:\\\/\\\/exaudi.org\\\/es\\\/cristianos-perseguidos-son-la-elite-de-la-iglesia\\\/#primaryimage\"},\"image\":{\"@id\":\"https:\\\/\\\/exaudi.org\\\/es\\\/cristianos-perseguidos-son-la-elite-de-la-iglesia\\\/#primaryimage\"},\"thumbnailUrl\":\"https:\\\/\\\/exaudi.org\\\/wp-content\\\/uploads\\\/2022\\\/03\\\/unnamed.jpg\",\"datePublished\":\"2022-03-23T13:50:26+00:00\",\"dateModified\":\"2022-03-23T13:53:08+00:00\",\"author\":{\"@id\":\"https:\\\/\\\/exaudi.org\\\/#\\\/schema\\\/person\\\/d4906ab3b6c174ffe37d722c51c73317\"},\"description\":\"\u201dLos cristianos perseguidos son la \u00e9lite de la Iglesia, sus vidas nos dan fuerza y esperanza\u201d :VI Noche de los Testigos en Madrid, Espa\u00f1a\",\"breadcrumb\":{\"@id\":\"https:\\\/\\\/exaudi.org\\\/es\\\/cristianos-perseguidos-son-la-elite-de-la-iglesia\\\/#breadcrumb\"},\"inLanguage\":\"es\",\"potentialAction\":[{\"@type\":\"ReadAction\",\"target\":[\"https:\\\/\\\/exaudi.org\\\/es\\\/cristianos-perseguidos-son-la-elite-de-la-iglesia\\\/\"]}]},{\"@type\":\"ImageObject\",\"inLanguage\":\"es\",\"@id\":\"https:\\\/\\\/exaudi.org\\\/es\\\/cristianos-perseguidos-son-la-elite-de-la-iglesia\\\/#primaryimage\",\"url\":\"https:\\\/\\\/exaudi.org\\\/wp-content\\\/uploads\\\/2022\\\/03\\\/unnamed.jpg\",\"contentUrl\":\"https:\\\/\\\/exaudi.org\\\/wp-content\\\/uploads\\\/2022\\\/03\\\/unnamed.jpg\",\"width\":2048,\"height\":1536,\"caption\":\"De izquierda a derecha: David y Marta, Hermana Gloria Narv\u00e1ez y Javier Men\u00e9ndez Ros, director de ACN Espa\u00f1a \u00a9 ACN\"},{\"@type\":\"BreadcrumbList\",\"@id\":\"https:\\\/\\\/exaudi.org\\\/es\\\/cristianos-perseguidos-son-la-elite-de-la-iglesia\\\/#breadcrumb\",\"itemListElement\":[{\"@type\":\"ListItem\",\"position\":1,\"name\":\"Portada\",\"item\":\"https:\\\/\\\/exaudi.org\\\/es\\\/\"},{\"@type\":\"ListItem\",\"position\":2,\"name\":\"\u201dLos cristianos perseguidos son la \u00e9lite de la Iglesia\u201d\"}]},{\"@type\":\"WebSite\",\"@id\":\"https:\\\/\\\/exaudi.org\\\/#website\",\"url\":\"https:\\\/\\\/exaudi.org\\\/\",\"name\":\"Exaudi\",\"description\":\"News\",\"potentialAction\":[{\"@type\":\"SearchAction\",\"target\":{\"@type\":\"EntryPoint\",\"urlTemplate\":\"https:\\\/\\\/exaudi.org\\\/?s={search_term_string}\"},\"query-input\":{\"@type\":\"PropertyValueSpecification\",\"valueRequired\":true,\"valueName\":\"search_term_string\"}}],\"inLanguage\":\"es\"},{\"@type\":\"Person\",\"@id\":\"https:\\\/\\\/exaudi.org\\\/#\\\/schema\\\/person\\\/d4906ab3b6c174ffe37d722c51c73317\",\"name\":\"Ayuda a la Iglesia Necesitada\",\"image\":{\"@type\":\"ImageObject\",\"inLanguage\":\"es\",\"@id\":\"https:\\\/\\\/secure.gravatar.com\\\/avatar\\\/18b646e6575a46729bc25d1c374d5965acb9854728a2929ada390e85905160db?s=96&d=mm&r=g\",\"url\":\"https:\\\/\\\/secure.gravatar.com\\\/avatar\\\/18b646e6575a46729bc25d1c374d5965acb9854728a2929ada390e85905160db?s=96&d=mm&r=g\",\"contentUrl\":\"https:\\\/\\\/secure.gravatar.com\\\/avatar\\\/18b646e6575a46729bc25d1c374d5965acb9854728a2929ada390e85905160db?s=96&d=mm&r=g\",\"caption\":\"Ayuda a la Iglesia Necesitada\"},\"description\":\"Ayuda a la Iglesia Necesitada (ACN) es la Fundaci\u00f3n Pontificia que apoya a la Iglesia cat\u00f3lica en su labor evangelizadora en las comunidades m\u00e1s necesitadas, discriminadas y perseguidas del mundo. Cada a\u00f1o, ACN financia m\u00e1s de 5.000 proyectos pastorales y de emergencia humanitaria en m\u00e1s de 130 pa\u00edses. Cuenta con m\u00e1s de 20 oficinas en el mundo (en Espa\u00f1a desde 1965), dedicadas a informar sobre la realidad de estos cristianos; al fomento de la oraci\u00f3n, y a la recaudaci\u00f3n de fondos para la cobertura de proyectos. El 100% de los proyectos que desarrolla ACN se sostienen gracias a los donativos de personas f\u00edsicas u organizaciones que valoran la labor de la Iglesia en el mundo. La Fundaci\u00f3n no recibe subvenciones de organismos p\u00fablicos.\",\"sameAs\":[\"https:\\\/\\\/www.facebook.com\\\/ayudaalaiglesianecesitada\\\/?ref=ts\",\"https:\\\/\\\/www.instagram.com\\\/ayudaiglesianecesitada\\\/\",\"https:\\\/\\\/x.com\\\/https:\\\/\\\/x.com\\\/AyudaIglesNeces\",\"https:\\\/\\\/www.youtube.com\\\/user\\\/AINorg\"],\"url\":\"https:\\\/\\\/exaudi.org\\\/es\\\/author\\\/ayudaalaiglesianecesitada\\\/\"}]}<\/script>\n<!-- \/ Yoast SEO plugin. -->","yoast_head_json":{"title":"\u201dLos cristianos perseguidos son la \u00e9lite de la Iglesia\u201d &#8211; Exaudi","description":"\u201dLos cristianos perseguidos son la \u00e9lite de la Iglesia, sus vidas nos dan fuerza y esperanza\u201d :VI Noche de los Testigos en Madrid, Espa\u00f1a","robots":{"index":"index","follow":"follow","max-snippet":"max-snippet:-1","max-image-preview":"max-image-preview:large","max-video-preview":"max-video-preview:-1"},"canonical":"https:\/\/exaudi.org\/es\/cristianos-perseguidos-son-la-elite-de-la-iglesia\/","og_locale":"es_ES","og_type":"article","og_title":"\u201dLos cristianos perseguidos son la \u00e9lite de la Iglesia\u201d &#8211; Exaudi","og_description":"\u201dLos cristianos perseguidos son la \u00e9lite de la Iglesia, sus vidas nos dan fuerza y esperanza\u201d :VI Noche de los Testigos en Madrid, Espa\u00f1a","og_url":"https:\/\/exaudi.org\/es\/cristianos-perseguidos-son-la-elite-de-la-iglesia\/","og_site_name":"Exaudi","article_publisher":"https:\/\/www.facebook.com\/ExaudiNews","article_author":"https:\/\/www.facebook.com\/ayudaalaiglesianecesitada\/?ref=ts","article_published_time":"2022-03-23T13:50:26+00:00","article_modified_time":"2022-03-23T13:53:08+00:00","og_image":[{"width":2048,"height":1536,"url":"https:\/\/exaudi.org\/wp-content\/uploads\/2022\/03\/unnamed.jpg","type":"image\/jpeg"}],"author":"Ayuda a la Iglesia Necesitada","twitter_card":"summary_large_image","twitter_creator":"@https:\/\/x.com\/AyudaIglesNeces","twitter_site":"@Exaudi_News","twitter_misc":{"Escrito por":"Ayuda a la Iglesia Necesitada","Tiempo de lectura":"3 minutos"},"schema":{"@context":"https:\/\/schema.org","@graph":[{"@type":"Article","@id":"https:\/\/exaudi.org\/es\/cristianos-perseguidos-son-la-elite-de-la-iglesia\/#article","isPartOf":{"@id":"https:\/\/exaudi.org\/es\/cristianos-perseguidos-son-la-elite-de-la-iglesia\/"},"author":{"name":"Ayuda a la Iglesia Necesitada","@id":"https:\/\/exaudi.org\/#\/schema\/person\/d4906ab3b6c174ffe37d722c51c73317"},"headline":"\u201dLos cristianos perseguidos son la \u00e9lite de la Iglesia\u201d","datePublished":"2022-03-23T13:50:26+00:00","dateModified":"2022-03-23T13:53:08+00:00","mainEntityOfPage":{"@id":"https:\/\/exaudi.org\/es\/cristianos-perseguidos-son-la-elite-de-la-iglesia\/"},"wordCount":681,"image":{"@id":"https:\/\/exaudi.org\/es\/cristianos-perseguidos-son-la-elite-de-la-iglesia\/#primaryimage"},"thumbnailUrl":"https:\/\/exaudi.org\/wp-content\/uploads\/2022\/03\/unnamed.jpg","keywords":["Ayuda a la Iglesia Necesitada (ACN)","cristianos perseguidos","VI Noche de los Testigos"],"articleSection":["Cristianos perseguidos"],"inLanguage":"es"},{"@type":"WebPage","@id":"https:\/\/exaudi.org\/es\/cristianos-perseguidos-son-la-elite-de-la-iglesia\/","url":"https:\/\/exaudi.org\/es\/cristianos-perseguidos-son-la-elite-de-la-iglesia\/","name":"\u201dLos cristianos perseguidos son la \u00e9lite de la Iglesia\u201d &#8211; Exaudi","isPartOf":{"@id":"https:\/\/exaudi.org\/#website"},"primaryImageOfPage":{"@id":"https:\/\/exaudi.org\/es\/cristianos-perseguidos-son-la-elite-de-la-iglesia\/#primaryimage"},"image":{"@id":"https:\/\/exaudi.org\/es\/cristianos-perseguidos-son-la-elite-de-la-iglesia\/#primaryimage"},"thumbnailUrl":"https:\/\/exaudi.org\/wp-content\/uploads\/2022\/03\/unnamed.jpg","datePublished":"2022-03-23T13:50:26+00:00","dateModified":"2022-03-23T13:53:08+00:00","author":{"@id":"https:\/\/exaudi.org\/#\/schema\/person\/d4906ab3b6c174ffe37d722c51c73317"},"description":"\u201dLos cristianos perseguidos son la \u00e9lite de la Iglesia, sus vidas nos dan fuerza y esperanza\u201d :VI Noche de los Testigos en Madrid, Espa\u00f1a","breadcrumb":{"@id":"https:\/\/exaudi.org\/es\/cristianos-perseguidos-son-la-elite-de-la-iglesia\/#breadcrumb"},"inLanguage":"es","potentialAction":[{"@type":"ReadAction","target":["https:\/\/exaudi.org\/es\/cristianos-perseguidos-son-la-elite-de-la-iglesia\/"]}]},{"@type":"ImageObject","inLanguage":"es","@id":"https:\/\/exaudi.org\/es\/cristianos-perseguidos-son-la-elite-de-la-iglesia\/#primaryimage","url":"https:\/\/exaudi.org\/wp-content\/uploads\/2022\/03\/unnamed.jpg","contentUrl":"https:\/\/exaudi.org\/wp-content\/uploads\/2022\/03\/unnamed.jpg","width":2048,"height":1536,"caption":"De izquierda a derecha: David y Marta, Hermana Gloria Narv\u00e1ez y Javier Men\u00e9ndez Ros, director de ACN Espa\u00f1a \u00a9 ACN"},{"@type":"BreadcrumbList","@id":"https:\/\/exaudi.org\/es\/cristianos-perseguidos-son-la-elite-de-la-iglesia\/#breadcrumb","itemListElement":[{"@type":"ListItem","position":1,"name":"Portada","item":"https:\/\/exaudi.org\/es\/"},{"@type":"ListItem","position":2,"name":"\u201dLos cristianos perseguidos son la \u00e9lite de la Iglesia\u201d"}]},{"@type":"WebSite","@id":"https:\/\/exaudi.org\/#website","url":"https:\/\/exaudi.org\/","name":"Exaudi","description":"News","potentialAction":[{"@type":"SearchAction","target":{"@type":"EntryPoint","urlTemplate":"https:\/\/exaudi.org\/?s={search_term_string}"},"query-input":{"@type":"PropertyValueSpecification","valueRequired":true,"valueName":"search_term_string"}}],"inLanguage":"es"},{"@type":"Person","@id":"https:\/\/exaudi.org\/#\/schema\/person\/d4906ab3b6c174ffe37d722c51c73317","name":"Ayuda a la Iglesia Necesitada","image":{"@type":"ImageObject","inLanguage":"es","@id":"https:\/\/secure.gravatar.com\/avatar\/18b646e6575a46729bc25d1c374d5965acb9854728a2929ada390e85905160db?s=96&d=mm&r=g","url":"https:\/\/secure.gravatar.com\/avatar\/18b646e6575a46729bc25d1c374d5965acb9854728a2929ada390e85905160db?s=96&d=mm&r=g","contentUrl":"https:\/\/secure.gravatar.com\/avatar\/18b646e6575a46729bc25d1c374d5965acb9854728a2929ada390e85905160db?s=96&d=mm&r=g","caption":"Ayuda a la Iglesia Necesitada"},"description":"Ayuda a la Iglesia Necesitada (ACN) es la Fundaci\u00f3n Pontificia que apoya a la Iglesia cat\u00f3lica en su labor evangelizadora en las comunidades m\u00e1s necesitadas, discriminadas y perseguidas del mundo. Cada a\u00f1o, ACN financia m\u00e1s de 5.000 proyectos pastorales y de emergencia humanitaria en m\u00e1s de 130 pa\u00edses. Cuenta con m\u00e1s de 20 oficinas en el mundo (en Espa\u00f1a desde 1965), dedicadas a informar sobre la realidad de estos cristianos; al fomento de la oraci\u00f3n, y a la recaudaci\u00f3n de fondos para la cobertura de proyectos. El 100% de los proyectos que desarrolla ACN se sostienen gracias a los donativos de personas f\u00edsicas u organizaciones que valoran la labor de la Iglesia en el mundo. La Fundaci\u00f3n no recibe subvenciones de organismos p\u00fablicos.","sameAs":["https:\/\/www.facebook.com\/ayudaalaiglesianecesitada\/?ref=ts","https:\/\/www.instagram.com\/ayudaiglesianecesitada\/","https:\/\/x.com\/https:\/\/x.com\/AyudaIglesNeces","https:\/\/www.youtube.com\/user\/AINorg"],"url":"https:\/\/exaudi.org\/es\/author\/ayudaalaiglesianecesitada\/"}]}},"jetpack_featured_media_url":"https:\/\/exaudi.org\/wp-content\/uploads\/2022\/03\/unnamed.jpg","jetpack_shortlink":"https:\/\/wp.me\/pgKjF2-ehv","_links":{"self":[{"href":"https:\/\/exaudi.org\/es\/wp-json\/wp\/v2\/posts\/54901","targetHints":{"allow":["GET"]}}],"collection":[{"href":"https:\/\/exaudi.org\/es\/wp-json\/wp\/v2\/posts"}],"about":[{"href":"https:\/\/exaudi.org\/es\/wp-json\/wp\/v2\/types\/post"}],"author":[{"embeddable":true,"href":"https:\/\/exaudi.org\/es\/wp-json\/wp\/v2\/users\/89"}],"replies":[{"embeddable":true,"href":"https:\/\/exaudi.org\/es\/wp-json\/wp\/v2\/comments?post=54901"}],"version-history":[{"count":0,"href":"https:\/\/exaudi.org\/es\/wp-json\/wp\/v2\/posts\/54901\/revisions"}],"wp:featuredmedia":[{"embeddable":true,"href":"https:\/\/exaudi.org\/es\/wp-json\/wp\/v2\/media\/54904"}],"wp:attachment":[{"href":"https:\/\/exaudi.org\/es\/wp-json\/wp\/v2\/media?parent=54901"}],"wp:term":[{"taxonomy":"category","embeddable":true,"href":"https:\/\/exaudi.org\/es\/wp-json\/wp\/v2\/categories?post=54901"},{"taxonomy":"post_tag","embeddable":true,"href":"https:\/\/exaudi.org\/es\/wp-json\/wp\/v2\/tags?post=54901"}],"curies":[{"name":"wp","href":"https:\/\/api.w.org\/{rel}","templated":true}]}}