{"id":54893,"date":"2022-03-23T09:00:35","date_gmt":"2022-03-23T08:00:35","guid":{"rendered":"https:\/\/exaudi.org\/?p=54893"},"modified":"2022-03-23T14:58:11","modified_gmt":"2022-03-23T13:58:11","slug":"cardenal-arizmendi-obispos-y-revocacion-de-mandato","status":"publish","type":"post","link":"https:\/\/exaudi.org\/es\/cardenal-arizmendi-obispos-y-revocacion-de-mandato\/","title":{"rendered":"Cardenal Arizmendi: Obispos y revocaci\u00f3n de mandato"},"content":{"rendered":"<p>El\u00a0<a href=\"https:\/\/exaudi.org\/es\/author\/felipearizmendi\/\" target=\"_blank\" rel=\"noopener\">cardenal Felipe Arizmendi<\/a>, obispo em\u00e9rito de San Crist\u00f3bal de Las Casas y responsable de la Doctrina de la Fe en la\u00a0<a href=\"https:\/\/www.cem.org.mx\/\" target=\"_blank\" rel=\"noopener\">Conferencia del Episcopado Mexicano (CEM)<\/a>, ofrece a los lectores de Exaudi su art\u00edculo semanal titulado \u201cObispos y revocaci\u00f3n de mandato\u201d.<\/p>\n<p>***<\/p>\n<h2><strong>Mirar<\/strong><\/h2>\n<p>El domingo 10 de abril pr\u00f3ximo, los mexicanos tendremos oportunidad de expresar nuestra opini\u00f3n sobre la permanencia en el cargo del primer mandatario: si queremos que siga hasta que concluya su mandato en 2024, o preferimos que ya termine y otro ocupe su lugar. Es un ejercicio importante de democracia participativa y no falta quien nos pregunte a los obispos qu\u00e9 pensamos al respecto. Nuestro episcopado ha emitido una oportuna y prudente declaraci\u00f3n, cuyo contenido esencial compartir\u00e9 con ustedes m\u00e1s adelante.<\/p>\n<p>Hay cosas que llaman la atenci\u00f3n. Quienes m\u00e1s promueven que se participe son quienes est\u00e1n en el poder, empezando por el Jefe Supremo. \u00bfPor qu\u00e9 lo hacen? \u00bfEs acaso porque quieren que la gente se manifieste y el pueblo decida lo que le parezca mejor? \u00bfLes importa realmente una democracia participativa, y no s\u00f3lo la representativa actual? \u00bfAunque el voto les fuera contrario? Si as\u00ed fuera, todo ser\u00eda muy laudable y plausible, y habr\u00eda que ir a votar. Pero aqu\u00ed entran las suspicacias: Los que m\u00e1s promueven esta votaci\u00f3n, \u00bfs\u00f3lo anhelan una ratificaci\u00f3n de lo que est\u00e1n tratando de hacer para lo que llaman una transformaci\u00f3n del pa\u00eds? \u00bfSe quieren demostrar a s\u00ed mismos, y al resto de la opini\u00f3n p\u00fablica, que el pueblo les apoya mayoritariamente, para seguir por el mismo rumbo, sin cambiar para nada sus estrategias? \u00bfEst\u00e1n tan seguros de que todo lo que hacen est\u00e1 muy bien hecho, y de que el pueblo quiere que as\u00ed sigan? \u00bfConf\u00edan tanto en las encuestas que a\u00fan les conceden una aprobaci\u00f3n elevada? \u00bfEst\u00e1n tan seguros de que la mayor\u00eda les va a apoyar? \u00bfCu\u00e1les son esas mayor\u00edas? \u00bfLas que reciben d\u00e1divas y apoyos que el gobierno les da? Al actual gobierno, \u00bfsinceramente le interesan los pobres, o s\u00f3lo estos votos cautivos e interesados?<\/p>\n<p>En pl\u00e1ticas ordinarias sobre el tema, me preocupa que algunos asuman actitudes radicales, a favor o en contra de este gobierno y de sus partidos que le apoyan. Hay quienes s\u00f3lo ven trigo, muy buenas cosas, y las defienden a capa y espada; otros s\u00f3lo descubren ciza\u00f1a, errores y fallas constatables, y no aprecian esfuerzos loables y positivos. Hay que tener sabidur\u00eda, para discernir (cernir dos veces) el trigo de la ciza\u00f1a: ni todo es trigo, ni todo es ciza\u00f1a. Hay anhelos e intentos muy nobles y justos en este sexenio, no se pueden negar, pero tambi\u00e9n hay que reconocer deficiencias muy lamentables. Es de sabios aceptar los errores, y no descalificar diariamente a quienes opinan en forma distinta, usando todo su poder para atacarlos. Para gobernar bien, se requiere sabidur\u00eda, no tanta demagogia.<\/p>\n<h2><strong>Discernir<\/strong><\/h2>\n<p>El episcopado mexicano no quiso inclinarse por una opci\u00f3n, sino que se limit\u00f3 a invitar a los ciudadanos a reflexionar y a hacer lo que sea m\u00e1s conforme a su conciencia. No abusamos de un poder religioso para inclinar la balanza, y esto no por falsa prudencia, ni por temor, sino porque este asunto es de la libre competencia del resto de los mexicanos. Esta es la declaraci\u00f3n:<\/p>\n<p>\u201cComo nos ense\u00f1a la Palabra de Dios, el Catecismo y la Doctrina Social de la Iglesia, reconocemos que todos los bautizados, a la vez que somos ciudadanos del Reino de Dios y peregrinos hacia el cielo, somos tambi\u00e9n integrantes de la comunidad humana y, desde la fe, aceptamos nuestras obligaciones por el bien com\u00fan y nuestro derecho-deber de participar en la vida pol\u00edtica de nuestros pueblos.<\/p>\n<p>El Catecismo de la Iglesia advierte que: \u2018Si bien la autoridad responde a un orden fijado por Dios, la determinaci\u00f3n del r\u00e9gimen y la designaci\u00f3n de los gobernantes han de dejarse a la libre voluntad de los ciudadanos\u2019 (CATIC 1901).<\/p>\n<p>Siendo la primera vez que se realiza este ejercicio democr\u00e1tico, muchos han expresado su opini\u00f3n sobre la responsabilidad que tenemos y el modo de participar en esta consulta. Al respecto, los obispos mexicanos les invitamos a discernir en ambiente de oraci\u00f3n, delante de Dios, para que cada uno decida si ha de participar o no, y en caso de hacerlo, en qu\u00e9 sentido deber\u00e1 emitir su voto. Se trata de una decisi\u00f3n de gran responsabilidad. Busquemos todos lo que m\u00e1s le conviene a M\u00e9xico.<\/p>\n<p>Damos gracias a Dios por la maduraci\u00f3n democr\u00e1tica en M\u00e9xico, que nos permite contar con el Instituto Nacional Electoral como \u00e1rbitro responsable de cada proceso electivo, lo cual ha sido un gran logro y ejemplo de democracia reconocido por muchas naciones. Hagamos oraci\u00f3n por quienes lo dirigen, lo mismo que por nuestros gobernantes (1 Tim. 2, 2), quienes han de gobernar para todos, m\u00e1s all\u00e1 de partidos pol\u00edticos o intereses particulares, buscando siempre la unidad de la Naci\u00f3n, de cada Estado y Ciudad, y el bien de todos, especialmente de los m\u00e1s necesitados.<\/p>\n<p>Los mexicanos somos un solo pueblo que ha de mantenerse unido (cf Jn 17, 20-23), y todos los bautizados hemos de contribuir a esa unidad. Somos una raza, con su propia historia, sus valores y sus principios, de modo que no hemos de permitir que nada ni nadie nos divida. Sigamos orando por la paz en M\u00e9xico, en Ucrania y en el mundo entero. Que nuestra Madre de Guadalupe interceda por la unidad de nuestro pueblo y por el desarrollo integral de todos los mexicanos\u201d.<\/p>\n<h2><strong>Actuar<\/strong><\/h2>\n<p>Yo ya tom\u00e9 mi decisi\u00f3n, pero la conservo en mi conciencia. Insisto en que ustedes analicen qu\u00e9 sirve m\u00e1s al pa\u00eds: votar, en sentido aprobatorio o reprobatorio, o abstenerse y no ir a las casillas. Cada quien analice lo que le parezca m\u00e1s oportuno para el progreso y la paz social.<\/p>\n<audio class=\"wp-audio-shortcode\" id=\"audio-54893-1\" preload=\"none\" style=\"width: 100%;\" controls=\"controls\"><source type=\"audio\/mpeg\" src=\"https:\/\/exaudi.org\/wp-content\/uploads\/2022\/03\/Articulo-23-marzo.mp3?_=1\" \/><a href=\"https:\/\/exaudi.org\/wp-content\/uploads\/2022\/03\/Articulo-23-marzo.mp3\">https:\/\/exaudi.org\/wp-content\/uploads\/2022\/03\/Articulo-23-marzo.mp3<\/a><\/audio>\n","protected":false},"excerpt":{"rendered":"<p>El 10 de abril los mexicanos expresar\u00e1n su opini\u00f3n sobre la permanencia en el cargo del primer mandatario<\/p>\n","protected":false},"author":24,"featured_media":54895,"comment_status":"closed","ping_status":"closed","sticky":false,"template":"","format":"standard","meta":{"_acf_changed":false,"_crdt_document":"","inline_featured_image":false,"footnotes":""},"categories":[130],"tags":[3727,2819,602,6159,4953],"class_list":["post-54893","post","type-post","status-publish","format-standard","has-post-thumbnail","hentry","category-voces","tag-cardenal-felipe-arizmendi","tag-democracia","tag-obispos","tag-revocacion","tag-trending-es"],"acf":[],"yoast_head":"<!-- This site is optimized with the Yoast SEO plugin v27.4 - https:\/\/yoast.com\/product\/yoast-seo-wordpress\/ -->\n<title>Cardenal Arizmendi: Obispos y revocaci\u00f3n de mandato &#8211; Exaudi<\/title>\n<meta name=\"description\" content=\"El\u00a0cardenal Felipe Arizmendi ofrece a los lectores de Exaudi su art\u00edculo semanal titulado \u201cObispos y revocaci\u00f3n de mandato\u201d\" \/>\n<meta name=\"robots\" content=\"index, follow, max-snippet:-1, max-image-preview:large, max-video-preview:-1\" \/>\n<link rel=\"canonical\" href=\"https:\/\/exaudi.org\/es\/cardenal-arizmendi-obispos-y-revocacion-de-mandato\/\" \/>\n<meta property=\"og:locale\" content=\"es_ES\" \/>\n<meta property=\"og:type\" content=\"article\" \/>\n<meta property=\"og:title\" content=\"Cardenal Arizmendi: Obispos y revocaci\u00f3n de mandato &#8211; Exaudi\" \/>\n<meta property=\"og:description\" content=\"El\u00a0cardenal Felipe Arizmendi ofrece a los lectores de Exaudi su art\u00edculo semanal titulado \u201cObispos y revocaci\u00f3n de mandato\u201d\" \/>\n<meta property=\"og:url\" content=\"https:\/\/exaudi.org\/es\/cardenal-arizmendi-obispos-y-revocacion-de-mandato\/\" \/>\n<meta property=\"og:site_name\" content=\"Exaudi\" \/>\n<meta property=\"article:publisher\" content=\"https:\/\/www.facebook.com\/ExaudiNews\" \/>\n<meta property=\"article:published_time\" content=\"2022-03-23T08:00:35+00:00\" \/>\n<meta property=\"article:modified_time\" content=\"2022-03-23T13:58:11+00:00\" \/>\n<meta property=\"og:image\" content=\"https:\/\/exaudi.org\/wp-content\/uploads\/2022\/03\/joakim-honkasalo-DurC25GdOvk-unsplash-scaled.jpg\" \/>\n\t<meta property=\"og:image:width\" content=\"2560\" \/>\n\t<meta property=\"og:image:height\" content=\"1904\" \/>\n\t<meta property=\"og:image:type\" content=\"image\/jpeg\" \/>\n<meta name=\"author\" content=\"Cardenal Felipe Arizmendi\" \/>\n<meta name=\"twitter:card\" content=\"summary_large_image\" \/>\n<meta name=\"twitter:creator\" content=\"@Exaudi_News\" \/>\n<meta name=\"twitter:site\" content=\"@Exaudi_News\" \/>\n<meta name=\"twitter:label1\" content=\"Escrito por\" \/>\n\t<meta name=\"twitter:data1\" content=\"Cardenal Felipe Arizmendi\" \/>\n\t<meta name=\"twitter:label2\" content=\"Tiempo de lectura\" \/>\n\t<meta name=\"twitter:data2\" content=\"5 minutos\" \/>\n<script type=\"application\/ld+json\" class=\"yoast-schema-graph\">{\"@context\":\"https:\\\/\\\/schema.org\",\"@graph\":[{\"@type\":\"Article\",\"@id\":\"https:\\\/\\\/exaudi.org\\\/es\\\/cardenal-arizmendi-obispos-y-revocacion-de-mandato\\\/#article\",\"isPartOf\":{\"@id\":\"https:\\\/\\\/exaudi.org\\\/es\\\/cardenal-arizmendi-obispos-y-revocacion-de-mandato\\\/\"},\"author\":{\"name\":\"Cardenal Felipe Arizmendi\",\"@id\":\"https:\\\/\\\/exaudi.org\\\/#\\\/schema\\\/person\\\/c7d223f87e58f1105d044d8da1439102\"},\"headline\":\"Cardenal Arizmendi: Obispos y revocaci\u00f3n de mandato\",\"datePublished\":\"2022-03-23T08:00:35+00:00\",\"dateModified\":\"2022-03-23T13:58:11+00:00\",\"mainEntityOfPage\":{\"@id\":\"https:\\\/\\\/exaudi.org\\\/es\\\/cardenal-arizmendi-obispos-y-revocacion-de-mandato\\\/\"},\"wordCount\":1044,\"image\":{\"@id\":\"https:\\\/\\\/exaudi.org\\\/es\\\/cardenal-arizmendi-obispos-y-revocacion-de-mandato\\\/#primaryimage\"},\"thumbnailUrl\":\"https:\\\/\\\/exaudi.org\\\/wp-content\\\/uploads\\\/2022\\\/03\\\/joakim-honkasalo-DurC25GdOvk-unsplash-scaled.jpg\",\"keywords\":[\"Cardenal Felipe Arizmendi\",\"Democracia\",\"obispos\",\"Revocaci\u00f3n\",\"Trending\"],\"articleSection\":[\"Voces\"],\"inLanguage\":\"es\"},{\"@type\":\"WebPage\",\"@id\":\"https:\\\/\\\/exaudi.org\\\/es\\\/cardenal-arizmendi-obispos-y-revocacion-de-mandato\\\/\",\"url\":\"https:\\\/\\\/exaudi.org\\\/es\\\/cardenal-arizmendi-obispos-y-revocacion-de-mandato\\\/\",\"name\":\"Cardenal Arizmendi: Obispos y revocaci\u00f3n de mandato &#8211; Exaudi\",\"isPartOf\":{\"@id\":\"https:\\\/\\\/exaudi.org\\\/#website\"},\"primaryImageOfPage\":{\"@id\":\"https:\\\/\\\/exaudi.org\\\/es\\\/cardenal-arizmendi-obispos-y-revocacion-de-mandato\\\/#primaryimage\"},\"image\":{\"@id\":\"https:\\\/\\\/exaudi.org\\\/es\\\/cardenal-arizmendi-obispos-y-revocacion-de-mandato\\\/#primaryimage\"},\"thumbnailUrl\":\"https:\\\/\\\/exaudi.org\\\/wp-content\\\/uploads\\\/2022\\\/03\\\/joakim-honkasalo-DurC25GdOvk-unsplash-scaled.jpg\",\"datePublished\":\"2022-03-23T08:00:35+00:00\",\"dateModified\":\"2022-03-23T13:58:11+00:00\",\"author\":{\"@id\":\"https:\\\/\\\/exaudi.org\\\/#\\\/schema\\\/person\\\/c7d223f87e58f1105d044d8da1439102\"},\"description\":\"El\u00a0cardenal Felipe Arizmendi ofrece a los lectores de Exaudi su art\u00edculo semanal titulado \u201cObispos y revocaci\u00f3n de mandato\u201d\",\"breadcrumb\":{\"@id\":\"https:\\\/\\\/exaudi.org\\\/es\\\/cardenal-arizmendi-obispos-y-revocacion-de-mandato\\\/#breadcrumb\"},\"inLanguage\":\"es\",\"potentialAction\":[{\"@type\":\"ReadAction\",\"target\":[\"https:\\\/\\\/exaudi.org\\\/es\\\/cardenal-arizmendi-obispos-y-revocacion-de-mandato\\\/\"]}]},{\"@type\":\"ImageObject\",\"inLanguage\":\"es\",\"@id\":\"https:\\\/\\\/exaudi.org\\\/es\\\/cardenal-arizmendi-obispos-y-revocacion-de-mandato\\\/#primaryimage\",\"url\":\"https:\\\/\\\/exaudi.org\\\/wp-content\\\/uploads\\\/2022\\\/03\\\/joakim-honkasalo-DurC25GdOvk-unsplash-scaled.jpg\",\"contentUrl\":\"https:\\\/\\\/exaudi.org\\\/wp-content\\\/uploads\\\/2022\\\/03\\\/joakim-honkasalo-DurC25GdOvk-unsplash-scaled.jpg\",\"width\":2560,\"height\":1904,\"caption\":\"Parlamento \u00a9 Unsplash. Joakim Honkasalo\"},{\"@type\":\"BreadcrumbList\",\"@id\":\"https:\\\/\\\/exaudi.org\\\/es\\\/cardenal-arizmendi-obispos-y-revocacion-de-mandato\\\/#breadcrumb\",\"itemListElement\":[{\"@type\":\"ListItem\",\"position\":1,\"name\":\"Portada\",\"item\":\"https:\\\/\\\/exaudi.org\\\/es\\\/\"},{\"@type\":\"ListItem\",\"position\":2,\"name\":\"Cardenal Arizmendi: Obispos y revocaci\u00f3n de mandato\"}]},{\"@type\":\"WebSite\",\"@id\":\"https:\\\/\\\/exaudi.org\\\/#website\",\"url\":\"https:\\\/\\\/exaudi.org\\\/\",\"name\":\"Exaudi\",\"description\":\"News\",\"potentialAction\":[{\"@type\":\"SearchAction\",\"target\":{\"@type\":\"EntryPoint\",\"urlTemplate\":\"https:\\\/\\\/exaudi.org\\\/?s={search_term_string}\"},\"query-input\":{\"@type\":\"PropertyValueSpecification\",\"valueRequired\":true,\"valueName\":\"search_term_string\"}}],\"inLanguage\":\"es\"},{\"@type\":\"Person\",\"@id\":\"https:\\\/\\\/exaudi.org\\\/#\\\/schema\\\/person\\\/c7d223f87e58f1105d044d8da1439102\",\"name\":\"Cardenal Felipe Arizmendi\",\"image\":{\"@type\":\"ImageObject\",\"inLanguage\":\"es\",\"@id\":\"https:\\\/\\\/secure.gravatar.com\\\/avatar\\\/4ffc5520d896b86d39346168903de33a17ef0f23d16de0ff45062c1ff422ed2f?s=96&d=mm&r=g\",\"url\":\"https:\\\/\\\/secure.gravatar.com\\\/avatar\\\/4ffc5520d896b86d39346168903de33a17ef0f23d16de0ff45062c1ff422ed2f?s=96&d=mm&r=g\",\"contentUrl\":\"https:\\\/\\\/secure.gravatar.com\\\/avatar\\\/4ffc5520d896b86d39346168903de33a17ef0f23d16de0ff45062c1ff422ed2f?s=96&d=mm&r=g\",\"caption\":\"Cardenal Felipe Arizmendi\"},\"description\":\"Nacido en Chiltepec el 1 de mayo de 1940. Estudi\u00f3 Humanidades y Filosof\u00eda en el Seminario de Toluca, de 1952 a 1959. Curs\u00f3 la Teolog\u00eda en la Universidad Pontificia de Salamanca, Espa\u00f1a, de 1959 a 1963, obteniendo la licenciatura en Teolog\u00eda Dogm\u00e1tica. Por su cuenta, se especializ\u00f3 en Liturgia. Fue ordenado sacerdote el 25 de agosto de 1963 en Toluca. Sirvi\u00f3 como Vicario Parroquial en tres parroquias por tres a\u00f1os y medio y fue p\u00e1rroco de una comunidad ind\u00edgena otom\u00ed, de 1967 a 1970. Fue Director Espiritual del Seminario de Toluca por diez a\u00f1os, y Rector del mismo de 1981 a 1991. El 7 de marzo de 1991, fue ordenado obispo de la di\u00f3cesis de Tapachula, donde estuvo hasta el 30 de abril del a\u00f1o 2000. El 1 de mayo del 2000, inici\u00f3 su ministerio episcopal como XLVI obispo de la di\u00f3cesis de San Crist\u00f3bal de las Casas, Chiapas, una de las di\u00f3cesis m\u00e1s antiguas de M\u00e9xico, erigida en 1539; all\u00ed sirvi\u00f3 por casi 18 a\u00f1os. Ha ocupado diversos cargos en la Conferencia del Episcopado Mexicano y en el CELAM. El 3 de noviembre de 2017, el Papa Francisco le acept\u00f3, por edad, su renuncia al servicio episcopal en esta di\u00f3cesis, que entreg\u00f3 a su sucesor el 3 de enero de 2018. Desde entonces, reside en la ciudad de Toluca. Desde 1979, escribe art\u00edculos de actualidad en varios medios religiosos y civiles. Es autor de varias publicaciones.\",\"url\":\"https:\\\/\\\/exaudi.org\\\/es\\\/author\\\/felipearizmendi\\\/\"}]}<\/script>\n<!-- \/ Yoast SEO plugin. -->","yoast_head_json":{"title":"Cardenal Arizmendi: Obispos y revocaci\u00f3n de mandato &#8211; Exaudi","description":"El\u00a0cardenal Felipe Arizmendi ofrece a los lectores de Exaudi su art\u00edculo semanal titulado \u201cObispos y revocaci\u00f3n de mandato\u201d","robots":{"index":"index","follow":"follow","max-snippet":"max-snippet:-1","max-image-preview":"max-image-preview:large","max-video-preview":"max-video-preview:-1"},"canonical":"https:\/\/exaudi.org\/es\/cardenal-arizmendi-obispos-y-revocacion-de-mandato\/","og_locale":"es_ES","og_type":"article","og_title":"Cardenal Arizmendi: Obispos y revocaci\u00f3n de mandato &#8211; Exaudi","og_description":"El\u00a0cardenal Felipe Arizmendi ofrece a los lectores de Exaudi su art\u00edculo semanal titulado \u201cObispos y revocaci\u00f3n de mandato\u201d","og_url":"https:\/\/exaudi.org\/es\/cardenal-arizmendi-obispos-y-revocacion-de-mandato\/","og_site_name":"Exaudi","article_publisher":"https:\/\/www.facebook.com\/ExaudiNews","article_published_time":"2022-03-23T08:00:35+00:00","article_modified_time":"2022-03-23T13:58:11+00:00","og_image":[{"width":2560,"height":1904,"url":"https:\/\/exaudi.org\/wp-content\/uploads\/2022\/03\/joakim-honkasalo-DurC25GdOvk-unsplash-scaled.jpg","type":"image\/jpeg"}],"author":"Cardenal Felipe Arizmendi","twitter_card":"summary_large_image","twitter_creator":"@Exaudi_News","twitter_site":"@Exaudi_News","twitter_misc":{"Escrito por":"Cardenal Felipe Arizmendi","Tiempo de lectura":"5 minutos"},"schema":{"@context":"https:\/\/schema.org","@graph":[{"@type":"Article","@id":"https:\/\/exaudi.org\/es\/cardenal-arizmendi-obispos-y-revocacion-de-mandato\/#article","isPartOf":{"@id":"https:\/\/exaudi.org\/es\/cardenal-arizmendi-obispos-y-revocacion-de-mandato\/"},"author":{"name":"Cardenal Felipe Arizmendi","@id":"https:\/\/exaudi.org\/#\/schema\/person\/c7d223f87e58f1105d044d8da1439102"},"headline":"Cardenal Arizmendi: Obispos y revocaci\u00f3n de mandato","datePublished":"2022-03-23T08:00:35+00:00","dateModified":"2022-03-23T13:58:11+00:00","mainEntityOfPage":{"@id":"https:\/\/exaudi.org\/es\/cardenal-arizmendi-obispos-y-revocacion-de-mandato\/"},"wordCount":1044,"image":{"@id":"https:\/\/exaudi.org\/es\/cardenal-arizmendi-obispos-y-revocacion-de-mandato\/#primaryimage"},"thumbnailUrl":"https:\/\/exaudi.org\/wp-content\/uploads\/2022\/03\/joakim-honkasalo-DurC25GdOvk-unsplash-scaled.jpg","keywords":["Cardenal Felipe Arizmendi","Democracia","obispos","Revocaci\u00f3n","Trending"],"articleSection":["Voces"],"inLanguage":"es"},{"@type":"WebPage","@id":"https:\/\/exaudi.org\/es\/cardenal-arizmendi-obispos-y-revocacion-de-mandato\/","url":"https:\/\/exaudi.org\/es\/cardenal-arizmendi-obispos-y-revocacion-de-mandato\/","name":"Cardenal Arizmendi: Obispos y revocaci\u00f3n de mandato &#8211; Exaudi","isPartOf":{"@id":"https:\/\/exaudi.org\/#website"},"primaryImageOfPage":{"@id":"https:\/\/exaudi.org\/es\/cardenal-arizmendi-obispos-y-revocacion-de-mandato\/#primaryimage"},"image":{"@id":"https:\/\/exaudi.org\/es\/cardenal-arizmendi-obispos-y-revocacion-de-mandato\/#primaryimage"},"thumbnailUrl":"https:\/\/exaudi.org\/wp-content\/uploads\/2022\/03\/joakim-honkasalo-DurC25GdOvk-unsplash-scaled.jpg","datePublished":"2022-03-23T08:00:35+00:00","dateModified":"2022-03-23T13:58:11+00:00","author":{"@id":"https:\/\/exaudi.org\/#\/schema\/person\/c7d223f87e58f1105d044d8da1439102"},"description":"El\u00a0cardenal Felipe Arizmendi ofrece a los lectores de Exaudi su art\u00edculo semanal titulado \u201cObispos y revocaci\u00f3n de mandato\u201d","breadcrumb":{"@id":"https:\/\/exaudi.org\/es\/cardenal-arizmendi-obispos-y-revocacion-de-mandato\/#breadcrumb"},"inLanguage":"es","potentialAction":[{"@type":"ReadAction","target":["https:\/\/exaudi.org\/es\/cardenal-arizmendi-obispos-y-revocacion-de-mandato\/"]}]},{"@type":"ImageObject","inLanguage":"es","@id":"https:\/\/exaudi.org\/es\/cardenal-arizmendi-obispos-y-revocacion-de-mandato\/#primaryimage","url":"https:\/\/exaudi.org\/wp-content\/uploads\/2022\/03\/joakim-honkasalo-DurC25GdOvk-unsplash-scaled.jpg","contentUrl":"https:\/\/exaudi.org\/wp-content\/uploads\/2022\/03\/joakim-honkasalo-DurC25GdOvk-unsplash-scaled.jpg","width":2560,"height":1904,"caption":"Parlamento \u00a9 Unsplash. Joakim Honkasalo"},{"@type":"BreadcrumbList","@id":"https:\/\/exaudi.org\/es\/cardenal-arizmendi-obispos-y-revocacion-de-mandato\/#breadcrumb","itemListElement":[{"@type":"ListItem","position":1,"name":"Portada","item":"https:\/\/exaudi.org\/es\/"},{"@type":"ListItem","position":2,"name":"Cardenal Arizmendi: Obispos y revocaci\u00f3n de mandato"}]},{"@type":"WebSite","@id":"https:\/\/exaudi.org\/#website","url":"https:\/\/exaudi.org\/","name":"Exaudi","description":"News","potentialAction":[{"@type":"SearchAction","target":{"@type":"EntryPoint","urlTemplate":"https:\/\/exaudi.org\/?s={search_term_string}"},"query-input":{"@type":"PropertyValueSpecification","valueRequired":true,"valueName":"search_term_string"}}],"inLanguage":"es"},{"@type":"Person","@id":"https:\/\/exaudi.org\/#\/schema\/person\/c7d223f87e58f1105d044d8da1439102","name":"Cardenal Felipe Arizmendi","image":{"@type":"ImageObject","inLanguage":"es","@id":"https:\/\/secure.gravatar.com\/avatar\/4ffc5520d896b86d39346168903de33a17ef0f23d16de0ff45062c1ff422ed2f?s=96&d=mm&r=g","url":"https:\/\/secure.gravatar.com\/avatar\/4ffc5520d896b86d39346168903de33a17ef0f23d16de0ff45062c1ff422ed2f?s=96&d=mm&r=g","contentUrl":"https:\/\/secure.gravatar.com\/avatar\/4ffc5520d896b86d39346168903de33a17ef0f23d16de0ff45062c1ff422ed2f?s=96&d=mm&r=g","caption":"Cardenal Felipe Arizmendi"},"description":"Nacido en Chiltepec el 1 de mayo de 1940. Estudi\u00f3 Humanidades y Filosof\u00eda en el Seminario de Toluca, de 1952 a 1959. Curs\u00f3 la Teolog\u00eda en la Universidad Pontificia de Salamanca, Espa\u00f1a, de 1959 a 1963, obteniendo la licenciatura en Teolog\u00eda Dogm\u00e1tica. Por su cuenta, se especializ\u00f3 en Liturgia. Fue ordenado sacerdote el 25 de agosto de 1963 en Toluca. Sirvi\u00f3 como Vicario Parroquial en tres parroquias por tres a\u00f1os y medio y fue p\u00e1rroco de una comunidad ind\u00edgena otom\u00ed, de 1967 a 1970. Fue Director Espiritual del Seminario de Toluca por diez a\u00f1os, y Rector del mismo de 1981 a 1991. El 7 de marzo de 1991, fue ordenado obispo de la di\u00f3cesis de Tapachula, donde estuvo hasta el 30 de abril del a\u00f1o 2000. El 1 de mayo del 2000, inici\u00f3 su ministerio episcopal como XLVI obispo de la di\u00f3cesis de San Crist\u00f3bal de las Casas, Chiapas, una de las di\u00f3cesis m\u00e1s antiguas de M\u00e9xico, erigida en 1539; all\u00ed sirvi\u00f3 por casi 18 a\u00f1os. Ha ocupado diversos cargos en la Conferencia del Episcopado Mexicano y en el CELAM. El 3 de noviembre de 2017, el Papa Francisco le acept\u00f3, por edad, su renuncia al servicio episcopal en esta di\u00f3cesis, que entreg\u00f3 a su sucesor el 3 de enero de 2018. Desde entonces, reside en la ciudad de Toluca. Desde 1979, escribe art\u00edculos de actualidad en varios medios religiosos y civiles. Es autor de varias publicaciones.","url":"https:\/\/exaudi.org\/es\/author\/felipearizmendi\/"}]}},"jetpack_featured_media_url":"https:\/\/exaudi.org\/wp-content\/uploads\/2022\/03\/joakim-honkasalo-DurC25GdOvk-unsplash-scaled.jpg","jetpack_shortlink":"https:\/\/wp.me\/pgKjF2-ehn","_links":{"self":[{"href":"https:\/\/exaudi.org\/es\/wp-json\/wp\/v2\/posts\/54893","targetHints":{"allow":["GET"]}}],"collection":[{"href":"https:\/\/exaudi.org\/es\/wp-json\/wp\/v2\/posts"}],"about":[{"href":"https:\/\/exaudi.org\/es\/wp-json\/wp\/v2\/types\/post"}],"author":[{"embeddable":true,"href":"https:\/\/exaudi.org\/es\/wp-json\/wp\/v2\/users\/24"}],"replies":[{"embeddable":true,"href":"https:\/\/exaudi.org\/es\/wp-json\/wp\/v2\/comments?post=54893"}],"version-history":[{"count":0,"href":"https:\/\/exaudi.org\/es\/wp-json\/wp\/v2\/posts\/54893\/revisions"}],"wp:featuredmedia":[{"embeddable":true,"href":"https:\/\/exaudi.org\/es\/wp-json\/wp\/v2\/media\/54895"}],"wp:attachment":[{"href":"https:\/\/exaudi.org\/es\/wp-json\/wp\/v2\/media?parent=54893"}],"wp:term":[{"taxonomy":"category","embeddable":true,"href":"https:\/\/exaudi.org\/es\/wp-json\/wp\/v2\/categories?post=54893"},{"taxonomy":"post_tag","embeddable":true,"href":"https:\/\/exaudi.org\/es\/wp-json\/wp\/v2\/tags?post=54893"}],"curies":[{"name":"wp","href":"https:\/\/api.w.org\/{rel}","templated":true}]}}