{"id":54783,"date":"2022-03-21T16:46:44","date_gmt":"2022-03-21T15:46:44","guid":{"rendered":"https:\/\/exaudi.org\/?p=54783"},"modified":"2022-03-22T15:58:29","modified_gmt":"2022-03-22T14:58:29","slug":"libano-el-papa-recibe-al-presidente-de-la-republica","status":"publish","type":"post","link":"https:\/\/exaudi.org\/es\/libano-el-papa-recibe-al-presidente-de-la-republica\/","title":{"rendered":"L\u00edbano: El Papa recibe al presidente de la Rep\u00fablica"},"content":{"rendered":"<p>En la ma\u00f1ana de hoy, 21 de marzo de 22, el Papa Francisco recibi\u00f3 en audiencia al presidente de la Rep\u00fablica del L\u00edbano, Michel Aoun, quien posteriormente se reuni\u00f3 con Su Eminencia el cardenal secretario de Estado Pietro Parolin, acompa\u00f1ado por Mons. Paul Richard Gallagher, secretario para las Relaciones con los Estados.<\/p>\n<p><img loading=\"lazy\" decoding=\"async\" class=\"size-medium wp-image-54788 alignleft\" src=\"https:\/\/exaudi.org\/wp-content\/uploads\/2022\/03\/MTC0123-300x200.jpg\" alt=\"\" width=\"300\" height=\"200\" srcset=\"https:\/\/exaudi.org\/wp-content\/uploads\/2022\/03\/MTC0123-300x200.jpg 300w, https:\/\/exaudi.org\/wp-content\/uploads\/2022\/03\/MTC0123-1024x683.jpg 1024w, https:\/\/exaudi.org\/wp-content\/uploads\/2022\/03\/MTC0123-770x513.jpg 770w, https:\/\/exaudi.org\/wp-content\/uploads\/2022\/03\/MTC0123-1536x1024.jpg 1536w, https:\/\/exaudi.org\/wp-content\/uploads\/2022\/03\/MTC0123-2048x1365.jpg 2048w, https:\/\/exaudi.org\/wp-content\/uploads\/2022\/03\/MTC0123-360x240.jpg?crop=1 360w, https:\/\/exaudi.org\/wp-content\/uploads\/2022\/03\/MTC0123-500x333.jpg 500w, https:\/\/exaudi.org\/wp-content\/uploads\/2022\/03\/MTC0123-1155x770.jpg 1155w, https:\/\/exaudi.org\/wp-content\/uploads\/2022\/03\/MTC0123-370x247.jpg 370w, https:\/\/exaudi.org\/wp-content\/uploads\/2022\/03\/MTC0123-293x195.jpg 293w, https:\/\/exaudi.org\/wp-content\/uploads\/2022\/03\/MTC0123-1400x933.jpg 1400w, https:\/\/exaudi.org\/wp-content\/uploads\/2022\/03\/MTC0123-120x80.jpg 120w, https:\/\/exaudi.org\/wp-content\/uploads\/2022\/03\/MTC0123-240x160.jpg 240w, https:\/\/exaudi.org\/wp-content\/uploads\/2022\/03\/MTC0123-390x260.jpg 390w\" sizes=\"auto, (max-width: 300px) 100vw, 300px\" \/>Seg\u00fan inform\u00f3 la Oficina de Prensa de la Santa Sede, durante las cordiales conversaciones en la Secretar\u00eda de Estado, se destac\u00f3 la importancia de las buenas relaciones diplom\u00e1ticas entre la Santa Sede y el L\u00edbano, que este a\u00f1o alcanzan su septuag\u00e9simo quinto aniversario.<\/p>\n<p>A continuaci\u00f3n, se abordaron los graves problemas socioecon\u00f3micos que atraviesa el pa\u00eds y la situaci\u00f3n de los refugiados, con la esperanza de que la ayuda de la comunidad internacional, las pr\u00f3ximas elecciones legislativas y las reformas necesarias contribuyan a reforzar la convivencia pac\u00edfica entre las distintas confesiones religiosas que viven en el Pa\u00eds de los Cedros.<\/p>\n<p>Por \u00faltimo, se mencionaron las desastrosas consecuencias de la explosi\u00f3n en el puerto de Beirut el 4 de agosto de 2020, con referencia a la demanda de justicia y verdad expresada por las familias de las v\u00edctimas.<\/p>\n<h2><strong>Llamamiento del Papa Francisco<\/strong><\/h2>\n<p>\u201cHoy hago un llamamiento tambi\u00e9n a la comunidad internacional, pidiendo que ayude al L\u00edbano a realizar un camino de \u2018resurrecci\u00f3n\u2019, con gestos concretos, no solamente con palabras, sino con gestos concretos\u201d.<\/p>\n<p><img loading=\"lazy\" decoding=\"async\" class=\"size-medium wp-image-54791 alignright\" src=\"https:\/\/exaudi.org\/wp-content\/uploads\/2022\/03\/RIP6643-1-300x200.jpg\" alt=\"\" width=\"300\" height=\"200\" srcset=\"https:\/\/exaudi.org\/wp-content\/uploads\/2022\/03\/RIP6643-1-300x200.jpg 300w, https:\/\/exaudi.org\/wp-content\/uploads\/2022\/03\/RIP6643-1-1024x683.jpg 1024w, https:\/\/exaudi.org\/wp-content\/uploads\/2022\/03\/RIP6643-1-770x513.jpg 770w, https:\/\/exaudi.org\/wp-content\/uploads\/2022\/03\/RIP6643-1-1536x1024.jpg 1536w, https:\/\/exaudi.org\/wp-content\/uploads\/2022\/03\/RIP6643-1-2048x1365.jpg 2048w, https:\/\/exaudi.org\/wp-content\/uploads\/2022\/03\/RIP6643-1-360x240.jpg?crop=1 360w, https:\/\/exaudi.org\/wp-content\/uploads\/2022\/03\/RIP6643-1-500x333.jpg 500w, https:\/\/exaudi.org\/wp-content\/uploads\/2022\/03\/RIP6643-1-1155x770.jpg 1155w, https:\/\/exaudi.org\/wp-content\/uploads\/2022\/03\/RIP6643-1-370x247.jpg 370w, https:\/\/exaudi.org\/wp-content\/uploads\/2022\/03\/RIP6643-1-293x195.jpg 293w, https:\/\/exaudi.org\/wp-content\/uploads\/2022\/03\/RIP6643-1-1400x933.jpg 1400w, https:\/\/exaudi.org\/wp-content\/uploads\/2022\/03\/RIP6643-1-120x80.jpg 120w, https:\/\/exaudi.org\/wp-content\/uploads\/2022\/03\/RIP6643-1-240x160.jpg 240w, https:\/\/exaudi.org\/wp-content\/uploads\/2022\/03\/RIP6643-1-390x260.jpg 390w\" sizes=\"auto, (max-width: 300px) 100vw, 300px\" \/>Este fue el firme <a href=\"https:\/\/exaudi.org\/es\/el-papa-pide-ayuda-para-cumplir-el-camino-de-resurreccion-de-libano\/\" target=\"_blank\" rel=\"noopener\">llamamiento del Papa Francisco a favor del L\u00edbano<\/a> al concluir su audiencia general del 4 de agosto de 2022 en el Aula Pablo VI del Vaticano, la primera desde su tradicional descanso de julio y la operaci\u00f3n de colon del 4 de julio<\/p>\n<p>Francisco ha dirigido su pensamiento \u201ca ese querido pa\u00eds, sobre todo a las v\u00edctimas, a sus familias, a los muchos heridos y a los que perdieron la casa y el trabajo, y muchos que perdieron la ilusi\u00f3n de vivir\u201d. Asimismo, record\u00f3 que en la\u00a0<a href=\"https:\/\/exaudi.wpengine.com\/es\/el-papa-pide-que-libano-vuelva-a-irradiar-la-luz-de-la-paz\/\" target=\"_blank\" rel=\"noopener\">Jornada de Oraci\u00f3n y Reflexi\u00f3n por el L\u00edbano<\/a>\u00a0del pasado 1 de julio, \u201cjunto a los l\u00edderes religiosos cristianos, escuchamos las aspiraciones y las expectativas del pueblo liban\u00e9s, cansado y decepcionado, e invocamos a Dios luz de esperanza para superar la dura crisis\u201d. Tras el citado llamamiento a la comunidad internacional, dese\u00f3 \u201cque en tal sentido sea fruct\u00edfera la Conferencia que se est\u00e1 celebrando, promovida por Francia y las\u00a0<a href=\"https:\/\/www.un.org\/es\/\" target=\"_blank\" rel=\"noopener\">Naciones Unidas<\/a>\u201d.<\/p>\n<p>Finalmente, el Papa transmiti\u00f3 a los libaneses que su deseo de ir a visitarlos \u201ces grande\u201d y que no se cansa \u201cde rezar por vosotros, para que el L\u00edbano vuelva a ser un mensaje de fraternidad, un mensaje de paz para todo Oriente Medio\u201d.<\/p>\n","protected":false},"excerpt":{"rendered":"<p>Michel Aoun<\/p>\n","protected":false},"author":15,"featured_media":54785,"comment_status":"closed","ping_status":"closed","sticky":false,"template":"","format":"standard","meta":{"_acf_changed":false,"_crdt_document":"","inline_featured_image":false,"footnotes":""},"categories":[68],"tags":[408,6152,158],"class_list":["post-54783","post","type-post","status-publish","format-standard","has-post-thumbnail","hentry","category-leon-xiv","tag-libano","tag-michel-aoun","tag-papa-francisco"],"acf":[],"yoast_head":"<!-- This site is optimized with the Yoast SEO plugin v27.5 - https:\/\/yoast.com\/product\/yoast-seo-wordpress\/ -->\n<title>L\u00edbano: El Papa recibe al presidente de la Rep\u00fablica &#8211; Exaudi<\/title>\n<meta name=\"description\" content=\"En la ma\u00f1ana de hoy, 21 de marzo de 22, el Papa Francisco recibi\u00f3 en audiencia al presidente de la Rep\u00fablica del L\u00edbano, Michel Aoun,\" \/>\n<meta name=\"robots\" content=\"index, follow, max-snippet:-1, max-image-preview:large, max-video-preview:-1\" \/>\n<link rel=\"canonical\" href=\"https:\/\/exaudi.org\/es\/libano-el-papa-recibe-al-presidente-de-la-republica\/\" \/>\n<meta property=\"og:locale\" content=\"es_ES\" \/>\n<meta property=\"og:type\" content=\"article\" \/>\n<meta property=\"og:title\" content=\"L\u00edbano: El Papa recibe al presidente de la Rep\u00fablica &#8211; Exaudi\" \/>\n<meta property=\"og:description\" content=\"En la ma\u00f1ana de hoy, 21 de marzo de 22, el Papa Francisco recibi\u00f3 en audiencia al presidente de la Rep\u00fablica del L\u00edbano, Michel Aoun,\" \/>\n<meta property=\"og:url\" content=\"https:\/\/exaudi.org\/es\/libano-el-papa-recibe-al-presidente-de-la-republica\/\" \/>\n<meta property=\"og:site_name\" content=\"Exaudi\" \/>\n<meta property=\"article:publisher\" content=\"https:\/\/www.facebook.com\/ExaudiNews\" \/>\n<meta property=\"article:author\" content=\"https:\/\/www.facebook.com\/ExaudiNoticias\/\" \/>\n<meta property=\"article:published_time\" content=\"2022-03-21T15:46:44+00:00\" \/>\n<meta property=\"article:modified_time\" content=\"2022-03-22T14:58:29+00:00\" \/>\n<meta property=\"og:image\" content=\"https:\/\/exaudi.org\/wp-content\/uploads\/2022\/03\/RIP6491-scaled.jpg\" \/>\n\t<meta property=\"og:image:width\" content=\"2560\" \/>\n\t<meta property=\"og:image:height\" content=\"1707\" \/>\n\t<meta property=\"og:image:type\" content=\"image\/jpeg\" \/>\n<meta name=\"author\" content=\"Exaudi Redacci\u00f3n\" \/>\n<meta name=\"twitter:card\" content=\"summary_large_image\" \/>\n<meta name=\"twitter:creator\" content=\"@Exaudi_noticias\" \/>\n<meta name=\"twitter:site\" content=\"@Exaudi_News\" \/>\n<meta name=\"twitter:label1\" content=\"Escrito por\" \/>\n\t<meta name=\"twitter:data1\" content=\"Exaudi Redacci\u00f3n\" \/>\n\t<meta name=\"twitter:label2\" content=\"Tiempo de lectura\" \/>\n\t<meta name=\"twitter:data2\" content=\"2 minutos\" \/>\n<script type=\"application\/ld+json\" class=\"yoast-schema-graph\">{\"@context\":\"https:\\\/\\\/schema.org\",\"@graph\":[{\"@type\":\"Article\",\"@id\":\"https:\\\/\\\/exaudi.org\\\/es\\\/libano-el-papa-recibe-al-presidente-de-la-republica\\\/#article\",\"isPartOf\":{\"@id\":\"https:\\\/\\\/exaudi.org\\\/es\\\/libano-el-papa-recibe-al-presidente-de-la-republica\\\/\"},\"author\":{\"name\":\"Exaudi Redacci\u00f3n\",\"@id\":\"https:\\\/\\\/exaudi.org\\\/#\\\/schema\\\/person\\\/f5fc8f063065e38742da7afe15f25df7\"},\"headline\":\"L\u00edbano: El Papa recibe al presidente de la Rep\u00fablica\",\"datePublished\":\"2022-03-21T15:46:44+00:00\",\"dateModified\":\"2022-03-22T14:58:29+00:00\",\"mainEntityOfPage\":{\"@id\":\"https:\\\/\\\/exaudi.org\\\/es\\\/libano-el-papa-recibe-al-presidente-de-la-republica\\\/\"},\"wordCount\":466,\"image\":{\"@id\":\"https:\\\/\\\/exaudi.org\\\/es\\\/libano-el-papa-recibe-al-presidente-de-la-republica\\\/#primaryimage\"},\"thumbnailUrl\":\"https:\\\/\\\/exaudi.org\\\/wp-content\\\/uploads\\\/2022\\\/03\\\/RIP6491-scaled.jpg\",\"keywords\":[\"L\u00edbano\",\"Michel Aoun\",\"papa francisco\"],\"articleSection\":[\"Le\u00f3n XIV\"],\"inLanguage\":\"es\"},{\"@type\":\"WebPage\",\"@id\":\"https:\\\/\\\/exaudi.org\\\/es\\\/libano-el-papa-recibe-al-presidente-de-la-republica\\\/\",\"url\":\"https:\\\/\\\/exaudi.org\\\/es\\\/libano-el-papa-recibe-al-presidente-de-la-republica\\\/\",\"name\":\"L\u00edbano: El Papa recibe al presidente de la Rep\u00fablica &#8211; Exaudi\",\"isPartOf\":{\"@id\":\"https:\\\/\\\/exaudi.org\\\/#website\"},\"primaryImageOfPage\":{\"@id\":\"https:\\\/\\\/exaudi.org\\\/es\\\/libano-el-papa-recibe-al-presidente-de-la-republica\\\/#primaryimage\"},\"image\":{\"@id\":\"https:\\\/\\\/exaudi.org\\\/es\\\/libano-el-papa-recibe-al-presidente-de-la-republica\\\/#primaryimage\"},\"thumbnailUrl\":\"https:\\\/\\\/exaudi.org\\\/wp-content\\\/uploads\\\/2022\\\/03\\\/RIP6491-scaled.jpg\",\"datePublished\":\"2022-03-21T15:46:44+00:00\",\"dateModified\":\"2022-03-22T14:58:29+00:00\",\"author\":{\"@id\":\"https:\\\/\\\/exaudi.org\\\/#\\\/schema\\\/person\\\/f5fc8f063065e38742da7afe15f25df7\"},\"description\":\"En la ma\u00f1ana de hoy, 21 de marzo de 22, el Papa Francisco recibi\u00f3 en audiencia al presidente de la Rep\u00fablica del L\u00edbano, Michel Aoun,\",\"breadcrumb\":{\"@id\":\"https:\\\/\\\/exaudi.org\\\/es\\\/libano-el-papa-recibe-al-presidente-de-la-republica\\\/#breadcrumb\"},\"inLanguage\":\"es\",\"potentialAction\":[{\"@type\":\"ReadAction\",\"target\":[\"https:\\\/\\\/exaudi.org\\\/es\\\/libano-el-papa-recibe-al-presidente-de-la-republica\\\/\"]}]},{\"@type\":\"ImageObject\",\"inLanguage\":\"es\",\"@id\":\"https:\\\/\\\/exaudi.org\\\/es\\\/libano-el-papa-recibe-al-presidente-de-la-republica\\\/#primaryimage\",\"url\":\"https:\\\/\\\/exaudi.org\\\/wp-content\\\/uploads\\\/2022\\\/03\\\/RIP6491-scaled.jpg\",\"contentUrl\":\"https:\\\/\\\/exaudi.org\\\/wp-content\\\/uploads\\\/2022\\\/03\\\/RIP6491-scaled.jpg\",\"width\":2560,\"height\":1707,\"caption\":\"El Papa Francisco recibe al presidente de la Rep\u00fablica del L\u00edbano, 21 marzo 2022 \u00a9 Vatican Media\"},{\"@type\":\"BreadcrumbList\",\"@id\":\"https:\\\/\\\/exaudi.org\\\/es\\\/libano-el-papa-recibe-al-presidente-de-la-republica\\\/#breadcrumb\",\"itemListElement\":[{\"@type\":\"ListItem\",\"position\":1,\"name\":\"Portada\",\"item\":\"https:\\\/\\\/exaudi.org\\\/es\\\/\"},{\"@type\":\"ListItem\",\"position\":2,\"name\":\"L\u00edbano: El Papa recibe al presidente de la Rep\u00fablica\"}]},{\"@type\":\"WebSite\",\"@id\":\"https:\\\/\\\/exaudi.org\\\/#website\",\"url\":\"https:\\\/\\\/exaudi.org\\\/\",\"name\":\"Exaudi\",\"description\":\"News\",\"potentialAction\":[{\"@type\":\"SearchAction\",\"target\":{\"@type\":\"EntryPoint\",\"urlTemplate\":\"https:\\\/\\\/exaudi.org\\\/?s={search_term_string}\"},\"query-input\":{\"@type\":\"PropertyValueSpecification\",\"valueRequired\":true,\"valueName\":\"search_term_string\"}}],\"inLanguage\":\"es\"},{\"@type\":\"Person\",\"@id\":\"https:\\\/\\\/exaudi.org\\\/#\\\/schema\\\/person\\\/f5fc8f063065e38742da7afe15f25df7\",\"name\":\"Exaudi Redacci\u00f3n\",\"image\":{\"@type\":\"ImageObject\",\"inLanguage\":\"es\",\"@id\":\"https:\\\/\\\/secure.gravatar.com\\\/avatar\\\/fe0f6a059fb68d9b3e11bc5850dd4899b1c7492091a3cb6dd9b01b56ad828be2?s=96&d=mm&r=g\",\"url\":\"https:\\\/\\\/secure.gravatar.com\\\/avatar\\\/fe0f6a059fb68d9b3e11bc5850dd4899b1c7492091a3cb6dd9b01b56ad828be2?s=96&d=mm&r=g\",\"contentUrl\":\"https:\\\/\\\/secure.gravatar.com\\\/avatar\\\/fe0f6a059fb68d9b3e11bc5850dd4899b1c7492091a3cb6dd9b01b56ad828be2?s=96&d=mm&r=g\",\"caption\":\"Exaudi Redacci\u00f3n\"},\"description\":\"\u00bfQu\u00e9 es Exaudi News? Exaudi News es un medio de comunicaci\u00f3n cat\u00f3lico internacional que informa, forma y transforma, diariamente en espa\u00f1ol, ingl\u00e9s e italiano. A trav\u00e9s de noticias, art\u00edculos de an\u00e1lisis y transmisiones en directo de los eventos del Papa, Exaudi busca fortalecer la unidad de los cristianos y contribuir a la evangelizaci\u00f3n del mundo, siempre guiados por la doctrina social de la Iglesia. Trabajamos para acercar la verdad y los valores cristianos a cada rinc\u00f3n del planeta. \u00a1Ay\u00fadanos a transformar el mundo con Exaudi! En Exaudi creemos que la evangelizaci\u00f3n y la informaci\u00f3n de calidad pueden cambiar vidas. Para continuar con nuestra misi\u00f3n y expandir nuestro alcance, necesitamos tu ayuda. Adem\u00e1s, buscamos personas comprometidas que deseen unirse a nuestro equipo. Con tu apoyo, lograremos llegar a m\u00e1s personas, difundir el mensaje de Cristo y reforzar la unidad de los cristianos. \u00bfTe unes a nuestra misi\u00f3n? Para m\u00e1s informaci\u00f3n sobre c\u00f3mo colaborar, visita Exaudi.org\\\/es o cont\u00e1ctanos directamente: info@exaudi.org Exaudi: Informa, forma y transforma.\",\"sameAs\":[\"https:\\\/\\\/www.facebook.com\\\/ExaudiNoticias\\\/\",\"https:\\\/\\\/www.instagram.com\\\/exaudi_noticias\\\/\",\"https:\\\/\\\/x.com\\\/Exaudi_noticias\",\"https:\\\/\\\/www.youtube.com\\\/@exaudicatholicnews\"],\"url\":\"https:\\\/\\\/exaudi.org\\\/es\\\/author\\\/redaccionexaudi\\\/\"}]}<\/script>\n<!-- \/ Yoast SEO plugin. -->","yoast_head_json":{"title":"L\u00edbano: El Papa recibe al presidente de la Rep\u00fablica &#8211; Exaudi","description":"En la ma\u00f1ana de hoy, 21 de marzo de 22, el Papa Francisco recibi\u00f3 en audiencia al presidente de la Rep\u00fablica del L\u00edbano, Michel Aoun,","robots":{"index":"index","follow":"follow","max-snippet":"max-snippet:-1","max-image-preview":"max-image-preview:large","max-video-preview":"max-video-preview:-1"},"canonical":"https:\/\/exaudi.org\/es\/libano-el-papa-recibe-al-presidente-de-la-republica\/","og_locale":"es_ES","og_type":"article","og_title":"L\u00edbano: El Papa recibe al presidente de la Rep\u00fablica &#8211; Exaudi","og_description":"En la ma\u00f1ana de hoy, 21 de marzo de 22, el Papa Francisco recibi\u00f3 en audiencia al presidente de la Rep\u00fablica del L\u00edbano, Michel Aoun,","og_url":"https:\/\/exaudi.org\/es\/libano-el-papa-recibe-al-presidente-de-la-republica\/","og_site_name":"Exaudi","article_publisher":"https:\/\/www.facebook.com\/ExaudiNews","article_author":"https:\/\/www.facebook.com\/ExaudiNoticias\/","article_published_time":"2022-03-21T15:46:44+00:00","article_modified_time":"2022-03-22T14:58:29+00:00","og_image":[{"width":2560,"height":1707,"url":"https:\/\/exaudi.org\/wp-content\/uploads\/2022\/03\/RIP6491-scaled.jpg","type":"image\/jpeg"}],"author":"Exaudi Redacci\u00f3n","twitter_card":"summary_large_image","twitter_creator":"@Exaudi_noticias","twitter_site":"@Exaudi_News","twitter_misc":{"Escrito por":"Exaudi Redacci\u00f3n","Tiempo de lectura":"2 minutos"},"schema":{"@context":"https:\/\/schema.org","@graph":[{"@type":"Article","@id":"https:\/\/exaudi.org\/es\/libano-el-papa-recibe-al-presidente-de-la-republica\/#article","isPartOf":{"@id":"https:\/\/exaudi.org\/es\/libano-el-papa-recibe-al-presidente-de-la-republica\/"},"author":{"name":"Exaudi Redacci\u00f3n","@id":"https:\/\/exaudi.org\/#\/schema\/person\/f5fc8f063065e38742da7afe15f25df7"},"headline":"L\u00edbano: El Papa recibe al presidente de la Rep\u00fablica","datePublished":"2022-03-21T15:46:44+00:00","dateModified":"2022-03-22T14:58:29+00:00","mainEntityOfPage":{"@id":"https:\/\/exaudi.org\/es\/libano-el-papa-recibe-al-presidente-de-la-republica\/"},"wordCount":466,"image":{"@id":"https:\/\/exaudi.org\/es\/libano-el-papa-recibe-al-presidente-de-la-republica\/#primaryimage"},"thumbnailUrl":"https:\/\/exaudi.org\/wp-content\/uploads\/2022\/03\/RIP6491-scaled.jpg","keywords":["L\u00edbano","Michel Aoun","papa francisco"],"articleSection":["Le\u00f3n XIV"],"inLanguage":"es"},{"@type":"WebPage","@id":"https:\/\/exaudi.org\/es\/libano-el-papa-recibe-al-presidente-de-la-republica\/","url":"https:\/\/exaudi.org\/es\/libano-el-papa-recibe-al-presidente-de-la-republica\/","name":"L\u00edbano: El Papa recibe al presidente de la Rep\u00fablica &#8211; Exaudi","isPartOf":{"@id":"https:\/\/exaudi.org\/#website"},"primaryImageOfPage":{"@id":"https:\/\/exaudi.org\/es\/libano-el-papa-recibe-al-presidente-de-la-republica\/#primaryimage"},"image":{"@id":"https:\/\/exaudi.org\/es\/libano-el-papa-recibe-al-presidente-de-la-republica\/#primaryimage"},"thumbnailUrl":"https:\/\/exaudi.org\/wp-content\/uploads\/2022\/03\/RIP6491-scaled.jpg","datePublished":"2022-03-21T15:46:44+00:00","dateModified":"2022-03-22T14:58:29+00:00","author":{"@id":"https:\/\/exaudi.org\/#\/schema\/person\/f5fc8f063065e38742da7afe15f25df7"},"description":"En la ma\u00f1ana de hoy, 21 de marzo de 22, el Papa Francisco recibi\u00f3 en audiencia al presidente de la Rep\u00fablica del L\u00edbano, Michel Aoun,","breadcrumb":{"@id":"https:\/\/exaudi.org\/es\/libano-el-papa-recibe-al-presidente-de-la-republica\/#breadcrumb"},"inLanguage":"es","potentialAction":[{"@type":"ReadAction","target":["https:\/\/exaudi.org\/es\/libano-el-papa-recibe-al-presidente-de-la-republica\/"]}]},{"@type":"ImageObject","inLanguage":"es","@id":"https:\/\/exaudi.org\/es\/libano-el-papa-recibe-al-presidente-de-la-republica\/#primaryimage","url":"https:\/\/exaudi.org\/wp-content\/uploads\/2022\/03\/RIP6491-scaled.jpg","contentUrl":"https:\/\/exaudi.org\/wp-content\/uploads\/2022\/03\/RIP6491-scaled.jpg","width":2560,"height":1707,"caption":"El Papa Francisco recibe al presidente de la Rep\u00fablica del L\u00edbano, 21 marzo 2022 \u00a9 Vatican Media"},{"@type":"BreadcrumbList","@id":"https:\/\/exaudi.org\/es\/libano-el-papa-recibe-al-presidente-de-la-republica\/#breadcrumb","itemListElement":[{"@type":"ListItem","position":1,"name":"Portada","item":"https:\/\/exaudi.org\/es\/"},{"@type":"ListItem","position":2,"name":"L\u00edbano: El Papa recibe al presidente de la Rep\u00fablica"}]},{"@type":"WebSite","@id":"https:\/\/exaudi.org\/#website","url":"https:\/\/exaudi.org\/","name":"Exaudi","description":"News","potentialAction":[{"@type":"SearchAction","target":{"@type":"EntryPoint","urlTemplate":"https:\/\/exaudi.org\/?s={search_term_string}"},"query-input":{"@type":"PropertyValueSpecification","valueRequired":true,"valueName":"search_term_string"}}],"inLanguage":"es"},{"@type":"Person","@id":"https:\/\/exaudi.org\/#\/schema\/person\/f5fc8f063065e38742da7afe15f25df7","name":"Exaudi Redacci\u00f3n","image":{"@type":"ImageObject","inLanguage":"es","@id":"https:\/\/secure.gravatar.com\/avatar\/fe0f6a059fb68d9b3e11bc5850dd4899b1c7492091a3cb6dd9b01b56ad828be2?s=96&d=mm&r=g","url":"https:\/\/secure.gravatar.com\/avatar\/fe0f6a059fb68d9b3e11bc5850dd4899b1c7492091a3cb6dd9b01b56ad828be2?s=96&d=mm&r=g","contentUrl":"https:\/\/secure.gravatar.com\/avatar\/fe0f6a059fb68d9b3e11bc5850dd4899b1c7492091a3cb6dd9b01b56ad828be2?s=96&d=mm&r=g","caption":"Exaudi Redacci\u00f3n"},"description":"\u00bfQu\u00e9 es Exaudi News? Exaudi News es un medio de comunicaci\u00f3n cat\u00f3lico internacional que informa, forma y transforma, diariamente en espa\u00f1ol, ingl\u00e9s e italiano. A trav\u00e9s de noticias, art\u00edculos de an\u00e1lisis y transmisiones en directo de los eventos del Papa, Exaudi busca fortalecer la unidad de los cristianos y contribuir a la evangelizaci\u00f3n del mundo, siempre guiados por la doctrina social de la Iglesia. Trabajamos para acercar la verdad y los valores cristianos a cada rinc\u00f3n del planeta. \u00a1Ay\u00fadanos a transformar el mundo con Exaudi! En Exaudi creemos que la evangelizaci\u00f3n y la informaci\u00f3n de calidad pueden cambiar vidas. Para continuar con nuestra misi\u00f3n y expandir nuestro alcance, necesitamos tu ayuda. Adem\u00e1s, buscamos personas comprometidas que deseen unirse a nuestro equipo. Con tu apoyo, lograremos llegar a m\u00e1s personas, difundir el mensaje de Cristo y reforzar la unidad de los cristianos. \u00bfTe unes a nuestra misi\u00f3n? Para m\u00e1s informaci\u00f3n sobre c\u00f3mo colaborar, visita Exaudi.org\/es o cont\u00e1ctanos directamente: info@exaudi.org Exaudi: Informa, forma y transforma.","sameAs":["https:\/\/www.facebook.com\/ExaudiNoticias\/","https:\/\/www.instagram.com\/exaudi_noticias\/","https:\/\/x.com\/Exaudi_noticias","https:\/\/www.youtube.com\/@exaudicatholicnews"],"url":"https:\/\/exaudi.org\/es\/author\/redaccionexaudi\/"}]}},"jetpack_featured_media_url":"https:\/\/exaudi.org\/wp-content\/uploads\/2022\/03\/RIP6491-scaled.jpg","jetpack_shortlink":"https:\/\/wp.me\/pgKjF2-efB","_links":{"self":[{"href":"https:\/\/exaudi.org\/es\/wp-json\/wp\/v2\/posts\/54783","targetHints":{"allow":["GET"]}}],"collection":[{"href":"https:\/\/exaudi.org\/es\/wp-json\/wp\/v2\/posts"}],"about":[{"href":"https:\/\/exaudi.org\/es\/wp-json\/wp\/v2\/types\/post"}],"author":[{"embeddable":true,"href":"https:\/\/exaudi.org\/es\/wp-json\/wp\/v2\/users\/15"}],"replies":[{"embeddable":true,"href":"https:\/\/exaudi.org\/es\/wp-json\/wp\/v2\/comments?post=54783"}],"version-history":[{"count":0,"href":"https:\/\/exaudi.org\/es\/wp-json\/wp\/v2\/posts\/54783\/revisions"}],"wp:featuredmedia":[{"embeddable":true,"href":"https:\/\/exaudi.org\/es\/wp-json\/wp\/v2\/media\/54785"}],"wp:attachment":[{"href":"https:\/\/exaudi.org\/es\/wp-json\/wp\/v2\/media?parent=54783"}],"wp:term":[{"taxonomy":"category","embeddable":true,"href":"https:\/\/exaudi.org\/es\/wp-json\/wp\/v2\/categories?post=54783"},{"taxonomy":"post_tag","embeddable":true,"href":"https:\/\/exaudi.org\/es\/wp-json\/wp\/v2\/tags?post=54783"}],"curies":[{"name":"wp","href":"https:\/\/api.w.org\/{rel}","templated":true}]}}