{"id":54667,"date":"2022-03-18T12:45:07","date_gmt":"2022-03-18T11:45:07","guid":{"rendered":"https:\/\/exaudi.org\/?p=54667"},"modified":"2022-03-18T12:45:38","modified_gmt":"2022-03-18T11:45:38","slug":"cardenal-arizmendi-violencia-e-inseguridad-desbordadas","status":"publish","type":"post","link":"https:\/\/exaudi.org\/es\/cardenal-arizmendi-violencia-e-inseguridad-desbordadas\/","title":{"rendered":"Cardenal Arizmendi: Violencia e inseguridad desbordadas"},"content":{"rendered":"<p>El\u00a0<a href=\"https:\/\/exaudi.org\/es\/author\/felipearizmendi\/\" target=\"_blank\" rel=\"noopener\">cardenal Felipe Arizmendi<\/a>, obispo em\u00e9rito de San Crist\u00f3bal de Las Casas y responsable de la Doctrina de la Fe en la\u00a0<a href=\"https:\/\/www.cem.org.mx\/\" target=\"_blank\" rel=\"noopener\">Conferencia del Episcopado Mexicano (CEM)<\/a>, ofrece a los lectores de Exaudi su art\u00edculo semanal titulado \u201cViolencia e inseguridad desbordadas\u201d.<\/p>\n<p>***<\/p>\n<h2><strong>Mirar<\/strong><\/h2>\n<p>Nos sentimos pasmados y sin saber qu\u00e9 hacer ante tanta violencia a nuestro alrededor. Nos angustian los horrores de la guerra en Ucrania y en otros lugares, pero igualmente las extorsiones que arbitrariamente se imponen por todos lados, los asaltos diarios, los secuestros y asesinatos del crimen organizado, la barbarie de quienes destrozan cuanto pueden, las agresiones y ofensas a las mujeres y de las mujeres. La inseguridad invade hogares y espacios. Nuestras autoridades est\u00e1n rebasadas. Por m\u00e1s que les hacemos ver los sufrimientos diarios del pueblo, que se siente indefenso, no nos ofrecen soluciones m\u00e1s efectivas. Ya no quisi\u00e9ramos ver noticias, porque resaltan mucho los sucesos tristes y alarmantes; sin embargo, no podemos aislarnos y vivir en el aire; somos parte de un pueblo.<\/p>\n<p>\u00bfA qu\u00e9 se debe tanta violencia? Muchas veces se dice que es por la pobreza y la falta de oportunidades, y que, por tanto, ofreciendo escuela y trabajo a los j\u00f3venes, el crimen va a disminuir. En parte, esto es razonable; sin embargo, los hechos demuestran que este es un fen\u00f3meno que parece incontrolable, a pesar de todas las buenas intenciones de las autoridades y de sus programas sociales. Aunque se incremente la presencia militar y policiaca, los violentos siguen imponiendo sus leyes. Y si diariamente se ofende a los opositores y se les descalifica, se pierde el respeto y la cordura social. No se puede combatir la violencia siendo violento con palabras y reacciones primarias. Como he dicho en otras ocasiones, yo nac\u00ed y crec\u00ed en un ambiente con muchas limitaciones, pero mis padres nunca nos educaron para la violencia como forma de vida.<\/p>\n<p>Adem\u00e1s de otros factores que originan violencia, seguimos insistiendo en dos: la ausencia de Dios y la desintegraci\u00f3n familiar. Aunque algunos delincuentes aparentan ser muy religiosos y se declaran cat\u00f3licos, no aceptan a Dios realmente como el Se\u00f1or de sus vidas, como Aquel que les orienta en sus decisiones; su dios es el dinero, el poder, el placer, el vencer a sus contrarios. Si Dios fuera de verdad importante para ellos, todo ser\u00eda diferente, pues lo que Dios menos quiere es que sus hijos se destruyan unos a otros. Y si los hogares cada d\u00eda se deshacen m\u00e1s, si se dejan hijos en forma irresponsable, si por el trabajo se descuida su educaci\u00f3n, si los matrimonios se disuelven por cualquier motivo, si no hay respeto entre esposos e hijos, si el libertinaje se impone en las costumbres, no hay forma de que la violencia social cese. Por ello, lo que nosotros ofrecemos es el encuentro con Jesucristo vivo, la aceptaci\u00f3n por convencimiento propio de la verdad y belleza del Evangelio, el esfuerzo por educar nuestra conciencia conforme a los Mandamientos de la Ley de Dios. Sin esto, no hay cimientos s\u00f3lidos para una sociedad justa y fraterna.<\/p>\n<h2><strong>\u00a0<\/strong><strong>Discernir<\/strong><\/h2>\n<p>El episcopado mexicano, en su <em>Proyecto Global de Pastoral 2031+2033, <\/em>dice al respecto:<\/p>\n<p>\u201cLa introducci\u00f3n de una narco-cultura en nuestra sociedad mexicana, de conseguir dinero r\u00e1pido, f\u00e1cil y de cualquier forma, ha venido a da\u00f1ar profundamente la mente de muchas personas, a quienes no les importa matar, robar, extorsionar, secuestrar o hacer cualquier cosa con tal de conseguir sus objetivos. Hechos tristemente exaltados cada d\u00eda como material medi\u00e1tico por los medios de comunicaci\u00f3n. Son muchas las causas que alimentan esta hoguera y que mantienen encendida esta llama de dolor: la p\u00e9rdida de valores, la desintegraci\u00f3n familiar, la falta de oportunidades, los trabajos mal remunerados, la corrupci\u00f3n galopante en todos los niveles, la ingobernabilidad, la impunidad, etc. Esta sociedad que tendr\u00eda que ofrecer a todos los ciudadanos las condiciones necesarias para vivir con dignidad, est\u00e1 da\u00f1ada y es necesario que todos como miembros de ella tomemos conciencia de esta realidad y nos hagamos responsables, para que pueda cumplir como un espacio de vida digna para todos sus miembros\u201d (PGP 57).<\/p>\n<h2><strong>Actuar<\/strong><\/h2>\n<p>\u00bfQu\u00e9 proponemos? Ante todo, lo m\u00e1s esencial que es el encuentro con Cristo; y a partir de esto, seguir luchando por la constituci\u00f3n y conservaci\u00f3n de familias bien integradas, y colaborar con la sociedad para salir de esta pandemia, que es peor que la sanitaria.<\/p>\n<p><em>\u201c<\/em>Somos conscientes que es fundamental descubrir que ante esta realidad que nos desaf\u00eda y cuestiona,\u00a0a todos nos toca recomenzar desde Cristo. Partir de este encuentro personal y transformador de cada creyente con Jes\u00fas en su vida, que abre un aut\u00e9ntico proceso de conversi\u00f3n, comuni\u00f3n y solidaridad. Este momento de encuentro con el Hijo de Dios es fundamental en la vida de todo cristiano, pero es necesario promover creativamente esta experiencia desde nuestras parroquias, grupos y movimientos apost\u00f3licos, para que sea un encuentro pleno de fe, que va m\u00e1s all\u00e1 de lo institucional, lo burocr\u00e1tico o lo meramente \u201cclientelar\u201d.\u00a0Ning\u00fan cat\u00f3lico podr\u00e1 vivir con pasi\u00f3n y responsabilidad su fe sin esta experiencia\u00a0kerigm\u00e1tica\u00a0y catequ\u00e9tica de Jes\u00fas vivo.\u00a0Muchos cat\u00f3licos se averg\u00fcenzan de su pertenencia eclesial, pues como pastores no les hemos ayudado a dar sentido a su existencia, en esta realidad concreta e hist\u00f3rica\u201d (PGP 85).<\/p>\n<p>\u201cLa necesidad inaplazable por construir una paz firme y duradera en nuestro pa\u00eds, reclama que la Iglesia pueda sentarse a la mesa con muchos otros invitados: organizaciones ciudadanas, confesiones religiosas, autoridades civiles, entidades educativas, sectores pol\u00edticos y medios de comunicaci\u00f3n, entre otros, para que juntos, y aportando lo que le es propio a cada uno, podamos reconstruir el tejido social de nuestro pa\u00eds. Creemos que es urgente trabajar por la paz de nuestros pueblos y llegar a compromisos concretos. Como sociedad mexicana es necesario combatir todas aquellas situaciones de corrupci\u00f3n, impunidad e ilegalidad que generan violencia y restablecer las condiciones de justicia, igualdad y solidaridad que construyen la paz\u201d (PGP 175).<\/p>\n","protected":false},"excerpt":{"rendered":"<p>\u00bfA qu\u00e9 se debe tanta violencia?<\/p>\n","protected":false},"author":24,"featured_media":54668,"comment_status":"closed","ping_status":"closed","sticky":false,"template":"","format":"standard","meta":{"_acf_changed":false,"_crdt_document":"","inline_featured_image":false,"footnotes":""},"categories":[130],"tags":[3727,4953,725],"class_list":["post-54667","post","type-post","status-publish","format-standard","has-post-thumbnail","hentry","category-voces","tag-cardenal-felipe-arizmendi","tag-trending-es","tag-violencia"],"acf":[],"yoast_head":"<!-- This site is optimized with the Yoast SEO plugin v27.5 - https:\/\/yoast.com\/product\/yoast-seo-wordpress\/ -->\n<title>Cardenal Arizmendi: Violencia e inseguridad desbordadas &#8211; Exaudi<\/title>\n<meta name=\"description\" content=\"El\u00a0cardenal Felipe Arizmendi ofrece a los lectores de Exaudi su art\u00edculo semanal titulado \u201cViolencia e inseguridad desbordadas\u201d\" \/>\n<meta name=\"robots\" content=\"index, follow, max-snippet:-1, max-image-preview:large, max-video-preview:-1\" \/>\n<link rel=\"canonical\" href=\"https:\/\/exaudi.org\/es\/cardenal-arizmendi-violencia-e-inseguridad-desbordadas\/\" \/>\n<meta property=\"og:locale\" content=\"es_ES\" \/>\n<meta property=\"og:type\" content=\"article\" \/>\n<meta property=\"og:title\" content=\"Cardenal Arizmendi: Violencia e inseguridad desbordadas &#8211; Exaudi\" \/>\n<meta property=\"og:description\" content=\"El\u00a0cardenal Felipe Arizmendi ofrece a los lectores de Exaudi su art\u00edculo semanal titulado \u201cViolencia e inseguridad desbordadas\u201d\" \/>\n<meta property=\"og:url\" content=\"https:\/\/exaudi.org\/es\/cardenal-arizmendi-violencia-e-inseguridad-desbordadas\/\" \/>\n<meta property=\"og:site_name\" content=\"Exaudi\" \/>\n<meta property=\"article:publisher\" content=\"https:\/\/www.facebook.com\/ExaudiNews\" \/>\n<meta property=\"article:published_time\" content=\"2022-03-18T11:45:07+00:00\" \/>\n<meta property=\"article:modified_time\" content=\"2022-03-18T11:45:38+00:00\" \/>\n<meta property=\"og:image\" content=\"https:\/\/exaudi.org\/wp-content\/uploads\/2022\/03\/ev-Mz6vYiI8CSA-unsplash-scaled.jpg\" \/>\n\t<meta property=\"og:image:width\" content=\"2560\" \/>\n\t<meta property=\"og:image:height\" content=\"1718\" \/>\n\t<meta property=\"og:image:type\" content=\"image\/jpeg\" \/>\n<meta name=\"author\" content=\"Cardenal Felipe Arizmendi\" \/>\n<meta name=\"twitter:card\" content=\"summary_large_image\" \/>\n<meta name=\"twitter:creator\" content=\"@Exaudi_News\" \/>\n<meta name=\"twitter:site\" content=\"@Exaudi_News\" \/>\n<meta name=\"twitter:label1\" content=\"Escrito por\" \/>\n\t<meta name=\"twitter:data1\" content=\"Cardenal Felipe Arizmendi\" \/>\n\t<meta name=\"twitter:label2\" content=\"Tiempo de lectura\" \/>\n\t<meta name=\"twitter:data2\" content=\"5 minutos\" \/>\n<script type=\"application\/ld+json\" class=\"yoast-schema-graph\">{\"@context\":\"https:\\\/\\\/schema.org\",\"@graph\":[{\"@type\":\"Article\",\"@id\":\"https:\\\/\\\/exaudi.org\\\/es\\\/cardenal-arizmendi-violencia-e-inseguridad-desbordadas\\\/#article\",\"isPartOf\":{\"@id\":\"https:\\\/\\\/exaudi.org\\\/es\\\/cardenal-arizmendi-violencia-e-inseguridad-desbordadas\\\/\"},\"author\":{\"name\":\"Cardenal Felipe Arizmendi\",\"@id\":\"https:\\\/\\\/exaudi.org\\\/#\\\/schema\\\/person\\\/c7d223f87e58f1105d044d8da1439102\"},\"headline\":\"Cardenal Arizmendi: Violencia e inseguridad desbordadas\",\"datePublished\":\"2022-03-18T11:45:07+00:00\",\"dateModified\":\"2022-03-18T11:45:38+00:00\",\"mainEntityOfPage\":{\"@id\":\"https:\\\/\\\/exaudi.org\\\/es\\\/cardenal-arizmendi-violencia-e-inseguridad-desbordadas\\\/\"},\"wordCount\":1041,\"image\":{\"@id\":\"https:\\\/\\\/exaudi.org\\\/es\\\/cardenal-arizmendi-violencia-e-inseguridad-desbordadas\\\/#primaryimage\"},\"thumbnailUrl\":\"https:\\\/\\\/exaudi.org\\\/wp-content\\\/uploads\\\/2022\\\/03\\\/ev-Mz6vYiI8CSA-unsplash-scaled.jpg\",\"keywords\":[\"Cardenal Felipe Arizmendi\",\"Trending\",\"violencia\"],\"articleSection\":[\"Voces\"],\"inLanguage\":\"es\"},{\"@type\":\"WebPage\",\"@id\":\"https:\\\/\\\/exaudi.org\\\/es\\\/cardenal-arizmendi-violencia-e-inseguridad-desbordadas\\\/\",\"url\":\"https:\\\/\\\/exaudi.org\\\/es\\\/cardenal-arizmendi-violencia-e-inseguridad-desbordadas\\\/\",\"name\":\"Cardenal Arizmendi: Violencia e inseguridad desbordadas &#8211; Exaudi\",\"isPartOf\":{\"@id\":\"https:\\\/\\\/exaudi.org\\\/#website\"},\"primaryImageOfPage\":{\"@id\":\"https:\\\/\\\/exaudi.org\\\/es\\\/cardenal-arizmendi-violencia-e-inseguridad-desbordadas\\\/#primaryimage\"},\"image\":{\"@id\":\"https:\\\/\\\/exaudi.org\\\/es\\\/cardenal-arizmendi-violencia-e-inseguridad-desbordadas\\\/#primaryimage\"},\"thumbnailUrl\":\"https:\\\/\\\/exaudi.org\\\/wp-content\\\/uploads\\\/2022\\\/03\\\/ev-Mz6vYiI8CSA-unsplash-scaled.jpg\",\"datePublished\":\"2022-03-18T11:45:07+00:00\",\"dateModified\":\"2022-03-18T11:45:38+00:00\",\"author\":{\"@id\":\"https:\\\/\\\/exaudi.org\\\/#\\\/schema\\\/person\\\/c7d223f87e58f1105d044d8da1439102\"},\"description\":\"El\u00a0cardenal Felipe Arizmendi ofrece a los lectores de Exaudi su art\u00edculo semanal titulado \u201cViolencia e inseguridad desbordadas\u201d\",\"breadcrumb\":{\"@id\":\"https:\\\/\\\/exaudi.org\\\/es\\\/cardenal-arizmendi-violencia-e-inseguridad-desbordadas\\\/#breadcrumb\"},\"inLanguage\":\"es\",\"potentialAction\":[{\"@type\":\"ReadAction\",\"target\":[\"https:\\\/\\\/exaudi.org\\\/es\\\/cardenal-arizmendi-violencia-e-inseguridad-desbordadas\\\/\"]}]},{\"@type\":\"ImageObject\",\"inLanguage\":\"es\",\"@id\":\"https:\\\/\\\/exaudi.org\\\/es\\\/cardenal-arizmendi-violencia-e-inseguridad-desbordadas\\\/#primaryimage\",\"url\":\"https:\\\/\\\/exaudi.org\\\/wp-content\\\/uploads\\\/2022\\\/03\\\/ev-Mz6vYiI8CSA-unsplash-scaled.jpg\",\"contentUrl\":\"https:\\\/\\\/exaudi.org\\\/wp-content\\\/uploads\\\/2022\\\/03\\\/ev-Mz6vYiI8CSA-unsplash-scaled.jpg\",\"width\":2560,\"height\":1718,\"caption\":\"Paz \u00a9 Unspalash. Ev\"},{\"@type\":\"BreadcrumbList\",\"@id\":\"https:\\\/\\\/exaudi.org\\\/es\\\/cardenal-arizmendi-violencia-e-inseguridad-desbordadas\\\/#breadcrumb\",\"itemListElement\":[{\"@type\":\"ListItem\",\"position\":1,\"name\":\"Portada\",\"item\":\"https:\\\/\\\/exaudi.org\\\/es\\\/\"},{\"@type\":\"ListItem\",\"position\":2,\"name\":\"Cardenal Arizmendi: Violencia e inseguridad desbordadas\"}]},{\"@type\":\"WebSite\",\"@id\":\"https:\\\/\\\/exaudi.org\\\/#website\",\"url\":\"https:\\\/\\\/exaudi.org\\\/\",\"name\":\"Exaudi\",\"description\":\"News\",\"potentialAction\":[{\"@type\":\"SearchAction\",\"target\":{\"@type\":\"EntryPoint\",\"urlTemplate\":\"https:\\\/\\\/exaudi.org\\\/?s={search_term_string}\"},\"query-input\":{\"@type\":\"PropertyValueSpecification\",\"valueRequired\":true,\"valueName\":\"search_term_string\"}}],\"inLanguage\":\"es\"},{\"@type\":\"Person\",\"@id\":\"https:\\\/\\\/exaudi.org\\\/#\\\/schema\\\/person\\\/c7d223f87e58f1105d044d8da1439102\",\"name\":\"Cardenal Felipe Arizmendi\",\"image\":{\"@type\":\"ImageObject\",\"inLanguage\":\"es\",\"@id\":\"https:\\\/\\\/secure.gravatar.com\\\/avatar\\\/4ffc5520d896b86d39346168903de33a17ef0f23d16de0ff45062c1ff422ed2f?s=96&d=mm&r=g\",\"url\":\"https:\\\/\\\/secure.gravatar.com\\\/avatar\\\/4ffc5520d896b86d39346168903de33a17ef0f23d16de0ff45062c1ff422ed2f?s=96&d=mm&r=g\",\"contentUrl\":\"https:\\\/\\\/secure.gravatar.com\\\/avatar\\\/4ffc5520d896b86d39346168903de33a17ef0f23d16de0ff45062c1ff422ed2f?s=96&d=mm&r=g\",\"caption\":\"Cardenal Felipe Arizmendi\"},\"description\":\"Nacido en Chiltepec el 1 de mayo de 1940. Estudi\u00f3 Humanidades y Filosof\u00eda en el Seminario de Toluca, de 1952 a 1959. Curs\u00f3 la Teolog\u00eda en la Universidad Pontificia de Salamanca, Espa\u00f1a, de 1959 a 1963, obteniendo la licenciatura en Teolog\u00eda Dogm\u00e1tica. Por su cuenta, se especializ\u00f3 en Liturgia. Fue ordenado sacerdote el 25 de agosto de 1963 en Toluca. Sirvi\u00f3 como Vicario Parroquial en tres parroquias por tres a\u00f1os y medio y fue p\u00e1rroco de una comunidad ind\u00edgena otom\u00ed, de 1967 a 1970. Fue Director Espiritual del Seminario de Toluca por diez a\u00f1os, y Rector del mismo de 1981 a 1991. El 7 de marzo de 1991, fue ordenado obispo de la di\u00f3cesis de Tapachula, donde estuvo hasta el 30 de abril del a\u00f1o 2000. El 1 de mayo del 2000, inici\u00f3 su ministerio episcopal como XLVI obispo de la di\u00f3cesis de San Crist\u00f3bal de las Casas, Chiapas, una de las di\u00f3cesis m\u00e1s antiguas de M\u00e9xico, erigida en 1539; all\u00ed sirvi\u00f3 por casi 18 a\u00f1os. Ha ocupado diversos cargos en la Conferencia del Episcopado Mexicano y en el CELAM. El 3 de noviembre de 2017, el Papa Francisco le acept\u00f3, por edad, su renuncia al servicio episcopal en esta di\u00f3cesis, que entreg\u00f3 a su sucesor el 3 de enero de 2018. Desde entonces, reside en la ciudad de Toluca. Desde 1979, escribe art\u00edculos de actualidad en varios medios religiosos y civiles. Es autor de varias publicaciones.\",\"url\":\"https:\\\/\\\/exaudi.org\\\/es\\\/author\\\/felipearizmendi\\\/\"}]}<\/script>\n<!-- \/ Yoast SEO plugin. -->","yoast_head_json":{"title":"Cardenal Arizmendi: Violencia e inseguridad desbordadas &#8211; Exaudi","description":"El\u00a0cardenal Felipe Arizmendi ofrece a los lectores de Exaudi su art\u00edculo semanal titulado \u201cViolencia e inseguridad desbordadas\u201d","robots":{"index":"index","follow":"follow","max-snippet":"max-snippet:-1","max-image-preview":"max-image-preview:large","max-video-preview":"max-video-preview:-1"},"canonical":"https:\/\/exaudi.org\/es\/cardenal-arizmendi-violencia-e-inseguridad-desbordadas\/","og_locale":"es_ES","og_type":"article","og_title":"Cardenal Arizmendi: Violencia e inseguridad desbordadas &#8211; Exaudi","og_description":"El\u00a0cardenal Felipe Arizmendi ofrece a los lectores de Exaudi su art\u00edculo semanal titulado \u201cViolencia e inseguridad desbordadas\u201d","og_url":"https:\/\/exaudi.org\/es\/cardenal-arizmendi-violencia-e-inseguridad-desbordadas\/","og_site_name":"Exaudi","article_publisher":"https:\/\/www.facebook.com\/ExaudiNews","article_published_time":"2022-03-18T11:45:07+00:00","article_modified_time":"2022-03-18T11:45:38+00:00","og_image":[{"width":2560,"height":1718,"url":"https:\/\/exaudi.org\/wp-content\/uploads\/2022\/03\/ev-Mz6vYiI8CSA-unsplash-scaled.jpg","type":"image\/jpeg"}],"author":"Cardenal Felipe Arizmendi","twitter_card":"summary_large_image","twitter_creator":"@Exaudi_News","twitter_site":"@Exaudi_News","twitter_misc":{"Escrito por":"Cardenal Felipe Arizmendi","Tiempo de lectura":"5 minutos"},"schema":{"@context":"https:\/\/schema.org","@graph":[{"@type":"Article","@id":"https:\/\/exaudi.org\/es\/cardenal-arizmendi-violencia-e-inseguridad-desbordadas\/#article","isPartOf":{"@id":"https:\/\/exaudi.org\/es\/cardenal-arizmendi-violencia-e-inseguridad-desbordadas\/"},"author":{"name":"Cardenal Felipe Arizmendi","@id":"https:\/\/exaudi.org\/#\/schema\/person\/c7d223f87e58f1105d044d8da1439102"},"headline":"Cardenal Arizmendi: Violencia e inseguridad desbordadas","datePublished":"2022-03-18T11:45:07+00:00","dateModified":"2022-03-18T11:45:38+00:00","mainEntityOfPage":{"@id":"https:\/\/exaudi.org\/es\/cardenal-arizmendi-violencia-e-inseguridad-desbordadas\/"},"wordCount":1041,"image":{"@id":"https:\/\/exaudi.org\/es\/cardenal-arizmendi-violencia-e-inseguridad-desbordadas\/#primaryimage"},"thumbnailUrl":"https:\/\/exaudi.org\/wp-content\/uploads\/2022\/03\/ev-Mz6vYiI8CSA-unsplash-scaled.jpg","keywords":["Cardenal Felipe Arizmendi","Trending","violencia"],"articleSection":["Voces"],"inLanguage":"es"},{"@type":"WebPage","@id":"https:\/\/exaudi.org\/es\/cardenal-arizmendi-violencia-e-inseguridad-desbordadas\/","url":"https:\/\/exaudi.org\/es\/cardenal-arizmendi-violencia-e-inseguridad-desbordadas\/","name":"Cardenal Arizmendi: Violencia e inseguridad desbordadas &#8211; Exaudi","isPartOf":{"@id":"https:\/\/exaudi.org\/#website"},"primaryImageOfPage":{"@id":"https:\/\/exaudi.org\/es\/cardenal-arizmendi-violencia-e-inseguridad-desbordadas\/#primaryimage"},"image":{"@id":"https:\/\/exaudi.org\/es\/cardenal-arizmendi-violencia-e-inseguridad-desbordadas\/#primaryimage"},"thumbnailUrl":"https:\/\/exaudi.org\/wp-content\/uploads\/2022\/03\/ev-Mz6vYiI8CSA-unsplash-scaled.jpg","datePublished":"2022-03-18T11:45:07+00:00","dateModified":"2022-03-18T11:45:38+00:00","author":{"@id":"https:\/\/exaudi.org\/#\/schema\/person\/c7d223f87e58f1105d044d8da1439102"},"description":"El\u00a0cardenal Felipe Arizmendi ofrece a los lectores de Exaudi su art\u00edculo semanal titulado \u201cViolencia e inseguridad desbordadas\u201d","breadcrumb":{"@id":"https:\/\/exaudi.org\/es\/cardenal-arizmendi-violencia-e-inseguridad-desbordadas\/#breadcrumb"},"inLanguage":"es","potentialAction":[{"@type":"ReadAction","target":["https:\/\/exaudi.org\/es\/cardenal-arizmendi-violencia-e-inseguridad-desbordadas\/"]}]},{"@type":"ImageObject","inLanguage":"es","@id":"https:\/\/exaudi.org\/es\/cardenal-arizmendi-violencia-e-inseguridad-desbordadas\/#primaryimage","url":"https:\/\/exaudi.org\/wp-content\/uploads\/2022\/03\/ev-Mz6vYiI8CSA-unsplash-scaled.jpg","contentUrl":"https:\/\/exaudi.org\/wp-content\/uploads\/2022\/03\/ev-Mz6vYiI8CSA-unsplash-scaled.jpg","width":2560,"height":1718,"caption":"Paz \u00a9 Unspalash. Ev"},{"@type":"BreadcrumbList","@id":"https:\/\/exaudi.org\/es\/cardenal-arizmendi-violencia-e-inseguridad-desbordadas\/#breadcrumb","itemListElement":[{"@type":"ListItem","position":1,"name":"Portada","item":"https:\/\/exaudi.org\/es\/"},{"@type":"ListItem","position":2,"name":"Cardenal Arizmendi: Violencia e inseguridad desbordadas"}]},{"@type":"WebSite","@id":"https:\/\/exaudi.org\/#website","url":"https:\/\/exaudi.org\/","name":"Exaudi","description":"News","potentialAction":[{"@type":"SearchAction","target":{"@type":"EntryPoint","urlTemplate":"https:\/\/exaudi.org\/?s={search_term_string}"},"query-input":{"@type":"PropertyValueSpecification","valueRequired":true,"valueName":"search_term_string"}}],"inLanguage":"es"},{"@type":"Person","@id":"https:\/\/exaudi.org\/#\/schema\/person\/c7d223f87e58f1105d044d8da1439102","name":"Cardenal Felipe Arizmendi","image":{"@type":"ImageObject","inLanguage":"es","@id":"https:\/\/secure.gravatar.com\/avatar\/4ffc5520d896b86d39346168903de33a17ef0f23d16de0ff45062c1ff422ed2f?s=96&d=mm&r=g","url":"https:\/\/secure.gravatar.com\/avatar\/4ffc5520d896b86d39346168903de33a17ef0f23d16de0ff45062c1ff422ed2f?s=96&d=mm&r=g","contentUrl":"https:\/\/secure.gravatar.com\/avatar\/4ffc5520d896b86d39346168903de33a17ef0f23d16de0ff45062c1ff422ed2f?s=96&d=mm&r=g","caption":"Cardenal Felipe Arizmendi"},"description":"Nacido en Chiltepec el 1 de mayo de 1940. Estudi\u00f3 Humanidades y Filosof\u00eda en el Seminario de Toluca, de 1952 a 1959. Curs\u00f3 la Teolog\u00eda en la Universidad Pontificia de Salamanca, Espa\u00f1a, de 1959 a 1963, obteniendo la licenciatura en Teolog\u00eda Dogm\u00e1tica. Por su cuenta, se especializ\u00f3 en Liturgia. Fue ordenado sacerdote el 25 de agosto de 1963 en Toluca. Sirvi\u00f3 como Vicario Parroquial en tres parroquias por tres a\u00f1os y medio y fue p\u00e1rroco de una comunidad ind\u00edgena otom\u00ed, de 1967 a 1970. Fue Director Espiritual del Seminario de Toluca por diez a\u00f1os, y Rector del mismo de 1981 a 1991. El 7 de marzo de 1991, fue ordenado obispo de la di\u00f3cesis de Tapachula, donde estuvo hasta el 30 de abril del a\u00f1o 2000. El 1 de mayo del 2000, inici\u00f3 su ministerio episcopal como XLVI obispo de la di\u00f3cesis de San Crist\u00f3bal de las Casas, Chiapas, una de las di\u00f3cesis m\u00e1s antiguas de M\u00e9xico, erigida en 1539; all\u00ed sirvi\u00f3 por casi 18 a\u00f1os. Ha ocupado diversos cargos en la Conferencia del Episcopado Mexicano y en el CELAM. El 3 de noviembre de 2017, el Papa Francisco le acept\u00f3, por edad, su renuncia al servicio episcopal en esta di\u00f3cesis, que entreg\u00f3 a su sucesor el 3 de enero de 2018. Desde entonces, reside en la ciudad de Toluca. Desde 1979, escribe art\u00edculos de actualidad en varios medios religiosos y civiles. Es autor de varias publicaciones.","url":"https:\/\/exaudi.org\/es\/author\/felipearizmendi\/"}]}},"jetpack_featured_media_url":"https:\/\/exaudi.org\/wp-content\/uploads\/2022\/03\/ev-Mz6vYiI8CSA-unsplash-scaled.jpg","jetpack_shortlink":"https:\/\/wp.me\/pgKjF2-edJ","_links":{"self":[{"href":"https:\/\/exaudi.org\/es\/wp-json\/wp\/v2\/posts\/54667","targetHints":{"allow":["GET"]}}],"collection":[{"href":"https:\/\/exaudi.org\/es\/wp-json\/wp\/v2\/posts"}],"about":[{"href":"https:\/\/exaudi.org\/es\/wp-json\/wp\/v2\/types\/post"}],"author":[{"embeddable":true,"href":"https:\/\/exaudi.org\/es\/wp-json\/wp\/v2\/users\/24"}],"replies":[{"embeddable":true,"href":"https:\/\/exaudi.org\/es\/wp-json\/wp\/v2\/comments?post=54667"}],"version-history":[{"count":0,"href":"https:\/\/exaudi.org\/es\/wp-json\/wp\/v2\/posts\/54667\/revisions"}],"wp:featuredmedia":[{"embeddable":true,"href":"https:\/\/exaudi.org\/es\/wp-json\/wp\/v2\/media\/54668"}],"wp:attachment":[{"href":"https:\/\/exaudi.org\/es\/wp-json\/wp\/v2\/media?parent=54667"}],"wp:term":[{"taxonomy":"category","embeddable":true,"href":"https:\/\/exaudi.org\/es\/wp-json\/wp\/v2\/categories?post=54667"},{"taxonomy":"post_tag","embeddable":true,"href":"https:\/\/exaudi.org\/es\/wp-json\/wp\/v2\/tags?post=54667"}],"curies":[{"name":"wp","href":"https:\/\/api.w.org\/{rel}","templated":true}]}}