{"id":54138,"date":"2022-03-08T11:00:30","date_gmt":"2022-03-08T10:00:30","guid":{"rendered":"https:\/\/exaudi.org\/?p=54138"},"modified":"2022-03-08T17:14:53","modified_gmt":"2022-03-08T16:14:53","slug":"mision-ucrania-papa-envia-2-cardenales","status":"publish","type":"post","link":"https:\/\/exaudi.org\/es\/mision-ucrania-papa-envia-2-cardenales\/","title":{"rendered":"Misi\u00f3n en Ucrania: El Papa env\u00eda 2 cardenales"},"content":{"rendered":"<p>Misi\u00f3n en Ucrania, el Papa Francisco env\u00eda a 2 cardenales para visitar a los migrantes y ofrecerles su cercan\u00eda y la de la Iglesia.<\/p>\n<p>De acuerdo a una nota de la Oficina de Prensa del Vaticano, La Santa Sede se ha puesto al servicio de la instauraci\u00f3n de la paz en Ucrania. En un gesto extraordinario, el Papa Francisco anunci\u00f3 en el <a href=\"https:\/\/exaudi.org\/es\/papa-ucrania-rios-sangre-lagrimas\/\">\u00c1ngelus de la plaza de San Pedro<\/a>, el domingo 6 de marzo, que ha enviado a dos cardenales como expresi\u00f3n de la solidaridad de la Iglesia con el sufriente pueblo ucraniano: el cardenal Konrad Krajewski, limosnero apost\u00f3lico, y el cardenal Michael Czerny, prefecto <em>ad interim <\/em>del <a href=\"https:\/\/www.humandevelopment.va\/es.html\" target=\"_blank\" rel=\"noopener\">Dicasterio para el Servicio del Desarrollo Humano Integral<\/a>.<\/p>\n<p>El cardenal Krajewski lleg\u00f3 a la frontera entre Polonia y Ucrania el lunes (7 de marzo), y el cardenal Czerny ha llegado a Hungr\u00eda el martes (8 de marzo) para visitar algunos centros de acogida para los migrantes procedentes de Ucrania. Ambos se dirigen a Ucrania y dependiendo de la situaci\u00f3n llegar\u00e1n al pa\u00eds en los pr\u00f3ximos d\u00edas.<\/p>\n<p>Los cardenales llevar\u00e1n ayuda a los necesitados y ser\u00e1n \u201cla presencia no solo del Papa, sino de todo el pueblo cristiano que quiere acercarse y decir: \u201c\u00a1La guerra es una locura! \u00a1Det\u00e9nganse, por favor! \u00a1Miren qu\u00e9 crueldad!\u2019. En Ucrania corren r\u00edos de sangre y de l\u00e1grimas. No se trata solo de una operaci\u00f3n militar, sino de guerra, que siembra muerte, destrucci\u00f3n y miseria\u201d.<\/p>\n<p>El Papa Francisco declar\u00f3: \u201cEl n\u00famero de v\u00edctimas aumenta, al igual que las personas que huyen, especialmente las madres y los ni\u00f1os. En ese pa\u00eds atormentado crece dram\u00e1ticamente a cada hora la necesidad de ayuda humanitaria. Hago un llamamiento apremiante para que se aseguren realmente los corredores humanitarios y se garantice y facilite el acceso de la ayuda a las zonas asediadas, con el fin de proporcionar un alivio vital a nuestros hermanos y hermanas oprimidos por las bombas y el miedo. Agradezco a todos los que acogen a los pr\u00f3fugos. Por encima de todo, imploro que cesen los ataques armados, para que prevalezcan las negociaciones \u2014y prevalezca el sentido com\u00fan\u2014 y para que se vuelva a respetar el derecho internacional\u201d.<\/p>\n<p>Esta \u00faltima acci\u00f3n de Francisco pretende tambi\u00e9n dirigir la atenci\u00f3n sobre las numerosas situaciones similares en todo el mundo. Como dijo el Santo Padre el domingo anterior: \u201cCon el coraz\u00f3n desgarrado por todo lo que sucede en Ucrania \u2014y no olvidemos la guerra en otros lugares del mundo, como Yemen, Siria, Etiop\u00eda\u2026\u2014, repito: \u00a1que callen las armas! Dios est\u00e1 con los operadores de paz, no con quien emplea la violencia\u201d (<a href=\"https:\/\/exaudi.org\/es\/que-callen-las-armas-nuevo-llamado-del-papa-por-ucrania\/\" target=\"_blank\" rel=\"noopener\">\u00c1ngelus, 27.02<\/a>).<\/p>\n<p>El cardenal Czerny seguir\u00e1 se\u00f1alando la triste similitud entre los sufrimientos de los ucranianos y los conflictos de larga duraci\u00f3n que ya no atraen la atenci\u00f3n del mundo. Adem\u00e1s, plantear\u00e1 su preocupaci\u00f3n por que se permita a los residentes africanos y asi\u00e1ticos en Ucrania, que tambi\u00e9n sufren miedo y desplazamiento, buscar refugio sin discriminaci\u00f3n.<\/p>\n<p>Tambi\u00e9n hay informes preocupantes sobre el aumento de las actividades de tr\u00e1fico de personas y la introducci\u00f3n ilegal de inmigrantes en las fronteras y en los pa\u00edses vecinos. Dado que la mayor\u00eda de las personas que huyen son creyentes, afirmar\u00e1 que debe ofrecerse asistencia religiosa a todos, con sensibilidad a las diferencias ecum\u00e9nicas e interconfesionales. Por \u00faltimo, en los loables esfuerzos por ofrecer respuestas humanitarias y organizar corredores humanitarios, hay una gran necesidad de coordinaci\u00f3n, de buena organizaci\u00f3n y de estrategia compartida, para abarcar el sufrimiento de la gente y proporcionar una ayuda eficaz.<\/p>\n","protected":false},"excerpt":{"rendered":"<p>Cardenal Krajewski, limosnero apost\u00f3lico, y el cardenal Michael Czerny, prefecto ad interim del Dicasterio para el Servicio del Desarrollo Humano Integral<\/p>\n","protected":false},"author":15,"featured_media":54139,"comment_status":"closed","ping_status":"closed","sticky":false,"template":"","format":"standard","meta":{"_acf_changed":false,"_crdt_document":"","inline_featured_image":false,"footnotes":""},"categories":[68,132],"tags":[2587,2409,158,4953,1235],"class_list":["post-54138","post","type-post","status-publish","format-standard","has-post-thumbnail","hentry","category-leon-xiv","category-vaticano-es","tag-cardenal-konrad-krajewski","tag-cardenal-michael-czerny","tag-papa-francisco","tag-trending-es","tag-ucrania"],"acf":[],"yoast_head":"<!-- This site is optimized with the Yoast SEO plugin v27.4 - https:\/\/yoast.com\/product\/yoast-seo-wordpress\/ -->\n<title>Misi\u00f3n en Ucrania: El Papa env\u00eda 2 cardenales &#8211; Exaudi<\/title>\n<meta name=\"description\" content=\"Misi\u00f3n en Ucrania, el Papa Francisco env\u00eda a 2 cardenales para visitar a los migrantes y ofrecerles su cercan\u00eda\" \/>\n<meta name=\"robots\" content=\"index, follow, max-snippet:-1, max-image-preview:large, max-video-preview:-1\" \/>\n<link rel=\"canonical\" href=\"https:\/\/exaudi.org\/es\/mision-ucrania-papa-envia-2-cardenales\/\" \/>\n<meta property=\"og:locale\" content=\"es_ES\" \/>\n<meta property=\"og:type\" content=\"article\" \/>\n<meta property=\"og:title\" content=\"Misi\u00f3n en Ucrania: El Papa env\u00eda 2 cardenales &#8211; Exaudi\" \/>\n<meta property=\"og:description\" content=\"Misi\u00f3n en Ucrania, el Papa Francisco env\u00eda a 2 cardenales para visitar a los migrantes y ofrecerles su cercan\u00eda\" \/>\n<meta property=\"og:url\" content=\"https:\/\/exaudi.org\/es\/mision-ucrania-papa-envia-2-cardenales\/\" \/>\n<meta property=\"og:site_name\" content=\"Exaudi\" \/>\n<meta property=\"article:publisher\" content=\"https:\/\/www.facebook.com\/ExaudiNews\" \/>\n<meta property=\"article:author\" content=\"https:\/\/www.facebook.com\/ExaudiNoticias\/\" \/>\n<meta property=\"article:published_time\" content=\"2022-03-08T10:00:30+00:00\" \/>\n<meta property=\"article:modified_time\" content=\"2022-03-08T16:14:53+00:00\" \/>\n<meta property=\"og:image\" content=\"https:\/\/exaudi.org\/wp-content\/uploads\/2022\/03\/Card.-Krajewski-visiting-Ukrainian-refugees_07.03.2022_2.jpg\" \/>\n\t<meta property=\"og:image:width\" content=\"1513\" \/>\n\t<meta property=\"og:image:height\" content=\"1082\" \/>\n\t<meta property=\"og:image:type\" content=\"image\/jpeg\" \/>\n<meta name=\"author\" content=\"Exaudi Redacci\u00f3n\" \/>\n<meta name=\"twitter:card\" content=\"summary_large_image\" \/>\n<meta name=\"twitter:creator\" content=\"@Exaudi_noticias\" \/>\n<meta name=\"twitter:site\" content=\"@Exaudi_News\" \/>\n<meta name=\"twitter:label1\" content=\"Escrito por\" \/>\n\t<meta name=\"twitter:data1\" content=\"Exaudi Redacci\u00f3n\" \/>\n\t<meta name=\"twitter:label2\" content=\"Tiempo de lectura\" \/>\n\t<meta name=\"twitter:data2\" content=\"3 minutos\" \/>\n<script type=\"application\/ld+json\" class=\"yoast-schema-graph\">{\"@context\":\"https:\\\/\\\/schema.org\",\"@graph\":[{\"@type\":\"Article\",\"@id\":\"https:\\\/\\\/exaudi.org\\\/es\\\/mision-ucrania-papa-envia-2-cardenales\\\/#article\",\"isPartOf\":{\"@id\":\"https:\\\/\\\/exaudi.org\\\/es\\\/mision-ucrania-papa-envia-2-cardenales\\\/\"},\"author\":{\"name\":\"Exaudi Redacci\u00f3n\",\"@id\":\"https:\\\/\\\/exaudi.org\\\/#\\\/schema\\\/person\\\/f5fc8f063065e38742da7afe15f25df7\"},\"headline\":\"Misi\u00f3n en Ucrania: El Papa env\u00eda 2 cardenales\",\"datePublished\":\"2022-03-08T10:00:30+00:00\",\"dateModified\":\"2022-03-08T16:14:53+00:00\",\"mainEntityOfPage\":{\"@id\":\"https:\\\/\\\/exaudi.org\\\/es\\\/mision-ucrania-papa-envia-2-cardenales\\\/\"},\"wordCount\":629,\"image\":{\"@id\":\"https:\\\/\\\/exaudi.org\\\/es\\\/mision-ucrania-papa-envia-2-cardenales\\\/#primaryimage\"},\"thumbnailUrl\":\"https:\\\/\\\/exaudi.org\\\/wp-content\\\/uploads\\\/2022\\\/03\\\/Card.-Krajewski-visiting-Ukrainian-refugees_07.03.2022_2.jpg\",\"keywords\":[\"Cardenal Konrad Krajewski\",\"Cardenal Michael Czerny\",\"papa francisco\",\"Trending\",\"Ucrania\"],\"articleSection\":[\"Le\u00f3n XIV\",\"Vaticano\"],\"inLanguage\":\"es\"},{\"@type\":\"WebPage\",\"@id\":\"https:\\\/\\\/exaudi.org\\\/es\\\/mision-ucrania-papa-envia-2-cardenales\\\/\",\"url\":\"https:\\\/\\\/exaudi.org\\\/es\\\/mision-ucrania-papa-envia-2-cardenales\\\/\",\"name\":\"Misi\u00f3n en Ucrania: El Papa env\u00eda 2 cardenales &#8211; Exaudi\",\"isPartOf\":{\"@id\":\"https:\\\/\\\/exaudi.org\\\/#website\"},\"primaryImageOfPage\":{\"@id\":\"https:\\\/\\\/exaudi.org\\\/es\\\/mision-ucrania-papa-envia-2-cardenales\\\/#primaryimage\"},\"image\":{\"@id\":\"https:\\\/\\\/exaudi.org\\\/es\\\/mision-ucrania-papa-envia-2-cardenales\\\/#primaryimage\"},\"thumbnailUrl\":\"https:\\\/\\\/exaudi.org\\\/wp-content\\\/uploads\\\/2022\\\/03\\\/Card.-Krajewski-visiting-Ukrainian-refugees_07.03.2022_2.jpg\",\"datePublished\":\"2022-03-08T10:00:30+00:00\",\"dateModified\":\"2022-03-08T16:14:53+00:00\",\"author\":{\"@id\":\"https:\\\/\\\/exaudi.org\\\/#\\\/schema\\\/person\\\/f5fc8f063065e38742da7afe15f25df7\"},\"description\":\"Misi\u00f3n en Ucrania, el Papa Francisco env\u00eda a 2 cardenales para visitar a los migrantes y ofrecerles su cercan\u00eda\",\"breadcrumb\":{\"@id\":\"https:\\\/\\\/exaudi.org\\\/es\\\/mision-ucrania-papa-envia-2-cardenales\\\/#breadcrumb\"},\"inLanguage\":\"es\",\"potentialAction\":[{\"@type\":\"ReadAction\",\"target\":[\"https:\\\/\\\/exaudi.org\\\/es\\\/mision-ucrania-papa-envia-2-cardenales\\\/\"]}]},{\"@type\":\"ImageObject\",\"inLanguage\":\"es\",\"@id\":\"https:\\\/\\\/exaudi.org\\\/es\\\/mision-ucrania-papa-envia-2-cardenales\\\/#primaryimage\",\"url\":\"https:\\\/\\\/exaudi.org\\\/wp-content\\\/uploads\\\/2022\\\/03\\\/Card.-Krajewski-visiting-Ukrainian-refugees_07.03.2022_2.jpg\",\"contentUrl\":\"https:\\\/\\\/exaudi.org\\\/wp-content\\\/uploads\\\/2022\\\/03\\\/Card.-Krajewski-visiting-Ukrainian-refugees_07.03.2022_2.jpg\",\"width\":1513,\"height\":1082,\"caption\":\"El Card. Krajewski en el primer d\u00eda de su misi\u00f3n. Visit\u00f3 el centro de acogida temporal de Lublin \u00a9 Archivo Privado\"},{\"@type\":\"BreadcrumbList\",\"@id\":\"https:\\\/\\\/exaudi.org\\\/es\\\/mision-ucrania-papa-envia-2-cardenales\\\/#breadcrumb\",\"itemListElement\":[{\"@type\":\"ListItem\",\"position\":1,\"name\":\"Portada\",\"item\":\"https:\\\/\\\/exaudi.org\\\/es\\\/\"},{\"@type\":\"ListItem\",\"position\":2,\"name\":\"Misi\u00f3n en Ucrania: El Papa env\u00eda 2 cardenales\"}]},{\"@type\":\"WebSite\",\"@id\":\"https:\\\/\\\/exaudi.org\\\/#website\",\"url\":\"https:\\\/\\\/exaudi.org\\\/\",\"name\":\"Exaudi\",\"description\":\"News\",\"potentialAction\":[{\"@type\":\"SearchAction\",\"target\":{\"@type\":\"EntryPoint\",\"urlTemplate\":\"https:\\\/\\\/exaudi.org\\\/?s={search_term_string}\"},\"query-input\":{\"@type\":\"PropertyValueSpecification\",\"valueRequired\":true,\"valueName\":\"search_term_string\"}}],\"inLanguage\":\"es\"},{\"@type\":\"Person\",\"@id\":\"https:\\\/\\\/exaudi.org\\\/#\\\/schema\\\/person\\\/f5fc8f063065e38742da7afe15f25df7\",\"name\":\"Exaudi Redacci\u00f3n\",\"image\":{\"@type\":\"ImageObject\",\"inLanguage\":\"es\",\"@id\":\"https:\\\/\\\/secure.gravatar.com\\\/avatar\\\/fe0f6a059fb68d9b3e11bc5850dd4899b1c7492091a3cb6dd9b01b56ad828be2?s=96&d=mm&r=g\",\"url\":\"https:\\\/\\\/secure.gravatar.com\\\/avatar\\\/fe0f6a059fb68d9b3e11bc5850dd4899b1c7492091a3cb6dd9b01b56ad828be2?s=96&d=mm&r=g\",\"contentUrl\":\"https:\\\/\\\/secure.gravatar.com\\\/avatar\\\/fe0f6a059fb68d9b3e11bc5850dd4899b1c7492091a3cb6dd9b01b56ad828be2?s=96&d=mm&r=g\",\"caption\":\"Exaudi Redacci\u00f3n\"},\"description\":\"\u00bfQu\u00e9 es Exaudi News? Exaudi News es un medio de comunicaci\u00f3n cat\u00f3lico internacional que informa, forma y transforma, diariamente en espa\u00f1ol, ingl\u00e9s e italiano. A trav\u00e9s de noticias, art\u00edculos de an\u00e1lisis y transmisiones en directo de los eventos del Papa, Exaudi busca fortalecer la unidad de los cristianos y contribuir a la evangelizaci\u00f3n del mundo, siempre guiados por la doctrina social de la Iglesia. Trabajamos para acercar la verdad y los valores cristianos a cada rinc\u00f3n del planeta. \u00a1Ay\u00fadanos a transformar el mundo con Exaudi! En Exaudi creemos que la evangelizaci\u00f3n y la informaci\u00f3n de calidad pueden cambiar vidas. Para continuar con nuestra misi\u00f3n y expandir nuestro alcance, necesitamos tu ayuda. Adem\u00e1s, buscamos personas comprometidas que deseen unirse a nuestro equipo. Con tu apoyo, lograremos llegar a m\u00e1s personas, difundir el mensaje de Cristo y reforzar la unidad de los cristianos. \u00bfTe unes a nuestra misi\u00f3n? Para m\u00e1s informaci\u00f3n sobre c\u00f3mo colaborar, visita Exaudi.org\\\/es o cont\u00e1ctanos directamente: info@exaudi.org Exaudi: Informa, forma y transforma.\",\"sameAs\":[\"https:\\\/\\\/www.facebook.com\\\/ExaudiNoticias\\\/\",\"https:\\\/\\\/www.instagram.com\\\/exaudi_noticias\\\/\",\"https:\\\/\\\/x.com\\\/Exaudi_noticias\",\"https:\\\/\\\/www.youtube.com\\\/@exaudicatholicnews\"],\"url\":\"https:\\\/\\\/exaudi.org\\\/es\\\/author\\\/redaccionexaudi\\\/\"}]}<\/script>\n<!-- \/ Yoast SEO plugin. -->","yoast_head_json":{"title":"Misi\u00f3n en Ucrania: El Papa env\u00eda 2 cardenales &#8211; Exaudi","description":"Misi\u00f3n en Ucrania, el Papa Francisco env\u00eda a 2 cardenales para visitar a los migrantes y ofrecerles su cercan\u00eda","robots":{"index":"index","follow":"follow","max-snippet":"max-snippet:-1","max-image-preview":"max-image-preview:large","max-video-preview":"max-video-preview:-1"},"canonical":"https:\/\/exaudi.org\/es\/mision-ucrania-papa-envia-2-cardenales\/","og_locale":"es_ES","og_type":"article","og_title":"Misi\u00f3n en Ucrania: El Papa env\u00eda 2 cardenales &#8211; Exaudi","og_description":"Misi\u00f3n en Ucrania, el Papa Francisco env\u00eda a 2 cardenales para visitar a los migrantes y ofrecerles su cercan\u00eda","og_url":"https:\/\/exaudi.org\/es\/mision-ucrania-papa-envia-2-cardenales\/","og_site_name":"Exaudi","article_publisher":"https:\/\/www.facebook.com\/ExaudiNews","article_author":"https:\/\/www.facebook.com\/ExaudiNoticias\/","article_published_time":"2022-03-08T10:00:30+00:00","article_modified_time":"2022-03-08T16:14:53+00:00","og_image":[{"width":1513,"height":1082,"url":"https:\/\/exaudi.org\/wp-content\/uploads\/2022\/03\/Card.-Krajewski-visiting-Ukrainian-refugees_07.03.2022_2.jpg","type":"image\/jpeg"}],"author":"Exaudi Redacci\u00f3n","twitter_card":"summary_large_image","twitter_creator":"@Exaudi_noticias","twitter_site":"@Exaudi_News","twitter_misc":{"Escrito por":"Exaudi Redacci\u00f3n","Tiempo de lectura":"3 minutos"},"schema":{"@context":"https:\/\/schema.org","@graph":[{"@type":"Article","@id":"https:\/\/exaudi.org\/es\/mision-ucrania-papa-envia-2-cardenales\/#article","isPartOf":{"@id":"https:\/\/exaudi.org\/es\/mision-ucrania-papa-envia-2-cardenales\/"},"author":{"name":"Exaudi Redacci\u00f3n","@id":"https:\/\/exaudi.org\/#\/schema\/person\/f5fc8f063065e38742da7afe15f25df7"},"headline":"Misi\u00f3n en Ucrania: El Papa env\u00eda 2 cardenales","datePublished":"2022-03-08T10:00:30+00:00","dateModified":"2022-03-08T16:14:53+00:00","mainEntityOfPage":{"@id":"https:\/\/exaudi.org\/es\/mision-ucrania-papa-envia-2-cardenales\/"},"wordCount":629,"image":{"@id":"https:\/\/exaudi.org\/es\/mision-ucrania-papa-envia-2-cardenales\/#primaryimage"},"thumbnailUrl":"https:\/\/exaudi.org\/wp-content\/uploads\/2022\/03\/Card.-Krajewski-visiting-Ukrainian-refugees_07.03.2022_2.jpg","keywords":["Cardenal Konrad Krajewski","Cardenal Michael Czerny","papa francisco","Trending","Ucrania"],"articleSection":["Le\u00f3n XIV","Vaticano"],"inLanguage":"es"},{"@type":"WebPage","@id":"https:\/\/exaudi.org\/es\/mision-ucrania-papa-envia-2-cardenales\/","url":"https:\/\/exaudi.org\/es\/mision-ucrania-papa-envia-2-cardenales\/","name":"Misi\u00f3n en Ucrania: El Papa env\u00eda 2 cardenales &#8211; Exaudi","isPartOf":{"@id":"https:\/\/exaudi.org\/#website"},"primaryImageOfPage":{"@id":"https:\/\/exaudi.org\/es\/mision-ucrania-papa-envia-2-cardenales\/#primaryimage"},"image":{"@id":"https:\/\/exaudi.org\/es\/mision-ucrania-papa-envia-2-cardenales\/#primaryimage"},"thumbnailUrl":"https:\/\/exaudi.org\/wp-content\/uploads\/2022\/03\/Card.-Krajewski-visiting-Ukrainian-refugees_07.03.2022_2.jpg","datePublished":"2022-03-08T10:00:30+00:00","dateModified":"2022-03-08T16:14:53+00:00","author":{"@id":"https:\/\/exaudi.org\/#\/schema\/person\/f5fc8f063065e38742da7afe15f25df7"},"description":"Misi\u00f3n en Ucrania, el Papa Francisco env\u00eda a 2 cardenales para visitar a los migrantes y ofrecerles su cercan\u00eda","breadcrumb":{"@id":"https:\/\/exaudi.org\/es\/mision-ucrania-papa-envia-2-cardenales\/#breadcrumb"},"inLanguage":"es","potentialAction":[{"@type":"ReadAction","target":["https:\/\/exaudi.org\/es\/mision-ucrania-papa-envia-2-cardenales\/"]}]},{"@type":"ImageObject","inLanguage":"es","@id":"https:\/\/exaudi.org\/es\/mision-ucrania-papa-envia-2-cardenales\/#primaryimage","url":"https:\/\/exaudi.org\/wp-content\/uploads\/2022\/03\/Card.-Krajewski-visiting-Ukrainian-refugees_07.03.2022_2.jpg","contentUrl":"https:\/\/exaudi.org\/wp-content\/uploads\/2022\/03\/Card.-Krajewski-visiting-Ukrainian-refugees_07.03.2022_2.jpg","width":1513,"height":1082,"caption":"El Card. Krajewski en el primer d\u00eda de su misi\u00f3n. Visit\u00f3 el centro de acogida temporal de Lublin \u00a9 Archivo Privado"},{"@type":"BreadcrumbList","@id":"https:\/\/exaudi.org\/es\/mision-ucrania-papa-envia-2-cardenales\/#breadcrumb","itemListElement":[{"@type":"ListItem","position":1,"name":"Portada","item":"https:\/\/exaudi.org\/es\/"},{"@type":"ListItem","position":2,"name":"Misi\u00f3n en Ucrania: El Papa env\u00eda 2 cardenales"}]},{"@type":"WebSite","@id":"https:\/\/exaudi.org\/#website","url":"https:\/\/exaudi.org\/","name":"Exaudi","description":"News","potentialAction":[{"@type":"SearchAction","target":{"@type":"EntryPoint","urlTemplate":"https:\/\/exaudi.org\/?s={search_term_string}"},"query-input":{"@type":"PropertyValueSpecification","valueRequired":true,"valueName":"search_term_string"}}],"inLanguage":"es"},{"@type":"Person","@id":"https:\/\/exaudi.org\/#\/schema\/person\/f5fc8f063065e38742da7afe15f25df7","name":"Exaudi Redacci\u00f3n","image":{"@type":"ImageObject","inLanguage":"es","@id":"https:\/\/secure.gravatar.com\/avatar\/fe0f6a059fb68d9b3e11bc5850dd4899b1c7492091a3cb6dd9b01b56ad828be2?s=96&d=mm&r=g","url":"https:\/\/secure.gravatar.com\/avatar\/fe0f6a059fb68d9b3e11bc5850dd4899b1c7492091a3cb6dd9b01b56ad828be2?s=96&d=mm&r=g","contentUrl":"https:\/\/secure.gravatar.com\/avatar\/fe0f6a059fb68d9b3e11bc5850dd4899b1c7492091a3cb6dd9b01b56ad828be2?s=96&d=mm&r=g","caption":"Exaudi Redacci\u00f3n"},"description":"\u00bfQu\u00e9 es Exaudi News? Exaudi News es un medio de comunicaci\u00f3n cat\u00f3lico internacional que informa, forma y transforma, diariamente en espa\u00f1ol, ingl\u00e9s e italiano. A trav\u00e9s de noticias, art\u00edculos de an\u00e1lisis y transmisiones en directo de los eventos del Papa, Exaudi busca fortalecer la unidad de los cristianos y contribuir a la evangelizaci\u00f3n del mundo, siempre guiados por la doctrina social de la Iglesia. Trabajamos para acercar la verdad y los valores cristianos a cada rinc\u00f3n del planeta. \u00a1Ay\u00fadanos a transformar el mundo con Exaudi! En Exaudi creemos que la evangelizaci\u00f3n y la informaci\u00f3n de calidad pueden cambiar vidas. Para continuar con nuestra misi\u00f3n y expandir nuestro alcance, necesitamos tu ayuda. Adem\u00e1s, buscamos personas comprometidas que deseen unirse a nuestro equipo. Con tu apoyo, lograremos llegar a m\u00e1s personas, difundir el mensaje de Cristo y reforzar la unidad de los cristianos. \u00bfTe unes a nuestra misi\u00f3n? Para m\u00e1s informaci\u00f3n sobre c\u00f3mo colaborar, visita Exaudi.org\/es o cont\u00e1ctanos directamente: info@exaudi.org Exaudi: Informa, forma y transforma.","sameAs":["https:\/\/www.facebook.com\/ExaudiNoticias\/","https:\/\/www.instagram.com\/exaudi_noticias\/","https:\/\/x.com\/Exaudi_noticias","https:\/\/www.youtube.com\/@exaudicatholicnews"],"url":"https:\/\/exaudi.org\/es\/author\/redaccionexaudi\/"}]}},"jetpack_featured_media_url":"https:\/\/exaudi.org\/wp-content\/uploads\/2022\/03\/Card.-Krajewski-visiting-Ukrainian-refugees_07.03.2022_2.jpg","jetpack_shortlink":"https:\/\/wp.me\/pgKjF2-e5c","_links":{"self":[{"href":"https:\/\/exaudi.org\/es\/wp-json\/wp\/v2\/posts\/54138","targetHints":{"allow":["GET"]}}],"collection":[{"href":"https:\/\/exaudi.org\/es\/wp-json\/wp\/v2\/posts"}],"about":[{"href":"https:\/\/exaudi.org\/es\/wp-json\/wp\/v2\/types\/post"}],"author":[{"embeddable":true,"href":"https:\/\/exaudi.org\/es\/wp-json\/wp\/v2\/users\/15"}],"replies":[{"embeddable":true,"href":"https:\/\/exaudi.org\/es\/wp-json\/wp\/v2\/comments?post=54138"}],"version-history":[{"count":0,"href":"https:\/\/exaudi.org\/es\/wp-json\/wp\/v2\/posts\/54138\/revisions"}],"wp:featuredmedia":[{"embeddable":true,"href":"https:\/\/exaudi.org\/es\/wp-json\/wp\/v2\/media\/54139"}],"wp:attachment":[{"href":"https:\/\/exaudi.org\/es\/wp-json\/wp\/v2\/media?parent=54138"}],"wp:term":[{"taxonomy":"category","embeddable":true,"href":"https:\/\/exaudi.org\/es\/wp-json\/wp\/v2\/categories?post=54138"},{"taxonomy":"post_tag","embeddable":true,"href":"https:\/\/exaudi.org\/es\/wp-json\/wp\/v2\/tags?post=54138"}],"curies":[{"name":"wp","href":"https:\/\/api.w.org\/{rel}","templated":true}]}}