{"id":54039,"date":"2022-03-07T09:00:39","date_gmt":"2022-03-07T08:00:39","guid":{"rendered":"https:\/\/exaudi.org\/?p=54039"},"modified":"2022-03-07T17:09:43","modified_gmt":"2022-03-07T16:09:43","slug":"teologia-millennials-dia-intenacional-mujer","status":"publish","type":"post","link":"https:\/\/exaudi.org\/es\/teologia-millennials-dia-intenacional-mujer\/","title":{"rendered":"Teolog\u00eda para Millennials: D\u00eda Intenacional de la Mujer"},"content":{"rendered":"<p>Hoy, lunes 7 de marzo de 2022, en \u201c<a href=\"https:\/\/teologiaparamillennials.com\/\">Teolog\u00eda para Millennials<\/a>\u201d, el sacerdote mexicano\u00a0<a href=\"https:\/\/exaudi.org\/es\/author\/padremarioarroyo\/\">Mario Arroyo Mart\u00ednez<\/a> comparte con los lectores de Exaudi su art\u00edculo semanal titulado \u201cD\u00eda Intenacional de la Mujer\u201d.<\/p>\n<p>***<\/p>\n<p>\u00bfC\u00f3mo vive la Iglesia el \u201cD\u00eda Internacional de la Mujer\u201d? Habr\u00eda que preguntarle al Papa, pues es su representante oficial. La verdad es que ya lo ha hecho en repetidas ocasiones, pero su mensaje a generado rechazo por parte del ala m\u00e1s radical del feminismo. As\u00ed, por ejemplo, cuando en el 2019 twitte\u00f3 que \u201cla mujer embellece el mundo\u201d, fue duramente criticado: \u201cno somos adorno\u201d. Adem\u00e1s, se reabrieron viejos y eternos lugares comunes: \u201cno se meta en nuestros ovarios\u201d, \u201caborto libre ya\u201d, \u201centonces por qu\u00e9 no hay ninguna mujer en la curia\u201d y la letan\u00eda podr\u00eda seguir. Es decir, hay un grave problema de comunicaci\u00f3n.<\/p>\n<p>Por todo lo anterior, podr\u00edamos decir, que el <em>D\u00eda Internacional de la Mujer<\/em> se vive, por lo menos en amplios sectores de la Iglesia, con una sensaci\u00f3n agridulce, con sentimientos encontrados. En efecto, la Iglesia y el Vaticano luchan por la dignidad de la mujer en diversos importantes sectores del mundo. Por ejemplo, la lucha casi personal de Francisco contra la trata de personas, la oposici\u00f3n a los vientres de alquiler por considerarlos nocivos para la dignidad de la mujer, la lucha contra el aborto selectivo de ni\u00f1as en China y la India, el rechazo de la pornograf\u00eda, son solo algunos de los rubros en los que la Iglesia presenta diariamente la batalla por la dignidad femenina.<\/p>\n<p>El problema es que esos aspectos no son valorados por las organizadoras del <em>8M<\/em>, no son visibles. Y siguen denunciando la oposici\u00f3n de la Iglesia al aborto, como si la piedra angular de la dignidad de la mujer sea su capacidad de abortar, as\u00ed como exigiendo cuotas de poder en la Curia Romana. Para la Iglesia esta ceguera selectiva es muy dolorosa, porque aparte de infravalorar su importante papel en la lucha por la dignidad de la mujer, testimonia un hecho en extremo doloroso: estamos perdiendo a la mujer en el mundo. La mujer, que cl\u00e1sicamente desempe\u00f1aba y desempe\u00f1a todav\u00eda, un papel fundamental en el seno de la Iglesia, poco a poco se va alejando de ella, sobre todo las generaciones j\u00f3venes, que se dejan cautivar por los ideales del <em>8M<\/em>.<\/p>\n<p>El <em>8M<\/em> resulta doloroso tambi\u00e9n, en algunas partes, porque vemos a unas mujeres poco femeninas, transformadas en valkirias furiosas que, en medio de una furia iconoclasta, lo destruyen todo a su paso, ceb\u00e1ndose particularmente con los templos religiosos. Resulta penoso tener que defender los templos con cadenas humanas, y muchas veces no se pueden defender todos. En algunos lugares, como en Chile, se ha llegado a incendiar iglesias con motivo del 8M. Tal pareciera que la Igualdad de G\u00e9nero exige como sacrificio la destrucci\u00f3n de la Iglesia.<\/p>\n<p>Es verdad que no todas las que salen a marchar lo hacen con estos aires; son simplemente las m\u00e1s radicales; pero son precisamente \u00e9stas quienes m\u00e1s ruido hacen y quienes encabezan el movimiento. Tristemente, muchas mujeres que marchan por la igualdad, por la dignidad, por la eliminaci\u00f3n de toda forma de violencia contra la mujer \u2013todas estas causas leg\u00edtimas que comparte la Iglesia- son utilizadas por un grupo creciente de mujeres, cuya causa es el aborto libre y gratuito, as\u00ed como el rechazo de la Iglesia. En algunos lugares han marchado incluso monjas cat\u00f3licas, oponi\u00e9ndose a la violencia contra la mujer, y han sido utilizadas como \u201ctontas \u00fatiles\u201d por quienes buscan desmantelar a la Iglesia y constituir al aborto en un s\u00faper derecho.<\/p>\n<p>Por todos estos motivos, la celebraci\u00f3n del 8M tiene tintes dolorosos para la Iglesia. Ella no puede, sin embargo, dejar de ser fiel a s\u00ed misma, lo que supone dos cosas simult\u00e1neas, dif\u00edcilmente conciliables para las feministas radicales. Por un lado, continuar dando la batalla por la igualdad de la mujer y por la eliminaci\u00f3n de toda forma de violencia hacia ella, su denuncia valiente y prof\u00e9tica de todas las formas en la que es vejada su dignidad. Pero, junto a ese rubro, en el que podr\u00edamos ir de la mano con las feministas, est\u00e1 el otro, al que tampoco puede renunciar, y que es causa de conflicto: la denuncia del aborto como una grave ofensa a la dignidad humana, y el hecho de que el sacerdocio est\u00e9 reservado a los varones por voluntad expresa de Jesucristo. Vista as\u00ed, la situaci\u00f3n de la Iglesia es ambivalente respecto del 8M. Ojal\u00e1 que podamos encontrar cauces civilizados de di\u00e1logo, que pongan el acento m\u00e1s en lo que nos une, que en aquello que nos separa.<\/p>\n","protected":false},"excerpt":{"rendered":"<p>\u00bfC\u00f3mo celebra la Iglesia este d\u00eda?<\/p>\n","protected":false},"author":22,"featured_media":54040,"comment_status":"closed","ping_status":"closed","sticky":false,"template":"","format":"standard","meta":{"_acf_changed":false,"_crdt_document":"","inline_featured_image":false,"footnotes":""},"categories":[130],"tags":[759,459,4953],"class_list":["post-54039","post","type-post","status-publish","format-standard","has-post-thumbnail","hentry","category-voces","tag-dia-internacional-de-la-mujer","tag-teologia-para-millennials","tag-trending-es"],"acf":[],"yoast_head":"<!-- This site is optimized with the Yoast SEO plugin v27.4 - https:\/\/yoast.com\/product\/yoast-seo-wordpress\/ -->\n<title>Teolog\u00eda para Millennials: D\u00eda Intenacional de la Mujer &#8211; Exaudi<\/title>\n<meta name=\"description\" content=\"Hoy en \u201cTeolog\u00eda para Millennials\u201d, el padre\u00a0Mario Arroyo Mart\u00ednez comparte su art\u00edculo semanal titulado \u201cD\u00eda Intenacional de la Mujer\u201d.\" \/>\n<meta name=\"robots\" content=\"index, follow, max-snippet:-1, max-image-preview:large, max-video-preview:-1\" \/>\n<link rel=\"canonical\" href=\"https:\/\/exaudi.org\/es\/teologia-millennials-dia-intenacional-mujer\/\" \/>\n<meta property=\"og:locale\" content=\"es_ES\" \/>\n<meta property=\"og:type\" content=\"article\" \/>\n<meta property=\"og:title\" content=\"Teolog\u00eda para Millennials: D\u00eda Intenacional de la Mujer &#8211; Exaudi\" \/>\n<meta property=\"og:description\" content=\"Hoy en \u201cTeolog\u00eda para Millennials\u201d, el padre\u00a0Mario Arroyo Mart\u00ednez comparte su art\u00edculo semanal titulado \u201cD\u00eda Intenacional de la Mujer\u201d.\" \/>\n<meta property=\"og:url\" content=\"https:\/\/exaudi.org\/es\/teologia-millennials-dia-intenacional-mujer\/\" \/>\n<meta property=\"og:site_name\" content=\"Exaudi\" \/>\n<meta property=\"article:publisher\" content=\"https:\/\/www.facebook.com\/ExaudiNews\" \/>\n<meta property=\"article:published_time\" content=\"2022-03-07T08:00:39+00:00\" \/>\n<meta property=\"article:modified_time\" content=\"2022-03-07T16:09:43+00:00\" \/>\n<meta property=\"og:image\" content=\"https:\/\/exaudi.org\/wp-content\/uploads\/2022\/03\/Mujer-Cathopic.-Diegozamc-scaled.jpg\" \/>\n\t<meta property=\"og:image:width\" content=\"2560\" \/>\n\t<meta property=\"og:image:height\" content=\"2168\" \/>\n\t<meta property=\"og:image:type\" content=\"image\/jpeg\" \/>\n<meta name=\"author\" content=\"Mario Arroyo\" \/>\n<meta name=\"twitter:card\" content=\"summary_large_image\" \/>\n<meta name=\"twitter:creator\" content=\"@Exaudi_News\" \/>\n<meta name=\"twitter:site\" content=\"@Exaudi_News\" \/>\n<meta name=\"twitter:label1\" content=\"Escrito por\" \/>\n\t<meta name=\"twitter:data1\" content=\"Mario Arroyo\" \/>\n\t<meta name=\"twitter:label2\" content=\"Tiempo de lectura\" \/>\n\t<meta name=\"twitter:data2\" content=\"4 minutos\" \/>\n<script type=\"application\/ld+json\" class=\"yoast-schema-graph\">{\"@context\":\"https:\\\/\\\/schema.org\",\"@graph\":[{\"@type\":\"Article\",\"@id\":\"https:\\\/\\\/exaudi.org\\\/es\\\/teologia-millennials-dia-intenacional-mujer\\\/#article\",\"isPartOf\":{\"@id\":\"https:\\\/\\\/exaudi.org\\\/es\\\/teologia-millennials-dia-intenacional-mujer\\\/\"},\"author\":{\"name\":\"Mario Arroyo\",\"@id\":\"https:\\\/\\\/exaudi.org\\\/#\\\/schema\\\/person\\\/2195e6e643f4a07a343345d49e4e6985\"},\"headline\":\"Teolog\u00eda para Millennials: D\u00eda Intenacional de la Mujer\",\"datePublished\":\"2022-03-07T08:00:39+00:00\",\"dateModified\":\"2022-03-07T16:09:43+00:00\",\"mainEntityOfPage\":{\"@id\":\"https:\\\/\\\/exaudi.org\\\/es\\\/teologia-millennials-dia-intenacional-mujer\\\/\"},\"wordCount\":819,\"image\":{\"@id\":\"https:\\\/\\\/exaudi.org\\\/es\\\/teologia-millennials-dia-intenacional-mujer\\\/#primaryimage\"},\"thumbnailUrl\":\"https:\\\/\\\/exaudi.org\\\/wp-content\\\/uploads\\\/2022\\\/03\\\/Mujer-Cathopic.-Diegozamc-scaled.jpg\",\"keywords\":[\"D\u00eda Internacional de la Mujer\",\"Teolog\u00eda para Millennials\",\"Trending\"],\"articleSection\":[\"Voces\"],\"inLanguage\":\"es\"},{\"@type\":\"WebPage\",\"@id\":\"https:\\\/\\\/exaudi.org\\\/es\\\/teologia-millennials-dia-intenacional-mujer\\\/\",\"url\":\"https:\\\/\\\/exaudi.org\\\/es\\\/teologia-millennials-dia-intenacional-mujer\\\/\",\"name\":\"Teolog\u00eda para Millennials: D\u00eda Intenacional de la Mujer &#8211; Exaudi\",\"isPartOf\":{\"@id\":\"https:\\\/\\\/exaudi.org\\\/#website\"},\"primaryImageOfPage\":{\"@id\":\"https:\\\/\\\/exaudi.org\\\/es\\\/teologia-millennials-dia-intenacional-mujer\\\/#primaryimage\"},\"image\":{\"@id\":\"https:\\\/\\\/exaudi.org\\\/es\\\/teologia-millennials-dia-intenacional-mujer\\\/#primaryimage\"},\"thumbnailUrl\":\"https:\\\/\\\/exaudi.org\\\/wp-content\\\/uploads\\\/2022\\\/03\\\/Mujer-Cathopic.-Diegozamc-scaled.jpg\",\"datePublished\":\"2022-03-07T08:00:39+00:00\",\"dateModified\":\"2022-03-07T16:09:43+00:00\",\"author\":{\"@id\":\"https:\\\/\\\/exaudi.org\\\/#\\\/schema\\\/person\\\/2195e6e643f4a07a343345d49e4e6985\"},\"description\":\"Hoy en \u201cTeolog\u00eda para Millennials\u201d, el padre\u00a0Mario Arroyo Mart\u00ednez comparte su art\u00edculo semanal titulado \u201cD\u00eda Intenacional de la Mujer\u201d.\",\"breadcrumb\":{\"@id\":\"https:\\\/\\\/exaudi.org\\\/es\\\/teologia-millennials-dia-intenacional-mujer\\\/#breadcrumb\"},\"inLanguage\":\"es\",\"potentialAction\":[{\"@type\":\"ReadAction\",\"target\":[\"https:\\\/\\\/exaudi.org\\\/es\\\/teologia-millennials-dia-intenacional-mujer\\\/\"]}]},{\"@type\":\"ImageObject\",\"inLanguage\":\"es\",\"@id\":\"https:\\\/\\\/exaudi.org\\\/es\\\/teologia-millennials-dia-intenacional-mujer\\\/#primaryimage\",\"url\":\"https:\\\/\\\/exaudi.org\\\/wp-content\\\/uploads\\\/2022\\\/03\\\/Mujer-Cathopic.-Diegozamc-scaled.jpg\",\"contentUrl\":\"https:\\\/\\\/exaudi.org\\\/wp-content\\\/uploads\\\/2022\\\/03\\\/Mujer-Cathopic.-Diegozamc-scaled.jpg\",\"width\":2560,\"height\":2168,\"caption\":\"Mujer \u00a9 Cathopic. Diegozamc\"},{\"@type\":\"BreadcrumbList\",\"@id\":\"https:\\\/\\\/exaudi.org\\\/es\\\/teologia-millennials-dia-intenacional-mujer\\\/#breadcrumb\",\"itemListElement\":[{\"@type\":\"ListItem\",\"position\":1,\"name\":\"Portada\",\"item\":\"https:\\\/\\\/exaudi.org\\\/es\\\/\"},{\"@type\":\"ListItem\",\"position\":2,\"name\":\"Teolog\u00eda para Millennials: D\u00eda Intenacional de la Mujer\"}]},{\"@type\":\"WebSite\",\"@id\":\"https:\\\/\\\/exaudi.org\\\/#website\",\"url\":\"https:\\\/\\\/exaudi.org\\\/\",\"name\":\"Exaudi\",\"description\":\"News\",\"potentialAction\":[{\"@type\":\"SearchAction\",\"target\":{\"@type\":\"EntryPoint\",\"urlTemplate\":\"https:\\\/\\\/exaudi.org\\\/?s={search_term_string}\"},\"query-input\":{\"@type\":\"PropertyValueSpecification\",\"valueRequired\":true,\"valueName\":\"search_term_string\"}}],\"inLanguage\":\"es\"},{\"@type\":\"Person\",\"@id\":\"https:\\\/\\\/exaudi.org\\\/#\\\/schema\\\/person\\\/2195e6e643f4a07a343345d49e4e6985\",\"name\":\"Mario Arroyo\",\"image\":{\"@type\":\"ImageObject\",\"inLanguage\":\"es\",\"@id\":\"https:\\\/\\\/secure.gravatar.com\\\/avatar\\\/0e2dddc1d3bf207409f5b4d542cef9a9955ad497448376a1621fcb1df592d137?s=96&d=mm&r=g\",\"url\":\"https:\\\/\\\/secure.gravatar.com\\\/avatar\\\/0e2dddc1d3bf207409f5b4d542cef9a9955ad497448376a1621fcb1df592d137?s=96&d=mm&r=g\",\"contentUrl\":\"https:\\\/\\\/secure.gravatar.com\\\/avatar\\\/0e2dddc1d3bf207409f5b4d542cef9a9955ad497448376a1621fcb1df592d137?s=96&d=mm&r=g\",\"caption\":\"Mario Arroyo\"},\"description\":\"Licenciado en Filosof\u00eda por la Universidad Panamericana, M\u00e9xico 1996, ostenta el bachiller en Teolog\u00eda por la Pontificia Universidad de la Santa Cruz, Roma 1999. Doctor en Filosof\u00eda por la Pontificia Universidad de la Santa Cruz, Roma 2002. Ordenado sacerdote en Torreciudad, Espa\u00f1a, en 2002. Autor de: Poder, Dinero y Santidad, Lima 2012; Ciencia y Fe. Un equilibrio posible, UCSS, Lima 2015; Ciencia y Fe. Situaci\u00f3n actual, Facultad de Teolog\u00eda Pontificia y Civil de Lima, Lima 2016; La Iglesia y los Homosexuales. Un falso conflicto, Facultad de Teolog\u00eda Pontificia y Civil de Lima, Lima 2017. Coautor de Dios Busca al Hombre, CDSCO, Lima 2013; Neurona mata esp\u00edritu, Amazon, Lima 2018; Teolog\u00eda para Millennials, Amazon, Lima 2018. El padre Mario es columnista de los portales peruanos Cr\u00f3nica Viva, La abeja y Lucidez, as\u00ed como de los peri\u00f3dicos mexicanos Mural, Expreso, del portal mexicano Vox Fides y de ZENIT. Capell\u00e1n de la Universidad de Piura, Campus de Lima durante los cursos 2017 y 2018. Actualmente, profesor de Teolog\u00eda en la Universidad Panamericana, Ciudad de M\u00e9xico.\",\"url\":\"https:\\\/\\\/exaudi.org\\\/es\\\/author\\\/padremarioarroyo\\\/\"}]}<\/script>\n<!-- \/ Yoast SEO plugin. -->","yoast_head_json":{"title":"Teolog\u00eda para Millennials: D\u00eda Intenacional de la Mujer &#8211; Exaudi","description":"Hoy en \u201cTeolog\u00eda para Millennials\u201d, el padre\u00a0Mario Arroyo Mart\u00ednez comparte su art\u00edculo semanal titulado \u201cD\u00eda Intenacional de la Mujer\u201d.","robots":{"index":"index","follow":"follow","max-snippet":"max-snippet:-1","max-image-preview":"max-image-preview:large","max-video-preview":"max-video-preview:-1"},"canonical":"https:\/\/exaudi.org\/es\/teologia-millennials-dia-intenacional-mujer\/","og_locale":"es_ES","og_type":"article","og_title":"Teolog\u00eda para Millennials: D\u00eda Intenacional de la Mujer &#8211; Exaudi","og_description":"Hoy en \u201cTeolog\u00eda para Millennials\u201d, el padre\u00a0Mario Arroyo Mart\u00ednez comparte su art\u00edculo semanal titulado \u201cD\u00eda Intenacional de la Mujer\u201d.","og_url":"https:\/\/exaudi.org\/es\/teologia-millennials-dia-intenacional-mujer\/","og_site_name":"Exaudi","article_publisher":"https:\/\/www.facebook.com\/ExaudiNews","article_published_time":"2022-03-07T08:00:39+00:00","article_modified_time":"2022-03-07T16:09:43+00:00","og_image":[{"width":2560,"height":2168,"url":"https:\/\/exaudi.org\/wp-content\/uploads\/2022\/03\/Mujer-Cathopic.-Diegozamc-scaled.jpg","type":"image\/jpeg"}],"author":"Mario Arroyo","twitter_card":"summary_large_image","twitter_creator":"@Exaudi_News","twitter_site":"@Exaudi_News","twitter_misc":{"Escrito por":"Mario Arroyo","Tiempo de lectura":"4 minutos"},"schema":{"@context":"https:\/\/schema.org","@graph":[{"@type":"Article","@id":"https:\/\/exaudi.org\/es\/teologia-millennials-dia-intenacional-mujer\/#article","isPartOf":{"@id":"https:\/\/exaudi.org\/es\/teologia-millennials-dia-intenacional-mujer\/"},"author":{"name":"Mario Arroyo","@id":"https:\/\/exaudi.org\/#\/schema\/person\/2195e6e643f4a07a343345d49e4e6985"},"headline":"Teolog\u00eda para Millennials: D\u00eda Intenacional de la Mujer","datePublished":"2022-03-07T08:00:39+00:00","dateModified":"2022-03-07T16:09:43+00:00","mainEntityOfPage":{"@id":"https:\/\/exaudi.org\/es\/teologia-millennials-dia-intenacional-mujer\/"},"wordCount":819,"image":{"@id":"https:\/\/exaudi.org\/es\/teologia-millennials-dia-intenacional-mujer\/#primaryimage"},"thumbnailUrl":"https:\/\/exaudi.org\/wp-content\/uploads\/2022\/03\/Mujer-Cathopic.-Diegozamc-scaled.jpg","keywords":["D\u00eda Internacional de la Mujer","Teolog\u00eda para Millennials","Trending"],"articleSection":["Voces"],"inLanguage":"es"},{"@type":"WebPage","@id":"https:\/\/exaudi.org\/es\/teologia-millennials-dia-intenacional-mujer\/","url":"https:\/\/exaudi.org\/es\/teologia-millennials-dia-intenacional-mujer\/","name":"Teolog\u00eda para Millennials: D\u00eda Intenacional de la Mujer &#8211; Exaudi","isPartOf":{"@id":"https:\/\/exaudi.org\/#website"},"primaryImageOfPage":{"@id":"https:\/\/exaudi.org\/es\/teologia-millennials-dia-intenacional-mujer\/#primaryimage"},"image":{"@id":"https:\/\/exaudi.org\/es\/teologia-millennials-dia-intenacional-mujer\/#primaryimage"},"thumbnailUrl":"https:\/\/exaudi.org\/wp-content\/uploads\/2022\/03\/Mujer-Cathopic.-Diegozamc-scaled.jpg","datePublished":"2022-03-07T08:00:39+00:00","dateModified":"2022-03-07T16:09:43+00:00","author":{"@id":"https:\/\/exaudi.org\/#\/schema\/person\/2195e6e643f4a07a343345d49e4e6985"},"description":"Hoy en \u201cTeolog\u00eda para Millennials\u201d, el padre\u00a0Mario Arroyo Mart\u00ednez comparte su art\u00edculo semanal titulado \u201cD\u00eda Intenacional de la Mujer\u201d.","breadcrumb":{"@id":"https:\/\/exaudi.org\/es\/teologia-millennials-dia-intenacional-mujer\/#breadcrumb"},"inLanguage":"es","potentialAction":[{"@type":"ReadAction","target":["https:\/\/exaudi.org\/es\/teologia-millennials-dia-intenacional-mujer\/"]}]},{"@type":"ImageObject","inLanguage":"es","@id":"https:\/\/exaudi.org\/es\/teologia-millennials-dia-intenacional-mujer\/#primaryimage","url":"https:\/\/exaudi.org\/wp-content\/uploads\/2022\/03\/Mujer-Cathopic.-Diegozamc-scaled.jpg","contentUrl":"https:\/\/exaudi.org\/wp-content\/uploads\/2022\/03\/Mujer-Cathopic.-Diegozamc-scaled.jpg","width":2560,"height":2168,"caption":"Mujer \u00a9 Cathopic. Diegozamc"},{"@type":"BreadcrumbList","@id":"https:\/\/exaudi.org\/es\/teologia-millennials-dia-intenacional-mujer\/#breadcrumb","itemListElement":[{"@type":"ListItem","position":1,"name":"Portada","item":"https:\/\/exaudi.org\/es\/"},{"@type":"ListItem","position":2,"name":"Teolog\u00eda para Millennials: D\u00eda Intenacional de la Mujer"}]},{"@type":"WebSite","@id":"https:\/\/exaudi.org\/#website","url":"https:\/\/exaudi.org\/","name":"Exaudi","description":"News","potentialAction":[{"@type":"SearchAction","target":{"@type":"EntryPoint","urlTemplate":"https:\/\/exaudi.org\/?s={search_term_string}"},"query-input":{"@type":"PropertyValueSpecification","valueRequired":true,"valueName":"search_term_string"}}],"inLanguage":"es"},{"@type":"Person","@id":"https:\/\/exaudi.org\/#\/schema\/person\/2195e6e643f4a07a343345d49e4e6985","name":"Mario Arroyo","image":{"@type":"ImageObject","inLanguage":"es","@id":"https:\/\/secure.gravatar.com\/avatar\/0e2dddc1d3bf207409f5b4d542cef9a9955ad497448376a1621fcb1df592d137?s=96&d=mm&r=g","url":"https:\/\/secure.gravatar.com\/avatar\/0e2dddc1d3bf207409f5b4d542cef9a9955ad497448376a1621fcb1df592d137?s=96&d=mm&r=g","contentUrl":"https:\/\/secure.gravatar.com\/avatar\/0e2dddc1d3bf207409f5b4d542cef9a9955ad497448376a1621fcb1df592d137?s=96&d=mm&r=g","caption":"Mario Arroyo"},"description":"Licenciado en Filosof\u00eda por la Universidad Panamericana, M\u00e9xico 1996, ostenta el bachiller en Teolog\u00eda por la Pontificia Universidad de la Santa Cruz, Roma 1999. Doctor en Filosof\u00eda por la Pontificia Universidad de la Santa Cruz, Roma 2002. Ordenado sacerdote en Torreciudad, Espa\u00f1a, en 2002. Autor de: Poder, Dinero y Santidad, Lima 2012; Ciencia y Fe. Un equilibrio posible, UCSS, Lima 2015; Ciencia y Fe. Situaci\u00f3n actual, Facultad de Teolog\u00eda Pontificia y Civil de Lima, Lima 2016; La Iglesia y los Homosexuales. Un falso conflicto, Facultad de Teolog\u00eda Pontificia y Civil de Lima, Lima 2017. Coautor de Dios Busca al Hombre, CDSCO, Lima 2013; Neurona mata esp\u00edritu, Amazon, Lima 2018; Teolog\u00eda para Millennials, Amazon, Lima 2018. El padre Mario es columnista de los portales peruanos Cr\u00f3nica Viva, La abeja y Lucidez, as\u00ed como de los peri\u00f3dicos mexicanos Mural, Expreso, del portal mexicano Vox Fides y de ZENIT. Capell\u00e1n de la Universidad de Piura, Campus de Lima durante los cursos 2017 y 2018. Actualmente, profesor de Teolog\u00eda en la Universidad Panamericana, Ciudad de M\u00e9xico.","url":"https:\/\/exaudi.org\/es\/author\/padremarioarroyo\/"}]}},"jetpack_featured_media_url":"https:\/\/exaudi.org\/wp-content\/uploads\/2022\/03\/Mujer-Cathopic.-Diegozamc-scaled.jpg","jetpack_shortlink":"https:\/\/wp.me\/pgKjF2-e3B","_links":{"self":[{"href":"https:\/\/exaudi.org\/es\/wp-json\/wp\/v2\/posts\/54039","targetHints":{"allow":["GET"]}}],"collection":[{"href":"https:\/\/exaudi.org\/es\/wp-json\/wp\/v2\/posts"}],"about":[{"href":"https:\/\/exaudi.org\/es\/wp-json\/wp\/v2\/types\/post"}],"author":[{"embeddable":true,"href":"https:\/\/exaudi.org\/es\/wp-json\/wp\/v2\/users\/22"}],"replies":[{"embeddable":true,"href":"https:\/\/exaudi.org\/es\/wp-json\/wp\/v2\/comments?post=54039"}],"version-history":[{"count":0,"href":"https:\/\/exaudi.org\/es\/wp-json\/wp\/v2\/posts\/54039\/revisions"}],"wp:featuredmedia":[{"embeddable":true,"href":"https:\/\/exaudi.org\/es\/wp-json\/wp\/v2\/media\/54040"}],"wp:attachment":[{"href":"https:\/\/exaudi.org\/es\/wp-json\/wp\/v2\/media?parent=54039"}],"wp:term":[{"taxonomy":"category","embeddable":true,"href":"https:\/\/exaudi.org\/es\/wp-json\/wp\/v2\/categories?post=54039"},{"taxonomy":"post_tag","embeddable":true,"href":"https:\/\/exaudi.org\/es\/wp-json\/wp\/v2\/tags?post=54039"}],"curies":[{"name":"wp","href":"https:\/\/api.w.org\/{rel}","templated":true}]}}