{"id":53702,"date":"2022-03-02T16:25:42","date_gmt":"2022-03-02T15:25:42","guid":{"rendered":"https:\/\/exaudi.org\/?p=53702"},"modified":"2022-03-03T10:20:41","modified_gmt":"2022-03-03T09:20:41","slug":"cardenal-arizmendi-cuaresma-para-nuestra-conversion","status":"publish","type":"post","link":"https:\/\/exaudi.org\/es\/cardenal-arizmendi-cuaresma-para-nuestra-conversion\/","title":{"rendered":"Cardenal Arizmendi: Cuaresma para nuestra conversi\u00f3n"},"content":{"rendered":"<p>El\u00a0<a href=\"https:\/\/exaudi.org\/es\/author\/felipearizmendi\/\" target=\"_blank\" rel=\"noopener\">cardenal Felipe Arizmendi<\/a>, obispo em\u00e9rito de San Crist\u00f3bal de Las Casas y responsable de la Doctrina de la Fe en la\u00a0<a href=\"https:\/\/www.cem.org.mx\/\" target=\"_blank\" rel=\"noopener\">Conferencia del Episcopado Mexicano (CEM)<\/a>, ofrece a los lectores de Exaudi su art\u00edculo semanal titulado \u201cCuaresma para nuestra conversi\u00f3n\u201d.<\/p>\n<p>***<\/p>\n<h2><strong>Mirar<\/strong><\/h2>\n<p>Es frecuente que culpemos a los dem\u00e1s de muchas cosas que nos parecen incorrectas, y que no asumamos nuestra propia responsabilidad. Culpamos al gobierno por la violencia incontrolable, por las extorsiones que parecen no tener freno, por la ola de asesinatos y desapariciones, por la impunidad de quienes da\u00f1an a la sociedad, pero no caemos en la cuenta de la violencia, f\u00edsica o verbal, que ejercemos contra los miembros de nuestra propia familia, contra nuestros vecinos, contra los trabajadores que dependen de nosotros. Hay muchos padres de familia que son culpables de la deficiente educaci\u00f3n de sus hijos, que se separan sin importarles los da\u00f1os que les ocasionan. Adolescentes y j\u00f3venes se enrolan con grupos delincuentes, por falta de un hogar bien integrado.<\/p>\n<p>A diario escuchamos culpar a gobiernos anteriores de todos los males del pa\u00eds, sin la humildad y valent\u00eda suficientes para asumir los propios errores. El esposo se queja de su esposa porque ya no es tierna y amorosa como antes, sin reconocer que ella ha cambiado porque \u00e9l con frecuencia se pasa de copas y la hace sufrir por diversos motivos. La esposa se queja de que su marido llega tarde a casa porque prefiere andar con sus amigotes, sin darse cuenta de que ella s\u00f3lo le reclama cuando llega y s\u00f3lo le exige m\u00e1s dinero, provocando que no se sienta contento en su propio hogar. Lo mismo pasa con maestros que s\u00f3lo se quejan de que sus alumnos no les ponen atenci\u00f3n, sin reconocer que eso pasa porque no preparan bien sus clases y no se esmeran por mejorar su pedagog\u00eda y su did\u00e1ctica. Nos quejamos de que las calles est\u00e1n llenas de basura y las carreteras llenas de baches, sin tomar la iniciativa de organizarnos como sociedad civil para remediar esos y otros males.<\/p>\n<p>Al interior de la comunidad eclesial, sucede algo semejante. Los obispos podemos criticar a sacerdotes, religiosas y laicos, y al rev\u00e9s, sin esforzarnos cada quien por nuestra propia conversi\u00f3n. Se escuchan fuertes reclamos y ofensas a la jerarqu\u00eda eclesi\u00e1stica por los casos de pederastia clerical, sin reconocer que la liberalidad en las costumbres y la decadencia moral en la sociedad ha facilitado el poco respeto a la dignidad de los peque\u00f1os y vulnerables. La pornograf\u00eda exacerbada que llega a todos y por todas partes, y que es defendida como una conquista de la modernidad, ha degradado las conciencias y el ambiente, considerando libertad lo que es libertinaje.<\/p>\n<h2><strong>Discernir<\/strong><\/h2>\n<p>La primera palabra de Jes\u00fas, en la versi\u00f3n del evangelista Marcos, es: \u201cConvi\u00e9rtanse y crean en el Evangelio\u201d (Mc 1,15). Convertirnos es cambiar de vida, cambiar lo que est\u00e1 torcido, equivocado, pecaminoso, lo que es contrario a los caminos de vida que nos propone Dios. Y esta Cuaresma es un tiempo propicio para hacer un examen de conciencia y con toda humildad reconocer nuestros errores, para esforzarnos en un cambio de vida.<\/p>\n<p>Jes\u00fas nos hace esta invitaci\u00f3n a la conversi\u00f3n personal: \u201cSe presentaron algunos ante Jes\u00fas para informarle de que Pilato hab\u00eda asesinado a algunos galileos y mezclado su sangre con los sacrificios que ofrec\u00edan. Jes\u00fas les respondi\u00f3: \u00bfPiensan que esto les sucedi\u00f3 a esos galileos porque eran m\u00e1s pecadores que todos los dem\u00e1s? Les aseguro que no, pero, si ustedes no se convierten, entonces morir\u00e1n de manera semejante. \u00bfY piensan que aquellos dieciocho hombres que murieron cuando cay\u00f3 sobre ellos la torre de Silo\u00e9 eran m\u00e1s culpables que todos los dem\u00e1s habitantes de Jerusal\u00e9n? Les aseguro que no, pero si ustedes no se convierten, morir\u00e1n como ellos\u201d (Lc 13,1-5).<\/p>\n<p>El Papa Francisco, en su alocuci\u00f3n antes del <a href=\"https:\/\/exaudi.org\/es\/no-buscar-en-los-demas-el-mal-sino-el-bien\/\" target=\"_blank\" rel=\"noopener\">\u00c1ngelus del domingo pasado<\/a>, expres\u00f3: \u201cEl riesgo que corremos, dice el Se\u00f1or, es el de concentrarnos en mirar la brizna de paja en el ojo del hermano sin darnos cuenta de la viga que hay en el nuestro (cfr. Lc 6,41). En otras palabras, estamos muy atentos a los defectos de los dem\u00e1s, incluso a los que son peque\u00f1os como una brizna de paja, e ignoramos serenamente los nuestros otorg\u00e1ndoles poco peso. Es verdad lo que dice Jes\u00fas: encontramos siempre motivos para culpabilizar a los dem\u00e1s y justificarnos a nosotros mismos. Y muchas veces nos quejamos de las cosas que no funcionan en nuestra sociedad, en la Iglesia, en el mundo, sin cuestionarnos antes a nosotros mismos y sin comprometernos en primer lugar a cambiar. Todo cambio fecundo, positivo, debe comenzar por nosotros mismos; de lo contrario, no habr\u00e1 cambio. Pero Jes\u00fas explica que haciendo esto nuestra mirada es ciega. Y si estamos ciegos no podemos pretender ser gu\u00edas y maestros para los dem\u00e1s: de hecho, un ciego no puede guiar a otro ciego, dice el Se\u00f1or.<\/p>\n<p>El Se\u00f1or nos invita a limpiar nuestra mirada. Limpiar nuestra mirada. En primer lugar, nos pide que miremos nuestro interior para reconocer nuestras miserias. Porque si no somos capaces de ver nuestros defectos, tenderemos siempre a exagerar los de los dem\u00e1s. En cambio, si reconocemos nuestros errores y nuestras miserias, se abre para nosotros la puerta de la misericordia. Y, despu\u00e9s de que hayamos mirado nuestro interior, Jes\u00fas nos invita a mirar a los dem\u00e1s como lo hace \u00c9l -este es el secreto: mirar a los dem\u00e1s como lo hace \u00c9l-, que no ve antes que nada el mal sino el bien. Dios nos mira as\u00ed: no ve en nosotros errores irremediables, sino que ve hijos que se equivocan. El punto de vista cambia: no se concentra en los errores, sino en los hijos que se equivocan. Dios distingue siempre la persona de sus errores. Salva siempre la persona. Cree siempre en la persona y est\u00e1 siempre dispuesto a perdonar los errores. Sabemos que Dios perdona siempre. Y nos invita a hacer lo mismo: a no buscar en los dem\u00e1s el mal, sino el bien\u201d (27-II-2022).<\/p>\n<h2><strong>Actuar<\/strong><\/h2>\n<p>La Cuaresma, que iniciamos con el Mi\u00e9rcoles de Ceniza, es una buena oportunidad para examinarnos personalmente y reconocer nuestras fallas, pidiendo a Dios la gracia de una conversi\u00f3n de coraz\u00f3n, y as\u00ed nuestra familia, el pa\u00eds y el mundo sean mejores. La paz en el mundo empieza por la armon\u00eda familiar. Oremos y ayunemos por la paz en Ucrania.<\/p>\n<p>Y como nos dice el Papa: \u201cLa Cuaresma nos invita a la conversi\u00f3n, a cambiar de mentalidad, para que la verdad y la belleza de nuestra vida no radiquen tanto en el poseer cuanto en el dar, no est\u00e9n tanto en el acumular cuanto en sembrar el bien y compartir\u2026 En este tiempo de conversi\u00f3n, apoy\u00e1ndonos en la gracia de Dios y en la comuni\u00f3n de la Iglesia, no nos cansemos de sembrar el bien\u201d (<a href=\"https:\/\/exaudi.org\/es\/cuaresma-ayuno-prepara-terreno-oracion-riega-caridad-fecunda\/\" target=\"_blank\" rel=\"noopener\">Mensaje para la Cuaresma 2022<\/a>)<em>.<\/em><\/p>\n<audio class=\"wp-audio-shortcode\" id=\"audio-53702-1\" preload=\"none\" style=\"width: 100%;\" controls=\"controls\"><source type=\"audio\/mpeg\" src=\"https:\/\/exaudi.org\/wp-content\/uploads\/2022\/03\/Articulo-2-marzo.mp3?_=1\" \/><a href=\"https:\/\/exaudi.org\/wp-content\/uploads\/2022\/03\/Articulo-2-marzo.mp3\">https:\/\/exaudi.org\/wp-content\/uploads\/2022\/03\/Articulo-2-marzo.mp3<\/a><\/audio>\n","protected":false},"excerpt":{"rendered":"<p>La paz en el mundo empieza por la armon\u00eda familiar<\/p>\n","protected":false},"author":24,"featured_media":53703,"comment_status":"closed","ping_status":"closed","sticky":false,"template":"","format":"standard","meta":{"_acf_changed":false,"_crdt_document":"","inline_featured_image":false,"footnotes":""},"categories":[130],"tags":[3727,3900,175],"class_list":["post-53702","post","type-post","status-publish","format-standard","has-post-thumbnail","hentry","category-voces","tag-cardenal-felipe-arizmendi","tag-conversion","tag-cuaresma"],"acf":[],"yoast_head":"<!-- This site is optimized with the Yoast SEO plugin v27.4 - https:\/\/yoast.com\/product\/yoast-seo-wordpress\/ -->\n<title>Cardenal Arizmendi: Cuaresma para nuestra conversi\u00f3n &#8211; Exaudi<\/title>\n<meta name=\"description\" content=\"El\u00a0cardenal Felipe Arizmendi ofrece a los lectores de Exaudi su art\u00edculo semanal titulado \u201cCuaresma para nuestra conversi\u00f3n\u201d\" \/>\n<meta name=\"robots\" content=\"index, follow, max-snippet:-1, max-image-preview:large, max-video-preview:-1\" \/>\n<link rel=\"canonical\" href=\"https:\/\/exaudi.org\/es\/cardenal-arizmendi-cuaresma-para-nuestra-conversion\/\" \/>\n<meta property=\"og:locale\" content=\"es_ES\" \/>\n<meta property=\"og:type\" content=\"article\" \/>\n<meta property=\"og:title\" content=\"Cardenal Arizmendi: Cuaresma para nuestra conversi\u00f3n &#8211; Exaudi\" \/>\n<meta property=\"og:description\" content=\"El\u00a0cardenal Felipe Arizmendi ofrece a los lectores de Exaudi su art\u00edculo semanal titulado \u201cCuaresma para nuestra conversi\u00f3n\u201d\" \/>\n<meta property=\"og:url\" content=\"https:\/\/exaudi.org\/es\/cardenal-arizmendi-cuaresma-para-nuestra-conversion\/\" \/>\n<meta property=\"og:site_name\" content=\"Exaudi\" \/>\n<meta property=\"article:publisher\" content=\"https:\/\/www.facebook.com\/ExaudiNews\" \/>\n<meta property=\"article:published_time\" content=\"2022-03-02T15:25:42+00:00\" \/>\n<meta property=\"article:modified_time\" content=\"2022-03-03T09:20:41+00:00\" \/>\n<meta property=\"og:image\" content=\"https:\/\/exaudi.org\/wp-content\/uploads\/2022\/03\/cathopic_1488407044534369-scaled.jpg\" \/>\n\t<meta property=\"og:image:width\" content=\"2560\" \/>\n\t<meta property=\"og:image:height\" content=\"1707\" \/>\n\t<meta property=\"og:image:type\" content=\"image\/jpeg\" \/>\n<meta name=\"author\" content=\"Cardenal Felipe Arizmendi\" \/>\n<meta name=\"twitter:card\" content=\"summary_large_image\" \/>\n<meta name=\"twitter:creator\" content=\"@Exaudi_News\" \/>\n<meta name=\"twitter:site\" content=\"@Exaudi_News\" \/>\n<meta name=\"twitter:label1\" content=\"Escrito por\" \/>\n\t<meta name=\"twitter:data1\" content=\"Cardenal Felipe Arizmendi\" \/>\n\t<meta name=\"twitter:label2\" content=\"Tiempo de lectura\" \/>\n\t<meta name=\"twitter:data2\" content=\"6 minutos\" \/>\n<script type=\"application\/ld+json\" class=\"yoast-schema-graph\">{\"@context\":\"https:\\\/\\\/schema.org\",\"@graph\":[{\"@type\":\"Article\",\"@id\":\"https:\\\/\\\/exaudi.org\\\/es\\\/cardenal-arizmendi-cuaresma-para-nuestra-conversion\\\/#article\",\"isPartOf\":{\"@id\":\"https:\\\/\\\/exaudi.org\\\/es\\\/cardenal-arizmendi-cuaresma-para-nuestra-conversion\\\/\"},\"author\":{\"name\":\"Cardenal Felipe Arizmendi\",\"@id\":\"https:\\\/\\\/exaudi.org\\\/#\\\/schema\\\/person\\\/c7d223f87e58f1105d044d8da1439102\"},\"headline\":\"Cardenal Arizmendi: Cuaresma para nuestra conversi\u00f3n\",\"datePublished\":\"2022-03-02T15:25:42+00:00\",\"dateModified\":\"2022-03-03T09:20:41+00:00\",\"mainEntityOfPage\":{\"@id\":\"https:\\\/\\\/exaudi.org\\\/es\\\/cardenal-arizmendi-cuaresma-para-nuestra-conversion\\\/\"},\"wordCount\":1226,\"image\":{\"@id\":\"https:\\\/\\\/exaudi.org\\\/es\\\/cardenal-arizmendi-cuaresma-para-nuestra-conversion\\\/#primaryimage\"},\"thumbnailUrl\":\"https:\\\/\\\/exaudi.org\\\/wp-content\\\/uploads\\\/2022\\\/03\\\/cathopic_1488407044534369-scaled.jpg\",\"keywords\":[\"Cardenal Felipe Arizmendi\",\"Conversi\u00f3n\",\"cuaresma\"],\"articleSection\":[\"Voces\"],\"inLanguage\":\"es\"},{\"@type\":\"WebPage\",\"@id\":\"https:\\\/\\\/exaudi.org\\\/es\\\/cardenal-arizmendi-cuaresma-para-nuestra-conversion\\\/\",\"url\":\"https:\\\/\\\/exaudi.org\\\/es\\\/cardenal-arizmendi-cuaresma-para-nuestra-conversion\\\/\",\"name\":\"Cardenal Arizmendi: Cuaresma para nuestra conversi\u00f3n &#8211; Exaudi\",\"isPartOf\":{\"@id\":\"https:\\\/\\\/exaudi.org\\\/#website\"},\"primaryImageOfPage\":{\"@id\":\"https:\\\/\\\/exaudi.org\\\/es\\\/cardenal-arizmendi-cuaresma-para-nuestra-conversion\\\/#primaryimage\"},\"image\":{\"@id\":\"https:\\\/\\\/exaudi.org\\\/es\\\/cardenal-arizmendi-cuaresma-para-nuestra-conversion\\\/#primaryimage\"},\"thumbnailUrl\":\"https:\\\/\\\/exaudi.org\\\/wp-content\\\/uploads\\\/2022\\\/03\\\/cathopic_1488407044534369-scaled.jpg\",\"datePublished\":\"2022-03-02T15:25:42+00:00\",\"dateModified\":\"2022-03-03T09:20:41+00:00\",\"author\":{\"@id\":\"https:\\\/\\\/exaudi.org\\\/#\\\/schema\\\/person\\\/c7d223f87e58f1105d044d8da1439102\"},\"description\":\"El\u00a0cardenal Felipe Arizmendi ofrece a los lectores de Exaudi su art\u00edculo semanal titulado \u201cCuaresma para nuestra conversi\u00f3n\u201d\",\"breadcrumb\":{\"@id\":\"https:\\\/\\\/exaudi.org\\\/es\\\/cardenal-arizmendi-cuaresma-para-nuestra-conversion\\\/#breadcrumb\"},\"inLanguage\":\"es\",\"potentialAction\":[{\"@type\":\"ReadAction\",\"target\":[\"https:\\\/\\\/exaudi.org\\\/es\\\/cardenal-arizmendi-cuaresma-para-nuestra-conversion\\\/\"]}]},{\"@type\":\"ImageObject\",\"inLanguage\":\"es\",\"@id\":\"https:\\\/\\\/exaudi.org\\\/es\\\/cardenal-arizmendi-cuaresma-para-nuestra-conversion\\\/#primaryimage\",\"url\":\"https:\\\/\\\/exaudi.org\\\/wp-content\\\/uploads\\\/2022\\\/03\\\/cathopic_1488407044534369-scaled.jpg\",\"contentUrl\":\"https:\\\/\\\/exaudi.org\\\/wp-content\\\/uploads\\\/2022\\\/03\\\/cathopic_1488407044534369-scaled.jpg\",\"width\":2560,\"height\":1707,\"caption\":\"Cuaresma \u00a9 Cathopic. #ArqTl\"},{\"@type\":\"BreadcrumbList\",\"@id\":\"https:\\\/\\\/exaudi.org\\\/es\\\/cardenal-arizmendi-cuaresma-para-nuestra-conversion\\\/#breadcrumb\",\"itemListElement\":[{\"@type\":\"ListItem\",\"position\":1,\"name\":\"Portada\",\"item\":\"https:\\\/\\\/exaudi.org\\\/es\\\/\"},{\"@type\":\"ListItem\",\"position\":2,\"name\":\"Cardenal Arizmendi: Cuaresma para nuestra conversi\u00f3n\"}]},{\"@type\":\"WebSite\",\"@id\":\"https:\\\/\\\/exaudi.org\\\/#website\",\"url\":\"https:\\\/\\\/exaudi.org\\\/\",\"name\":\"Exaudi\",\"description\":\"News\",\"potentialAction\":[{\"@type\":\"SearchAction\",\"target\":{\"@type\":\"EntryPoint\",\"urlTemplate\":\"https:\\\/\\\/exaudi.org\\\/?s={search_term_string}\"},\"query-input\":{\"@type\":\"PropertyValueSpecification\",\"valueRequired\":true,\"valueName\":\"search_term_string\"}}],\"inLanguage\":\"es\"},{\"@type\":\"Person\",\"@id\":\"https:\\\/\\\/exaudi.org\\\/#\\\/schema\\\/person\\\/c7d223f87e58f1105d044d8da1439102\",\"name\":\"Cardenal Felipe Arizmendi\",\"image\":{\"@type\":\"ImageObject\",\"inLanguage\":\"es\",\"@id\":\"https:\\\/\\\/secure.gravatar.com\\\/avatar\\\/4ffc5520d896b86d39346168903de33a17ef0f23d16de0ff45062c1ff422ed2f?s=96&d=mm&r=g\",\"url\":\"https:\\\/\\\/secure.gravatar.com\\\/avatar\\\/4ffc5520d896b86d39346168903de33a17ef0f23d16de0ff45062c1ff422ed2f?s=96&d=mm&r=g\",\"contentUrl\":\"https:\\\/\\\/secure.gravatar.com\\\/avatar\\\/4ffc5520d896b86d39346168903de33a17ef0f23d16de0ff45062c1ff422ed2f?s=96&d=mm&r=g\",\"caption\":\"Cardenal Felipe Arizmendi\"},\"description\":\"Nacido en Chiltepec el 1 de mayo de 1940. Estudi\u00f3 Humanidades y Filosof\u00eda en el Seminario de Toluca, de 1952 a 1959. Curs\u00f3 la Teolog\u00eda en la Universidad Pontificia de Salamanca, Espa\u00f1a, de 1959 a 1963, obteniendo la licenciatura en Teolog\u00eda Dogm\u00e1tica. Por su cuenta, se especializ\u00f3 en Liturgia. Fue ordenado sacerdote el 25 de agosto de 1963 en Toluca. Sirvi\u00f3 como Vicario Parroquial en tres parroquias por tres a\u00f1os y medio y fue p\u00e1rroco de una comunidad ind\u00edgena otom\u00ed, de 1967 a 1970. Fue Director Espiritual del Seminario de Toluca por diez a\u00f1os, y Rector del mismo de 1981 a 1991. El 7 de marzo de 1991, fue ordenado obispo de la di\u00f3cesis de Tapachula, donde estuvo hasta el 30 de abril del a\u00f1o 2000. El 1 de mayo del 2000, inici\u00f3 su ministerio episcopal como XLVI obispo de la di\u00f3cesis de San Crist\u00f3bal de las Casas, Chiapas, una de las di\u00f3cesis m\u00e1s antiguas de M\u00e9xico, erigida en 1539; all\u00ed sirvi\u00f3 por casi 18 a\u00f1os. Ha ocupado diversos cargos en la Conferencia del Episcopado Mexicano y en el CELAM. El 3 de noviembre de 2017, el Papa Francisco le acept\u00f3, por edad, su renuncia al servicio episcopal en esta di\u00f3cesis, que entreg\u00f3 a su sucesor el 3 de enero de 2018. Desde entonces, reside en la ciudad de Toluca. Desde 1979, escribe art\u00edculos de actualidad en varios medios religiosos y civiles. Es autor de varias publicaciones.\",\"url\":\"https:\\\/\\\/exaudi.org\\\/es\\\/author\\\/felipearizmendi\\\/\"}]}<\/script>\n<!-- \/ Yoast SEO plugin. -->","yoast_head_json":{"title":"Cardenal Arizmendi: Cuaresma para nuestra conversi\u00f3n &#8211; Exaudi","description":"El\u00a0cardenal Felipe Arizmendi ofrece a los lectores de Exaudi su art\u00edculo semanal titulado \u201cCuaresma para nuestra conversi\u00f3n\u201d","robots":{"index":"index","follow":"follow","max-snippet":"max-snippet:-1","max-image-preview":"max-image-preview:large","max-video-preview":"max-video-preview:-1"},"canonical":"https:\/\/exaudi.org\/es\/cardenal-arizmendi-cuaresma-para-nuestra-conversion\/","og_locale":"es_ES","og_type":"article","og_title":"Cardenal Arizmendi: Cuaresma para nuestra conversi\u00f3n &#8211; Exaudi","og_description":"El\u00a0cardenal Felipe Arizmendi ofrece a los lectores de Exaudi su art\u00edculo semanal titulado \u201cCuaresma para nuestra conversi\u00f3n\u201d","og_url":"https:\/\/exaudi.org\/es\/cardenal-arizmendi-cuaresma-para-nuestra-conversion\/","og_site_name":"Exaudi","article_publisher":"https:\/\/www.facebook.com\/ExaudiNews","article_published_time":"2022-03-02T15:25:42+00:00","article_modified_time":"2022-03-03T09:20:41+00:00","og_image":[{"width":2560,"height":1707,"url":"https:\/\/exaudi.org\/wp-content\/uploads\/2022\/03\/cathopic_1488407044534369-scaled.jpg","type":"image\/jpeg"}],"author":"Cardenal Felipe Arizmendi","twitter_card":"summary_large_image","twitter_creator":"@Exaudi_News","twitter_site":"@Exaudi_News","twitter_misc":{"Escrito por":"Cardenal Felipe Arizmendi","Tiempo de lectura":"6 minutos"},"schema":{"@context":"https:\/\/schema.org","@graph":[{"@type":"Article","@id":"https:\/\/exaudi.org\/es\/cardenal-arizmendi-cuaresma-para-nuestra-conversion\/#article","isPartOf":{"@id":"https:\/\/exaudi.org\/es\/cardenal-arizmendi-cuaresma-para-nuestra-conversion\/"},"author":{"name":"Cardenal Felipe Arizmendi","@id":"https:\/\/exaudi.org\/#\/schema\/person\/c7d223f87e58f1105d044d8da1439102"},"headline":"Cardenal Arizmendi: Cuaresma para nuestra conversi\u00f3n","datePublished":"2022-03-02T15:25:42+00:00","dateModified":"2022-03-03T09:20:41+00:00","mainEntityOfPage":{"@id":"https:\/\/exaudi.org\/es\/cardenal-arizmendi-cuaresma-para-nuestra-conversion\/"},"wordCount":1226,"image":{"@id":"https:\/\/exaudi.org\/es\/cardenal-arizmendi-cuaresma-para-nuestra-conversion\/#primaryimage"},"thumbnailUrl":"https:\/\/exaudi.org\/wp-content\/uploads\/2022\/03\/cathopic_1488407044534369-scaled.jpg","keywords":["Cardenal Felipe Arizmendi","Conversi\u00f3n","cuaresma"],"articleSection":["Voces"],"inLanguage":"es"},{"@type":"WebPage","@id":"https:\/\/exaudi.org\/es\/cardenal-arizmendi-cuaresma-para-nuestra-conversion\/","url":"https:\/\/exaudi.org\/es\/cardenal-arizmendi-cuaresma-para-nuestra-conversion\/","name":"Cardenal Arizmendi: Cuaresma para nuestra conversi\u00f3n &#8211; Exaudi","isPartOf":{"@id":"https:\/\/exaudi.org\/#website"},"primaryImageOfPage":{"@id":"https:\/\/exaudi.org\/es\/cardenal-arizmendi-cuaresma-para-nuestra-conversion\/#primaryimage"},"image":{"@id":"https:\/\/exaudi.org\/es\/cardenal-arizmendi-cuaresma-para-nuestra-conversion\/#primaryimage"},"thumbnailUrl":"https:\/\/exaudi.org\/wp-content\/uploads\/2022\/03\/cathopic_1488407044534369-scaled.jpg","datePublished":"2022-03-02T15:25:42+00:00","dateModified":"2022-03-03T09:20:41+00:00","author":{"@id":"https:\/\/exaudi.org\/#\/schema\/person\/c7d223f87e58f1105d044d8da1439102"},"description":"El\u00a0cardenal Felipe Arizmendi ofrece a los lectores de Exaudi su art\u00edculo semanal titulado \u201cCuaresma para nuestra conversi\u00f3n\u201d","breadcrumb":{"@id":"https:\/\/exaudi.org\/es\/cardenal-arizmendi-cuaresma-para-nuestra-conversion\/#breadcrumb"},"inLanguage":"es","potentialAction":[{"@type":"ReadAction","target":["https:\/\/exaudi.org\/es\/cardenal-arizmendi-cuaresma-para-nuestra-conversion\/"]}]},{"@type":"ImageObject","inLanguage":"es","@id":"https:\/\/exaudi.org\/es\/cardenal-arizmendi-cuaresma-para-nuestra-conversion\/#primaryimage","url":"https:\/\/exaudi.org\/wp-content\/uploads\/2022\/03\/cathopic_1488407044534369-scaled.jpg","contentUrl":"https:\/\/exaudi.org\/wp-content\/uploads\/2022\/03\/cathopic_1488407044534369-scaled.jpg","width":2560,"height":1707,"caption":"Cuaresma \u00a9 Cathopic. #ArqTl"},{"@type":"BreadcrumbList","@id":"https:\/\/exaudi.org\/es\/cardenal-arizmendi-cuaresma-para-nuestra-conversion\/#breadcrumb","itemListElement":[{"@type":"ListItem","position":1,"name":"Portada","item":"https:\/\/exaudi.org\/es\/"},{"@type":"ListItem","position":2,"name":"Cardenal Arizmendi: Cuaresma para nuestra conversi\u00f3n"}]},{"@type":"WebSite","@id":"https:\/\/exaudi.org\/#website","url":"https:\/\/exaudi.org\/","name":"Exaudi","description":"News","potentialAction":[{"@type":"SearchAction","target":{"@type":"EntryPoint","urlTemplate":"https:\/\/exaudi.org\/?s={search_term_string}"},"query-input":{"@type":"PropertyValueSpecification","valueRequired":true,"valueName":"search_term_string"}}],"inLanguage":"es"},{"@type":"Person","@id":"https:\/\/exaudi.org\/#\/schema\/person\/c7d223f87e58f1105d044d8da1439102","name":"Cardenal Felipe Arizmendi","image":{"@type":"ImageObject","inLanguage":"es","@id":"https:\/\/secure.gravatar.com\/avatar\/4ffc5520d896b86d39346168903de33a17ef0f23d16de0ff45062c1ff422ed2f?s=96&d=mm&r=g","url":"https:\/\/secure.gravatar.com\/avatar\/4ffc5520d896b86d39346168903de33a17ef0f23d16de0ff45062c1ff422ed2f?s=96&d=mm&r=g","contentUrl":"https:\/\/secure.gravatar.com\/avatar\/4ffc5520d896b86d39346168903de33a17ef0f23d16de0ff45062c1ff422ed2f?s=96&d=mm&r=g","caption":"Cardenal Felipe Arizmendi"},"description":"Nacido en Chiltepec el 1 de mayo de 1940. Estudi\u00f3 Humanidades y Filosof\u00eda en el Seminario de Toluca, de 1952 a 1959. Curs\u00f3 la Teolog\u00eda en la Universidad Pontificia de Salamanca, Espa\u00f1a, de 1959 a 1963, obteniendo la licenciatura en Teolog\u00eda Dogm\u00e1tica. Por su cuenta, se especializ\u00f3 en Liturgia. Fue ordenado sacerdote el 25 de agosto de 1963 en Toluca. Sirvi\u00f3 como Vicario Parroquial en tres parroquias por tres a\u00f1os y medio y fue p\u00e1rroco de una comunidad ind\u00edgena otom\u00ed, de 1967 a 1970. Fue Director Espiritual del Seminario de Toluca por diez a\u00f1os, y Rector del mismo de 1981 a 1991. El 7 de marzo de 1991, fue ordenado obispo de la di\u00f3cesis de Tapachula, donde estuvo hasta el 30 de abril del a\u00f1o 2000. El 1 de mayo del 2000, inici\u00f3 su ministerio episcopal como XLVI obispo de la di\u00f3cesis de San Crist\u00f3bal de las Casas, Chiapas, una de las di\u00f3cesis m\u00e1s antiguas de M\u00e9xico, erigida en 1539; all\u00ed sirvi\u00f3 por casi 18 a\u00f1os. Ha ocupado diversos cargos en la Conferencia del Episcopado Mexicano y en el CELAM. El 3 de noviembre de 2017, el Papa Francisco le acept\u00f3, por edad, su renuncia al servicio episcopal en esta di\u00f3cesis, que entreg\u00f3 a su sucesor el 3 de enero de 2018. Desde entonces, reside en la ciudad de Toluca. Desde 1979, escribe art\u00edculos de actualidad en varios medios religiosos y civiles. Es autor de varias publicaciones.","url":"https:\/\/exaudi.org\/es\/author\/felipearizmendi\/"}]}},"jetpack_featured_media_url":"https:\/\/exaudi.org\/wp-content\/uploads\/2022\/03\/cathopic_1488407044534369-scaled.jpg","jetpack_shortlink":"https:\/\/wp.me\/pgKjF2-dYa","_links":{"self":[{"href":"https:\/\/exaudi.org\/es\/wp-json\/wp\/v2\/posts\/53702","targetHints":{"allow":["GET"]}}],"collection":[{"href":"https:\/\/exaudi.org\/es\/wp-json\/wp\/v2\/posts"}],"about":[{"href":"https:\/\/exaudi.org\/es\/wp-json\/wp\/v2\/types\/post"}],"author":[{"embeddable":true,"href":"https:\/\/exaudi.org\/es\/wp-json\/wp\/v2\/users\/24"}],"replies":[{"embeddable":true,"href":"https:\/\/exaudi.org\/es\/wp-json\/wp\/v2\/comments?post=53702"}],"version-history":[{"count":0,"href":"https:\/\/exaudi.org\/es\/wp-json\/wp\/v2\/posts\/53702\/revisions"}],"wp:featuredmedia":[{"embeddable":true,"href":"https:\/\/exaudi.org\/es\/wp-json\/wp\/v2\/media\/53703"}],"wp:attachment":[{"href":"https:\/\/exaudi.org\/es\/wp-json\/wp\/v2\/media?parent=53702"}],"wp:term":[{"taxonomy":"category","embeddable":true,"href":"https:\/\/exaudi.org\/es\/wp-json\/wp\/v2\/categories?post=53702"},{"taxonomy":"post_tag","embeddable":true,"href":"https:\/\/exaudi.org\/es\/wp-json\/wp\/v2\/tags?post=53702"}],"curies":[{"name":"wp","href":"https:\/\/api.w.org\/{rel}","templated":true}]}}