{"id":53654,"date":"2022-03-02T15:50:56","date_gmt":"2022-03-02T14:50:56","guid":{"rendered":"https:\/\/exaudi.org\/?p=53654"},"modified":"2022-03-03T08:37:16","modified_gmt":"2022-03-03T07:37:16","slug":"el-papa-agradece-a-polacos-su-acogida-a-refugiados-de-ucrania","status":"publish","type":"post","link":"https:\/\/exaudi.org\/es\/el-papa-agradece-a-polacos-su-acogida-a-refugiados-de-ucrania\/","title":{"rendered":"El Papa agradece a polacos su acogida a refugiados de Ucrania"},"content":{"rendered":"<p>El Papa Francisco ha agradecido a los polacos su acogida a los refugiados que huyen de la guerra de Ucrania durante la <a href=\"https:\/\/www.facebook.com\/vaticannews.es\/videos\/1062485344697637\" target=\"_blank\" rel=\"noopener\">audiencia general<\/a> de este mi\u00e9rcoles, 2 de marzo de 2022, <a href=\"https:\/\/exaudi.org\/es\/miercoles-de-ceniza-especial\/\" target=\"_blank\" rel=\"noopener\">Mi\u00e9rcoles de Ceniza.<\/a><\/p>\n<p>Tras la <a href=\"https:\/\/exaudi.org\/es\/convertir-prepotencia-tiempo-del-reloj-en-belleza-de-ritmos-de-vida\/\" target=\"_blank\" rel=\"noopener\">catequesis<\/a> de hoy, jornada especial de oraci\u00f3n y ayuno por la paz, Francisco no habl\u00f3 directamente de la guerra en Ucrania. No obstante, s\u00ed lo ha hecho en diversas ocasiones, a lo largo saludos en varios idiomas, invitando a la gente a rezar por la paz y por los ucranianos que huyen de las bombas.<\/p>\n<p>A los fieles de Polonia, Francisco les ha dedicado las siguientes palabras: \u201cUstedes fueron los primeros en apoyar a Ucrania, abriendo sus fronteras, sus corazones y las puertas de sus hogares a los ucranianos que hu\u00edan de la guerra. Les ofrec\u00e9is generosamente todo lo que necesitan para vivir con dignidad, a pesar del drama del momento. Os estoy profundamente agradecido y os bendigo con todo mi coraz\u00f3n\u201d.<\/p>\n<h2><strong>Homenaje al lector ucraniano<\/strong><\/h2>\n<p>Despu\u00e9s, refiri\u00e9ndose fraile franciscano que hab\u00eda le\u00eddo el saludo en polaco, el Papa describi\u00f3 que \u201chabla ahora en polaco: \u00a1pero es ucraniano! Y sus padres est\u00e1n en estos momentos en refugios bajo tierra, para defenderse de las bombas, en un lugar cercano a Kiev. Y sigue cumpliendo con su deber aqu\u00ed, con nosotros\u201d.<\/p>\n<p>\u201cAl acompa\u00f1arle, acompa\u00f1amos a toda la gente que est\u00e1 sufriendo los bombardeos, a sus padres ancianos y a muchas personas mayores que est\u00e1n bajo tierra para defenderse. Llevamos en nuestros corazones el recuerdo de este pueblo. Y [dirigi\u00e9ndose a \u00e9l] gracias a ti por continuar el trabajo\u201d, concluy\u00f3 el Pont\u00edfice.<\/p>\n<h2><strong>Cuaresma y paz<\/strong><\/h2>\n<p>Adem\u00e1s de esta referencia a la guerra, a lo largo de los saludos el Obispo de Roma ha relacionado varias veces el tiempo de la Cuaresma con la paz.<\/p>\n<p>\u201cDeseo a todos que el camino de la Cuaresma, que iniciamos hoy con la oraci\u00f3n y el ayuno por la paz en Ucrania &#8211; nos lleve a la alegr\u00eda de la Pascua con los corazones purificados y renovados por la gracia del Esp\u00edritu Santo\u201d, expuso a los fieles de lengua inglesa.<\/p>\n<p>\u201cNuestra oraci\u00f3n y el ayuno ser\u00e1n una s\u00faplica por la paz en Ucrania, recordando que la paz en el mundo comienza siempre con nuestra conversi\u00f3n personal, siguiendo las huellas a Cristo\u201d, dijo antes a los franc\u00f3fonos.<\/p>\n<p>Por su parte, a los de lengua alemana, les indic\u00f3: \u201cComencemos esta Cuaresma con esp\u00edritu de penitencia y de oraci\u00f3n para implorar la misericordia de Dios sobre nosotros y la paz para el mundo entero\u201d.<\/p>\n<p>Por \u00faltimo, en su saludo en portugu\u00e9s invit\u00f3 \u201ca hacer este camino de conversi\u00f3n a trav\u00e9s de la ayuda a los m\u00e1s necesitados, la penitencia hecha con alegr\u00eda y la oraci\u00f3n confiada, pidiendo al Se\u00f1or intensamente el don de la paz\u201d.<\/p>\n","protected":false},"excerpt":{"rendered":"<p>Invita a rezar por la paz en este tiempo de Cuaresma que comienza hoy<\/p>\n","protected":false},"author":5,"featured_media":53664,"comment_status":"closed","ping_status":"closed","sticky":false,"template":"","format":"standard","meta":{"_acf_changed":false,"_crdt_document":"","inline_featured_image":false,"footnotes":""},"categories":[112,68],"tags":[179,3834,158,625,2425,4953,1235],"class_list":["post-53654","post","type-post","status-publish","format-standard","has-post-thumbnail","hentry","category-audiencia-general","category-leon-xiv","tag-audiencia-general","tag-guerra-es","tag-papa-francisco","tag-paz","tag-polonia-es","tag-trending-es","tag-ucrania"],"acf":[],"yoast_head":"<!-- This site is optimized with the Yoast SEO plugin v27.4 - https:\/\/yoast.com\/product\/yoast-seo-wordpress\/ -->\n<title>El Papa agradece a polacos su acogida a refugiados de Ucrania &#8211; Exaudi<\/title>\n<meta name=\"description\" content=\"El Papa Francisco ha agradecido a los polacos su acogida a los refugiados que huyen de la guerra de Ucrania durante la audiencia general\" \/>\n<meta name=\"robots\" content=\"index, follow, max-snippet:-1, max-image-preview:large, max-video-preview:-1\" \/>\n<link rel=\"canonical\" href=\"https:\/\/exaudi.org\/es\/el-papa-agradece-a-polacos-su-acogida-a-refugiados-de-ucrania\/\" \/>\n<meta property=\"og:locale\" content=\"es_ES\" \/>\n<meta property=\"og:type\" content=\"article\" \/>\n<meta property=\"og:title\" content=\"El Papa agradece a polacos su acogida a refugiados de Ucrania &#8211; Exaudi\" \/>\n<meta property=\"og:description\" content=\"El Papa Francisco ha agradecido a los polacos su acogida a los refugiados que huyen de la guerra de Ucrania durante la audiencia general\" \/>\n<meta property=\"og:url\" content=\"https:\/\/exaudi.org\/es\/el-papa-agradece-a-polacos-su-acogida-a-refugiados-de-ucrania\/\" \/>\n<meta property=\"og:site_name\" content=\"Exaudi\" \/>\n<meta property=\"article:publisher\" content=\"https:\/\/www.facebook.com\/ExaudiNews\" \/>\n<meta property=\"article:published_time\" content=\"2022-03-02T14:50:56+00:00\" \/>\n<meta property=\"article:modified_time\" content=\"2022-03-03T07:37:16+00:00\" \/>\n<meta property=\"og:image\" content=\"https:\/\/exaudi.org\/wp-content\/uploads\/2022\/03\/Audiencia-general-2-marzo-2022.jpeg\" \/>\n\t<meta property=\"og:image:width\" content=\"800\" \/>\n\t<meta property=\"og:image:height\" content=\"533\" \/>\n\t<meta property=\"og:image:type\" content=\"image\/jpeg\" \/>\n<meta name=\"author\" content=\"Larissa I. L\u00f3pez\" \/>\n<meta name=\"twitter:card\" content=\"summary_large_image\" \/>\n<meta name=\"twitter:creator\" content=\"@Exaudi_News\" \/>\n<meta name=\"twitter:site\" content=\"@Exaudi_News\" \/>\n<meta name=\"twitter:label1\" content=\"Escrito por\" \/>\n\t<meta name=\"twitter:data1\" content=\"Larissa I. L\u00f3pez\" \/>\n\t<meta name=\"twitter:label2\" content=\"Tiempo de lectura\" \/>\n\t<meta name=\"twitter:data2\" content=\"3 minutos\" \/>\n<script type=\"application\/ld+json\" class=\"yoast-schema-graph\">{\"@context\":\"https:\\\/\\\/schema.org\",\"@graph\":[{\"@type\":\"Article\",\"@id\":\"https:\\\/\\\/exaudi.org\\\/es\\\/el-papa-agradece-a-polacos-su-acogida-a-refugiados-de-ucrania\\\/#article\",\"isPartOf\":{\"@id\":\"https:\\\/\\\/exaudi.org\\\/es\\\/el-papa-agradece-a-polacos-su-acogida-a-refugiados-de-ucrania\\\/\"},\"author\":{\"name\":\"Larissa I. L\u00f3pez\",\"@id\":\"https:\\\/\\\/exaudi.org\\\/#\\\/schema\\\/person\\\/7d2f77db033c2c0929edfab6dbe8c588\"},\"headline\":\"El Papa agradece a polacos su acogida a refugiados de Ucrania\",\"datePublished\":\"2022-03-02T14:50:56+00:00\",\"dateModified\":\"2022-03-03T07:37:16+00:00\",\"mainEntityOfPage\":{\"@id\":\"https:\\\/\\\/exaudi.org\\\/es\\\/el-papa-agradece-a-polacos-su-acogida-a-refugiados-de-ucrania\\\/\"},\"wordCount\":504,\"image\":{\"@id\":\"https:\\\/\\\/exaudi.org\\\/es\\\/el-papa-agradece-a-polacos-su-acogida-a-refugiados-de-ucrania\\\/#primaryimage\"},\"thumbnailUrl\":\"https:\\\/\\\/exaudi.org\\\/wp-content\\\/uploads\\\/2022\\\/03\\\/Audiencia-general-2-marzo-2022.jpeg\",\"keywords\":[\"audiencia general\",\"guerra\",\"papa francisco\",\"Paz\",\"Polonia\",\"Trending\",\"Ucrania\"],\"articleSection\":[\"Audiencia General\",\"Le\u00f3n XIV\"],\"inLanguage\":\"es\"},{\"@type\":\"WebPage\",\"@id\":\"https:\\\/\\\/exaudi.org\\\/es\\\/el-papa-agradece-a-polacos-su-acogida-a-refugiados-de-ucrania\\\/\",\"url\":\"https:\\\/\\\/exaudi.org\\\/es\\\/el-papa-agradece-a-polacos-su-acogida-a-refugiados-de-ucrania\\\/\",\"name\":\"El Papa agradece a polacos su acogida a refugiados de Ucrania &#8211; Exaudi\",\"isPartOf\":{\"@id\":\"https:\\\/\\\/exaudi.org\\\/#website\"},\"primaryImageOfPage\":{\"@id\":\"https:\\\/\\\/exaudi.org\\\/es\\\/el-papa-agradece-a-polacos-su-acogida-a-refugiados-de-ucrania\\\/#primaryimage\"},\"image\":{\"@id\":\"https:\\\/\\\/exaudi.org\\\/es\\\/el-papa-agradece-a-polacos-su-acogida-a-refugiados-de-ucrania\\\/#primaryimage\"},\"thumbnailUrl\":\"https:\\\/\\\/exaudi.org\\\/wp-content\\\/uploads\\\/2022\\\/03\\\/Audiencia-general-2-marzo-2022.jpeg\",\"datePublished\":\"2022-03-02T14:50:56+00:00\",\"dateModified\":\"2022-03-03T07:37:16+00:00\",\"author\":{\"@id\":\"https:\\\/\\\/exaudi.org\\\/#\\\/schema\\\/person\\\/7d2f77db033c2c0929edfab6dbe8c588\"},\"description\":\"El Papa Francisco ha agradecido a los polacos su acogida a los refugiados que huyen de la guerra de Ucrania durante la audiencia general\",\"breadcrumb\":{\"@id\":\"https:\\\/\\\/exaudi.org\\\/es\\\/el-papa-agradece-a-polacos-su-acogida-a-refugiados-de-ucrania\\\/#breadcrumb\"},\"inLanguage\":\"es\",\"potentialAction\":[{\"@type\":\"ReadAction\",\"target\":[\"https:\\\/\\\/exaudi.org\\\/es\\\/el-papa-agradece-a-polacos-su-acogida-a-refugiados-de-ucrania\\\/\"]}]},{\"@type\":\"ImageObject\",\"inLanguage\":\"es\",\"@id\":\"https:\\\/\\\/exaudi.org\\\/es\\\/el-papa-agradece-a-polacos-su-acogida-a-refugiados-de-ucrania\\\/#primaryimage\",\"url\":\"https:\\\/\\\/exaudi.org\\\/wp-content\\\/uploads\\\/2022\\\/03\\\/Audiencia-general-2-marzo-2022.jpeg\",\"contentUrl\":\"https:\\\/\\\/exaudi.org\\\/wp-content\\\/uploads\\\/2022\\\/03\\\/Audiencia-general-2-marzo-2022.jpeg\",\"width\":800,\"height\":533,\"caption\":\"El papa saluda a franciscano ucraniano. Audiencia general, 2 marzo 2022 \u00a9 Vatican Media\"},{\"@type\":\"BreadcrumbList\",\"@id\":\"https:\\\/\\\/exaudi.org\\\/es\\\/el-papa-agradece-a-polacos-su-acogida-a-refugiados-de-ucrania\\\/#breadcrumb\",\"itemListElement\":[{\"@type\":\"ListItem\",\"position\":1,\"name\":\"Portada\",\"item\":\"https:\\\/\\\/exaudi.org\\\/es\\\/\"},{\"@type\":\"ListItem\",\"position\":2,\"name\":\"El Papa agradece a polacos su acogida a refugiados de Ucrania\"}]},{\"@type\":\"WebSite\",\"@id\":\"https:\\\/\\\/exaudi.org\\\/#website\",\"url\":\"https:\\\/\\\/exaudi.org\\\/\",\"name\":\"Exaudi\",\"description\":\"News\",\"potentialAction\":[{\"@type\":\"SearchAction\",\"target\":{\"@type\":\"EntryPoint\",\"urlTemplate\":\"https:\\\/\\\/exaudi.org\\\/?s={search_term_string}\"},\"query-input\":{\"@type\":\"PropertyValueSpecification\",\"valueRequired\":true,\"valueName\":\"search_term_string\"}}],\"inLanguage\":\"es\"},{\"@type\":\"Person\",\"@id\":\"https:\\\/\\\/exaudi.org\\\/#\\\/schema\\\/person\\\/7d2f77db033c2c0929edfab6dbe8c588\",\"name\":\"Larissa I. L\u00f3pez\",\"image\":{\"@type\":\"ImageObject\",\"inLanguage\":\"es\",\"@id\":\"https:\\\/\\\/secure.gravatar.com\\\/avatar\\\/db3ef399ff343d0bb9d25dc5198bc8ece5ac6d621eca79876697a354dabc1e3f?s=96&d=mm&r=g\",\"url\":\"https:\\\/\\\/secure.gravatar.com\\\/avatar\\\/db3ef399ff343d0bb9d25dc5198bc8ece5ac6d621eca79876697a354dabc1e3f?s=96&d=mm&r=g\",\"contentUrl\":\"https:\\\/\\\/secure.gravatar.com\\\/avatar\\\/db3ef399ff343d0bb9d25dc5198bc8ece5ac6d621eca79876697a354dabc1e3f?s=96&d=mm&r=g\",\"caption\":\"Larissa I. L\u00f3pez\"},\"description\":\"Doctora en Comunicaci\u00f3n. Mi trayectoria profesional ha transcurrido entre el \u00e1mbito de la comunicaci\u00f3n y el de la docencia. En los \u00faltimos a\u00f1os, he trabajado como coordinadora y redactora de la edici\u00f3n de ZENIT en espa\u00f1ol. Como profesora, he impartido clases en la universidad y en centros de FP y bachillerato. Cordobesa de nacimiento, tambi\u00e9n he vivido en Sevilla, Madrid y Roma\",\"url\":\"https:\\\/\\\/exaudi.org\\\/es\\\/author\\\/llopezexaudi-org\\\/\"}]}<\/script>\n<!-- \/ Yoast SEO plugin. -->","yoast_head_json":{"title":"El Papa agradece a polacos su acogida a refugiados de Ucrania &#8211; Exaudi","description":"El Papa Francisco ha agradecido a los polacos su acogida a los refugiados que huyen de la guerra de Ucrania durante la audiencia general","robots":{"index":"index","follow":"follow","max-snippet":"max-snippet:-1","max-image-preview":"max-image-preview:large","max-video-preview":"max-video-preview:-1"},"canonical":"https:\/\/exaudi.org\/es\/el-papa-agradece-a-polacos-su-acogida-a-refugiados-de-ucrania\/","og_locale":"es_ES","og_type":"article","og_title":"El Papa agradece a polacos su acogida a refugiados de Ucrania &#8211; Exaudi","og_description":"El Papa Francisco ha agradecido a los polacos su acogida a los refugiados que huyen de la guerra de Ucrania durante la audiencia general","og_url":"https:\/\/exaudi.org\/es\/el-papa-agradece-a-polacos-su-acogida-a-refugiados-de-ucrania\/","og_site_name":"Exaudi","article_publisher":"https:\/\/www.facebook.com\/ExaudiNews","article_published_time":"2022-03-02T14:50:56+00:00","article_modified_time":"2022-03-03T07:37:16+00:00","og_image":[{"width":800,"height":533,"url":"https:\/\/exaudi.org\/wp-content\/uploads\/2022\/03\/Audiencia-general-2-marzo-2022.jpeg","type":"image\/jpeg"}],"author":"Larissa I. L\u00f3pez","twitter_card":"summary_large_image","twitter_creator":"@Exaudi_News","twitter_site":"@Exaudi_News","twitter_misc":{"Escrito por":"Larissa I. L\u00f3pez","Tiempo de lectura":"3 minutos"},"schema":{"@context":"https:\/\/schema.org","@graph":[{"@type":"Article","@id":"https:\/\/exaudi.org\/es\/el-papa-agradece-a-polacos-su-acogida-a-refugiados-de-ucrania\/#article","isPartOf":{"@id":"https:\/\/exaudi.org\/es\/el-papa-agradece-a-polacos-su-acogida-a-refugiados-de-ucrania\/"},"author":{"name":"Larissa I. L\u00f3pez","@id":"https:\/\/exaudi.org\/#\/schema\/person\/7d2f77db033c2c0929edfab6dbe8c588"},"headline":"El Papa agradece a polacos su acogida a refugiados de Ucrania","datePublished":"2022-03-02T14:50:56+00:00","dateModified":"2022-03-03T07:37:16+00:00","mainEntityOfPage":{"@id":"https:\/\/exaudi.org\/es\/el-papa-agradece-a-polacos-su-acogida-a-refugiados-de-ucrania\/"},"wordCount":504,"image":{"@id":"https:\/\/exaudi.org\/es\/el-papa-agradece-a-polacos-su-acogida-a-refugiados-de-ucrania\/#primaryimage"},"thumbnailUrl":"https:\/\/exaudi.org\/wp-content\/uploads\/2022\/03\/Audiencia-general-2-marzo-2022.jpeg","keywords":["audiencia general","guerra","papa francisco","Paz","Polonia","Trending","Ucrania"],"articleSection":["Audiencia General","Le\u00f3n XIV"],"inLanguage":"es"},{"@type":"WebPage","@id":"https:\/\/exaudi.org\/es\/el-papa-agradece-a-polacos-su-acogida-a-refugiados-de-ucrania\/","url":"https:\/\/exaudi.org\/es\/el-papa-agradece-a-polacos-su-acogida-a-refugiados-de-ucrania\/","name":"El Papa agradece a polacos su acogida a refugiados de Ucrania &#8211; Exaudi","isPartOf":{"@id":"https:\/\/exaudi.org\/#website"},"primaryImageOfPage":{"@id":"https:\/\/exaudi.org\/es\/el-papa-agradece-a-polacos-su-acogida-a-refugiados-de-ucrania\/#primaryimage"},"image":{"@id":"https:\/\/exaudi.org\/es\/el-papa-agradece-a-polacos-su-acogida-a-refugiados-de-ucrania\/#primaryimage"},"thumbnailUrl":"https:\/\/exaudi.org\/wp-content\/uploads\/2022\/03\/Audiencia-general-2-marzo-2022.jpeg","datePublished":"2022-03-02T14:50:56+00:00","dateModified":"2022-03-03T07:37:16+00:00","author":{"@id":"https:\/\/exaudi.org\/#\/schema\/person\/7d2f77db033c2c0929edfab6dbe8c588"},"description":"El Papa Francisco ha agradecido a los polacos su acogida a los refugiados que huyen de la guerra de Ucrania durante la audiencia general","breadcrumb":{"@id":"https:\/\/exaudi.org\/es\/el-papa-agradece-a-polacos-su-acogida-a-refugiados-de-ucrania\/#breadcrumb"},"inLanguage":"es","potentialAction":[{"@type":"ReadAction","target":["https:\/\/exaudi.org\/es\/el-papa-agradece-a-polacos-su-acogida-a-refugiados-de-ucrania\/"]}]},{"@type":"ImageObject","inLanguage":"es","@id":"https:\/\/exaudi.org\/es\/el-papa-agradece-a-polacos-su-acogida-a-refugiados-de-ucrania\/#primaryimage","url":"https:\/\/exaudi.org\/wp-content\/uploads\/2022\/03\/Audiencia-general-2-marzo-2022.jpeg","contentUrl":"https:\/\/exaudi.org\/wp-content\/uploads\/2022\/03\/Audiencia-general-2-marzo-2022.jpeg","width":800,"height":533,"caption":"El papa saluda a franciscano ucraniano. Audiencia general, 2 marzo 2022 \u00a9 Vatican Media"},{"@type":"BreadcrumbList","@id":"https:\/\/exaudi.org\/es\/el-papa-agradece-a-polacos-su-acogida-a-refugiados-de-ucrania\/#breadcrumb","itemListElement":[{"@type":"ListItem","position":1,"name":"Portada","item":"https:\/\/exaudi.org\/es\/"},{"@type":"ListItem","position":2,"name":"El Papa agradece a polacos su acogida a refugiados de Ucrania"}]},{"@type":"WebSite","@id":"https:\/\/exaudi.org\/#website","url":"https:\/\/exaudi.org\/","name":"Exaudi","description":"News","potentialAction":[{"@type":"SearchAction","target":{"@type":"EntryPoint","urlTemplate":"https:\/\/exaudi.org\/?s={search_term_string}"},"query-input":{"@type":"PropertyValueSpecification","valueRequired":true,"valueName":"search_term_string"}}],"inLanguage":"es"},{"@type":"Person","@id":"https:\/\/exaudi.org\/#\/schema\/person\/7d2f77db033c2c0929edfab6dbe8c588","name":"Larissa I. L\u00f3pez","image":{"@type":"ImageObject","inLanguage":"es","@id":"https:\/\/secure.gravatar.com\/avatar\/db3ef399ff343d0bb9d25dc5198bc8ece5ac6d621eca79876697a354dabc1e3f?s=96&d=mm&r=g","url":"https:\/\/secure.gravatar.com\/avatar\/db3ef399ff343d0bb9d25dc5198bc8ece5ac6d621eca79876697a354dabc1e3f?s=96&d=mm&r=g","contentUrl":"https:\/\/secure.gravatar.com\/avatar\/db3ef399ff343d0bb9d25dc5198bc8ece5ac6d621eca79876697a354dabc1e3f?s=96&d=mm&r=g","caption":"Larissa I. L\u00f3pez"},"description":"Doctora en Comunicaci\u00f3n. Mi trayectoria profesional ha transcurrido entre el \u00e1mbito de la comunicaci\u00f3n y el de la docencia. En los \u00faltimos a\u00f1os, he trabajado como coordinadora y redactora de la edici\u00f3n de ZENIT en espa\u00f1ol. Como profesora, he impartido clases en la universidad y en centros de FP y bachillerato. Cordobesa de nacimiento, tambi\u00e9n he vivido en Sevilla, Madrid y Roma","url":"https:\/\/exaudi.org\/es\/author\/llopezexaudi-org\/"}]}},"jetpack_featured_media_url":"https:\/\/exaudi.org\/wp-content\/uploads\/2022\/03\/Audiencia-general-2-marzo-2022.jpeg","jetpack_shortlink":"https:\/\/wp.me\/pgKjF2-dXo","_links":{"self":[{"href":"https:\/\/exaudi.org\/es\/wp-json\/wp\/v2\/posts\/53654","targetHints":{"allow":["GET"]}}],"collection":[{"href":"https:\/\/exaudi.org\/es\/wp-json\/wp\/v2\/posts"}],"about":[{"href":"https:\/\/exaudi.org\/es\/wp-json\/wp\/v2\/types\/post"}],"author":[{"embeddable":true,"href":"https:\/\/exaudi.org\/es\/wp-json\/wp\/v2\/users\/5"}],"replies":[{"embeddable":true,"href":"https:\/\/exaudi.org\/es\/wp-json\/wp\/v2\/comments?post=53654"}],"version-history":[{"count":0,"href":"https:\/\/exaudi.org\/es\/wp-json\/wp\/v2\/posts\/53654\/revisions"}],"wp:featuredmedia":[{"embeddable":true,"href":"https:\/\/exaudi.org\/es\/wp-json\/wp\/v2\/media\/53664"}],"wp:attachment":[{"href":"https:\/\/exaudi.org\/es\/wp-json\/wp\/v2\/media?parent=53654"}],"wp:term":[{"taxonomy":"category","embeddable":true,"href":"https:\/\/exaudi.org\/es\/wp-json\/wp\/v2\/categories?post=53654"},{"taxonomy":"post_tag","embeddable":true,"href":"https:\/\/exaudi.org\/es\/wp-json\/wp\/v2\/tags?post=53654"}],"curies":[{"name":"wp","href":"https:\/\/api.w.org\/{rel}","templated":true}]}}