{"id":53570,"date":"2022-03-01T16:55:50","date_gmt":"2022-03-01T15:55:50","guid":{"rendered":"https:\/\/exaudi.org\/?p=53570"},"modified":"2022-03-02T11:11:23","modified_gmt":"2022-03-02T10:11:23","slug":"la-mujer-en-la-iglesia","status":"publish","type":"post","link":"https:\/\/exaudi.org\/es\/la-mujer-en-la-iglesia\/","title":{"rendered":"La mujer en la Iglesia"},"content":{"rendered":"<p>La <a href=\"https:\/\/exaudi.org\/es\/author\/mariaelizabethdelosrios\/\" target=\"_blank\" rel=\"noopener noreferrer\">doctora Mar\u00eda Elisabeth de los R\u00edos Uriarte<\/a>, profesora e investigadora de la\u00a0<a href=\"https:\/\/www.anahuac.mx\/mexico\/EscuelasyFacultades\/bioetica\/\" target=\"_blank\" rel=\"noopener noreferrer\">Facultad de Bio\u00e9tica de la Universidad An\u00e1huac de M\u00e9xico<\/a>, ofrece a los lectores de\u00a0Exaudi su art\u00edculo titulado \u201cLa mujer en la Iglesia\u201d.<\/p>\n<p>***<\/p>\n<p>Para algunos, el s\u00f3lo t\u00edtulo de este art\u00edculo les parecer\u00e1 absurdo y hasta c\u00f3mico, otros, lo mirar\u00e1n con recelo por aparecer en un diario nacional informativo y, otros, lo leer\u00e1n con cierta duda de que quien lo escriba sea precisamente una mujer. Sea como sea, estas l\u00edneas pretenden despertar la curiosidad por un tema a\u00fan tab\u00fa en muchos sectores pero que se desnuda ante la urgente necesidad de atender y escuchar, de reconstruir y de mirar, profunda y lentamente, la realidad que acontece para, luego, denunciar lo que en ella se ha roto -o han roto- y anunciar prof\u00e9ticamente un momento y una mirada nueva.<\/p>\n<p>La mujer en la Iglesia no ha jugado un papel protag\u00f3nico casi nunca y me refiero a la Iglesia jer\u00e1rquica y funcionalista porque en la Iglesia como pueblo, la mujer ha sido esa Mar\u00eda que sin saber lo que vendr\u00eda, se atrevi\u00f3 a albergar una vida nueva y, de nueva cuenta, sin entender lo que suced\u00eda, permaneci\u00f3, de pie, en el dolor m\u00e1s profundo, y a esa prostituta que qued\u00f3 cautiva de la manera en que Jes\u00fas la trat\u00f3 y la reinsert\u00f3 socialmente, primero como hija de Dios y luego como mujer. Hablo tambi\u00e9n de esas mujeres que fueron las primeras testigos de que el sepulcro estaba vac\u00edo y desde su silencio y asombro percibir que la muerte no hab\u00eda tenido la \u00faltima palabra.<\/p>\n<p>Visto as\u00ed, las mujeres han jugado lugares protag\u00f3nicos en la Iglesia pueblo de Dios. Ha sido la estructura jer\u00e1rquica y patriarcal la que las ha dejado fuera y replegadas a <em>servicios caritativos <\/em>de menor visibilidad como la catequesis y las lecturas durante las liturgias. Por eso llama a la atenci\u00f3n que uno de los itinerarios pastorales del Papa Francisco haya sido dotar estos lugares de mayor fuerza instituyendo los ministerios laicales pero, adem\u00e1s, trayendo a la mesa de di\u00e1logo el papel central de las mujeres en la Iglesia.<\/p>\n<p>Desde la carta apost\u00f3lica \u201cQuerida Amazon\u00eda\u201d, Francisco hace una alegor\u00eda entre el car\u00e1cter femenino de la Madre Tierra que es f\u00e9rtil y alberga y cuida la vida toda y la mujer que permite el sostenimiento de la vida tambi\u00e9n en todas sus formas.<\/p>\n<p>La mujer que anima los procesos de fe dentro de una comunidad, que mantiene la unidad y la esencia de la familia, que es rostro de esperanza en medio de las crisis y que lanza siempre a la comprensi\u00f3n sist\u00e9mica y hol\u00edstica de la vida social, econ\u00f3mica, pol\u00edtica y eclesial.<\/p>\n<p>Probablemente\u00a0 el rostro de las mujeres en la Iglesia queda desdibujado al no estar\u00a0 en los altares investidas como sacerdotisas, sino en los caminos polvosos de las carreteras rurales entregando alimentos y asistiendo enfermos, en las puertas abiertas de los conventos y de las casas de acogida para personas de la calle, en los albergues de migrantes, en las casas infantiles de ni\u00f1os sin hogar, en los leprosarios, en las casas de recuperaci\u00f3n de adicciones en j\u00f3venes, en las pastorales penitenciarias y en los programas de reinserci\u00f3n social. Sus lugares van m\u00e1s all\u00e1 de la cocina y el cuarto de lavado, son ellas quienes hacen la mano de obra de la Iglesia como templo. Sus desvelos, sus cansancios, sus angustias, sus precariedades, sus motivaciones son tan min\u00fasculas comparadas con una jerarqu\u00eda que se empe\u00f1a en mantener los lujos y en sostener la burgues\u00eda que pareciera que su trabajo es de menor val\u00eda.<\/p>\n<p>Las mujeres en la Iglesia somos quienes la sostenemos en sus suelos y quienes la repensamos en sus torres. S\u00f3lo en nuestro territorio latinoamericano, de las misioneras entregadas como Dorothy Stand en territorio amaz\u00f3nico a las te\u00f3logas de altura como Dolores Palencia o Ivonne Gebara, hasta las laicas de a pie que no se cansan de proponer y de dar lo m\u00e1s preciado que tienen que es su propio ejemplo y testimonio, las mujeres son la Iglesia y la Iglesia, por eso, tiene rostro de mujer.<\/p>\n<p>Hay que aplaudir procesos como el de la Asamblea Eclesial Latinoamericana que rescatan este papel tan importante de las mujeres y lo dotan de presencia y de actualidad y que abren paso a una nueva mirada de entender que para que seamos Iglesia y una en salida como la que propone el Papa Francisco, las mujeres no pueden ser s\u00f3lo las secretarias <em>pro bono<\/em> o las cocineras o las que lavan la ropa en lo seminarios, sino que deben estar tanto a la cabeza como en los pies porque s\u00f3lo nosotras sabemos mirar aquello que hace falta en el poliedro de un sue\u00f1o m\u00e1s horizontal y m\u00e1s fraterno.<\/p>\n<p>No se trata de ocupar el papel de los varones ni de ejercer una revoluci\u00f3n opresora contra ellos sino de avanzar, juntos y juntas, en esa construcci\u00f3n de redes que hermanan, recuperan y sostienen la esperanza.<\/p>\n","protected":false},"excerpt":{"rendered":"<p>Avanzar, juntos y juntas, en la construcci\u00f3n de redes que hermanan, recuperan y sostienen la esperanza<\/p>\n","protected":false},"author":27,"featured_media":53571,"comment_status":"closed","ping_status":"closed","sticky":false,"template":"","format":"standard","meta":{"_acf_changed":false,"_crdt_document":"","inline_featured_image":false,"footnotes":""},"categories":[130],"tags":[2419,440,4049,158,4953],"class_list":["post-53570","post","type-post","status-publish","format-standard","has-post-thumbnail","hentry","category-voces","tag-featured","tag-iglesia","tag-mujer-es","tag-papa-francisco","tag-trending-es"],"acf":[],"yoast_head":"<!-- This site is optimized with the Yoast SEO plugin v27.4 - https:\/\/yoast.com\/product\/yoast-seo-wordpress\/ -->\n<title>La mujer en la Iglesia &#8211; Exaudi<\/title>\n<meta name=\"description\" content=\"La doctora Mar\u00eda Elisabeth de los R\u00edos Uriarte ofrece a los lectores de\u00a0Exaudi su art\u00edculo titulado \u201cLa mujer en la Iglesia\u201d.\" \/>\n<meta name=\"robots\" content=\"index, follow, max-snippet:-1, max-image-preview:large, max-video-preview:-1\" \/>\n<link rel=\"canonical\" href=\"https:\/\/exaudi.org\/es\/la-mujer-en-la-iglesia\/\" \/>\n<meta property=\"og:locale\" content=\"es_ES\" \/>\n<meta property=\"og:type\" content=\"article\" \/>\n<meta property=\"og:title\" content=\"La mujer en la Iglesia &#8211; Exaudi\" \/>\n<meta property=\"og:description\" content=\"La doctora Mar\u00eda Elisabeth de los R\u00edos Uriarte ofrece a los lectores de\u00a0Exaudi su art\u00edculo titulado \u201cLa mujer en la Iglesia\u201d.\" \/>\n<meta property=\"og:url\" content=\"https:\/\/exaudi.org\/es\/la-mujer-en-la-iglesia\/\" \/>\n<meta property=\"og:site_name\" content=\"Exaudi\" \/>\n<meta property=\"article:publisher\" content=\"https:\/\/www.facebook.com\/ExaudiNews\" \/>\n<meta property=\"article:published_time\" content=\"2022-03-01T15:55:50+00:00\" \/>\n<meta property=\"article:modified_time\" content=\"2022-03-02T10:11:23+00:00\" \/>\n<meta property=\"og:image\" content=\"https:\/\/exaudi.org\/wp-content\/uploads\/2022\/03\/Mujeres.jpg\" \/>\n\t<meta property=\"og:image:width\" content=\"448\" \/>\n\t<meta property=\"og:image:height\" content=\"378\" \/>\n\t<meta property=\"og:image:type\" content=\"image\/jpeg\" \/>\n<meta name=\"author\" content=\"Mar\u00eda Elizabeth de los R\u00edos\" \/>\n<meta name=\"twitter:card\" content=\"summary_large_image\" \/>\n<meta name=\"twitter:creator\" content=\"@Exaudi_News\" \/>\n<meta name=\"twitter:site\" content=\"@Exaudi_News\" \/>\n<meta name=\"twitter:label1\" content=\"Escrito por\" \/>\n\t<meta name=\"twitter:data1\" content=\"Mar\u00eda Elizabeth de los R\u00edos\" \/>\n\t<meta name=\"twitter:label2\" content=\"Tiempo de lectura\" \/>\n\t<meta name=\"twitter:data2\" content=\"4 minutos\" \/>\n<script type=\"application\/ld+json\" class=\"yoast-schema-graph\">{\"@context\":\"https:\\\/\\\/schema.org\",\"@graph\":[{\"@type\":\"Article\",\"@id\":\"https:\\\/\\\/exaudi.org\\\/es\\\/la-mujer-en-la-iglesia\\\/#article\",\"isPartOf\":{\"@id\":\"https:\\\/\\\/exaudi.org\\\/es\\\/la-mujer-en-la-iglesia\\\/\"},\"author\":{\"name\":\"Mar\u00eda Elizabeth de los R\u00edos\",\"@id\":\"https:\\\/\\\/exaudi.org\\\/#\\\/schema\\\/person\\\/596d1ef0c89a7ba901ad973cd653de32\"},\"headline\":\"La mujer en la Iglesia\",\"datePublished\":\"2022-03-01T15:55:50+00:00\",\"dateModified\":\"2022-03-02T10:11:23+00:00\",\"mainEntityOfPage\":{\"@id\":\"https:\\\/\\\/exaudi.org\\\/es\\\/la-mujer-en-la-iglesia\\\/\"},\"wordCount\":895,\"image\":{\"@id\":\"https:\\\/\\\/exaudi.org\\\/es\\\/la-mujer-en-la-iglesia\\\/#primaryimage\"},\"thumbnailUrl\":\"https:\\\/\\\/exaudi.org\\\/wp-content\\\/uploads\\\/2022\\\/03\\\/Mujeres.jpg\",\"keywords\":[\"Featured\",\"Iglesia\",\"Mujer\",\"papa francisco\",\"Trending\"],\"articleSection\":[\"Voces\"],\"inLanguage\":\"es\"},{\"@type\":\"WebPage\",\"@id\":\"https:\\\/\\\/exaudi.org\\\/es\\\/la-mujer-en-la-iglesia\\\/\",\"url\":\"https:\\\/\\\/exaudi.org\\\/es\\\/la-mujer-en-la-iglesia\\\/\",\"name\":\"La mujer en la Iglesia &#8211; Exaudi\",\"isPartOf\":{\"@id\":\"https:\\\/\\\/exaudi.org\\\/#website\"},\"primaryImageOfPage\":{\"@id\":\"https:\\\/\\\/exaudi.org\\\/es\\\/la-mujer-en-la-iglesia\\\/#primaryimage\"},\"image\":{\"@id\":\"https:\\\/\\\/exaudi.org\\\/es\\\/la-mujer-en-la-iglesia\\\/#primaryimage\"},\"thumbnailUrl\":\"https:\\\/\\\/exaudi.org\\\/wp-content\\\/uploads\\\/2022\\\/03\\\/Mujeres.jpg\",\"datePublished\":\"2022-03-01T15:55:50+00:00\",\"dateModified\":\"2022-03-02T10:11:23+00:00\",\"author\":{\"@id\":\"https:\\\/\\\/exaudi.org\\\/#\\\/schema\\\/person\\\/596d1ef0c89a7ba901ad973cd653de32\"},\"description\":\"La doctora Mar\u00eda Elisabeth de los R\u00edos Uriarte ofrece a los lectores de\u00a0Exaudi su art\u00edculo titulado \u201cLa mujer en la Iglesia\u201d.\",\"breadcrumb\":{\"@id\":\"https:\\\/\\\/exaudi.org\\\/es\\\/la-mujer-en-la-iglesia\\\/#breadcrumb\"},\"inLanguage\":\"es\",\"potentialAction\":[{\"@type\":\"ReadAction\",\"target\":[\"https:\\\/\\\/exaudi.org\\\/es\\\/la-mujer-en-la-iglesia\\\/\"]}]},{\"@type\":\"ImageObject\",\"inLanguage\":\"es\",\"@id\":\"https:\\\/\\\/exaudi.org\\\/es\\\/la-mujer-en-la-iglesia\\\/#primaryimage\",\"url\":\"https:\\\/\\\/exaudi.org\\\/wp-content\\\/uploads\\\/2022\\\/03\\\/Mujeres.jpg\",\"contentUrl\":\"https:\\\/\\\/exaudi.org\\\/wp-content\\\/uploads\\\/2022\\\/03\\\/Mujeres.jpg\",\"width\":448,\"height\":378,\"caption\":\"Mujeres \u00a9 Cathopic. Marthaartess\"},{\"@type\":\"BreadcrumbList\",\"@id\":\"https:\\\/\\\/exaudi.org\\\/es\\\/la-mujer-en-la-iglesia\\\/#breadcrumb\",\"itemListElement\":[{\"@type\":\"ListItem\",\"position\":1,\"name\":\"Portada\",\"item\":\"https:\\\/\\\/exaudi.org\\\/es\\\/\"},{\"@type\":\"ListItem\",\"position\":2,\"name\":\"La mujer en la Iglesia\"}]},{\"@type\":\"WebSite\",\"@id\":\"https:\\\/\\\/exaudi.org\\\/#website\",\"url\":\"https:\\\/\\\/exaudi.org\\\/\",\"name\":\"Exaudi\",\"description\":\"News\",\"potentialAction\":[{\"@type\":\"SearchAction\",\"target\":{\"@type\":\"EntryPoint\",\"urlTemplate\":\"https:\\\/\\\/exaudi.org\\\/?s={search_term_string}\"},\"query-input\":{\"@type\":\"PropertyValueSpecification\",\"valueRequired\":true,\"valueName\":\"search_term_string\"}}],\"inLanguage\":\"es\"},{\"@type\":\"Person\",\"@id\":\"https:\\\/\\\/exaudi.org\\\/#\\\/schema\\\/person\\\/596d1ef0c89a7ba901ad973cd653de32\",\"name\":\"Mar\u00eda Elizabeth de los R\u00edos\",\"image\":{\"@type\":\"ImageObject\",\"inLanguage\":\"es\",\"@id\":\"https:\\\/\\\/secure.gravatar.com\\\/avatar\\\/f553347e62c31310ccf05d7029ee08920c654f90d37757c786ac255d9c9d6e3a?s=96&d=mm&r=g\",\"url\":\"https:\\\/\\\/secure.gravatar.com\\\/avatar\\\/f553347e62c31310ccf05d7029ee08920c654f90d37757c786ac255d9c9d6e3a?s=96&d=mm&r=g\",\"contentUrl\":\"https:\\\/\\\/secure.gravatar.com\\\/avatar\\\/f553347e62c31310ccf05d7029ee08920c654f90d37757c786ac255d9c9d6e3a?s=96&d=mm&r=g\",\"caption\":\"Mar\u00eda Elizabeth de los R\u00edos\"},\"description\":\"Doctora en Filosof\u00eda por la Universidad Iberoamericana.Maestra en Bio\u00e9tica por la Universidad An\u00e1huac M\u00e9xico Norte. Licenciada en Filosof\u00eda por la Universidad Iberoamericana.T\u00e9cnico en Atenci\u00f3n M\u00e9dica Prehospitalaria por SUUMA A.C. Scholar research de la C\u00e1tedra UNESCO en Bio\u00e9tica y Derechos Humanos. Miembro de la Academia Nacional Mexicana de Bio\u00e9tica. Miembro y Secretaria general de la Academia Mexicana para el Di\u00e1logo Ciencia-Fe. Ha impartido clases en niveles licenciatura y posgrado en diversas Universidades. Cuenta con publicaciones en revistas acad\u00e9micas y de divulgaci\u00f3n tanto nacionales como internacionales y es columnista invitado del peri\u00f3dico REFORMA. Actualmente es profesora investigadora de la Facultad de Bio\u00e9tica de la Universidad An\u00e1huac M\u00e9xico y Coordinadora de Investigaci\u00f3n en la misma Facultad.\",\"url\":\"https:\\\/\\\/exaudi.org\\\/es\\\/author\\\/mariaelizabethdelosrios\\\/\"}]}<\/script>\n<!-- \/ Yoast SEO plugin. -->","yoast_head_json":{"title":"La mujer en la Iglesia &#8211; Exaudi","description":"La doctora Mar\u00eda Elisabeth de los R\u00edos Uriarte ofrece a los lectores de\u00a0Exaudi su art\u00edculo titulado \u201cLa mujer en la Iglesia\u201d.","robots":{"index":"index","follow":"follow","max-snippet":"max-snippet:-1","max-image-preview":"max-image-preview:large","max-video-preview":"max-video-preview:-1"},"canonical":"https:\/\/exaudi.org\/es\/la-mujer-en-la-iglesia\/","og_locale":"es_ES","og_type":"article","og_title":"La mujer en la Iglesia &#8211; Exaudi","og_description":"La doctora Mar\u00eda Elisabeth de los R\u00edos Uriarte ofrece a los lectores de\u00a0Exaudi su art\u00edculo titulado \u201cLa mujer en la Iglesia\u201d.","og_url":"https:\/\/exaudi.org\/es\/la-mujer-en-la-iglesia\/","og_site_name":"Exaudi","article_publisher":"https:\/\/www.facebook.com\/ExaudiNews","article_published_time":"2022-03-01T15:55:50+00:00","article_modified_time":"2022-03-02T10:11:23+00:00","og_image":[{"width":448,"height":378,"url":"https:\/\/exaudi.org\/wp-content\/uploads\/2022\/03\/Mujeres.jpg","type":"image\/jpeg"}],"author":"Mar\u00eda Elizabeth de los R\u00edos","twitter_card":"summary_large_image","twitter_creator":"@Exaudi_News","twitter_site":"@Exaudi_News","twitter_misc":{"Escrito por":"Mar\u00eda Elizabeth de los R\u00edos","Tiempo de lectura":"4 minutos"},"schema":{"@context":"https:\/\/schema.org","@graph":[{"@type":"Article","@id":"https:\/\/exaudi.org\/es\/la-mujer-en-la-iglesia\/#article","isPartOf":{"@id":"https:\/\/exaudi.org\/es\/la-mujer-en-la-iglesia\/"},"author":{"name":"Mar\u00eda Elizabeth de los R\u00edos","@id":"https:\/\/exaudi.org\/#\/schema\/person\/596d1ef0c89a7ba901ad973cd653de32"},"headline":"La mujer en la Iglesia","datePublished":"2022-03-01T15:55:50+00:00","dateModified":"2022-03-02T10:11:23+00:00","mainEntityOfPage":{"@id":"https:\/\/exaudi.org\/es\/la-mujer-en-la-iglesia\/"},"wordCount":895,"image":{"@id":"https:\/\/exaudi.org\/es\/la-mujer-en-la-iglesia\/#primaryimage"},"thumbnailUrl":"https:\/\/exaudi.org\/wp-content\/uploads\/2022\/03\/Mujeres.jpg","keywords":["Featured","Iglesia","Mujer","papa francisco","Trending"],"articleSection":["Voces"],"inLanguage":"es"},{"@type":"WebPage","@id":"https:\/\/exaudi.org\/es\/la-mujer-en-la-iglesia\/","url":"https:\/\/exaudi.org\/es\/la-mujer-en-la-iglesia\/","name":"La mujer en la Iglesia &#8211; Exaudi","isPartOf":{"@id":"https:\/\/exaudi.org\/#website"},"primaryImageOfPage":{"@id":"https:\/\/exaudi.org\/es\/la-mujer-en-la-iglesia\/#primaryimage"},"image":{"@id":"https:\/\/exaudi.org\/es\/la-mujer-en-la-iglesia\/#primaryimage"},"thumbnailUrl":"https:\/\/exaudi.org\/wp-content\/uploads\/2022\/03\/Mujeres.jpg","datePublished":"2022-03-01T15:55:50+00:00","dateModified":"2022-03-02T10:11:23+00:00","author":{"@id":"https:\/\/exaudi.org\/#\/schema\/person\/596d1ef0c89a7ba901ad973cd653de32"},"description":"La doctora Mar\u00eda Elisabeth de los R\u00edos Uriarte ofrece a los lectores de\u00a0Exaudi su art\u00edculo titulado \u201cLa mujer en la Iglesia\u201d.","breadcrumb":{"@id":"https:\/\/exaudi.org\/es\/la-mujer-en-la-iglesia\/#breadcrumb"},"inLanguage":"es","potentialAction":[{"@type":"ReadAction","target":["https:\/\/exaudi.org\/es\/la-mujer-en-la-iglesia\/"]}]},{"@type":"ImageObject","inLanguage":"es","@id":"https:\/\/exaudi.org\/es\/la-mujer-en-la-iglesia\/#primaryimage","url":"https:\/\/exaudi.org\/wp-content\/uploads\/2022\/03\/Mujeres.jpg","contentUrl":"https:\/\/exaudi.org\/wp-content\/uploads\/2022\/03\/Mujeres.jpg","width":448,"height":378,"caption":"Mujeres \u00a9 Cathopic. Marthaartess"},{"@type":"BreadcrumbList","@id":"https:\/\/exaudi.org\/es\/la-mujer-en-la-iglesia\/#breadcrumb","itemListElement":[{"@type":"ListItem","position":1,"name":"Portada","item":"https:\/\/exaudi.org\/es\/"},{"@type":"ListItem","position":2,"name":"La mujer en la Iglesia"}]},{"@type":"WebSite","@id":"https:\/\/exaudi.org\/#website","url":"https:\/\/exaudi.org\/","name":"Exaudi","description":"News","potentialAction":[{"@type":"SearchAction","target":{"@type":"EntryPoint","urlTemplate":"https:\/\/exaudi.org\/?s={search_term_string}"},"query-input":{"@type":"PropertyValueSpecification","valueRequired":true,"valueName":"search_term_string"}}],"inLanguage":"es"},{"@type":"Person","@id":"https:\/\/exaudi.org\/#\/schema\/person\/596d1ef0c89a7ba901ad973cd653de32","name":"Mar\u00eda Elizabeth de los R\u00edos","image":{"@type":"ImageObject","inLanguage":"es","@id":"https:\/\/secure.gravatar.com\/avatar\/f553347e62c31310ccf05d7029ee08920c654f90d37757c786ac255d9c9d6e3a?s=96&d=mm&r=g","url":"https:\/\/secure.gravatar.com\/avatar\/f553347e62c31310ccf05d7029ee08920c654f90d37757c786ac255d9c9d6e3a?s=96&d=mm&r=g","contentUrl":"https:\/\/secure.gravatar.com\/avatar\/f553347e62c31310ccf05d7029ee08920c654f90d37757c786ac255d9c9d6e3a?s=96&d=mm&r=g","caption":"Mar\u00eda Elizabeth de los R\u00edos"},"description":"Doctora en Filosof\u00eda por la Universidad Iberoamericana.Maestra en Bio\u00e9tica por la Universidad An\u00e1huac M\u00e9xico Norte. Licenciada en Filosof\u00eda por la Universidad Iberoamericana.T\u00e9cnico en Atenci\u00f3n M\u00e9dica Prehospitalaria por SUUMA A.C. Scholar research de la C\u00e1tedra UNESCO en Bio\u00e9tica y Derechos Humanos. Miembro de la Academia Nacional Mexicana de Bio\u00e9tica. Miembro y Secretaria general de la Academia Mexicana para el Di\u00e1logo Ciencia-Fe. Ha impartido clases en niveles licenciatura y posgrado en diversas Universidades. Cuenta con publicaciones en revistas acad\u00e9micas y de divulgaci\u00f3n tanto nacionales como internacionales y es columnista invitado del peri\u00f3dico REFORMA. Actualmente es profesora investigadora de la Facultad de Bio\u00e9tica de la Universidad An\u00e1huac M\u00e9xico y Coordinadora de Investigaci\u00f3n en la misma Facultad.","url":"https:\/\/exaudi.org\/es\/author\/mariaelizabethdelosrios\/"}]}},"jetpack_featured_media_url":"https:\/\/exaudi.org\/wp-content\/uploads\/2022\/03\/Mujeres.jpg","jetpack_shortlink":"https:\/\/wp.me\/pgKjF2-dW2","_links":{"self":[{"href":"https:\/\/exaudi.org\/es\/wp-json\/wp\/v2\/posts\/53570","targetHints":{"allow":["GET"]}}],"collection":[{"href":"https:\/\/exaudi.org\/es\/wp-json\/wp\/v2\/posts"}],"about":[{"href":"https:\/\/exaudi.org\/es\/wp-json\/wp\/v2\/types\/post"}],"author":[{"embeddable":true,"href":"https:\/\/exaudi.org\/es\/wp-json\/wp\/v2\/users\/27"}],"replies":[{"embeddable":true,"href":"https:\/\/exaudi.org\/es\/wp-json\/wp\/v2\/comments?post=53570"}],"version-history":[{"count":0,"href":"https:\/\/exaudi.org\/es\/wp-json\/wp\/v2\/posts\/53570\/revisions"}],"wp:featuredmedia":[{"embeddable":true,"href":"https:\/\/exaudi.org\/es\/wp-json\/wp\/v2\/media\/53571"}],"wp:attachment":[{"href":"https:\/\/exaudi.org\/es\/wp-json\/wp\/v2\/media?parent=53570"}],"wp:term":[{"taxonomy":"category","embeddable":true,"href":"https:\/\/exaudi.org\/es\/wp-json\/wp\/v2\/categories?post=53570"},{"taxonomy":"post_tag","embeddable":true,"href":"https:\/\/exaudi.org\/es\/wp-json\/wp\/v2\/tags?post=53570"}],"curies":[{"name":"wp","href":"https:\/\/api.w.org\/{rel}","templated":true}]}}