{"id":53502,"date":"2022-02-28T15:25:15","date_gmt":"2022-02-28T14:25:15","guid":{"rendered":"https:\/\/exaudi.org\/?p=53502"},"modified":"2022-02-28T15:26:06","modified_gmt":"2022-02-28T14:26:06","slug":"el-salvador-obispos-jornada-paz-ucrania","status":"publish","type":"post","link":"https:\/\/exaudi.org\/es\/el-salvador-obispos-jornada-paz-ucrania\/","title":{"rendered":"El Salvador: Obispos se suman a la Jornada por la paz en Ucrania"},"content":{"rendered":"<p>El pasado viernes 25 de febrero de 2022, los obispos de la <a href=\"https:\/\/iglesia.org.sv\/#\" target=\"_blank\" rel=\"noopener\">Conferencia Episcopal de El Salvador<\/a> (CEDES) emitieron un comunicado oficial informando que se suman a la <a href=\"https:\/\/exaudi.org\/es\/miercoles-ceniza-jornada-ayuno-paz-ucrania\/\" target=\"_blank\" rel=\"noopener\">Jornada de ayuno y oraci\u00f3n por la paz en Ucrania convocada por el Papa Francisco<\/a> durante la audiencia general celebrada el mi\u00e9rcoles 23 de febrero.<\/p>\n<p>En su documento, los prelados salvadore\u00f1os recuerdan que el Santo Padre, \u00a0\u201cen atenci\u00f3n a la cr\u00edtica situaci\u00f3n de violencia que se est\u00e1 viviendo\u201d en el pa\u00eds eslavo, \u00a0\u201chizo un llamamiento a los responsables pol\u00edticos para que hagan un serio examen de conciencia ante Dios\u201d. Del mismo modo, muestran c\u00f3mo \u201crog\u00f3 a todas las partes implicadas para que se abstengan de cualquier acci\u00f3n que pueda causar a\u00fan m\u00e1s sufrimiento a la poblaci\u00f3n, desestabilizando la convivencia entre naciones y desacreditando el derecho internacional\u201d.<\/p>\n<p>Por todo ello, los responsables del Episcopado respaldan la invitaci\u00f3n del Pont\u00edfice para el pr\u00f3ximo Mi\u00e9rcoles de Ceniza, animando \u201ca todos a responder generosa y solidariamente a este llamado del Papa, uni\u00e9ndonos todos en nuestro pa\u00eds\u201d.<\/p>\n<h2>Responsabilidades pol\u00edticas<\/h2>\n<p>En la audiencia general, el Papa tambi\u00e9n expres\u00f3 que, \u201ca pesar de los esfuerzos diplom\u00e1ticos de las \u00faltimas semanas, se abren escenarios cada vez m\u00e1s alarmantes\u201d en Ucrania. \u201cComo yo\u201d, continu\u00f3, \u201cmuchas personas de todo el mundo sienten angustia y preocupaci\u00f3n. Una vez m\u00e1s la paz de todos se ve amenazada por intereses partidistas\u201d.<\/p>\n<p>Frente a esta grave situaci\u00f3n, llam\u00f3 \u201ca los responsables pol\u00edticos para que examinen seriamente su conciencia ante Dios, que es el Dios de la paz y no de la guerra; que es el Padre de todos, no s\u00f3lo de algunos, que quiere que seamos hermanos y no enemigos\u201d. Y rog\u00f3 \u201ca todas las partes implicadas que se abstengan de llevar a cabo cualquier acci\u00f3n que pueda causar a\u00fan m\u00e1s sufrimiento a la poblaci\u00f3n, desestabilizando la convivencia entre naciones y desacreditando el derecho internacional\u201d.<\/p>\n","protected":false},"excerpt":{"rendered":"<p>Convocada por el Papa durante la audiencia general<\/p>\n","protected":false},"author":6,"featured_media":53503,"comment_status":"closed","ping_status":"closed","sticky":false,"template":"","format":"standard","meta":{"_acf_changed":false,"_crdt_document":"","inline_featured_image":false,"footnotes":""},"categories":[86,94],"tags":[2190,3834,2891,4953,1235],"class_list":["post-53502","post","type-post","status-publish","format-standard","has-post-thumbnail","hentry","category-iglesia-local","category-justicia-y-paz","tag-conferencia-episcopal-de-el-salvador-cedes","tag-guerra-es","tag-jornada-por-la-paz","tag-trending-es","tag-ucrania"],"acf":[],"yoast_head":"<!-- This site is optimized with the Yoast SEO plugin v27.4 - https:\/\/yoast.com\/product\/yoast-seo-wordpress\/ -->\n<title>El Salvador: Obispos se suman a la Jornada por la paz en Ucrania<\/title>\n<meta name=\"description\" content=\"A trav\u00e9s de un comunicado, los obispos de la Conferencia Episcopal de El Salvador (CEDES) se suman a la Jornada por la Paz en Ucrania.\" \/>\n<meta name=\"robots\" content=\"index, follow, max-snippet:-1, max-image-preview:large, max-video-preview:-1\" \/>\n<link rel=\"canonical\" href=\"https:\/\/exaudi.org\/es\/el-salvador-obispos-jornada-paz-ucrania\/\" \/>\n<meta property=\"og:locale\" content=\"es_ES\" \/>\n<meta property=\"og:type\" content=\"article\" \/>\n<meta property=\"og:title\" content=\"El Salvador: Obispos se suman a la Jornada por la paz en Ucrania\" \/>\n<meta property=\"og:description\" content=\"A trav\u00e9s de un comunicado, los obispos de la Conferencia Episcopal de El Salvador (CEDES) se suman a la Jornada por la Paz en Ucrania.\" \/>\n<meta property=\"og:url\" content=\"https:\/\/exaudi.org\/es\/el-salvador-obispos-jornada-paz-ucrania\/\" \/>\n<meta property=\"og:site_name\" content=\"Exaudi\" \/>\n<meta property=\"article:publisher\" content=\"https:\/\/www.facebook.com\/ExaudiNews\" \/>\n<meta property=\"article:published_time\" content=\"2022-02-28T14:25:15+00:00\" \/>\n<meta property=\"article:modified_time\" content=\"2022-02-28T14:26:06+00:00\" \/>\n<meta property=\"og:image\" content=\"https:\/\/exaudi.org\/wp-content\/uploads\/2022\/02\/elsalvadorjornadapazucrania.jpeg\" \/>\n\t<meta property=\"og:image:width\" content=\"735\" \/>\n\t<meta property=\"og:image:height\" content=\"414\" \/>\n\t<meta property=\"og:image:type\" content=\"image\/jpeg\" \/>\n<meta name=\"author\" content=\"Gabriel Sales\" \/>\n<meta name=\"twitter:card\" content=\"summary_large_image\" \/>\n<meta name=\"twitter:creator\" content=\"@habemusman\" \/>\n<meta name=\"twitter:site\" content=\"@Exaudi_News\" \/>\n<meta name=\"twitter:label1\" content=\"Escrito por\" \/>\n\t<meta name=\"twitter:data1\" content=\"Gabriel Sales\" \/>\n\t<meta name=\"twitter:label2\" content=\"Tiempo de lectura\" \/>\n\t<meta name=\"twitter:data2\" content=\"2 minutos\" \/>\n<script type=\"application\/ld+json\" class=\"yoast-schema-graph\">{\"@context\":\"https:\\\/\\\/schema.org\",\"@graph\":[{\"@type\":\"Article\",\"@id\":\"https:\\\/\\\/exaudi.org\\\/es\\\/el-salvador-obispos-jornada-paz-ucrania\\\/#article\",\"isPartOf\":{\"@id\":\"https:\\\/\\\/exaudi.org\\\/es\\\/el-salvador-obispos-jornada-paz-ucrania\\\/\"},\"author\":{\"name\":\"Gabriel Sales\",\"@id\":\"https:\\\/\\\/exaudi.org\\\/#\\\/schema\\\/person\\\/d134b96438278131ce90c90c03fda6cd\"},\"headline\":\"El Salvador: Obispos se suman a la Jornada por la paz en Ucrania\",\"datePublished\":\"2022-02-28T14:25:15+00:00\",\"dateModified\":\"2022-02-28T14:26:06+00:00\",\"mainEntityOfPage\":{\"@id\":\"https:\\\/\\\/exaudi.org\\\/es\\\/el-salvador-obispos-jornada-paz-ucrania\\\/\"},\"wordCount\":351,\"image\":{\"@id\":\"https:\\\/\\\/exaudi.org\\\/es\\\/el-salvador-obispos-jornada-paz-ucrania\\\/#primaryimage\"},\"thumbnailUrl\":\"https:\\\/\\\/exaudi.org\\\/wp-content\\\/uploads\\\/2022\\\/02\\\/elsalvadorjornadapazucrania.jpeg\",\"keywords\":[\"Conferencia Episcopal de El Salvador (CEDES)\",\"guerra\",\"Jornada por la Paz\",\"Trending\",\"Ucrania\"],\"articleSection\":[\"Iglesia Local\",\"Justicia y Paz\"],\"inLanguage\":\"es\"},{\"@type\":\"WebPage\",\"@id\":\"https:\\\/\\\/exaudi.org\\\/es\\\/el-salvador-obispos-jornada-paz-ucrania\\\/\",\"url\":\"https:\\\/\\\/exaudi.org\\\/es\\\/el-salvador-obispos-jornada-paz-ucrania\\\/\",\"name\":\"El Salvador: Obispos se suman a la Jornada por la paz en Ucrania\",\"isPartOf\":{\"@id\":\"https:\\\/\\\/exaudi.org\\\/#website\"},\"primaryImageOfPage\":{\"@id\":\"https:\\\/\\\/exaudi.org\\\/es\\\/el-salvador-obispos-jornada-paz-ucrania\\\/#primaryimage\"},\"image\":{\"@id\":\"https:\\\/\\\/exaudi.org\\\/es\\\/el-salvador-obispos-jornada-paz-ucrania\\\/#primaryimage\"},\"thumbnailUrl\":\"https:\\\/\\\/exaudi.org\\\/wp-content\\\/uploads\\\/2022\\\/02\\\/elsalvadorjornadapazucrania.jpeg\",\"datePublished\":\"2022-02-28T14:25:15+00:00\",\"dateModified\":\"2022-02-28T14:26:06+00:00\",\"author\":{\"@id\":\"https:\\\/\\\/exaudi.org\\\/#\\\/schema\\\/person\\\/d134b96438278131ce90c90c03fda6cd\"},\"description\":\"A trav\u00e9s de un comunicado, los obispos de la Conferencia Episcopal de El Salvador (CEDES) se suman a la Jornada por la Paz en Ucrania.\",\"breadcrumb\":{\"@id\":\"https:\\\/\\\/exaudi.org\\\/es\\\/el-salvador-obispos-jornada-paz-ucrania\\\/#breadcrumb\"},\"inLanguage\":\"es\",\"potentialAction\":[{\"@type\":\"ReadAction\",\"target\":[\"https:\\\/\\\/exaudi.org\\\/es\\\/el-salvador-obispos-jornada-paz-ucrania\\\/\"]}]},{\"@type\":\"ImageObject\",\"inLanguage\":\"es\",\"@id\":\"https:\\\/\\\/exaudi.org\\\/es\\\/el-salvador-obispos-jornada-paz-ucrania\\\/#primaryimage\",\"url\":\"https:\\\/\\\/exaudi.org\\\/wp-content\\\/uploads\\\/2022\\\/02\\\/elsalvadorjornadapazucrania.jpeg\",\"contentUrl\":\"https:\\\/\\\/exaudi.org\\\/wp-content\\\/uploads\\\/2022\\\/02\\\/elsalvadorjornadapazucrania.jpeg\",\"width\":735,\"height\":414,\"caption\":\"Ucranianos huyendo del pa\u00eds \u00a9 Vatican Media\"},{\"@type\":\"BreadcrumbList\",\"@id\":\"https:\\\/\\\/exaudi.org\\\/es\\\/el-salvador-obispos-jornada-paz-ucrania\\\/#breadcrumb\",\"itemListElement\":[{\"@type\":\"ListItem\",\"position\":1,\"name\":\"Portada\",\"item\":\"https:\\\/\\\/exaudi.org\\\/es\\\/\"},{\"@type\":\"ListItem\",\"position\":2,\"name\":\"El Salvador: Obispos se suman a la Jornada por la paz en Ucrania\"}]},{\"@type\":\"WebSite\",\"@id\":\"https:\\\/\\\/exaudi.org\\\/#website\",\"url\":\"https:\\\/\\\/exaudi.org\\\/\",\"name\":\"Exaudi\",\"description\":\"News\",\"potentialAction\":[{\"@type\":\"SearchAction\",\"target\":{\"@type\":\"EntryPoint\",\"urlTemplate\":\"https:\\\/\\\/exaudi.org\\\/?s={search_term_string}\"},\"query-input\":{\"@type\":\"PropertyValueSpecification\",\"valueRequired\":true,\"valueName\":\"search_term_string\"}}],\"inLanguage\":\"es\"},{\"@type\":\"Person\",\"@id\":\"https:\\\/\\\/exaudi.org\\\/#\\\/schema\\\/person\\\/d134b96438278131ce90c90c03fda6cd\",\"name\":\"Gabriel Sales\",\"image\":{\"@type\":\"ImageObject\",\"inLanguage\":\"es\",\"@id\":\"https:\\\/\\\/secure.gravatar.com\\\/avatar\\\/9b1269566f6a063ed26ffb3532b66a373cdde231ce5d0effb266167437fdaffd?s=96&d=mm&r=g\",\"url\":\"https:\\\/\\\/secure.gravatar.com\\\/avatar\\\/9b1269566f6a063ed26ffb3532b66a373cdde231ce5d0effb266167437fdaffd?s=96&d=mm&r=g\",\"contentUrl\":\"https:\\\/\\\/secure.gravatar.com\\\/avatar\\\/9b1269566f6a063ed26ffb3532b66a373cdde231ce5d0effb266167437fdaffd?s=96&d=mm&r=g\",\"caption\":\"Gabriel Sales\"},\"description\":\"Periodista y especialista en Comunicaci\u00f3n y Branding digital. Cin\u00e9filo y cr\u00edtico de cine y series de televisi\u00f3n.\",\"sameAs\":[\"https:\\\/\\\/www.instagram.com\\\/cine90segundos\\\/\",\"www.linkedin.com\\\/in\\\/habemusman\",\"https:\\\/\\\/x.com\\\/habemusman\",\"https:\\\/\\\/www.youtube.com\\\/channel\\\/UCVfCiOMkJ_C7T7OpyjuaLDg\"],\"url\":\"https:\\\/\\\/exaudi.org\\\/es\\\/author\\\/gsalesexaudi-org\\\/\"}]}<\/script>\n<!-- \/ Yoast SEO plugin. -->","yoast_head_json":{"title":"El Salvador: Obispos se suman a la Jornada por la paz en Ucrania","description":"A trav\u00e9s de un comunicado, los obispos de la Conferencia Episcopal de El Salvador (CEDES) se suman a la Jornada por la Paz en Ucrania.","robots":{"index":"index","follow":"follow","max-snippet":"max-snippet:-1","max-image-preview":"max-image-preview:large","max-video-preview":"max-video-preview:-1"},"canonical":"https:\/\/exaudi.org\/es\/el-salvador-obispos-jornada-paz-ucrania\/","og_locale":"es_ES","og_type":"article","og_title":"El Salvador: Obispos se suman a la Jornada por la paz en Ucrania","og_description":"A trav\u00e9s de un comunicado, los obispos de la Conferencia Episcopal de El Salvador (CEDES) se suman a la Jornada por la Paz en Ucrania.","og_url":"https:\/\/exaudi.org\/es\/el-salvador-obispos-jornada-paz-ucrania\/","og_site_name":"Exaudi","article_publisher":"https:\/\/www.facebook.com\/ExaudiNews","article_published_time":"2022-02-28T14:25:15+00:00","article_modified_time":"2022-02-28T14:26:06+00:00","og_image":[{"width":735,"height":414,"url":"https:\/\/exaudi.org\/wp-content\/uploads\/2022\/02\/elsalvadorjornadapazucrania.jpeg","type":"image\/jpeg"}],"author":"Gabriel Sales","twitter_card":"summary_large_image","twitter_creator":"@habemusman","twitter_site":"@Exaudi_News","twitter_misc":{"Escrito por":"Gabriel Sales","Tiempo de lectura":"2 minutos"},"schema":{"@context":"https:\/\/schema.org","@graph":[{"@type":"Article","@id":"https:\/\/exaudi.org\/es\/el-salvador-obispos-jornada-paz-ucrania\/#article","isPartOf":{"@id":"https:\/\/exaudi.org\/es\/el-salvador-obispos-jornada-paz-ucrania\/"},"author":{"name":"Gabriel Sales","@id":"https:\/\/exaudi.org\/#\/schema\/person\/d134b96438278131ce90c90c03fda6cd"},"headline":"El Salvador: Obispos se suman a la Jornada por la paz en Ucrania","datePublished":"2022-02-28T14:25:15+00:00","dateModified":"2022-02-28T14:26:06+00:00","mainEntityOfPage":{"@id":"https:\/\/exaudi.org\/es\/el-salvador-obispos-jornada-paz-ucrania\/"},"wordCount":351,"image":{"@id":"https:\/\/exaudi.org\/es\/el-salvador-obispos-jornada-paz-ucrania\/#primaryimage"},"thumbnailUrl":"https:\/\/exaudi.org\/wp-content\/uploads\/2022\/02\/elsalvadorjornadapazucrania.jpeg","keywords":["Conferencia Episcopal de El Salvador (CEDES)","guerra","Jornada por la Paz","Trending","Ucrania"],"articleSection":["Iglesia Local","Justicia y Paz"],"inLanguage":"es"},{"@type":"WebPage","@id":"https:\/\/exaudi.org\/es\/el-salvador-obispos-jornada-paz-ucrania\/","url":"https:\/\/exaudi.org\/es\/el-salvador-obispos-jornada-paz-ucrania\/","name":"El Salvador: Obispos se suman a la Jornada por la paz en Ucrania","isPartOf":{"@id":"https:\/\/exaudi.org\/#website"},"primaryImageOfPage":{"@id":"https:\/\/exaudi.org\/es\/el-salvador-obispos-jornada-paz-ucrania\/#primaryimage"},"image":{"@id":"https:\/\/exaudi.org\/es\/el-salvador-obispos-jornada-paz-ucrania\/#primaryimage"},"thumbnailUrl":"https:\/\/exaudi.org\/wp-content\/uploads\/2022\/02\/elsalvadorjornadapazucrania.jpeg","datePublished":"2022-02-28T14:25:15+00:00","dateModified":"2022-02-28T14:26:06+00:00","author":{"@id":"https:\/\/exaudi.org\/#\/schema\/person\/d134b96438278131ce90c90c03fda6cd"},"description":"A trav\u00e9s de un comunicado, los obispos de la Conferencia Episcopal de El Salvador (CEDES) se suman a la Jornada por la Paz en Ucrania.","breadcrumb":{"@id":"https:\/\/exaudi.org\/es\/el-salvador-obispos-jornada-paz-ucrania\/#breadcrumb"},"inLanguage":"es","potentialAction":[{"@type":"ReadAction","target":["https:\/\/exaudi.org\/es\/el-salvador-obispos-jornada-paz-ucrania\/"]}]},{"@type":"ImageObject","inLanguage":"es","@id":"https:\/\/exaudi.org\/es\/el-salvador-obispos-jornada-paz-ucrania\/#primaryimage","url":"https:\/\/exaudi.org\/wp-content\/uploads\/2022\/02\/elsalvadorjornadapazucrania.jpeg","contentUrl":"https:\/\/exaudi.org\/wp-content\/uploads\/2022\/02\/elsalvadorjornadapazucrania.jpeg","width":735,"height":414,"caption":"Ucranianos huyendo del pa\u00eds \u00a9 Vatican Media"},{"@type":"BreadcrumbList","@id":"https:\/\/exaudi.org\/es\/el-salvador-obispos-jornada-paz-ucrania\/#breadcrumb","itemListElement":[{"@type":"ListItem","position":1,"name":"Portada","item":"https:\/\/exaudi.org\/es\/"},{"@type":"ListItem","position":2,"name":"El Salvador: Obispos se suman a la Jornada por la paz en Ucrania"}]},{"@type":"WebSite","@id":"https:\/\/exaudi.org\/#website","url":"https:\/\/exaudi.org\/","name":"Exaudi","description":"News","potentialAction":[{"@type":"SearchAction","target":{"@type":"EntryPoint","urlTemplate":"https:\/\/exaudi.org\/?s={search_term_string}"},"query-input":{"@type":"PropertyValueSpecification","valueRequired":true,"valueName":"search_term_string"}}],"inLanguage":"es"},{"@type":"Person","@id":"https:\/\/exaudi.org\/#\/schema\/person\/d134b96438278131ce90c90c03fda6cd","name":"Gabriel Sales","image":{"@type":"ImageObject","inLanguage":"es","@id":"https:\/\/secure.gravatar.com\/avatar\/9b1269566f6a063ed26ffb3532b66a373cdde231ce5d0effb266167437fdaffd?s=96&d=mm&r=g","url":"https:\/\/secure.gravatar.com\/avatar\/9b1269566f6a063ed26ffb3532b66a373cdde231ce5d0effb266167437fdaffd?s=96&d=mm&r=g","contentUrl":"https:\/\/secure.gravatar.com\/avatar\/9b1269566f6a063ed26ffb3532b66a373cdde231ce5d0effb266167437fdaffd?s=96&d=mm&r=g","caption":"Gabriel Sales"},"description":"Periodista y especialista en Comunicaci\u00f3n y Branding digital. Cin\u00e9filo y cr\u00edtico de cine y series de televisi\u00f3n.","sameAs":["https:\/\/www.instagram.com\/cine90segundos\/","www.linkedin.com\/in\/habemusman","https:\/\/x.com\/habemusman","https:\/\/www.youtube.com\/channel\/UCVfCiOMkJ_C7T7OpyjuaLDg"],"url":"https:\/\/exaudi.org\/es\/author\/gsalesexaudi-org\/"}]}},"jetpack_featured_media_url":"https:\/\/exaudi.org\/wp-content\/uploads\/2022\/02\/elsalvadorjornadapazucrania.jpeg","jetpack_shortlink":"https:\/\/wp.me\/pgKjF2-dUW","_links":{"self":[{"href":"https:\/\/exaudi.org\/es\/wp-json\/wp\/v2\/posts\/53502","targetHints":{"allow":["GET"]}}],"collection":[{"href":"https:\/\/exaudi.org\/es\/wp-json\/wp\/v2\/posts"}],"about":[{"href":"https:\/\/exaudi.org\/es\/wp-json\/wp\/v2\/types\/post"}],"author":[{"embeddable":true,"href":"https:\/\/exaudi.org\/es\/wp-json\/wp\/v2\/users\/6"}],"replies":[{"embeddable":true,"href":"https:\/\/exaudi.org\/es\/wp-json\/wp\/v2\/comments?post=53502"}],"version-history":[{"count":0,"href":"https:\/\/exaudi.org\/es\/wp-json\/wp\/v2\/posts\/53502\/revisions"}],"wp:featuredmedia":[{"embeddable":true,"href":"https:\/\/exaudi.org\/es\/wp-json\/wp\/v2\/media\/53503"}],"wp:attachment":[{"href":"https:\/\/exaudi.org\/es\/wp-json\/wp\/v2\/media?parent=53502"}],"wp:term":[{"taxonomy":"category","embeddable":true,"href":"https:\/\/exaudi.org\/es\/wp-json\/wp\/v2\/categories?post=53502"},{"taxonomy":"post_tag","embeddable":true,"href":"https:\/\/exaudi.org\/es\/wp-json\/wp\/v2\/tags?post=53502"}],"curies":[{"name":"wp","href":"https:\/\/api.w.org\/{rel}","templated":true}]}}