{"id":53458,"date":"2022-02-28T11:00:08","date_gmt":"2022-02-28T10:00:08","guid":{"rendered":"https:\/\/exaudi.org\/?p=53458"},"modified":"2022-02-28T11:00:24","modified_gmt":"2022-02-28T10:00:24","slug":"caritas-latinoamericana-condena-guerra-ucrania","status":"publish","type":"post","link":"https:\/\/exaudi.org\/es\/caritas-latinoamericana-condena-guerra-ucrania\/","title":{"rendered":"C\u00e1ritas Latinoam\u00e9rica condena la guerra en Ucrania"},"content":{"rendered":"<p>\u201cLa paz es un don de Dios (para el hombre y para toda persona) y un proyecto humano conforme el designio divino. Es ante todo un atributo esencial de Dios\u201d. Con estas palabras, monse\u00f1or Jos\u00e9 Luis Azuaje Ayala, arzobispo de Maracaibo y presidente de <a href=\"https:\/\/caritaslatinoamerica.org\/\" target=\"_blank\" rel=\"noopener\">C\u00e1ritas de Latinoam\u00e9rica y el Caribe<\/a>, ha suscrito un comunicado ante la evoluci\u00f3n que ha tenido la <a href=\"https:\/\/exaudi.org\/es\/que-callen-las-armas-nuevo-llamado-del-papa-por-ucrania\/\" target=\"_blank\" rel=\"noopener\">guerra en Ucrania.<\/a><\/p>\n<p>En el escrito, publicado por la instituci\u00f3n el 25 de febrero de 2022, el prelado venezolano asevera que \u201cla guerra es una crueldad y un flagelo que no representa nunca un medio id\u00f3neo para resolver los problemas que surgen entre las naciones, como lo que se experimenta en la crisis de Ucrania. Cuando estalla, la guerra se convierte en una &#8216;in\u00fatil masacre sin regreso, que compromete el presente y pone en peligro el futuro de la humanidad, pues los da\u00f1os causados por un conflicto armado no son s\u00f3lo materiales, sino tambi\u00e9n morales\u201d.<\/p>\n<p>Del mismo modo, en nombre de C\u00e1ritas latinoamericana, se une a \u201clas miles de voces en todo el mundo que condenan la guerra y la violencia como medio para resolver conflictos o diferencias\u201d. Un conflicto b\u00e9lico, contin\u00faa, \u201ces siempre un golpe muy duro, que lacera y hiere irremediable e irreversiblemente a miles de comunidades, destruye vidas inocentes y traumatiza a generaciones completas creando heridas que muy dif\u00edcilmente sanar\u00e1n\u201d.<\/p>\n<p>\u201cEs una grave injusticia utilizar la fuerza para validar una l\u00ednea de pensamiento, o bien apropiarse de bienes o de la cultura de otro pueblo, convirtiendo esa acci\u00f3n en un cruel atentado a la dignidad humana, pues la violencia no dialoga, sino que silencia, lastima y destruye, para imponer una postura eliminando al que difiere\u201d, expresa Mons. Azuaje.<\/p>\n<p>Y concluye el comunicando recordando que \u201cJesucristo asumi\u00f3 en su vida toda la violencia y la crueldad que sufri\u00f3 en su pasi\u00f3n, para ense\u00f1arnos el verdadero camino para resolver los conflictos y las diferencias humanas: la entrega, el perd\u00f3n y el amor\u201d.<\/p>\n","protected":false},"excerpt":{"rendered":"<p>Comunicado de Mons. Jos\u00e9 Luis Azuaje, presidente de la Instituci\u00f3n<\/p>\n","protected":false},"author":6,"featured_media":53469,"comment_status":"closed","ping_status":"closed","sticky":false,"template":"","format":"standard","meta":{"_acf_changed":false,"_crdt_document":"","inline_featured_image":false,"footnotes":""},"categories":[59],"tags":[3717,3834,6024,4953,1235],"class_list":["post-53458","post","type-post","status-publish","format-standard","has-post-thumbnail","hentry","category-featured-news","tag-caritas-america-latina-y-el-caribe","tag-guerra-es","tag-monsenor-jose-luis-azuaje-ayala","tag-trending-es","tag-ucrania"],"acf":[],"yoast_head":"<!-- This site is optimized with the Yoast SEO plugin v27.5 - https:\/\/yoast.com\/product\/yoast-seo-wordpress\/ -->\n<title>C\u00e1ritas Latinoam\u00e9rica condena la guerra en Ucrania &#8211; Exaudi<\/title>\n<meta name=\"description\" content=\"Mons. Azuaje Ayala, presidente de C\u00e1ritas Latinoam\u00e9rica, se suscribe a la condenaci\u00f3n de la guerra que se est\u00e1 dando en Ucrania.\" \/>\n<meta name=\"robots\" content=\"index, follow, max-snippet:-1, max-image-preview:large, max-video-preview:-1\" \/>\n<link rel=\"canonical\" href=\"https:\/\/exaudi.org\/es\/caritas-latinoamericana-condena-guerra-ucrania\/\" \/>\n<meta property=\"og:locale\" content=\"es_ES\" \/>\n<meta property=\"og:type\" content=\"article\" \/>\n<meta property=\"og:title\" content=\"C\u00e1ritas Latinoam\u00e9rica condena la guerra en Ucrania &#8211; Exaudi\" \/>\n<meta property=\"og:description\" content=\"Mons. Azuaje Ayala, presidente de C\u00e1ritas Latinoam\u00e9rica, se suscribe a la condenaci\u00f3n de la guerra que se est\u00e1 dando en Ucrania.\" \/>\n<meta property=\"og:url\" content=\"https:\/\/exaudi.org\/es\/caritas-latinoamericana-condena-guerra-ucrania\/\" \/>\n<meta property=\"og:site_name\" content=\"Exaudi\" \/>\n<meta property=\"article:publisher\" content=\"https:\/\/www.facebook.com\/ExaudiNews\" \/>\n<meta property=\"article:published_time\" content=\"2022-02-28T10:00:08+00:00\" \/>\n<meta property=\"article:modified_time\" content=\"2022-02-28T10:00:24+00:00\" \/>\n<meta property=\"og:image\" content=\"https:\/\/exaudi.org\/wp-content\/uploads\/2022\/02\/caritaslatinoamericaguerraucrania.jpeg\" \/>\n\t<meta property=\"og:image:width\" content=\"744\" \/>\n\t<meta property=\"og:image:height\" content=\"418\" \/>\n\t<meta property=\"og:image:type\" content=\"image\/jpeg\" \/>\n<meta name=\"author\" content=\"Gabriel Sales\" \/>\n<meta name=\"twitter:card\" content=\"summary_large_image\" \/>\n<meta name=\"twitter:creator\" content=\"@habemusman\" \/>\n<meta name=\"twitter:site\" content=\"@Exaudi_News\" \/>\n<meta name=\"twitter:label1\" content=\"Escrito por\" \/>\n\t<meta name=\"twitter:data1\" content=\"Gabriel Sales\" \/>\n\t<meta name=\"twitter:label2\" content=\"Tiempo de lectura\" \/>\n\t<meta name=\"twitter:data2\" content=\"2 minutos\" \/>\n<script type=\"application\/ld+json\" class=\"yoast-schema-graph\">{\"@context\":\"https:\\\/\\\/schema.org\",\"@graph\":[{\"@type\":\"Article\",\"@id\":\"https:\\\/\\\/exaudi.org\\\/es\\\/caritas-latinoamericana-condena-guerra-ucrania\\\/#article\",\"isPartOf\":{\"@id\":\"https:\\\/\\\/exaudi.org\\\/es\\\/caritas-latinoamericana-condena-guerra-ucrania\\\/\"},\"author\":{\"name\":\"Gabriel Sales\",\"@id\":\"https:\\\/\\\/exaudi.org\\\/#\\\/schema\\\/person\\\/d134b96438278131ce90c90c03fda6cd\"},\"headline\":\"C\u00e1ritas Latinoam\u00e9rica condena la guerra en Ucrania\",\"datePublished\":\"2022-02-28T10:00:08+00:00\",\"dateModified\":\"2022-02-28T10:00:24+00:00\",\"mainEntityOfPage\":{\"@id\":\"https:\\\/\\\/exaudi.org\\\/es\\\/caritas-latinoamericana-condena-guerra-ucrania\\\/\"},\"wordCount\":351,\"image\":{\"@id\":\"https:\\\/\\\/exaudi.org\\\/es\\\/caritas-latinoamericana-condena-guerra-ucrania\\\/#primaryimage\"},\"thumbnailUrl\":\"https:\\\/\\\/exaudi.org\\\/wp-content\\\/uploads\\\/2022\\\/02\\\/caritaslatinoamericaguerraucrania.jpeg\",\"keywords\":[\"C\u00e1ritas Am\u00e9rica Latina y el Caribe\",\"guerra\",\"Monse\u00f1or Jos\u00e9 Luis Azuaje Ayala\",\"Trending\",\"Ucrania\"],\"articleSection\":[\"Featured News\"],\"inLanguage\":\"es\"},{\"@type\":\"WebPage\",\"@id\":\"https:\\\/\\\/exaudi.org\\\/es\\\/caritas-latinoamericana-condena-guerra-ucrania\\\/\",\"url\":\"https:\\\/\\\/exaudi.org\\\/es\\\/caritas-latinoamericana-condena-guerra-ucrania\\\/\",\"name\":\"C\u00e1ritas Latinoam\u00e9rica condena la guerra en Ucrania &#8211; Exaudi\",\"isPartOf\":{\"@id\":\"https:\\\/\\\/exaudi.org\\\/#website\"},\"primaryImageOfPage\":{\"@id\":\"https:\\\/\\\/exaudi.org\\\/es\\\/caritas-latinoamericana-condena-guerra-ucrania\\\/#primaryimage\"},\"image\":{\"@id\":\"https:\\\/\\\/exaudi.org\\\/es\\\/caritas-latinoamericana-condena-guerra-ucrania\\\/#primaryimage\"},\"thumbnailUrl\":\"https:\\\/\\\/exaudi.org\\\/wp-content\\\/uploads\\\/2022\\\/02\\\/caritaslatinoamericaguerraucrania.jpeg\",\"datePublished\":\"2022-02-28T10:00:08+00:00\",\"dateModified\":\"2022-02-28T10:00:24+00:00\",\"author\":{\"@id\":\"https:\\\/\\\/exaudi.org\\\/#\\\/schema\\\/person\\\/d134b96438278131ce90c90c03fda6cd\"},\"description\":\"Mons. Azuaje Ayala, presidente de C\u00e1ritas Latinoam\u00e9rica, se suscribe a la condenaci\u00f3n de la guerra que se est\u00e1 dando en Ucrania.\",\"breadcrumb\":{\"@id\":\"https:\\\/\\\/exaudi.org\\\/es\\\/caritas-latinoamericana-condena-guerra-ucrania\\\/#breadcrumb\"},\"inLanguage\":\"es\",\"potentialAction\":[{\"@type\":\"ReadAction\",\"target\":[\"https:\\\/\\\/exaudi.org\\\/es\\\/caritas-latinoamericana-condena-guerra-ucrania\\\/\"]}]},{\"@type\":\"ImageObject\",\"inLanguage\":\"es\",\"@id\":\"https:\\\/\\\/exaudi.org\\\/es\\\/caritas-latinoamericana-condena-guerra-ucrania\\\/#primaryimage\",\"url\":\"https:\\\/\\\/exaudi.org\\\/wp-content\\\/uploads\\\/2022\\\/02\\\/caritaslatinoamericaguerraucrania.jpeg\",\"contentUrl\":\"https:\\\/\\\/exaudi.org\\\/wp-content\\\/uploads\\\/2022\\\/02\\\/caritaslatinoamericaguerraucrania.jpeg\",\"width\":744,\"height\":418,\"caption\":\"Mons. Azuaje \u00a9 Vatican Media\"},{\"@type\":\"BreadcrumbList\",\"@id\":\"https:\\\/\\\/exaudi.org\\\/es\\\/caritas-latinoamericana-condena-guerra-ucrania\\\/#breadcrumb\",\"itemListElement\":[{\"@type\":\"ListItem\",\"position\":1,\"name\":\"Portada\",\"item\":\"https:\\\/\\\/exaudi.org\\\/es\\\/\"},{\"@type\":\"ListItem\",\"position\":2,\"name\":\"C\u00e1ritas Latinoam\u00e9rica condena la guerra en Ucrania\"}]},{\"@type\":\"WebSite\",\"@id\":\"https:\\\/\\\/exaudi.org\\\/#website\",\"url\":\"https:\\\/\\\/exaudi.org\\\/\",\"name\":\"Exaudi\",\"description\":\"News\",\"potentialAction\":[{\"@type\":\"SearchAction\",\"target\":{\"@type\":\"EntryPoint\",\"urlTemplate\":\"https:\\\/\\\/exaudi.org\\\/?s={search_term_string}\"},\"query-input\":{\"@type\":\"PropertyValueSpecification\",\"valueRequired\":true,\"valueName\":\"search_term_string\"}}],\"inLanguage\":\"es\"},{\"@type\":\"Person\",\"@id\":\"https:\\\/\\\/exaudi.org\\\/#\\\/schema\\\/person\\\/d134b96438278131ce90c90c03fda6cd\",\"name\":\"Gabriel Sales\",\"image\":{\"@type\":\"ImageObject\",\"inLanguage\":\"es\",\"@id\":\"https:\\\/\\\/secure.gravatar.com\\\/avatar\\\/9b1269566f6a063ed26ffb3532b66a373cdde231ce5d0effb266167437fdaffd?s=96&d=mm&r=g\",\"url\":\"https:\\\/\\\/secure.gravatar.com\\\/avatar\\\/9b1269566f6a063ed26ffb3532b66a373cdde231ce5d0effb266167437fdaffd?s=96&d=mm&r=g\",\"contentUrl\":\"https:\\\/\\\/secure.gravatar.com\\\/avatar\\\/9b1269566f6a063ed26ffb3532b66a373cdde231ce5d0effb266167437fdaffd?s=96&d=mm&r=g\",\"caption\":\"Gabriel Sales\"},\"description\":\"Periodista y especialista en Comunicaci\u00f3n y Branding digital. Cin\u00e9filo y cr\u00edtico de cine y series de televisi\u00f3n.\",\"sameAs\":[\"https:\\\/\\\/www.instagram.com\\\/cine90segundos\\\/\",\"www.linkedin.com\\\/in\\\/habemusman\",\"https:\\\/\\\/x.com\\\/habemusman\",\"https:\\\/\\\/www.youtube.com\\\/channel\\\/UCVfCiOMkJ_C7T7OpyjuaLDg\"],\"url\":\"https:\\\/\\\/exaudi.org\\\/es\\\/author\\\/gsalesexaudi-org\\\/\"}]}<\/script>\n<!-- \/ Yoast SEO plugin. -->","yoast_head_json":{"title":"C\u00e1ritas Latinoam\u00e9rica condena la guerra en Ucrania &#8211; Exaudi","description":"Mons. Azuaje Ayala, presidente de C\u00e1ritas Latinoam\u00e9rica, se suscribe a la condenaci\u00f3n de la guerra que se est\u00e1 dando en Ucrania.","robots":{"index":"index","follow":"follow","max-snippet":"max-snippet:-1","max-image-preview":"max-image-preview:large","max-video-preview":"max-video-preview:-1"},"canonical":"https:\/\/exaudi.org\/es\/caritas-latinoamericana-condena-guerra-ucrania\/","og_locale":"es_ES","og_type":"article","og_title":"C\u00e1ritas Latinoam\u00e9rica condena la guerra en Ucrania &#8211; Exaudi","og_description":"Mons. Azuaje Ayala, presidente de C\u00e1ritas Latinoam\u00e9rica, se suscribe a la condenaci\u00f3n de la guerra que se est\u00e1 dando en Ucrania.","og_url":"https:\/\/exaudi.org\/es\/caritas-latinoamericana-condena-guerra-ucrania\/","og_site_name":"Exaudi","article_publisher":"https:\/\/www.facebook.com\/ExaudiNews","article_published_time":"2022-02-28T10:00:08+00:00","article_modified_time":"2022-02-28T10:00:24+00:00","og_image":[{"width":744,"height":418,"url":"https:\/\/exaudi.org\/wp-content\/uploads\/2022\/02\/caritaslatinoamericaguerraucrania.jpeg","type":"image\/jpeg"}],"author":"Gabriel Sales","twitter_card":"summary_large_image","twitter_creator":"@habemusman","twitter_site":"@Exaudi_News","twitter_misc":{"Escrito por":"Gabriel Sales","Tiempo de lectura":"2 minutos"},"schema":{"@context":"https:\/\/schema.org","@graph":[{"@type":"Article","@id":"https:\/\/exaudi.org\/es\/caritas-latinoamericana-condena-guerra-ucrania\/#article","isPartOf":{"@id":"https:\/\/exaudi.org\/es\/caritas-latinoamericana-condena-guerra-ucrania\/"},"author":{"name":"Gabriel Sales","@id":"https:\/\/exaudi.org\/#\/schema\/person\/d134b96438278131ce90c90c03fda6cd"},"headline":"C\u00e1ritas Latinoam\u00e9rica condena la guerra en Ucrania","datePublished":"2022-02-28T10:00:08+00:00","dateModified":"2022-02-28T10:00:24+00:00","mainEntityOfPage":{"@id":"https:\/\/exaudi.org\/es\/caritas-latinoamericana-condena-guerra-ucrania\/"},"wordCount":351,"image":{"@id":"https:\/\/exaudi.org\/es\/caritas-latinoamericana-condena-guerra-ucrania\/#primaryimage"},"thumbnailUrl":"https:\/\/exaudi.org\/wp-content\/uploads\/2022\/02\/caritaslatinoamericaguerraucrania.jpeg","keywords":["C\u00e1ritas Am\u00e9rica Latina y el Caribe","guerra","Monse\u00f1or Jos\u00e9 Luis Azuaje Ayala","Trending","Ucrania"],"articleSection":["Featured News"],"inLanguage":"es"},{"@type":"WebPage","@id":"https:\/\/exaudi.org\/es\/caritas-latinoamericana-condena-guerra-ucrania\/","url":"https:\/\/exaudi.org\/es\/caritas-latinoamericana-condena-guerra-ucrania\/","name":"C\u00e1ritas Latinoam\u00e9rica condena la guerra en Ucrania &#8211; Exaudi","isPartOf":{"@id":"https:\/\/exaudi.org\/#website"},"primaryImageOfPage":{"@id":"https:\/\/exaudi.org\/es\/caritas-latinoamericana-condena-guerra-ucrania\/#primaryimage"},"image":{"@id":"https:\/\/exaudi.org\/es\/caritas-latinoamericana-condena-guerra-ucrania\/#primaryimage"},"thumbnailUrl":"https:\/\/exaudi.org\/wp-content\/uploads\/2022\/02\/caritaslatinoamericaguerraucrania.jpeg","datePublished":"2022-02-28T10:00:08+00:00","dateModified":"2022-02-28T10:00:24+00:00","author":{"@id":"https:\/\/exaudi.org\/#\/schema\/person\/d134b96438278131ce90c90c03fda6cd"},"description":"Mons. Azuaje Ayala, presidente de C\u00e1ritas Latinoam\u00e9rica, se suscribe a la condenaci\u00f3n de la guerra que se est\u00e1 dando en Ucrania.","breadcrumb":{"@id":"https:\/\/exaudi.org\/es\/caritas-latinoamericana-condena-guerra-ucrania\/#breadcrumb"},"inLanguage":"es","potentialAction":[{"@type":"ReadAction","target":["https:\/\/exaudi.org\/es\/caritas-latinoamericana-condena-guerra-ucrania\/"]}]},{"@type":"ImageObject","inLanguage":"es","@id":"https:\/\/exaudi.org\/es\/caritas-latinoamericana-condena-guerra-ucrania\/#primaryimage","url":"https:\/\/exaudi.org\/wp-content\/uploads\/2022\/02\/caritaslatinoamericaguerraucrania.jpeg","contentUrl":"https:\/\/exaudi.org\/wp-content\/uploads\/2022\/02\/caritaslatinoamericaguerraucrania.jpeg","width":744,"height":418,"caption":"Mons. Azuaje \u00a9 Vatican Media"},{"@type":"BreadcrumbList","@id":"https:\/\/exaudi.org\/es\/caritas-latinoamericana-condena-guerra-ucrania\/#breadcrumb","itemListElement":[{"@type":"ListItem","position":1,"name":"Portada","item":"https:\/\/exaudi.org\/es\/"},{"@type":"ListItem","position":2,"name":"C\u00e1ritas Latinoam\u00e9rica condena la guerra en Ucrania"}]},{"@type":"WebSite","@id":"https:\/\/exaudi.org\/#website","url":"https:\/\/exaudi.org\/","name":"Exaudi","description":"News","potentialAction":[{"@type":"SearchAction","target":{"@type":"EntryPoint","urlTemplate":"https:\/\/exaudi.org\/?s={search_term_string}"},"query-input":{"@type":"PropertyValueSpecification","valueRequired":true,"valueName":"search_term_string"}}],"inLanguage":"es"},{"@type":"Person","@id":"https:\/\/exaudi.org\/#\/schema\/person\/d134b96438278131ce90c90c03fda6cd","name":"Gabriel Sales","image":{"@type":"ImageObject","inLanguage":"es","@id":"https:\/\/secure.gravatar.com\/avatar\/9b1269566f6a063ed26ffb3532b66a373cdde231ce5d0effb266167437fdaffd?s=96&d=mm&r=g","url":"https:\/\/secure.gravatar.com\/avatar\/9b1269566f6a063ed26ffb3532b66a373cdde231ce5d0effb266167437fdaffd?s=96&d=mm&r=g","contentUrl":"https:\/\/secure.gravatar.com\/avatar\/9b1269566f6a063ed26ffb3532b66a373cdde231ce5d0effb266167437fdaffd?s=96&d=mm&r=g","caption":"Gabriel Sales"},"description":"Periodista y especialista en Comunicaci\u00f3n y Branding digital. Cin\u00e9filo y cr\u00edtico de cine y series de televisi\u00f3n.","sameAs":["https:\/\/www.instagram.com\/cine90segundos\/","www.linkedin.com\/in\/habemusman","https:\/\/x.com\/habemusman","https:\/\/www.youtube.com\/channel\/UCVfCiOMkJ_C7T7OpyjuaLDg"],"url":"https:\/\/exaudi.org\/es\/author\/gsalesexaudi-org\/"}]}},"jetpack_featured_media_url":"https:\/\/exaudi.org\/wp-content\/uploads\/2022\/02\/caritaslatinoamericaguerraucrania.jpeg","jetpack_shortlink":"https:\/\/wp.me\/pgKjF2-dUe","_links":{"self":[{"href":"https:\/\/exaudi.org\/es\/wp-json\/wp\/v2\/posts\/53458","targetHints":{"allow":["GET"]}}],"collection":[{"href":"https:\/\/exaudi.org\/es\/wp-json\/wp\/v2\/posts"}],"about":[{"href":"https:\/\/exaudi.org\/es\/wp-json\/wp\/v2\/types\/post"}],"author":[{"embeddable":true,"href":"https:\/\/exaudi.org\/es\/wp-json\/wp\/v2\/users\/6"}],"replies":[{"embeddable":true,"href":"https:\/\/exaudi.org\/es\/wp-json\/wp\/v2\/comments?post=53458"}],"version-history":[{"count":0,"href":"https:\/\/exaudi.org\/es\/wp-json\/wp\/v2\/posts\/53458\/revisions"}],"wp:featuredmedia":[{"embeddable":true,"href":"https:\/\/exaudi.org\/es\/wp-json\/wp\/v2\/media\/53469"}],"wp:attachment":[{"href":"https:\/\/exaudi.org\/es\/wp-json\/wp\/v2\/media?parent=53458"}],"wp:term":[{"taxonomy":"category","embeddable":true,"href":"https:\/\/exaudi.org\/es\/wp-json\/wp\/v2\/categories?post=53458"},{"taxonomy":"post_tag","embeddable":true,"href":"https:\/\/exaudi.org\/es\/wp-json\/wp\/v2\/tags?post=53458"}],"curies":[{"name":"wp","href":"https:\/\/api.w.org\/{rel}","templated":true}]}}