{"id":53348,"date":"2022-02-27T13:30:29","date_gmt":"2022-02-27T12:30:29","guid":{"rendered":"https:\/\/exaudi.org\/?p=53348"},"modified":"2022-02-27T16:02:12","modified_gmt":"2022-02-27T15:02:12","slug":"2-palabras-papa-fraternidad-servicio","status":"publish","type":"post","link":"https:\/\/exaudi.org\/es\/2-palabras-papa-fraternidad-servicio\/","title":{"rendered":"2 palabras del Papa a los alpinos: Fraternidad y servicio"},"content":{"rendered":"<p>Fraternidad y servicio: 2 palabras que el Papa Francisco considera que describen bien a los alpinos.<\/p>\n<p>Ayer, 26 de febrero de 2022, en la Sala Clementina del Palacio Apost\u00f3lico Vaticano, el Papa Francisco recibi\u00f3 en audiencia a los miembros de la <a href=\"https:\/\/www.ana.it\/\" target=\"_blank\" rel=\"noopener\">Asociaci\u00f3n Nacional Alpina de Italia<\/a> y les dirigi\u00f3 el siguiente discurso.<\/p>\n<p>***<\/p>\n<h2><strong>Discurso del Santo Padre<\/strong><\/h2>\n<p>\u00a1Queridos amigos de la Asociaci\u00f3n Nacional Alpina!<\/p>\n<p>Me alegra recibirlos y saludarlos con afecto, comenzando por el Presidente de la Naci\u00f3n, a quien agradezco sus palabras.\u00a0Saludo a los ancianos, recuerdo vivo de la entrega heroica y de la formaci\u00f3n en el sacrificio;\u00a0Saludo a los j\u00f3venes, que prosiguen su camino mirando hacia arriba, con el andar tenaz y paciente del monta\u00f1ero que sube por los empinados senderos para llegar a la cima.\u00a0Y, como buen Alpino, siempre con el coraz\u00f3n y los brazos dispuestos a apoyar a los compa\u00f1eros de escalada y cuidar la creaci\u00f3n, nuestra casa com\u00fan, hoy herida.\u00a0Me gustar\u00eda animaros a que sig\u00e1is as\u00ed: anclados a vuestras ra\u00edces, a vuestra memoria, y al mismo tiempo \u201catados a una cuerda\u201d, diligentes en ayudaros, para no ceder al cansancio y llevaros en la fidelidad conjunta a vuestros buenos compromisos y a vuestra palabra.<img loading=\"lazy\" decoding=\"async\" class=\"size-medium wp-image-53378 alignleft\" src=\"https:\/\/exaudi.org\/wp-content\/uploads\/2022\/02\/Asociacion-Nacional-Alpina.jpeg1_-300x200.jpeg\" alt=\"\" width=\"300\" height=\"200\" srcset=\"https:\/\/exaudi.org\/wp-content\/uploads\/2022\/02\/Asociacion-Nacional-Alpina.jpeg1_-300x200.jpeg 300w, https:\/\/exaudi.org\/wp-content\/uploads\/2022\/02\/Asociacion-Nacional-Alpina.jpeg1_-770x513.jpeg 770w, https:\/\/exaudi.org\/wp-content\/uploads\/2022\/02\/Asociacion-Nacional-Alpina.jpeg1_-360x240.jpeg?crop=1 360w, https:\/\/exaudi.org\/wp-content\/uploads\/2022\/02\/Asociacion-Nacional-Alpina.jpeg1_-500x333.jpeg 500w, https:\/\/exaudi.org\/wp-content\/uploads\/2022\/02\/Asociacion-Nacional-Alpina.jpeg1_-370x247.jpeg 370w, https:\/\/exaudi.org\/wp-content\/uploads\/2022\/02\/Asociacion-Nacional-Alpina.jpeg1_-293x195.jpeg 293w, https:\/\/exaudi.org\/wp-content\/uploads\/2022\/02\/Asociacion-Nacional-Alpina.jpeg1_-120x80.jpeg 120w, https:\/\/exaudi.org\/wp-content\/uploads\/2022\/02\/Asociacion-Nacional-Alpina.jpeg1_-240x160.jpeg 240w, https:\/\/exaudi.org\/wp-content\/uploads\/2022\/02\/Asociacion-Nacional-Alpina.jpeg1_-390x260.jpeg 390w, https:\/\/exaudi.org\/wp-content\/uploads\/2022\/02\/Asociacion-Nacional-Alpina.jpeg1_.jpeg 800w\" sizes=\"auto, (max-width: 300px) 100vw, 300px\" \/><\/p>\n<p>Esta meritoria Asociaci\u00f3n vuestra est\u00e1 presente en Italia y en muchas partes del mundo -incluso en Argentina- y ofrece, entre otras cosas, un hermoso testimonio de fraternidad y de servicio.\u00a0<em>Fraternidad<\/em>\u00a0y\u00a0<em>servicio<\/em>: dos palabras que os describen bien y sobre las que quisiera hacer una breve reflexi\u00f3n.<\/p>\n<p><em>Fraternidad.<\/em> Es bonito ver que hab\u00e9is podido caminar juntos durante un siglo, demostrando que sois una familia. Vuestra realidad, ramificada en varias Secciones y Grupos con caracter\u00edsticas espec\u00edficas, ha sabido hacer de la diversidad de personas y de la variedad de agrupaciones oportunidades para aumentar la fraternidad. Me pregunto: \u00bfQu\u00e9 hizo que su Asociaci\u00f3n no fuera solo una organizaci\u00f3n, sino que se asemejara a una familia? Creo poder decir que el secreto est\u00e1 no s\u00f3lo en los valores que os unen y en el esp\u00edritu de equipo que os distingue, sino sobre todo en el vivo sentido del\u00a0<em>altruismo.<\/em>\u00a0No eres Alpino para ti, sino para los dem\u00e1s y con los dem\u00e1s.\u00a0Y est\u00e1 bien que en este sentido te propongas \u201campliar la familia\u201d, dispuesto a colaborar con los dem\u00e1s: con los soldados que sirven en el Ej\u00e9rcito, pero tambi\u00e9n con diversas obras de caridad.\u00a0Hoy, en el clima asfixiante del individualismo que deja a muchos indiferentes, es necesario partir de aqu\u00ed, para redescubrir el entusiasmo por cuidar a los dem\u00e1s.\u00a0Su testimonio es importante: este testimonio es hist\u00f3rico y actual.<\/p>\n<p><img loading=\"lazy\" decoding=\"async\" class=\"alignright size-medium wp-image-53382\" src=\"https:\/\/exaudi.org\/wp-content\/uploads\/2022\/02\/Asociacion-Nacional-Alpina.jpeg-2-300x200.jpeg\" alt=\"\" width=\"300\" height=\"200\" srcset=\"https:\/\/exaudi.org\/wp-content\/uploads\/2022\/02\/Asociacion-Nacional-Alpina.jpeg-2-300x200.jpeg 300w, https:\/\/exaudi.org\/wp-content\/uploads\/2022\/02\/Asociacion-Nacional-Alpina.jpeg-2-770x513.jpeg 770w, https:\/\/exaudi.org\/wp-content\/uploads\/2022\/02\/Asociacion-Nacional-Alpina.jpeg-2-360x240.jpeg?crop=1 360w, https:\/\/exaudi.org\/wp-content\/uploads\/2022\/02\/Asociacion-Nacional-Alpina.jpeg-2-500x333.jpeg 500w, https:\/\/exaudi.org\/wp-content\/uploads\/2022\/02\/Asociacion-Nacional-Alpina.jpeg-2-370x247.jpeg 370w, https:\/\/exaudi.org\/wp-content\/uploads\/2022\/02\/Asociacion-Nacional-Alpina.jpeg-2-293x195.jpeg 293w, https:\/\/exaudi.org\/wp-content\/uploads\/2022\/02\/Asociacion-Nacional-Alpina.jpeg-2-120x80.jpeg 120w, https:\/\/exaudi.org\/wp-content\/uploads\/2022\/02\/Asociacion-Nacional-Alpina.jpeg-2-240x160.jpeg 240w, https:\/\/exaudi.org\/wp-content\/uploads\/2022\/02\/Asociacion-Nacional-Alpina.jpeg-2-390x260.jpeg 390w, https:\/\/exaudi.org\/wp-content\/uploads\/2022\/02\/Asociacion-Nacional-Alpina.jpeg-2.jpeg 800w\" sizes=\"auto, (max-width: 300px) 100vw, 300px\" \/>Esta fraternidad, por tanto, se nutre del\u00a0<em>servicio<\/em>\u00a0a los dem\u00e1s.\u00a0Al ser voluntario, sois un punto de referencia constante.\u00a0De hecho, es bien conocido su compromiso con las emergencias, lo que convierte a su Asociaci\u00f3n en una moderna fuerza de intervenci\u00f3n y salvamento.\u00a0Su aportaci\u00f3n est\u00e1 especialmente dirigida a las personas que se encuentran en una situaci\u00f3n de sufrimiento y necesidad, para que no se sientan solas y marginadas.\u00a0As\u00ed traduc\u00eds en hechos la fidelidad al Evangelio, que nos impulsa a servir a los hermanos, especialmente a los m\u00e1s desfavorecidos.\u00a0Pienso en su presencia junto a las v\u00edctimas del terremoto y los afectados por las calamidades;\u00a0en su apoyo en la construcci\u00f3n de infraestructura para personas vulnerables;\u00a0a su generosa disponibilidad durante la pandemia.<\/p>\n<p>La experiencia centenaria de vuestra Asociaci\u00f3n atestigua que los Alpinos han estado al lado de los italianos en los escenarios m\u00e1s dispares.\u00a0No quedasteis como espectadores en los momentos m\u00e1s dif\u00edciles, no, fuisteis y sois valientes protagonistas del tiempo que viv\u00eds.\u00a0Esta concreci\u00f3n en el servicio, alma de vuestra asociaci\u00f3n, es el Evangelio puesto en pr\u00e1ctica.\u00a0No es casualidad que presum\u00e1is de cuatro Beatos, que encarnaron el mensaje de Jes\u00fas hasta el hero\u00edsmo y la entrega: don Carlo Gnocchi, don Secondo Pollo, Teresio Olivelli y fray Luigi Bordino.<\/p>\n<p><img loading=\"lazy\" decoding=\"async\" class=\"size-medium wp-image-53385 alignleft\" src=\"https:\/\/exaudi.org\/wp-content\/uploads\/2022\/02\/Asociacion-Nacional-Alpina.jpeg-3-300x200.jpeg\" alt=\"\" width=\"300\" height=\"200\" srcset=\"https:\/\/exaudi.org\/wp-content\/uploads\/2022\/02\/Asociacion-Nacional-Alpina.jpeg-3-300x200.jpeg 300w, https:\/\/exaudi.org\/wp-content\/uploads\/2022\/02\/Asociacion-Nacional-Alpina.jpeg-3-770x513.jpeg 770w, https:\/\/exaudi.org\/wp-content\/uploads\/2022\/02\/Asociacion-Nacional-Alpina.jpeg-3-360x240.jpeg?crop=1 360w, https:\/\/exaudi.org\/wp-content\/uploads\/2022\/02\/Asociacion-Nacional-Alpina.jpeg-3-500x333.jpeg 500w, https:\/\/exaudi.org\/wp-content\/uploads\/2022\/02\/Asociacion-Nacional-Alpina.jpeg-3-370x247.jpeg 370w, https:\/\/exaudi.org\/wp-content\/uploads\/2022\/02\/Asociacion-Nacional-Alpina.jpeg-3-293x195.jpeg 293w, https:\/\/exaudi.org\/wp-content\/uploads\/2022\/02\/Asociacion-Nacional-Alpina.jpeg-3-120x80.jpeg 120w, https:\/\/exaudi.org\/wp-content\/uploads\/2022\/02\/Asociacion-Nacional-Alpina.jpeg-3-240x160.jpeg 240w, https:\/\/exaudi.org\/wp-content\/uploads\/2022\/02\/Asociacion-Nacional-Alpina.jpeg-3-390x260.jpeg 390w, https:\/\/exaudi.org\/wp-content\/uploads\/2022\/02\/Asociacion-Nacional-Alpina.jpeg-3.jpeg 800w\" sizes=\"auto, (max-width: 300px) 100vw, 300px\" \/>Os animo a permanecer firmemente apegados a estas fuertes ra\u00edces, para seguir dando frutos en las situaciones actuales.\u00a0As\u00ed no faltar\u00e1 en la sociedad el ejemplo de fraternidad y servicio propio de las tropas alpinas.\u00a0Ejemplo de responsabilidad civil y cristiana.\u00a0Es tan necesario hoy.\u00a0Ustedes son expertos en hospitales de campa\u00f1a.\u00a0Sab\u00e9is que no basta con montar tiendas de campa\u00f1a;\u00a0los necesitamos, por supuesto, pero tambi\u00e9n y sobre todo necesitamos calor humano, una presencia-al lado, una presencia tierna.\u00a0Me llama la atenci\u00f3n la ternura del coraz\u00f3n alpino, un hombre fuerte pero en los momentos m\u00e1s fuertes de la vida, llega esa ternura.\u00a0Me acuerdo de ese testamento [\u201cEl testamento del capit\u00e1n\u201d, canci\u00f3n de los Alpinos], la ternura hacia cuatro mujeres: la madre, la novia, la patria y la monta\u00f1a.\u00a0Esta es tu ternura, que llevas dentro,\u00a0que est\u00e1 custodiado por la fuerza del trabajo y el estar al lado de todos.\u00a0Fuerte pero tierno.\u00a0Que ofrezcas esta presencia, dir\u00eda paternal, cercana a las personas m\u00e1s d\u00e9biles, en las que est\u00e1 Jes\u00fas, como nos dijo: \u201cTodo lo que hicisteis a uno de estos hermanos m\u00edos m\u00e1s peque\u00f1os, a m\u00ed me lo hicisteis\u201d (<em>Mt<\/em>\u00a025,40).<\/p>\n<p>Querido Alpino, \u00a1adelante!\u00a0Siempre en camino, salvaguardando e incrementando vuestro patrimonio de fraternidad y servicio, para que la Asociaci\u00f3n Nacional Alpina siga siendo una gran familia unida y dispuesta al bien de los dem\u00e1s.\u00a0Que la Virgen, venerada en tantas capillitas y ed\u00edculos esparcidos por los montes, os acompa\u00f1e siempre.\u00a0Os doy mi bendici\u00f3n, a vosotros, a todos los miembros y a vuestras familias.\u00a0Y, por favor, no se olviden de rezar por m\u00ed.\u00a0\u00a1Gracias!<\/p>\n","protected":false},"excerpt":{"rendered":"<p>Discurso del Papa a los miembros de la Asociaci\u00f3n Nacional Alpina<\/p>\n","protected":false},"author":15,"featured_media":53368,"comment_status":"closed","ping_status":"closed","sticky":false,"template":"","format":"standard","meta":{"_acf_changed":false,"_crdt_document":"","inline_featured_image":false,"footnotes":""},"categories":[124],"tags":[6017,240,158,5593],"class_list":["post-53348","post","type-post","status-publish","format-standard","has-post-thumbnail","hentry","category-discursos","tag-asociacion-nacional-alpina","tag-fraternidad","tag-papa-francisco","tag-servicio"],"acf":[],"yoast_head":"<!-- This site is optimized with the Yoast SEO plugin v27.5 - https:\/\/yoast.com\/product\/yoast-seo-wordpress\/ -->\n<title>2 palabras del Papa a los alpinos: Fraternidad y servicio &#8211; Exaudi<\/title>\n<meta name=\"description\" content=\"Fraternidad\u00a0y\u00a0servicio: 2 palabras que el Papa Francisco considera que describen bien a los alpinos de Italia\" \/>\n<meta name=\"robots\" content=\"index, follow, max-snippet:-1, max-image-preview:large, max-video-preview:-1\" \/>\n<link rel=\"canonical\" href=\"https:\/\/exaudi.org\/es\/2-palabras-papa-fraternidad-servicio\/\" \/>\n<meta property=\"og:locale\" content=\"es_ES\" \/>\n<meta property=\"og:type\" content=\"article\" \/>\n<meta property=\"og:title\" content=\"2 palabras del Papa a los alpinos: Fraternidad y servicio &#8211; Exaudi\" \/>\n<meta property=\"og:description\" content=\"Fraternidad\u00a0y\u00a0servicio: 2 palabras que el Papa Francisco considera que describen bien a los alpinos de Italia\" \/>\n<meta property=\"og:url\" content=\"https:\/\/exaudi.org\/es\/2-palabras-papa-fraternidad-servicio\/\" \/>\n<meta property=\"og:site_name\" content=\"Exaudi\" \/>\n<meta property=\"article:publisher\" content=\"https:\/\/www.facebook.com\/ExaudiNews\" \/>\n<meta property=\"article:author\" content=\"https:\/\/www.facebook.com\/ExaudiNoticias\/\" \/>\n<meta property=\"article:published_time\" content=\"2022-02-27T12:30:29+00:00\" \/>\n<meta property=\"article:modified_time\" content=\"2022-02-27T15:02:12+00:00\" \/>\n<meta property=\"og:image\" content=\"https:\/\/exaudi.org\/wp-content\/uploads\/2022\/02\/Asociacion-Nacional-Alpina.jpeg\" \/>\n\t<meta property=\"og:image:width\" content=\"1200\" \/>\n\t<meta property=\"og:image:height\" content=\"800\" \/>\n\t<meta property=\"og:image:type\" content=\"image\/jpeg\" \/>\n<meta name=\"author\" content=\"Exaudi Redacci\u00f3n\" \/>\n<meta name=\"twitter:card\" content=\"summary_large_image\" \/>\n<meta name=\"twitter:creator\" content=\"@Exaudi_noticias\" \/>\n<meta name=\"twitter:site\" content=\"@Exaudi_News\" \/>\n<meta name=\"twitter:label1\" content=\"Escrito por\" \/>\n\t<meta name=\"twitter:data1\" content=\"Exaudi Redacci\u00f3n\" \/>\n\t<meta name=\"twitter:label2\" content=\"Tiempo de lectura\" \/>\n\t<meta name=\"twitter:data2\" content=\"5 minutos\" \/>\n<script type=\"application\/ld+json\" class=\"yoast-schema-graph\">{\"@context\":\"https:\\\/\\\/schema.org\",\"@graph\":[{\"@type\":\"Article\",\"@id\":\"https:\\\/\\\/exaudi.org\\\/es\\\/2-palabras-papa-fraternidad-servicio\\\/#article\",\"isPartOf\":{\"@id\":\"https:\\\/\\\/exaudi.org\\\/es\\\/2-palabras-papa-fraternidad-servicio\\\/\"},\"author\":{\"name\":\"Exaudi Redacci\u00f3n\",\"@id\":\"https:\\\/\\\/exaudi.org\\\/#\\\/schema\\\/person\\\/f5fc8f063065e38742da7afe15f25df7\"},\"headline\":\"2 palabras del Papa a los alpinos: Fraternidad y servicio\",\"datePublished\":\"2022-02-27T12:30:29+00:00\",\"dateModified\":\"2022-02-27T15:02:12+00:00\",\"mainEntityOfPage\":{\"@id\":\"https:\\\/\\\/exaudi.org\\\/es\\\/2-palabras-papa-fraternidad-servicio\\\/\"},\"wordCount\":990,\"image\":{\"@id\":\"https:\\\/\\\/exaudi.org\\\/es\\\/2-palabras-papa-fraternidad-servicio\\\/#primaryimage\"},\"thumbnailUrl\":\"https:\\\/\\\/exaudi.org\\\/wp-content\\\/uploads\\\/2022\\\/02\\\/Asociacion-Nacional-Alpina.jpeg\",\"keywords\":[\"Asociaci\u00f3n Nacional Alpina\",\"fraternidad\",\"papa francisco\",\"Servicio\"],\"articleSection\":[\"Discursos\"],\"inLanguage\":\"es\"},{\"@type\":\"WebPage\",\"@id\":\"https:\\\/\\\/exaudi.org\\\/es\\\/2-palabras-papa-fraternidad-servicio\\\/\",\"url\":\"https:\\\/\\\/exaudi.org\\\/es\\\/2-palabras-papa-fraternidad-servicio\\\/\",\"name\":\"2 palabras del Papa a los alpinos: Fraternidad y servicio &#8211; Exaudi\",\"isPartOf\":{\"@id\":\"https:\\\/\\\/exaudi.org\\\/#website\"},\"primaryImageOfPage\":{\"@id\":\"https:\\\/\\\/exaudi.org\\\/es\\\/2-palabras-papa-fraternidad-servicio\\\/#primaryimage\"},\"image\":{\"@id\":\"https:\\\/\\\/exaudi.org\\\/es\\\/2-palabras-papa-fraternidad-servicio\\\/#primaryimage\"},\"thumbnailUrl\":\"https:\\\/\\\/exaudi.org\\\/wp-content\\\/uploads\\\/2022\\\/02\\\/Asociacion-Nacional-Alpina.jpeg\",\"datePublished\":\"2022-02-27T12:30:29+00:00\",\"dateModified\":\"2022-02-27T15:02:12+00:00\",\"author\":{\"@id\":\"https:\\\/\\\/exaudi.org\\\/#\\\/schema\\\/person\\\/f5fc8f063065e38742da7afe15f25df7\"},\"description\":\"Fraternidad\u00a0y\u00a0servicio: 2 palabras que el Papa Francisco considera que describen bien a los alpinos de Italia\",\"breadcrumb\":{\"@id\":\"https:\\\/\\\/exaudi.org\\\/es\\\/2-palabras-papa-fraternidad-servicio\\\/#breadcrumb\"},\"inLanguage\":\"es\",\"potentialAction\":[{\"@type\":\"ReadAction\",\"target\":[\"https:\\\/\\\/exaudi.org\\\/es\\\/2-palabras-papa-fraternidad-servicio\\\/\"]}]},{\"@type\":\"ImageObject\",\"inLanguage\":\"es\",\"@id\":\"https:\\\/\\\/exaudi.org\\\/es\\\/2-palabras-papa-fraternidad-servicio\\\/#primaryimage\",\"url\":\"https:\\\/\\\/exaudi.org\\\/wp-content\\\/uploads\\\/2022\\\/02\\\/Asociacion-Nacional-Alpina.jpeg\",\"contentUrl\":\"https:\\\/\\\/exaudi.org\\\/wp-content\\\/uploads\\\/2022\\\/02\\\/Asociacion-Nacional-Alpina.jpeg\",\"width\":1200,\"height\":800,\"caption\":\"Asociaci\u00f3n Nacional Alpina \u00a9 Vatican Media\"},{\"@type\":\"BreadcrumbList\",\"@id\":\"https:\\\/\\\/exaudi.org\\\/es\\\/2-palabras-papa-fraternidad-servicio\\\/#breadcrumb\",\"itemListElement\":[{\"@type\":\"ListItem\",\"position\":1,\"name\":\"Portada\",\"item\":\"https:\\\/\\\/exaudi.org\\\/es\\\/\"},{\"@type\":\"ListItem\",\"position\":2,\"name\":\"2 palabras del Papa a los alpinos: Fraternidad y servicio\"}]},{\"@type\":\"WebSite\",\"@id\":\"https:\\\/\\\/exaudi.org\\\/#website\",\"url\":\"https:\\\/\\\/exaudi.org\\\/\",\"name\":\"Exaudi\",\"description\":\"News\",\"potentialAction\":[{\"@type\":\"SearchAction\",\"target\":{\"@type\":\"EntryPoint\",\"urlTemplate\":\"https:\\\/\\\/exaudi.org\\\/?s={search_term_string}\"},\"query-input\":{\"@type\":\"PropertyValueSpecification\",\"valueRequired\":true,\"valueName\":\"search_term_string\"}}],\"inLanguage\":\"es\"},{\"@type\":\"Person\",\"@id\":\"https:\\\/\\\/exaudi.org\\\/#\\\/schema\\\/person\\\/f5fc8f063065e38742da7afe15f25df7\",\"name\":\"Exaudi Redacci\u00f3n\",\"image\":{\"@type\":\"ImageObject\",\"inLanguage\":\"es\",\"@id\":\"https:\\\/\\\/secure.gravatar.com\\\/avatar\\\/fe0f6a059fb68d9b3e11bc5850dd4899b1c7492091a3cb6dd9b01b56ad828be2?s=96&d=mm&r=g\",\"url\":\"https:\\\/\\\/secure.gravatar.com\\\/avatar\\\/fe0f6a059fb68d9b3e11bc5850dd4899b1c7492091a3cb6dd9b01b56ad828be2?s=96&d=mm&r=g\",\"contentUrl\":\"https:\\\/\\\/secure.gravatar.com\\\/avatar\\\/fe0f6a059fb68d9b3e11bc5850dd4899b1c7492091a3cb6dd9b01b56ad828be2?s=96&d=mm&r=g\",\"caption\":\"Exaudi Redacci\u00f3n\"},\"description\":\"\u00bfQu\u00e9 es Exaudi News? Exaudi News es un medio de comunicaci\u00f3n cat\u00f3lico internacional que informa, forma y transforma, diariamente en espa\u00f1ol, ingl\u00e9s e italiano. A trav\u00e9s de noticias, art\u00edculos de an\u00e1lisis y transmisiones en directo de los eventos del Papa, Exaudi busca fortalecer la unidad de los cristianos y contribuir a la evangelizaci\u00f3n del mundo, siempre guiados por la doctrina social de la Iglesia. Trabajamos para acercar la verdad y los valores cristianos a cada rinc\u00f3n del planeta. \u00a1Ay\u00fadanos a transformar el mundo con Exaudi! En Exaudi creemos que la evangelizaci\u00f3n y la informaci\u00f3n de calidad pueden cambiar vidas. Para continuar con nuestra misi\u00f3n y expandir nuestro alcance, necesitamos tu ayuda. Adem\u00e1s, buscamos personas comprometidas que deseen unirse a nuestro equipo. Con tu apoyo, lograremos llegar a m\u00e1s personas, difundir el mensaje de Cristo y reforzar la unidad de los cristianos. \u00bfTe unes a nuestra misi\u00f3n? Para m\u00e1s informaci\u00f3n sobre c\u00f3mo colaborar, visita Exaudi.org\\\/es o cont\u00e1ctanos directamente: info@exaudi.org Exaudi: Informa, forma y transforma.\",\"sameAs\":[\"https:\\\/\\\/www.facebook.com\\\/ExaudiNoticias\\\/\",\"https:\\\/\\\/www.instagram.com\\\/exaudi_noticias\\\/\",\"https:\\\/\\\/x.com\\\/Exaudi_noticias\",\"https:\\\/\\\/www.youtube.com\\\/@exaudicatholicnews\"],\"url\":\"https:\\\/\\\/exaudi.org\\\/es\\\/author\\\/redaccionexaudi\\\/\"}]}<\/script>\n<!-- \/ Yoast SEO plugin. -->","yoast_head_json":{"title":"2 palabras del Papa a los alpinos: Fraternidad y servicio &#8211; Exaudi","description":"Fraternidad\u00a0y\u00a0servicio: 2 palabras que el Papa Francisco considera que describen bien a los alpinos de Italia","robots":{"index":"index","follow":"follow","max-snippet":"max-snippet:-1","max-image-preview":"max-image-preview:large","max-video-preview":"max-video-preview:-1"},"canonical":"https:\/\/exaudi.org\/es\/2-palabras-papa-fraternidad-servicio\/","og_locale":"es_ES","og_type":"article","og_title":"2 palabras del Papa a los alpinos: Fraternidad y servicio &#8211; Exaudi","og_description":"Fraternidad\u00a0y\u00a0servicio: 2 palabras que el Papa Francisco considera que describen bien a los alpinos de Italia","og_url":"https:\/\/exaudi.org\/es\/2-palabras-papa-fraternidad-servicio\/","og_site_name":"Exaudi","article_publisher":"https:\/\/www.facebook.com\/ExaudiNews","article_author":"https:\/\/www.facebook.com\/ExaudiNoticias\/","article_published_time":"2022-02-27T12:30:29+00:00","article_modified_time":"2022-02-27T15:02:12+00:00","og_image":[{"width":1200,"height":800,"url":"https:\/\/exaudi.org\/wp-content\/uploads\/2022\/02\/Asociacion-Nacional-Alpina.jpeg","type":"image\/jpeg"}],"author":"Exaudi Redacci\u00f3n","twitter_card":"summary_large_image","twitter_creator":"@Exaudi_noticias","twitter_site":"@Exaudi_News","twitter_misc":{"Escrito por":"Exaudi Redacci\u00f3n","Tiempo de lectura":"5 minutos"},"schema":{"@context":"https:\/\/schema.org","@graph":[{"@type":"Article","@id":"https:\/\/exaudi.org\/es\/2-palabras-papa-fraternidad-servicio\/#article","isPartOf":{"@id":"https:\/\/exaudi.org\/es\/2-palabras-papa-fraternidad-servicio\/"},"author":{"name":"Exaudi Redacci\u00f3n","@id":"https:\/\/exaudi.org\/#\/schema\/person\/f5fc8f063065e38742da7afe15f25df7"},"headline":"2 palabras del Papa a los alpinos: Fraternidad y servicio","datePublished":"2022-02-27T12:30:29+00:00","dateModified":"2022-02-27T15:02:12+00:00","mainEntityOfPage":{"@id":"https:\/\/exaudi.org\/es\/2-palabras-papa-fraternidad-servicio\/"},"wordCount":990,"image":{"@id":"https:\/\/exaudi.org\/es\/2-palabras-papa-fraternidad-servicio\/#primaryimage"},"thumbnailUrl":"https:\/\/exaudi.org\/wp-content\/uploads\/2022\/02\/Asociacion-Nacional-Alpina.jpeg","keywords":["Asociaci\u00f3n Nacional Alpina","fraternidad","papa francisco","Servicio"],"articleSection":["Discursos"],"inLanguage":"es"},{"@type":"WebPage","@id":"https:\/\/exaudi.org\/es\/2-palabras-papa-fraternidad-servicio\/","url":"https:\/\/exaudi.org\/es\/2-palabras-papa-fraternidad-servicio\/","name":"2 palabras del Papa a los alpinos: Fraternidad y servicio &#8211; Exaudi","isPartOf":{"@id":"https:\/\/exaudi.org\/#website"},"primaryImageOfPage":{"@id":"https:\/\/exaudi.org\/es\/2-palabras-papa-fraternidad-servicio\/#primaryimage"},"image":{"@id":"https:\/\/exaudi.org\/es\/2-palabras-papa-fraternidad-servicio\/#primaryimage"},"thumbnailUrl":"https:\/\/exaudi.org\/wp-content\/uploads\/2022\/02\/Asociacion-Nacional-Alpina.jpeg","datePublished":"2022-02-27T12:30:29+00:00","dateModified":"2022-02-27T15:02:12+00:00","author":{"@id":"https:\/\/exaudi.org\/#\/schema\/person\/f5fc8f063065e38742da7afe15f25df7"},"description":"Fraternidad\u00a0y\u00a0servicio: 2 palabras que el Papa Francisco considera que describen bien a los alpinos de Italia","breadcrumb":{"@id":"https:\/\/exaudi.org\/es\/2-palabras-papa-fraternidad-servicio\/#breadcrumb"},"inLanguage":"es","potentialAction":[{"@type":"ReadAction","target":["https:\/\/exaudi.org\/es\/2-palabras-papa-fraternidad-servicio\/"]}]},{"@type":"ImageObject","inLanguage":"es","@id":"https:\/\/exaudi.org\/es\/2-palabras-papa-fraternidad-servicio\/#primaryimage","url":"https:\/\/exaudi.org\/wp-content\/uploads\/2022\/02\/Asociacion-Nacional-Alpina.jpeg","contentUrl":"https:\/\/exaudi.org\/wp-content\/uploads\/2022\/02\/Asociacion-Nacional-Alpina.jpeg","width":1200,"height":800,"caption":"Asociaci\u00f3n Nacional Alpina \u00a9 Vatican Media"},{"@type":"BreadcrumbList","@id":"https:\/\/exaudi.org\/es\/2-palabras-papa-fraternidad-servicio\/#breadcrumb","itemListElement":[{"@type":"ListItem","position":1,"name":"Portada","item":"https:\/\/exaudi.org\/es\/"},{"@type":"ListItem","position":2,"name":"2 palabras del Papa a los alpinos: Fraternidad y servicio"}]},{"@type":"WebSite","@id":"https:\/\/exaudi.org\/#website","url":"https:\/\/exaudi.org\/","name":"Exaudi","description":"News","potentialAction":[{"@type":"SearchAction","target":{"@type":"EntryPoint","urlTemplate":"https:\/\/exaudi.org\/?s={search_term_string}"},"query-input":{"@type":"PropertyValueSpecification","valueRequired":true,"valueName":"search_term_string"}}],"inLanguage":"es"},{"@type":"Person","@id":"https:\/\/exaudi.org\/#\/schema\/person\/f5fc8f063065e38742da7afe15f25df7","name":"Exaudi Redacci\u00f3n","image":{"@type":"ImageObject","inLanguage":"es","@id":"https:\/\/secure.gravatar.com\/avatar\/fe0f6a059fb68d9b3e11bc5850dd4899b1c7492091a3cb6dd9b01b56ad828be2?s=96&d=mm&r=g","url":"https:\/\/secure.gravatar.com\/avatar\/fe0f6a059fb68d9b3e11bc5850dd4899b1c7492091a3cb6dd9b01b56ad828be2?s=96&d=mm&r=g","contentUrl":"https:\/\/secure.gravatar.com\/avatar\/fe0f6a059fb68d9b3e11bc5850dd4899b1c7492091a3cb6dd9b01b56ad828be2?s=96&d=mm&r=g","caption":"Exaudi Redacci\u00f3n"},"description":"\u00bfQu\u00e9 es Exaudi News? Exaudi News es un medio de comunicaci\u00f3n cat\u00f3lico internacional que informa, forma y transforma, diariamente en espa\u00f1ol, ingl\u00e9s e italiano. A trav\u00e9s de noticias, art\u00edculos de an\u00e1lisis y transmisiones en directo de los eventos del Papa, Exaudi busca fortalecer la unidad de los cristianos y contribuir a la evangelizaci\u00f3n del mundo, siempre guiados por la doctrina social de la Iglesia. Trabajamos para acercar la verdad y los valores cristianos a cada rinc\u00f3n del planeta. \u00a1Ay\u00fadanos a transformar el mundo con Exaudi! En Exaudi creemos que la evangelizaci\u00f3n y la informaci\u00f3n de calidad pueden cambiar vidas. Para continuar con nuestra misi\u00f3n y expandir nuestro alcance, necesitamos tu ayuda. Adem\u00e1s, buscamos personas comprometidas que deseen unirse a nuestro equipo. Con tu apoyo, lograremos llegar a m\u00e1s personas, difundir el mensaje de Cristo y reforzar la unidad de los cristianos. \u00bfTe unes a nuestra misi\u00f3n? Para m\u00e1s informaci\u00f3n sobre c\u00f3mo colaborar, visita Exaudi.org\/es o cont\u00e1ctanos directamente: info@exaudi.org Exaudi: Informa, forma y transforma.","sameAs":["https:\/\/www.facebook.com\/ExaudiNoticias\/","https:\/\/www.instagram.com\/exaudi_noticias\/","https:\/\/x.com\/Exaudi_noticias","https:\/\/www.youtube.com\/@exaudicatholicnews"],"url":"https:\/\/exaudi.org\/es\/author\/redaccionexaudi\/"}]}},"jetpack_featured_media_url":"https:\/\/exaudi.org\/wp-content\/uploads\/2022\/02\/Asociacion-Nacional-Alpina.jpeg","jetpack_shortlink":"https:\/\/wp.me\/pgKjF2-dSs","_links":{"self":[{"href":"https:\/\/exaudi.org\/es\/wp-json\/wp\/v2\/posts\/53348","targetHints":{"allow":["GET"]}}],"collection":[{"href":"https:\/\/exaudi.org\/es\/wp-json\/wp\/v2\/posts"}],"about":[{"href":"https:\/\/exaudi.org\/es\/wp-json\/wp\/v2\/types\/post"}],"author":[{"embeddable":true,"href":"https:\/\/exaudi.org\/es\/wp-json\/wp\/v2\/users\/15"}],"replies":[{"embeddable":true,"href":"https:\/\/exaudi.org\/es\/wp-json\/wp\/v2\/comments?post=53348"}],"version-history":[{"count":0,"href":"https:\/\/exaudi.org\/es\/wp-json\/wp\/v2\/posts\/53348\/revisions"}],"wp:featuredmedia":[{"embeddable":true,"href":"https:\/\/exaudi.org\/es\/wp-json\/wp\/v2\/media\/53368"}],"wp:attachment":[{"href":"https:\/\/exaudi.org\/es\/wp-json\/wp\/v2\/media?parent=53348"}],"wp:term":[{"taxonomy":"category","embeddable":true,"href":"https:\/\/exaudi.org\/es\/wp-json\/wp\/v2\/categories?post=53348"},{"taxonomy":"post_tag","embeddable":true,"href":"https:\/\/exaudi.org\/es\/wp-json\/wp\/v2\/tags?post=53348"}],"curies":[{"name":"wp","href":"https:\/\/api.w.org\/{rel}","templated":true}]}}