{"id":53266,"date":"2022-02-25T15:56:40","date_gmt":"2022-02-25T14:56:40","guid":{"rendered":"https:\/\/exaudi.org\/?p=53266"},"modified":"2022-02-26T21:51:08","modified_gmt":"2022-02-26T20:51:08","slug":"papa-expresa-inquietud-guerra-ucrania","status":"publish","type":"post","link":"https:\/\/exaudi.org\/es\/papa-expresa-inquietud-guerra-ucrania\/","title":{"rendered":"Papa a embajador ruso: Preocupaci\u00f3n por la guerra en Ucrania"},"content":{"rendered":"<p>Matteo Bruni, director de la Oficina de Prensa de la <a href=\"https:\/\/www.vatican.va\/content\/romancuria\/es.html\" target=\"_blank\" rel=\"noopener\">Santa Sede<\/a>, ha informado hoy, viernes 25 de febrero de 2022, que el Papa Francisco ha visitado la embajada de la Federaci\u00f3n Rusa ante la Santa Sede. La reuni\u00f3n de m\u00e1s de media hora, relata Vatican News, ha servido para que el Santo Padre expresase al embajador Avdeev su preocupaci\u00f3n por la guerra en Ucrania en vista de los \u00faltimos acontecimientos, que incluyen los recientes ataques militares de Rusia sobre el territorio eslavo.<\/p>\n<h2>Jornada de ayuno por la paz<\/h2>\n<p>El Papa comparti\u00f3 su \u201cgran dolor en el coraz\u00f3n por el empeoramiento de la situaci\u00f3n en Ucrania\u201d, e invit\u00f3 a \u201ccreyentes y no creyentes\u201d a una jornada de ayuno por la paz el pr\u00f3ximo 2 de marzo de 2022, Mi\u00e9rcoles de Ceniza, ya que Jes\u00fas \u201cnos ha ense\u00f1ado que a la diab\u00f3lica insensatez de la violencia se responde con las armas de Dios, con la oraci\u00f3n y el ayuno\u201d. Son palabras dirigidas al final de la <a href=\"https:\/\/exaudi.org\/es\/miercoles-ceniza-jornada-ayuno-paz-ucrania\/\" target=\"_blank\" rel=\"noopener\">audiencia general<\/a> del pasado mi\u00e9rcoles, 23 de febrero, previas al saludo a los fieles de lengua italiana.<\/p>\n<p>Asimismo, despu\u00e9s de la oraci\u00f3n del <a href=\"https:\/\/exaudi.org\/es\/el-papa-confia-la-paz-de-ucrania-a-la-virgen-maria\/\" target=\"_blank\" rel=\"noopener\">\u00c1ngelus<\/a> del domingo 13 de febrero, el Pont\u00edfice pidi\u00f3 rezar en silencio por Ucrania, encomendando todo esfuerzo por la paz a la Virgen y a la conciencia de los pol\u00edticos. En esta l\u00ednea, tambi\u00e9n agradeci\u00f3 \u201ca las personas de comunidades que el 26 de enero pasado se unieron a la oraci\u00f3n por la paz en Ucrania\u201d, al final de la <a href=\"https:\/\/exaudi.org\/es\/ucrania-papa-dialogo-serio-tensiones\/\" target=\"_blank\" rel=\"noopener\">audiencia general<\/a> del mi\u00e9rcoles d\u00eda 9. Suplic\u00f3 a Dios para que \u201clas tensiones y las amenazas de guerra sean superadas a trav\u00e9s de un di\u00e1logo serio\u201d y llam\u00f3 a no olvidar que \u201cla guerra es una locura\u201d.<\/p>\n","protected":false},"excerpt":{"rendered":"<p>Hoy ha visitado personalmente a Alexander Avdeev, embajador de Rusia ante la Santa Sede<\/p>\n","protected":false},"author":6,"featured_media":53270,"comment_status":"closed","ping_status":"closed","sticky":false,"template":"","format":"standard","meta":{"_acf_changed":false,"_crdt_document":"","inline_featured_image":false,"footnotes":""},"categories":[],"tags":[6012,1235],"class_list":["post-53266","post","type-post","status-publish","format-standard","has-post-thumbnail","hentry","tag-embajada-de-rusia-ante-la-santa-sede","tag-ucrania"],"acf":[],"yoast_head":"<!-- This site is optimized with the Yoast SEO plugin v27.5 - https:\/\/yoast.com\/product\/yoast-seo-wordpress\/ -->\n<title>Papa a embajador ruso: Preocupaci\u00f3n por la guerra en Ucrania<\/title>\n<meta name=\"description\" content=\"El Papa ha visitado la embajada de la Federaci\u00f3n Rusa ante la Santa Sede para mostrar su inquietud por la evoluci\u00f3n de la guerra en Ucrania.\" \/>\n<meta name=\"robots\" content=\"index, follow, max-snippet:-1, max-image-preview:large, max-video-preview:-1\" \/>\n<link rel=\"canonical\" href=\"https:\/\/exaudi.org\/es\/papa-expresa-inquietud-guerra-ucrania\/\" \/>\n<meta property=\"og:locale\" content=\"es_ES\" \/>\n<meta property=\"og:type\" content=\"article\" \/>\n<meta property=\"og:title\" content=\"Papa a embajador ruso: Preocupaci\u00f3n por la guerra en Ucrania\" \/>\n<meta property=\"og:description\" content=\"El Papa ha visitado la embajada de la Federaci\u00f3n Rusa ante la Santa Sede para mostrar su inquietud por la evoluci\u00f3n de la guerra en Ucrania.\" \/>\n<meta property=\"og:url\" content=\"https:\/\/exaudi.org\/es\/papa-expresa-inquietud-guerra-ucrania\/\" \/>\n<meta property=\"og:site_name\" content=\"Exaudi\" \/>\n<meta property=\"article:publisher\" content=\"https:\/\/www.facebook.com\/ExaudiNews\" \/>\n<meta property=\"article:published_time\" content=\"2022-02-25T14:56:40+00:00\" \/>\n<meta property=\"article:modified_time\" content=\"2022-02-26T20:51:08+00:00\" \/>\n<meta property=\"og:image\" content=\"https:\/\/exaudi.org\/wp-content\/uploads\/2022\/02\/papaucraniaembajadarusa.jpeg\" \/>\n\t<meta property=\"og:image:width\" content=\"1459\" \/>\n\t<meta property=\"og:image:height\" content=\"821\" \/>\n\t<meta property=\"og:image:type\" content=\"image\/jpeg\" \/>\n<meta name=\"author\" content=\"Gabriel Sales\" \/>\n<meta name=\"twitter:card\" content=\"summary_large_image\" \/>\n<meta name=\"twitter:creator\" content=\"@habemusman\" \/>\n<meta name=\"twitter:site\" content=\"@Exaudi_News\" \/>\n<meta name=\"twitter:label1\" content=\"Escrito por\" \/>\n\t<meta name=\"twitter:data1\" content=\"Gabriel Sales\" \/>\n\t<meta name=\"twitter:label2\" content=\"Tiempo de lectura\" \/>\n\t<meta name=\"twitter:data2\" content=\"2 minutos\" \/>\n<script type=\"application\/ld+json\" class=\"yoast-schema-graph\">{\"@context\":\"https:\\\/\\\/schema.org\",\"@graph\":[{\"@type\":\"Article\",\"@id\":\"https:\\\/\\\/exaudi.org\\\/es\\\/papa-expresa-inquietud-guerra-ucrania\\\/#article\",\"isPartOf\":{\"@id\":\"https:\\\/\\\/exaudi.org\\\/es\\\/papa-expresa-inquietud-guerra-ucrania\\\/\"},\"author\":{\"name\":\"Gabriel Sales\",\"@id\":\"https:\\\/\\\/exaudi.org\\\/#\\\/schema\\\/person\\\/d134b96438278131ce90c90c03fda6cd\"},\"headline\":\"Papa a embajador ruso: Preocupaci\u00f3n por la guerra en Ucrania\",\"datePublished\":\"2022-02-25T14:56:40+00:00\",\"dateModified\":\"2022-02-26T20:51:08+00:00\",\"mainEntityOfPage\":{\"@id\":\"https:\\\/\\\/exaudi.org\\\/es\\\/papa-expresa-inquietud-guerra-ucrania\\\/\"},\"wordCount\":312,\"image\":{\"@id\":\"https:\\\/\\\/exaudi.org\\\/es\\\/papa-expresa-inquietud-guerra-ucrania\\\/#primaryimage\"},\"thumbnailUrl\":\"https:\\\/\\\/exaudi.org\\\/wp-content\\\/uploads\\\/2022\\\/02\\\/papaucraniaembajadarusa.jpeg\",\"keywords\":[\"Embajada de Rusia ante la Santa Sede\",\"Ucrania\"],\"inLanguage\":\"es\"},{\"@type\":\"WebPage\",\"@id\":\"https:\\\/\\\/exaudi.org\\\/es\\\/papa-expresa-inquietud-guerra-ucrania\\\/\",\"url\":\"https:\\\/\\\/exaudi.org\\\/es\\\/papa-expresa-inquietud-guerra-ucrania\\\/\",\"name\":\"Papa a embajador ruso: Preocupaci\u00f3n por la guerra en Ucrania\",\"isPartOf\":{\"@id\":\"https:\\\/\\\/exaudi.org\\\/#website\"},\"primaryImageOfPage\":{\"@id\":\"https:\\\/\\\/exaudi.org\\\/es\\\/papa-expresa-inquietud-guerra-ucrania\\\/#primaryimage\"},\"image\":{\"@id\":\"https:\\\/\\\/exaudi.org\\\/es\\\/papa-expresa-inquietud-guerra-ucrania\\\/#primaryimage\"},\"thumbnailUrl\":\"https:\\\/\\\/exaudi.org\\\/wp-content\\\/uploads\\\/2022\\\/02\\\/papaucraniaembajadarusa.jpeg\",\"datePublished\":\"2022-02-25T14:56:40+00:00\",\"dateModified\":\"2022-02-26T20:51:08+00:00\",\"author\":{\"@id\":\"https:\\\/\\\/exaudi.org\\\/#\\\/schema\\\/person\\\/d134b96438278131ce90c90c03fda6cd\"},\"description\":\"El Papa ha visitado la embajada de la Federaci\u00f3n Rusa ante la Santa Sede para mostrar su inquietud por la evoluci\u00f3n de la guerra en Ucrania.\",\"breadcrumb\":{\"@id\":\"https:\\\/\\\/exaudi.org\\\/es\\\/papa-expresa-inquietud-guerra-ucrania\\\/#breadcrumb\"},\"inLanguage\":\"es\",\"potentialAction\":[{\"@type\":\"ReadAction\",\"target\":[\"https:\\\/\\\/exaudi.org\\\/es\\\/papa-expresa-inquietud-guerra-ucrania\\\/\"]}]},{\"@type\":\"ImageObject\",\"inLanguage\":\"es\",\"@id\":\"https:\\\/\\\/exaudi.org\\\/es\\\/papa-expresa-inquietud-guerra-ucrania\\\/#primaryimage\",\"url\":\"https:\\\/\\\/exaudi.org\\\/wp-content\\\/uploads\\\/2022\\\/02\\\/papaucraniaembajadarusa.jpeg\",\"contentUrl\":\"https:\\\/\\\/exaudi.org\\\/wp-content\\\/uploads\\\/2022\\\/02\\\/papaucraniaembajadarusa.jpeg\",\"width\":1459,\"height\":821,\"caption\":\"Papa Francisco \u00a9 Vatican Media\"},{\"@type\":\"BreadcrumbList\",\"@id\":\"https:\\\/\\\/exaudi.org\\\/es\\\/papa-expresa-inquietud-guerra-ucrania\\\/#breadcrumb\",\"itemListElement\":[{\"@type\":\"ListItem\",\"position\":1,\"name\":\"Portada\",\"item\":\"https:\\\/\\\/exaudi.org\\\/es\\\/\"},{\"@type\":\"ListItem\",\"position\":2,\"name\":\"Papa a embajador ruso: Preocupaci\u00f3n por la guerra en Ucrania\"}]},{\"@type\":\"WebSite\",\"@id\":\"https:\\\/\\\/exaudi.org\\\/#website\",\"url\":\"https:\\\/\\\/exaudi.org\\\/\",\"name\":\"Exaudi\",\"description\":\"News\",\"potentialAction\":[{\"@type\":\"SearchAction\",\"target\":{\"@type\":\"EntryPoint\",\"urlTemplate\":\"https:\\\/\\\/exaudi.org\\\/?s={search_term_string}\"},\"query-input\":{\"@type\":\"PropertyValueSpecification\",\"valueRequired\":true,\"valueName\":\"search_term_string\"}}],\"inLanguage\":\"es\"},{\"@type\":\"Person\",\"@id\":\"https:\\\/\\\/exaudi.org\\\/#\\\/schema\\\/person\\\/d134b96438278131ce90c90c03fda6cd\",\"name\":\"Gabriel Sales\",\"image\":{\"@type\":\"ImageObject\",\"inLanguage\":\"es\",\"@id\":\"https:\\\/\\\/secure.gravatar.com\\\/avatar\\\/9b1269566f6a063ed26ffb3532b66a373cdde231ce5d0effb266167437fdaffd?s=96&d=mm&r=g\",\"url\":\"https:\\\/\\\/secure.gravatar.com\\\/avatar\\\/9b1269566f6a063ed26ffb3532b66a373cdde231ce5d0effb266167437fdaffd?s=96&d=mm&r=g\",\"contentUrl\":\"https:\\\/\\\/secure.gravatar.com\\\/avatar\\\/9b1269566f6a063ed26ffb3532b66a373cdde231ce5d0effb266167437fdaffd?s=96&d=mm&r=g\",\"caption\":\"Gabriel Sales\"},\"description\":\"Periodista y especialista en Comunicaci\u00f3n y Branding digital. Cin\u00e9filo y cr\u00edtico de cine y series de televisi\u00f3n.\",\"sameAs\":[\"https:\\\/\\\/www.instagram.com\\\/cine90segundos\\\/\",\"www.linkedin.com\\\/in\\\/habemusman\",\"https:\\\/\\\/x.com\\\/habemusman\",\"https:\\\/\\\/www.youtube.com\\\/channel\\\/UCVfCiOMkJ_C7T7OpyjuaLDg\"],\"url\":\"https:\\\/\\\/exaudi.org\\\/es\\\/author\\\/gsalesexaudi-org\\\/\"}]}<\/script>\n<!-- \/ Yoast SEO plugin. -->","yoast_head_json":{"title":"Papa a embajador ruso: Preocupaci\u00f3n por la guerra en Ucrania","description":"El Papa ha visitado la embajada de la Federaci\u00f3n Rusa ante la Santa Sede para mostrar su inquietud por la evoluci\u00f3n de la guerra en Ucrania.","robots":{"index":"index","follow":"follow","max-snippet":"max-snippet:-1","max-image-preview":"max-image-preview:large","max-video-preview":"max-video-preview:-1"},"canonical":"https:\/\/exaudi.org\/es\/papa-expresa-inquietud-guerra-ucrania\/","og_locale":"es_ES","og_type":"article","og_title":"Papa a embajador ruso: Preocupaci\u00f3n por la guerra en Ucrania","og_description":"El Papa ha visitado la embajada de la Federaci\u00f3n Rusa ante la Santa Sede para mostrar su inquietud por la evoluci\u00f3n de la guerra en Ucrania.","og_url":"https:\/\/exaudi.org\/es\/papa-expresa-inquietud-guerra-ucrania\/","og_site_name":"Exaudi","article_publisher":"https:\/\/www.facebook.com\/ExaudiNews","article_published_time":"2022-02-25T14:56:40+00:00","article_modified_time":"2022-02-26T20:51:08+00:00","og_image":[{"width":1459,"height":821,"url":"https:\/\/exaudi.org\/wp-content\/uploads\/2022\/02\/papaucraniaembajadarusa.jpeg","type":"image\/jpeg"}],"author":"Gabriel Sales","twitter_card":"summary_large_image","twitter_creator":"@habemusman","twitter_site":"@Exaudi_News","twitter_misc":{"Escrito por":"Gabriel Sales","Tiempo de lectura":"2 minutos"},"schema":{"@context":"https:\/\/schema.org","@graph":[{"@type":"Article","@id":"https:\/\/exaudi.org\/es\/papa-expresa-inquietud-guerra-ucrania\/#article","isPartOf":{"@id":"https:\/\/exaudi.org\/es\/papa-expresa-inquietud-guerra-ucrania\/"},"author":{"name":"Gabriel Sales","@id":"https:\/\/exaudi.org\/#\/schema\/person\/d134b96438278131ce90c90c03fda6cd"},"headline":"Papa a embajador ruso: Preocupaci\u00f3n por la guerra en Ucrania","datePublished":"2022-02-25T14:56:40+00:00","dateModified":"2022-02-26T20:51:08+00:00","mainEntityOfPage":{"@id":"https:\/\/exaudi.org\/es\/papa-expresa-inquietud-guerra-ucrania\/"},"wordCount":312,"image":{"@id":"https:\/\/exaudi.org\/es\/papa-expresa-inquietud-guerra-ucrania\/#primaryimage"},"thumbnailUrl":"https:\/\/exaudi.org\/wp-content\/uploads\/2022\/02\/papaucraniaembajadarusa.jpeg","keywords":["Embajada de Rusia ante la Santa Sede","Ucrania"],"inLanguage":"es"},{"@type":"WebPage","@id":"https:\/\/exaudi.org\/es\/papa-expresa-inquietud-guerra-ucrania\/","url":"https:\/\/exaudi.org\/es\/papa-expresa-inquietud-guerra-ucrania\/","name":"Papa a embajador ruso: Preocupaci\u00f3n por la guerra en Ucrania","isPartOf":{"@id":"https:\/\/exaudi.org\/#website"},"primaryImageOfPage":{"@id":"https:\/\/exaudi.org\/es\/papa-expresa-inquietud-guerra-ucrania\/#primaryimage"},"image":{"@id":"https:\/\/exaudi.org\/es\/papa-expresa-inquietud-guerra-ucrania\/#primaryimage"},"thumbnailUrl":"https:\/\/exaudi.org\/wp-content\/uploads\/2022\/02\/papaucraniaembajadarusa.jpeg","datePublished":"2022-02-25T14:56:40+00:00","dateModified":"2022-02-26T20:51:08+00:00","author":{"@id":"https:\/\/exaudi.org\/#\/schema\/person\/d134b96438278131ce90c90c03fda6cd"},"description":"El Papa ha visitado la embajada de la Federaci\u00f3n Rusa ante la Santa Sede para mostrar su inquietud por la evoluci\u00f3n de la guerra en Ucrania.","breadcrumb":{"@id":"https:\/\/exaudi.org\/es\/papa-expresa-inquietud-guerra-ucrania\/#breadcrumb"},"inLanguage":"es","potentialAction":[{"@type":"ReadAction","target":["https:\/\/exaudi.org\/es\/papa-expresa-inquietud-guerra-ucrania\/"]}]},{"@type":"ImageObject","inLanguage":"es","@id":"https:\/\/exaudi.org\/es\/papa-expresa-inquietud-guerra-ucrania\/#primaryimage","url":"https:\/\/exaudi.org\/wp-content\/uploads\/2022\/02\/papaucraniaembajadarusa.jpeg","contentUrl":"https:\/\/exaudi.org\/wp-content\/uploads\/2022\/02\/papaucraniaembajadarusa.jpeg","width":1459,"height":821,"caption":"Papa Francisco \u00a9 Vatican Media"},{"@type":"BreadcrumbList","@id":"https:\/\/exaudi.org\/es\/papa-expresa-inquietud-guerra-ucrania\/#breadcrumb","itemListElement":[{"@type":"ListItem","position":1,"name":"Portada","item":"https:\/\/exaudi.org\/es\/"},{"@type":"ListItem","position":2,"name":"Papa a embajador ruso: Preocupaci\u00f3n por la guerra en Ucrania"}]},{"@type":"WebSite","@id":"https:\/\/exaudi.org\/#website","url":"https:\/\/exaudi.org\/","name":"Exaudi","description":"News","potentialAction":[{"@type":"SearchAction","target":{"@type":"EntryPoint","urlTemplate":"https:\/\/exaudi.org\/?s={search_term_string}"},"query-input":{"@type":"PropertyValueSpecification","valueRequired":true,"valueName":"search_term_string"}}],"inLanguage":"es"},{"@type":"Person","@id":"https:\/\/exaudi.org\/#\/schema\/person\/d134b96438278131ce90c90c03fda6cd","name":"Gabriel Sales","image":{"@type":"ImageObject","inLanguage":"es","@id":"https:\/\/secure.gravatar.com\/avatar\/9b1269566f6a063ed26ffb3532b66a373cdde231ce5d0effb266167437fdaffd?s=96&d=mm&r=g","url":"https:\/\/secure.gravatar.com\/avatar\/9b1269566f6a063ed26ffb3532b66a373cdde231ce5d0effb266167437fdaffd?s=96&d=mm&r=g","contentUrl":"https:\/\/secure.gravatar.com\/avatar\/9b1269566f6a063ed26ffb3532b66a373cdde231ce5d0effb266167437fdaffd?s=96&d=mm&r=g","caption":"Gabriel Sales"},"description":"Periodista y especialista en Comunicaci\u00f3n y Branding digital. Cin\u00e9filo y cr\u00edtico de cine y series de televisi\u00f3n.","sameAs":["https:\/\/www.instagram.com\/cine90segundos\/","www.linkedin.com\/in\/habemusman","https:\/\/x.com\/habemusman","https:\/\/www.youtube.com\/channel\/UCVfCiOMkJ_C7T7OpyjuaLDg"],"url":"https:\/\/exaudi.org\/es\/author\/gsalesexaudi-org\/"}]}},"jetpack_featured_media_url":"https:\/\/exaudi.org\/wp-content\/uploads\/2022\/02\/papaucraniaembajadarusa.jpeg","jetpack_shortlink":"https:\/\/wp.me\/pgKjF2-dR8","_links":{"self":[{"href":"https:\/\/exaudi.org\/es\/wp-json\/wp\/v2\/posts\/53266","targetHints":{"allow":["GET"]}}],"collection":[{"href":"https:\/\/exaudi.org\/es\/wp-json\/wp\/v2\/posts"}],"about":[{"href":"https:\/\/exaudi.org\/es\/wp-json\/wp\/v2\/types\/post"}],"author":[{"embeddable":true,"href":"https:\/\/exaudi.org\/es\/wp-json\/wp\/v2\/users\/6"}],"replies":[{"embeddable":true,"href":"https:\/\/exaudi.org\/es\/wp-json\/wp\/v2\/comments?post=53266"}],"version-history":[{"count":0,"href":"https:\/\/exaudi.org\/es\/wp-json\/wp\/v2\/posts\/53266\/revisions"}],"wp:featuredmedia":[{"embeddable":true,"href":"https:\/\/exaudi.org\/es\/wp-json\/wp\/v2\/media\/53270"}],"wp:attachment":[{"href":"https:\/\/exaudi.org\/es\/wp-json\/wp\/v2\/media?parent=53266"}],"wp:term":[{"taxonomy":"category","embeddable":true,"href":"https:\/\/exaudi.org\/es\/wp-json\/wp\/v2\/categories?post=53266"},{"taxonomy":"post_tag","embeddable":true,"href":"https:\/\/exaudi.org\/es\/wp-json\/wp\/v2\/tags?post=53266"}],"curies":[{"name":"wp","href":"https:\/\/api.w.org\/{rel}","templated":true}]}}