{"id":53256,"date":"2022-02-25T14:22:10","date_gmt":"2022-02-25T13:22:10","guid":{"rendered":"https:\/\/exaudi.org\/?p=53256"},"modified":"2022-02-25T14:22:10","modified_gmt":"2022-02-25T13:22:10","slug":"aguchita-sembrando-noticias-peru","status":"publish","type":"post","link":"https:\/\/exaudi.org\/es\/aguchita-sembrando-noticias-peru\/","title":{"rendered":"\u201cAguchita\u201d sigue sembrando buenas noticias en Per\u00fa"},"content":{"rendered":"<p>Pese a que una bala atraves\u00f3 su cerebro, <a href=\"https:\/\/exaudi.org\/es\/estreno-del-documental-aguchita-misionera-y-martir-peruana\/\" target=\"_blank\" rel=\"noopener\">\u201cAguchita\u201d vive<\/a>. La noticia qued\u00f3 desvelada un 27 de setiembre de 1990, cuando su coraz\u00f3n estall\u00f3, pero de amor. Y es que desbordaba de aquel sentimiento, casi a diario, cuando con alegr\u00eda y saz\u00f3n, sol\u00eda compartir la preparaci\u00f3n de dulces rodeada de ni\u00f1os en La Florida, en la Selva de Jun\u00edn (Per\u00fa), lugar donde al realizar su misi\u00f3n encontr\u00f3 la muerte.<\/p>\n<p><span style=\"font-weight: 400\">Natural de Coracora provincia de Ayacucho, Mar\u00eda Agustina de Jes\u00fas Rivas L\u00f3pez, religiosa de <a href=\"https:\/\/rgs.gssweb.org\/es\" target=\"_blank\" rel=\"noopener\">Nuestra Se\u00f1ora de la Caridad del Buen Pastor<\/a>, se convierte as\u00ed en la \u201cbuena noticia\u201d. Hija de los \u201cAndes peruanos\u201d, es la mujer que pone en acci\u00f3n el amor en su total dimensi\u00f3n. As\u00ed se narra en el reciente libro Aguchita: \u201cLa muerte no se improvisa, el amor es nuestra vocaci\u00f3n\u201d, escrito por el presb\u00edtero Luis Alfonso Tapia Iba\u00f1ez, encargado de escuchar los testimonios de los testigos incluidos en el proceso de beatificaci\u00f3n.<\/span><\/p>\n<h2><b>La alegr\u00eda de vivir del amor<\/b><\/h2>\n<p><img loading=\"lazy\" decoding=\"async\" class=\"alignleft size-medium wp-image-53260\" src=\"https:\/\/exaudi.org\/wp-content\/uploads\/2022\/02\/WhatsApp-Image-2022-02-25-at-09.04.17-169x300.jpeg\" alt=\"Aguchita Per\u00fa\" width=\"169\" height=\"300\" srcset=\"https:\/\/exaudi.org\/wp-content\/uploads\/2022\/02\/WhatsApp-Image-2022-02-25-at-09.04.17-169x300.jpeg 169w, https:\/\/exaudi.org\/wp-content\/uploads\/2022\/02\/WhatsApp-Image-2022-02-25-at-09.04.17-576x1024.jpeg 576w, https:\/\/exaudi.org\/wp-content\/uploads\/2022\/02\/WhatsApp-Image-2022-02-25-at-09.04.17-770x1369.jpeg 770w, https:\/\/exaudi.org\/wp-content\/uploads\/2022\/02\/WhatsApp-Image-2022-02-25-at-09.04.17-864x1536.jpeg 864w, https:\/\/exaudi.org\/wp-content\/uploads\/2022\/02\/WhatsApp-Image-2022-02-25-at-09.04.17-500x889.jpeg 500w, https:\/\/exaudi.org\/wp-content\/uploads\/2022\/02\/WhatsApp-Image-2022-02-25-at-09.04.17-293x521.jpeg 293w, https:\/\/exaudi.org\/wp-content\/uploads\/2022\/02\/WhatsApp-Image-2022-02-25-at-09.04.17-390x693.jpeg 390w, https:\/\/exaudi.org\/wp-content\/uploads\/2022\/02\/WhatsApp-Image-2022-02-25-at-09.04.17.jpeg 900w\" sizes=\"auto, (max-width: 169px) 100vw, 169px\" \/><\/p>\n<p><span style=\"font-weight: 400\">Tras lograr acopiar las principales revelaciones de quienes caminaron con la \u201csanta de a pie\u201d el autor de esta obra testimonial confes\u00f3 que ella le habl\u00f3 quedo al o\u00eddo para decirle \u201cNo puedes terminar lo que est\u00e1s haciendo, sino intentas hacerlo\u201d. Escribir el libro, lo conmovi\u00f3 y removi\u00f3. \u201cLa santa de la puerta de a lado\u201d, como destaca el papa Francisco (en su exhortaci\u00f3n apost\u00f3lica Gaudete et Exsultate), -me habl\u00f3-. -Yo solo ten\u00eda que obedecer- cont\u00f3 durante una entrevista para Exaudi.<\/span><\/p>\n<p><span style=\"font-weight: 400\">La obra describe los momentos vividos en el coraz\u00f3n de la selva central a 727 m s.n.m. en el h\u00e1bitat de las naciones amaz\u00f3nicas, pueblos originarios, Nomatsigengas, Yaneshas y Ashaninkas, por quienes Mar\u00eda Agustina gastaba la vida. Desde remendar, o preparar abono con restos de c\u00e1scaras y hojas, hasta insecticida con aj\u00ed y rocoto, cualquier aprendizaje era \u00fatil para las madres en la zona. Sol\u00eda decirle a los ni\u00f1os y j\u00f3venes \u201c la profesora no est\u00e1 en las escuelas sino, m\u00e1s bien en el hogar\u201d.\u00a0<\/span><\/p>\n<p><span style=\"font-weight: 400\">\u201cAguchita\u201d, supo ganarse el t\u00edtulo de maestra sin haber estudiado pedagog\u00eda, como se precisa en el libro, prologado por monse\u00f1or Salvador Pi\u00f1eiro, arzobispo de Ayacucho.<\/span><\/p>\n<h2><b>La santa de las peque\u00f1as cosas\u00a0<\/b><\/h2>\n<p><img loading=\"lazy\" decoding=\"async\" class=\"alignright size-medium wp-image-53263\" src=\"https:\/\/exaudi.org\/wp-content\/uploads\/2022\/02\/WhatsApp-Image-2022-02-25-at-09.04.17-1-300x169.jpeg\" alt=\"Aguchita Per\u00fa\" width=\"300\" height=\"169\" srcset=\"https:\/\/exaudi.org\/wp-content\/uploads\/2022\/02\/WhatsApp-Image-2022-02-25-at-09.04.17-1-300x169.jpeg 300w, https:\/\/exaudi.org\/wp-content\/uploads\/2022\/02\/WhatsApp-Image-2022-02-25-at-09.04.17-1-1024x576.jpeg 1024w, https:\/\/exaudi.org\/wp-content\/uploads\/2022\/02\/WhatsApp-Image-2022-02-25-at-09.04.17-1-770x433.jpeg 770w, https:\/\/exaudi.org\/wp-content\/uploads\/2022\/02\/WhatsApp-Image-2022-02-25-at-09.04.17-1-1536x864.jpeg 1536w, https:\/\/exaudi.org\/wp-content\/uploads\/2022\/02\/WhatsApp-Image-2022-02-25-at-09.04.17-1-500x281.jpeg 500w, https:\/\/exaudi.org\/wp-content\/uploads\/2022\/02\/WhatsApp-Image-2022-02-25-at-09.04.17-1-293x165.jpeg 293w, https:\/\/exaudi.org\/wp-content\/uploads\/2022\/02\/WhatsApp-Image-2022-02-25-at-09.04.17-1-1400x788.jpeg 1400w, https:\/\/exaudi.org\/wp-content\/uploads\/2022\/02\/WhatsApp-Image-2022-02-25-at-09.04.17-1-390x219.jpeg 390w, https:\/\/exaudi.org\/wp-content\/uploads\/2022\/02\/WhatsApp-Image-2022-02-25-at-09.04.17-1.jpeg 1600w\" sizes=\"auto, (max-width: 300px) 100vw, 300px\" \/><\/p>\n<p><span style=\"font-weight: 400\">Apasionada por poner en pr\u00e1ctica la caridad. Seg\u00fan lo revela en el libro, la religiosa Matilde Villegas, la inquieta novicia prefer\u00eda distribuir alimentos a los m\u00e1s pobres, en lugar de salir a tomar el fresco de la tarde, en sus horas de descanso.<\/span><\/p>\n<p><span style=\"font-weight: 400\">Este trabajo bibliogr\u00e1fico fue comentado en un conversatorio donde se destac\u00f3 la capacidad de la futura beata para valorar las cosas peque\u00f1as. En este evento particip\u00f3 el responsable del proceso de beatificaci\u00f3n monse\u00f1or Gerardo Zerd\u00edn Obispo Vicario Apost\u00f3lico de San Ram\u00f3n, el historiador Jos\u00e9 Antonio Benito, y el autor del libro el sacerdote Alfonso Tapia, as\u00ed\u00a0 como la superiora provincial de la congregaci\u00f3n Marlene Acosta, y el Arzobispo de Ayacucho monse\u00f1or Salvador Pi\u00f1eiro quien anunci\u00f3 la realizaci\u00f3n de una peregrinaci\u00f3n hacia su ciudad natal tras su beatificaci\u00f3n el 7 de mayo en el lugar de su martirio<\/span><\/p>\n<p><span style=\"font-weight: 400\">\u201cAguchita\u201d, la nueva beata peruana, vive en cada acto de amor hacia los m\u00e1s necesitados.<\/span><\/p>\n","protected":false},"excerpt":{"rendered":"<p>Religiosa del buen pastor, ser\u00e1 beatificada en mayo pr\u00f3ximo<\/p>\n","protected":false},"author":39,"featured_media":53257,"comment_status":"closed","ping_status":"closed","sticky":false,"template":"","format":"standard","meta":{"_acf_changed":false,"_crdt_document":"","inline_featured_image":false,"footnotes":""},"categories":[98],"tags":[2034,2445],"class_list":["post-53256","post","type-post","status-publish","format-standard","has-post-thumbnail","hentry","category-testimonios","tag-beatificacion","tag-sor-aguchita"],"acf":[],"yoast_head":"<!-- This site is optimized with the Yoast SEO plugin v27.5 - https:\/\/yoast.com\/product\/yoast-seo-wordpress\/ -->\n<title>\u201cAguchita\u201d sigue sembrando buenas noticias en Per\u00fa &#8211; Exaudi<\/title>\n<meta name=\"description\" content=\"Pese a que una bala atraves\u00f3 su cerebro, Aguchita (Per\u00fa) vive. La noticia qued\u00f3 desvelada en 1990, cuando su coraz\u00f3n estall\u00f3 de amor.\" \/>\n<meta name=\"robots\" content=\"index, follow, max-snippet:-1, max-image-preview:large, max-video-preview:-1\" \/>\n<link rel=\"canonical\" href=\"https:\/\/exaudi.org\/es\/aguchita-sembrando-noticias-peru\/\" \/>\n<meta property=\"og:locale\" content=\"es_ES\" \/>\n<meta property=\"og:type\" content=\"article\" \/>\n<meta property=\"og:title\" content=\"\u201cAguchita\u201d sigue sembrando buenas noticias en Per\u00fa &#8211; Exaudi\" \/>\n<meta property=\"og:description\" content=\"Pese a que una bala atraves\u00f3 su cerebro, Aguchita (Per\u00fa) vive. La noticia qued\u00f3 desvelada en 1990, cuando su coraz\u00f3n estall\u00f3 de amor.\" \/>\n<meta property=\"og:url\" content=\"https:\/\/exaudi.org\/es\/aguchita-sembrando-noticias-peru\/\" \/>\n<meta property=\"og:site_name\" content=\"Exaudi\" \/>\n<meta property=\"article:publisher\" content=\"https:\/\/www.facebook.com\/ExaudiNews\" \/>\n<meta property=\"article:published_time\" content=\"2022-02-25T13:22:10+00:00\" \/>\n<meta property=\"og:image\" content=\"https:\/\/exaudi.org\/wp-content\/uploads\/2022\/02\/WhatsApp-Image-2022-02-25-at-09.04.18.jpeg\" \/>\n\t<meta property=\"og:image:width\" content=\"1413\" \/>\n\t<meta property=\"og:image:height\" content=\"1161\" \/>\n\t<meta property=\"og:image:type\" content=\"image\/jpeg\" \/>\n<meta name=\"author\" content=\"Esther N\u00fa\u00f1ez\" \/>\n<meta name=\"twitter:card\" content=\"summary_large_image\" \/>\n<meta name=\"twitter:creator\" content=\"@Exaudi_News\" \/>\n<meta name=\"twitter:site\" content=\"@Exaudi_News\" \/>\n<meta name=\"twitter:label1\" content=\"Escrito por\" \/>\n\t<meta name=\"twitter:data1\" content=\"Esther N\u00fa\u00f1ez\" \/>\n\t<meta name=\"twitter:label2\" content=\"Tiempo de lectura\" \/>\n\t<meta name=\"twitter:data2\" content=\"3 minutos\" \/>\n<script type=\"application\/ld+json\" class=\"yoast-schema-graph\">{\"@context\":\"https:\\\/\\\/schema.org\",\"@graph\":[{\"@type\":\"Article\",\"@id\":\"https:\\\/\\\/exaudi.org\\\/es\\\/aguchita-sembrando-noticias-peru\\\/#article\",\"isPartOf\":{\"@id\":\"https:\\\/\\\/exaudi.org\\\/es\\\/aguchita-sembrando-noticias-peru\\\/\"},\"author\":{\"name\":\"Esther N\u00fa\u00f1ez\",\"@id\":\"https:\\\/\\\/exaudi.org\\\/#\\\/schema\\\/person\\\/7105d7735b2bf8c31e7cf8784351ebbc\"},\"headline\":\"\u201cAguchita\u201d sigue sembrando buenas noticias en Per\u00fa\",\"datePublished\":\"2022-02-25T13:22:10+00:00\",\"mainEntityOfPage\":{\"@id\":\"https:\\\/\\\/exaudi.org\\\/es\\\/aguchita-sembrando-noticias-peru\\\/\"},\"wordCount\":575,\"image\":{\"@id\":\"https:\\\/\\\/exaudi.org\\\/es\\\/aguchita-sembrando-noticias-peru\\\/#primaryimage\"},\"thumbnailUrl\":\"https:\\\/\\\/exaudi.org\\\/wp-content\\\/uploads\\\/2022\\\/02\\\/WhatsApp-Image-2022-02-25-at-09.04.18.jpeg\",\"keywords\":[\"Beatificaci\u00f3n\",\"Sor Aguchita\"],\"articleSection\":[\"Testimonios\"],\"inLanguage\":\"es\"},{\"@type\":\"WebPage\",\"@id\":\"https:\\\/\\\/exaudi.org\\\/es\\\/aguchita-sembrando-noticias-peru\\\/\",\"url\":\"https:\\\/\\\/exaudi.org\\\/es\\\/aguchita-sembrando-noticias-peru\\\/\",\"name\":\"\u201cAguchita\u201d sigue sembrando buenas noticias en Per\u00fa &#8211; Exaudi\",\"isPartOf\":{\"@id\":\"https:\\\/\\\/exaudi.org\\\/#website\"},\"primaryImageOfPage\":{\"@id\":\"https:\\\/\\\/exaudi.org\\\/es\\\/aguchita-sembrando-noticias-peru\\\/#primaryimage\"},\"image\":{\"@id\":\"https:\\\/\\\/exaudi.org\\\/es\\\/aguchita-sembrando-noticias-peru\\\/#primaryimage\"},\"thumbnailUrl\":\"https:\\\/\\\/exaudi.org\\\/wp-content\\\/uploads\\\/2022\\\/02\\\/WhatsApp-Image-2022-02-25-at-09.04.18.jpeg\",\"datePublished\":\"2022-02-25T13:22:10+00:00\",\"author\":{\"@id\":\"https:\\\/\\\/exaudi.org\\\/#\\\/schema\\\/person\\\/7105d7735b2bf8c31e7cf8784351ebbc\"},\"description\":\"Pese a que una bala atraves\u00f3 su cerebro, Aguchita (Per\u00fa) vive. La noticia qued\u00f3 desvelada en 1990, cuando su coraz\u00f3n estall\u00f3 de amor.\",\"breadcrumb\":{\"@id\":\"https:\\\/\\\/exaudi.org\\\/es\\\/aguchita-sembrando-noticias-peru\\\/#breadcrumb\"},\"inLanguage\":\"es\",\"potentialAction\":[{\"@type\":\"ReadAction\",\"target\":[\"https:\\\/\\\/exaudi.org\\\/es\\\/aguchita-sembrando-noticias-peru\\\/\"]}]},{\"@type\":\"ImageObject\",\"inLanguage\":\"es\",\"@id\":\"https:\\\/\\\/exaudi.org\\\/es\\\/aguchita-sembrando-noticias-peru\\\/#primaryimage\",\"url\":\"https:\\\/\\\/exaudi.org\\\/wp-content\\\/uploads\\\/2022\\\/02\\\/WhatsApp-Image-2022-02-25-at-09.04.18.jpeg\",\"contentUrl\":\"https:\\\/\\\/exaudi.org\\\/wp-content\\\/uploads\\\/2022\\\/02\\\/WhatsApp-Image-2022-02-25-at-09.04.18.jpeg\",\"width\":1413,\"height\":1161,\"caption\":\"Aguchita Per\u00fa\"},{\"@type\":\"BreadcrumbList\",\"@id\":\"https:\\\/\\\/exaudi.org\\\/es\\\/aguchita-sembrando-noticias-peru\\\/#breadcrumb\",\"itemListElement\":[{\"@type\":\"ListItem\",\"position\":1,\"name\":\"Portada\",\"item\":\"https:\\\/\\\/exaudi.org\\\/es\\\/\"},{\"@type\":\"ListItem\",\"position\":2,\"name\":\"\u201cAguchita\u201d sigue sembrando buenas noticias en Per\u00fa\"}]},{\"@type\":\"WebSite\",\"@id\":\"https:\\\/\\\/exaudi.org\\\/#website\",\"url\":\"https:\\\/\\\/exaudi.org\\\/\",\"name\":\"Exaudi\",\"description\":\"News\",\"potentialAction\":[{\"@type\":\"SearchAction\",\"target\":{\"@type\":\"EntryPoint\",\"urlTemplate\":\"https:\\\/\\\/exaudi.org\\\/?s={search_term_string}\"},\"query-input\":{\"@type\":\"PropertyValueSpecification\",\"valueRequired\":true,\"valueName\":\"search_term_string\"}}],\"inLanguage\":\"es\"},{\"@type\":\"Person\",\"@id\":\"https:\\\/\\\/exaudi.org\\\/#\\\/schema\\\/person\\\/7105d7735b2bf8c31e7cf8784351ebbc\",\"name\":\"Esther N\u00fa\u00f1ez\",\"image\":{\"@type\":\"ImageObject\",\"inLanguage\":\"es\",\"@id\":\"https:\\\/\\\/secure.gravatar.com\\\/avatar\\\/856566533d218d9d7b852b03a545bc963463ade36cec448d0cba38a2d59be800?s=96&d=mm&r=g\",\"url\":\"https:\\\/\\\/secure.gravatar.com\\\/avatar\\\/856566533d218d9d7b852b03a545bc963463ade36cec448d0cba38a2d59be800?s=96&d=mm&r=g\",\"contentUrl\":\"https:\\\/\\\/secure.gravatar.com\\\/avatar\\\/856566533d218d9d7b852b03a545bc963463ade36cec448d0cba38a2d59be800?s=96&d=mm&r=g\",\"caption\":\"Esther N\u00fa\u00f1ez\"},\"description\":\"Lima, Per\u00fa Periodista colegiada con ejercicio de la profesi\u00f3n desde 2001. Licenciada en periodismo por la Universidad Jaime Bausate y Meza, de Lima. Estudios complementarios en Teolog\u00eda, Filosof\u00eda, Comunicaci\u00f3n Digital; as\u00ed como en Conducci\u00f3n de noticieros y producci\u00f3n audiovisual. Con preparaci\u00f3n adicional en doctrina social de la Iglesia, comunicaci\u00f3n institucional en el sector p\u00fablico y eclesial. Ha ejercido tareas como imagen institucional en la Oficina de Educaci\u00f3n de la Conferencia Episcopal Peruana. Asimismo, Jefa de prensa de un canal y editora de dos revistas impresas. Experiencia en la realizaci\u00f3n de talleres de redacci\u00f3n, as\u00ed como en corresponsal\u00edas de agencias y portales web, direcci\u00f3n, producci\u00f3n y conducci\u00f3n de programas de radio y televisi\u00f3n. Desde 2020 colabora como periodista en el Instituto de Radio y Televisi\u00f3n del Per\u00fa.\",\"url\":\"https:\\\/\\\/exaudi.org\\\/es\\\/author\\\/esthernunez\\\/\"}]}<\/script>\n<!-- \/ Yoast SEO plugin. -->","yoast_head_json":{"title":"\u201cAguchita\u201d sigue sembrando buenas noticias en Per\u00fa &#8211; Exaudi","description":"Pese a que una bala atraves\u00f3 su cerebro, Aguchita (Per\u00fa) vive. La noticia qued\u00f3 desvelada en 1990, cuando su coraz\u00f3n estall\u00f3 de amor.","robots":{"index":"index","follow":"follow","max-snippet":"max-snippet:-1","max-image-preview":"max-image-preview:large","max-video-preview":"max-video-preview:-1"},"canonical":"https:\/\/exaudi.org\/es\/aguchita-sembrando-noticias-peru\/","og_locale":"es_ES","og_type":"article","og_title":"\u201cAguchita\u201d sigue sembrando buenas noticias en Per\u00fa &#8211; Exaudi","og_description":"Pese a que una bala atraves\u00f3 su cerebro, Aguchita (Per\u00fa) vive. La noticia qued\u00f3 desvelada en 1990, cuando su coraz\u00f3n estall\u00f3 de amor.","og_url":"https:\/\/exaudi.org\/es\/aguchita-sembrando-noticias-peru\/","og_site_name":"Exaudi","article_publisher":"https:\/\/www.facebook.com\/ExaudiNews","article_published_time":"2022-02-25T13:22:10+00:00","og_image":[{"width":1413,"height":1161,"url":"https:\/\/exaudi.org\/wp-content\/uploads\/2022\/02\/WhatsApp-Image-2022-02-25-at-09.04.18.jpeg","type":"image\/jpeg"}],"author":"Esther N\u00fa\u00f1ez","twitter_card":"summary_large_image","twitter_creator":"@Exaudi_News","twitter_site":"@Exaudi_News","twitter_misc":{"Escrito por":"Esther N\u00fa\u00f1ez","Tiempo de lectura":"3 minutos"},"schema":{"@context":"https:\/\/schema.org","@graph":[{"@type":"Article","@id":"https:\/\/exaudi.org\/es\/aguchita-sembrando-noticias-peru\/#article","isPartOf":{"@id":"https:\/\/exaudi.org\/es\/aguchita-sembrando-noticias-peru\/"},"author":{"name":"Esther N\u00fa\u00f1ez","@id":"https:\/\/exaudi.org\/#\/schema\/person\/7105d7735b2bf8c31e7cf8784351ebbc"},"headline":"\u201cAguchita\u201d sigue sembrando buenas noticias en Per\u00fa","datePublished":"2022-02-25T13:22:10+00:00","mainEntityOfPage":{"@id":"https:\/\/exaudi.org\/es\/aguchita-sembrando-noticias-peru\/"},"wordCount":575,"image":{"@id":"https:\/\/exaudi.org\/es\/aguchita-sembrando-noticias-peru\/#primaryimage"},"thumbnailUrl":"https:\/\/exaudi.org\/wp-content\/uploads\/2022\/02\/WhatsApp-Image-2022-02-25-at-09.04.18.jpeg","keywords":["Beatificaci\u00f3n","Sor Aguchita"],"articleSection":["Testimonios"],"inLanguage":"es"},{"@type":"WebPage","@id":"https:\/\/exaudi.org\/es\/aguchita-sembrando-noticias-peru\/","url":"https:\/\/exaudi.org\/es\/aguchita-sembrando-noticias-peru\/","name":"\u201cAguchita\u201d sigue sembrando buenas noticias en Per\u00fa &#8211; Exaudi","isPartOf":{"@id":"https:\/\/exaudi.org\/#website"},"primaryImageOfPage":{"@id":"https:\/\/exaudi.org\/es\/aguchita-sembrando-noticias-peru\/#primaryimage"},"image":{"@id":"https:\/\/exaudi.org\/es\/aguchita-sembrando-noticias-peru\/#primaryimage"},"thumbnailUrl":"https:\/\/exaudi.org\/wp-content\/uploads\/2022\/02\/WhatsApp-Image-2022-02-25-at-09.04.18.jpeg","datePublished":"2022-02-25T13:22:10+00:00","author":{"@id":"https:\/\/exaudi.org\/#\/schema\/person\/7105d7735b2bf8c31e7cf8784351ebbc"},"description":"Pese a que una bala atraves\u00f3 su cerebro, Aguchita (Per\u00fa) vive. La noticia qued\u00f3 desvelada en 1990, cuando su coraz\u00f3n estall\u00f3 de amor.","breadcrumb":{"@id":"https:\/\/exaudi.org\/es\/aguchita-sembrando-noticias-peru\/#breadcrumb"},"inLanguage":"es","potentialAction":[{"@type":"ReadAction","target":["https:\/\/exaudi.org\/es\/aguchita-sembrando-noticias-peru\/"]}]},{"@type":"ImageObject","inLanguage":"es","@id":"https:\/\/exaudi.org\/es\/aguchita-sembrando-noticias-peru\/#primaryimage","url":"https:\/\/exaudi.org\/wp-content\/uploads\/2022\/02\/WhatsApp-Image-2022-02-25-at-09.04.18.jpeg","contentUrl":"https:\/\/exaudi.org\/wp-content\/uploads\/2022\/02\/WhatsApp-Image-2022-02-25-at-09.04.18.jpeg","width":1413,"height":1161,"caption":"Aguchita Per\u00fa"},{"@type":"BreadcrumbList","@id":"https:\/\/exaudi.org\/es\/aguchita-sembrando-noticias-peru\/#breadcrumb","itemListElement":[{"@type":"ListItem","position":1,"name":"Portada","item":"https:\/\/exaudi.org\/es\/"},{"@type":"ListItem","position":2,"name":"\u201cAguchita\u201d sigue sembrando buenas noticias en Per\u00fa"}]},{"@type":"WebSite","@id":"https:\/\/exaudi.org\/#website","url":"https:\/\/exaudi.org\/","name":"Exaudi","description":"News","potentialAction":[{"@type":"SearchAction","target":{"@type":"EntryPoint","urlTemplate":"https:\/\/exaudi.org\/?s={search_term_string}"},"query-input":{"@type":"PropertyValueSpecification","valueRequired":true,"valueName":"search_term_string"}}],"inLanguage":"es"},{"@type":"Person","@id":"https:\/\/exaudi.org\/#\/schema\/person\/7105d7735b2bf8c31e7cf8784351ebbc","name":"Esther N\u00fa\u00f1ez","image":{"@type":"ImageObject","inLanguage":"es","@id":"https:\/\/secure.gravatar.com\/avatar\/856566533d218d9d7b852b03a545bc963463ade36cec448d0cba38a2d59be800?s=96&d=mm&r=g","url":"https:\/\/secure.gravatar.com\/avatar\/856566533d218d9d7b852b03a545bc963463ade36cec448d0cba38a2d59be800?s=96&d=mm&r=g","contentUrl":"https:\/\/secure.gravatar.com\/avatar\/856566533d218d9d7b852b03a545bc963463ade36cec448d0cba38a2d59be800?s=96&d=mm&r=g","caption":"Esther N\u00fa\u00f1ez"},"description":"Lima, Per\u00fa Periodista colegiada con ejercicio de la profesi\u00f3n desde 2001. Licenciada en periodismo por la Universidad Jaime Bausate y Meza, de Lima. Estudios complementarios en Teolog\u00eda, Filosof\u00eda, Comunicaci\u00f3n Digital; as\u00ed como en Conducci\u00f3n de noticieros y producci\u00f3n audiovisual. Con preparaci\u00f3n adicional en doctrina social de la Iglesia, comunicaci\u00f3n institucional en el sector p\u00fablico y eclesial. Ha ejercido tareas como imagen institucional en la Oficina de Educaci\u00f3n de la Conferencia Episcopal Peruana. Asimismo, Jefa de prensa de un canal y editora de dos revistas impresas. Experiencia en la realizaci\u00f3n de talleres de redacci\u00f3n, as\u00ed como en corresponsal\u00edas de agencias y portales web, direcci\u00f3n, producci\u00f3n y conducci\u00f3n de programas de radio y televisi\u00f3n. Desde 2020 colabora como periodista en el Instituto de Radio y Televisi\u00f3n del Per\u00fa.","url":"https:\/\/exaudi.org\/es\/author\/esthernunez\/"}]}},"jetpack_featured_media_url":"https:\/\/exaudi.org\/wp-content\/uploads\/2022\/02\/WhatsApp-Image-2022-02-25-at-09.04.18.jpeg","jetpack_shortlink":"https:\/\/wp.me\/pgKjF2-dQY","_links":{"self":[{"href":"https:\/\/exaudi.org\/es\/wp-json\/wp\/v2\/posts\/53256","targetHints":{"allow":["GET"]}}],"collection":[{"href":"https:\/\/exaudi.org\/es\/wp-json\/wp\/v2\/posts"}],"about":[{"href":"https:\/\/exaudi.org\/es\/wp-json\/wp\/v2\/types\/post"}],"author":[{"embeddable":true,"href":"https:\/\/exaudi.org\/es\/wp-json\/wp\/v2\/users\/39"}],"replies":[{"embeddable":true,"href":"https:\/\/exaudi.org\/es\/wp-json\/wp\/v2\/comments?post=53256"}],"version-history":[{"count":0,"href":"https:\/\/exaudi.org\/es\/wp-json\/wp\/v2\/posts\/53256\/revisions"}],"wp:featuredmedia":[{"embeddable":true,"href":"https:\/\/exaudi.org\/es\/wp-json\/wp\/v2\/media\/53257"}],"wp:attachment":[{"href":"https:\/\/exaudi.org\/es\/wp-json\/wp\/v2\/media?parent=53256"}],"wp:term":[{"taxonomy":"category","embeddable":true,"href":"https:\/\/exaudi.org\/es\/wp-json\/wp\/v2\/categories?post=53256"},{"taxonomy":"post_tag","embeddable":true,"href":"https:\/\/exaudi.org\/es\/wp-json\/wp\/v2\/tags?post=53256"}],"curies":[{"name":"wp","href":"https:\/\/api.w.org\/{rel}","templated":true}]}}