{"id":53177,"date":"2022-02-28T09:00:48","date_gmt":"2022-02-28T08:00:48","guid":{"rendered":"https:\/\/exaudi.org\/?p=53177"},"modified":"2022-02-24T17:58:23","modified_gmt":"2022-02-24T16:58:23","slug":"teologia-millennials-futuro-asesino-clima","status":"publish","type":"post","link":"https:\/\/exaudi.org\/es\/teologia-millennials-futuro-asesino-clima\/","title":{"rendered":"Teolog\u00eda para Millennials: \u00bfFuturo o asesino del clima?"},"content":{"rendered":"<p>Hoy, lunes 28 de febrero de 2022, en \u201c<a href=\"https:\/\/teologiaparamillennials.com\/\">Teolog\u00eda para Millennials<\/a>\u201d, el sacerdote mexicano\u00a0<a href=\"https:\/\/exaudi.org\/es\/author\/padremarioarroyo\/\">Mario Arroyo Mart\u00ednez<\/a>\u00a0comparte con los lectores de Exaudi su art\u00edculo semanal titulado \u201c\u00bfFuturo o asesino del clima?\u201d.<\/p>\n<p>***<\/p>\n<p><span style=\"font-weight: 400\">As\u00ed rezaba una reciente publicidad en Alemania: \u201c\u00bfFuturo o asesino del clima?\u201d, en la imagen se ve\u00eda a una mujer amamantando a un reci\u00e9n nacido. Es realmente sorprendente el avance de la <\/span><i><span style=\"font-weight: 400\">ecolog\u00eda profunda<\/span><\/i><span style=\"font-weight: 400\">, la cual considera al hombre como enemigo de la naturaleza. Al ver esa publicidad inmediatamente hice conexi\u00f3n intelectual con dos hechos recientes: una cita de Peter Singer que le\u00ed, donde invitaba a que esterilizar a todo el g\u00e9nero humano para ser voluntariamente la \u00faltima generaci\u00f3n sobre la Tierra y vivir de fiesta hasta la extinci\u00f3n, y a una intervenci\u00f3n de una universitaria en clase, donde afirmaba que no tendr\u00eda hijos por motivos \u00e9ticos, para evitar el sobrecalentamiento del planeta. De pronto todo encajaba: el hombre es el enemigo del planeta; hay un imperativo \u00e9tico de acabar con \u00e9l.<\/span><\/p>\n<p><span style=\"font-weight: 400\">La cultura de la muerte tiene una cara as\u00e9ptica e incluso altruista: la preocupaci\u00f3n no por la humanidad, sino por el planeta. Podemos incluso sacrificar la humanidad en el altar del planeta. \u00bfEs justo hacerlo? Para muchos enemigos de la vida humana parece ser as\u00ed. Ya no es que se mire con recelo a las familias numerosas, por considerarlas irresponsables, estamos un paso adelante, de forma que traer vida al mundo no se considera un bien, un motivo de alegr\u00eda o felicitaci\u00f3n. Se comienza a cuestionar la moralidad de traer vidas humanas a este planeta cansado y a este mundo enfermo de violencia, injusticia y corrupci\u00f3n.<\/span><\/p>\n<p><span style=\"font-weight: 400\">El desencanto por lo humano est\u00e1 consumado. Se ha cerrado el c\u00edrculo, como prof\u00e9ticamente vio el Concilio Vaticano II: \u201csin el Creador, la creatura se diluye\u201d. El humanismo ateo, que parte de la premisa de la negaci\u00f3n de Dios, culmina por afirmar la negaci\u00f3n del hombre. Quiz\u00e1 alguien pueda objetar que se trata de casos de \u00e9lites intelectuales, pero que no piensa as\u00ed el grueso de la poblaci\u00f3n. Dos hechos, uno global y otro casero, me hacen calificar a tal aseveraci\u00f3n de optimista: la dr\u00e1stica ca\u00edda de la natalidad en los pa\u00edses desarrollados; es decir, los que mejor viven no consideran a la vida digna de ser vivida; y, en segundo lugar, la experiencia de mi barrio <\/span><i><span style=\"font-weight: 400\">clasemediero<\/span><\/i><span style=\"font-weight: 400\"> alto: la gran cantidad de personas paseando perros, inversamente proporcional a la presencia de ni\u00f1os. No, la vida humana en los sectores altos de la poblaci\u00f3n ya no se est\u00e1 viendo como una bendici\u00f3n, como una forma de realizarse y trascender. Se recela de ella.\u00a0<\/span><\/p>\n<p><span style=\"font-weight: 400\">El recelo tiene una causa subjetiva: el sacrificio que supone. Es mucho m\u00e1s sencillo tener una mascota que a un hijo. Pero ahora ese motivo, ego\u00edsta, al fin y al cabo, tiene una motivaci\u00f3n intelectual fuerte: la defensa y el cuidado del planeta. Cada hijo supone una gran cantidad de consumo, de calor, de energ\u00eda, de desgaste para el planeta. Es triste que la vida humana, que biol\u00f3gicamente hablando es la mayor maravilla que pueda contemplarse hasta el momento en el universo \u2013pues finalmente es el \u00fanico ejemplo de vida consciente del que tengamos evidencia- se vea empobrecida hasta esos l\u00edmites inauditos.<\/span><\/p>\n<p><span style=\"font-weight: 400\">La visi\u00f3n cristiana, ahora en clara minor\u00eda, es diametralmente opuesta. Se siguen considerando a las familias numerosas como una bendici\u00f3n de Dios. Se sigue viendo a cada vida humana como un milagro, cada ser humano se considera \u00fanico e irrepetible. Cada persona tiene dignidad y por ello un valor inalienable. Sigue viendo en el mundo en particular y en el universo en general, como un inmenso don, que Dios conf\u00eda al hombre. Se valora al mundo y todo lo que \u00e9l contiene, pero no como un fin, sino como un medio. Se debe respetar la naturaleza y cuidar del planeta, pero como parte de nuestra responsabilidad extendida, nuestra responsabilidad con los hombres del ma\u00f1ana. Sigue siendo el hombre el centro de la creaci\u00f3n, no se sacrifica a ella.<\/span><\/p>\n<p><span style=\"font-weight: 400\">Hace poco me hac\u00edan caer en cuenta que las personas que comulgan con esos planteamientos propios de la <\/span><i><span style=\"font-weight: 400\">Deep-ecology<\/span><\/i><span style=\"font-weight: 400\"> no tienen hijos. Est\u00e1n condenados a la extinci\u00f3n. Yo no soy tan optimista, pues por tratarse de una \u00e9lite, controlan los contenidos y los programas educativos. Poco a poco tal visi\u00f3n va ir permeando, como la \u00fanica \u00e9ticamente solvente, y los que no comulguemos con ella seremos mirados con recelo, cuando no reprimidos social, cultural e incluso penalmente (no quedan muy lejanos los castigos en China por tener m\u00e1s de un hijo). Tal parece que la \u00fanica alternativa para un futuro esperanzado de la humanidad es la vuelta a un humanismo cristiano. La pregunta es \u00bftodav\u00eda es posible?, \u00bftodav\u00eda estamos a tiempo o es ya demasiado tarde?<\/span><\/p>\n","protected":false},"excerpt":{"rendered":"<p>Marquesina publicitaria en Alemania<\/p>\n","protected":false},"author":22,"featured_media":53178,"comment_status":"closed","ping_status":"closed","sticky":false,"template":"","format":"standard","meta":{"_acf_changed":false,"_crdt_document":"","inline_featured_image":false,"footnotes":""},"categories":[130],"tags":[6004,459,4953],"class_list":["post-53177","post","type-post","status-publish","format-standard","has-post-thumbnail","hentry","category-voces","tag-clima-es","tag-teologia-para-millennials","tag-trending-es"],"acf":[],"yoast_head":"<!-- This site is optimized with the Yoast SEO plugin v27.5 - https:\/\/yoast.com\/product\/yoast-seo-wordpress\/ -->\n<title>Teolog\u00eda para Millennials: \u00bfFuturo o asesino del clima? &#8211; Exaudi<\/title>\n<meta name=\"description\" content=\"El padre Mario Arroyo ofrece su art\u00edculo semanal titulado \u201c\u00bfFuturo o asesino del clima?\u201d en su secci\u00f3n de Teolog\u00eda para Millennials.\" \/>\n<meta name=\"robots\" content=\"index, follow, max-snippet:-1, max-image-preview:large, max-video-preview:-1\" \/>\n<link rel=\"canonical\" href=\"https:\/\/exaudi.org\/es\/teologia-millennials-futuro-asesino-clima\/\" \/>\n<meta property=\"og:locale\" content=\"es_ES\" \/>\n<meta property=\"og:type\" content=\"article\" \/>\n<meta property=\"og:title\" content=\"Teolog\u00eda para Millennials: \u00bfFuturo o asesino del clima? &#8211; Exaudi\" \/>\n<meta property=\"og:description\" content=\"El padre Mario Arroyo ofrece su art\u00edculo semanal titulado \u201c\u00bfFuturo o asesino del clima?\u201d en su secci\u00f3n de Teolog\u00eda para Millennials.\" \/>\n<meta property=\"og:url\" content=\"https:\/\/exaudi.org\/es\/teologia-millennials-futuro-asesino-clima\/\" \/>\n<meta property=\"og:site_name\" content=\"Exaudi\" \/>\n<meta property=\"article:publisher\" content=\"https:\/\/www.facebook.com\/ExaudiNews\" \/>\n<meta property=\"article:published_time\" content=\"2022-02-28T08:00:48+00:00\" \/>\n<meta property=\"og:image\" content=\"https:\/\/exaudi.org\/wp-content\/uploads\/2022\/02\/Futuro-o-Asesino-del-Clima.jpeg\" \/>\n\t<meta property=\"og:image:width\" content=\"768\" \/>\n\t<meta property=\"og:image:height\" content=\"1024\" \/>\n\t<meta property=\"og:image:type\" content=\"image\/jpeg\" \/>\n<meta name=\"author\" content=\"Mario Arroyo\" \/>\n<meta name=\"twitter:card\" content=\"summary_large_image\" \/>\n<meta name=\"twitter:creator\" content=\"@Exaudi_News\" \/>\n<meta name=\"twitter:site\" content=\"@Exaudi_News\" \/>\n<meta name=\"twitter:label1\" content=\"Escrito por\" \/>\n\t<meta name=\"twitter:data1\" content=\"Mario Arroyo\" \/>\n\t<meta name=\"twitter:label2\" content=\"Tiempo de lectura\" \/>\n\t<meta name=\"twitter:data2\" content=\"4 minutos\" \/>\n<script type=\"application\/ld+json\" class=\"yoast-schema-graph\">{\"@context\":\"https:\\\/\\\/schema.org\",\"@graph\":[{\"@type\":\"Article\",\"@id\":\"https:\\\/\\\/exaudi.org\\\/es\\\/teologia-millennials-futuro-asesino-clima\\\/#article\",\"isPartOf\":{\"@id\":\"https:\\\/\\\/exaudi.org\\\/es\\\/teologia-millennials-futuro-asesino-clima\\\/\"},\"author\":{\"name\":\"Mario Arroyo\",\"@id\":\"https:\\\/\\\/exaudi.org\\\/#\\\/schema\\\/person\\\/2195e6e643f4a07a343345d49e4e6985\"},\"headline\":\"Teolog\u00eda para Millennials: \u00bfFuturo o asesino del clima?\",\"datePublished\":\"2022-02-28T08:00:48+00:00\",\"mainEntityOfPage\":{\"@id\":\"https:\\\/\\\/exaudi.org\\\/es\\\/teologia-millennials-futuro-asesino-clima\\\/\"},\"wordCount\":844,\"image\":{\"@id\":\"https:\\\/\\\/exaudi.org\\\/es\\\/teologia-millennials-futuro-asesino-clima\\\/#primaryimage\"},\"thumbnailUrl\":\"https:\\\/\\\/exaudi.org\\\/wp-content\\\/uploads\\\/2022\\\/02\\\/Futuro-o-Asesino-del-Clima.jpeg\",\"keywords\":[\"Clima\",\"Teolog\u00eda para Millennials\",\"Trending\"],\"articleSection\":[\"Voces\"],\"inLanguage\":\"es\"},{\"@type\":\"WebPage\",\"@id\":\"https:\\\/\\\/exaudi.org\\\/es\\\/teologia-millennials-futuro-asesino-clima\\\/\",\"url\":\"https:\\\/\\\/exaudi.org\\\/es\\\/teologia-millennials-futuro-asesino-clima\\\/\",\"name\":\"Teolog\u00eda para Millennials: \u00bfFuturo o asesino del clima? &#8211; Exaudi\",\"isPartOf\":{\"@id\":\"https:\\\/\\\/exaudi.org\\\/#website\"},\"primaryImageOfPage\":{\"@id\":\"https:\\\/\\\/exaudi.org\\\/es\\\/teologia-millennials-futuro-asesino-clima\\\/#primaryimage\"},\"image\":{\"@id\":\"https:\\\/\\\/exaudi.org\\\/es\\\/teologia-millennials-futuro-asesino-clima\\\/#primaryimage\"},\"thumbnailUrl\":\"https:\\\/\\\/exaudi.org\\\/wp-content\\\/uploads\\\/2022\\\/02\\\/Futuro-o-Asesino-del-Clima.jpeg\",\"datePublished\":\"2022-02-28T08:00:48+00:00\",\"author\":{\"@id\":\"https:\\\/\\\/exaudi.org\\\/#\\\/schema\\\/person\\\/2195e6e643f4a07a343345d49e4e6985\"},\"description\":\"El padre Mario Arroyo ofrece su art\u00edculo semanal titulado \u201c\u00bfFuturo o asesino del clima?\u201d en su secci\u00f3n de Teolog\u00eda para Millennials.\",\"breadcrumb\":{\"@id\":\"https:\\\/\\\/exaudi.org\\\/es\\\/teologia-millennials-futuro-asesino-clima\\\/#breadcrumb\"},\"inLanguage\":\"es\",\"potentialAction\":[{\"@type\":\"ReadAction\",\"target\":[\"https:\\\/\\\/exaudi.org\\\/es\\\/teologia-millennials-futuro-asesino-clima\\\/\"]}]},{\"@type\":\"ImageObject\",\"inLanguage\":\"es\",\"@id\":\"https:\\\/\\\/exaudi.org\\\/es\\\/teologia-millennials-futuro-asesino-clima\\\/#primaryimage\",\"url\":\"https:\\\/\\\/exaudi.org\\\/wp-content\\\/uploads\\\/2022\\\/02\\\/Futuro-o-Asesino-del-Clima.jpeg\",\"contentUrl\":\"https:\\\/\\\/exaudi.org\\\/wp-content\\\/uploads\\\/2022\\\/02\\\/Futuro-o-Asesino-del-Clima.jpeg\",\"width\":768,\"height\":1024,\"caption\":\"Marquesina publicitaria en Alemania\"},{\"@type\":\"BreadcrumbList\",\"@id\":\"https:\\\/\\\/exaudi.org\\\/es\\\/teologia-millennials-futuro-asesino-clima\\\/#breadcrumb\",\"itemListElement\":[{\"@type\":\"ListItem\",\"position\":1,\"name\":\"Portada\",\"item\":\"https:\\\/\\\/exaudi.org\\\/es\\\/\"},{\"@type\":\"ListItem\",\"position\":2,\"name\":\"Teolog\u00eda para Millennials: \u00bfFuturo o asesino del clima?\"}]},{\"@type\":\"WebSite\",\"@id\":\"https:\\\/\\\/exaudi.org\\\/#website\",\"url\":\"https:\\\/\\\/exaudi.org\\\/\",\"name\":\"Exaudi\",\"description\":\"News\",\"potentialAction\":[{\"@type\":\"SearchAction\",\"target\":{\"@type\":\"EntryPoint\",\"urlTemplate\":\"https:\\\/\\\/exaudi.org\\\/?s={search_term_string}\"},\"query-input\":{\"@type\":\"PropertyValueSpecification\",\"valueRequired\":true,\"valueName\":\"search_term_string\"}}],\"inLanguage\":\"es\"},{\"@type\":\"Person\",\"@id\":\"https:\\\/\\\/exaudi.org\\\/#\\\/schema\\\/person\\\/2195e6e643f4a07a343345d49e4e6985\",\"name\":\"Mario Arroyo\",\"image\":{\"@type\":\"ImageObject\",\"inLanguage\":\"es\",\"@id\":\"https:\\\/\\\/secure.gravatar.com\\\/avatar\\\/0e2dddc1d3bf207409f5b4d542cef9a9955ad497448376a1621fcb1df592d137?s=96&d=mm&r=g\",\"url\":\"https:\\\/\\\/secure.gravatar.com\\\/avatar\\\/0e2dddc1d3bf207409f5b4d542cef9a9955ad497448376a1621fcb1df592d137?s=96&d=mm&r=g\",\"contentUrl\":\"https:\\\/\\\/secure.gravatar.com\\\/avatar\\\/0e2dddc1d3bf207409f5b4d542cef9a9955ad497448376a1621fcb1df592d137?s=96&d=mm&r=g\",\"caption\":\"Mario Arroyo\"},\"description\":\"Licenciado en Filosof\u00eda por la Universidad Panamericana, M\u00e9xico 1996, ostenta el bachiller en Teolog\u00eda por la Pontificia Universidad de la Santa Cruz, Roma 1999. Doctor en Filosof\u00eda por la Pontificia Universidad de la Santa Cruz, Roma 2002. Ordenado sacerdote en Torreciudad, Espa\u00f1a, en 2002. Autor de: Poder, Dinero y Santidad, Lima 2012; Ciencia y Fe. Un equilibrio posible, UCSS, Lima 2015; Ciencia y Fe. Situaci\u00f3n actual, Facultad de Teolog\u00eda Pontificia y Civil de Lima, Lima 2016; La Iglesia y los Homosexuales. Un falso conflicto, Facultad de Teolog\u00eda Pontificia y Civil de Lima, Lima 2017. Coautor de Dios Busca al Hombre, CDSCO, Lima 2013; Neurona mata esp\u00edritu, Amazon, Lima 2018; Teolog\u00eda para Millennials, Amazon, Lima 2018. El padre Mario es columnista de los portales peruanos Cr\u00f3nica Viva, La abeja y Lucidez, as\u00ed como de los peri\u00f3dicos mexicanos Mural, Expreso, del portal mexicano Vox Fides y de ZENIT. Capell\u00e1n de la Universidad de Piura, Campus de Lima durante los cursos 2017 y 2018. Actualmente, profesor de Teolog\u00eda en la Universidad Panamericana, Ciudad de M\u00e9xico.\",\"url\":\"https:\\\/\\\/exaudi.org\\\/es\\\/author\\\/padremarioarroyo\\\/\"}]}<\/script>\n<!-- \/ Yoast SEO plugin. -->","yoast_head_json":{"title":"Teolog\u00eda para Millennials: \u00bfFuturo o asesino del clima? &#8211; Exaudi","description":"El padre Mario Arroyo ofrece su art\u00edculo semanal titulado \u201c\u00bfFuturo o asesino del clima?\u201d en su secci\u00f3n de Teolog\u00eda para Millennials.","robots":{"index":"index","follow":"follow","max-snippet":"max-snippet:-1","max-image-preview":"max-image-preview:large","max-video-preview":"max-video-preview:-1"},"canonical":"https:\/\/exaudi.org\/es\/teologia-millennials-futuro-asesino-clima\/","og_locale":"es_ES","og_type":"article","og_title":"Teolog\u00eda para Millennials: \u00bfFuturo o asesino del clima? &#8211; Exaudi","og_description":"El padre Mario Arroyo ofrece su art\u00edculo semanal titulado \u201c\u00bfFuturo o asesino del clima?\u201d en su secci\u00f3n de Teolog\u00eda para Millennials.","og_url":"https:\/\/exaudi.org\/es\/teologia-millennials-futuro-asesino-clima\/","og_site_name":"Exaudi","article_publisher":"https:\/\/www.facebook.com\/ExaudiNews","article_published_time":"2022-02-28T08:00:48+00:00","og_image":[{"width":768,"height":1024,"url":"https:\/\/exaudi.org\/wp-content\/uploads\/2022\/02\/Futuro-o-Asesino-del-Clima.jpeg","type":"image\/jpeg"}],"author":"Mario Arroyo","twitter_card":"summary_large_image","twitter_creator":"@Exaudi_News","twitter_site":"@Exaudi_News","twitter_misc":{"Escrito por":"Mario Arroyo","Tiempo de lectura":"4 minutos"},"schema":{"@context":"https:\/\/schema.org","@graph":[{"@type":"Article","@id":"https:\/\/exaudi.org\/es\/teologia-millennials-futuro-asesino-clima\/#article","isPartOf":{"@id":"https:\/\/exaudi.org\/es\/teologia-millennials-futuro-asesino-clima\/"},"author":{"name":"Mario Arroyo","@id":"https:\/\/exaudi.org\/#\/schema\/person\/2195e6e643f4a07a343345d49e4e6985"},"headline":"Teolog\u00eda para Millennials: \u00bfFuturo o asesino del clima?","datePublished":"2022-02-28T08:00:48+00:00","mainEntityOfPage":{"@id":"https:\/\/exaudi.org\/es\/teologia-millennials-futuro-asesino-clima\/"},"wordCount":844,"image":{"@id":"https:\/\/exaudi.org\/es\/teologia-millennials-futuro-asesino-clima\/#primaryimage"},"thumbnailUrl":"https:\/\/exaudi.org\/wp-content\/uploads\/2022\/02\/Futuro-o-Asesino-del-Clima.jpeg","keywords":["Clima","Teolog\u00eda para Millennials","Trending"],"articleSection":["Voces"],"inLanguage":"es"},{"@type":"WebPage","@id":"https:\/\/exaudi.org\/es\/teologia-millennials-futuro-asesino-clima\/","url":"https:\/\/exaudi.org\/es\/teologia-millennials-futuro-asesino-clima\/","name":"Teolog\u00eda para Millennials: \u00bfFuturo o asesino del clima? &#8211; Exaudi","isPartOf":{"@id":"https:\/\/exaudi.org\/#website"},"primaryImageOfPage":{"@id":"https:\/\/exaudi.org\/es\/teologia-millennials-futuro-asesino-clima\/#primaryimage"},"image":{"@id":"https:\/\/exaudi.org\/es\/teologia-millennials-futuro-asesino-clima\/#primaryimage"},"thumbnailUrl":"https:\/\/exaudi.org\/wp-content\/uploads\/2022\/02\/Futuro-o-Asesino-del-Clima.jpeg","datePublished":"2022-02-28T08:00:48+00:00","author":{"@id":"https:\/\/exaudi.org\/#\/schema\/person\/2195e6e643f4a07a343345d49e4e6985"},"description":"El padre Mario Arroyo ofrece su art\u00edculo semanal titulado \u201c\u00bfFuturo o asesino del clima?\u201d en su secci\u00f3n de Teolog\u00eda para Millennials.","breadcrumb":{"@id":"https:\/\/exaudi.org\/es\/teologia-millennials-futuro-asesino-clima\/#breadcrumb"},"inLanguage":"es","potentialAction":[{"@type":"ReadAction","target":["https:\/\/exaudi.org\/es\/teologia-millennials-futuro-asesino-clima\/"]}]},{"@type":"ImageObject","inLanguage":"es","@id":"https:\/\/exaudi.org\/es\/teologia-millennials-futuro-asesino-clima\/#primaryimage","url":"https:\/\/exaudi.org\/wp-content\/uploads\/2022\/02\/Futuro-o-Asesino-del-Clima.jpeg","contentUrl":"https:\/\/exaudi.org\/wp-content\/uploads\/2022\/02\/Futuro-o-Asesino-del-Clima.jpeg","width":768,"height":1024,"caption":"Marquesina publicitaria en Alemania"},{"@type":"BreadcrumbList","@id":"https:\/\/exaudi.org\/es\/teologia-millennials-futuro-asesino-clima\/#breadcrumb","itemListElement":[{"@type":"ListItem","position":1,"name":"Portada","item":"https:\/\/exaudi.org\/es\/"},{"@type":"ListItem","position":2,"name":"Teolog\u00eda para Millennials: \u00bfFuturo o asesino del clima?"}]},{"@type":"WebSite","@id":"https:\/\/exaudi.org\/#website","url":"https:\/\/exaudi.org\/","name":"Exaudi","description":"News","potentialAction":[{"@type":"SearchAction","target":{"@type":"EntryPoint","urlTemplate":"https:\/\/exaudi.org\/?s={search_term_string}"},"query-input":{"@type":"PropertyValueSpecification","valueRequired":true,"valueName":"search_term_string"}}],"inLanguage":"es"},{"@type":"Person","@id":"https:\/\/exaudi.org\/#\/schema\/person\/2195e6e643f4a07a343345d49e4e6985","name":"Mario Arroyo","image":{"@type":"ImageObject","inLanguage":"es","@id":"https:\/\/secure.gravatar.com\/avatar\/0e2dddc1d3bf207409f5b4d542cef9a9955ad497448376a1621fcb1df592d137?s=96&d=mm&r=g","url":"https:\/\/secure.gravatar.com\/avatar\/0e2dddc1d3bf207409f5b4d542cef9a9955ad497448376a1621fcb1df592d137?s=96&d=mm&r=g","contentUrl":"https:\/\/secure.gravatar.com\/avatar\/0e2dddc1d3bf207409f5b4d542cef9a9955ad497448376a1621fcb1df592d137?s=96&d=mm&r=g","caption":"Mario Arroyo"},"description":"Licenciado en Filosof\u00eda por la Universidad Panamericana, M\u00e9xico 1996, ostenta el bachiller en Teolog\u00eda por la Pontificia Universidad de la Santa Cruz, Roma 1999. Doctor en Filosof\u00eda por la Pontificia Universidad de la Santa Cruz, Roma 2002. Ordenado sacerdote en Torreciudad, Espa\u00f1a, en 2002. Autor de: Poder, Dinero y Santidad, Lima 2012; Ciencia y Fe. Un equilibrio posible, UCSS, Lima 2015; Ciencia y Fe. Situaci\u00f3n actual, Facultad de Teolog\u00eda Pontificia y Civil de Lima, Lima 2016; La Iglesia y los Homosexuales. Un falso conflicto, Facultad de Teolog\u00eda Pontificia y Civil de Lima, Lima 2017. Coautor de Dios Busca al Hombre, CDSCO, Lima 2013; Neurona mata esp\u00edritu, Amazon, Lima 2018; Teolog\u00eda para Millennials, Amazon, Lima 2018. El padre Mario es columnista de los portales peruanos Cr\u00f3nica Viva, La abeja y Lucidez, as\u00ed como de los peri\u00f3dicos mexicanos Mural, Expreso, del portal mexicano Vox Fides y de ZENIT. Capell\u00e1n de la Universidad de Piura, Campus de Lima durante los cursos 2017 y 2018. Actualmente, profesor de Teolog\u00eda en la Universidad Panamericana, Ciudad de M\u00e9xico.","url":"https:\/\/exaudi.org\/es\/author\/padremarioarroyo\/"}]}},"jetpack_featured_media_url":"https:\/\/exaudi.org\/wp-content\/uploads\/2022\/02\/Futuro-o-Asesino-del-Clima.jpeg","jetpack_shortlink":"https:\/\/wp.me\/pgKjF2-dPH","_links":{"self":[{"href":"https:\/\/exaudi.org\/es\/wp-json\/wp\/v2\/posts\/53177","targetHints":{"allow":["GET"]}}],"collection":[{"href":"https:\/\/exaudi.org\/es\/wp-json\/wp\/v2\/posts"}],"about":[{"href":"https:\/\/exaudi.org\/es\/wp-json\/wp\/v2\/types\/post"}],"author":[{"embeddable":true,"href":"https:\/\/exaudi.org\/es\/wp-json\/wp\/v2\/users\/22"}],"replies":[{"embeddable":true,"href":"https:\/\/exaudi.org\/es\/wp-json\/wp\/v2\/comments?post=53177"}],"version-history":[{"count":0,"href":"https:\/\/exaudi.org\/es\/wp-json\/wp\/v2\/posts\/53177\/revisions"}],"wp:featuredmedia":[{"embeddable":true,"href":"https:\/\/exaudi.org\/es\/wp-json\/wp\/v2\/media\/53178"}],"wp:attachment":[{"href":"https:\/\/exaudi.org\/es\/wp-json\/wp\/v2\/media?parent=53177"}],"wp:term":[{"taxonomy":"category","embeddable":true,"href":"https:\/\/exaudi.org\/es\/wp-json\/wp\/v2\/categories?post=53177"},{"taxonomy":"post_tag","embeddable":true,"href":"https:\/\/exaudi.org\/es\/wp-json\/wp\/v2\/tags?post=53177"}],"curies":[{"name":"wp","href":"https:\/\/api.w.org\/{rel}","templated":true}]}}