{"id":53146,"date":"2022-02-24T15:42:24","date_gmt":"2022-02-24T14:42:24","guid":{"rendered":"https:\/\/exaudi.org\/?p=53146"},"modified":"2022-02-24T15:44:18","modified_gmt":"2022-02-24T14:44:18","slug":"ucrania-parolin-negociar-frenar-locura-guerra","status":"publish","type":"post","link":"https:\/\/exaudi.org\/es\/ucrania-parolin-negociar-frenar-locura-guerra\/","title":{"rendered":"Ucrania: Parolin llama a negociar para frenar la \u201clocura de la guerra\u201d"},"content":{"rendered":"<p>El cardenal Pietro Parolin, secretario de <a href=\"https:\/\/www.vatican.va\/content\/romancuria\/es.html\" target=\"_blank\" rel=\"noopener\">Estado del Vaticano<\/a>, ha hecho una declaraci\u00f3n oficial a ra\u00edz de los \u00faltimos y dram\u00e1ticos acontecimientos que han afectado a <a href=\"https:\/\/exaudi.org\/es\/ucrania-iglesia-espera-la-paz-y-ayuda-a-los-refugiados\/\" target=\"_blank\" rel=\"noopener\">Ucrania<\/a>, pa\u00eds recientemente atacado y bombardeado por Rusia. Ante esta grave situaci\u00f3n, el arzobispo italiano ha llamado a los l\u00edderes del mundo a negociar para librar \u201cal mundo de la locura y los horrores de la guerra\u201d.<\/p>\n<p>\u201cAnte los acontecimientos hodiernos de la crisis en Ucrania, las palabras que el Santo Padre Francisco pronunci\u00f3 ayer al final de la Audiencia General resaltan a\u00fan m\u00e1s claramente y de forma m\u00e1s sentida. El Papa evoc\u00f3 &#8216;gran dolor&#8217;, &#8216;angustia y preocupaci\u00f3n&#8217;. E invit\u00f3 a todas las partes implicadas a &#8216;abstenerse de cualquier acci\u00f3n que cause a\u00fan m\u00e1s sufrimiento a las poblaciones&#8217;, &#8216;desestabilice la convivencia pac\u00edfica&#8217; y &#8216;desacredite el derecho internacional&#8217;. Este llamamiento adquiere una dram\u00e1tica urgencia tras el inicio de las operaciones militares rusas en territorio ucraniano\u201d, asevera Parolin.<\/p>\n<p>\u201cLos tr\u00e1gicos escenarios que todos tem\u00edan se est\u00e1n haciendo lamentablemente realidad\u201d, apunta el prelado. Y advierte que \u201ca\u00fan hay tiempo para la buena voluntad, a\u00fan hay espacio para la negociaci\u00f3n, a\u00fan hay espacio para el ejercicio de una sabidur\u00eda que impida que prevalezcan los intereses partidistas, tutele las leg\u00edtimas aspiraciones de todos\u201d.<\/p>\n<p>\u201cNosotros los creyentes\u201d, concluye, \u201cno perdemos la esperanza en un vislumbre de conciencia por parte de quienes tienen los destinos del mundo en sus manos. Y seguimos rezando y ayunando, lo haremos el pr\u00f3ximo <a href=\"https:\/\/exaudi.org\/es\/miercoles-ceniza-jornada-ayuno-paz-ucrania\/\" target=\"_blank\" rel=\"noopener\">Mi\u00e9rcoles de Ceniza, por la paz en Ucrania y en el mundo entero<\/a>\u201d.<\/p>\n","protected":false},"excerpt":{"rendered":"<p>Declaraci\u00f3n del secretario de Estado del Vaticano ante el ataque de Rusia<\/p>\n","protected":false},"author":6,"featured_media":53147,"comment_status":"closed","ping_status":"closed","sticky":false,"template":"","format":"standard","meta":{"_acf_changed":false,"_crdt_document":"","inline_featured_image":false,"footnotes":""},"categories":[132],"tags":[1187,4350,3834,4953,1235],"class_list":["post-53146","post","type-post","status-publish","format-standard","has-post-thumbnail","hentry","category-vaticano-es","tag-cardenal-pietro-parolin","tag-declaracion","tag-guerra-es","tag-trending-es","tag-ucrania"],"acf":[],"yoast_head":"<!-- This site is optimized with the Yoast SEO plugin v27.4 - https:\/\/yoast.com\/product\/yoast-seo-wordpress\/ -->\n<title>Ucrania: Parolin llama a negociar para frenar la \u201clocura de la guerra\u201d<\/title>\n<meta name=\"description\" content=\"Parolin, secretario de Estado del Vaticano, llama a los l\u00edderes del mundo a negociar para evitar la &quot;locura de la guerra&quot; en Ucrania.\" \/>\n<meta name=\"robots\" content=\"index, follow, max-snippet:-1, max-image-preview:large, max-video-preview:-1\" \/>\n<link rel=\"canonical\" href=\"https:\/\/exaudi.org\/es\/ucrania-parolin-negociar-frenar-locura-guerra\/\" \/>\n<meta property=\"og:locale\" content=\"es_ES\" \/>\n<meta property=\"og:type\" content=\"article\" \/>\n<meta property=\"og:title\" content=\"Ucrania: Parolin llama a negociar para frenar la \u201clocura de la guerra\u201d\" \/>\n<meta property=\"og:description\" content=\"Parolin, secretario de Estado del Vaticano, llama a los l\u00edderes del mundo a negociar para evitar la &quot;locura de la guerra&quot; en Ucrania.\" \/>\n<meta property=\"og:url\" content=\"https:\/\/exaudi.org\/es\/ucrania-parolin-negociar-frenar-locura-guerra\/\" \/>\n<meta property=\"og:site_name\" content=\"Exaudi\" \/>\n<meta property=\"article:publisher\" content=\"https:\/\/www.facebook.com\/ExaudiNews\" \/>\n<meta property=\"article:published_time\" content=\"2022-02-24T14:42:24+00:00\" \/>\n<meta property=\"article:modified_time\" content=\"2022-02-24T14:44:18+00:00\" \/>\n<meta property=\"og:image\" content=\"https:\/\/exaudi.org\/wp-content\/uploads\/2022\/02\/parolindeclaracionucrania.jpeg\" \/>\n\t<meta property=\"og:image:width\" content=\"1012\" \/>\n\t<meta property=\"og:image:height\" content=\"759\" \/>\n\t<meta property=\"og:image:type\" content=\"image\/jpeg\" \/>\n<meta name=\"author\" content=\"Gabriel Sales\" \/>\n<meta name=\"twitter:card\" content=\"summary_large_image\" \/>\n<meta name=\"twitter:creator\" content=\"@habemusman\" \/>\n<meta name=\"twitter:site\" content=\"@Exaudi_News\" \/>\n<meta name=\"twitter:label1\" content=\"Escrito por\" \/>\n\t<meta name=\"twitter:data1\" content=\"Gabriel Sales\" \/>\n\t<meta name=\"twitter:label2\" content=\"Tiempo de lectura\" \/>\n\t<meta name=\"twitter:data2\" content=\"1 minuto\" \/>\n<script type=\"application\/ld+json\" class=\"yoast-schema-graph\">{\"@context\":\"https:\\\/\\\/schema.org\",\"@graph\":[{\"@type\":\"Article\",\"@id\":\"https:\\\/\\\/exaudi.org\\\/es\\\/ucrania-parolin-negociar-frenar-locura-guerra\\\/#article\",\"isPartOf\":{\"@id\":\"https:\\\/\\\/exaudi.org\\\/es\\\/ucrania-parolin-negociar-frenar-locura-guerra\\\/\"},\"author\":{\"name\":\"Gabriel Sales\",\"@id\":\"https:\\\/\\\/exaudi.org\\\/#\\\/schema\\\/person\\\/d134b96438278131ce90c90c03fda6cd\"},\"headline\":\"Ucrania: Parolin llama a negociar para frenar la \u201clocura de la guerra\u201d\",\"datePublished\":\"2022-02-24T14:42:24+00:00\",\"dateModified\":\"2022-02-24T14:44:18+00:00\",\"mainEntityOfPage\":{\"@id\":\"https:\\\/\\\/exaudi.org\\\/es\\\/ucrania-parolin-negociar-frenar-locura-guerra\\\/\"},\"wordCount\":289,\"image\":{\"@id\":\"https:\\\/\\\/exaudi.org\\\/es\\\/ucrania-parolin-negociar-frenar-locura-guerra\\\/#primaryimage\"},\"thumbnailUrl\":\"https:\\\/\\\/exaudi.org\\\/wp-content\\\/uploads\\\/2022\\\/02\\\/parolindeclaracionucrania.jpeg\",\"keywords\":[\"Cardenal Pietro Parolin\",\"Declaraci\u00f3n\",\"guerra\",\"Trending\",\"Ucrania\"],\"articleSection\":[\"Vaticano\"],\"inLanguage\":\"es\"},{\"@type\":\"WebPage\",\"@id\":\"https:\\\/\\\/exaudi.org\\\/es\\\/ucrania-parolin-negociar-frenar-locura-guerra\\\/\",\"url\":\"https:\\\/\\\/exaudi.org\\\/es\\\/ucrania-parolin-negociar-frenar-locura-guerra\\\/\",\"name\":\"Ucrania: Parolin llama a negociar para frenar la \u201clocura de la guerra\u201d\",\"isPartOf\":{\"@id\":\"https:\\\/\\\/exaudi.org\\\/#website\"},\"primaryImageOfPage\":{\"@id\":\"https:\\\/\\\/exaudi.org\\\/es\\\/ucrania-parolin-negociar-frenar-locura-guerra\\\/#primaryimage\"},\"image\":{\"@id\":\"https:\\\/\\\/exaudi.org\\\/es\\\/ucrania-parolin-negociar-frenar-locura-guerra\\\/#primaryimage\"},\"thumbnailUrl\":\"https:\\\/\\\/exaudi.org\\\/wp-content\\\/uploads\\\/2022\\\/02\\\/parolindeclaracionucrania.jpeg\",\"datePublished\":\"2022-02-24T14:42:24+00:00\",\"dateModified\":\"2022-02-24T14:44:18+00:00\",\"author\":{\"@id\":\"https:\\\/\\\/exaudi.org\\\/#\\\/schema\\\/person\\\/d134b96438278131ce90c90c03fda6cd\"},\"description\":\"Parolin, secretario de Estado del Vaticano, llama a los l\u00edderes del mundo a negociar para evitar la \\\"locura de la guerra\\\" en Ucrania.\",\"breadcrumb\":{\"@id\":\"https:\\\/\\\/exaudi.org\\\/es\\\/ucrania-parolin-negociar-frenar-locura-guerra\\\/#breadcrumb\"},\"inLanguage\":\"es\",\"potentialAction\":[{\"@type\":\"ReadAction\",\"target\":[\"https:\\\/\\\/exaudi.org\\\/es\\\/ucrania-parolin-negociar-frenar-locura-guerra\\\/\"]}]},{\"@type\":\"ImageObject\",\"inLanguage\":\"es\",\"@id\":\"https:\\\/\\\/exaudi.org\\\/es\\\/ucrania-parolin-negociar-frenar-locura-guerra\\\/#primaryimage\",\"url\":\"https:\\\/\\\/exaudi.org\\\/wp-content\\\/uploads\\\/2022\\\/02\\\/parolindeclaracionucrania.jpeg\",\"contentUrl\":\"https:\\\/\\\/exaudi.org\\\/wp-content\\\/uploads\\\/2022\\\/02\\\/parolindeclaracionucrania.jpeg\",\"width\":1012,\"height\":759,\"caption\":\"\u00a9 Vatican Media\"},{\"@type\":\"BreadcrumbList\",\"@id\":\"https:\\\/\\\/exaudi.org\\\/es\\\/ucrania-parolin-negociar-frenar-locura-guerra\\\/#breadcrumb\",\"itemListElement\":[{\"@type\":\"ListItem\",\"position\":1,\"name\":\"Portada\",\"item\":\"https:\\\/\\\/exaudi.org\\\/es\\\/\"},{\"@type\":\"ListItem\",\"position\":2,\"name\":\"Ucrania: Parolin llama a negociar para frenar la \u201clocura de la guerra\u201d\"}]},{\"@type\":\"WebSite\",\"@id\":\"https:\\\/\\\/exaudi.org\\\/#website\",\"url\":\"https:\\\/\\\/exaudi.org\\\/\",\"name\":\"Exaudi\",\"description\":\"News\",\"potentialAction\":[{\"@type\":\"SearchAction\",\"target\":{\"@type\":\"EntryPoint\",\"urlTemplate\":\"https:\\\/\\\/exaudi.org\\\/?s={search_term_string}\"},\"query-input\":{\"@type\":\"PropertyValueSpecification\",\"valueRequired\":true,\"valueName\":\"search_term_string\"}}],\"inLanguage\":\"es\"},{\"@type\":\"Person\",\"@id\":\"https:\\\/\\\/exaudi.org\\\/#\\\/schema\\\/person\\\/d134b96438278131ce90c90c03fda6cd\",\"name\":\"Gabriel Sales\",\"image\":{\"@type\":\"ImageObject\",\"inLanguage\":\"es\",\"@id\":\"https:\\\/\\\/secure.gravatar.com\\\/avatar\\\/9b1269566f6a063ed26ffb3532b66a373cdde231ce5d0effb266167437fdaffd?s=96&d=mm&r=g\",\"url\":\"https:\\\/\\\/secure.gravatar.com\\\/avatar\\\/9b1269566f6a063ed26ffb3532b66a373cdde231ce5d0effb266167437fdaffd?s=96&d=mm&r=g\",\"contentUrl\":\"https:\\\/\\\/secure.gravatar.com\\\/avatar\\\/9b1269566f6a063ed26ffb3532b66a373cdde231ce5d0effb266167437fdaffd?s=96&d=mm&r=g\",\"caption\":\"Gabriel Sales\"},\"description\":\"Periodista y especialista en Comunicaci\u00f3n y Branding digital. Cin\u00e9filo y cr\u00edtico de cine y series de televisi\u00f3n.\",\"sameAs\":[\"https:\\\/\\\/www.instagram.com\\\/cine90segundos\\\/\",\"www.linkedin.com\\\/in\\\/habemusman\",\"https:\\\/\\\/x.com\\\/habemusman\",\"https:\\\/\\\/www.youtube.com\\\/channel\\\/UCVfCiOMkJ_C7T7OpyjuaLDg\"],\"url\":\"https:\\\/\\\/exaudi.org\\\/es\\\/author\\\/gsalesexaudi-org\\\/\"}]}<\/script>\n<!-- \/ Yoast SEO plugin. -->","yoast_head_json":{"title":"Ucrania: Parolin llama a negociar para frenar la \u201clocura de la guerra\u201d","description":"Parolin, secretario de Estado del Vaticano, llama a los l\u00edderes del mundo a negociar para evitar la \"locura de la guerra\" en Ucrania.","robots":{"index":"index","follow":"follow","max-snippet":"max-snippet:-1","max-image-preview":"max-image-preview:large","max-video-preview":"max-video-preview:-1"},"canonical":"https:\/\/exaudi.org\/es\/ucrania-parolin-negociar-frenar-locura-guerra\/","og_locale":"es_ES","og_type":"article","og_title":"Ucrania: Parolin llama a negociar para frenar la \u201clocura de la guerra\u201d","og_description":"Parolin, secretario de Estado del Vaticano, llama a los l\u00edderes del mundo a negociar para evitar la \"locura de la guerra\" en Ucrania.","og_url":"https:\/\/exaudi.org\/es\/ucrania-parolin-negociar-frenar-locura-guerra\/","og_site_name":"Exaudi","article_publisher":"https:\/\/www.facebook.com\/ExaudiNews","article_published_time":"2022-02-24T14:42:24+00:00","article_modified_time":"2022-02-24T14:44:18+00:00","og_image":[{"width":1012,"height":759,"url":"https:\/\/exaudi.org\/wp-content\/uploads\/2022\/02\/parolindeclaracionucrania.jpeg","type":"image\/jpeg"}],"author":"Gabriel Sales","twitter_card":"summary_large_image","twitter_creator":"@habemusman","twitter_site":"@Exaudi_News","twitter_misc":{"Escrito por":"Gabriel Sales","Tiempo de lectura":"1 minuto"},"schema":{"@context":"https:\/\/schema.org","@graph":[{"@type":"Article","@id":"https:\/\/exaudi.org\/es\/ucrania-parolin-negociar-frenar-locura-guerra\/#article","isPartOf":{"@id":"https:\/\/exaudi.org\/es\/ucrania-parolin-negociar-frenar-locura-guerra\/"},"author":{"name":"Gabriel Sales","@id":"https:\/\/exaudi.org\/#\/schema\/person\/d134b96438278131ce90c90c03fda6cd"},"headline":"Ucrania: Parolin llama a negociar para frenar la \u201clocura de la guerra\u201d","datePublished":"2022-02-24T14:42:24+00:00","dateModified":"2022-02-24T14:44:18+00:00","mainEntityOfPage":{"@id":"https:\/\/exaudi.org\/es\/ucrania-parolin-negociar-frenar-locura-guerra\/"},"wordCount":289,"image":{"@id":"https:\/\/exaudi.org\/es\/ucrania-parolin-negociar-frenar-locura-guerra\/#primaryimage"},"thumbnailUrl":"https:\/\/exaudi.org\/wp-content\/uploads\/2022\/02\/parolindeclaracionucrania.jpeg","keywords":["Cardenal Pietro Parolin","Declaraci\u00f3n","guerra","Trending","Ucrania"],"articleSection":["Vaticano"],"inLanguage":"es"},{"@type":"WebPage","@id":"https:\/\/exaudi.org\/es\/ucrania-parolin-negociar-frenar-locura-guerra\/","url":"https:\/\/exaudi.org\/es\/ucrania-parolin-negociar-frenar-locura-guerra\/","name":"Ucrania: Parolin llama a negociar para frenar la \u201clocura de la guerra\u201d","isPartOf":{"@id":"https:\/\/exaudi.org\/#website"},"primaryImageOfPage":{"@id":"https:\/\/exaudi.org\/es\/ucrania-parolin-negociar-frenar-locura-guerra\/#primaryimage"},"image":{"@id":"https:\/\/exaudi.org\/es\/ucrania-parolin-negociar-frenar-locura-guerra\/#primaryimage"},"thumbnailUrl":"https:\/\/exaudi.org\/wp-content\/uploads\/2022\/02\/parolindeclaracionucrania.jpeg","datePublished":"2022-02-24T14:42:24+00:00","dateModified":"2022-02-24T14:44:18+00:00","author":{"@id":"https:\/\/exaudi.org\/#\/schema\/person\/d134b96438278131ce90c90c03fda6cd"},"description":"Parolin, secretario de Estado del Vaticano, llama a los l\u00edderes del mundo a negociar para evitar la \"locura de la guerra\" en Ucrania.","breadcrumb":{"@id":"https:\/\/exaudi.org\/es\/ucrania-parolin-negociar-frenar-locura-guerra\/#breadcrumb"},"inLanguage":"es","potentialAction":[{"@type":"ReadAction","target":["https:\/\/exaudi.org\/es\/ucrania-parolin-negociar-frenar-locura-guerra\/"]}]},{"@type":"ImageObject","inLanguage":"es","@id":"https:\/\/exaudi.org\/es\/ucrania-parolin-negociar-frenar-locura-guerra\/#primaryimage","url":"https:\/\/exaudi.org\/wp-content\/uploads\/2022\/02\/parolindeclaracionucrania.jpeg","contentUrl":"https:\/\/exaudi.org\/wp-content\/uploads\/2022\/02\/parolindeclaracionucrania.jpeg","width":1012,"height":759,"caption":"\u00a9 Vatican Media"},{"@type":"BreadcrumbList","@id":"https:\/\/exaudi.org\/es\/ucrania-parolin-negociar-frenar-locura-guerra\/#breadcrumb","itemListElement":[{"@type":"ListItem","position":1,"name":"Portada","item":"https:\/\/exaudi.org\/es\/"},{"@type":"ListItem","position":2,"name":"Ucrania: Parolin llama a negociar para frenar la \u201clocura de la guerra\u201d"}]},{"@type":"WebSite","@id":"https:\/\/exaudi.org\/#website","url":"https:\/\/exaudi.org\/","name":"Exaudi","description":"News","potentialAction":[{"@type":"SearchAction","target":{"@type":"EntryPoint","urlTemplate":"https:\/\/exaudi.org\/?s={search_term_string}"},"query-input":{"@type":"PropertyValueSpecification","valueRequired":true,"valueName":"search_term_string"}}],"inLanguage":"es"},{"@type":"Person","@id":"https:\/\/exaudi.org\/#\/schema\/person\/d134b96438278131ce90c90c03fda6cd","name":"Gabriel Sales","image":{"@type":"ImageObject","inLanguage":"es","@id":"https:\/\/secure.gravatar.com\/avatar\/9b1269566f6a063ed26ffb3532b66a373cdde231ce5d0effb266167437fdaffd?s=96&d=mm&r=g","url":"https:\/\/secure.gravatar.com\/avatar\/9b1269566f6a063ed26ffb3532b66a373cdde231ce5d0effb266167437fdaffd?s=96&d=mm&r=g","contentUrl":"https:\/\/secure.gravatar.com\/avatar\/9b1269566f6a063ed26ffb3532b66a373cdde231ce5d0effb266167437fdaffd?s=96&d=mm&r=g","caption":"Gabriel Sales"},"description":"Periodista y especialista en Comunicaci\u00f3n y Branding digital. Cin\u00e9filo y cr\u00edtico de cine y series de televisi\u00f3n.","sameAs":["https:\/\/www.instagram.com\/cine90segundos\/","www.linkedin.com\/in\/habemusman","https:\/\/x.com\/habemusman","https:\/\/www.youtube.com\/channel\/UCVfCiOMkJ_C7T7OpyjuaLDg"],"url":"https:\/\/exaudi.org\/es\/author\/gsalesexaudi-org\/"}]}},"jetpack_featured_media_url":"https:\/\/exaudi.org\/wp-content\/uploads\/2022\/02\/parolindeclaracionucrania.jpeg","jetpack_shortlink":"https:\/\/wp.me\/pgKjF2-dPc","_links":{"self":[{"href":"https:\/\/exaudi.org\/es\/wp-json\/wp\/v2\/posts\/53146","targetHints":{"allow":["GET"]}}],"collection":[{"href":"https:\/\/exaudi.org\/es\/wp-json\/wp\/v2\/posts"}],"about":[{"href":"https:\/\/exaudi.org\/es\/wp-json\/wp\/v2\/types\/post"}],"author":[{"embeddable":true,"href":"https:\/\/exaudi.org\/es\/wp-json\/wp\/v2\/users\/6"}],"replies":[{"embeddable":true,"href":"https:\/\/exaudi.org\/es\/wp-json\/wp\/v2\/comments?post=53146"}],"version-history":[{"count":0,"href":"https:\/\/exaudi.org\/es\/wp-json\/wp\/v2\/posts\/53146\/revisions"}],"wp:featuredmedia":[{"embeddable":true,"href":"https:\/\/exaudi.org\/es\/wp-json\/wp\/v2\/media\/53147"}],"wp:attachment":[{"href":"https:\/\/exaudi.org\/es\/wp-json\/wp\/v2\/media?parent=53146"}],"wp:term":[{"taxonomy":"category","embeddable":true,"href":"https:\/\/exaudi.org\/es\/wp-json\/wp\/v2\/categories?post=53146"},{"taxonomy":"post_tag","embeddable":true,"href":"https:\/\/exaudi.org\/es\/wp-json\/wp\/v2\/tags?post=53146"}],"curies":[{"name":"wp","href":"https:\/\/api.w.org\/{rel}","templated":true}]}}