{"id":53132,"date":"2022-02-27T09:30:02","date_gmt":"2022-02-27T08:30:02","guid":{"rendered":"https:\/\/exaudi.org\/?p=53132"},"modified":"2022-02-27T12:09:58","modified_gmt":"2022-02-27T11:09:58","slug":"libro-invita-a-orar-y-a-tener-encuentro-intimo-con-el-senor","status":"publish","type":"post","link":"https:\/\/exaudi.org\/es\/libro-invita-a-orar-y-a-tener-encuentro-intimo-con-el-senor\/","title":{"rendered":"Un libro que invita a orar y a tener un \u201cencuentro \u00edntimo con el Se\u00f1or\u201d"},"content":{"rendered":"<p><em>Arraigados solo en \u00c9l <\/em><a href=\"https:\/\/editorialsantidad.com\/\" target=\"_blank\" rel=\"noopener\">(Editorial Santidad)<\/a> es un libro que invita a orar y \u201ca ese encuentro \u00edntimo con el Se\u00f1or\u201d. Tambi\u00e9n, \u201clos lectores expresan que la obra facilita el tener momentos de oraci\u00f3n personal y que ayuda a preparar oraciones para encuentros comunitarios\u201d, expresa su autora, Silvia Relinque.<\/p>\n<p>La escritora se considera una mujer \u201cenamorada de las cosas del Se\u00f1or y de Nuestra Madre, desde muy ni\u00f1a\u201d. Esta madre de familia fue descubriendo \u201cpoquito a poco Dios me ha ido susurrando el verdadero sentido de nuestras vidas, que no es otro que el de amar, dejarse amar, practicar la compasi\u00f3n y caminar humildemente con \u00c9l\u201d. Asimismo, Silvia comparte\u00a0que se ha ido dando cuenta de que \u201cla fe es uno de los grandes tesoros que el Se\u00f1or nos regala diariamente como don, y que gracias a ella he podido ir sustentando los reveses de mi vida\u201d.<\/p>\n<p>A continuaci\u00f3n, sigue la entrevista completa de Exaudi.<\/p>\n<p>***<\/p>\n<p><strong><img loading=\"lazy\" decoding=\"async\" class=\"size-medium wp-image-53199 alignright\" src=\"https:\/\/exaudi.org\/wp-content\/uploads\/2022\/02\/WhatsApp-Image-2022-02-24-at-2.33.14-PM-1-208x300.jpeg\" alt=\"\" width=\"208\" height=\"300\" srcset=\"https:\/\/exaudi.org\/wp-content\/uploads\/2022\/02\/WhatsApp-Image-2022-02-24-at-2.33.14-PM-1-208x300.jpeg 208w, https:\/\/exaudi.org\/wp-content\/uploads\/2022\/02\/WhatsApp-Image-2022-02-24-at-2.33.14-PM-1-710x1024.jpeg 710w, https:\/\/exaudi.org\/wp-content\/uploads\/2022\/02\/WhatsApp-Image-2022-02-24-at-2.33.14-PM-1-500x721.jpeg 500w, https:\/\/exaudi.org\/wp-content\/uploads\/2022\/02\/WhatsApp-Image-2022-02-24-at-2.33.14-PM-1-293x422.jpeg 293w, https:\/\/exaudi.org\/wp-content\/uploads\/2022\/02\/WhatsApp-Image-2022-02-24-at-2.33.14-PM-1-390x562.jpeg 390w, https:\/\/exaudi.org\/wp-content\/uploads\/2022\/02\/WhatsApp-Image-2022-02-24-at-2.33.14-PM-1.jpeg 720w\" sizes=\"auto, (max-width: 208px) 100vw, 208px\" \/>Exaudi: \u00bfQu\u00e9 te lleva a escribir una obra tan personal como son reflexiones para ser meditadas?<\/strong><\/p>\n<p><strong>Silvia Relinque:<\/strong> Una de las motivaciones que me ha llevado escribir esta obra de <em>Arraigados solo en \u00c9l<\/em>, es darme cuenta que la vida es un constante decir adi\u00f3s a las cosas que cre\u00edamos importantes; tambi\u00e9n la vida es un constante decir hola, y un dejarse sorprender de sus maravillas, claro que s\u00ed, pero con frecuencia estamos constantemente soltando sin darnos cuenta: empezando por la crianza de nuestros hijos que van madurando y deslig\u00e1ndose poquito a poco del n\u00facleo familiar; reconocer que nuestros padres se van haciendo mayores y que les tendremos que despedir en alg\u00fan momento; viviendo, ahora mismo, c\u00f3mo la buena salud no es algo de lo que dispongamos siempre; la despedida la familiares queridos en esta pandemia; en definitiva, asumir, con paz que la vida cambia y que hemos de estar abiertos a esos cambios desde la serenidad, pero con una sola confianza, de que cimentando y arraigando la vida en el Se\u00f1or y en Nuestra Madre, estas circunstancia vitales se pueden vivir desde otro lugar de confianza profunda.<\/p>\n<p>M\u00e1s concretamente, en mi adolescencia me preparaba para ser bailarina de danza cl\u00e1sica para el Ballet Nacional compagin\u00e1ndolo siempre con mis estudios, pero con dieciocho a\u00f1os una lesi\u00f3n inesperada trunc\u00f3 ese sue\u00f1o. Fue mi primera experiencia de sustento en la fe, pues ese mismo a\u00f1o recib\u00eda el sacramento de la Confirmaci\u00f3n. Sent\u00ed ah\u00ed la mano del Se\u00f1or que me sustentaba en ese duelo.<\/p>\n<p>Otra experiencia dolorosa de hace unos a\u00f1os, fue un despido laboral improcedente, tras un a\u00f1o de <em>mobbing<\/em>. Esta situaci\u00f3n que me dej\u00f3 muy paralizada personalmente, aunque ya era esposa y madre de familia, pero al vivir la profesi\u00f3n como verdadera vocaci\u00f3n, el impacto fue mayor y tard\u00e9 a\u00f1os en recuperarme. Ah\u00ed, el apoyo de la familia y la comunidad cristiana fue muy grande, pero la oraci\u00f3n y el sustento en la fe fueron medios importantes en mi vida para de nuevo transitar otro duelo.<\/p>\n<p>Posteriormente, las enfermedades de mis padres, cada uno con un c\u00e1ncer, tambi\u00e9n fue otro cap\u00edtulo de mi libro de vida, y sin fe y oraci\u00f3n constante no hubiera sido capaz de afrontarlo con paz y amor.<\/p>\n<p>En definitiva, todo un c\u00famulo de experiencias que me invitaban, desde el coraz\u00f3n y\u00a0 la oraci\u00f3n, a escribir para otras personas que estuvieran pasando por momentos de dificultad, y al menos, ser, con mi vida y reflexiones, testimonio de que un Amor m\u00e1s grande nos sustenta en medio de tormentas y vendavales, y que el dolor o el fracaso no tienen la \u00faltima palabra.<\/p>\n<p>As\u00ed naci\u00f3 <em>Arraigados solo en \u00c9l<\/em>.<\/p>\n<p><strong>Exaudi: \u00bfPor qu\u00e9 elegiste como t\u00edtulo para la obra <em>Arraigados solo en \u00c9l<\/em>?<\/strong><\/p>\n<p><strong>Silvia Relinque:<\/strong> Eleg\u00ed este t\u00edtulo por la experiencia personal de que solo fundamentando nuestra vida en el Se\u00f1or, ya \u00c9l es sustento suficiente y necesario para transitar los oleajes de la vida; y que para esta experiencia de su presencia en todo cuanto nos acontezca, tan solo necesitamos orar, hablar con \u00c9l, abrirle nuestra casa interior para que \u00c9l ocupe el lugar central en nuestras moradas. Igualmente me ayudaron las palabras de San Pablo a los Colosenses: \u201c\u2026arraigados en \u00c9l, dejaos construir y afianzar en la fe y rebosad agradecimiento\u2026\u201d (Col 2, 7).<\/p>\n<p><strong>Exaudi: \u00bfQu\u00e9 se va a encontrar el lector en estas reflexiones?<\/strong><\/p>\n<p><strong>Silvia Relinque:<\/strong> El libro <em>Arraigados solo en \u00c9<\/em>l, expone breves cap\u00edtulos a modo de reflexiones personales basadas en el evangelio. En cada uno de los cap\u00edtulos se ofrecen diversas formas de orar en esos temas concretos a trav\u00e9s de frases para ir interiorizando, palabras para ir meditando, m\u00fasica para escuchar y poes\u00edas para orar.<\/p>\n<p>Aun as\u00ed, creo que lo que el lector encuentre en un libro es fruto del Esp\u00edritu Santo m\u00e1s que de la propia obra o de la intencionalidad del escritor. Muchas veces lo que encontramos es lo que necesitamos escuchar o leer, y eso, sin duda, es personalizado y ajustado con detalle a las circunstancias vitales del lector; en eso, he experimentado que el Se\u00f1or es experto, pues nos da lo que necesitamos en cada momento y nos habla de muchas formas, quiz\u00e1 a trav\u00e9s de una lectura espiritual.<\/p>\n<p><strong>Exaudi: \u00bfQu\u00e9 frutos ha dado en ti esta obra y en otras personas que la han recibido?<\/strong><\/p>\n<p><strong>Silvia Relinque:<\/strong> La mayor riqueza que me ha tra\u00eddo lo resumir\u00eda en dos palabras: encuentros y lazos de amistad. Uno de los mayores regalos providenciales que me ha tra\u00eddo esta obra ha sido conocer la Editorial Santidad, bajo la direcci\u00f3n de Antonio Gargallo Gil. Una editorial cristiana con santos deseos de impulsar las obras de nuevos autores con bonitos testimonios de vida detr\u00e1s, y que al mismo tiempo, vela por el crecimiento de nuestra vida espiritual y por la evangelizaci\u00f3n a trav\u00e9s de la lectura.<\/p>\n<p>Creo que detr\u00e1s de esta obra hab\u00eda muchos regalos que el Se\u00f1or me ten\u00eda guardados y este, conocer a Antonio Gargallo y toda su trayectoria profesional, ha sido uno de ellos. \u00a0Entre otros regalos, como dec\u00eda, las bellas personas que el libro me est\u00e1 posibilitando conocer all\u00ed donde voy, y que a trav\u00e9s de entrevistas y presentaciones, se han ido gestando encuentros e incluso relaciones de amistad fraterna.<\/p>\n<p>Tambi\u00e9n, por lo que he ido recibiendo de los lectores acerca de lo que el libro les resuena, por lo visto encuentran en \u00e9l paz interior para sus vidas, aliento para el camino, la posibilidad de estar m\u00e1s cerquita del Se\u00f1or a trav\u00e9s de este peque\u00f1o medio; una obra que les invita a orar, a ese encuentro \u00edntimo con el Se\u00f1or; tambi\u00e9n los lectores expresan que la obra facilita el tener momentos de oraci\u00f3n personal y que ayuda a preparar oraciones para encuentros comunitarios.<\/p>\n<p><strong>Exaudi: \u00bfQu\u00e9 significado tiene para tu vida la aceptaci\u00f3n, el amor, la alegr\u00eda o el perd\u00f3n y de qu\u00e9 manera est\u00e1 presente en el libro?<\/strong><\/p>\n<p><strong>Silvia Relinque:<\/strong> Efectivamente, son temas que est\u00e1n presentes en el libro puesto que los he vivido en primera persona y no pod\u00eda dejar de escribir acerca de ellos por si sirviera de testimonio para otros. En el fondo, contemplando al Se\u00f1or y toda su vida, con los ojos de nuestro coraz\u00f3n fijos solo en \u00c9l, nos damos cuenta de que era una persona verdaderamente feliz, Maestro en el amor, en la alegr\u00eda pero tambi\u00e9n, maestro del perd\u00f3n, la compasi\u00f3n, la misericordia y la aceptaci\u00f3n.<\/p>\n<p>Igualmente, en nuestra Madre tenemos un bello referente al que orientarnos, como escuela de vida, en estas disposiciones para ir cultivando. Es as\u00ed c\u00f3mo, contempl\u00e1ndoles a ambos, sent\u00ed necesario escribir acerca de estas palabras, en una actitud constante de aprender a vivir como ellos vivieron.\u00a0\u00a0\u00a0\u00a0\u00a0\u00a0\u00a0\u00a0\u00a0\u00a0\u00a0\u00a0\u00a0\u00a0\u00a0\u00a0 \u00a0\u00a0\u00a0\u00a0\u00a0\u00a0\u00a0\u00a0\u00a0\u00a0\u00a0\u00a0\u00a0\u00a0\u00a0\u00a0\u00a0\u00a0\u00a0\u00a0\u00a0\u00a0\u00a0\u00a0\u00a0\u00a0\u00a0\u00a0\u00a0\u00a0\u00a0\u00a0\u00a0\u00a0\u00a0\u00a0\u00a0\u00a0\u00a0\u00a0\u00a0\u00a0\u00a0\u00a0\u00a0\u00a0\u00a0\u00a0\u00a0\u00a0\u00a0\u00a0\u00a0\u00a0\u00a0\u00a0\u00a0\u00a0\u00a0\u00a0\u00a0\u00a0\u00a0\u00a0\u00a0\u00a0\u00a0\u00a0\u00a0\u00a0\u00a0<em>\u00a0\u00a0\u00a0<\/em><\/p>\n","protected":false},"excerpt":{"rendered":"<p>Entrevista a Silvia Relinque, autora del libro &#8216;Arraigados solo en \u00c9l&#8217;<\/p>\n","protected":false},"author":81,"featured_media":53307,"comment_status":"closed","ping_status":"closed","sticky":false,"template":"","format":"standard","meta":{"_acf_changed":false,"_crdt_document":"","inline_featured_image":false,"footnotes":""},"categories":[108],"tags":[5996,676,5995,4953],"class_list":["post-53132","post","type-post","status-publish","format-standard","has-post-thumbnail","hentry","category-entrevistas","tag-arraigados-solo-en-el","tag-oracion","tag-silvia-relinque","tag-trending-es"],"acf":[],"yoast_head":"<!-- This site is optimized with the Yoast SEO plugin v27.5 - https:\/\/yoast.com\/product\/yoast-seo-wordpress\/ -->\n<title>Un libro que invita a orar y a tener un \u201cencuentro \u00edntimo con el Se\u00f1or\u201d &#8211; Exaudi<\/title>\n<meta name=\"description\" content=\"Arraigados solo en \u00c9l (Editorial Santidad) es un libro que invita a orar y \u201ca ese encuentro \u00edntimo con el Se\u00f1or\" \/>\n<meta name=\"robots\" content=\"index, follow, max-snippet:-1, max-image-preview:large, max-video-preview:-1\" \/>\n<link rel=\"canonical\" href=\"https:\/\/exaudi.org\/es\/libro-invita-a-orar-y-a-tener-encuentro-intimo-con-el-senor\/\" \/>\n<meta property=\"og:locale\" content=\"es_ES\" \/>\n<meta property=\"og:type\" content=\"article\" \/>\n<meta property=\"og:title\" content=\"Un libro que invita a orar y a tener un \u201cencuentro \u00edntimo con el Se\u00f1or\u201d &#8211; Exaudi\" \/>\n<meta property=\"og:description\" content=\"Arraigados solo en \u00c9l (Editorial Santidad) es un libro que invita a orar y \u201ca ese encuentro \u00edntimo con el Se\u00f1or\" \/>\n<meta property=\"og:url\" content=\"https:\/\/exaudi.org\/es\/libro-invita-a-orar-y-a-tener-encuentro-intimo-con-el-senor\/\" \/>\n<meta property=\"og:site_name\" content=\"Exaudi\" \/>\n<meta property=\"article:publisher\" content=\"https:\/\/www.facebook.com\/ExaudiNews\" \/>\n<meta property=\"article:published_time\" content=\"2022-02-27T08:30:02+00:00\" \/>\n<meta property=\"article:modified_time\" content=\"2022-02-27T11:09:58+00:00\" \/>\n<meta property=\"og:image\" content=\"https:\/\/exaudi.org\/wp-content\/uploads\/2022\/02\/WhatsApp-Image-2022-02-25-at-1.36.53-PM.jpeg\" \/>\n\t<meta property=\"og:image:width\" content=\"994\" \/>\n\t<meta property=\"og:image:height\" content=\"753\" \/>\n\t<meta property=\"og:image:type\" content=\"image\/jpeg\" \/>\n<meta name=\"author\" content=\"Alba Montalvo\" \/>\n<meta name=\"twitter:card\" content=\"summary_large_image\" \/>\n<meta name=\"twitter:creator\" content=\"@Exaudi_News\" \/>\n<meta name=\"twitter:site\" content=\"@Exaudi_News\" \/>\n<meta name=\"twitter:label1\" content=\"Escrito por\" \/>\n\t<meta name=\"twitter:data1\" content=\"Alba Montalvo\" \/>\n\t<meta name=\"twitter:label2\" content=\"Tiempo de lectura\" \/>\n\t<meta name=\"twitter:data2\" content=\"7 minutos\" \/>\n<script type=\"application\/ld+json\" class=\"yoast-schema-graph\">{\"@context\":\"https:\\\/\\\/schema.org\",\"@graph\":[{\"@type\":\"Article\",\"@id\":\"https:\\\/\\\/exaudi.org\\\/es\\\/libro-invita-a-orar-y-a-tener-encuentro-intimo-con-el-senor\\\/#article\",\"isPartOf\":{\"@id\":\"https:\\\/\\\/exaudi.org\\\/es\\\/libro-invita-a-orar-y-a-tener-encuentro-intimo-con-el-senor\\\/\"},\"author\":{\"name\":\"Alba Montalvo\",\"@id\":\"https:\\\/\\\/exaudi.org\\\/#\\\/schema\\\/person\\\/fc7b3cbb6f4d66ebcb53bf601d7b7eb1\"},\"headline\":\"Un libro que invita a orar y a tener un \u201cencuentro \u00edntimo con el Se\u00f1or\u201d\",\"datePublished\":\"2022-02-27T08:30:02+00:00\",\"dateModified\":\"2022-02-27T11:09:58+00:00\",\"mainEntityOfPage\":{\"@id\":\"https:\\\/\\\/exaudi.org\\\/es\\\/libro-invita-a-orar-y-a-tener-encuentro-intimo-con-el-senor\\\/\"},\"wordCount\":1365,\"image\":{\"@id\":\"https:\\\/\\\/exaudi.org\\\/es\\\/libro-invita-a-orar-y-a-tener-encuentro-intimo-con-el-senor\\\/#primaryimage\"},\"thumbnailUrl\":\"https:\\\/\\\/exaudi.org\\\/wp-content\\\/uploads\\\/2022\\\/02\\\/WhatsApp-Image-2022-02-25-at-1.36.53-PM.jpeg\",\"keywords\":[\"Arraigados solo en \u00c9l\",\"Oraci\u00f3n\",\"Silvia Relinque\",\"Trending\"],\"articleSection\":[\"Entrevistas\"],\"inLanguage\":\"es\"},{\"@type\":\"WebPage\",\"@id\":\"https:\\\/\\\/exaudi.org\\\/es\\\/libro-invita-a-orar-y-a-tener-encuentro-intimo-con-el-senor\\\/\",\"url\":\"https:\\\/\\\/exaudi.org\\\/es\\\/libro-invita-a-orar-y-a-tener-encuentro-intimo-con-el-senor\\\/\",\"name\":\"Un libro que invita a orar y a tener un \u201cencuentro \u00edntimo con el Se\u00f1or\u201d &#8211; Exaudi\",\"isPartOf\":{\"@id\":\"https:\\\/\\\/exaudi.org\\\/#website\"},\"primaryImageOfPage\":{\"@id\":\"https:\\\/\\\/exaudi.org\\\/es\\\/libro-invita-a-orar-y-a-tener-encuentro-intimo-con-el-senor\\\/#primaryimage\"},\"image\":{\"@id\":\"https:\\\/\\\/exaudi.org\\\/es\\\/libro-invita-a-orar-y-a-tener-encuentro-intimo-con-el-senor\\\/#primaryimage\"},\"thumbnailUrl\":\"https:\\\/\\\/exaudi.org\\\/wp-content\\\/uploads\\\/2022\\\/02\\\/WhatsApp-Image-2022-02-25-at-1.36.53-PM.jpeg\",\"datePublished\":\"2022-02-27T08:30:02+00:00\",\"dateModified\":\"2022-02-27T11:09:58+00:00\",\"author\":{\"@id\":\"https:\\\/\\\/exaudi.org\\\/#\\\/schema\\\/person\\\/fc7b3cbb6f4d66ebcb53bf601d7b7eb1\"},\"description\":\"Arraigados solo en \u00c9l (Editorial Santidad) es un libro que invita a orar y \u201ca ese encuentro \u00edntimo con el Se\u00f1or\",\"breadcrumb\":{\"@id\":\"https:\\\/\\\/exaudi.org\\\/es\\\/libro-invita-a-orar-y-a-tener-encuentro-intimo-con-el-senor\\\/#breadcrumb\"},\"inLanguage\":\"es\",\"potentialAction\":[{\"@type\":\"ReadAction\",\"target\":[\"https:\\\/\\\/exaudi.org\\\/es\\\/libro-invita-a-orar-y-a-tener-encuentro-intimo-con-el-senor\\\/\"]}]},{\"@type\":\"ImageObject\",\"inLanguage\":\"es\",\"@id\":\"https:\\\/\\\/exaudi.org\\\/es\\\/libro-invita-a-orar-y-a-tener-encuentro-intimo-con-el-senor\\\/#primaryimage\",\"url\":\"https:\\\/\\\/exaudi.org\\\/wp-content\\\/uploads\\\/2022\\\/02\\\/WhatsApp-Image-2022-02-25-at-1.36.53-PM.jpeg\",\"contentUrl\":\"https:\\\/\\\/exaudi.org\\\/wp-content\\\/uploads\\\/2022\\\/02\\\/WhatsApp-Image-2022-02-25-at-1.36.53-PM.jpeg\",\"width\":994,\"height\":753,\"caption\":\"Silvia Relinque, autora de 'Arraigados solo en \u00c9l' \u00a9 Silvia Relinque\"},{\"@type\":\"BreadcrumbList\",\"@id\":\"https:\\\/\\\/exaudi.org\\\/es\\\/libro-invita-a-orar-y-a-tener-encuentro-intimo-con-el-senor\\\/#breadcrumb\",\"itemListElement\":[{\"@type\":\"ListItem\",\"position\":1,\"name\":\"Portada\",\"item\":\"https:\\\/\\\/exaudi.org\\\/es\\\/\"},{\"@type\":\"ListItem\",\"position\":2,\"name\":\"Un libro que invita a orar y a tener un \u201cencuentro \u00edntimo con el Se\u00f1or\u201d\"}]},{\"@type\":\"WebSite\",\"@id\":\"https:\\\/\\\/exaudi.org\\\/#website\",\"url\":\"https:\\\/\\\/exaudi.org\\\/\",\"name\":\"Exaudi\",\"description\":\"News\",\"potentialAction\":[{\"@type\":\"SearchAction\",\"target\":{\"@type\":\"EntryPoint\",\"urlTemplate\":\"https:\\\/\\\/exaudi.org\\\/?s={search_term_string}\"},\"query-input\":{\"@type\":\"PropertyValueSpecification\",\"valueRequired\":true,\"valueName\":\"search_term_string\"}}],\"inLanguage\":\"es\"},{\"@type\":\"Person\",\"@id\":\"https:\\\/\\\/exaudi.org\\\/#\\\/schema\\\/person\\\/fc7b3cbb6f4d66ebcb53bf601d7b7eb1\",\"name\":\"Alba Montalvo\",\"image\":{\"@type\":\"ImageObject\",\"inLanguage\":\"es\",\"@id\":\"https:\\\/\\\/secure.gravatar.com\\\/avatar\\\/1e8c522219a5df52d143b7baf13997ffd4f1814ca862efe7af11a13849275021?s=96&d=mm&r=g\",\"url\":\"https:\\\/\\\/secure.gravatar.com\\\/avatar\\\/1e8c522219a5df52d143b7baf13997ffd4f1814ca862efe7af11a13849275021?s=96&d=mm&r=g\",\"contentUrl\":\"https:\\\/\\\/secure.gravatar.com\\\/avatar\\\/1e8c522219a5df52d143b7baf13997ffd4f1814ca862efe7af11a13849275021?s=96&d=mm&r=g\",\"caption\":\"Alba Montalvo\"},\"description\":\"Licenciada en Periodismo y M\u00e1ster en Periodismo Social. Mi trayectoria profesional ha estado siempre vinculada al \u00e1mbito de la comunicaci\u00f3n en el entorno digital. He trabajado como productora, gestora de contenidos estrat\u00e9gicos para redes y entrevistadora en la Fundaci\u00f3n Mater Mundi TV. Madrile\u00f1a de nacimiento, actualmente vivo en M\u00e1laga.\",\"url\":\"https:\\\/\\\/exaudi.org\\\/es\\\/author\\\/amontalvoexaudi-org\\\/\"}]}<\/script>\n<!-- \/ Yoast SEO plugin. -->","yoast_head_json":{"title":"Un libro que invita a orar y a tener un \u201cencuentro \u00edntimo con el Se\u00f1or\u201d &#8211; Exaudi","description":"Arraigados solo en \u00c9l (Editorial Santidad) es un libro que invita a orar y \u201ca ese encuentro \u00edntimo con el Se\u00f1or","robots":{"index":"index","follow":"follow","max-snippet":"max-snippet:-1","max-image-preview":"max-image-preview:large","max-video-preview":"max-video-preview:-1"},"canonical":"https:\/\/exaudi.org\/es\/libro-invita-a-orar-y-a-tener-encuentro-intimo-con-el-senor\/","og_locale":"es_ES","og_type":"article","og_title":"Un libro que invita a orar y a tener un \u201cencuentro \u00edntimo con el Se\u00f1or\u201d &#8211; Exaudi","og_description":"Arraigados solo en \u00c9l (Editorial Santidad) es un libro que invita a orar y \u201ca ese encuentro \u00edntimo con el Se\u00f1or","og_url":"https:\/\/exaudi.org\/es\/libro-invita-a-orar-y-a-tener-encuentro-intimo-con-el-senor\/","og_site_name":"Exaudi","article_publisher":"https:\/\/www.facebook.com\/ExaudiNews","article_published_time":"2022-02-27T08:30:02+00:00","article_modified_time":"2022-02-27T11:09:58+00:00","og_image":[{"width":994,"height":753,"url":"https:\/\/exaudi.org\/wp-content\/uploads\/2022\/02\/WhatsApp-Image-2022-02-25-at-1.36.53-PM.jpeg","type":"image\/jpeg"}],"author":"Alba Montalvo","twitter_card":"summary_large_image","twitter_creator":"@Exaudi_News","twitter_site":"@Exaudi_News","twitter_misc":{"Escrito por":"Alba Montalvo","Tiempo de lectura":"7 minutos"},"schema":{"@context":"https:\/\/schema.org","@graph":[{"@type":"Article","@id":"https:\/\/exaudi.org\/es\/libro-invita-a-orar-y-a-tener-encuentro-intimo-con-el-senor\/#article","isPartOf":{"@id":"https:\/\/exaudi.org\/es\/libro-invita-a-orar-y-a-tener-encuentro-intimo-con-el-senor\/"},"author":{"name":"Alba Montalvo","@id":"https:\/\/exaudi.org\/#\/schema\/person\/fc7b3cbb6f4d66ebcb53bf601d7b7eb1"},"headline":"Un libro que invita a orar y a tener un \u201cencuentro \u00edntimo con el Se\u00f1or\u201d","datePublished":"2022-02-27T08:30:02+00:00","dateModified":"2022-02-27T11:09:58+00:00","mainEntityOfPage":{"@id":"https:\/\/exaudi.org\/es\/libro-invita-a-orar-y-a-tener-encuentro-intimo-con-el-senor\/"},"wordCount":1365,"image":{"@id":"https:\/\/exaudi.org\/es\/libro-invita-a-orar-y-a-tener-encuentro-intimo-con-el-senor\/#primaryimage"},"thumbnailUrl":"https:\/\/exaudi.org\/wp-content\/uploads\/2022\/02\/WhatsApp-Image-2022-02-25-at-1.36.53-PM.jpeg","keywords":["Arraigados solo en \u00c9l","Oraci\u00f3n","Silvia Relinque","Trending"],"articleSection":["Entrevistas"],"inLanguage":"es"},{"@type":"WebPage","@id":"https:\/\/exaudi.org\/es\/libro-invita-a-orar-y-a-tener-encuentro-intimo-con-el-senor\/","url":"https:\/\/exaudi.org\/es\/libro-invita-a-orar-y-a-tener-encuentro-intimo-con-el-senor\/","name":"Un libro que invita a orar y a tener un \u201cencuentro \u00edntimo con el Se\u00f1or\u201d &#8211; Exaudi","isPartOf":{"@id":"https:\/\/exaudi.org\/#website"},"primaryImageOfPage":{"@id":"https:\/\/exaudi.org\/es\/libro-invita-a-orar-y-a-tener-encuentro-intimo-con-el-senor\/#primaryimage"},"image":{"@id":"https:\/\/exaudi.org\/es\/libro-invita-a-orar-y-a-tener-encuentro-intimo-con-el-senor\/#primaryimage"},"thumbnailUrl":"https:\/\/exaudi.org\/wp-content\/uploads\/2022\/02\/WhatsApp-Image-2022-02-25-at-1.36.53-PM.jpeg","datePublished":"2022-02-27T08:30:02+00:00","dateModified":"2022-02-27T11:09:58+00:00","author":{"@id":"https:\/\/exaudi.org\/#\/schema\/person\/fc7b3cbb6f4d66ebcb53bf601d7b7eb1"},"description":"Arraigados solo en \u00c9l (Editorial Santidad) es un libro que invita a orar y \u201ca ese encuentro \u00edntimo con el Se\u00f1or","breadcrumb":{"@id":"https:\/\/exaudi.org\/es\/libro-invita-a-orar-y-a-tener-encuentro-intimo-con-el-senor\/#breadcrumb"},"inLanguage":"es","potentialAction":[{"@type":"ReadAction","target":["https:\/\/exaudi.org\/es\/libro-invita-a-orar-y-a-tener-encuentro-intimo-con-el-senor\/"]}]},{"@type":"ImageObject","inLanguage":"es","@id":"https:\/\/exaudi.org\/es\/libro-invita-a-orar-y-a-tener-encuentro-intimo-con-el-senor\/#primaryimage","url":"https:\/\/exaudi.org\/wp-content\/uploads\/2022\/02\/WhatsApp-Image-2022-02-25-at-1.36.53-PM.jpeg","contentUrl":"https:\/\/exaudi.org\/wp-content\/uploads\/2022\/02\/WhatsApp-Image-2022-02-25-at-1.36.53-PM.jpeg","width":994,"height":753,"caption":"Silvia Relinque, autora de 'Arraigados solo en \u00c9l' \u00a9 Silvia Relinque"},{"@type":"BreadcrumbList","@id":"https:\/\/exaudi.org\/es\/libro-invita-a-orar-y-a-tener-encuentro-intimo-con-el-senor\/#breadcrumb","itemListElement":[{"@type":"ListItem","position":1,"name":"Portada","item":"https:\/\/exaudi.org\/es\/"},{"@type":"ListItem","position":2,"name":"Un libro que invita a orar y a tener un \u201cencuentro \u00edntimo con el Se\u00f1or\u201d"}]},{"@type":"WebSite","@id":"https:\/\/exaudi.org\/#website","url":"https:\/\/exaudi.org\/","name":"Exaudi","description":"News","potentialAction":[{"@type":"SearchAction","target":{"@type":"EntryPoint","urlTemplate":"https:\/\/exaudi.org\/?s={search_term_string}"},"query-input":{"@type":"PropertyValueSpecification","valueRequired":true,"valueName":"search_term_string"}}],"inLanguage":"es"},{"@type":"Person","@id":"https:\/\/exaudi.org\/#\/schema\/person\/fc7b3cbb6f4d66ebcb53bf601d7b7eb1","name":"Alba Montalvo","image":{"@type":"ImageObject","inLanguage":"es","@id":"https:\/\/secure.gravatar.com\/avatar\/1e8c522219a5df52d143b7baf13997ffd4f1814ca862efe7af11a13849275021?s=96&d=mm&r=g","url":"https:\/\/secure.gravatar.com\/avatar\/1e8c522219a5df52d143b7baf13997ffd4f1814ca862efe7af11a13849275021?s=96&d=mm&r=g","contentUrl":"https:\/\/secure.gravatar.com\/avatar\/1e8c522219a5df52d143b7baf13997ffd4f1814ca862efe7af11a13849275021?s=96&d=mm&r=g","caption":"Alba Montalvo"},"description":"Licenciada en Periodismo y M\u00e1ster en Periodismo Social. Mi trayectoria profesional ha estado siempre vinculada al \u00e1mbito de la comunicaci\u00f3n en el entorno digital. He trabajado como productora, gestora de contenidos estrat\u00e9gicos para redes y entrevistadora en la Fundaci\u00f3n Mater Mundi TV. Madrile\u00f1a de nacimiento, actualmente vivo en M\u00e1laga.","url":"https:\/\/exaudi.org\/es\/author\/amontalvoexaudi-org\/"}]}},"jetpack_featured_media_url":"https:\/\/exaudi.org\/wp-content\/uploads\/2022\/02\/WhatsApp-Image-2022-02-25-at-1.36.53-PM.jpeg","jetpack_shortlink":"https:\/\/wp.me\/pgKjF2-dOY","_links":{"self":[{"href":"https:\/\/exaudi.org\/es\/wp-json\/wp\/v2\/posts\/53132","targetHints":{"allow":["GET"]}}],"collection":[{"href":"https:\/\/exaudi.org\/es\/wp-json\/wp\/v2\/posts"}],"about":[{"href":"https:\/\/exaudi.org\/es\/wp-json\/wp\/v2\/types\/post"}],"author":[{"embeddable":true,"href":"https:\/\/exaudi.org\/es\/wp-json\/wp\/v2\/users\/81"}],"replies":[{"embeddable":true,"href":"https:\/\/exaudi.org\/es\/wp-json\/wp\/v2\/comments?post=53132"}],"version-history":[{"count":0,"href":"https:\/\/exaudi.org\/es\/wp-json\/wp\/v2\/posts\/53132\/revisions"}],"wp:featuredmedia":[{"embeddable":true,"href":"https:\/\/exaudi.org\/es\/wp-json\/wp\/v2\/media\/53307"}],"wp:attachment":[{"href":"https:\/\/exaudi.org\/es\/wp-json\/wp\/v2\/media?parent=53132"}],"wp:term":[{"taxonomy":"category","embeddable":true,"href":"https:\/\/exaudi.org\/es\/wp-json\/wp\/v2\/categories?post=53132"},{"taxonomy":"post_tag","embeddable":true,"href":"https:\/\/exaudi.org\/es\/wp-json\/wp\/v2\/tags?post=53132"}],"curies":[{"name":"wp","href":"https:\/\/api.w.org\/{rel}","templated":true}]}}