{"id":53128,"date":"2022-02-24T11:53:45","date_gmt":"2022-02-24T10:53:45","guid":{"rendered":"https:\/\/exaudi.org\/?p=53128"},"modified":"2022-02-24T11:54:43","modified_gmt":"2022-02-24T10:54:43","slug":"urgente-defender-los-derechos-de-los-medicos","status":"publish","type":"post","link":"https:\/\/exaudi.org\/es\/urgente-defender-los-derechos-de-los-medicos\/","title":{"rendered":"Urgente: \u00a1Defender los derechos de los m\u00e9dicos!"},"content":{"rendered":"<p>El sacerdote y doctor en Filosof\u00eda, <a href=\"https:\/\/exaudi.org\/es\/author\/josepmariamontiudenuix\/\" target=\"_blank\" rel=\"noopener\">Jos\u00e9 Mar\u00eda Montiu<\/a>, ofrece esta reflexi\u00f3n sobre la necesidad de defender los derechos de los m\u00e9dicos en la sociedad actual, ya que la ideolog\u00eda pretende estar por encima de la ciencia, m\u00e9dica y biol\u00f3gica.<\/p>\n<p>***<\/p>\n<p>Hoy el estado de la cuesti\u00f3n consiste en que no se respetan los derechos de los miembros de la clase m\u00e9dica. En efecto: en estos \u00faltimos a\u00f1os se ha estado desarrollando un pensamiento \u00fanico, que es lo que suele denominarse pensamiento pol\u00edticamente correcto.<\/p>\n<p>Se trata de una ideolog\u00eda que pretende estar por encima de la ciencia, m\u00e9dica y biol\u00f3gica. Esta pretensi\u00f3n ha llegado incluso a afectar a todo lo m\u00e1s importante de la medicina y de la biolog\u00eda por lo que respecta a la persona humana: la vida, etc., lleg\u00e1ndose incluso a negar los hechos verdaderamente cient\u00edficos, de tipo m\u00e9dico y biol\u00f3gico, los m\u00e1s elementales, los m\u00e1s patentes, los m\u00e1s evidentes, los m\u00e1s obvios.<\/p>\n<p>No se reconoce tampoco aquello que es la funci\u00f3n propia del m\u00e9dico, estar al servicio de la salud y de la vida. Se niega la misma naturaleza de las cosas. Se desprecia la constituci\u00f3n cromos\u00f3mica del ser humano, la relevancia de la informaci\u00f3n contenida en el ADN\u2026<\/p>\n<p>La ideolog\u00eda es considerada superior a la objetiva observaci\u00f3n natural, a la ciencia experimental, al sentido com\u00fan, a lo m\u00e1s coherente con la ciencia experimental, etc. Se considera que la voz de la verdadera ciencia, m\u00e9dica y cient\u00edfica, no tiene ning\u00fan valor ante una ideolog\u00eda que carece de toda base verdaderamente cient\u00edfica. La ideolog\u00eda se quiere imponer s\u00f3lo por ser ella la propia corriente de pensamiento. Se quiere imponer por mera presi\u00f3n, por la fuerza, por mera imposici\u00f3n.<\/p>\n<p>Es obvio que, en esta situaci\u00f3n ideologizada en la que s\u00f3lo cuenta la ideolog\u00eda, y frente a esta nada cuenta la ciencia, nada pueden contar tampoco los cient\u00edficos de la medicina y de la biolog\u00eda, los m\u00e9dicos y los bi\u00f3logos. Se toman resoluciones de gran trascendencia en los \u00e1mbitos m\u00e9dicos y biol\u00f3gicos sin siquiera contar con las instancias m\u00e9dicas y biol\u00f3gicas. Incluso se llega a presionar a toda la clase m\u00e9dica para que nadie de la misma pueda hacer uso de su derecho a la objeci\u00f3n de conciencia sin tener que padecer alg\u00fan tipo de punici\u00f3n, pues no se le perdona que esto contradecir\u00eda a la ideolog\u00eda que se quiere imponer.<\/p>\n<p>El estado de la cuesti\u00f3n manifiesta a las claras que estamos ante un atentado contra toda la clase m\u00e9dica, un aut\u00e9ntico atropello contra la misma. La dimensi\u00f3n anticient\u00edfica de la ideolog\u00eda va unida necesariamente a una actitud anti-cient\u00edficos, concretamente, anti-m\u00e9dicos y anti-bi\u00f3logos. Esta aversi\u00f3n va dirigida con mayor fuerza, claro est\u00e1, contra los cient\u00edficos que tengan un mayor grado de cientificidad.<\/p>\n<p>En definitiva, es evidente que, la antedicha ideolog\u00eda, en tant\u00edsimas de las cuestiones que trata, resulta claramente contraria a los derechos de los miembros de la clase m\u00e9dica. Se desprecia, pues, constantemente a todos ellos. Este desprecio es el \u00fanico com\u00fan denominador de las grandes cuestiones m\u00e9dicas y biol\u00f3gicas que se est\u00e1n planteando. En cambio, por ejemplo, la cultura de la muerte, a\u00fan estando tan extendida, no llega a ser su com\u00fan denominador.<\/p>\n<p>La riada pro-abortista, provoc\u00f3, por reacci\u00f3n natural, de defensa del derecho a la vida, la creaci\u00f3n de una riada de asociaciones pro-vida. An\u00e1logamente, como algo que cada d\u00eda urge mucho m\u00e1s, la riada de atropellos contra la clase m\u00e9dica habr\u00eda de provocar una riada de asociaciones para la defensa de los derechos de los m\u00e9dicos. Si esto no se logra, es de prever que habr\u00e1 muchos m\u00e1s atropellos, pues a las ideolog\u00edas les sobran los cient\u00edficos, como a los revolucionarios les sobran los intelectuales serios.<\/p>\n","protected":false},"excerpt":{"rendered":"<p>La ideolog\u00eda pretende estar por encima de la ciencia, m\u00e9dica y biol\u00f3gica<\/p>\n","protected":false},"author":45,"featured_media":53129,"comment_status":"closed","ping_status":"closed","sticky":false,"template":"","format":"standard","meta":{"_acf_changed":false,"_crdt_document":"","inline_featured_image":false,"footnotes":""},"categories":[],"tags":[1214,1214,5992,3167,5991],"class_list":{"0":"post-53128","1":"post","2":"type-post","3":"status-publish","4":"format-standard","5":"has-post-thumbnail","6":"hentry","7":"tag-defensa-de-la-vida","9":"tag-ideologia","10":"tag-medicina","11":"tag-medicos"},"acf":[],"yoast_head":"<!-- This site is optimized with the Yoast SEO plugin v27.4 - https:\/\/yoast.com\/product\/yoast-seo-wordpress\/ -->\n<title>Urgente: \u00a1Defender los derechos de los m\u00e9dicos! &#8211; Exaudi<\/title>\n<meta name=\"description\" content=\"El sacerdote y doctor en Filosof\u00eda, Jos\u00e9 Mar\u00eda Montiu, ofrece esta reflexi\u00f3n sobre la necesidad de defender los derechos de los m\u00e9dicos\" \/>\n<meta name=\"robots\" content=\"index, follow, max-snippet:-1, max-image-preview:large, max-video-preview:-1\" \/>\n<link rel=\"canonical\" href=\"https:\/\/exaudi.org\/es\/urgente-defender-los-derechos-de-los-medicos\/\" \/>\n<meta property=\"og:locale\" content=\"es_ES\" \/>\n<meta property=\"og:type\" content=\"article\" \/>\n<meta property=\"og:title\" content=\"Urgente: \u00a1Defender los derechos de los m\u00e9dicos! &#8211; Exaudi\" \/>\n<meta property=\"og:description\" content=\"El sacerdote y doctor en Filosof\u00eda, Jos\u00e9 Mar\u00eda Montiu, ofrece esta reflexi\u00f3n sobre la necesidad de defender los derechos de los m\u00e9dicos\" \/>\n<meta property=\"og:url\" content=\"https:\/\/exaudi.org\/es\/urgente-defender-los-derechos-de-los-medicos\/\" \/>\n<meta property=\"og:site_name\" content=\"Exaudi\" \/>\n<meta property=\"article:publisher\" content=\"https:\/\/www.facebook.com\/ExaudiNews\" \/>\n<meta property=\"article:published_time\" content=\"2022-02-24T10:53:45+00:00\" \/>\n<meta property=\"article:modified_time\" content=\"2022-02-24T10:54:43+00:00\" \/>\n<meta property=\"og:image\" content=\"https:\/\/exaudi.org\/wp-content\/uploads\/2022\/02\/pexels-evg-kowalievska-1170979-scaled.jpg\" \/>\n\t<meta property=\"og:image:width\" content=\"2560\" \/>\n\t<meta property=\"og:image:height\" content=\"1706\" \/>\n\t<meta property=\"og:image:type\" content=\"image\/jpeg\" \/>\n<meta name=\"author\" content=\"Jos\u00e9 Mar\u00eda Montiu de Nuix\" \/>\n<meta name=\"twitter:card\" content=\"summary_large_image\" \/>\n<meta name=\"twitter:creator\" content=\"@Exaudi_News\" \/>\n<meta name=\"twitter:site\" content=\"@Exaudi_News\" \/>\n<meta name=\"twitter:label1\" content=\"Escrito por\" \/>\n\t<meta name=\"twitter:data1\" content=\"Jos\u00e9 Mar\u00eda Montiu de Nuix\" \/>\n\t<meta name=\"twitter:label2\" content=\"Tiempo de lectura\" \/>\n\t<meta name=\"twitter:data2\" content=\"4 minutos\" \/>\n<script type=\"application\/ld+json\" class=\"yoast-schema-graph\">{\"@context\":\"https:\\\/\\\/schema.org\",\"@graph\":[{\"@type\":\"Article\",\"@id\":\"https:\\\/\\\/exaudi.org\\\/es\\\/urgente-defender-los-derechos-de-los-medicos\\\/#article\",\"isPartOf\":{\"@id\":\"https:\\\/\\\/exaudi.org\\\/es\\\/urgente-defender-los-derechos-de-los-medicos\\\/\"},\"author\":{\"name\":\"Jos\u00e9 Mar\u00eda Montiu de Nuix\",\"@id\":\"https:\\\/\\\/exaudi.org\\\/#\\\/schema\\\/person\\\/63aa8d363a4039100348c8036010e9fa\"},\"headline\":\"Urgente: \u00a1Defender los derechos de los m\u00e9dicos!\",\"datePublished\":\"2022-02-24T10:53:45+00:00\",\"dateModified\":\"2022-02-24T10:54:43+00:00\",\"mainEntityOfPage\":{\"@id\":\"https:\\\/\\\/exaudi.org\\\/es\\\/urgente-defender-los-derechos-de-los-medicos\\\/\"},\"wordCount\":708,\"image\":{\"@id\":\"https:\\\/\\\/exaudi.org\\\/es\\\/urgente-defender-los-derechos-de-los-medicos\\\/#primaryimage\"},\"thumbnailUrl\":\"https:\\\/\\\/exaudi.org\\\/wp-content\\\/uploads\\\/2022\\\/02\\\/pexels-evg-kowalievska-1170979-scaled.jpg\",\"keywords\":[\"Defensa de la Vida\",\"Defensa de la Vida\",\"Ideolog\u00eda\",\"Medicina\",\"M\u00e9dicos\"],\"inLanguage\":\"es\"},{\"@type\":\"WebPage\",\"@id\":\"https:\\\/\\\/exaudi.org\\\/es\\\/urgente-defender-los-derechos-de-los-medicos\\\/\",\"url\":\"https:\\\/\\\/exaudi.org\\\/es\\\/urgente-defender-los-derechos-de-los-medicos\\\/\",\"name\":\"Urgente: \u00a1Defender los derechos de los m\u00e9dicos! &#8211; Exaudi\",\"isPartOf\":{\"@id\":\"https:\\\/\\\/exaudi.org\\\/#website\"},\"primaryImageOfPage\":{\"@id\":\"https:\\\/\\\/exaudi.org\\\/es\\\/urgente-defender-los-derechos-de-los-medicos\\\/#primaryimage\"},\"image\":{\"@id\":\"https:\\\/\\\/exaudi.org\\\/es\\\/urgente-defender-los-derechos-de-los-medicos\\\/#primaryimage\"},\"thumbnailUrl\":\"https:\\\/\\\/exaudi.org\\\/wp-content\\\/uploads\\\/2022\\\/02\\\/pexels-evg-kowalievska-1170979-scaled.jpg\",\"datePublished\":\"2022-02-24T10:53:45+00:00\",\"dateModified\":\"2022-02-24T10:54:43+00:00\",\"author\":{\"@id\":\"https:\\\/\\\/exaudi.org\\\/#\\\/schema\\\/person\\\/63aa8d363a4039100348c8036010e9fa\"},\"description\":\"El sacerdote y doctor en Filosof\u00eda, Jos\u00e9 Mar\u00eda Montiu, ofrece esta reflexi\u00f3n sobre la necesidad de defender los derechos de los m\u00e9dicos\",\"breadcrumb\":{\"@id\":\"https:\\\/\\\/exaudi.org\\\/es\\\/urgente-defender-los-derechos-de-los-medicos\\\/#breadcrumb\"},\"inLanguage\":\"es\",\"potentialAction\":[{\"@type\":\"ReadAction\",\"target\":[\"https:\\\/\\\/exaudi.org\\\/es\\\/urgente-defender-los-derechos-de-los-medicos\\\/\"]}]},{\"@type\":\"ImageObject\",\"inLanguage\":\"es\",\"@id\":\"https:\\\/\\\/exaudi.org\\\/es\\\/urgente-defender-los-derechos-de-los-medicos\\\/#primaryimage\",\"url\":\"https:\\\/\\\/exaudi.org\\\/wp-content\\\/uploads\\\/2022\\\/02\\\/pexels-evg-kowalievska-1170979-scaled.jpg\",\"contentUrl\":\"https:\\\/\\\/exaudi.org\\\/wp-content\\\/uploads\\\/2022\\\/02\\\/pexels-evg-kowalievska-1170979-scaled.jpg\",\"width\":2560,\"height\":1706,\"caption\":\"M\u00e9dicos \u00a9 Pexels. EVG Kowalievska\"},{\"@type\":\"BreadcrumbList\",\"@id\":\"https:\\\/\\\/exaudi.org\\\/es\\\/urgente-defender-los-derechos-de-los-medicos\\\/#breadcrumb\",\"itemListElement\":[{\"@type\":\"ListItem\",\"position\":1,\"name\":\"Portada\",\"item\":\"https:\\\/\\\/exaudi.org\\\/es\\\/\"},{\"@type\":\"ListItem\",\"position\":2,\"name\":\"Urgente: \u00a1Defender los derechos de los m\u00e9dicos!\"}]},{\"@type\":\"WebSite\",\"@id\":\"https:\\\/\\\/exaudi.org\\\/#website\",\"url\":\"https:\\\/\\\/exaudi.org\\\/\",\"name\":\"Exaudi\",\"description\":\"News\",\"potentialAction\":[{\"@type\":\"SearchAction\",\"target\":{\"@type\":\"EntryPoint\",\"urlTemplate\":\"https:\\\/\\\/exaudi.org\\\/?s={search_term_string}\"},\"query-input\":{\"@type\":\"PropertyValueSpecification\",\"valueRequired\":true,\"valueName\":\"search_term_string\"}}],\"inLanguage\":\"es\"},{\"@type\":\"Person\",\"@id\":\"https:\\\/\\\/exaudi.org\\\/#\\\/schema\\\/person\\\/63aa8d363a4039100348c8036010e9fa\",\"name\":\"Jos\u00e9 Mar\u00eda Montiu de Nuix\",\"image\":{\"@type\":\"ImageObject\",\"inLanguage\":\"es\",\"@id\":\"https:\\\/\\\/secure.gravatar.com\\\/avatar\\\/f3d1e54272060740a50258cef7d916098d4ffe7ad9f6a7a8603d12c508634d10?s=96&d=mm&r=g\",\"url\":\"https:\\\/\\\/secure.gravatar.com\\\/avatar\\\/f3d1e54272060740a50258cef7d916098d4ffe7ad9f6a7a8603d12c508634d10?s=96&d=mm&r=g\",\"contentUrl\":\"https:\\\/\\\/secure.gravatar.com\\\/avatar\\\/f3d1e54272060740a50258cef7d916098d4ffe7ad9f6a7a8603d12c508634d10?s=96&d=mm&r=g\",\"caption\":\"Jos\u00e9 Mar\u00eda Montiu de Nuix\"},\"description\":\"Nacido en Cervera, L\u00e9rida, Espa\u00f1a, en 1960 y bautizado ese mismo a\u00f1o. Ordenado sacerdote en 1992. Doctor en Filosof\u00eda. Licenciado en Filosof\u00eda y Ciencias de la Educaci\u00f3n por la Universidad de Barcelona (UB). Licenciado (especialidad: Matem\u00e1tica Fundamental), cursos de doctorado y suficiencia investigadora en Ciencias Exactas por la UB. Licenciado en Filosof\u00eda por la Universidad de Navarra. Licenciado en Estudios Eclesi\u00e1sticos por la Facultad de Teolog\u00eda San Vicente Ferrer, Valencia. Docente e investigador con m\u00e1s de medio millar de publicaciones. Acad\u00e9mico de la Academia Hispanoamericana de Doctores.\",\"url\":\"https:\\\/\\\/exaudi.org\\\/es\\\/author\\\/josepmariamontiudenuix\\\/\"}]}<\/script>\n<!-- \/ Yoast SEO plugin. -->","yoast_head_json":{"title":"Urgente: \u00a1Defender los derechos de los m\u00e9dicos! &#8211; Exaudi","description":"El sacerdote y doctor en Filosof\u00eda, Jos\u00e9 Mar\u00eda Montiu, ofrece esta reflexi\u00f3n sobre la necesidad de defender los derechos de los m\u00e9dicos","robots":{"index":"index","follow":"follow","max-snippet":"max-snippet:-1","max-image-preview":"max-image-preview:large","max-video-preview":"max-video-preview:-1"},"canonical":"https:\/\/exaudi.org\/es\/urgente-defender-los-derechos-de-los-medicos\/","og_locale":"es_ES","og_type":"article","og_title":"Urgente: \u00a1Defender los derechos de los m\u00e9dicos! &#8211; Exaudi","og_description":"El sacerdote y doctor en Filosof\u00eda, Jos\u00e9 Mar\u00eda Montiu, ofrece esta reflexi\u00f3n sobre la necesidad de defender los derechos de los m\u00e9dicos","og_url":"https:\/\/exaudi.org\/es\/urgente-defender-los-derechos-de-los-medicos\/","og_site_name":"Exaudi","article_publisher":"https:\/\/www.facebook.com\/ExaudiNews","article_published_time":"2022-02-24T10:53:45+00:00","article_modified_time":"2022-02-24T10:54:43+00:00","og_image":[{"width":2560,"height":1706,"url":"https:\/\/exaudi.org\/wp-content\/uploads\/2022\/02\/pexels-evg-kowalievska-1170979-scaled.jpg","type":"image\/jpeg"}],"author":"Jos\u00e9 Mar\u00eda Montiu de Nuix","twitter_card":"summary_large_image","twitter_creator":"@Exaudi_News","twitter_site":"@Exaudi_News","twitter_misc":{"Escrito por":"Jos\u00e9 Mar\u00eda Montiu de Nuix","Tiempo de lectura":"4 minutos"},"schema":{"@context":"https:\/\/schema.org","@graph":[{"@type":"Article","@id":"https:\/\/exaudi.org\/es\/urgente-defender-los-derechos-de-los-medicos\/#article","isPartOf":{"@id":"https:\/\/exaudi.org\/es\/urgente-defender-los-derechos-de-los-medicos\/"},"author":{"name":"Jos\u00e9 Mar\u00eda Montiu de Nuix","@id":"https:\/\/exaudi.org\/#\/schema\/person\/63aa8d363a4039100348c8036010e9fa"},"headline":"Urgente: \u00a1Defender los derechos de los m\u00e9dicos!","datePublished":"2022-02-24T10:53:45+00:00","dateModified":"2022-02-24T10:54:43+00:00","mainEntityOfPage":{"@id":"https:\/\/exaudi.org\/es\/urgente-defender-los-derechos-de-los-medicos\/"},"wordCount":708,"image":{"@id":"https:\/\/exaudi.org\/es\/urgente-defender-los-derechos-de-los-medicos\/#primaryimage"},"thumbnailUrl":"https:\/\/exaudi.org\/wp-content\/uploads\/2022\/02\/pexels-evg-kowalievska-1170979-scaled.jpg","keywords":["Defensa de la Vida","Defensa de la Vida","Ideolog\u00eda","Medicina","M\u00e9dicos"],"inLanguage":"es"},{"@type":"WebPage","@id":"https:\/\/exaudi.org\/es\/urgente-defender-los-derechos-de-los-medicos\/","url":"https:\/\/exaudi.org\/es\/urgente-defender-los-derechos-de-los-medicos\/","name":"Urgente: \u00a1Defender los derechos de los m\u00e9dicos! &#8211; Exaudi","isPartOf":{"@id":"https:\/\/exaudi.org\/#website"},"primaryImageOfPage":{"@id":"https:\/\/exaudi.org\/es\/urgente-defender-los-derechos-de-los-medicos\/#primaryimage"},"image":{"@id":"https:\/\/exaudi.org\/es\/urgente-defender-los-derechos-de-los-medicos\/#primaryimage"},"thumbnailUrl":"https:\/\/exaudi.org\/wp-content\/uploads\/2022\/02\/pexels-evg-kowalievska-1170979-scaled.jpg","datePublished":"2022-02-24T10:53:45+00:00","dateModified":"2022-02-24T10:54:43+00:00","author":{"@id":"https:\/\/exaudi.org\/#\/schema\/person\/63aa8d363a4039100348c8036010e9fa"},"description":"El sacerdote y doctor en Filosof\u00eda, Jos\u00e9 Mar\u00eda Montiu, ofrece esta reflexi\u00f3n sobre la necesidad de defender los derechos de los m\u00e9dicos","breadcrumb":{"@id":"https:\/\/exaudi.org\/es\/urgente-defender-los-derechos-de-los-medicos\/#breadcrumb"},"inLanguage":"es","potentialAction":[{"@type":"ReadAction","target":["https:\/\/exaudi.org\/es\/urgente-defender-los-derechos-de-los-medicos\/"]}]},{"@type":"ImageObject","inLanguage":"es","@id":"https:\/\/exaudi.org\/es\/urgente-defender-los-derechos-de-los-medicos\/#primaryimage","url":"https:\/\/exaudi.org\/wp-content\/uploads\/2022\/02\/pexels-evg-kowalievska-1170979-scaled.jpg","contentUrl":"https:\/\/exaudi.org\/wp-content\/uploads\/2022\/02\/pexels-evg-kowalievska-1170979-scaled.jpg","width":2560,"height":1706,"caption":"M\u00e9dicos \u00a9 Pexels. EVG Kowalievska"},{"@type":"BreadcrumbList","@id":"https:\/\/exaudi.org\/es\/urgente-defender-los-derechos-de-los-medicos\/#breadcrumb","itemListElement":[{"@type":"ListItem","position":1,"name":"Portada","item":"https:\/\/exaudi.org\/es\/"},{"@type":"ListItem","position":2,"name":"Urgente: \u00a1Defender los derechos de los m\u00e9dicos!"}]},{"@type":"WebSite","@id":"https:\/\/exaudi.org\/#website","url":"https:\/\/exaudi.org\/","name":"Exaudi","description":"News","potentialAction":[{"@type":"SearchAction","target":{"@type":"EntryPoint","urlTemplate":"https:\/\/exaudi.org\/?s={search_term_string}"},"query-input":{"@type":"PropertyValueSpecification","valueRequired":true,"valueName":"search_term_string"}}],"inLanguage":"es"},{"@type":"Person","@id":"https:\/\/exaudi.org\/#\/schema\/person\/63aa8d363a4039100348c8036010e9fa","name":"Jos\u00e9 Mar\u00eda Montiu de Nuix","image":{"@type":"ImageObject","inLanguage":"es","@id":"https:\/\/secure.gravatar.com\/avatar\/f3d1e54272060740a50258cef7d916098d4ffe7ad9f6a7a8603d12c508634d10?s=96&d=mm&r=g","url":"https:\/\/secure.gravatar.com\/avatar\/f3d1e54272060740a50258cef7d916098d4ffe7ad9f6a7a8603d12c508634d10?s=96&d=mm&r=g","contentUrl":"https:\/\/secure.gravatar.com\/avatar\/f3d1e54272060740a50258cef7d916098d4ffe7ad9f6a7a8603d12c508634d10?s=96&d=mm&r=g","caption":"Jos\u00e9 Mar\u00eda Montiu de Nuix"},"description":"Nacido en Cervera, L\u00e9rida, Espa\u00f1a, en 1960 y bautizado ese mismo a\u00f1o. Ordenado sacerdote en 1992. Doctor en Filosof\u00eda. Licenciado en Filosof\u00eda y Ciencias de la Educaci\u00f3n por la Universidad de Barcelona (UB). Licenciado (especialidad: Matem\u00e1tica Fundamental), cursos de doctorado y suficiencia investigadora en Ciencias Exactas por la UB. Licenciado en Filosof\u00eda por la Universidad de Navarra. Licenciado en Estudios Eclesi\u00e1sticos por la Facultad de Teolog\u00eda San Vicente Ferrer, Valencia. Docente e investigador con m\u00e1s de medio millar de publicaciones. Acad\u00e9mico de la Academia Hispanoamericana de Doctores.","url":"https:\/\/exaudi.org\/es\/author\/josepmariamontiudenuix\/"}]}},"jetpack_featured_media_url":"https:\/\/exaudi.org\/wp-content\/uploads\/2022\/02\/pexels-evg-kowalievska-1170979-scaled.jpg","jetpack_shortlink":"https:\/\/wp.me\/pgKjF2-dOU","_links":{"self":[{"href":"https:\/\/exaudi.org\/es\/wp-json\/wp\/v2\/posts\/53128","targetHints":{"allow":["GET"]}}],"collection":[{"href":"https:\/\/exaudi.org\/es\/wp-json\/wp\/v2\/posts"}],"about":[{"href":"https:\/\/exaudi.org\/es\/wp-json\/wp\/v2\/types\/post"}],"author":[{"embeddable":true,"href":"https:\/\/exaudi.org\/es\/wp-json\/wp\/v2\/users\/45"}],"replies":[{"embeddable":true,"href":"https:\/\/exaudi.org\/es\/wp-json\/wp\/v2\/comments?post=53128"}],"version-history":[{"count":0,"href":"https:\/\/exaudi.org\/es\/wp-json\/wp\/v2\/posts\/53128\/revisions"}],"wp:featuredmedia":[{"embeddable":true,"href":"https:\/\/exaudi.org\/es\/wp-json\/wp\/v2\/media\/53129"}],"wp:attachment":[{"href":"https:\/\/exaudi.org\/es\/wp-json\/wp\/v2\/media?parent=53128"}],"wp:term":[{"taxonomy":"category","embeddable":true,"href":"https:\/\/exaudi.org\/es\/wp-json\/wp\/v2\/categories?post=53128"},{"taxonomy":"post_tag","embeddable":true,"href":"https:\/\/exaudi.org\/es\/wp-json\/wp\/v2\/tags?post=53128"}],"curies":[{"name":"wp","href":"https:\/\/api.w.org\/{rel}","templated":true}]}}