{"id":53124,"date":"2022-02-24T11:36:39","date_gmt":"2022-02-24T10:36:39","guid":{"rendered":"https:\/\/exaudi.org\/?p=53124"},"modified":"2022-02-25T10:59:58","modified_gmt":"2022-02-25T09:59:58","slug":"cuaresma-ayuno-prepara-terreno-oracion-riega-caridad-fecunda","status":"publish","type":"post","link":"https:\/\/exaudi.org\/es\/cuaresma-ayuno-prepara-terreno-oracion-riega-caridad-fecunda\/","title":{"rendered":"Cuaresma: \u201cEl ayuno prepara el terreno, la oraci\u00f3n riega, la caridad fecunda\u201d"},"content":{"rendered":"<p>En su mensaje de Cuaresma, el Papa Francisco afirma que \u201cel ayuno prepara el terreno, la oraci\u00f3n riega, la caridad fecunda\u201d, y pide que \u201capoy\u00e1ndonos en la gracia de Dios y en la comuni\u00f3n de la Iglesia, no nos cansemos de sembrar el bien\u201d.<\/p>\n<p>Hoy, 24 de febrero de 2022, se ha difundido el mensaje del Santo Padre para la Cuaresma 2022, titulado \u201cNo nos cansemos de hacer el bien, porque, si no desfallecemos, cosecharemos los frutos a su debido tiempo. Por tanto, mientras tenemos la oportunidad, hagamos el bien a todos\u201d (<a href=\"https:\/\/www.sanpablo.es\/libro-pueblo-de-dios\/la-biblia\/nuevo-testamento\/cartas-paulinas\/carta-a-los-galatas\/6\" target=\"_blank\" rel=\"noopener\">Ga 6,9-10a<\/a>).<\/p>\n<p>A lo largo del mismo, dividido en tres apartados, \u201cSiembra y cosecha\u201d, \u201cNo nos cansemos de hacer el bien\u201d y \u201cSi no desfallecemos, a su tiempo cosecharemos\u201d, Francisco reflexiona en torno a la consabida exhortaci\u00f3n de san Pablo a los g\u00e1latas.<\/p>\n<h2><strong>Siembra y cosecha<\/strong><\/h2>\n<p>As\u00ed, en primer lugar, el Papa describe c\u00f3mo en el citado pasaje el Ap\u00f3stol evoca \u201cla imagen de la siembra y la cosecha, que a Jes\u00fas tanto le gustaba (cf. <em>Mt<\/em> 13)\u201d. San Pablo nos habla de un <em>kair\u00f3s<\/em>, un tiempo propicio para sembrar el bien con vistas a la cosecha. \u00bfQu\u00e9 es para nosotros este tiempo favorable? Ciertamente, la Cuaresma es un tiempo favorable, pero tambi\u00e9n lo es toda nuestra existencia terrena, de la cual la Cuaresma es de alguna manera una imagen\u201d.<\/p>\n<p>La Cuaresma \u201cnos invita a la conversi\u00f3n, a cambiar de mentalidad, para que la verdad y la belleza de nuestra vida no radiquen tanto en el poseer cuanto en el dar, no est\u00e9n tanto en el acumular cuanto en sembrar el bien y compartir\u201d.<\/p>\n<p>El primer agricultor, se\u00f1ala, \u201ces Dios mismo, que generosamente \u2018sigue derramando en la humanidad semillas de bien\u2019 (Carta enc. <a href=\"https:\/\/exaudi.org\/es\/enciclica-fratelli-tutti-papa\/\" target=\"_blank\" rel=\"noopener\"><em>Fratelli tutti<\/em><\/a>, 54) y durante el tiempo cuaresmal \u201cestamos llamados a responder al don de Dios acogiendo su Palabra \u2018viva y eficaz\u2019 (<em>Hb<\/em> 4,12)\u201d. La llamada del Se\u00f1or \u201ca sembrar el bien no tenemos que verla como un peso, sino como una gracia con la que el Creador quiere que estemos activamente unidos a su magnanimidad fecunda\u201d.<\/p>\n<p>En cuanto a la cosecha, Francisco explica que \u201cun primer fruto del bien que sembramos lo tenemos en nosotros mismos y en nuestras relaciones cotidianas, incluso en los m\u00e1s peque\u00f1os gestos de bondad\u201d y \u201cen Dios no se pierde ning\u00fan acto de amor, por m\u00e1s peque\u00f1o que sea, no se pierde ning\u00fan \u2018cansancio generoso\u2019 (cf. Exhort. ap. <em>Evangelii gaudium<\/em>, 279) (\u2026). \u201cServir a Dios, liberados del pecado, hace madurar frutos de santificaci\u00f3n para la salvaci\u00f3n de todos (cf. <em>Rm<\/em> 6,22)\u201d, a\u00f1ade.<\/p>\n<p>El Sucesor de Pedro indica que \u201cs\u00f3lo vemos una peque\u00f1a parte del fruto de lo que sembramos, ya que seg\u00fan el proverbio evang\u00e9lico \u201cuno siembra y otro cosecha\u201d (<em>Jn<\/em> 4,37)\u201d y precisamente \u201csembrando para el bien de los dem\u00e1s participamos en la magnanimidad de Dios: \u2018Una gran nobleza es ser capaz de desatar procesos cuyos frutos ser\u00e1n recogidos por otros, con la esperanza puesta en las fuerzas secretas del bien que se siembra\u2019\u201d (Carta enc. <em>Fratelli tutti<\/em>, 196)\u201d.<\/p>\n<p>Asimismo, \u201csembrar el bien para los dem\u00e1s nos libera de las estrechas l\u00f3gicas del beneficio personal y da a nuestras acciones el amplio alcance de la gratuidad, introduci\u00e9ndonos en el maravilloso horizonte de los ben\u00e9volos designios de Dios\u201d. La Palabra de Dios, contin\u00faa \u201censancha y eleva a\u00fan m\u00e1s nuestra mirada, nos anuncia que la siega m\u00e1s verdadera es la escatol\u00f3gica, la del \u00faltimo d\u00eda, el d\u00eda sin ocaso. El fruto completo de nuestra vida y nuestras acciones es el \u2018fruto para la vida eterna\u2019 (<em>Jn<\/em> 4,36), que ser\u00e1 nuestro \u2018tesoro en el cielo\u2019\u201d (<em>Lc<\/em> 18,22; cf. 12,33).<\/p>\n<h2><strong>\u201cNo nos cansemos de hacer el bien\u201d<\/strong><\/h2>\n<p>El Pont\u00edfice recuerda en su mensaje que la Cuaresma \u201cnos llama a poner nuestra fe y nuestra esperanza en el Se\u00f1or (cf. <em>1 P<\/em> 1,21), porque s\u00f3lo con los ojos fijos en Cristo resucitado (cf. <em>Hb<\/em> 12,2) podemos acoger la exhortaci\u00f3n del Ap\u00f3stol: \u2018No nos cansemos de hacer el bien\u2019 (<em>Ga<\/em> 6,9)\u201d.<\/p>\n<p>\u201cNo nos cansemos de orar\u201d, expone, pues \u201cJes\u00fas nos ha ense\u00f1ado que es necesario \u2018orar siempre sin desanimarse\u2019 (<em>Lc<\/em> 18,1). Las criaturas \u201cnecesitamos orar porque necesitamos a Dios\u201d y \u201cpensar que nos bastamos a nosotros mismos es una ilusi\u00f3n peligrosa\u201d.<\/p>\n<p>\u201cLa fe no nos exime de las tribulaciones de la vida, pero nos permite atravesarlas unidos a Dios en Cristo, con la gran esperanza que no defrauda y cuya prenda es el amor que Dios ha derramado en nuestros corazones por medio del Esp\u00edritu Santo (cf. <em>Rm<\/em> 5,1-5)\u201d, agrega el Obispo de Roma.<\/p>\n<p><strong>\u201c<\/strong>No nos cansemos de extirpar el mal de nuestra vida\u201d, prosigue: \u201cQue el ayuno corporal que la Iglesia nos pide en Cuaresma fortalezca nuestro esp\u00edritu para la lucha contra el pecado\u201d; \u201cNo nos cansemos de pedir perd\u00f3n en el sacramento de la Penitencia y la Reconciliaci\u00f3n, sabiendo que Dios nunca se cansa de perdonar\u201d; \u201cNo nos cansemos de luchar contra la concupiscencia, esa fragilidad que nos impulsa hacia el ego\u00edsmo y a toda clase de mal, y que a lo largo de los siglos ha encontrado modos distintos para hundir al hombre en el pecado (cf. Carta enc. <em>Fratelli tutti<\/em>, 166)\u201d.<\/p>\n<p><em>\u201c<\/em>No nos cansemos de hacer el bien en la caridad activa hacia el pr\u00f3jimo\u201d, resalta tambi\u00e9n Su Santidad, animando a practicar la limosna, \u201cdando con alegr\u00eda (cf. <em>2 Co<\/em> 9,7)\u201d (\u2026). La Cuaresma, destaca en este sentido, \u201ces un tiempo propicio para buscar \u2014y no evitar\u2014 a quien est\u00e1 necesitado; para llamar \u2014y no ignorar\u2014 a quien desea ser escuchado y recibir una buena palabra; para visitar \u2014y no abandonar\u2014 a quien sufre la soledad\u201d.<\/p>\n<h2><strong>\u201cSi no desfallecemos, a su tiempo cosecharemos\u201d<\/strong><\/h2>\n<p>El Papa Francisco describe despu\u00e9s que la Cuaresma nos recuerda cada a\u00f1o que \u201cel bien, como tambi\u00e9n el amor, la justicia y la solidaridad, no se alcanzan de una vez para siempre; han de ser conquistados cada d\u00eda\u201d. Por tanto, \u201cpidamos a Dios la paciente constancia del agricultor (cf. <em>St<\/em> 5,7) para no desistir en hacer el bien, un paso tras otro\u201d.<\/p>\n<p>\u201cQuien caiga tienda la mano al Padre, que siempre nos vuelve a levantar. Quien se encuentre perdido, enga\u00f1ado por las seducciones del maligno, que no tarde en volver a \u00c9l, que \u2018es rico en perd\u00f3n\u2019 (<em>Is<\/em> 55,7)\u201d.<\/p>\n<p>En este tiempo de conversi\u00f3n, \u201capoy\u00e1ndonos en la gracia de Dios y en la comuni\u00f3n de la Iglesia, no nos cansemos de sembrar el bien. El ayuno prepara el terreno, la oraci\u00f3n riega, la caridad fecunda\u201d, subraya el Pont\u00edfice.<\/p>\n<p>A continuaci\u00f3n, sigue el mensaje de Cuaresma completo de Francisco.<\/p>\n<p><strong>***<\/strong><\/p>\n<h2><strong>Mensaje del Santo Padre<\/strong><\/h2>\n<p>\u201cNo nos cansemos de hacer el bien, porque, si no desfallecemos, cosecharemos los frutos a su debido tiempo. Por tanto, mientras tenemos la oportunidad, hagamos el bien a todos\u201d (Ga 6,9-10a)<\/p>\n<p>Queridos hermanos y hermanas:<\/p>\n<p>La Cuaresma es un tiempo favorable para la renovaci\u00f3n personal y comunitaria que nos conduce hacia la Pascua de Jesucristo muerto y resucitado. Para nuestro camino cuaresmal de 2022 nos har\u00e1 bien reflexionar sobre la exhortaci\u00f3n de san Pablo a los g\u00e1latas: \u201cNo nos cansemos de hacer el bien, porque, si no desfallecemos, cosecharemos los frutos a su debido tiempo. Por tanto, mientras tenemos la oportunidad (<em>kair\u00f3s<\/em>), hagamos el bien a todos\u201d (<em>Ga<\/em> 6,9-10a).<\/p>\n<ol>\n<li><strong><em>Siembra y cosecha<\/em><\/strong><\/li>\n<\/ol>\n<p>En este pasaje el Ap\u00f3stol evoca la imagen de la siembra y la cosecha, que a Jes\u00fas tanto le gustaba (cf. <em>Mt<\/em> 13). San Pablo nos habla de un <em>kair\u00f3s<\/em>, un tiempo propicio para sembrar el bien con vistas a la cosecha. \u00bfQu\u00e9 es para nosotros este tiempo favorable? Ciertamente, la Cuaresma es un tiempo favorable, pero tambi\u00e9n lo es toda nuestra existencia terrena, de la cual la Cuaresma es de alguna manera una imagen.<sup>[1]<\/sup> Con demasiada frecuencia prevalecen en nuestra vida la avidez y la soberbia, el deseo de tener, de acumular y de consumir, como muestra la par\u00e1bola evang\u00e9lica del hombre necio, que consideraba que su vida era segura y feliz porque hab\u00eda acumulado una gran cosecha en sus graneros (cf. <em>Lc<\/em> 12,16-21). La Cuaresma nos invita a la conversi\u00f3n, a cambiar de mentalidad, para que la verdad y la belleza de nuestra vida no radiquen tanto en el poseer cuanto en el dar, no est\u00e9n tanto en el acumular cuanto en sembrar el bien y compartir.<\/p>\n<p>El primer agricultor es Dios mismo, que generosamente \u201csigue derramando en la humanidad semillas de bien\u201d (Carta enc. <em>Fratelli tutti<\/em>, 54). Durante la Cuaresma estamos llamados a responder al don de Dios acogiendo su Palabra \u201cviva y eficaz\u201d (<em>Hb<\/em> 4,12). La escucha asidua de la Palabra de Dios nos hace madurar una docilidad que nos dispone a acoger su obra en nosotros (cf. <em>St<\/em> 1,21), que hace fecunda nuestra vida. Si esto ya es un motivo de alegr\u00eda, a\u00fan m\u00e1s grande es la llamada a ser \u201ccolaboradores de Dios\u201d ( <em>1 Co<\/em> 3,9), utilizando bien el tiempo presente (cf. <em>Ef<\/em> 5,16) para sembrar tambi\u00e9n nosotros obrando el bien. Esta llamada a sembrar el bien no tenemos que verla como un peso, sino como una gracia con la que el Creador quiere que estemos activamente unidos a su magnanimidad fecunda.<\/p>\n<p>\u00bfY la cosecha? \u00bfAcaso la siembra no se hace toda con vistas a la cosecha? Claro que s\u00ed. El v\u00ednculo estrecho entre la siembra y la cosecha lo corrobora el propio san Pablo cuando afirma: \u201cA sembrador mezquino, cosecha mezquina; a sembrador generoso, cosecha generosa\u201d (<em>2 Co<\/em> 9,6). Pero, \u00bfde qu\u00e9 cosecha se trata? Un primer fruto del bien que sembramos lo tenemos en nosotros mismos y en nuestras relaciones cotidianas, incluso en los m\u00e1s peque\u00f1os gestos de bondad. En Dios no se pierde ning\u00fan acto de amor, por m\u00e1s peque\u00f1o que sea, no se pierde ning\u00fan \u201ccansancio generoso\u201d (cf. Exhort. ap. <em>Evangelii gaudium<\/em>, 279). Al igual que el \u00e1rbol se conoce por sus frutos (cf. <em>Mt<\/em> 7,16.20), una vida llena de obras buenas es luminosa (cf. <em>Mt<\/em> 5,14-16) y lleva el perfume de Cristo al mundo (cf. <em>2 Co<\/em> 2,15). Servir a Dios, liberados del pecado, hace madurar frutos de santificaci\u00f3n para la salvaci\u00f3n de todos (cf. <em>Rm<\/em> 6,22).<\/p>\n<p>En realidad, s\u00f3lo vemos una peque\u00f1a parte del fruto de lo que sembramos, ya que seg\u00fan el proverbio evang\u00e9lico \u201cuno siembra y otro cosecha\u201d (<em>Jn<\/em> 4,37). Precisamente sembrando para el bien de los dem\u00e1s participamos en la magnanimidad de Dios: \u201cUna gran nobleza es ser capaz de desatar procesos cuyos frutos ser\u00e1n recogidos por otros, con la esperanza puesta en las fuerzas secretas del bien que se siembra\u201d (Carta enc. <em>Fratelli tutti<\/em>, 196). Sembrar el bien para los dem\u00e1s nos libera de las estrechas l\u00f3gicas del beneficio personal y da a nuestras acciones el amplio alcance de la gratuidad, introduci\u00e9ndonos en el maravilloso horizonte de los ben\u00e9volos designios de Dios.<\/p>\n<p>La Palabra de Dios ensancha y eleva a\u00fan m\u00e1s nuestra mirada, nos anuncia que la siega m\u00e1s verdadera es la escatol\u00f3gica, la del \u00faltimo d\u00eda, el d\u00eda sin ocaso. El fruto completo de nuestra vida y nuestras acciones es el \u201cfruto para la vida eterna\u201d (<em>Jn<\/em> 4,36), que ser\u00e1 nuestro \u201ctesoro en el cielo\u201d (<em>Lc<\/em> 18,22; cf. 12,33). El propio Jes\u00fas usa la imagen de la semilla que muere al caer en la tierra y que da fruto para expresar el misterio de su muerte y resurrecci\u00f3n (cf. <em>Jn<\/em> 12,24); y san Pablo la retoma para hablar de la resurrecci\u00f3n de nuestro cuerpo: \u201cSe siembra lo corruptible y resucita incorruptible; se siembra lo deshonroso y resucita glorioso; se siembra lo d\u00e9bil y resucita lleno de fortaleza; en fin, se siembra un cuerpo material y resucita un cuerpo espiritual\u201d (<em>1 Co<\/em> 15,42-44). Esta esperanza es la gran luz que Cristo resucitado trae al mundo: \u201cSi lo que esperamos de Cristo se reduce s\u00f3lo a esta vida, somos los m\u00e1s desdichados de todos los seres humanos. Lo cierto es que Cristo ha resucitado de entre los muertos como fruto primero de los que murieron\u201d (<em>1 Co<\/em> 15,19- 20), para que aquellos que est\u00e1n \u00edntimamente unidos a \u00c9l en el amor, en una muerte como la suya (cf. <em>Rm <\/em>6,5), estemos tambi\u00e9n unidos a su resurrecci\u00f3n para la vida eterna (cf.<em> Jn <\/em>5,29). \u201cEntonces los justos brillar\u00e1n como el sol en el Reino de su Padre\u201d (<em>Mt<\/em> 13,43).<\/p>\n<ol start=\"2\">\n<li><strong><em>\u201cNo nos cansemos de hacer el bien\u201d<\/em><\/strong><\/li>\n<\/ol>\n<p>La resurrecci\u00f3n de Cristo anima las esperanzas terrenas con la \u201cgran esperanza\u201d de la vida eterna e introduce ya en el tiempo presente la semilla de la salvaci\u00f3n (cf. Benedicto XVI, Carta enc. <em>Spe salvi <\/em>, 3; 7). Frente a la amarga desilusi\u00f3n por tantos sue\u00f1os rotos, frente a la preocupaci\u00f3n por los retos que nos conciernen, frente al desaliento por la pobreza de nuestros medios, tenemos la tentaci\u00f3n de encerrarnos en el propio ego\u00edsmo individualista y refugiarnos en la indiferencia ante el sufrimiento de los dem\u00e1s. Efectivamente, incluso los mejores recursos son limitados, \u201clos j\u00f3venes se cansan y se fatigan, los muchachos tropiezan y caen\u201d (<em>Is<\/em> 40,30). Sin embargo, Dios \u201cda fuerzas a quien est\u00e1 cansado, acrecienta el vigor del que est\u00e1 exhausto. <sup>[\u2026]<\/sup> Los que esperan en el Se\u00f1or renuevan sus fuerzas, vuelan como las \u00e1guilas; corren y no se fatigan, caminan y no se cansan\u201d (<em>Is<\/em> 40,29.31). La Cuaresma nos llama a poner nuestra fe y nuestra esperanza en el Se\u00f1or (cf. <em>1 P<\/em> 1,21), porque s\u00f3lo con los ojos fijos en Cristo resucitado (cf. <em>Hb<\/em> 12,2) podemos acoger la exhortaci\u00f3n del Ap\u00f3stol: \u201cNo nos cansemos de hacer el bien\u201d (<em>Ga<\/em> 6,9).<\/p>\n<p><em>No nos cansemos de orar<\/em>. Jes\u00fas nos ha ense\u00f1ado que es necesario \u201corar siempre sin desanimarse\u201d (<em>Lc<\/em> 18,1). Necesitamos orar porque necesitamos a Dios. Pensar que nos bastamos a nosotros mismos es una ilusi\u00f3n peligrosa. Con la pandemia hemos palpado nuestra fragilidad personal y social. Que la Cuaresma nos permita ahora experimentar el consuelo de la fe en Dios, sin el cual no podemos tener estabilidad (cf. <em>Is<\/em> 7,9). Nadie se salva solo, porque estamos todos en la misma barca en medio de las tempestades de la historia;<sup>[2]<\/sup> pero, sobre todo, nadie se salva sin Dios, porque s\u00f3lo el misterio pascual de Jesucristo nos concede vencer las oscuras aguas de la muerte. La fe no nos exime de las tribulaciones de la vida, pero nos permite atravesarlas unidos a Dios en Cristo, con la gran esperanza que no defrauda y cuya prenda es el amor que Dios ha derramado en nuestros corazones por medio del Esp\u00edritu Santo (cf. <em>Rm<\/em> 5,1-5).<\/p>\n<p><em>No nos cansemos de extirpar el mal de nuestra vida<\/em>. Que el ayuno corporal que la Iglesia nos pide en Cuaresma fortalezca nuestro esp\u00edritu para la lucha contra el pecado. <em>No nos cansemos<\/em> <em>de pedir perd\u00f3n en el sacramento de la Penitencia y la Reconciliaci\u00f3n, <\/em>sabiendo que Dios nunca se cansa de perdonar.<sup>[3]<\/sup> <em>No nos cansemos de luchar contra la concupiscencia<\/em>, esa fragilidad que nos impulsa hacia el ego\u00edsmo y a toda clase de mal, y que a lo largo de los siglos ha encontrado modos distintos para hundir al hombre en el pecado (cf. Carta enc. <em>Fratelli tutti<\/em>, 166). Uno de estos modos es el riesgo de dependencia de los medios de comunicaci\u00f3n digitales, que empobrece las relaciones humanas. La Cuaresma es un tiempo propicio para contrarrestar estas insidias y cultivar, en cambio, una comunicaci\u00f3n humana m\u00e1s integral (cf. <em>ib\u00edd<\/em>., 43) hecha de \u201cencuentros reales\u201d (<em>ib\u00edd<\/em>., 50), cara a cara.<\/p>\n<p><em>No nos cansemos de hacer el bien en la caridad activa hacia el pr\u00f3jimo<\/em>. Durante esta Cuaresma practiquemos la limosna, dando con alegr\u00eda (cf. <em>2 Co<\/em> 9,7). Dios, \u201cquien provee semilla al sembrador y pan para comer\u201d (<em>2 Co<\/em> 9,10), nos proporciona a cada uno no s\u00f3lo lo que necesitamos para subsistir, sino tambi\u00e9n para que podamos ser generosos en el hacer el bien a los dem\u00e1s. Si es verdad que toda nuestra vida es un tiempo para sembrar el bien, aprovechemos especialmente esta Cuaresma para cuidar a quienes tenemos cerca, para hacernos pr\u00f3jimos de aquellos hermanos y hermanas que est\u00e1n heridos en el camino de la vida (cf. <em>Lc<\/em> 10,25-37). La Cuaresma es un tiempo propicio para buscar \u2014y no evitar\u2014 a quien est\u00e1 necesitado; para llamar \u2014y no ignorar\u2014 a quien desea ser escuchado y recibir una buena palabra; para visitar \u2014y no abandonar\u2014 a quien sufre la soledad. Pongamos en pr\u00e1ctica el llamado a hacer el bien <em>a todos<\/em>, tom\u00e1ndonos tiempo para amar a los m\u00e1s peque\u00f1os e indefensos, a los abandonados y despreciados, a quienes son discriminados y marginados (cf. Carta enc. <em>Fratelli tutti<\/em>, 193).<\/p>\n<ol start=\"3\">\n<li><strong><em>\u201cSi no desfallecemos, a su tiempo cosecharemos\u201d<\/em><\/strong><\/li>\n<\/ol>\n<p>La Cuaresma nos recuerda cada a\u00f1o que \u201cel bien, como tambi\u00e9n el amor, la justicia y la solidaridad, no se alcanzan de una vez para siempre; han de ser conquistados cada d\u00eda\u201d (<em>ib\u00edd<\/em>., 11). Por tanto, pidamos a Dios la paciente constancia del agricultor (cf. <em>St<\/em> 5,7) para no desistir en hacer el bien, un paso tras otro. Quien caiga tienda la mano al Padre, que siempre nos vuelve a levantar. Quien se encuentre perdido, enga\u00f1ado por las seducciones del maligno, que no tarde en volver a \u00c9l, que \u201ces rico en perd\u00f3n\u201d (<em>Is<\/em> 55,7). En este tiempo de conversi\u00f3n, apoy\u00e1ndonos en la gracia de Dios y en la comuni\u00f3n de la Iglesia, no nos cansemos de sembrar el bien. El ayuno prepara el terreno, la oraci\u00f3n riega, la caridad fecunda. Tenemos la certeza en la fe de que \u201csi no desfallecemos, a su tiempo cosecharemos\u201d y de que, con el don de la perseverancia, alcanzaremos los bienes prometidos (cf. <em>Hb<\/em> 10,36) para nuestra salvaci\u00f3n y la de los dem\u00e1s (cf. <em>1 Tm<\/em> 4,16) . Practicando el amor fraterno con todos nos unimos a Cristo, que dio su vida por nosotros (cf. <em>2 Co<\/em> 5,14- 15), y empezamos a saborear la alegr\u00eda del Reino de los cielos, cuando Dios ser\u00e1 \u201ctodo en todos\u201d (<em>1 Co<\/em> 15,28).<\/p>\n<p>Que la Virgen Mar\u00eda, en cuyo seno brot\u00f3 el Salvador y que \u201cconservaba todas estas cosas y las meditaba en su coraz\u00f3n\u201d (<em>Lc<\/em> 2,19) nos obtenga el don de la paciencia y permanezca a nuestro lado con su presencia maternal, para que este tiempo de conversi\u00f3n d\u00e9 frutos de salvaci\u00f3n eterna.<\/p>\n<p><em>Roma, San Juan de Letr\u00e1n, 11 de noviembre de 2021, Memoria de san Mart\u00edn de Tours,obispo.<\/em><\/p>\n<p>FRANCISCO<\/p>\n<p>_______________<\/p>\n<ol>\n<li>S. Agust\u00edn, <em>Sermo<\/em>, 243, 9,8; 270, 3; <em>Enarrationes in Psalmos<\/em>, 110, 1.<\/li>\n<li><em>Momento extraordinario de oraci\u00f3n en tiempos de epidemia<\/em> (27 de marzo de 2020).<\/li>\n<li><em>\u00c1ngelus<\/em> del 17 de marzo de 2013.<\/li>\n<\/ol>\n<p><strong>\u00a9 Librer\u00eda Editora Vaticana<\/strong><\/p>\n","protected":false},"excerpt":{"rendered":"<p>Mensaje del Santo Padre para este tiempo lit\u00fargico de conversi\u00f3n en 2022<\/p>\n","protected":false},"author":5,"featured_media":53125,"comment_status":"closed","ping_status":"closed","sticky":false,"template":"","format":"standard","meta":{"_acf_changed":false,"_crdt_document":"","inline_featured_image":false,"footnotes":""},"categories":[68,118],"tags":[3869,4610,175,676,158,4953],"class_list":["post-53124","post","type-post","status-publish","format-standard","has-post-thumbnail","hentry","category-leon-xiv","category-mensajes","tag-ayuno","tag-caridad","tag-cuaresma","tag-oracion","tag-papa-francisco","tag-trending-es"],"acf":[],"yoast_head":"<!-- This site is optimized with the Yoast SEO plugin v27.4 - https:\/\/yoast.com\/product\/yoast-seo-wordpress\/ -->\n<title>Cuaresma: \u201cEl ayuno prepara el terreno, la oraci\u00f3n riega, la caridad fecunda\u201d &#8211; Exaudi<\/title>\n<meta name=\"description\" content=\"En su mensaje de Cuaresma, el Papa Francisco afirma que \u201cel ayuno prepara el terreno, la oraci\u00f3n riega, la caridad fecunda\u201d\" \/>\n<meta name=\"robots\" content=\"index, follow, max-snippet:-1, max-image-preview:large, max-video-preview:-1\" \/>\n<link rel=\"canonical\" href=\"https:\/\/exaudi.org\/es\/cuaresma-ayuno-prepara-terreno-oracion-riega-caridad-fecunda\/\" \/>\n<meta property=\"og:locale\" content=\"es_ES\" \/>\n<meta property=\"og:type\" content=\"article\" \/>\n<meta property=\"og:title\" content=\"Cuaresma: \u201cEl ayuno prepara el terreno, la oraci\u00f3n riega, la caridad fecunda\u201d &#8211; Exaudi\" \/>\n<meta property=\"og:description\" content=\"En su mensaje de Cuaresma, el Papa Francisco afirma que \u201cel ayuno prepara el terreno, la oraci\u00f3n riega, la caridad fecunda\u201d\" \/>\n<meta property=\"og:url\" content=\"https:\/\/exaudi.org\/es\/cuaresma-ayuno-prepara-terreno-oracion-riega-caridad-fecunda\/\" \/>\n<meta property=\"og:site_name\" content=\"Exaudi\" \/>\n<meta property=\"article:publisher\" content=\"https:\/\/www.facebook.com\/ExaudiNews\" \/>\n<meta property=\"article:published_time\" content=\"2022-02-24T10:36:39+00:00\" \/>\n<meta property=\"article:modified_time\" content=\"2022-02-25T09:59:58+00:00\" \/>\n<meta property=\"og:image\" content=\"https:\/\/exaudi.org\/wp-content\/uploads\/2022\/02\/El-Papa-Francisco-recibe-la-ceniza-17-febrero-2021.jpeg\" \/>\n\t<meta property=\"og:image:width\" content=\"800\" \/>\n\t<meta property=\"og:image:height\" content=\"533\" \/>\n\t<meta property=\"og:image:type\" content=\"image\/jpeg\" \/>\n<meta name=\"author\" content=\"Larissa I. L\u00f3pez\" \/>\n<meta name=\"twitter:card\" content=\"summary_large_image\" \/>\n<meta name=\"twitter:creator\" content=\"@Exaudi_News\" \/>\n<meta name=\"twitter:site\" content=\"@Exaudi_News\" \/>\n<meta name=\"twitter:label1\" content=\"Escrito por\" \/>\n\t<meta name=\"twitter:data1\" content=\"Larissa I. L\u00f3pez\" \/>\n\t<meta name=\"twitter:label2\" content=\"Tiempo de lectura\" \/>\n\t<meta name=\"twitter:data2\" content=\"14 minutos\" \/>\n<script type=\"application\/ld+json\" class=\"yoast-schema-graph\">{\"@context\":\"https:\\\/\\\/schema.org\",\"@graph\":[{\"@type\":\"Article\",\"@id\":\"https:\\\/\\\/exaudi.org\\\/es\\\/cuaresma-ayuno-prepara-terreno-oracion-riega-caridad-fecunda\\\/#article\",\"isPartOf\":{\"@id\":\"https:\\\/\\\/exaudi.org\\\/es\\\/cuaresma-ayuno-prepara-terreno-oracion-riega-caridad-fecunda\\\/\"},\"author\":{\"name\":\"Larissa I. L\u00f3pez\",\"@id\":\"https:\\\/\\\/exaudi.org\\\/#\\\/schema\\\/person\\\/7d2f77db033c2c0929edfab6dbe8c588\"},\"headline\":\"Cuaresma: \u201cEl ayuno prepara el terreno, la oraci\u00f3n riega, la caridad fecunda\u201d\",\"datePublished\":\"2022-02-24T10:36:39+00:00\",\"dateModified\":\"2022-02-25T09:59:58+00:00\",\"mainEntityOfPage\":{\"@id\":\"https:\\\/\\\/exaudi.org\\\/es\\\/cuaresma-ayuno-prepara-terreno-oracion-riega-caridad-fecunda\\\/\"},\"wordCount\":3149,\"image\":{\"@id\":\"https:\\\/\\\/exaudi.org\\\/es\\\/cuaresma-ayuno-prepara-terreno-oracion-riega-caridad-fecunda\\\/#primaryimage\"},\"thumbnailUrl\":\"https:\\\/\\\/exaudi.org\\\/wp-content\\\/uploads\\\/2022\\\/02\\\/El-Papa-Francisco-recibe-la-ceniza-17-febrero-2021.jpeg\",\"keywords\":[\"Ayuno\",\"caridad\",\"cuaresma\",\"Oraci\u00f3n\",\"papa francisco\",\"Trending\"],\"articleSection\":[\"Le\u00f3n XIV\",\"Mensajes\"],\"inLanguage\":\"es\"},{\"@type\":\"WebPage\",\"@id\":\"https:\\\/\\\/exaudi.org\\\/es\\\/cuaresma-ayuno-prepara-terreno-oracion-riega-caridad-fecunda\\\/\",\"url\":\"https:\\\/\\\/exaudi.org\\\/es\\\/cuaresma-ayuno-prepara-terreno-oracion-riega-caridad-fecunda\\\/\",\"name\":\"Cuaresma: \u201cEl ayuno prepara el terreno, la oraci\u00f3n riega, la caridad fecunda\u201d &#8211; Exaudi\",\"isPartOf\":{\"@id\":\"https:\\\/\\\/exaudi.org\\\/#website\"},\"primaryImageOfPage\":{\"@id\":\"https:\\\/\\\/exaudi.org\\\/es\\\/cuaresma-ayuno-prepara-terreno-oracion-riega-caridad-fecunda\\\/#primaryimage\"},\"image\":{\"@id\":\"https:\\\/\\\/exaudi.org\\\/es\\\/cuaresma-ayuno-prepara-terreno-oracion-riega-caridad-fecunda\\\/#primaryimage\"},\"thumbnailUrl\":\"https:\\\/\\\/exaudi.org\\\/wp-content\\\/uploads\\\/2022\\\/02\\\/El-Papa-Francisco-recibe-la-ceniza-17-febrero-2021.jpeg\",\"datePublished\":\"2022-02-24T10:36:39+00:00\",\"dateModified\":\"2022-02-25T09:59:58+00:00\",\"author\":{\"@id\":\"https:\\\/\\\/exaudi.org\\\/#\\\/schema\\\/person\\\/7d2f77db033c2c0929edfab6dbe8c588\"},\"description\":\"En su mensaje de Cuaresma, el Papa Francisco afirma que \u201cel ayuno prepara el terreno, la oraci\u00f3n riega, la caridad fecunda\u201d\",\"breadcrumb\":{\"@id\":\"https:\\\/\\\/exaudi.org\\\/es\\\/cuaresma-ayuno-prepara-terreno-oracion-riega-caridad-fecunda\\\/#breadcrumb\"},\"inLanguage\":\"es\",\"potentialAction\":[{\"@type\":\"ReadAction\",\"target\":[\"https:\\\/\\\/exaudi.org\\\/es\\\/cuaresma-ayuno-prepara-terreno-oracion-riega-caridad-fecunda\\\/\"]}]},{\"@type\":\"ImageObject\",\"inLanguage\":\"es\",\"@id\":\"https:\\\/\\\/exaudi.org\\\/es\\\/cuaresma-ayuno-prepara-terreno-oracion-riega-caridad-fecunda\\\/#primaryimage\",\"url\":\"https:\\\/\\\/exaudi.org\\\/wp-content\\\/uploads\\\/2022\\\/02\\\/El-Papa-Francisco-recibe-la-ceniza-17-febrero-2021.jpeg\",\"contentUrl\":\"https:\\\/\\\/exaudi.org\\\/wp-content\\\/uploads\\\/2022\\\/02\\\/El-Papa-Francisco-recibe-la-ceniza-17-febrero-2021.jpeg\",\"width\":800,\"height\":533,\"caption\":\"El Papa Francisco recibe la ceniza, 17 febrero 2021 \u00a9 Vatican Media\"},{\"@type\":\"BreadcrumbList\",\"@id\":\"https:\\\/\\\/exaudi.org\\\/es\\\/cuaresma-ayuno-prepara-terreno-oracion-riega-caridad-fecunda\\\/#breadcrumb\",\"itemListElement\":[{\"@type\":\"ListItem\",\"position\":1,\"name\":\"Portada\",\"item\":\"https:\\\/\\\/exaudi.org\\\/es\\\/\"},{\"@type\":\"ListItem\",\"position\":2,\"name\":\"Cuaresma: \u201cEl ayuno prepara el terreno, la oraci\u00f3n riega, la caridad fecunda\u201d\"}]},{\"@type\":\"WebSite\",\"@id\":\"https:\\\/\\\/exaudi.org\\\/#website\",\"url\":\"https:\\\/\\\/exaudi.org\\\/\",\"name\":\"Exaudi\",\"description\":\"News\",\"potentialAction\":[{\"@type\":\"SearchAction\",\"target\":{\"@type\":\"EntryPoint\",\"urlTemplate\":\"https:\\\/\\\/exaudi.org\\\/?s={search_term_string}\"},\"query-input\":{\"@type\":\"PropertyValueSpecification\",\"valueRequired\":true,\"valueName\":\"search_term_string\"}}],\"inLanguage\":\"es\"},{\"@type\":\"Person\",\"@id\":\"https:\\\/\\\/exaudi.org\\\/#\\\/schema\\\/person\\\/7d2f77db033c2c0929edfab6dbe8c588\",\"name\":\"Larissa I. L\u00f3pez\",\"image\":{\"@type\":\"ImageObject\",\"inLanguage\":\"es\",\"@id\":\"https:\\\/\\\/secure.gravatar.com\\\/avatar\\\/db3ef399ff343d0bb9d25dc5198bc8ece5ac6d621eca79876697a354dabc1e3f?s=96&d=mm&r=g\",\"url\":\"https:\\\/\\\/secure.gravatar.com\\\/avatar\\\/db3ef399ff343d0bb9d25dc5198bc8ece5ac6d621eca79876697a354dabc1e3f?s=96&d=mm&r=g\",\"contentUrl\":\"https:\\\/\\\/secure.gravatar.com\\\/avatar\\\/db3ef399ff343d0bb9d25dc5198bc8ece5ac6d621eca79876697a354dabc1e3f?s=96&d=mm&r=g\",\"caption\":\"Larissa I. L\u00f3pez\"},\"description\":\"Doctora en Comunicaci\u00f3n. Mi trayectoria profesional ha transcurrido entre el \u00e1mbito de la comunicaci\u00f3n y el de la docencia. En los \u00faltimos a\u00f1os, he trabajado como coordinadora y redactora de la edici\u00f3n de ZENIT en espa\u00f1ol. Como profesora, he impartido clases en la universidad y en centros de FP y bachillerato. Cordobesa de nacimiento, tambi\u00e9n he vivido en Sevilla, Madrid y Roma\",\"url\":\"https:\\\/\\\/exaudi.org\\\/es\\\/author\\\/llopezexaudi-org\\\/\"}]}<\/script>\n<!-- \/ Yoast SEO plugin. -->","yoast_head_json":{"title":"Cuaresma: \u201cEl ayuno prepara el terreno, la oraci\u00f3n riega, la caridad fecunda\u201d &#8211; Exaudi","description":"En su mensaje de Cuaresma, el Papa Francisco afirma que \u201cel ayuno prepara el terreno, la oraci\u00f3n riega, la caridad fecunda\u201d","robots":{"index":"index","follow":"follow","max-snippet":"max-snippet:-1","max-image-preview":"max-image-preview:large","max-video-preview":"max-video-preview:-1"},"canonical":"https:\/\/exaudi.org\/es\/cuaresma-ayuno-prepara-terreno-oracion-riega-caridad-fecunda\/","og_locale":"es_ES","og_type":"article","og_title":"Cuaresma: \u201cEl ayuno prepara el terreno, la oraci\u00f3n riega, la caridad fecunda\u201d &#8211; Exaudi","og_description":"En su mensaje de Cuaresma, el Papa Francisco afirma que \u201cel ayuno prepara el terreno, la oraci\u00f3n riega, la caridad fecunda\u201d","og_url":"https:\/\/exaudi.org\/es\/cuaresma-ayuno-prepara-terreno-oracion-riega-caridad-fecunda\/","og_site_name":"Exaudi","article_publisher":"https:\/\/www.facebook.com\/ExaudiNews","article_published_time":"2022-02-24T10:36:39+00:00","article_modified_time":"2022-02-25T09:59:58+00:00","og_image":[{"width":800,"height":533,"url":"https:\/\/exaudi.org\/wp-content\/uploads\/2022\/02\/El-Papa-Francisco-recibe-la-ceniza-17-febrero-2021.jpeg","type":"image\/jpeg"}],"author":"Larissa I. L\u00f3pez","twitter_card":"summary_large_image","twitter_creator":"@Exaudi_News","twitter_site":"@Exaudi_News","twitter_misc":{"Escrito por":"Larissa I. L\u00f3pez","Tiempo de lectura":"14 minutos"},"schema":{"@context":"https:\/\/schema.org","@graph":[{"@type":"Article","@id":"https:\/\/exaudi.org\/es\/cuaresma-ayuno-prepara-terreno-oracion-riega-caridad-fecunda\/#article","isPartOf":{"@id":"https:\/\/exaudi.org\/es\/cuaresma-ayuno-prepara-terreno-oracion-riega-caridad-fecunda\/"},"author":{"name":"Larissa I. L\u00f3pez","@id":"https:\/\/exaudi.org\/#\/schema\/person\/7d2f77db033c2c0929edfab6dbe8c588"},"headline":"Cuaresma: \u201cEl ayuno prepara el terreno, la oraci\u00f3n riega, la caridad fecunda\u201d","datePublished":"2022-02-24T10:36:39+00:00","dateModified":"2022-02-25T09:59:58+00:00","mainEntityOfPage":{"@id":"https:\/\/exaudi.org\/es\/cuaresma-ayuno-prepara-terreno-oracion-riega-caridad-fecunda\/"},"wordCount":3149,"image":{"@id":"https:\/\/exaudi.org\/es\/cuaresma-ayuno-prepara-terreno-oracion-riega-caridad-fecunda\/#primaryimage"},"thumbnailUrl":"https:\/\/exaudi.org\/wp-content\/uploads\/2022\/02\/El-Papa-Francisco-recibe-la-ceniza-17-febrero-2021.jpeg","keywords":["Ayuno","caridad","cuaresma","Oraci\u00f3n","papa francisco","Trending"],"articleSection":["Le\u00f3n XIV","Mensajes"],"inLanguage":"es"},{"@type":"WebPage","@id":"https:\/\/exaudi.org\/es\/cuaresma-ayuno-prepara-terreno-oracion-riega-caridad-fecunda\/","url":"https:\/\/exaudi.org\/es\/cuaresma-ayuno-prepara-terreno-oracion-riega-caridad-fecunda\/","name":"Cuaresma: \u201cEl ayuno prepara el terreno, la oraci\u00f3n riega, la caridad fecunda\u201d &#8211; Exaudi","isPartOf":{"@id":"https:\/\/exaudi.org\/#website"},"primaryImageOfPage":{"@id":"https:\/\/exaudi.org\/es\/cuaresma-ayuno-prepara-terreno-oracion-riega-caridad-fecunda\/#primaryimage"},"image":{"@id":"https:\/\/exaudi.org\/es\/cuaresma-ayuno-prepara-terreno-oracion-riega-caridad-fecunda\/#primaryimage"},"thumbnailUrl":"https:\/\/exaudi.org\/wp-content\/uploads\/2022\/02\/El-Papa-Francisco-recibe-la-ceniza-17-febrero-2021.jpeg","datePublished":"2022-02-24T10:36:39+00:00","dateModified":"2022-02-25T09:59:58+00:00","author":{"@id":"https:\/\/exaudi.org\/#\/schema\/person\/7d2f77db033c2c0929edfab6dbe8c588"},"description":"En su mensaje de Cuaresma, el Papa Francisco afirma que \u201cel ayuno prepara el terreno, la oraci\u00f3n riega, la caridad fecunda\u201d","breadcrumb":{"@id":"https:\/\/exaudi.org\/es\/cuaresma-ayuno-prepara-terreno-oracion-riega-caridad-fecunda\/#breadcrumb"},"inLanguage":"es","potentialAction":[{"@type":"ReadAction","target":["https:\/\/exaudi.org\/es\/cuaresma-ayuno-prepara-terreno-oracion-riega-caridad-fecunda\/"]}]},{"@type":"ImageObject","inLanguage":"es","@id":"https:\/\/exaudi.org\/es\/cuaresma-ayuno-prepara-terreno-oracion-riega-caridad-fecunda\/#primaryimage","url":"https:\/\/exaudi.org\/wp-content\/uploads\/2022\/02\/El-Papa-Francisco-recibe-la-ceniza-17-febrero-2021.jpeg","contentUrl":"https:\/\/exaudi.org\/wp-content\/uploads\/2022\/02\/El-Papa-Francisco-recibe-la-ceniza-17-febrero-2021.jpeg","width":800,"height":533,"caption":"El Papa Francisco recibe la ceniza, 17 febrero 2021 \u00a9 Vatican Media"},{"@type":"BreadcrumbList","@id":"https:\/\/exaudi.org\/es\/cuaresma-ayuno-prepara-terreno-oracion-riega-caridad-fecunda\/#breadcrumb","itemListElement":[{"@type":"ListItem","position":1,"name":"Portada","item":"https:\/\/exaudi.org\/es\/"},{"@type":"ListItem","position":2,"name":"Cuaresma: \u201cEl ayuno prepara el terreno, la oraci\u00f3n riega, la caridad fecunda\u201d"}]},{"@type":"WebSite","@id":"https:\/\/exaudi.org\/#website","url":"https:\/\/exaudi.org\/","name":"Exaudi","description":"News","potentialAction":[{"@type":"SearchAction","target":{"@type":"EntryPoint","urlTemplate":"https:\/\/exaudi.org\/?s={search_term_string}"},"query-input":{"@type":"PropertyValueSpecification","valueRequired":true,"valueName":"search_term_string"}}],"inLanguage":"es"},{"@type":"Person","@id":"https:\/\/exaudi.org\/#\/schema\/person\/7d2f77db033c2c0929edfab6dbe8c588","name":"Larissa I. L\u00f3pez","image":{"@type":"ImageObject","inLanguage":"es","@id":"https:\/\/secure.gravatar.com\/avatar\/db3ef399ff343d0bb9d25dc5198bc8ece5ac6d621eca79876697a354dabc1e3f?s=96&d=mm&r=g","url":"https:\/\/secure.gravatar.com\/avatar\/db3ef399ff343d0bb9d25dc5198bc8ece5ac6d621eca79876697a354dabc1e3f?s=96&d=mm&r=g","contentUrl":"https:\/\/secure.gravatar.com\/avatar\/db3ef399ff343d0bb9d25dc5198bc8ece5ac6d621eca79876697a354dabc1e3f?s=96&d=mm&r=g","caption":"Larissa I. L\u00f3pez"},"description":"Doctora en Comunicaci\u00f3n. Mi trayectoria profesional ha transcurrido entre el \u00e1mbito de la comunicaci\u00f3n y el de la docencia. En los \u00faltimos a\u00f1os, he trabajado como coordinadora y redactora de la edici\u00f3n de ZENIT en espa\u00f1ol. Como profesora, he impartido clases en la universidad y en centros de FP y bachillerato. Cordobesa de nacimiento, tambi\u00e9n he vivido en Sevilla, Madrid y Roma","url":"https:\/\/exaudi.org\/es\/author\/llopezexaudi-org\/"}]}},"jetpack_featured_media_url":"https:\/\/exaudi.org\/wp-content\/uploads\/2022\/02\/El-Papa-Francisco-recibe-la-ceniza-17-febrero-2021.jpeg","jetpack_shortlink":"https:\/\/wp.me\/pgKjF2-dOQ","_links":{"self":[{"href":"https:\/\/exaudi.org\/es\/wp-json\/wp\/v2\/posts\/53124","targetHints":{"allow":["GET"]}}],"collection":[{"href":"https:\/\/exaudi.org\/es\/wp-json\/wp\/v2\/posts"}],"about":[{"href":"https:\/\/exaudi.org\/es\/wp-json\/wp\/v2\/types\/post"}],"author":[{"embeddable":true,"href":"https:\/\/exaudi.org\/es\/wp-json\/wp\/v2\/users\/5"}],"replies":[{"embeddable":true,"href":"https:\/\/exaudi.org\/es\/wp-json\/wp\/v2\/comments?post=53124"}],"version-history":[{"count":0,"href":"https:\/\/exaudi.org\/es\/wp-json\/wp\/v2\/posts\/53124\/revisions"}],"wp:featuredmedia":[{"embeddable":true,"href":"https:\/\/exaudi.org\/es\/wp-json\/wp\/v2\/media\/53125"}],"wp:attachment":[{"href":"https:\/\/exaudi.org\/es\/wp-json\/wp\/v2\/media?parent=53124"}],"wp:term":[{"taxonomy":"category","embeddable":true,"href":"https:\/\/exaudi.org\/es\/wp-json\/wp\/v2\/categories?post=53124"},{"taxonomy":"post_tag","embeddable":true,"href":"https:\/\/exaudi.org\/es\/wp-json\/wp\/v2\/tags?post=53124"}],"curies":[{"name":"wp","href":"https:\/\/api.w.org\/{rel}","templated":true}]}}