{"id":53053,"date":"2022-02-24T09:30:58","date_gmt":"2022-02-24T08:30:58","guid":{"rendered":"https:\/\/exaudi.org\/?p=53053"},"modified":"2022-02-24T09:57:17","modified_gmt":"2022-02-24T08:57:17","slug":"informe-asamblea-eclesial-celam-clave-sinodal","status":"publish","type":"post","link":"https:\/\/exaudi.org\/es\/informe-asamblea-eclesial-celam-clave-sinodal\/","title":{"rendered":"CELAM: Informe de la Asamblea Eclesial presentado al Papa"},"content":{"rendered":"<p>Durante su <a href=\"https:\/\/exaudi.org\/es\/celam-presenta-al-papa-informe-sobre-la-asamblea-eclesial\/\" target=\"_blank\" rel=\"noopener\">encuentro con el Papa Francisco el pasado s\u00e1bado 19 de febrero de 2022<\/a>, la Presidencia del Consejo Episcopal Latinoamericano (CELAM) present\u00f3 su informe resumido sobre el balance de la primera <a href=\"https:\/\/asambleaeclesial.lat\/blog\/\" target=\"_blank\" rel=\"noopener\">Asamblea Eclesial de Am\u00e9rica Latina y el Caribe<\/a>. El documento, compuesto de 20 p\u00e1ginas, incluye un conjunto de infograf\u00edas sobre los participantes, los textos de referencia, los desaf\u00edos pastorales, los medios y las mediaciones y la evaluaci\u00f3n del encuentro realizado del 21 al 28 de noviembre del curso pasado.<\/p>\n<p>ADN CELAM, sistema informativo del organismo eclesial, cuenta que tambi\u00e9n se presentaron al Santo Padre los procesos pastorales prioritarios y el itinerario pastoral previsto para este 2022, con el que buscan animar diversos espacios relacionados con el proceso de renovaci\u00f3n y reestructuraci\u00f3n, la Asamblea Eclesial y el S\u00ednodo de la sinodalidad: \u201cTodos ellos se conectan entre s\u00ed\u201d, aseguraron.<\/p>\n<p>En este sentido, dijeron que la preparaci\u00f3n y realizaci\u00f3n de la Asamblea Eclesial \u201cha permitido reconocer la presencia del Esp\u00edritu del Se\u00f1or en este tiempo de <em>kair\u00f3s<\/em> y de renovaci\u00f3n en clave sinodal, a trav\u00e9s de una nutrida participaci\u00f3n del Pueblo de Dios\u201d.<\/p>\n<h2>Sobre el informe<\/h2>\n<p>En el informe que han presentado al Papa, los obispos latinoamericanos han reflejado datos clave sobre la cantidad de participantes, distribuidos en modalidades, eclesialidad, g\u00e9nero, edades y regiones.\u00a0En cuanto a los 41 desaf\u00edos pastorales, estos han sido separados en siete n\u00facleos tem\u00e1ticos: Jesucristo, Palabra, Iglesia; j\u00f3venes, mujeres, laicos y laicas; familias y fragilidades; clamor de los pobres; clamor de la Tierra; pueblos originarios, afrodescendientes, interculturalidad, diversidades; y violencia, democracia, corrupci\u00f3n e impunidad.<\/p>\n<p>Cada desaf\u00edo ha sido identificado con un icono representativo o identificador visual, a guisa de los Objetivos de Desarrollo Sostenible de Naciones Unidas, seg\u00fan hablan los prelados \u201ccon miras a una presentaci\u00f3n m\u00e1s ordenada\u201d.\u00a0La Presidencia del CELAM ha mostrado al Pont\u00edfice el itinerario pastoral de 2022 que incluye un Seminario extendido sobre los horizontes y la misi\u00f3n del Consejo, as\u00ed como diversos encuentros por regiones con los obispos de los 22 Episcopados.<\/p>\n<p>Igualmente, se ha previsto una reuni\u00f3n con Secretarios de Conferencias Episcopales y, para el mes de julio, la Asamblea extraordinaria del CELAM en la que tambi\u00e9n tendr\u00e1 lugar la inauguraci\u00f3n de la nueva sede en Bogot\u00e1, para culminar con la orientaciones pastorales y la fase continental del S\u00ednodo de la sinodalidad.<\/p>\n<h2>Impulsar la Iglesia sinodal<\/h2>\n<p>Desde el Consejo Episcopal, \u201cfieles a nuestra vocaci\u00f3n de comuni\u00f3n, reflexi\u00f3n, colaboraci\u00f3n y servicio, reafirmamos nuestro deseo de impulsar una Iglesia en salida sinodal y reavivar el esp\u00edritu de la V Conferencia General del Episcopado que, en Aparecida en 2007, nos convoc\u00f3 a ser disc\u00edpulos misioneros\u201d, han apuntado los prelados.<\/p>\n<p>Asimismo, confirmaron su compromiso de \u201canimar la esperanza, vislumbrando en el horizonte el Jubileo Guadalupano en 2031 y el Jubileo de la Redenci\u00f3n en 2033\u201d. Este proceso, indicaron, \u201cen el que vamos aprendiendo a \u2018caminar juntos\u2019, nos vincula al itinerario propuesto para la XVI Asamblea General del S\u00ednodo de los Obispos\u201d.<\/p>\n<p>Respecto a la Asamblea Eclesial destacaron que \u201cla metodolog\u00eda pastoral, los contenidos abordados, los momentos de espiritualidad y celebraci\u00f3n lit\u00fargica, y los espacios de escucha, di\u00e1logo y discernimiento comunitario, nos estimulan a seguir apostando por una Iglesia sinodal: comuni\u00f3n, participaci\u00f3n y misi\u00f3n\u201d.<\/p>\n","protected":false},"excerpt":{"rendered":"<p>Presentado al Papa Francisco el 19 de febrero<\/p>\n","protected":false},"author":93,"featured_media":53062,"comment_status":"closed","ping_status":"closed","sticky":false,"template":"","format":"standard","meta":{"_acf_changed":false,"_crdt_document":"","inline_featured_image":false,"footnotes":""},"categories":[86],"tags":[252,1494,1635,158,4953],"class_list":["post-53053","post","type-post","status-publish","format-standard","has-post-thumbnail","hentry","category-iglesia-local","tag-asamblea-eclesial-de-america-latina-y-el-caribe","tag-consejo-episcopal-latinoamericano-celam","tag-informe","tag-papa-francisco","tag-trending-es"],"acf":[],"yoast_head":"<!-- This site is optimized with the Yoast SEO plugin v27.4 - https:\/\/yoast.com\/product\/yoast-seo-wordpress\/ -->\n<title>CELAM: Informe de la Asamblea Eclesial presentado al Papa &#8211; Exaudi<\/title>\n<meta name=\"description\" content=\"En su reuni\u00f3n con el Papa el 19 de febrero, la Presidencia del CELAM present\u00f3 su informe con el balance de la Asamblea Eclesial.\" \/>\n<meta name=\"robots\" content=\"index, follow, max-snippet:-1, max-image-preview:large, max-video-preview:-1\" \/>\n<link rel=\"canonical\" href=\"https:\/\/exaudi.org\/es\/informe-asamblea-eclesial-celam-clave-sinodal\/\" \/>\n<meta property=\"og:locale\" content=\"es_ES\" \/>\n<meta property=\"og:type\" content=\"article\" \/>\n<meta property=\"og:title\" content=\"CELAM: Informe de la Asamblea Eclesial presentado al Papa &#8211; Exaudi\" \/>\n<meta property=\"og:description\" content=\"En su reuni\u00f3n con el Papa el 19 de febrero, la Presidencia del CELAM present\u00f3 su informe con el balance de la Asamblea Eclesial.\" \/>\n<meta property=\"og:url\" content=\"https:\/\/exaudi.org\/es\/informe-asamblea-eclesial-celam-clave-sinodal\/\" \/>\n<meta property=\"og:site_name\" content=\"Exaudi\" \/>\n<meta property=\"article:publisher\" content=\"https:\/\/www.facebook.com\/ExaudiNews\" \/>\n<meta property=\"article:published_time\" content=\"2022-02-24T08:30:58+00:00\" \/>\n<meta property=\"article:modified_time\" content=\"2022-02-24T08:57:17+00:00\" \/>\n<meta property=\"og:image\" content=\"https:\/\/exaudi.org\/wp-content\/uploads\/2022\/02\/informeasambleaeclesialcelamsinodal-scaled.jpg\" \/>\n\t<meta property=\"og:image:width\" content=\"2560\" \/>\n\t<meta property=\"og:image:height\" content=\"1707\" \/>\n\t<meta property=\"og:image:type\" content=\"image\/jpeg\" \/>\n<meta name=\"author\" content=\"ADN CELAM\" \/>\n<meta name=\"twitter:card\" content=\"summary_large_image\" \/>\n<meta name=\"twitter:creator\" content=\"@Exaudi_News\" \/>\n<meta name=\"twitter:site\" content=\"@Exaudi_News\" \/>\n<meta name=\"twitter:label1\" content=\"Escrito por\" \/>\n\t<meta name=\"twitter:data1\" content=\"ADN CELAM\" \/>\n\t<meta name=\"twitter:label2\" content=\"Tiempo de lectura\" \/>\n\t<meta name=\"twitter:data2\" content=\"3 minutos\" \/>\n<script type=\"application\/ld+json\" class=\"yoast-schema-graph\">{\"@context\":\"https:\\\/\\\/schema.org\",\"@graph\":[{\"@type\":\"Article\",\"@id\":\"https:\\\/\\\/exaudi.org\\\/es\\\/informe-asamblea-eclesial-celam-clave-sinodal\\\/#article\",\"isPartOf\":{\"@id\":\"https:\\\/\\\/exaudi.org\\\/es\\\/informe-asamblea-eclesial-celam-clave-sinodal\\\/\"},\"author\":{\"name\":\"ADN CELAM\",\"@id\":\"https:\\\/\\\/exaudi.org\\\/#\\\/schema\\\/person\\\/fbc491ba5ee575299c5e9bc1b11ccc1f\"},\"headline\":\"CELAM: Informe de la Asamblea Eclesial presentado al Papa\",\"datePublished\":\"2022-02-24T08:30:58+00:00\",\"dateModified\":\"2022-02-24T08:57:17+00:00\",\"mainEntityOfPage\":{\"@id\":\"https:\\\/\\\/exaudi.org\\\/es\\\/informe-asamblea-eclesial-celam-clave-sinodal\\\/\"},\"wordCount\":575,\"image\":{\"@id\":\"https:\\\/\\\/exaudi.org\\\/es\\\/informe-asamblea-eclesial-celam-clave-sinodal\\\/#primaryimage\"},\"thumbnailUrl\":\"https:\\\/\\\/exaudi.org\\\/wp-content\\\/uploads\\\/2022\\\/02\\\/informeasambleaeclesialcelamsinodal-scaled.jpg\",\"keywords\":[\"Asamblea Eclesial de Am\u00e9rica Latina y el Caribe\",\"Consejo Episcopal Latinoamericano (CELAM)\",\"Informe\",\"papa francisco\",\"Trending\"],\"articleSection\":[\"Iglesia Local\"],\"inLanguage\":\"es\"},{\"@type\":\"WebPage\",\"@id\":\"https:\\\/\\\/exaudi.org\\\/es\\\/informe-asamblea-eclesial-celam-clave-sinodal\\\/\",\"url\":\"https:\\\/\\\/exaudi.org\\\/es\\\/informe-asamblea-eclesial-celam-clave-sinodal\\\/\",\"name\":\"CELAM: Informe de la Asamblea Eclesial presentado al Papa &#8211; Exaudi\",\"isPartOf\":{\"@id\":\"https:\\\/\\\/exaudi.org\\\/#website\"},\"primaryImageOfPage\":{\"@id\":\"https:\\\/\\\/exaudi.org\\\/es\\\/informe-asamblea-eclesial-celam-clave-sinodal\\\/#primaryimage\"},\"image\":{\"@id\":\"https:\\\/\\\/exaudi.org\\\/es\\\/informe-asamblea-eclesial-celam-clave-sinodal\\\/#primaryimage\"},\"thumbnailUrl\":\"https:\\\/\\\/exaudi.org\\\/wp-content\\\/uploads\\\/2022\\\/02\\\/informeasambleaeclesialcelamsinodal-scaled.jpg\",\"datePublished\":\"2022-02-24T08:30:58+00:00\",\"dateModified\":\"2022-02-24T08:57:17+00:00\",\"author\":{\"@id\":\"https:\\\/\\\/exaudi.org\\\/#\\\/schema\\\/person\\\/fbc491ba5ee575299c5e9bc1b11ccc1f\"},\"description\":\"En su reuni\u00f3n con el Papa el 19 de febrero, la Presidencia del CELAM present\u00f3 su informe con el balance de la Asamblea Eclesial.\",\"breadcrumb\":{\"@id\":\"https:\\\/\\\/exaudi.org\\\/es\\\/informe-asamblea-eclesial-celam-clave-sinodal\\\/#breadcrumb\"},\"inLanguage\":\"es\",\"potentialAction\":[{\"@type\":\"ReadAction\",\"target\":[\"https:\\\/\\\/exaudi.org\\\/es\\\/informe-asamblea-eclesial-celam-clave-sinodal\\\/\"]}]},{\"@type\":\"ImageObject\",\"inLanguage\":\"es\",\"@id\":\"https:\\\/\\\/exaudi.org\\\/es\\\/informe-asamblea-eclesial-celam-clave-sinodal\\\/#primaryimage\",\"url\":\"https:\\\/\\\/exaudi.org\\\/wp-content\\\/uploads\\\/2022\\\/02\\\/informeasambleaeclesialcelamsinodal-scaled.jpg\",\"contentUrl\":\"https:\\\/\\\/exaudi.org\\\/wp-content\\\/uploads\\\/2022\\\/02\\\/informeasambleaeclesialcelamsinodal-scaled.jpg\",\"width\":2560,\"height\":1707,\"caption\":\"El Papa reunido con la Presidencia del CELAM \u00a9 Vatican Media\"},{\"@type\":\"BreadcrumbList\",\"@id\":\"https:\\\/\\\/exaudi.org\\\/es\\\/informe-asamblea-eclesial-celam-clave-sinodal\\\/#breadcrumb\",\"itemListElement\":[{\"@type\":\"ListItem\",\"position\":1,\"name\":\"Portada\",\"item\":\"https:\\\/\\\/exaudi.org\\\/es\\\/\"},{\"@type\":\"ListItem\",\"position\":2,\"name\":\"CELAM: Informe de la Asamblea Eclesial presentado al Papa\"}]},{\"@type\":\"WebSite\",\"@id\":\"https:\\\/\\\/exaudi.org\\\/#website\",\"url\":\"https:\\\/\\\/exaudi.org\\\/\",\"name\":\"Exaudi\",\"description\":\"News\",\"potentialAction\":[{\"@type\":\"SearchAction\",\"target\":{\"@type\":\"EntryPoint\",\"urlTemplate\":\"https:\\\/\\\/exaudi.org\\\/?s={search_term_string}\"},\"query-input\":{\"@type\":\"PropertyValueSpecification\",\"valueRequired\":true,\"valueName\":\"search_term_string\"}}],\"inLanguage\":\"es\"},{\"@type\":\"Person\",\"@id\":\"https:\\\/\\\/exaudi.org\\\/#\\\/schema\\\/person\\\/fbc491ba5ee575299c5e9bc1b11ccc1f\",\"name\":\"ADN CELAM\",\"image\":{\"@type\":\"ImageObject\",\"inLanguage\":\"es\",\"@id\":\"https:\\\/\\\/secure.gravatar.com\\\/avatar\\\/9f35251df285dd73b5052c2ea71d63aa960ac375813315353fd23ad8daf7a7ae?s=96&d=mm&r=g\",\"url\":\"https:\\\/\\\/secure.gravatar.com\\\/avatar\\\/9f35251df285dd73b5052c2ea71d63aa960ac375813315353fd23ad8daf7a7ae?s=96&d=mm&r=g\",\"contentUrl\":\"https:\\\/\\\/secure.gravatar.com\\\/avatar\\\/9f35251df285dd73b5052c2ea71d63aa960ac375813315353fd23ad8daf7a7ae?s=96&d=mm&r=g\",\"caption\":\"ADN CELAM\"},\"description\":\"Sistema informativo del Consejo Episcopal Latinoamericano (CELAM)\",\"url\":\"https:\\\/\\\/exaudi.org\\\/es\\\/author\\\/adncelam\\\/\"}]}<\/script>\n<!-- \/ Yoast SEO plugin. -->","yoast_head_json":{"title":"CELAM: Informe de la Asamblea Eclesial presentado al Papa &#8211; Exaudi","description":"En su reuni\u00f3n con el Papa el 19 de febrero, la Presidencia del CELAM present\u00f3 su informe con el balance de la Asamblea Eclesial.","robots":{"index":"index","follow":"follow","max-snippet":"max-snippet:-1","max-image-preview":"max-image-preview:large","max-video-preview":"max-video-preview:-1"},"canonical":"https:\/\/exaudi.org\/es\/informe-asamblea-eclesial-celam-clave-sinodal\/","og_locale":"es_ES","og_type":"article","og_title":"CELAM: Informe de la Asamblea Eclesial presentado al Papa &#8211; Exaudi","og_description":"En su reuni\u00f3n con el Papa el 19 de febrero, la Presidencia del CELAM present\u00f3 su informe con el balance de la Asamblea Eclesial.","og_url":"https:\/\/exaudi.org\/es\/informe-asamblea-eclesial-celam-clave-sinodal\/","og_site_name":"Exaudi","article_publisher":"https:\/\/www.facebook.com\/ExaudiNews","article_published_time":"2022-02-24T08:30:58+00:00","article_modified_time":"2022-02-24T08:57:17+00:00","og_image":[{"width":2560,"height":1707,"url":"https:\/\/exaudi.org\/wp-content\/uploads\/2022\/02\/informeasambleaeclesialcelamsinodal-scaled.jpg","type":"image\/jpeg"}],"author":"ADN CELAM","twitter_card":"summary_large_image","twitter_creator":"@Exaudi_News","twitter_site":"@Exaudi_News","twitter_misc":{"Escrito por":"ADN CELAM","Tiempo de lectura":"3 minutos"},"schema":{"@context":"https:\/\/schema.org","@graph":[{"@type":"Article","@id":"https:\/\/exaudi.org\/es\/informe-asamblea-eclesial-celam-clave-sinodal\/#article","isPartOf":{"@id":"https:\/\/exaudi.org\/es\/informe-asamblea-eclesial-celam-clave-sinodal\/"},"author":{"name":"ADN CELAM","@id":"https:\/\/exaudi.org\/#\/schema\/person\/fbc491ba5ee575299c5e9bc1b11ccc1f"},"headline":"CELAM: Informe de la Asamblea Eclesial presentado al Papa","datePublished":"2022-02-24T08:30:58+00:00","dateModified":"2022-02-24T08:57:17+00:00","mainEntityOfPage":{"@id":"https:\/\/exaudi.org\/es\/informe-asamblea-eclesial-celam-clave-sinodal\/"},"wordCount":575,"image":{"@id":"https:\/\/exaudi.org\/es\/informe-asamblea-eclesial-celam-clave-sinodal\/#primaryimage"},"thumbnailUrl":"https:\/\/exaudi.org\/wp-content\/uploads\/2022\/02\/informeasambleaeclesialcelamsinodal-scaled.jpg","keywords":["Asamblea Eclesial de Am\u00e9rica Latina y el Caribe","Consejo Episcopal Latinoamericano (CELAM)","Informe","papa francisco","Trending"],"articleSection":["Iglesia Local"],"inLanguage":"es"},{"@type":"WebPage","@id":"https:\/\/exaudi.org\/es\/informe-asamblea-eclesial-celam-clave-sinodal\/","url":"https:\/\/exaudi.org\/es\/informe-asamblea-eclesial-celam-clave-sinodal\/","name":"CELAM: Informe de la Asamblea Eclesial presentado al Papa &#8211; Exaudi","isPartOf":{"@id":"https:\/\/exaudi.org\/#website"},"primaryImageOfPage":{"@id":"https:\/\/exaudi.org\/es\/informe-asamblea-eclesial-celam-clave-sinodal\/#primaryimage"},"image":{"@id":"https:\/\/exaudi.org\/es\/informe-asamblea-eclesial-celam-clave-sinodal\/#primaryimage"},"thumbnailUrl":"https:\/\/exaudi.org\/wp-content\/uploads\/2022\/02\/informeasambleaeclesialcelamsinodal-scaled.jpg","datePublished":"2022-02-24T08:30:58+00:00","dateModified":"2022-02-24T08:57:17+00:00","author":{"@id":"https:\/\/exaudi.org\/#\/schema\/person\/fbc491ba5ee575299c5e9bc1b11ccc1f"},"description":"En su reuni\u00f3n con el Papa el 19 de febrero, la Presidencia del CELAM present\u00f3 su informe con el balance de la Asamblea Eclesial.","breadcrumb":{"@id":"https:\/\/exaudi.org\/es\/informe-asamblea-eclesial-celam-clave-sinodal\/#breadcrumb"},"inLanguage":"es","potentialAction":[{"@type":"ReadAction","target":["https:\/\/exaudi.org\/es\/informe-asamblea-eclesial-celam-clave-sinodal\/"]}]},{"@type":"ImageObject","inLanguage":"es","@id":"https:\/\/exaudi.org\/es\/informe-asamblea-eclesial-celam-clave-sinodal\/#primaryimage","url":"https:\/\/exaudi.org\/wp-content\/uploads\/2022\/02\/informeasambleaeclesialcelamsinodal-scaled.jpg","contentUrl":"https:\/\/exaudi.org\/wp-content\/uploads\/2022\/02\/informeasambleaeclesialcelamsinodal-scaled.jpg","width":2560,"height":1707,"caption":"El Papa reunido con la Presidencia del CELAM \u00a9 Vatican Media"},{"@type":"BreadcrumbList","@id":"https:\/\/exaudi.org\/es\/informe-asamblea-eclesial-celam-clave-sinodal\/#breadcrumb","itemListElement":[{"@type":"ListItem","position":1,"name":"Portada","item":"https:\/\/exaudi.org\/es\/"},{"@type":"ListItem","position":2,"name":"CELAM: Informe de la Asamblea Eclesial presentado al Papa"}]},{"@type":"WebSite","@id":"https:\/\/exaudi.org\/#website","url":"https:\/\/exaudi.org\/","name":"Exaudi","description":"News","potentialAction":[{"@type":"SearchAction","target":{"@type":"EntryPoint","urlTemplate":"https:\/\/exaudi.org\/?s={search_term_string}"},"query-input":{"@type":"PropertyValueSpecification","valueRequired":true,"valueName":"search_term_string"}}],"inLanguage":"es"},{"@type":"Person","@id":"https:\/\/exaudi.org\/#\/schema\/person\/fbc491ba5ee575299c5e9bc1b11ccc1f","name":"ADN CELAM","image":{"@type":"ImageObject","inLanguage":"es","@id":"https:\/\/secure.gravatar.com\/avatar\/9f35251df285dd73b5052c2ea71d63aa960ac375813315353fd23ad8daf7a7ae?s=96&d=mm&r=g","url":"https:\/\/secure.gravatar.com\/avatar\/9f35251df285dd73b5052c2ea71d63aa960ac375813315353fd23ad8daf7a7ae?s=96&d=mm&r=g","contentUrl":"https:\/\/secure.gravatar.com\/avatar\/9f35251df285dd73b5052c2ea71d63aa960ac375813315353fd23ad8daf7a7ae?s=96&d=mm&r=g","caption":"ADN CELAM"},"description":"Sistema informativo del Consejo Episcopal Latinoamericano (CELAM)","url":"https:\/\/exaudi.org\/es\/author\/adncelam\/"}]}},"jetpack_featured_media_url":"https:\/\/exaudi.org\/wp-content\/uploads\/2022\/02\/informeasambleaeclesialcelamsinodal-scaled.jpg","jetpack_shortlink":"https:\/\/wp.me\/pgKjF2-dNH","_links":{"self":[{"href":"https:\/\/exaudi.org\/es\/wp-json\/wp\/v2\/posts\/53053","targetHints":{"allow":["GET"]}}],"collection":[{"href":"https:\/\/exaudi.org\/es\/wp-json\/wp\/v2\/posts"}],"about":[{"href":"https:\/\/exaudi.org\/es\/wp-json\/wp\/v2\/types\/post"}],"author":[{"embeddable":true,"href":"https:\/\/exaudi.org\/es\/wp-json\/wp\/v2\/users\/93"}],"replies":[{"embeddable":true,"href":"https:\/\/exaudi.org\/es\/wp-json\/wp\/v2\/comments?post=53053"}],"version-history":[{"count":0,"href":"https:\/\/exaudi.org\/es\/wp-json\/wp\/v2\/posts\/53053\/revisions"}],"wp:featuredmedia":[{"embeddable":true,"href":"https:\/\/exaudi.org\/es\/wp-json\/wp\/v2\/media\/53062"}],"wp:attachment":[{"href":"https:\/\/exaudi.org\/es\/wp-json\/wp\/v2\/media?parent=53053"}],"wp:term":[{"taxonomy":"category","embeddable":true,"href":"https:\/\/exaudi.org\/es\/wp-json\/wp\/v2\/categories?post=53053"},{"taxonomy":"post_tag","embeddable":true,"href":"https:\/\/exaudi.org\/es\/wp-json\/wp\/v2\/tags?post=53053"}],"curies":[{"name":"wp","href":"https:\/\/api.w.org\/{rel}","templated":true}]}}