{"id":52834,"date":"2022-02-22T13:30:49","date_gmt":"2022-02-22T12:30:49","guid":{"rendered":"https:\/\/exaudi.org\/?p=52834"},"modified":"2022-02-22T13:30:49","modified_gmt":"2022-02-22T12:30:49","slug":"programa-visita-papa-florencia-2022","status":"publish","type":"post","link":"https:\/\/exaudi.org\/es\/programa-visita-papa-florencia-2022\/","title":{"rendered":"Programa de la visita del Papa a Florencia"},"content":{"rendered":"<p>La Oficina de Prensa de la Santa Sede ha publicado hoy, martes 22 de febrero de 2022, el programa actualizado de la visita de la <a href=\"https:\/\/exaudi.org\/es\/el-papa-francisco-visitara-florencia-en-febrero\/\" target=\"_blank\" rel=\"noopener\">visita que el Papa Francisco har\u00e1 a Florencia el pr\u00f3ximo domingo 27 de febrer<\/a>o de 2022 para reunirse con los obispos y alcaldes del Mediterr\u00e1neo.<\/p>\n<p>De acuerdo al mismo, el Santo Padre partir\u00e1 del helipuerto del Vaticano a las 17 horas del domingo 27 de febrero. Tras un trayecto por aire de 1 hora, llegar\u00e1 al estadio de atletismo <em>Luigi Ridolfi, <\/em>y media hora despu\u00e9s ser\u00e1 recibido en el <em>Palazzo<\/em> Vecchio, donde realizar\u00e1 un discurso ante las autoridades pol\u00edticas. Tras reunirse con familias de refugiados y desplazados, el Pont\u00edfice se dirigir\u00e1 a la bas\u00edlica de la Santa Cruz para concelebrar la Eucarist\u00eda. Est\u00e1 previsto que el helic\u00f3ptero de vuelta llegue al Vaticano a las 13.30 horas del mismo d\u00eda.<\/p>\n<p>A continuaci\u00f3n, sigue el programa completo de la visita a Florencia.<\/p>\n<p>***<\/p>\n<p><strong><em>Domingo, 27 de febrero de 2022<br \/>\n<\/em><\/strong><\/p>\n<p><strong>ROMA \u2013 FLORENCIA\u2013 ROMA<\/strong><\/p>\n<table style=\"height: 1086px\" border=\"1\" width=\"1273\" cellspacing=\"0\" cellpadding=\"0\">\n<tbody>\n<tr>\n<td valign=\"top\" width=\"123\">7 horas<\/td>\n<td valign=\"top\" width=\"520\">Salida del helipuerto del Vaticano<\/td>\n<\/tr>\n<tr>\n<td valign=\"top\" width=\"123\">8 h<\/td>\n<td valign=\"top\" width=\"520\">Llegada a Florencia al estadio de atletismo <em>Luigi Ridolfi<\/em>.<\/td>\n<\/tr>\n<tr>\n<td valign=\"top\" width=\"123\">8.30 h<\/td>\n<td valign=\"top\" width=\"520\">Llegada del Santo Padre al <em>Palazzo Vecchio<\/em><\/td>\n<\/tr>\n<tr>\n<td valign=\"top\" width=\"123\">8.45 h<\/td>\n<td valign=\"top\" width=\"520\"><strong>Sal\u00f3n de los Quinientos<\/strong><\/p>\n<p>Saludo de:<\/p>\n<p>&#8211; Dario Nardella, alcalde de Florencia.<\/p>\n<p>&#8211; Kostas Bakoyannis, alcalde de Atenas.<\/p>\n<p>&#8211; Moshe Lion, alcalde de Jerusal\u00e9n.<\/p>\n<p>&#8211; Ekrem \u0130mamo\u011flu, alcalde de Estambul.<\/p>\n<p>&#8211; Cardenal Gualtiero Bassetti, arzobispo metropolitano de Perugia-Citt\u00e0 della Pieve, presidente de la Conferencia Episcopal de Italia<\/p>\n<p><strong>* Discurso del Papa Francisco.<\/strong><\/td>\n<\/tr>\n<tr>\n<td valign=\"top\" width=\"123\">9.30 h<\/td>\n<td valign=\"top\" width=\"520\"><strong>Sala de armas<\/strong><\/p>\n<p>El Pont\u00edfice se re\u00fane con familias de refugiados y desplazados (no hay discursos previstos).<\/td>\n<\/tr>\n<tr>\n<td valign=\"top\" width=\"123\">10 h<\/td>\n<td valign=\"top\" width=\"520\">Francisco se desplaza en coche hasta la bas\u00edlica de la Santa Cruz, donde es recibido por la comunidad religiosa de los Hermanos Menores.<\/p>\n<p>&#8211; Reuni\u00f3n privada con el presidente de la Rep\u00fablica Italiana.<\/td>\n<\/tr>\n<tr>\n<td valign=\"top\" width=\"123\">10.30 h<\/td>\n<td valign=\"top\" width=\"520\"><strong>Bas\u00edlica de la Santa Cruz<\/strong>. Concelebraci\u00f3n de la Eucarist\u00eda<\/p>\n<p><strong>* Homil\u00eda del Papa.<\/strong><\/p>\n<p>Antes de la bendici\u00f3n final:<\/p>\n<p>&#8211; Acci\u00f3n de gracias del Card. Bassetti.<\/td>\n<\/tr>\n<tr>\n<td valign=\"top\" width=\"123\">12 h<\/td>\n<td valign=\"top\" width=\"520\"><strong>Patio de la\u00a0bas\u00edlica<\/strong>. \u00c1ngelus<\/p>\n<p>&#8211; Acci\u00f3n de gracias del Card. Giuseppe Betori, arzobispo metropolitano de Florencia.<\/td>\n<\/tr>\n<tr>\n<td valign=\"top\" width=\"123\">12.30 h<\/td>\n<td valign=\"top\" width=\"520\">Salida en helic\u00f3ptero desde el estadio de atletismo Luigi Ridolfi.<\/td>\n<\/tr>\n<tr>\n<td valign=\"top\" width=\"123\">13.30 h<\/td>\n<td valign=\"top\" width=\"520\">Llegada al helipuerto del Vaticano.<\/td>\n<\/tr>\n<\/tbody>\n<\/table>\n","protected":false},"excerpt":{"rendered":"<p>Domingo 27 de febrero de 2022<\/p>\n","protected":false},"author":6,"featured_media":52842,"comment_status":"closed","ping_status":"closed","sticky":false,"template":"","format":"standard","meta":{"_acf_changed":false,"_crdt_document":"","inline_featured_image":false,"footnotes":""},"categories":[68,120,126],"tags":[158,551,4953,5969],"class_list":["post-52834","post","type-post","status-publish","format-standard","has-post-thumbnail","hentry","category-leon-xiv","category-viajes","category-viajes-papales","tag-papa-francisco","tag-programa","tag-trending-es","tag-visita-a-florencia-2022"],"acf":[],"yoast_head":"<!-- This site is optimized with the Yoast SEO plugin v27.5 - https:\/\/yoast.com\/product\/yoast-seo-wordpress\/ -->\n<title>Programa de la visita del Papa a Florencia &#8211; Exaudi<\/title>\n<meta name=\"description\" content=\"La Oficina de Prensa de la Santa Sede ha publicado el programa actualizado de la visita de la visita que el Papa Francisco har\u00e1 a Florencia.\" \/>\n<meta name=\"robots\" content=\"index, follow, max-snippet:-1, max-image-preview:large, max-video-preview:-1\" \/>\n<link rel=\"canonical\" href=\"https:\/\/exaudi.org\/es\/programa-visita-papa-florencia-2022\/\" \/>\n<meta property=\"og:locale\" content=\"es_ES\" \/>\n<meta property=\"og:type\" content=\"article\" \/>\n<meta property=\"og:title\" content=\"Programa de la visita del Papa a Florencia &#8211; Exaudi\" \/>\n<meta property=\"og:description\" content=\"La Oficina de Prensa de la Santa Sede ha publicado el programa actualizado de la visita de la visita que el Papa Francisco har\u00e1 a Florencia.\" \/>\n<meta property=\"og:url\" content=\"https:\/\/exaudi.org\/es\/programa-visita-papa-florencia-2022\/\" \/>\n<meta property=\"og:site_name\" content=\"Exaudi\" \/>\n<meta property=\"article:publisher\" content=\"https:\/\/www.facebook.com\/ExaudiNews\" \/>\n<meta property=\"article:published_time\" content=\"2022-02-22T12:30:49+00:00\" \/>\n<meta property=\"og:image\" content=\"https:\/\/exaudi.org\/wp-content\/uploads\/2022\/02\/programavisitapapaflorencia2022.jpeg\" \/>\n\t<meta property=\"og:image:width\" content=\"1492\" \/>\n\t<meta property=\"og:image:height\" content=\"840\" \/>\n\t<meta property=\"og:image:type\" content=\"image\/jpeg\" \/>\n<meta name=\"author\" content=\"Gabriel Sales\" \/>\n<meta name=\"twitter:card\" content=\"summary_large_image\" \/>\n<meta name=\"twitter:creator\" content=\"@habemusman\" \/>\n<meta name=\"twitter:site\" content=\"@Exaudi_News\" \/>\n<meta name=\"twitter:label1\" content=\"Escrito por\" \/>\n\t<meta name=\"twitter:data1\" content=\"Gabriel Sales\" \/>\n\t<meta name=\"twitter:label2\" content=\"Tiempo de lectura\" \/>\n\t<meta name=\"twitter:data2\" content=\"2 minutos\" \/>\n<script type=\"application\/ld+json\" class=\"yoast-schema-graph\">{\"@context\":\"https:\\\/\\\/schema.org\",\"@graph\":[{\"@type\":\"Article\",\"@id\":\"https:\\\/\\\/exaudi.org\\\/es\\\/programa-visita-papa-florencia-2022\\\/#article\",\"isPartOf\":{\"@id\":\"https:\\\/\\\/exaudi.org\\\/es\\\/programa-visita-papa-florencia-2022\\\/\"},\"author\":{\"name\":\"Gabriel Sales\",\"@id\":\"https:\\\/\\\/exaudi.org\\\/#\\\/schema\\\/person\\\/d134b96438278131ce90c90c03fda6cd\"},\"headline\":\"Programa de la visita del Papa a Florencia\",\"datePublished\":\"2022-02-22T12:30:49+00:00\",\"mainEntityOfPage\":{\"@id\":\"https:\\\/\\\/exaudi.org\\\/es\\\/programa-visita-papa-florencia-2022\\\/\"},\"wordCount\":377,\"image\":{\"@id\":\"https:\\\/\\\/exaudi.org\\\/es\\\/programa-visita-papa-florencia-2022\\\/#primaryimage\"},\"thumbnailUrl\":\"https:\\\/\\\/exaudi.org\\\/wp-content\\\/uploads\\\/2022\\\/02\\\/programavisitapapaflorencia2022.jpeg\",\"keywords\":[\"papa francisco\",\"Programa\",\"Trending\",\"Visita a Florencia 2022\"],\"articleSection\":[\"Le\u00f3n XIV\",\"Viajes\",\"Viajes Papales\"],\"inLanguage\":\"es\"},{\"@type\":\"WebPage\",\"@id\":\"https:\\\/\\\/exaudi.org\\\/es\\\/programa-visita-papa-florencia-2022\\\/\",\"url\":\"https:\\\/\\\/exaudi.org\\\/es\\\/programa-visita-papa-florencia-2022\\\/\",\"name\":\"Programa de la visita del Papa a Florencia &#8211; Exaudi\",\"isPartOf\":{\"@id\":\"https:\\\/\\\/exaudi.org\\\/#website\"},\"primaryImageOfPage\":{\"@id\":\"https:\\\/\\\/exaudi.org\\\/es\\\/programa-visita-papa-florencia-2022\\\/#primaryimage\"},\"image\":{\"@id\":\"https:\\\/\\\/exaudi.org\\\/es\\\/programa-visita-papa-florencia-2022\\\/#primaryimage\"},\"thumbnailUrl\":\"https:\\\/\\\/exaudi.org\\\/wp-content\\\/uploads\\\/2022\\\/02\\\/programavisitapapaflorencia2022.jpeg\",\"datePublished\":\"2022-02-22T12:30:49+00:00\",\"author\":{\"@id\":\"https:\\\/\\\/exaudi.org\\\/#\\\/schema\\\/person\\\/d134b96438278131ce90c90c03fda6cd\"},\"description\":\"La Oficina de Prensa de la Santa Sede ha publicado el programa actualizado de la visita de la visita que el Papa Francisco har\u00e1 a Florencia.\",\"breadcrumb\":{\"@id\":\"https:\\\/\\\/exaudi.org\\\/es\\\/programa-visita-papa-florencia-2022\\\/#breadcrumb\"},\"inLanguage\":\"es\",\"potentialAction\":[{\"@type\":\"ReadAction\",\"target\":[\"https:\\\/\\\/exaudi.org\\\/es\\\/programa-visita-papa-florencia-2022\\\/\"]}]},{\"@type\":\"ImageObject\",\"inLanguage\":\"es\",\"@id\":\"https:\\\/\\\/exaudi.org\\\/es\\\/programa-visita-papa-florencia-2022\\\/#primaryimage\",\"url\":\"https:\\\/\\\/exaudi.org\\\/wp-content\\\/uploads\\\/2022\\\/02\\\/programavisitapapaflorencia2022.jpeg\",\"contentUrl\":\"https:\\\/\\\/exaudi.org\\\/wp-content\\\/uploads\\\/2022\\\/02\\\/programavisitapapaflorencia2022.jpeg\",\"width\":1492,\"height\":840,\"caption\":\"Catedral de Florencia \u00a9 Vatican Media\"},{\"@type\":\"BreadcrumbList\",\"@id\":\"https:\\\/\\\/exaudi.org\\\/es\\\/programa-visita-papa-florencia-2022\\\/#breadcrumb\",\"itemListElement\":[{\"@type\":\"ListItem\",\"position\":1,\"name\":\"Portada\",\"item\":\"https:\\\/\\\/exaudi.org\\\/es\\\/\"},{\"@type\":\"ListItem\",\"position\":2,\"name\":\"Programa de la visita del Papa a Florencia\"}]},{\"@type\":\"WebSite\",\"@id\":\"https:\\\/\\\/exaudi.org\\\/#website\",\"url\":\"https:\\\/\\\/exaudi.org\\\/\",\"name\":\"Exaudi\",\"description\":\"News\",\"potentialAction\":[{\"@type\":\"SearchAction\",\"target\":{\"@type\":\"EntryPoint\",\"urlTemplate\":\"https:\\\/\\\/exaudi.org\\\/?s={search_term_string}\"},\"query-input\":{\"@type\":\"PropertyValueSpecification\",\"valueRequired\":true,\"valueName\":\"search_term_string\"}}],\"inLanguage\":\"es\"},{\"@type\":\"Person\",\"@id\":\"https:\\\/\\\/exaudi.org\\\/#\\\/schema\\\/person\\\/d134b96438278131ce90c90c03fda6cd\",\"name\":\"Gabriel Sales\",\"image\":{\"@type\":\"ImageObject\",\"inLanguage\":\"es\",\"@id\":\"https:\\\/\\\/secure.gravatar.com\\\/avatar\\\/9b1269566f6a063ed26ffb3532b66a373cdde231ce5d0effb266167437fdaffd?s=96&d=mm&r=g\",\"url\":\"https:\\\/\\\/secure.gravatar.com\\\/avatar\\\/9b1269566f6a063ed26ffb3532b66a373cdde231ce5d0effb266167437fdaffd?s=96&d=mm&r=g\",\"contentUrl\":\"https:\\\/\\\/secure.gravatar.com\\\/avatar\\\/9b1269566f6a063ed26ffb3532b66a373cdde231ce5d0effb266167437fdaffd?s=96&d=mm&r=g\",\"caption\":\"Gabriel Sales\"},\"description\":\"Periodista y especialista en Comunicaci\u00f3n y Branding digital. Cin\u00e9filo y cr\u00edtico de cine y series de televisi\u00f3n.\",\"sameAs\":[\"https:\\\/\\\/www.instagram.com\\\/cine90segundos\\\/\",\"www.linkedin.com\\\/in\\\/habemusman\",\"https:\\\/\\\/x.com\\\/habemusman\",\"https:\\\/\\\/www.youtube.com\\\/channel\\\/UCVfCiOMkJ_C7T7OpyjuaLDg\"],\"url\":\"https:\\\/\\\/exaudi.org\\\/es\\\/author\\\/gsalesexaudi-org\\\/\"}]}<\/script>\n<!-- \/ Yoast SEO plugin. -->","yoast_head_json":{"title":"Programa de la visita del Papa a Florencia &#8211; Exaudi","description":"La Oficina de Prensa de la Santa Sede ha publicado el programa actualizado de la visita de la visita que el Papa Francisco har\u00e1 a Florencia.","robots":{"index":"index","follow":"follow","max-snippet":"max-snippet:-1","max-image-preview":"max-image-preview:large","max-video-preview":"max-video-preview:-1"},"canonical":"https:\/\/exaudi.org\/es\/programa-visita-papa-florencia-2022\/","og_locale":"es_ES","og_type":"article","og_title":"Programa de la visita del Papa a Florencia &#8211; Exaudi","og_description":"La Oficina de Prensa de la Santa Sede ha publicado el programa actualizado de la visita de la visita que el Papa Francisco har\u00e1 a Florencia.","og_url":"https:\/\/exaudi.org\/es\/programa-visita-papa-florencia-2022\/","og_site_name":"Exaudi","article_publisher":"https:\/\/www.facebook.com\/ExaudiNews","article_published_time":"2022-02-22T12:30:49+00:00","og_image":[{"width":1492,"height":840,"url":"https:\/\/exaudi.org\/wp-content\/uploads\/2022\/02\/programavisitapapaflorencia2022.jpeg","type":"image\/jpeg"}],"author":"Gabriel Sales","twitter_card":"summary_large_image","twitter_creator":"@habemusman","twitter_site":"@Exaudi_News","twitter_misc":{"Escrito por":"Gabriel Sales","Tiempo de lectura":"2 minutos"},"schema":{"@context":"https:\/\/schema.org","@graph":[{"@type":"Article","@id":"https:\/\/exaudi.org\/es\/programa-visita-papa-florencia-2022\/#article","isPartOf":{"@id":"https:\/\/exaudi.org\/es\/programa-visita-papa-florencia-2022\/"},"author":{"name":"Gabriel Sales","@id":"https:\/\/exaudi.org\/#\/schema\/person\/d134b96438278131ce90c90c03fda6cd"},"headline":"Programa de la visita del Papa a Florencia","datePublished":"2022-02-22T12:30:49+00:00","mainEntityOfPage":{"@id":"https:\/\/exaudi.org\/es\/programa-visita-papa-florencia-2022\/"},"wordCount":377,"image":{"@id":"https:\/\/exaudi.org\/es\/programa-visita-papa-florencia-2022\/#primaryimage"},"thumbnailUrl":"https:\/\/exaudi.org\/wp-content\/uploads\/2022\/02\/programavisitapapaflorencia2022.jpeg","keywords":["papa francisco","Programa","Trending","Visita a Florencia 2022"],"articleSection":["Le\u00f3n XIV","Viajes","Viajes Papales"],"inLanguage":"es"},{"@type":"WebPage","@id":"https:\/\/exaudi.org\/es\/programa-visita-papa-florencia-2022\/","url":"https:\/\/exaudi.org\/es\/programa-visita-papa-florencia-2022\/","name":"Programa de la visita del Papa a Florencia &#8211; Exaudi","isPartOf":{"@id":"https:\/\/exaudi.org\/#website"},"primaryImageOfPage":{"@id":"https:\/\/exaudi.org\/es\/programa-visita-papa-florencia-2022\/#primaryimage"},"image":{"@id":"https:\/\/exaudi.org\/es\/programa-visita-papa-florencia-2022\/#primaryimage"},"thumbnailUrl":"https:\/\/exaudi.org\/wp-content\/uploads\/2022\/02\/programavisitapapaflorencia2022.jpeg","datePublished":"2022-02-22T12:30:49+00:00","author":{"@id":"https:\/\/exaudi.org\/#\/schema\/person\/d134b96438278131ce90c90c03fda6cd"},"description":"La Oficina de Prensa de la Santa Sede ha publicado el programa actualizado de la visita de la visita que el Papa Francisco har\u00e1 a Florencia.","breadcrumb":{"@id":"https:\/\/exaudi.org\/es\/programa-visita-papa-florencia-2022\/#breadcrumb"},"inLanguage":"es","potentialAction":[{"@type":"ReadAction","target":["https:\/\/exaudi.org\/es\/programa-visita-papa-florencia-2022\/"]}]},{"@type":"ImageObject","inLanguage":"es","@id":"https:\/\/exaudi.org\/es\/programa-visita-papa-florencia-2022\/#primaryimage","url":"https:\/\/exaudi.org\/wp-content\/uploads\/2022\/02\/programavisitapapaflorencia2022.jpeg","contentUrl":"https:\/\/exaudi.org\/wp-content\/uploads\/2022\/02\/programavisitapapaflorencia2022.jpeg","width":1492,"height":840,"caption":"Catedral de Florencia \u00a9 Vatican Media"},{"@type":"BreadcrumbList","@id":"https:\/\/exaudi.org\/es\/programa-visita-papa-florencia-2022\/#breadcrumb","itemListElement":[{"@type":"ListItem","position":1,"name":"Portada","item":"https:\/\/exaudi.org\/es\/"},{"@type":"ListItem","position":2,"name":"Programa de la visita del Papa a Florencia"}]},{"@type":"WebSite","@id":"https:\/\/exaudi.org\/#website","url":"https:\/\/exaudi.org\/","name":"Exaudi","description":"News","potentialAction":[{"@type":"SearchAction","target":{"@type":"EntryPoint","urlTemplate":"https:\/\/exaudi.org\/?s={search_term_string}"},"query-input":{"@type":"PropertyValueSpecification","valueRequired":true,"valueName":"search_term_string"}}],"inLanguage":"es"},{"@type":"Person","@id":"https:\/\/exaudi.org\/#\/schema\/person\/d134b96438278131ce90c90c03fda6cd","name":"Gabriel Sales","image":{"@type":"ImageObject","inLanguage":"es","@id":"https:\/\/secure.gravatar.com\/avatar\/9b1269566f6a063ed26ffb3532b66a373cdde231ce5d0effb266167437fdaffd?s=96&d=mm&r=g","url":"https:\/\/secure.gravatar.com\/avatar\/9b1269566f6a063ed26ffb3532b66a373cdde231ce5d0effb266167437fdaffd?s=96&d=mm&r=g","contentUrl":"https:\/\/secure.gravatar.com\/avatar\/9b1269566f6a063ed26ffb3532b66a373cdde231ce5d0effb266167437fdaffd?s=96&d=mm&r=g","caption":"Gabriel Sales"},"description":"Periodista y especialista en Comunicaci\u00f3n y Branding digital. Cin\u00e9filo y cr\u00edtico de cine y series de televisi\u00f3n.","sameAs":["https:\/\/www.instagram.com\/cine90segundos\/","www.linkedin.com\/in\/habemusman","https:\/\/x.com\/habemusman","https:\/\/www.youtube.com\/channel\/UCVfCiOMkJ_C7T7OpyjuaLDg"],"url":"https:\/\/exaudi.org\/es\/author\/gsalesexaudi-org\/"}]}},"jetpack_featured_media_url":"https:\/\/exaudi.org\/wp-content\/uploads\/2022\/02\/programavisitapapaflorencia2022.jpeg","jetpack_shortlink":"https:\/\/wp.me\/pgKjF2-dKa","_links":{"self":[{"href":"https:\/\/exaudi.org\/es\/wp-json\/wp\/v2\/posts\/52834","targetHints":{"allow":["GET"]}}],"collection":[{"href":"https:\/\/exaudi.org\/es\/wp-json\/wp\/v2\/posts"}],"about":[{"href":"https:\/\/exaudi.org\/es\/wp-json\/wp\/v2\/types\/post"}],"author":[{"embeddable":true,"href":"https:\/\/exaudi.org\/es\/wp-json\/wp\/v2\/users\/6"}],"replies":[{"embeddable":true,"href":"https:\/\/exaudi.org\/es\/wp-json\/wp\/v2\/comments?post=52834"}],"version-history":[{"count":0,"href":"https:\/\/exaudi.org\/es\/wp-json\/wp\/v2\/posts\/52834\/revisions"}],"wp:featuredmedia":[{"embeddable":true,"href":"https:\/\/exaudi.org\/es\/wp-json\/wp\/v2\/media\/52842"}],"wp:attachment":[{"href":"https:\/\/exaudi.org\/es\/wp-json\/wp\/v2\/media?parent=52834"}],"wp:term":[{"taxonomy":"category","embeddable":true,"href":"https:\/\/exaudi.org\/es\/wp-json\/wp\/v2\/categories?post=52834"},{"taxonomy":"post_tag","embeddable":true,"href":"https:\/\/exaudi.org\/es\/wp-json\/wp\/v2\/tags?post=52834"}],"curies":[{"name":"wp","href":"https:\/\/api.w.org\/{rel}","templated":true}]}}