{"id":52826,"date":"2022-02-22T12:29:27","date_gmt":"2022-02-22T11:29:27","guid":{"rendered":"https:\/\/exaudi.org\/?p=52826"},"modified":"2022-02-22T12:48:02","modified_gmt":"2022-02-22T11:48:02","slug":"bolivia-obispos-auxiliares-la-paz","status":"publish","type":"post","link":"https:\/\/exaudi.org\/es\/bolivia-obispos-auxiliares-la-paz\/","title":{"rendered":"Bolivia: Nuevos obispos auxiliares de La Paz"},"content":{"rendered":"<p>El <a href=\"https:\/\/exaudi.org\/es\/papa-estudiantes-universitarios-encuentro-sinodal\/\" target=\"_blank\" rel=\"noopener\">Papa Francisco<\/a> ha nombrado obispos auxiliares de la arquidi\u00f3cesis metropolitana de La Paz, Bolivia, al los reverendos Mario Luis Dur\u00e1n Berr\u00edos, hasta ahora p\u00e1rroco de Santo Domingo, asign\u00e1ndole la sede titular de Lambiridi, Basilio Mamani Quispe, hasta ahora p\u00e1rroco del Sant\u00edsimo Sacramento, asign\u00e1ndole la sede titular de Naisso, y Pedro Luis Fuentes Valencia, hasta ahora p\u00e1rroco de El Se\u00f1or de la Exaltaci\u00f3n, asign\u00e1ndole la sede titular de Temuniana. As\u00ed ha informado hoy, 22 de febrero de 2022, la <a href=\"https:\/\/www.vatican.va\/content\/romancuria\/es.html\" target=\"_blank\" rel=\"noopener\">Oficina de Prensa de la Santa Sede.<\/a><\/p>\n<h2><strong>Monse\u00f1or Mario Luis Dur\u00e1n<\/strong><\/h2>\n<p>Naci\u00f3 el 11 de noviembre de 1964 en Tupiza, departamento civil y di\u00f3cesis de Potos\u00ed. Estudi\u00f3 en el Colegio Nacional Mixto de su ciudad natal y luego ingres\u00f3 en el Seminario San Crist\u00f3bal de la Arquidi\u00f3cesis Metropolitana de Sucre. Fue ordenado sacerdote de la arquidi\u00f3cesis metropolitana de La Paz el 12 de diciembre de 2000. Curs\u00f3 el a\u00f1o proped\u00e9utico en el Seminario San Crist\u00f3bal de Sucre (1990-1991) y luego estudi\u00f3 filosof\u00eda (1991-1993) y teolog\u00eda en el Seminario San Jer\u00f3nimo de La Paz (1994-1998).<\/p>\n<p>Ha desempe\u00f1ado los siguientes cargos: Vicario parroquial de Cristo Rey (2001-2002), p\u00e1rroco de San Bartolom\u00e9 en Chulumani (2002-2005), rector del Seminario Mayor San Jer\u00f3nimo, (2006-2010), p\u00e1rroco de Nuestra Se\u00f1ora de Pompeya (2011-2020) y desde 2020 hasta la actualidad p\u00e1rroco de Santo Domingo en La Paz.<\/p>\n<h2><strong>Mons. Basilio Mamani<\/strong><\/h2>\n<p>Naci\u00f3 el 14 de marzo de 1975 en Wilacota, departamento civil y arquidi\u00f3cesis metropolitana de La Paz. Estudi\u00f3 en el Colegio Mariscal Antonio Jos\u00e9 de Sucre y luego ingres\u00f3 en el Seminario Mayor San Jer\u00f3nimo de La Paz.\u00a0Fue ordenado sacerdote de la arquidi\u00f3cesis metropolitana de La Paz el 8 de mayo de 2008.\u00a0Obtuvo el t\u00edtulo de Bachiller en Teolog\u00eda en la Universidad Cat\u00f3lica de Bolivia San Pablo de La Paz (2008).<\/p>\n<p>Ha desempe\u00f1ado los siguientes cargos: Vicario parroquial Flor del Carmelo, (2007-2009), vicario parroquial de la Inmaculada Concepci\u00f3n en Kupini (2010-2014), p\u00e1rroco de San Bartolom\u00e9 en Chulumani (2015-2019) y desde el 2020 hasta ahora p\u00e1rroco del Sant\u00edsimo Sacramento en Huajchilla, La Paz.<\/p>\n<h2><strong>Mons. Pedro Luis Fuentes<\/strong><\/h2>\n<p>Naci\u00f3 el 7 de junio de 1968 en La Paz, departamento civil y arquidi\u00f3cesis del mismo nombre. Inicialmente perteneci\u00f3 al Instituto Identes de Cristo Redentor, donde comenz\u00f3 sus estudios de Teolog\u00eda, ingres\u00f3 en la Congregaci\u00f3n de la Pasi\u00f3n de Jesucristo en 1998, por lo que fue ordenado sacerdote el 19 de junio de 2004.\u00a0Obtuvo la Licenciatura en Teolog\u00eda Dogm\u00e1tica en la Universidad Pontificia Comillas de Madrid, Espa\u00f1a (2009).<\/p>\n<p>Ha desempe\u00f1ado los siguientes cargos: En la Parroquia de Ayo Ayo, prelatura de Corocoro (2004-2006), vicep\u00e1rroco de Santa Gema, Madrid, Espa\u00f1a (2007-2010) y desde 2010 hasta la actualidad p\u00e1rroco del Se\u00f1or de la Exaltaci\u00f3n y desde 2012 vicario For\u00e1neo de la Zona Sur de la arquidi\u00f3cesis metropolitana de La Paz.<\/p>\n","protected":false},"excerpt":{"rendered":"<p>Reverendos Mario Luis Dur\u00e1n Berr\u00edos, Basilio Mamani Quispe y Pedro Luis Fuentes Valencia<\/p>\n","protected":false},"author":15,"featured_media":52828,"comment_status":"closed","ping_status":"closed","sticky":false,"template":"","format":"standard","meta":{"_acf_changed":false,"_crdt_document":"","inline_featured_image":false,"footnotes":""},"categories":[86],"tags":[5967,1338,292,158],"class_list":["post-52826","post","type-post","status-publish","format-standard","has-post-thumbnail","hentry","category-iglesia-local","tag-arquidiocesis-metropolitana-de-la-paz","tag-bolivia","tag-nombramiento","tag-papa-francisco"],"acf":[],"yoast_head":"<!-- This site is optimized with the Yoast SEO plugin v27.5 - https:\/\/yoast.com\/product\/yoast-seo-wordpress\/ -->\n<title>Bolivia: Nuevos obispos auxiliares de La Paz &#8211; Exaudi<\/title>\n<meta name=\"description\" content=\"El Papa Francisco ha nombrado hoy, 22 de febrero, tres nuevos obispos auxiliares de la arquidi\u00f3cesis metropolitana de La Paz, Bolivia.\" \/>\n<meta name=\"robots\" content=\"index, follow, max-snippet:-1, max-image-preview:large, max-video-preview:-1\" \/>\n<link rel=\"canonical\" href=\"https:\/\/exaudi.org\/es\/bolivia-obispos-auxiliares-la-paz\/\" \/>\n<meta property=\"og:locale\" content=\"es_ES\" \/>\n<meta property=\"og:type\" content=\"article\" \/>\n<meta property=\"og:title\" content=\"Bolivia: Nuevos obispos auxiliares de La Paz &#8211; Exaudi\" \/>\n<meta property=\"og:description\" content=\"El Papa Francisco ha nombrado hoy, 22 de febrero, tres nuevos obispos auxiliares de la arquidi\u00f3cesis metropolitana de La Paz, Bolivia.\" \/>\n<meta property=\"og:url\" content=\"https:\/\/exaudi.org\/es\/bolivia-obispos-auxiliares-la-paz\/\" \/>\n<meta property=\"og:site_name\" content=\"Exaudi\" \/>\n<meta property=\"article:publisher\" content=\"https:\/\/www.facebook.com\/ExaudiNews\" \/>\n<meta property=\"article:author\" content=\"https:\/\/www.facebook.com\/ExaudiNoticias\/\" \/>\n<meta property=\"article:published_time\" content=\"2022-02-22T11:29:27+00:00\" \/>\n<meta property=\"article:modified_time\" content=\"2022-02-22T11:48:02+00:00\" \/>\n<meta property=\"og:image\" content=\"https:\/\/exaudi.org\/wp-content\/uploads\/2022\/02\/nombramientosobispoauxiliarlapazbolivia.jpg\" \/>\n\t<meta property=\"og:image:width\" content=\"788\" \/>\n\t<meta property=\"og:image:height\" content=\"438\" \/>\n\t<meta property=\"og:image:type\" content=\"image\/jpeg\" \/>\n<meta name=\"author\" content=\"Exaudi Redacci\u00f3n\" \/>\n<meta name=\"twitter:card\" content=\"summary_large_image\" \/>\n<meta name=\"twitter:creator\" content=\"@Exaudi_noticias\" \/>\n<meta name=\"twitter:site\" content=\"@Exaudi_News\" \/>\n<meta name=\"twitter:label1\" content=\"Escrito por\" \/>\n\t<meta name=\"twitter:data1\" content=\"Exaudi Redacci\u00f3n\" \/>\n\t<meta name=\"twitter:label2\" content=\"Tiempo de lectura\" \/>\n\t<meta name=\"twitter:data2\" content=\"2 minutos\" \/>\n<script type=\"application\/ld+json\" class=\"yoast-schema-graph\">{\"@context\":\"https:\\\/\\\/schema.org\",\"@graph\":[{\"@type\":\"Article\",\"@id\":\"https:\\\/\\\/exaudi.org\\\/es\\\/bolivia-obispos-auxiliares-la-paz\\\/#article\",\"isPartOf\":{\"@id\":\"https:\\\/\\\/exaudi.org\\\/es\\\/bolivia-obispos-auxiliares-la-paz\\\/\"},\"author\":{\"name\":\"Exaudi Redacci\u00f3n\",\"@id\":\"https:\\\/\\\/exaudi.org\\\/#\\\/schema\\\/person\\\/f5fc8f063065e38742da7afe15f25df7\"},\"headline\":\"Bolivia: Nuevos obispos auxiliares de La Paz\",\"datePublished\":\"2022-02-22T11:29:27+00:00\",\"dateModified\":\"2022-02-22T11:48:02+00:00\",\"mainEntityOfPage\":{\"@id\":\"https:\\\/\\\/exaudi.org\\\/es\\\/bolivia-obispos-auxiliares-la-paz\\\/\"},\"wordCount\":500,\"image\":{\"@id\":\"https:\\\/\\\/exaudi.org\\\/es\\\/bolivia-obispos-auxiliares-la-paz\\\/#primaryimage\"},\"thumbnailUrl\":\"https:\\\/\\\/exaudi.org\\\/wp-content\\\/uploads\\\/2022\\\/02\\\/nombramientosobispoauxiliarlapazbolivia.jpg\",\"keywords\":[\"Arquidi\u00f3cesis metropolitana de La Paz\",\"Bolivia\",\"Nombramiento\",\"papa francisco\"],\"articleSection\":[\"Iglesia Local\"],\"inLanguage\":\"es\"},{\"@type\":\"WebPage\",\"@id\":\"https:\\\/\\\/exaudi.org\\\/es\\\/bolivia-obispos-auxiliares-la-paz\\\/\",\"url\":\"https:\\\/\\\/exaudi.org\\\/es\\\/bolivia-obispos-auxiliares-la-paz\\\/\",\"name\":\"Bolivia: Nuevos obispos auxiliares de La Paz &#8211; Exaudi\",\"isPartOf\":{\"@id\":\"https:\\\/\\\/exaudi.org\\\/#website\"},\"primaryImageOfPage\":{\"@id\":\"https:\\\/\\\/exaudi.org\\\/es\\\/bolivia-obispos-auxiliares-la-paz\\\/#primaryimage\"},\"image\":{\"@id\":\"https:\\\/\\\/exaudi.org\\\/es\\\/bolivia-obispos-auxiliares-la-paz\\\/#primaryimage\"},\"thumbnailUrl\":\"https:\\\/\\\/exaudi.org\\\/wp-content\\\/uploads\\\/2022\\\/02\\\/nombramientosobispoauxiliarlapazbolivia.jpg\",\"datePublished\":\"2022-02-22T11:29:27+00:00\",\"dateModified\":\"2022-02-22T11:48:02+00:00\",\"author\":{\"@id\":\"https:\\\/\\\/exaudi.org\\\/#\\\/schema\\\/person\\\/f5fc8f063065e38742da7afe15f25df7\"},\"description\":\"El Papa Francisco ha nombrado hoy, 22 de febrero, tres nuevos obispos auxiliares de la arquidi\u00f3cesis metropolitana de La Paz, Bolivia.\",\"breadcrumb\":{\"@id\":\"https:\\\/\\\/exaudi.org\\\/es\\\/bolivia-obispos-auxiliares-la-paz\\\/#breadcrumb\"},\"inLanguage\":\"es\",\"potentialAction\":[{\"@type\":\"ReadAction\",\"target\":[\"https:\\\/\\\/exaudi.org\\\/es\\\/bolivia-obispos-auxiliares-la-paz\\\/\"]}]},{\"@type\":\"ImageObject\",\"inLanguage\":\"es\",\"@id\":\"https:\\\/\\\/exaudi.org\\\/es\\\/bolivia-obispos-auxiliares-la-paz\\\/#primaryimage\",\"url\":\"https:\\\/\\\/exaudi.org\\\/wp-content\\\/uploads\\\/2022\\\/02\\\/nombramientosobispoauxiliarlapazbolivia.jpg\",\"contentUrl\":\"https:\\\/\\\/exaudi.org\\\/wp-content\\\/uploads\\\/2022\\\/02\\\/nombramientosobispoauxiliarlapazbolivia.jpg\",\"width\":788,\"height\":438,\"caption\":\"Nuevos obispos auxiliares de La Paz, Bolivia \u00a9 Iglesia Viva\"},{\"@type\":\"BreadcrumbList\",\"@id\":\"https:\\\/\\\/exaudi.org\\\/es\\\/bolivia-obispos-auxiliares-la-paz\\\/#breadcrumb\",\"itemListElement\":[{\"@type\":\"ListItem\",\"position\":1,\"name\":\"Portada\",\"item\":\"https:\\\/\\\/exaudi.org\\\/es\\\/\"},{\"@type\":\"ListItem\",\"position\":2,\"name\":\"Bolivia: Nuevos obispos auxiliares de La Paz\"}]},{\"@type\":\"WebSite\",\"@id\":\"https:\\\/\\\/exaudi.org\\\/#website\",\"url\":\"https:\\\/\\\/exaudi.org\\\/\",\"name\":\"Exaudi\",\"description\":\"News\",\"potentialAction\":[{\"@type\":\"SearchAction\",\"target\":{\"@type\":\"EntryPoint\",\"urlTemplate\":\"https:\\\/\\\/exaudi.org\\\/?s={search_term_string}\"},\"query-input\":{\"@type\":\"PropertyValueSpecification\",\"valueRequired\":true,\"valueName\":\"search_term_string\"}}],\"inLanguage\":\"es\"},{\"@type\":\"Person\",\"@id\":\"https:\\\/\\\/exaudi.org\\\/#\\\/schema\\\/person\\\/f5fc8f063065e38742da7afe15f25df7\",\"name\":\"Exaudi Redacci\u00f3n\",\"image\":{\"@type\":\"ImageObject\",\"inLanguage\":\"es\",\"@id\":\"https:\\\/\\\/secure.gravatar.com\\\/avatar\\\/fe0f6a059fb68d9b3e11bc5850dd4899b1c7492091a3cb6dd9b01b56ad828be2?s=96&d=mm&r=g\",\"url\":\"https:\\\/\\\/secure.gravatar.com\\\/avatar\\\/fe0f6a059fb68d9b3e11bc5850dd4899b1c7492091a3cb6dd9b01b56ad828be2?s=96&d=mm&r=g\",\"contentUrl\":\"https:\\\/\\\/secure.gravatar.com\\\/avatar\\\/fe0f6a059fb68d9b3e11bc5850dd4899b1c7492091a3cb6dd9b01b56ad828be2?s=96&d=mm&r=g\",\"caption\":\"Exaudi Redacci\u00f3n\"},\"description\":\"\u00bfQu\u00e9 es Exaudi News? Exaudi News es un medio de comunicaci\u00f3n cat\u00f3lico internacional que informa, forma y transforma, diariamente en espa\u00f1ol, ingl\u00e9s e italiano. A trav\u00e9s de noticias, art\u00edculos de an\u00e1lisis y transmisiones en directo de los eventos del Papa, Exaudi busca fortalecer la unidad de los cristianos y contribuir a la evangelizaci\u00f3n del mundo, siempre guiados por la doctrina social de la Iglesia. Trabajamos para acercar la verdad y los valores cristianos a cada rinc\u00f3n del planeta. \u00a1Ay\u00fadanos a transformar el mundo con Exaudi! En Exaudi creemos que la evangelizaci\u00f3n y la informaci\u00f3n de calidad pueden cambiar vidas. Para continuar con nuestra misi\u00f3n y expandir nuestro alcance, necesitamos tu ayuda. Adem\u00e1s, buscamos personas comprometidas que deseen unirse a nuestro equipo. Con tu apoyo, lograremos llegar a m\u00e1s personas, difundir el mensaje de Cristo y reforzar la unidad de los cristianos. \u00bfTe unes a nuestra misi\u00f3n? Para m\u00e1s informaci\u00f3n sobre c\u00f3mo colaborar, visita Exaudi.org\\\/es o cont\u00e1ctanos directamente: info@exaudi.org Exaudi: Informa, forma y transforma.\",\"sameAs\":[\"https:\\\/\\\/www.facebook.com\\\/ExaudiNoticias\\\/\",\"https:\\\/\\\/www.instagram.com\\\/exaudi_noticias\\\/\",\"https:\\\/\\\/x.com\\\/Exaudi_noticias\",\"https:\\\/\\\/www.youtube.com\\\/@exaudicatholicnews\"],\"url\":\"https:\\\/\\\/exaudi.org\\\/es\\\/author\\\/redaccionexaudi\\\/\"}]}<\/script>\n<!-- \/ Yoast SEO plugin. -->","yoast_head_json":{"title":"Bolivia: Nuevos obispos auxiliares de La Paz &#8211; Exaudi","description":"El Papa Francisco ha nombrado hoy, 22 de febrero, tres nuevos obispos auxiliares de la arquidi\u00f3cesis metropolitana de La Paz, Bolivia.","robots":{"index":"index","follow":"follow","max-snippet":"max-snippet:-1","max-image-preview":"max-image-preview:large","max-video-preview":"max-video-preview:-1"},"canonical":"https:\/\/exaudi.org\/es\/bolivia-obispos-auxiliares-la-paz\/","og_locale":"es_ES","og_type":"article","og_title":"Bolivia: Nuevos obispos auxiliares de La Paz &#8211; Exaudi","og_description":"El Papa Francisco ha nombrado hoy, 22 de febrero, tres nuevos obispos auxiliares de la arquidi\u00f3cesis metropolitana de La Paz, Bolivia.","og_url":"https:\/\/exaudi.org\/es\/bolivia-obispos-auxiliares-la-paz\/","og_site_name":"Exaudi","article_publisher":"https:\/\/www.facebook.com\/ExaudiNews","article_author":"https:\/\/www.facebook.com\/ExaudiNoticias\/","article_published_time":"2022-02-22T11:29:27+00:00","article_modified_time":"2022-02-22T11:48:02+00:00","og_image":[{"width":788,"height":438,"url":"https:\/\/exaudi.org\/wp-content\/uploads\/2022\/02\/nombramientosobispoauxiliarlapazbolivia.jpg","type":"image\/jpeg"}],"author":"Exaudi Redacci\u00f3n","twitter_card":"summary_large_image","twitter_creator":"@Exaudi_noticias","twitter_site":"@Exaudi_News","twitter_misc":{"Escrito por":"Exaudi Redacci\u00f3n","Tiempo de lectura":"2 minutos"},"schema":{"@context":"https:\/\/schema.org","@graph":[{"@type":"Article","@id":"https:\/\/exaudi.org\/es\/bolivia-obispos-auxiliares-la-paz\/#article","isPartOf":{"@id":"https:\/\/exaudi.org\/es\/bolivia-obispos-auxiliares-la-paz\/"},"author":{"name":"Exaudi Redacci\u00f3n","@id":"https:\/\/exaudi.org\/#\/schema\/person\/f5fc8f063065e38742da7afe15f25df7"},"headline":"Bolivia: Nuevos obispos auxiliares de La Paz","datePublished":"2022-02-22T11:29:27+00:00","dateModified":"2022-02-22T11:48:02+00:00","mainEntityOfPage":{"@id":"https:\/\/exaudi.org\/es\/bolivia-obispos-auxiliares-la-paz\/"},"wordCount":500,"image":{"@id":"https:\/\/exaudi.org\/es\/bolivia-obispos-auxiliares-la-paz\/#primaryimage"},"thumbnailUrl":"https:\/\/exaudi.org\/wp-content\/uploads\/2022\/02\/nombramientosobispoauxiliarlapazbolivia.jpg","keywords":["Arquidi\u00f3cesis metropolitana de La Paz","Bolivia","Nombramiento","papa francisco"],"articleSection":["Iglesia Local"],"inLanguage":"es"},{"@type":"WebPage","@id":"https:\/\/exaudi.org\/es\/bolivia-obispos-auxiliares-la-paz\/","url":"https:\/\/exaudi.org\/es\/bolivia-obispos-auxiliares-la-paz\/","name":"Bolivia: Nuevos obispos auxiliares de La Paz &#8211; Exaudi","isPartOf":{"@id":"https:\/\/exaudi.org\/#website"},"primaryImageOfPage":{"@id":"https:\/\/exaudi.org\/es\/bolivia-obispos-auxiliares-la-paz\/#primaryimage"},"image":{"@id":"https:\/\/exaudi.org\/es\/bolivia-obispos-auxiliares-la-paz\/#primaryimage"},"thumbnailUrl":"https:\/\/exaudi.org\/wp-content\/uploads\/2022\/02\/nombramientosobispoauxiliarlapazbolivia.jpg","datePublished":"2022-02-22T11:29:27+00:00","dateModified":"2022-02-22T11:48:02+00:00","author":{"@id":"https:\/\/exaudi.org\/#\/schema\/person\/f5fc8f063065e38742da7afe15f25df7"},"description":"El Papa Francisco ha nombrado hoy, 22 de febrero, tres nuevos obispos auxiliares de la arquidi\u00f3cesis metropolitana de La Paz, Bolivia.","breadcrumb":{"@id":"https:\/\/exaudi.org\/es\/bolivia-obispos-auxiliares-la-paz\/#breadcrumb"},"inLanguage":"es","potentialAction":[{"@type":"ReadAction","target":["https:\/\/exaudi.org\/es\/bolivia-obispos-auxiliares-la-paz\/"]}]},{"@type":"ImageObject","inLanguage":"es","@id":"https:\/\/exaudi.org\/es\/bolivia-obispos-auxiliares-la-paz\/#primaryimage","url":"https:\/\/exaudi.org\/wp-content\/uploads\/2022\/02\/nombramientosobispoauxiliarlapazbolivia.jpg","contentUrl":"https:\/\/exaudi.org\/wp-content\/uploads\/2022\/02\/nombramientosobispoauxiliarlapazbolivia.jpg","width":788,"height":438,"caption":"Nuevos obispos auxiliares de La Paz, Bolivia \u00a9 Iglesia Viva"},{"@type":"BreadcrumbList","@id":"https:\/\/exaudi.org\/es\/bolivia-obispos-auxiliares-la-paz\/#breadcrumb","itemListElement":[{"@type":"ListItem","position":1,"name":"Portada","item":"https:\/\/exaudi.org\/es\/"},{"@type":"ListItem","position":2,"name":"Bolivia: Nuevos obispos auxiliares de La Paz"}]},{"@type":"WebSite","@id":"https:\/\/exaudi.org\/#website","url":"https:\/\/exaudi.org\/","name":"Exaudi","description":"News","potentialAction":[{"@type":"SearchAction","target":{"@type":"EntryPoint","urlTemplate":"https:\/\/exaudi.org\/?s={search_term_string}"},"query-input":{"@type":"PropertyValueSpecification","valueRequired":true,"valueName":"search_term_string"}}],"inLanguage":"es"},{"@type":"Person","@id":"https:\/\/exaudi.org\/#\/schema\/person\/f5fc8f063065e38742da7afe15f25df7","name":"Exaudi Redacci\u00f3n","image":{"@type":"ImageObject","inLanguage":"es","@id":"https:\/\/secure.gravatar.com\/avatar\/fe0f6a059fb68d9b3e11bc5850dd4899b1c7492091a3cb6dd9b01b56ad828be2?s=96&d=mm&r=g","url":"https:\/\/secure.gravatar.com\/avatar\/fe0f6a059fb68d9b3e11bc5850dd4899b1c7492091a3cb6dd9b01b56ad828be2?s=96&d=mm&r=g","contentUrl":"https:\/\/secure.gravatar.com\/avatar\/fe0f6a059fb68d9b3e11bc5850dd4899b1c7492091a3cb6dd9b01b56ad828be2?s=96&d=mm&r=g","caption":"Exaudi Redacci\u00f3n"},"description":"\u00bfQu\u00e9 es Exaudi News? Exaudi News es un medio de comunicaci\u00f3n cat\u00f3lico internacional que informa, forma y transforma, diariamente en espa\u00f1ol, ingl\u00e9s e italiano. A trav\u00e9s de noticias, art\u00edculos de an\u00e1lisis y transmisiones en directo de los eventos del Papa, Exaudi busca fortalecer la unidad de los cristianos y contribuir a la evangelizaci\u00f3n del mundo, siempre guiados por la doctrina social de la Iglesia. Trabajamos para acercar la verdad y los valores cristianos a cada rinc\u00f3n del planeta. \u00a1Ay\u00fadanos a transformar el mundo con Exaudi! En Exaudi creemos que la evangelizaci\u00f3n y la informaci\u00f3n de calidad pueden cambiar vidas. Para continuar con nuestra misi\u00f3n y expandir nuestro alcance, necesitamos tu ayuda. Adem\u00e1s, buscamos personas comprometidas que deseen unirse a nuestro equipo. Con tu apoyo, lograremos llegar a m\u00e1s personas, difundir el mensaje de Cristo y reforzar la unidad de los cristianos. \u00bfTe unes a nuestra misi\u00f3n? Para m\u00e1s informaci\u00f3n sobre c\u00f3mo colaborar, visita Exaudi.org\/es o cont\u00e1ctanos directamente: info@exaudi.org Exaudi: Informa, forma y transforma.","sameAs":["https:\/\/www.facebook.com\/ExaudiNoticias\/","https:\/\/www.instagram.com\/exaudi_noticias\/","https:\/\/x.com\/Exaudi_noticias","https:\/\/www.youtube.com\/@exaudicatholicnews"],"url":"https:\/\/exaudi.org\/es\/author\/redaccionexaudi\/"}]}},"jetpack_featured_media_url":"https:\/\/exaudi.org\/wp-content\/uploads\/2022\/02\/nombramientosobispoauxiliarlapazbolivia.jpg","jetpack_shortlink":"https:\/\/wp.me\/pgKjF2-dK2","_links":{"self":[{"href":"https:\/\/exaudi.org\/es\/wp-json\/wp\/v2\/posts\/52826","targetHints":{"allow":["GET"]}}],"collection":[{"href":"https:\/\/exaudi.org\/es\/wp-json\/wp\/v2\/posts"}],"about":[{"href":"https:\/\/exaudi.org\/es\/wp-json\/wp\/v2\/types\/post"}],"author":[{"embeddable":true,"href":"https:\/\/exaudi.org\/es\/wp-json\/wp\/v2\/users\/15"}],"replies":[{"embeddable":true,"href":"https:\/\/exaudi.org\/es\/wp-json\/wp\/v2\/comments?post=52826"}],"version-history":[{"count":0,"href":"https:\/\/exaudi.org\/es\/wp-json\/wp\/v2\/posts\/52826\/revisions"}],"wp:featuredmedia":[{"embeddable":true,"href":"https:\/\/exaudi.org\/es\/wp-json\/wp\/v2\/media\/52828"}],"wp:attachment":[{"href":"https:\/\/exaudi.org\/es\/wp-json\/wp\/v2\/media?parent=52826"}],"wp:term":[{"taxonomy":"category","embeddable":true,"href":"https:\/\/exaudi.org\/es\/wp-json\/wp\/v2\/categories?post=52826"},{"taxonomy":"post_tag","embeddable":true,"href":"https:\/\/exaudi.org\/es\/wp-json\/wp\/v2\/tags?post=52826"}],"curies":[{"name":"wp","href":"https:\/\/api.w.org\/{rel}","templated":true}]}}