{"id":52813,"date":"2022-02-22T10:50:55","date_gmt":"2022-02-22T09:50:55","guid":{"rendered":"https:\/\/exaudi.org\/?p=52813"},"modified":"2022-02-22T11:58:10","modified_gmt":"2022-02-22T10:58:10","slug":"papa-estudiantes-universitarios-encuentro-sinodal","status":"publish","type":"post","link":"https:\/\/exaudi.org\/es\/papa-estudiantes-universitarios-encuentro-sinodal\/","title":{"rendered":"\u201cConstruyendo puentes\u201d: Encuentro sinodal del Papa con universitarios"},"content":{"rendered":"<p>\u201cConstruyendo puentes Norte-Sur\u201d, el Papa Francisco tendr\u00e1 un encuentro sinodal con estudiantes universitarios de Am\u00e9rica del Norte, Central y del Sur el pr\u00f3ximo jueves 24 de febrero de 2022 a las 19 horas de Roma.<\/p>\n<p>El Santo Padre mantendr\u00e1 un di\u00e1logo seg\u00fan la metodolog\u00eda del Pont\u00edfice \u201cRe\u00fanete, escucha, discierne\u201d y la iniciativa <em>Creando puentes<\/em>.<\/p>\n<p>Concebido como uno de los principales retos de nuestro tiempo, expresa una nota de la Pontificia Comisi\u00f3n para Am\u00e9rica Latina, el encuentro tiene como objetivo crear puentes entre el norte y el sur y ha sido organizado por el Instituto de Estudios Pastorales (IPS), el Departamento de Teolog\u00eda y el Centro Joan y Bill Hank para el Patrimonio Intelectual Cat\u00f3lico y el Departamento de Teolog\u00eda de la Universidad Loyola de Chicago, en colaboraci\u00f3n con la Comisi\u00f3n Pontificia.<\/p>\n<h2>Datos sobre la reuni\u00f3n<\/h2>\n<p>Despu\u00e9s de las presentaciones iniciales del cardenal Blaise Cupich, arzobispo de Chicago, y la doctora Emilce Cuda, <a href=\"https:\/\/exaudi.org\/es\/comision-america-latina-emilce-cuda-nombrada-secretaria\/\" target=\"_blank\" rel=\"noopener\">reci\u00e9n nombrada por el Santo Padre como secretaria de la Comisi\u00f3n para Am\u00e9rica Latina<\/a>, Francisco presentar\u00e1 su reflexi\u00f3n. M\u00e1s tarde, los representantes de cada grupo regional compartir\u00e1n su trabajo con Su Santidad y se iniciar\u00e1 la conversaci\u00f3n seg\u00fan la metodolog\u00eda mencionada.<\/p>\n<p>Las metas del encuentro son facilitar di\u00e1logos aut\u00e9nticos y constructivos entre estudiantes universitarios de Am\u00e9rica del Norte, Central y del Sur, especialmente entre aquellos que han cruzado las fronteras geogr\u00e1ficas, culturales y sociales, apoyar sus capacidades para construir puentes y relaciones duraderas que conduzcan a la comprensi\u00f3n mutua, la compasi\u00f3n y la sabidur\u00eda compartida, y &#8211; utilizar estos puentes y relaciones para discernir y trabajar juntos, ahora y en el futuro, en soluciones y proyectos concretos para la sostenibilidad medioambiental, la justicia social y econ\u00f3mica, y el desarrollo humano integral.<\/p>\n<p>El evento podr\u00e1 seguirse en directo en espa\u00f1ol, ingl\u00e9s y portugu\u00e9s a trav\u00e9s del sitio <em>web<\/em> <a href=\"https:\/\/www.luc.edu\/popefrancis\/\" target=\"_blank\" rel=\"noopener\">https:\/\/www.luc.edu\/popefrancis<\/a>.\u00a0Para seguir la reuni\u00f3n y participar en la iniciativa <em>Creando puentes<\/em>, se debe <a href=\"https:\/\/securelb.imodules.com\/s\/1548\/alumni\/index.aspx?sid=1548&amp;gid=2&amp;pgid=6880&amp;cid=12154\" target=\"_blank\" rel=\"noopener\">pulsar en este enlace.<\/a><\/p>\n<h2>Construyendo puentes<\/h2>\n<p><em>\u201cBuilding Bridges: A Synodal Encounter Between Pope Francis and University Students<\/em> es una conversaci\u00f3n directa entre el Papa y los estudiantes universitarios de Am\u00e9rica del Norte, Central y del Sur, incluyendo algunos de Loyola. El Papa y los estudiantes abordar\u00e1n los temas m\u00e1s destacados que enfrentan la Iglesia y el mundo en nuestro tiempo: la comuni\u00f3n y la participaci\u00f3n, la migraci\u00f3n y el cuidado del planeta. Organizada por el Instituto de Estudios Pastorales (IPS), el Departamento de Teolog\u00eda y el Centro Joan y Bill Hank para el Patrimonio Intelectual Cat\u00f3lico, la conversaci\u00f3n virtual en tiempo real tendr\u00e1 lugar el jueves 24 de febrero a las 12 p.m., hora central de Estados Unidos\u201d, indic\u00f3 en su momento una nota hecha p\u00fablica por Jo Ann Rooney, presidenta de la Universidad Loyola.<\/p>\n<p>\u201cLa comunidad universitaria tendr\u00e1 la oportunidad de escuchar la conversaci\u00f3n entre el Papa Francisco y estos j\u00f3venes en una transmisi\u00f3n en vivo. Habr\u00e1 m\u00e1s detalles sobre el evento en los pr\u00f3ximos d\u00edas, pero uno puede hacerse una idea de su energ\u00eda a partir de las palabras de invitaci\u00f3n de Francisco con respecto a este s\u00ednodo: &#8216;Queridos hermanos y hermanas, \u00a1que este S\u00ednodo sea un verdadero tiempo del Esp\u00edritu! Porque necesitamos el Esp\u00edritu, el soplo siempre nuevo de Dios, que nos libera de toda forma de ensimismamiento, reaviva lo que est\u00e1 moribundo, suelta los grilletes y difunde la alegr\u00eda&#8217;, se ley\u00f3 en el texto informativo.<\/p>\n","protected":false},"excerpt":{"rendered":"<p>El pr\u00f3ximo jueves 24 de febrero<\/p>\n","protected":false},"author":6,"featured_media":52814,"comment_status":"closed","ping_status":"closed","sticky":false,"template":"","format":"standard","meta":{"_acf_changed":false,"_crdt_document":"","inline_featured_image":false,"footnotes":""},"categories":[68],"tags":[5965,158,3007,4953],"class_list":["post-52813","post","type-post","status-publish","format-standard","has-post-thumbnail","hentry","category-leon-xiv","tag-estudiantes","tag-papa-francisco","tag-sinodalidad-es","tag-trending-es"],"acf":[],"yoast_head":"<!-- This site is optimized with the Yoast SEO plugin v27.5 - https:\/\/yoast.com\/product\/yoast-seo-wordpress\/ -->\n<title>\u201cConstruyendo puentes\u201d: Encuentro sinodal del Papa con universitarios<\/title>\n<meta name=\"description\" content=\"El Papa tendr\u00e1 un encuentro sinodal con estudiantes universitarios de Am\u00e9rica del Norte, Central y del Sur, con los que mantendr\u00e1 un di\u00e1logo.\" \/>\n<meta name=\"robots\" content=\"index, follow, max-snippet:-1, max-image-preview:large, max-video-preview:-1\" \/>\n<link rel=\"canonical\" href=\"https:\/\/exaudi.org\/es\/papa-estudiantes-universitarios-encuentro-sinodal\/\" \/>\n<meta property=\"og:locale\" content=\"es_ES\" \/>\n<meta property=\"og:type\" content=\"article\" \/>\n<meta property=\"og:title\" content=\"\u201cConstruyendo puentes\u201d: Encuentro sinodal del Papa con universitarios\" \/>\n<meta property=\"og:description\" content=\"El Papa tendr\u00e1 un encuentro sinodal con estudiantes universitarios de Am\u00e9rica del Norte, Central y del Sur, con los que mantendr\u00e1 un di\u00e1logo.\" \/>\n<meta property=\"og:url\" content=\"https:\/\/exaudi.org\/es\/papa-estudiantes-universitarios-encuentro-sinodal\/\" \/>\n<meta property=\"og:site_name\" content=\"Exaudi\" \/>\n<meta property=\"article:publisher\" content=\"https:\/\/www.facebook.com\/ExaudiNews\" \/>\n<meta property=\"article:published_time\" content=\"2022-02-22T09:50:55+00:00\" \/>\n<meta property=\"article:modified_time\" content=\"2022-02-22T10:58:10+00:00\" \/>\n<meta property=\"og:image\" content=\"https:\/\/exaudi.org\/wp-content\/uploads\/2022\/02\/encuentrosinodalpapaestudiantesamerica-scaled.jpg\" \/>\n\t<meta property=\"og:image:width\" content=\"2560\" \/>\n\t<meta property=\"og:image:height\" content=\"1707\" \/>\n\t<meta property=\"og:image:type\" content=\"image\/jpeg\" \/>\n<meta name=\"author\" content=\"Gabriel Sales\" \/>\n<meta name=\"twitter:card\" content=\"summary_large_image\" \/>\n<meta name=\"twitter:creator\" content=\"@habemusman\" \/>\n<meta name=\"twitter:site\" content=\"@Exaudi_News\" \/>\n<meta name=\"twitter:label1\" content=\"Escrito por\" \/>\n\t<meta name=\"twitter:data1\" content=\"Gabriel Sales\" \/>\n\t<meta name=\"twitter:label2\" content=\"Tiempo de lectura\" \/>\n\t<meta name=\"twitter:data2\" content=\"3 minutos\" \/>\n<script type=\"application\/ld+json\" class=\"yoast-schema-graph\">{\"@context\":\"https:\\\/\\\/schema.org\",\"@graph\":[{\"@type\":\"Article\",\"@id\":\"https:\\\/\\\/exaudi.org\\\/es\\\/papa-estudiantes-universitarios-encuentro-sinodal\\\/#article\",\"isPartOf\":{\"@id\":\"https:\\\/\\\/exaudi.org\\\/es\\\/papa-estudiantes-universitarios-encuentro-sinodal\\\/\"},\"author\":{\"name\":\"Gabriel Sales\",\"@id\":\"https:\\\/\\\/exaudi.org\\\/#\\\/schema\\\/person\\\/d134b96438278131ce90c90c03fda6cd\"},\"headline\":\"\u201cConstruyendo puentes\u201d: Encuentro sinodal del Papa con universitarios\",\"datePublished\":\"2022-02-22T09:50:55+00:00\",\"dateModified\":\"2022-02-22T10:58:10+00:00\",\"mainEntityOfPage\":{\"@id\":\"https:\\\/\\\/exaudi.org\\\/es\\\/papa-estudiantes-universitarios-encuentro-sinodal\\\/\"},\"wordCount\":622,\"image\":{\"@id\":\"https:\\\/\\\/exaudi.org\\\/es\\\/papa-estudiantes-universitarios-encuentro-sinodal\\\/#primaryimage\"},\"thumbnailUrl\":\"https:\\\/\\\/exaudi.org\\\/wp-content\\\/uploads\\\/2022\\\/02\\\/encuentrosinodalpapaestudiantesamerica-scaled.jpg\",\"keywords\":[\"Estudiantes\",\"papa francisco\",\"Sinodalidad\",\"Trending\"],\"articleSection\":[\"Le\u00f3n XIV\"],\"inLanguage\":\"es\"},{\"@type\":\"WebPage\",\"@id\":\"https:\\\/\\\/exaudi.org\\\/es\\\/papa-estudiantes-universitarios-encuentro-sinodal\\\/\",\"url\":\"https:\\\/\\\/exaudi.org\\\/es\\\/papa-estudiantes-universitarios-encuentro-sinodal\\\/\",\"name\":\"\u201cConstruyendo puentes\u201d: Encuentro sinodal del Papa con universitarios\",\"isPartOf\":{\"@id\":\"https:\\\/\\\/exaudi.org\\\/#website\"},\"primaryImageOfPage\":{\"@id\":\"https:\\\/\\\/exaudi.org\\\/es\\\/papa-estudiantes-universitarios-encuentro-sinodal\\\/#primaryimage\"},\"image\":{\"@id\":\"https:\\\/\\\/exaudi.org\\\/es\\\/papa-estudiantes-universitarios-encuentro-sinodal\\\/#primaryimage\"},\"thumbnailUrl\":\"https:\\\/\\\/exaudi.org\\\/wp-content\\\/uploads\\\/2022\\\/02\\\/encuentrosinodalpapaestudiantesamerica-scaled.jpg\",\"datePublished\":\"2022-02-22T09:50:55+00:00\",\"dateModified\":\"2022-02-22T10:58:10+00:00\",\"author\":{\"@id\":\"https:\\\/\\\/exaudi.org\\\/#\\\/schema\\\/person\\\/d134b96438278131ce90c90c03fda6cd\"},\"description\":\"El Papa tendr\u00e1 un encuentro sinodal con estudiantes universitarios de Am\u00e9rica del Norte, Central y del Sur, con los que mantendr\u00e1 un di\u00e1logo.\",\"breadcrumb\":{\"@id\":\"https:\\\/\\\/exaudi.org\\\/es\\\/papa-estudiantes-universitarios-encuentro-sinodal\\\/#breadcrumb\"},\"inLanguage\":\"es\",\"potentialAction\":[{\"@type\":\"ReadAction\",\"target\":[\"https:\\\/\\\/exaudi.org\\\/es\\\/papa-estudiantes-universitarios-encuentro-sinodal\\\/\"]}]},{\"@type\":\"ImageObject\",\"inLanguage\":\"es\",\"@id\":\"https:\\\/\\\/exaudi.org\\\/es\\\/papa-estudiantes-universitarios-encuentro-sinodal\\\/#primaryimage\",\"url\":\"https:\\\/\\\/exaudi.org\\\/wp-content\\\/uploads\\\/2022\\\/02\\\/encuentrosinodalpapaestudiantesamerica-scaled.jpg\",\"contentUrl\":\"https:\\\/\\\/exaudi.org\\\/wp-content\\\/uploads\\\/2022\\\/02\\\/encuentrosinodalpapaestudiantesamerica-scaled.jpg\",\"width\":2560,\"height\":1707,\"caption\":\"Papa Francisco \u00a9 Vatican Media\"},{\"@type\":\"BreadcrumbList\",\"@id\":\"https:\\\/\\\/exaudi.org\\\/es\\\/papa-estudiantes-universitarios-encuentro-sinodal\\\/#breadcrumb\",\"itemListElement\":[{\"@type\":\"ListItem\",\"position\":1,\"name\":\"Portada\",\"item\":\"https:\\\/\\\/exaudi.org\\\/es\\\/\"},{\"@type\":\"ListItem\",\"position\":2,\"name\":\"\u201cConstruyendo puentes\u201d: Encuentro sinodal del Papa con universitarios\"}]},{\"@type\":\"WebSite\",\"@id\":\"https:\\\/\\\/exaudi.org\\\/#website\",\"url\":\"https:\\\/\\\/exaudi.org\\\/\",\"name\":\"Exaudi\",\"description\":\"News\",\"potentialAction\":[{\"@type\":\"SearchAction\",\"target\":{\"@type\":\"EntryPoint\",\"urlTemplate\":\"https:\\\/\\\/exaudi.org\\\/?s={search_term_string}\"},\"query-input\":{\"@type\":\"PropertyValueSpecification\",\"valueRequired\":true,\"valueName\":\"search_term_string\"}}],\"inLanguage\":\"es\"},{\"@type\":\"Person\",\"@id\":\"https:\\\/\\\/exaudi.org\\\/#\\\/schema\\\/person\\\/d134b96438278131ce90c90c03fda6cd\",\"name\":\"Gabriel Sales\",\"image\":{\"@type\":\"ImageObject\",\"inLanguage\":\"es\",\"@id\":\"https:\\\/\\\/secure.gravatar.com\\\/avatar\\\/9b1269566f6a063ed26ffb3532b66a373cdde231ce5d0effb266167437fdaffd?s=96&d=mm&r=g\",\"url\":\"https:\\\/\\\/secure.gravatar.com\\\/avatar\\\/9b1269566f6a063ed26ffb3532b66a373cdde231ce5d0effb266167437fdaffd?s=96&d=mm&r=g\",\"contentUrl\":\"https:\\\/\\\/secure.gravatar.com\\\/avatar\\\/9b1269566f6a063ed26ffb3532b66a373cdde231ce5d0effb266167437fdaffd?s=96&d=mm&r=g\",\"caption\":\"Gabriel Sales\"},\"description\":\"Periodista y especialista en Comunicaci\u00f3n y Branding digital. Cin\u00e9filo y cr\u00edtico de cine y series de televisi\u00f3n.\",\"sameAs\":[\"https:\\\/\\\/www.instagram.com\\\/cine90segundos\\\/\",\"www.linkedin.com\\\/in\\\/habemusman\",\"https:\\\/\\\/x.com\\\/habemusman\",\"https:\\\/\\\/www.youtube.com\\\/channel\\\/UCVfCiOMkJ_C7T7OpyjuaLDg\"],\"url\":\"https:\\\/\\\/exaudi.org\\\/es\\\/author\\\/gsalesexaudi-org\\\/\"}]}<\/script>\n<!-- \/ Yoast SEO plugin. -->","yoast_head_json":{"title":"\u201cConstruyendo puentes\u201d: Encuentro sinodal del Papa con universitarios","description":"El Papa tendr\u00e1 un encuentro sinodal con estudiantes universitarios de Am\u00e9rica del Norte, Central y del Sur, con los que mantendr\u00e1 un di\u00e1logo.","robots":{"index":"index","follow":"follow","max-snippet":"max-snippet:-1","max-image-preview":"max-image-preview:large","max-video-preview":"max-video-preview:-1"},"canonical":"https:\/\/exaudi.org\/es\/papa-estudiantes-universitarios-encuentro-sinodal\/","og_locale":"es_ES","og_type":"article","og_title":"\u201cConstruyendo puentes\u201d: Encuentro sinodal del Papa con universitarios","og_description":"El Papa tendr\u00e1 un encuentro sinodal con estudiantes universitarios de Am\u00e9rica del Norte, Central y del Sur, con los que mantendr\u00e1 un di\u00e1logo.","og_url":"https:\/\/exaudi.org\/es\/papa-estudiantes-universitarios-encuentro-sinodal\/","og_site_name":"Exaudi","article_publisher":"https:\/\/www.facebook.com\/ExaudiNews","article_published_time":"2022-02-22T09:50:55+00:00","article_modified_time":"2022-02-22T10:58:10+00:00","og_image":[{"width":2560,"height":1707,"url":"https:\/\/exaudi.org\/wp-content\/uploads\/2022\/02\/encuentrosinodalpapaestudiantesamerica-scaled.jpg","type":"image\/jpeg"}],"author":"Gabriel Sales","twitter_card":"summary_large_image","twitter_creator":"@habemusman","twitter_site":"@Exaudi_News","twitter_misc":{"Escrito por":"Gabriel Sales","Tiempo de lectura":"3 minutos"},"schema":{"@context":"https:\/\/schema.org","@graph":[{"@type":"Article","@id":"https:\/\/exaudi.org\/es\/papa-estudiantes-universitarios-encuentro-sinodal\/#article","isPartOf":{"@id":"https:\/\/exaudi.org\/es\/papa-estudiantes-universitarios-encuentro-sinodal\/"},"author":{"name":"Gabriel Sales","@id":"https:\/\/exaudi.org\/#\/schema\/person\/d134b96438278131ce90c90c03fda6cd"},"headline":"\u201cConstruyendo puentes\u201d: Encuentro sinodal del Papa con universitarios","datePublished":"2022-02-22T09:50:55+00:00","dateModified":"2022-02-22T10:58:10+00:00","mainEntityOfPage":{"@id":"https:\/\/exaudi.org\/es\/papa-estudiantes-universitarios-encuentro-sinodal\/"},"wordCount":622,"image":{"@id":"https:\/\/exaudi.org\/es\/papa-estudiantes-universitarios-encuentro-sinodal\/#primaryimage"},"thumbnailUrl":"https:\/\/exaudi.org\/wp-content\/uploads\/2022\/02\/encuentrosinodalpapaestudiantesamerica-scaled.jpg","keywords":["Estudiantes","papa francisco","Sinodalidad","Trending"],"articleSection":["Le\u00f3n XIV"],"inLanguage":"es"},{"@type":"WebPage","@id":"https:\/\/exaudi.org\/es\/papa-estudiantes-universitarios-encuentro-sinodal\/","url":"https:\/\/exaudi.org\/es\/papa-estudiantes-universitarios-encuentro-sinodal\/","name":"\u201cConstruyendo puentes\u201d: Encuentro sinodal del Papa con universitarios","isPartOf":{"@id":"https:\/\/exaudi.org\/#website"},"primaryImageOfPage":{"@id":"https:\/\/exaudi.org\/es\/papa-estudiantes-universitarios-encuentro-sinodal\/#primaryimage"},"image":{"@id":"https:\/\/exaudi.org\/es\/papa-estudiantes-universitarios-encuentro-sinodal\/#primaryimage"},"thumbnailUrl":"https:\/\/exaudi.org\/wp-content\/uploads\/2022\/02\/encuentrosinodalpapaestudiantesamerica-scaled.jpg","datePublished":"2022-02-22T09:50:55+00:00","dateModified":"2022-02-22T10:58:10+00:00","author":{"@id":"https:\/\/exaudi.org\/#\/schema\/person\/d134b96438278131ce90c90c03fda6cd"},"description":"El Papa tendr\u00e1 un encuentro sinodal con estudiantes universitarios de Am\u00e9rica del Norte, Central y del Sur, con los que mantendr\u00e1 un di\u00e1logo.","breadcrumb":{"@id":"https:\/\/exaudi.org\/es\/papa-estudiantes-universitarios-encuentro-sinodal\/#breadcrumb"},"inLanguage":"es","potentialAction":[{"@type":"ReadAction","target":["https:\/\/exaudi.org\/es\/papa-estudiantes-universitarios-encuentro-sinodal\/"]}]},{"@type":"ImageObject","inLanguage":"es","@id":"https:\/\/exaudi.org\/es\/papa-estudiantes-universitarios-encuentro-sinodal\/#primaryimage","url":"https:\/\/exaudi.org\/wp-content\/uploads\/2022\/02\/encuentrosinodalpapaestudiantesamerica-scaled.jpg","contentUrl":"https:\/\/exaudi.org\/wp-content\/uploads\/2022\/02\/encuentrosinodalpapaestudiantesamerica-scaled.jpg","width":2560,"height":1707,"caption":"Papa Francisco \u00a9 Vatican Media"},{"@type":"BreadcrumbList","@id":"https:\/\/exaudi.org\/es\/papa-estudiantes-universitarios-encuentro-sinodal\/#breadcrumb","itemListElement":[{"@type":"ListItem","position":1,"name":"Portada","item":"https:\/\/exaudi.org\/es\/"},{"@type":"ListItem","position":2,"name":"\u201cConstruyendo puentes\u201d: Encuentro sinodal del Papa con universitarios"}]},{"@type":"WebSite","@id":"https:\/\/exaudi.org\/#website","url":"https:\/\/exaudi.org\/","name":"Exaudi","description":"News","potentialAction":[{"@type":"SearchAction","target":{"@type":"EntryPoint","urlTemplate":"https:\/\/exaudi.org\/?s={search_term_string}"},"query-input":{"@type":"PropertyValueSpecification","valueRequired":true,"valueName":"search_term_string"}}],"inLanguage":"es"},{"@type":"Person","@id":"https:\/\/exaudi.org\/#\/schema\/person\/d134b96438278131ce90c90c03fda6cd","name":"Gabriel Sales","image":{"@type":"ImageObject","inLanguage":"es","@id":"https:\/\/secure.gravatar.com\/avatar\/9b1269566f6a063ed26ffb3532b66a373cdde231ce5d0effb266167437fdaffd?s=96&d=mm&r=g","url":"https:\/\/secure.gravatar.com\/avatar\/9b1269566f6a063ed26ffb3532b66a373cdde231ce5d0effb266167437fdaffd?s=96&d=mm&r=g","contentUrl":"https:\/\/secure.gravatar.com\/avatar\/9b1269566f6a063ed26ffb3532b66a373cdde231ce5d0effb266167437fdaffd?s=96&d=mm&r=g","caption":"Gabriel Sales"},"description":"Periodista y especialista en Comunicaci\u00f3n y Branding digital. Cin\u00e9filo y cr\u00edtico de cine y series de televisi\u00f3n.","sameAs":["https:\/\/www.instagram.com\/cine90segundos\/","www.linkedin.com\/in\/habemusman","https:\/\/x.com\/habemusman","https:\/\/www.youtube.com\/channel\/UCVfCiOMkJ_C7T7OpyjuaLDg"],"url":"https:\/\/exaudi.org\/es\/author\/gsalesexaudi-org\/"}]}},"jetpack_featured_media_url":"https:\/\/exaudi.org\/wp-content\/uploads\/2022\/02\/encuentrosinodalpapaestudiantesamerica-scaled.jpg","jetpack_shortlink":"https:\/\/wp.me\/pgKjF2-dJP","_links":{"self":[{"href":"https:\/\/exaudi.org\/es\/wp-json\/wp\/v2\/posts\/52813","targetHints":{"allow":["GET"]}}],"collection":[{"href":"https:\/\/exaudi.org\/es\/wp-json\/wp\/v2\/posts"}],"about":[{"href":"https:\/\/exaudi.org\/es\/wp-json\/wp\/v2\/types\/post"}],"author":[{"embeddable":true,"href":"https:\/\/exaudi.org\/es\/wp-json\/wp\/v2\/users\/6"}],"replies":[{"embeddable":true,"href":"https:\/\/exaudi.org\/es\/wp-json\/wp\/v2\/comments?post=52813"}],"version-history":[{"count":0,"href":"https:\/\/exaudi.org\/es\/wp-json\/wp\/v2\/posts\/52813\/revisions"}],"wp:featuredmedia":[{"embeddable":true,"href":"https:\/\/exaudi.org\/es\/wp-json\/wp\/v2\/media\/52814"}],"wp:attachment":[{"href":"https:\/\/exaudi.org\/es\/wp-json\/wp\/v2\/media?parent=52813"}],"wp:term":[{"taxonomy":"category","embeddable":true,"href":"https:\/\/exaudi.org\/es\/wp-json\/wp\/v2\/categories?post=52813"},{"taxonomy":"post_tag","embeddable":true,"href":"https:\/\/exaudi.org\/es\/wp-json\/wp\/v2\/tags?post=52813"}],"curies":[{"name":"wp","href":"https:\/\/api.w.org\/{rel}","templated":true}]}}