{"id":52806,"date":"2022-02-22T10:25:47","date_gmt":"2022-02-22T09:25:47","guid":{"rendered":"https:\/\/exaudi.org\/?p=52806"},"modified":"2022-02-22T16:21:11","modified_gmt":"2022-02-22T15:21:11","slug":"hermana-juanita-declarada-venerable","status":"publish","type":"post","link":"https:\/\/exaudi.org\/es\/hermana-juanita-declarada-venerable\/","title":{"rendered":"Hermana Juanita, apost\u00f3lica y misionera a pesar de la enfermedad"},"content":{"rendered":"<p>Juana M\u00e9ndez Romero (hermana Juanita), religiosa espa\u00f1ola profesa de la Congregaci\u00f3n de las Hermanas Obreras del Coraz\u00f3n de Jes\u00fas, ya es venerable. El pasado viernes 18 de febrero de 2022, el Papa Francisco, durante la audiencia concedida al cardenal Marcello Semeraro, prefecto de las <a href=\"http:\/\/www.causesanti.va\/it.html\" target=\"_blank\" rel=\"noopener\">Congregaci\u00f3n paras las Causas de los Santos<\/a>,\u00a0autoriz\u00f3 a promulgar, entre otros, el <a href=\"https:\/\/exaudi.org\/es\/cardenal-pironio-venerable\/\" target=\"_blank\" rel=\"noopener\">Decreto relativo a sus virtudes heroicas<\/a>.<\/p>\n<p>Seg\u00fan describe la di\u00f3cesis de C\u00f3rdoba, Espa\u00f1a, en su p\u00e1gina <em>web,\u00a0<\/em>la religiosa cordobesa ha tenido reconocimiento de virtudes heroicas tras el proceso abierto en la misma di\u00f3cesis en 2014, paseo previo a que sea reconocida como beata en su camino hacia la canonizaci\u00f3n.\u00a0A pesar de su enfermedad, la hermana Juanita se relacion\u00f3 con mucha gente y era catequista.<\/p>\n<p>Tras un largo proceso, en la di\u00f3cesis de C\u00f3rdoba se cerr\u00f3 la fase diocesana de manera solemne el 13 de septiembre del a\u00f1o 2015, con una Eucarist\u00eda presidida por el obispo de C\u00f3rdoba, monse\u00f1or Demetrio Fern\u00e1ndez, donde se sellaron los 2.080 folios que atestiguaban la causa y que fueron enviados a Roma para demostrar las virtudes cristinas de forma heroica.<\/p>\n<h2>Hermana Juanita<\/h2>\n<p>Naci\u00f3 en Villanueva de C\u00f3rdoba, Espa\u00f1a, el 30 de enero de 1937, como tercera hija de una familia humilde y trabajadora. Su padre enviud\u00f3 muy pronto, quedando al cuidado de sus seis hijos. Trabaj\u00f3 en una finca de la fundadora de las Obreras del Coraz\u00f3n de Jes\u00fas. Sus hermanas mayores ingresaron como postulantes en la Congregaci\u00f3n, y Juana entr\u00f3 como interna a los 10 a\u00f1os en el Colegio de las Obreras de su pueblo natal.<\/p>\n<p>El 30 de octubre de 1950 comienza a manifestarse la enfermedad que le marcar\u00e1 durante toda su vida, el tifus. El 2 de noviembre de ese mismo a\u00f1o tuvo una ca\u00edda grave hasta temer por su vida. Mejor\u00f3 poco a poco, aunque sin poder moverse de su cama, y su cuerpo qued\u00f3 marcado por la gangrena y las llagas, signos que le acompa\u00f1aron hasta su muerte.<\/p>\n<p>En sus largos ratos de soledad y postraci\u00f3n comenz\u00f3 a profundizar en la oraci\u00f3n y la meditaci\u00f3n, la penitencia y el V\u00eda Crucis. Ofrec\u00eda sus sufrimientos, penas y alegr\u00eda para la salvaci\u00f3n de todos los hombres, por el Papa, la Iglesia y los sacerdotes, y sigui\u00f3 con su vocaci\u00f3n apost\u00f3lica y misionera. En 1963 le propusieron ser Obrera del Coraz\u00f3n de Jes\u00fas. Tras solicitar los permisos oportunos por su enfermedad, fue postulanta y novicia, tomando el h\u00e1bito el 19 de marzo de 1964.<\/p>\n<p>Se dedic\u00f3 a labores de costura, altern\u00e1ndolas con largos ratos de oraci\u00f3n, lectura piadosa y profunda mortificaci\u00f3n. Siempre fue un miembro activo de la vida en su comunidad. Nunca dej\u00f3 de cultivar su esp\u00edritu misionero, relacion\u00e1ndose con peregrinos que pasaban por el pueblo. Fue catequista de grupos de Primera Comuni\u00f3n de la Escuela Hogar y de la Parroquia.<\/p>\n<p>Tras cuarenta a\u00f1os en la cama, s\u00f3lo pudiendo mover las manos, con su cuerpo completamente deformado y llagado, su salud se deterior\u00f3 lentamente.\u00a0En marzo de 1990 su salud empeor\u00f3. El d\u00eda 30, tras una transfusi\u00f3n, entr\u00f3 en coma profundo. Tras una aparente mejor\u00eda, falleci\u00f3 sin perder la conciencia y con gran serenidad a las 10 horas del 5 de abril, en presencia de la comunidad, su m\u00e9dico de cabecera y algunos familiares.<\/p>\n<p>La vida de la hermana Juanita estuvo marcada por el dolor f\u00edsico vivido y ofrecido por los seres humanos que sufren y por la Iglesia, su sencillo trato y actitud de escucha y donaci\u00f3n a cuantos se acercaron a ella, su intensa vida de oraci\u00f3n y uni\u00f3n a Cristo Crucificado a quien tan ardientemente dese\u00f3 imitar y unirse.<\/p>\n","protected":false},"excerpt":{"rendered":"<p>Reconocidas sus virtudes heroicas<\/p>\n","protected":false},"author":6,"featured_media":52810,"comment_status":"closed","ping_status":"closed","sticky":false,"template":"","format":"standard","meta":{"_acf_changed":false,"_crdt_document":"","inline_featured_image":false,"footnotes":""},"categories":[134],"tags":[1634,5964,5963],"class_list":["post-52806","post","type-post","status-publish","format-standard","has-post-thumbnail","hentry","category-causas-de-santos","tag-congregacion-para-las-causas-de-los-santos","tag-juana-mendez-romero","tag-venerable"],"acf":[],"yoast_head":"<!-- This site is optimized with the Yoast SEO plugin v27.5 - https:\/\/yoast.com\/product\/yoast-seo-wordpress\/ -->\n<title>Hermana Juanita, apost\u00f3lica y misionera a pesar de la enfermedad &#8211; Exaudi<\/title>\n<meta name=\"description\" content=\"El pasado viernes 18 de febrero de 2022, el Papa Francisco autoriz\u00f3 a promulgar el decreto que declara venerable a la hermana Juanita.\" \/>\n<meta name=\"robots\" content=\"index, follow, max-snippet:-1, max-image-preview:large, max-video-preview:-1\" \/>\n<link rel=\"canonical\" href=\"https:\/\/exaudi.org\/es\/hermana-juanita-declarada-venerable\/\" \/>\n<meta property=\"og:locale\" content=\"es_ES\" \/>\n<meta property=\"og:type\" content=\"article\" \/>\n<meta property=\"og:title\" content=\"Hermana Juanita, apost\u00f3lica y misionera a pesar de la enfermedad &#8211; Exaudi\" \/>\n<meta property=\"og:description\" content=\"El pasado viernes 18 de febrero de 2022, el Papa Francisco autoriz\u00f3 a promulgar el decreto que declara venerable a la hermana Juanita.\" \/>\n<meta property=\"og:url\" content=\"https:\/\/exaudi.org\/es\/hermana-juanita-declarada-venerable\/\" \/>\n<meta property=\"og:site_name\" content=\"Exaudi\" \/>\n<meta property=\"article:publisher\" content=\"https:\/\/www.facebook.com\/ExaudiNews\" \/>\n<meta property=\"article:published_time\" content=\"2022-02-22T09:25:47+00:00\" \/>\n<meta property=\"article:modified_time\" content=\"2022-02-22T15:21:11+00:00\" \/>\n<meta property=\"og:image\" content=\"https:\/\/exaudi.org\/wp-content\/uploads\/2022\/02\/hermanajuanitavenerable.jpg\" \/>\n\t<meta property=\"og:image:width\" content=\"791\" \/>\n\t<meta property=\"og:image:height\" content=\"494\" \/>\n\t<meta property=\"og:image:type\" content=\"image\/jpeg\" \/>\n<meta name=\"author\" content=\"Gabriel Sales\" \/>\n<meta name=\"twitter:card\" content=\"summary_large_image\" \/>\n<meta name=\"twitter:creator\" content=\"@habemusman\" \/>\n<meta name=\"twitter:site\" content=\"@Exaudi_News\" \/>\n<meta name=\"twitter:label1\" content=\"Escrito por\" \/>\n\t<meta name=\"twitter:data1\" content=\"Gabriel Sales\" \/>\n\t<meta name=\"twitter:label2\" content=\"Tiempo de lectura\" \/>\n\t<meta name=\"twitter:data2\" content=\"3 minutos\" \/>\n<script type=\"application\/ld+json\" class=\"yoast-schema-graph\">{\"@context\":\"https:\\\/\\\/schema.org\",\"@graph\":[{\"@type\":\"Article\",\"@id\":\"https:\\\/\\\/exaudi.org\\\/es\\\/hermana-juanita-declarada-venerable\\\/#article\",\"isPartOf\":{\"@id\":\"https:\\\/\\\/exaudi.org\\\/es\\\/hermana-juanita-declarada-venerable\\\/\"},\"author\":{\"name\":\"Gabriel Sales\",\"@id\":\"https:\\\/\\\/exaudi.org\\\/#\\\/schema\\\/person\\\/d134b96438278131ce90c90c03fda6cd\"},\"headline\":\"Hermana Juanita, apost\u00f3lica y misionera a pesar de la enfermedad\",\"datePublished\":\"2022-02-22T09:25:47+00:00\",\"dateModified\":\"2022-02-22T15:21:11+00:00\",\"mainEntityOfPage\":{\"@id\":\"https:\\\/\\\/exaudi.org\\\/es\\\/hermana-juanita-declarada-venerable\\\/\"},\"wordCount\":647,\"image\":{\"@id\":\"https:\\\/\\\/exaudi.org\\\/es\\\/hermana-juanita-declarada-venerable\\\/#primaryimage\"},\"thumbnailUrl\":\"https:\\\/\\\/exaudi.org\\\/wp-content\\\/uploads\\\/2022\\\/02\\\/hermanajuanitavenerable.jpg\",\"keywords\":[\"Congregaci\u00f3n para las Causas de los Santos\",\"Juana M\u00e9ndez Romero\",\"Venerable\"],\"articleSection\":[\"Causas de Santos\"],\"inLanguage\":\"es\"},{\"@type\":\"WebPage\",\"@id\":\"https:\\\/\\\/exaudi.org\\\/es\\\/hermana-juanita-declarada-venerable\\\/\",\"url\":\"https:\\\/\\\/exaudi.org\\\/es\\\/hermana-juanita-declarada-venerable\\\/\",\"name\":\"Hermana Juanita, apost\u00f3lica y misionera a pesar de la enfermedad &#8211; Exaudi\",\"isPartOf\":{\"@id\":\"https:\\\/\\\/exaudi.org\\\/#website\"},\"primaryImageOfPage\":{\"@id\":\"https:\\\/\\\/exaudi.org\\\/es\\\/hermana-juanita-declarada-venerable\\\/#primaryimage\"},\"image\":{\"@id\":\"https:\\\/\\\/exaudi.org\\\/es\\\/hermana-juanita-declarada-venerable\\\/#primaryimage\"},\"thumbnailUrl\":\"https:\\\/\\\/exaudi.org\\\/wp-content\\\/uploads\\\/2022\\\/02\\\/hermanajuanitavenerable.jpg\",\"datePublished\":\"2022-02-22T09:25:47+00:00\",\"dateModified\":\"2022-02-22T15:21:11+00:00\",\"author\":{\"@id\":\"https:\\\/\\\/exaudi.org\\\/#\\\/schema\\\/person\\\/d134b96438278131ce90c90c03fda6cd\"},\"description\":\"El pasado viernes 18 de febrero de 2022, el Papa Francisco autoriz\u00f3 a promulgar el decreto que declara venerable a la hermana Juanita.\",\"breadcrumb\":{\"@id\":\"https:\\\/\\\/exaudi.org\\\/es\\\/hermana-juanita-declarada-venerable\\\/#breadcrumb\"},\"inLanguage\":\"es\",\"potentialAction\":[{\"@type\":\"ReadAction\",\"target\":[\"https:\\\/\\\/exaudi.org\\\/es\\\/hermana-juanita-declarada-venerable\\\/\"]}]},{\"@type\":\"ImageObject\",\"inLanguage\":\"es\",\"@id\":\"https:\\\/\\\/exaudi.org\\\/es\\\/hermana-juanita-declarada-venerable\\\/#primaryimage\",\"url\":\"https:\\\/\\\/exaudi.org\\\/wp-content\\\/uploads\\\/2022\\\/02\\\/hermanajuanitavenerable.jpg\",\"contentUrl\":\"https:\\\/\\\/exaudi.org\\\/wp-content\\\/uploads\\\/2022\\\/02\\\/hermanajuanitavenerable.jpg\",\"width\":791,\"height\":494,\"caption\":\"Hermana Juanita con su congregaci\u00f3n \u00a9 Obreras del Coraz\u00f3n de Jes\u00fas\"},{\"@type\":\"BreadcrumbList\",\"@id\":\"https:\\\/\\\/exaudi.org\\\/es\\\/hermana-juanita-declarada-venerable\\\/#breadcrumb\",\"itemListElement\":[{\"@type\":\"ListItem\",\"position\":1,\"name\":\"Portada\",\"item\":\"https:\\\/\\\/exaudi.org\\\/es\\\/\"},{\"@type\":\"ListItem\",\"position\":2,\"name\":\"Hermana Juanita, apost\u00f3lica y misionera a pesar de la enfermedad\"}]},{\"@type\":\"WebSite\",\"@id\":\"https:\\\/\\\/exaudi.org\\\/#website\",\"url\":\"https:\\\/\\\/exaudi.org\\\/\",\"name\":\"Exaudi\",\"description\":\"News\",\"potentialAction\":[{\"@type\":\"SearchAction\",\"target\":{\"@type\":\"EntryPoint\",\"urlTemplate\":\"https:\\\/\\\/exaudi.org\\\/?s={search_term_string}\"},\"query-input\":{\"@type\":\"PropertyValueSpecification\",\"valueRequired\":true,\"valueName\":\"search_term_string\"}}],\"inLanguage\":\"es\"},{\"@type\":\"Person\",\"@id\":\"https:\\\/\\\/exaudi.org\\\/#\\\/schema\\\/person\\\/d134b96438278131ce90c90c03fda6cd\",\"name\":\"Gabriel Sales\",\"image\":{\"@type\":\"ImageObject\",\"inLanguage\":\"es\",\"@id\":\"https:\\\/\\\/secure.gravatar.com\\\/avatar\\\/9b1269566f6a063ed26ffb3532b66a373cdde231ce5d0effb266167437fdaffd?s=96&d=mm&r=g\",\"url\":\"https:\\\/\\\/secure.gravatar.com\\\/avatar\\\/9b1269566f6a063ed26ffb3532b66a373cdde231ce5d0effb266167437fdaffd?s=96&d=mm&r=g\",\"contentUrl\":\"https:\\\/\\\/secure.gravatar.com\\\/avatar\\\/9b1269566f6a063ed26ffb3532b66a373cdde231ce5d0effb266167437fdaffd?s=96&d=mm&r=g\",\"caption\":\"Gabriel Sales\"},\"description\":\"Periodista y especialista en Comunicaci\u00f3n y Branding digital. Cin\u00e9filo y cr\u00edtico de cine y series de televisi\u00f3n.\",\"sameAs\":[\"https:\\\/\\\/www.instagram.com\\\/cine90segundos\\\/\",\"www.linkedin.com\\\/in\\\/habemusman\",\"https:\\\/\\\/x.com\\\/habemusman\",\"https:\\\/\\\/www.youtube.com\\\/channel\\\/UCVfCiOMkJ_C7T7OpyjuaLDg\"],\"url\":\"https:\\\/\\\/exaudi.org\\\/es\\\/author\\\/gsalesexaudi-org\\\/\"}]}<\/script>\n<!-- \/ Yoast SEO plugin. -->","yoast_head_json":{"title":"Hermana Juanita, apost\u00f3lica y misionera a pesar de la enfermedad &#8211; Exaudi","description":"El pasado viernes 18 de febrero de 2022, el Papa Francisco autoriz\u00f3 a promulgar el decreto que declara venerable a la hermana Juanita.","robots":{"index":"index","follow":"follow","max-snippet":"max-snippet:-1","max-image-preview":"max-image-preview:large","max-video-preview":"max-video-preview:-1"},"canonical":"https:\/\/exaudi.org\/es\/hermana-juanita-declarada-venerable\/","og_locale":"es_ES","og_type":"article","og_title":"Hermana Juanita, apost\u00f3lica y misionera a pesar de la enfermedad &#8211; Exaudi","og_description":"El pasado viernes 18 de febrero de 2022, el Papa Francisco autoriz\u00f3 a promulgar el decreto que declara venerable a la hermana Juanita.","og_url":"https:\/\/exaudi.org\/es\/hermana-juanita-declarada-venerable\/","og_site_name":"Exaudi","article_publisher":"https:\/\/www.facebook.com\/ExaudiNews","article_published_time":"2022-02-22T09:25:47+00:00","article_modified_time":"2022-02-22T15:21:11+00:00","og_image":[{"width":791,"height":494,"url":"https:\/\/exaudi.org\/wp-content\/uploads\/2022\/02\/hermanajuanitavenerable.jpg","type":"image\/jpeg"}],"author":"Gabriel Sales","twitter_card":"summary_large_image","twitter_creator":"@habemusman","twitter_site":"@Exaudi_News","twitter_misc":{"Escrito por":"Gabriel Sales","Tiempo de lectura":"3 minutos"},"schema":{"@context":"https:\/\/schema.org","@graph":[{"@type":"Article","@id":"https:\/\/exaudi.org\/es\/hermana-juanita-declarada-venerable\/#article","isPartOf":{"@id":"https:\/\/exaudi.org\/es\/hermana-juanita-declarada-venerable\/"},"author":{"name":"Gabriel Sales","@id":"https:\/\/exaudi.org\/#\/schema\/person\/d134b96438278131ce90c90c03fda6cd"},"headline":"Hermana Juanita, apost\u00f3lica y misionera a pesar de la enfermedad","datePublished":"2022-02-22T09:25:47+00:00","dateModified":"2022-02-22T15:21:11+00:00","mainEntityOfPage":{"@id":"https:\/\/exaudi.org\/es\/hermana-juanita-declarada-venerable\/"},"wordCount":647,"image":{"@id":"https:\/\/exaudi.org\/es\/hermana-juanita-declarada-venerable\/#primaryimage"},"thumbnailUrl":"https:\/\/exaudi.org\/wp-content\/uploads\/2022\/02\/hermanajuanitavenerable.jpg","keywords":["Congregaci\u00f3n para las Causas de los Santos","Juana M\u00e9ndez Romero","Venerable"],"articleSection":["Causas de Santos"],"inLanguage":"es"},{"@type":"WebPage","@id":"https:\/\/exaudi.org\/es\/hermana-juanita-declarada-venerable\/","url":"https:\/\/exaudi.org\/es\/hermana-juanita-declarada-venerable\/","name":"Hermana Juanita, apost\u00f3lica y misionera a pesar de la enfermedad &#8211; Exaudi","isPartOf":{"@id":"https:\/\/exaudi.org\/#website"},"primaryImageOfPage":{"@id":"https:\/\/exaudi.org\/es\/hermana-juanita-declarada-venerable\/#primaryimage"},"image":{"@id":"https:\/\/exaudi.org\/es\/hermana-juanita-declarada-venerable\/#primaryimage"},"thumbnailUrl":"https:\/\/exaudi.org\/wp-content\/uploads\/2022\/02\/hermanajuanitavenerable.jpg","datePublished":"2022-02-22T09:25:47+00:00","dateModified":"2022-02-22T15:21:11+00:00","author":{"@id":"https:\/\/exaudi.org\/#\/schema\/person\/d134b96438278131ce90c90c03fda6cd"},"description":"El pasado viernes 18 de febrero de 2022, el Papa Francisco autoriz\u00f3 a promulgar el decreto que declara venerable a la hermana Juanita.","breadcrumb":{"@id":"https:\/\/exaudi.org\/es\/hermana-juanita-declarada-venerable\/#breadcrumb"},"inLanguage":"es","potentialAction":[{"@type":"ReadAction","target":["https:\/\/exaudi.org\/es\/hermana-juanita-declarada-venerable\/"]}]},{"@type":"ImageObject","inLanguage":"es","@id":"https:\/\/exaudi.org\/es\/hermana-juanita-declarada-venerable\/#primaryimage","url":"https:\/\/exaudi.org\/wp-content\/uploads\/2022\/02\/hermanajuanitavenerable.jpg","contentUrl":"https:\/\/exaudi.org\/wp-content\/uploads\/2022\/02\/hermanajuanitavenerable.jpg","width":791,"height":494,"caption":"Hermana Juanita con su congregaci\u00f3n \u00a9 Obreras del Coraz\u00f3n de Jes\u00fas"},{"@type":"BreadcrumbList","@id":"https:\/\/exaudi.org\/es\/hermana-juanita-declarada-venerable\/#breadcrumb","itemListElement":[{"@type":"ListItem","position":1,"name":"Portada","item":"https:\/\/exaudi.org\/es\/"},{"@type":"ListItem","position":2,"name":"Hermana Juanita, apost\u00f3lica y misionera a pesar de la enfermedad"}]},{"@type":"WebSite","@id":"https:\/\/exaudi.org\/#website","url":"https:\/\/exaudi.org\/","name":"Exaudi","description":"News","potentialAction":[{"@type":"SearchAction","target":{"@type":"EntryPoint","urlTemplate":"https:\/\/exaudi.org\/?s={search_term_string}"},"query-input":{"@type":"PropertyValueSpecification","valueRequired":true,"valueName":"search_term_string"}}],"inLanguage":"es"},{"@type":"Person","@id":"https:\/\/exaudi.org\/#\/schema\/person\/d134b96438278131ce90c90c03fda6cd","name":"Gabriel Sales","image":{"@type":"ImageObject","inLanguage":"es","@id":"https:\/\/secure.gravatar.com\/avatar\/9b1269566f6a063ed26ffb3532b66a373cdde231ce5d0effb266167437fdaffd?s=96&d=mm&r=g","url":"https:\/\/secure.gravatar.com\/avatar\/9b1269566f6a063ed26ffb3532b66a373cdde231ce5d0effb266167437fdaffd?s=96&d=mm&r=g","contentUrl":"https:\/\/secure.gravatar.com\/avatar\/9b1269566f6a063ed26ffb3532b66a373cdde231ce5d0effb266167437fdaffd?s=96&d=mm&r=g","caption":"Gabriel Sales"},"description":"Periodista y especialista en Comunicaci\u00f3n y Branding digital. Cin\u00e9filo y cr\u00edtico de cine y series de televisi\u00f3n.","sameAs":["https:\/\/www.instagram.com\/cine90segundos\/","www.linkedin.com\/in\/habemusman","https:\/\/x.com\/habemusman","https:\/\/www.youtube.com\/channel\/UCVfCiOMkJ_C7T7OpyjuaLDg"],"url":"https:\/\/exaudi.org\/es\/author\/gsalesexaudi-org\/"}]}},"jetpack_featured_media_url":"https:\/\/exaudi.org\/wp-content\/uploads\/2022\/02\/hermanajuanitavenerable.jpg","jetpack_shortlink":"https:\/\/wp.me\/pgKjF2-dJI","_links":{"self":[{"href":"https:\/\/exaudi.org\/es\/wp-json\/wp\/v2\/posts\/52806","targetHints":{"allow":["GET"]}}],"collection":[{"href":"https:\/\/exaudi.org\/es\/wp-json\/wp\/v2\/posts"}],"about":[{"href":"https:\/\/exaudi.org\/es\/wp-json\/wp\/v2\/types\/post"}],"author":[{"embeddable":true,"href":"https:\/\/exaudi.org\/es\/wp-json\/wp\/v2\/users\/6"}],"replies":[{"embeddable":true,"href":"https:\/\/exaudi.org\/es\/wp-json\/wp\/v2\/comments?post=52806"}],"version-history":[{"count":0,"href":"https:\/\/exaudi.org\/es\/wp-json\/wp\/v2\/posts\/52806\/revisions"}],"wp:featuredmedia":[{"embeddable":true,"href":"https:\/\/exaudi.org\/es\/wp-json\/wp\/v2\/media\/52810"}],"wp:attachment":[{"href":"https:\/\/exaudi.org\/es\/wp-json\/wp\/v2\/media?parent=52806"}],"wp:term":[{"taxonomy":"category","embeddable":true,"href":"https:\/\/exaudi.org\/es\/wp-json\/wp\/v2\/categories?post=52806"},{"taxonomy":"post_tag","embeddable":true,"href":"https:\/\/exaudi.org\/es\/wp-json\/wp\/v2\/tags?post=52806"}],"curies":[{"name":"wp","href":"https:\/\/api.w.org\/{rel}","templated":true}]}}