{"id":52688,"date":"2022-02-21T10:49:10","date_gmt":"2022-02-21T09:49:10","guid":{"rendered":"https:\/\/exaudi.org\/?p=52688"},"modified":"2022-02-25T12:11:39","modified_gmt":"2022-02-25T11:11:39","slug":"italia-embajador-cartas-credenciales-papa","status":"publish","type":"post","link":"https:\/\/exaudi.org\/es\/italia-embajador-cartas-credenciales-papa\/","title":{"rendered":"Italia: Embajador presenta sus cartas credenciales al Papa"},"content":{"rendered":"<p>En la ma\u00f1ana del pasado s\u00e1bado 19 de febrero de 2022, el <a href=\"https:\/\/exaudi.org\/es\/espiritu-jesus-responder-mal-con-bien\/\" target=\"_blank\" rel=\"noopener\">Papa Francisco<\/a> recibi\u00f3 en audiencia a Francesco Di Nitto, embajador de Italia ante la Santa Sede, con motivo de la presentaci\u00f3n de sus Cartas Credenciales. De esta manera inform\u00f3 la Oficina de Prensa de la Santa Sede.<\/p>\n<h2><b>Francesco Di Nitto<\/b><\/h2>\n<p><img loading=\"lazy\" decoding=\"async\" class=\"alignleft size-medium wp-image-52697\" src=\"https:\/\/exaudi.org\/wp-content\/uploads\/2022\/02\/RIP7503-300x200.jpg\" alt=\"Italia embajador cartas credenciales\" width=\"300\" height=\"200\" srcset=\"https:\/\/exaudi.org\/wp-content\/uploads\/2022\/02\/RIP7503-300x200.jpg 300w, https:\/\/exaudi.org\/wp-content\/uploads\/2022\/02\/RIP7503-1024x683.jpg 1024w, https:\/\/exaudi.org\/wp-content\/uploads\/2022\/02\/RIP7503-770x513.jpg 770w, https:\/\/exaudi.org\/wp-content\/uploads\/2022\/02\/RIP7503-1536x1024.jpg 1536w, https:\/\/exaudi.org\/wp-content\/uploads\/2022\/02\/RIP7503-2048x1365.jpg 2048w, https:\/\/exaudi.org\/wp-content\/uploads\/2022\/02\/RIP7503-360x240.jpg?crop=1 360w, https:\/\/exaudi.org\/wp-content\/uploads\/2022\/02\/RIP7503-500x333.jpg 500w, https:\/\/exaudi.org\/wp-content\/uploads\/2022\/02\/RIP7503-1155x770.jpg 1155w, https:\/\/exaudi.org\/wp-content\/uploads\/2022\/02\/RIP7503-370x247.jpg 370w, https:\/\/exaudi.org\/wp-content\/uploads\/2022\/02\/RIP7503-293x195.jpg 293w, https:\/\/exaudi.org\/wp-content\/uploads\/2022\/02\/RIP7503-1400x933.jpg 1400w, https:\/\/exaudi.org\/wp-content\/uploads\/2022\/02\/RIP7503-120x80.jpg 120w, https:\/\/exaudi.org\/wp-content\/uploads\/2022\/02\/RIP7503-240x160.jpg 240w, https:\/\/exaudi.org\/wp-content\/uploads\/2022\/02\/RIP7503-390x260.jpg 390w\" sizes=\"auto, (max-width: 300px) 100vw, 300px\" \/><\/p>\n<p>Naci\u00f3 el 19 de junio de 1962 en Roma.\u00a0Es licenciado en econom\u00eda y comercio por la Universidad LUISS de la misma ciudad.\u00a0Ha ocupado los siguientes cargos: secretario de Legaci\u00f3n, en la Direcci\u00f3n General de Asuntos Pol\u00edticos, Oficina II (1991), primer vicec\u00f3nsul y posteriormente c\u00f3nsul en Jerusal\u00e9n (1995-1999), primer secretario de la Embajada en Chile (1999-2001), consejero de Legaci\u00f3n en la Secretar\u00eda General, Unidad de Coordinaci\u00f3n (2001-2005).<\/p>\n<p>Tambi\u00e9n jefe de la Oficina II de la Secretar\u00eda General (2006), primer consejero de la Embajada ante la Santa Sede (2007-2011), consejero diplom\u00e1tico adjunto del presidente del Consejo de Ministros (2011-2013), consejero diplom\u00e1tico adjunto en la Secretar\u00eda General de la presidencia de la Rep\u00fablica &#8211; Oficina de Asuntos Diplom\u00e1ticos (2013 &#8211; 2022).<\/p>\n","protected":false},"excerpt":{"rendered":"<p>Francesco Di Nitto<\/p>\n","protected":false},"author":15,"featured_media":52693,"comment_status":"closed","ping_status":"closed","sticky":false,"template":"","format":"standard","meta":{"_acf_changed":false,"_crdt_document":"","inline_featured_image":false,"footnotes":""},"categories":[132],"tags":[1011,5950,516,158],"class_list":["post-52688","post","type-post","status-publish","format-standard","has-post-thumbnail","hentry","category-vaticano-es","tag-cartas-credenciales","tag-embajador","tag-italia","tag-papa-francisco"],"acf":[],"yoast_head":"<!-- This site is optimized with the Yoast SEO plugin v27.4 - https:\/\/yoast.com\/product\/yoast-seo-wordpress\/ -->\n<title>Italia: Embajador presenta sus cartas credenciales al Papa &#8211; Exaudi<\/title>\n<meta name=\"description\" content=\"El Papa recibi\u00f3 en audiencia al embajador de Italia ante la Santa Sede, con motivo de la presentaci\u00f3n de sus Cartas Credenciales\" \/>\n<meta name=\"robots\" content=\"index, follow, max-snippet:-1, max-image-preview:large, max-video-preview:-1\" \/>\n<link rel=\"canonical\" href=\"https:\/\/exaudi.org\/es\/italia-embajador-cartas-credenciales-papa\/\" \/>\n<meta property=\"og:locale\" content=\"es_ES\" \/>\n<meta property=\"og:type\" content=\"article\" \/>\n<meta property=\"og:title\" content=\"Italia: Embajador presenta sus cartas credenciales al Papa &#8211; Exaudi\" \/>\n<meta property=\"og:description\" content=\"El Papa recibi\u00f3 en audiencia al embajador de Italia ante la Santa Sede, con motivo de la presentaci\u00f3n de sus Cartas Credenciales\" \/>\n<meta property=\"og:url\" content=\"https:\/\/exaudi.org\/es\/italia-embajador-cartas-credenciales-papa\/\" \/>\n<meta property=\"og:site_name\" content=\"Exaudi\" \/>\n<meta property=\"article:publisher\" content=\"https:\/\/www.facebook.com\/ExaudiNews\" \/>\n<meta property=\"article:author\" content=\"https:\/\/www.facebook.com\/ExaudiNoticias\/\" \/>\n<meta property=\"article:published_time\" content=\"2022-02-21T09:49:10+00:00\" \/>\n<meta property=\"article:modified_time\" content=\"2022-02-25T11:11:39+00:00\" \/>\n<meta property=\"og:image\" content=\"https:\/\/exaudi.org\/wp-content\/uploads\/2022\/02\/embajadoritaliacartascredenciales-scaled.jpg\" \/>\n\t<meta property=\"og:image:width\" content=\"2560\" \/>\n\t<meta property=\"og:image:height\" content=\"1707\" \/>\n\t<meta property=\"og:image:type\" content=\"image\/jpeg\" \/>\n<meta name=\"author\" content=\"Exaudi Redacci\u00f3n\" \/>\n<meta name=\"twitter:card\" content=\"summary_large_image\" \/>\n<meta name=\"twitter:creator\" content=\"@Exaudi_noticias\" \/>\n<meta name=\"twitter:site\" content=\"@Exaudi_News\" \/>\n<meta name=\"twitter:label1\" content=\"Escrito por\" \/>\n\t<meta name=\"twitter:data1\" content=\"Exaudi Redacci\u00f3n\" \/>\n\t<meta name=\"twitter:label2\" content=\"Tiempo de lectura\" \/>\n\t<meta name=\"twitter:data2\" content=\"1 minuto\" \/>\n<script type=\"application\/ld+json\" class=\"yoast-schema-graph\">{\"@context\":\"https:\\\/\\\/schema.org\",\"@graph\":[{\"@type\":\"Article\",\"@id\":\"https:\\\/\\\/exaudi.org\\\/es\\\/italia-embajador-cartas-credenciales-papa\\\/#article\",\"isPartOf\":{\"@id\":\"https:\\\/\\\/exaudi.org\\\/es\\\/italia-embajador-cartas-credenciales-papa\\\/\"},\"author\":{\"name\":\"Exaudi Redacci\u00f3n\",\"@id\":\"https:\\\/\\\/exaudi.org\\\/#\\\/schema\\\/person\\\/f5fc8f063065e38742da7afe15f25df7\"},\"headline\":\"Italia: Embajador presenta sus cartas credenciales al Papa\",\"datePublished\":\"2022-02-21T09:49:10+00:00\",\"dateModified\":\"2022-02-25T11:11:39+00:00\",\"mainEntityOfPage\":{\"@id\":\"https:\\\/\\\/exaudi.org\\\/es\\\/italia-embajador-cartas-credenciales-papa\\\/\"},\"wordCount\":192,\"image\":{\"@id\":\"https:\\\/\\\/exaudi.org\\\/es\\\/italia-embajador-cartas-credenciales-papa\\\/#primaryimage\"},\"thumbnailUrl\":\"https:\\\/\\\/exaudi.org\\\/wp-content\\\/uploads\\\/2022\\\/02\\\/embajadoritaliacartascredenciales-scaled.jpg\",\"keywords\":[\"Cartas credenciales\",\"Embajador\",\"Italia\",\"papa francisco\"],\"articleSection\":[\"Vaticano\"],\"inLanguage\":\"es\"},{\"@type\":\"WebPage\",\"@id\":\"https:\\\/\\\/exaudi.org\\\/es\\\/italia-embajador-cartas-credenciales-papa\\\/\",\"url\":\"https:\\\/\\\/exaudi.org\\\/es\\\/italia-embajador-cartas-credenciales-papa\\\/\",\"name\":\"Italia: Embajador presenta sus cartas credenciales al Papa &#8211; Exaudi\",\"isPartOf\":{\"@id\":\"https:\\\/\\\/exaudi.org\\\/#website\"},\"primaryImageOfPage\":{\"@id\":\"https:\\\/\\\/exaudi.org\\\/es\\\/italia-embajador-cartas-credenciales-papa\\\/#primaryimage\"},\"image\":{\"@id\":\"https:\\\/\\\/exaudi.org\\\/es\\\/italia-embajador-cartas-credenciales-papa\\\/#primaryimage\"},\"thumbnailUrl\":\"https:\\\/\\\/exaudi.org\\\/wp-content\\\/uploads\\\/2022\\\/02\\\/embajadoritaliacartascredenciales-scaled.jpg\",\"datePublished\":\"2022-02-21T09:49:10+00:00\",\"dateModified\":\"2022-02-25T11:11:39+00:00\",\"author\":{\"@id\":\"https:\\\/\\\/exaudi.org\\\/#\\\/schema\\\/person\\\/f5fc8f063065e38742da7afe15f25df7\"},\"description\":\"El Papa recibi\u00f3 en audiencia al embajador de Italia ante la Santa Sede, con motivo de la presentaci\u00f3n de sus Cartas Credenciales\",\"breadcrumb\":{\"@id\":\"https:\\\/\\\/exaudi.org\\\/es\\\/italia-embajador-cartas-credenciales-papa\\\/#breadcrumb\"},\"inLanguage\":\"es\",\"potentialAction\":[{\"@type\":\"ReadAction\",\"target\":[\"https:\\\/\\\/exaudi.org\\\/es\\\/italia-embajador-cartas-credenciales-papa\\\/\"]}]},{\"@type\":\"ImageObject\",\"inLanguage\":\"es\",\"@id\":\"https:\\\/\\\/exaudi.org\\\/es\\\/italia-embajador-cartas-credenciales-papa\\\/#primaryimage\",\"url\":\"https:\\\/\\\/exaudi.org\\\/wp-content\\\/uploads\\\/2022\\\/02\\\/embajadoritaliacartascredenciales-scaled.jpg\",\"contentUrl\":\"https:\\\/\\\/exaudi.org\\\/wp-content\\\/uploads\\\/2022\\\/02\\\/embajadoritaliacartascredenciales-scaled.jpg\",\"width\":2560,\"height\":1707,\"caption\":\"El Papa con el embajador de Italia ante la Santa Sede \u00a9 Vatican Media\"},{\"@type\":\"BreadcrumbList\",\"@id\":\"https:\\\/\\\/exaudi.org\\\/es\\\/italia-embajador-cartas-credenciales-papa\\\/#breadcrumb\",\"itemListElement\":[{\"@type\":\"ListItem\",\"position\":1,\"name\":\"Portada\",\"item\":\"https:\\\/\\\/exaudi.org\\\/es\\\/\"},{\"@type\":\"ListItem\",\"position\":2,\"name\":\"Italia: Embajador presenta sus cartas credenciales al Papa\"}]},{\"@type\":\"WebSite\",\"@id\":\"https:\\\/\\\/exaudi.org\\\/#website\",\"url\":\"https:\\\/\\\/exaudi.org\\\/\",\"name\":\"Exaudi\",\"description\":\"News\",\"potentialAction\":[{\"@type\":\"SearchAction\",\"target\":{\"@type\":\"EntryPoint\",\"urlTemplate\":\"https:\\\/\\\/exaudi.org\\\/?s={search_term_string}\"},\"query-input\":{\"@type\":\"PropertyValueSpecification\",\"valueRequired\":true,\"valueName\":\"search_term_string\"}}],\"inLanguage\":\"es\"},{\"@type\":\"Person\",\"@id\":\"https:\\\/\\\/exaudi.org\\\/#\\\/schema\\\/person\\\/f5fc8f063065e38742da7afe15f25df7\",\"name\":\"Exaudi Redacci\u00f3n\",\"image\":{\"@type\":\"ImageObject\",\"inLanguage\":\"es\",\"@id\":\"https:\\\/\\\/secure.gravatar.com\\\/avatar\\\/fe0f6a059fb68d9b3e11bc5850dd4899b1c7492091a3cb6dd9b01b56ad828be2?s=96&d=mm&r=g\",\"url\":\"https:\\\/\\\/secure.gravatar.com\\\/avatar\\\/fe0f6a059fb68d9b3e11bc5850dd4899b1c7492091a3cb6dd9b01b56ad828be2?s=96&d=mm&r=g\",\"contentUrl\":\"https:\\\/\\\/secure.gravatar.com\\\/avatar\\\/fe0f6a059fb68d9b3e11bc5850dd4899b1c7492091a3cb6dd9b01b56ad828be2?s=96&d=mm&r=g\",\"caption\":\"Exaudi Redacci\u00f3n\"},\"description\":\"\u00bfQu\u00e9 es Exaudi News? Exaudi News es un medio de comunicaci\u00f3n cat\u00f3lico internacional que informa, forma y transforma, diariamente en espa\u00f1ol, ingl\u00e9s e italiano. A trav\u00e9s de noticias, art\u00edculos de an\u00e1lisis y transmisiones en directo de los eventos del Papa, Exaudi busca fortalecer la unidad de los cristianos y contribuir a la evangelizaci\u00f3n del mundo, siempre guiados por la doctrina social de la Iglesia. Trabajamos para acercar la verdad y los valores cristianos a cada rinc\u00f3n del planeta. \u00a1Ay\u00fadanos a transformar el mundo con Exaudi! En Exaudi creemos que la evangelizaci\u00f3n y la informaci\u00f3n de calidad pueden cambiar vidas. Para continuar con nuestra misi\u00f3n y expandir nuestro alcance, necesitamos tu ayuda. Adem\u00e1s, buscamos personas comprometidas que deseen unirse a nuestro equipo. Con tu apoyo, lograremos llegar a m\u00e1s personas, difundir el mensaje de Cristo y reforzar la unidad de los cristianos. \u00bfTe unes a nuestra misi\u00f3n? Para m\u00e1s informaci\u00f3n sobre c\u00f3mo colaborar, visita Exaudi.org\\\/es o cont\u00e1ctanos directamente: info@exaudi.org Exaudi: Informa, forma y transforma.\",\"sameAs\":[\"https:\\\/\\\/www.facebook.com\\\/ExaudiNoticias\\\/\",\"https:\\\/\\\/www.instagram.com\\\/exaudi_noticias\\\/\",\"https:\\\/\\\/x.com\\\/Exaudi_noticias\",\"https:\\\/\\\/www.youtube.com\\\/@exaudicatholicnews\"],\"url\":\"https:\\\/\\\/exaudi.org\\\/es\\\/author\\\/redaccionexaudi\\\/\"}]}<\/script>\n<!-- \/ Yoast SEO plugin. -->","yoast_head_json":{"title":"Italia: Embajador presenta sus cartas credenciales al Papa &#8211; Exaudi","description":"El Papa recibi\u00f3 en audiencia al embajador de Italia ante la Santa Sede, con motivo de la presentaci\u00f3n de sus Cartas Credenciales","robots":{"index":"index","follow":"follow","max-snippet":"max-snippet:-1","max-image-preview":"max-image-preview:large","max-video-preview":"max-video-preview:-1"},"canonical":"https:\/\/exaudi.org\/es\/italia-embajador-cartas-credenciales-papa\/","og_locale":"es_ES","og_type":"article","og_title":"Italia: Embajador presenta sus cartas credenciales al Papa &#8211; Exaudi","og_description":"El Papa recibi\u00f3 en audiencia al embajador de Italia ante la Santa Sede, con motivo de la presentaci\u00f3n de sus Cartas Credenciales","og_url":"https:\/\/exaudi.org\/es\/italia-embajador-cartas-credenciales-papa\/","og_site_name":"Exaudi","article_publisher":"https:\/\/www.facebook.com\/ExaudiNews","article_author":"https:\/\/www.facebook.com\/ExaudiNoticias\/","article_published_time":"2022-02-21T09:49:10+00:00","article_modified_time":"2022-02-25T11:11:39+00:00","og_image":[{"width":2560,"height":1707,"url":"https:\/\/exaudi.org\/wp-content\/uploads\/2022\/02\/embajadoritaliacartascredenciales-scaled.jpg","type":"image\/jpeg"}],"author":"Exaudi Redacci\u00f3n","twitter_card":"summary_large_image","twitter_creator":"@Exaudi_noticias","twitter_site":"@Exaudi_News","twitter_misc":{"Escrito por":"Exaudi Redacci\u00f3n","Tiempo de lectura":"1 minuto"},"schema":{"@context":"https:\/\/schema.org","@graph":[{"@type":"Article","@id":"https:\/\/exaudi.org\/es\/italia-embajador-cartas-credenciales-papa\/#article","isPartOf":{"@id":"https:\/\/exaudi.org\/es\/italia-embajador-cartas-credenciales-papa\/"},"author":{"name":"Exaudi Redacci\u00f3n","@id":"https:\/\/exaudi.org\/#\/schema\/person\/f5fc8f063065e38742da7afe15f25df7"},"headline":"Italia: Embajador presenta sus cartas credenciales al Papa","datePublished":"2022-02-21T09:49:10+00:00","dateModified":"2022-02-25T11:11:39+00:00","mainEntityOfPage":{"@id":"https:\/\/exaudi.org\/es\/italia-embajador-cartas-credenciales-papa\/"},"wordCount":192,"image":{"@id":"https:\/\/exaudi.org\/es\/italia-embajador-cartas-credenciales-papa\/#primaryimage"},"thumbnailUrl":"https:\/\/exaudi.org\/wp-content\/uploads\/2022\/02\/embajadoritaliacartascredenciales-scaled.jpg","keywords":["Cartas credenciales","Embajador","Italia","papa francisco"],"articleSection":["Vaticano"],"inLanguage":"es"},{"@type":"WebPage","@id":"https:\/\/exaudi.org\/es\/italia-embajador-cartas-credenciales-papa\/","url":"https:\/\/exaudi.org\/es\/italia-embajador-cartas-credenciales-papa\/","name":"Italia: Embajador presenta sus cartas credenciales al Papa &#8211; Exaudi","isPartOf":{"@id":"https:\/\/exaudi.org\/#website"},"primaryImageOfPage":{"@id":"https:\/\/exaudi.org\/es\/italia-embajador-cartas-credenciales-papa\/#primaryimage"},"image":{"@id":"https:\/\/exaudi.org\/es\/italia-embajador-cartas-credenciales-papa\/#primaryimage"},"thumbnailUrl":"https:\/\/exaudi.org\/wp-content\/uploads\/2022\/02\/embajadoritaliacartascredenciales-scaled.jpg","datePublished":"2022-02-21T09:49:10+00:00","dateModified":"2022-02-25T11:11:39+00:00","author":{"@id":"https:\/\/exaudi.org\/#\/schema\/person\/f5fc8f063065e38742da7afe15f25df7"},"description":"El Papa recibi\u00f3 en audiencia al embajador de Italia ante la Santa Sede, con motivo de la presentaci\u00f3n de sus Cartas Credenciales","breadcrumb":{"@id":"https:\/\/exaudi.org\/es\/italia-embajador-cartas-credenciales-papa\/#breadcrumb"},"inLanguage":"es","potentialAction":[{"@type":"ReadAction","target":["https:\/\/exaudi.org\/es\/italia-embajador-cartas-credenciales-papa\/"]}]},{"@type":"ImageObject","inLanguage":"es","@id":"https:\/\/exaudi.org\/es\/italia-embajador-cartas-credenciales-papa\/#primaryimage","url":"https:\/\/exaudi.org\/wp-content\/uploads\/2022\/02\/embajadoritaliacartascredenciales-scaled.jpg","contentUrl":"https:\/\/exaudi.org\/wp-content\/uploads\/2022\/02\/embajadoritaliacartascredenciales-scaled.jpg","width":2560,"height":1707,"caption":"El Papa con el embajador de Italia ante la Santa Sede \u00a9 Vatican Media"},{"@type":"BreadcrumbList","@id":"https:\/\/exaudi.org\/es\/italia-embajador-cartas-credenciales-papa\/#breadcrumb","itemListElement":[{"@type":"ListItem","position":1,"name":"Portada","item":"https:\/\/exaudi.org\/es\/"},{"@type":"ListItem","position":2,"name":"Italia: Embajador presenta sus cartas credenciales al Papa"}]},{"@type":"WebSite","@id":"https:\/\/exaudi.org\/#website","url":"https:\/\/exaudi.org\/","name":"Exaudi","description":"News","potentialAction":[{"@type":"SearchAction","target":{"@type":"EntryPoint","urlTemplate":"https:\/\/exaudi.org\/?s={search_term_string}"},"query-input":{"@type":"PropertyValueSpecification","valueRequired":true,"valueName":"search_term_string"}}],"inLanguage":"es"},{"@type":"Person","@id":"https:\/\/exaudi.org\/#\/schema\/person\/f5fc8f063065e38742da7afe15f25df7","name":"Exaudi Redacci\u00f3n","image":{"@type":"ImageObject","inLanguage":"es","@id":"https:\/\/secure.gravatar.com\/avatar\/fe0f6a059fb68d9b3e11bc5850dd4899b1c7492091a3cb6dd9b01b56ad828be2?s=96&d=mm&r=g","url":"https:\/\/secure.gravatar.com\/avatar\/fe0f6a059fb68d9b3e11bc5850dd4899b1c7492091a3cb6dd9b01b56ad828be2?s=96&d=mm&r=g","contentUrl":"https:\/\/secure.gravatar.com\/avatar\/fe0f6a059fb68d9b3e11bc5850dd4899b1c7492091a3cb6dd9b01b56ad828be2?s=96&d=mm&r=g","caption":"Exaudi Redacci\u00f3n"},"description":"\u00bfQu\u00e9 es Exaudi News? Exaudi News es un medio de comunicaci\u00f3n cat\u00f3lico internacional que informa, forma y transforma, diariamente en espa\u00f1ol, ingl\u00e9s e italiano. A trav\u00e9s de noticias, art\u00edculos de an\u00e1lisis y transmisiones en directo de los eventos del Papa, Exaudi busca fortalecer la unidad de los cristianos y contribuir a la evangelizaci\u00f3n del mundo, siempre guiados por la doctrina social de la Iglesia. Trabajamos para acercar la verdad y los valores cristianos a cada rinc\u00f3n del planeta. \u00a1Ay\u00fadanos a transformar el mundo con Exaudi! En Exaudi creemos que la evangelizaci\u00f3n y la informaci\u00f3n de calidad pueden cambiar vidas. Para continuar con nuestra misi\u00f3n y expandir nuestro alcance, necesitamos tu ayuda. Adem\u00e1s, buscamos personas comprometidas que deseen unirse a nuestro equipo. Con tu apoyo, lograremos llegar a m\u00e1s personas, difundir el mensaje de Cristo y reforzar la unidad de los cristianos. \u00bfTe unes a nuestra misi\u00f3n? Para m\u00e1s informaci\u00f3n sobre c\u00f3mo colaborar, visita Exaudi.org\/es o cont\u00e1ctanos directamente: info@exaudi.org Exaudi: Informa, forma y transforma.","sameAs":["https:\/\/www.facebook.com\/ExaudiNoticias\/","https:\/\/www.instagram.com\/exaudi_noticias\/","https:\/\/x.com\/Exaudi_noticias","https:\/\/www.youtube.com\/@exaudicatholicnews"],"url":"https:\/\/exaudi.org\/es\/author\/redaccionexaudi\/"}]}},"jetpack_featured_media_url":"https:\/\/exaudi.org\/wp-content\/uploads\/2022\/02\/embajadoritaliacartascredenciales-scaled.jpg","jetpack_shortlink":"https:\/\/wp.me\/pgKjF2-dHO","_links":{"self":[{"href":"https:\/\/exaudi.org\/es\/wp-json\/wp\/v2\/posts\/52688","targetHints":{"allow":["GET"]}}],"collection":[{"href":"https:\/\/exaudi.org\/es\/wp-json\/wp\/v2\/posts"}],"about":[{"href":"https:\/\/exaudi.org\/es\/wp-json\/wp\/v2\/types\/post"}],"author":[{"embeddable":true,"href":"https:\/\/exaudi.org\/es\/wp-json\/wp\/v2\/users\/15"}],"replies":[{"embeddable":true,"href":"https:\/\/exaudi.org\/es\/wp-json\/wp\/v2\/comments?post=52688"}],"version-history":[{"count":0,"href":"https:\/\/exaudi.org\/es\/wp-json\/wp\/v2\/posts\/52688\/revisions"}],"wp:featuredmedia":[{"embeddable":true,"href":"https:\/\/exaudi.org\/es\/wp-json\/wp\/v2\/media\/52693"}],"wp:attachment":[{"href":"https:\/\/exaudi.org\/es\/wp-json\/wp\/v2\/media?parent=52688"}],"wp:term":[{"taxonomy":"category","embeddable":true,"href":"https:\/\/exaudi.org\/es\/wp-json\/wp\/v2\/categories?post=52688"},{"taxonomy":"post_tag","embeddable":true,"href":"https:\/\/exaudi.org\/es\/wp-json\/wp\/v2\/tags?post=52688"}],"curies":[{"name":"wp","href":"https:\/\/api.w.org\/{rel}","templated":true}]}}