{"id":52672,"date":"2022-02-21T09:30:12","date_gmt":"2022-02-21T08:30:12","guid":{"rendered":"https:\/\/exaudi.org\/?p=52672"},"modified":"2022-02-21T09:30:46","modified_gmt":"2022-02-21T08:30:46","slug":"madagascar-pesame-papa-victimas-ciclon","status":"publish","type":"post","link":"https:\/\/exaudi.org\/es\/madagascar-pesame-papa-victimas-ciclon\/","title":{"rendered":"Madagascar: P\u00e9same del Papa por las v\u00edctimas del cicl\u00f3n"},"content":{"rendered":"<p>El <a href=\"https:\/\/exaudi.org\/es\/espiritu-jesus-responder-mal-con-bien\/\" target=\"_blank\" rel=\"noopener\">Papa Francisco<\/a> envi\u00f3 el pasado s\u00e1bado 19 de febrero de 2022 un <a href=\"https:\/\/exaudi.org\/es\/estados-unidos-telegrama-del-papa-a-afectados-por-los-tornados\/\" target=\"_blank\" rel=\"noopener\">telegrama<\/a> de p\u00e9same por las v\u00edctimas del cicl\u00f3n que ha azotado Madagascar en los d\u00edas anteriores. El escrito fue firmado por el cardenal secretario de <a href=\"https:\/\/www.vatican.va\/roman_curia\/secretariat_state\/index_sp.htm\" target=\"_blank\" rel=\"noopener\">Estado<\/a> Pietro Parolin y enviado al presidente de la Rep\u00fablica, Andry Rajoelina.<\/p>\n<p>Seg\u00fan los datos arrojados por la agencia de noticias\u00a0<em>EuropaPress<\/em>, las autoridades locales notificaron que la cifra de fallecidos por el cicl\u00f3n\u00a0<em>Batsirai\u00a0<\/em>en el pa\u00eds malgache es de 120, habiendo dejando m\u00e1s de 112.000 personas afectadas, 1.200 escuelas destruidas y 7.400 hogares da\u00f1ados. Asimismo, se inform\u00f3 que la isla africana ha registrado por el desastre un total de 61.000 desplazados y m\u00e1s de medio centenar de centros b\u00e1sicos de salud destruidos. Por \u00faltimo, la cantidad de estudiantes damnificados ha sido de 130.000.<\/p>\n<h2>Comuni\u00f3n y oraci\u00f3n del Papa<\/h2>\n<p>\u201cTras conocer con gran dolor las heridas que han vuelto a golpear a la isla de Madagascar, a trav\u00e9s de repetidos ciclones, inundaciones y destrucci\u00f3n de viviendas\u201d, se\u00f1ala Parolin en el escrito, el Santo Padre \u201cexpresa su comuni\u00f3n en la oraci\u00f3n con todos los afectados por estas cat\u00e1strofes naturales\u201d. \u201cProfundamente entristecido por estos acontecimientos\u201d, contin\u00faa, \u201ccomparte su solidaridad con los afectados por esta tragedia y reza por el descanso de los muertos, la curaci\u00f3n de los heridos y el consuelo de todos los que lloran la p\u00e9rdida de sus seres queridos y de sus hogares\u201d.<\/p>\n<p>El Papa \u201cofrece su aliento a las autoridades civiles y a los servicios de rescate, y como muestra de consuelo, invoca de buen grado las bendiciones divinas sobre todos\u201d, concluye el documento.<\/p>\n","protected":false},"excerpt":{"rendered":"<p>Comparte su solidaridad con los afectados<\/p>\n","protected":false},"author":6,"featured_media":52673,"comment_status":"closed","ping_status":"closed","sticky":false,"template":"","format":"standard","meta":{"_acf_changed":false,"_crdt_document":"","inline_featured_image":false,"footnotes":""},"categories":[68],"tags":[5948,158,1575,315],"class_list":["post-52672","post","type-post","status-publish","format-standard","has-post-thumbnail","hentry","category-leon-xiv","tag-madagascar-es","tag-papa-francisco","tag-pesame","tag-telegrama"],"acf":[],"yoast_head":"<!-- This site is optimized with the Yoast SEO plugin v27.5 - https:\/\/yoast.com\/product\/yoast-seo-wordpress\/ -->\n<title>Madagascar: P\u00e9same del Papa por las v\u00edctimas del cicl\u00f3n &#8211; Exaudi<\/title>\n<meta name=\"description\" content=\"A trav\u00e9s de un telegrama, el Papa Francisco ha enviado sus condolencias a los afectados por el cicl\u00f3n en Madagascar.\" \/>\n<meta name=\"robots\" content=\"index, follow, max-snippet:-1, max-image-preview:large, max-video-preview:-1\" \/>\n<link rel=\"canonical\" href=\"https:\/\/exaudi.org\/es\/madagascar-pesame-papa-victimas-ciclon\/\" \/>\n<meta property=\"og:locale\" content=\"es_ES\" \/>\n<meta property=\"og:type\" content=\"article\" \/>\n<meta property=\"og:title\" content=\"Madagascar: P\u00e9same del Papa por las v\u00edctimas del cicl\u00f3n &#8211; Exaudi\" \/>\n<meta property=\"og:description\" content=\"A trav\u00e9s de un telegrama, el Papa Francisco ha enviado sus condolencias a los afectados por el cicl\u00f3n en Madagascar.\" \/>\n<meta property=\"og:url\" content=\"https:\/\/exaudi.org\/es\/madagascar-pesame-papa-victimas-ciclon\/\" \/>\n<meta property=\"og:site_name\" content=\"Exaudi\" \/>\n<meta property=\"article:publisher\" content=\"https:\/\/www.facebook.com\/ExaudiNews\" \/>\n<meta property=\"article:published_time\" content=\"2022-02-21T08:30:12+00:00\" \/>\n<meta property=\"article:modified_time\" content=\"2022-02-21T08:30:46+00:00\" \/>\n<meta property=\"og:image\" content=\"https:\/\/exaudi.org\/wp-content\/uploads\/2022\/02\/telegramapapaciclonmadagascar-scaled.jpg\" \/>\n\t<meta property=\"og:image:width\" content=\"2166\" \/>\n\t<meta property=\"og:image:height\" content=\"2560\" \/>\n\t<meta property=\"og:image:type\" content=\"image\/jpeg\" \/>\n<meta name=\"author\" content=\"Gabriel Sales\" \/>\n<meta name=\"twitter:card\" content=\"summary_large_image\" \/>\n<meta name=\"twitter:creator\" content=\"@habemusman\" \/>\n<meta name=\"twitter:site\" content=\"@Exaudi_News\" \/>\n<meta name=\"twitter:label1\" content=\"Escrito por\" \/>\n\t<meta name=\"twitter:data1\" content=\"Gabriel Sales\" \/>\n\t<meta name=\"twitter:label2\" content=\"Tiempo de lectura\" \/>\n\t<meta name=\"twitter:data2\" content=\"1 minuto\" \/>\n<script type=\"application\/ld+json\" class=\"yoast-schema-graph\">{\"@context\":\"https:\\\/\\\/schema.org\",\"@graph\":[{\"@type\":\"Article\",\"@id\":\"https:\\\/\\\/exaudi.org\\\/es\\\/madagascar-pesame-papa-victimas-ciclon\\\/#article\",\"isPartOf\":{\"@id\":\"https:\\\/\\\/exaudi.org\\\/es\\\/madagascar-pesame-papa-victimas-ciclon\\\/\"},\"author\":{\"name\":\"Gabriel Sales\",\"@id\":\"https:\\\/\\\/exaudi.org\\\/#\\\/schema\\\/person\\\/d134b96438278131ce90c90c03fda6cd\"},\"headline\":\"Madagascar: P\u00e9same del Papa por las v\u00edctimas del cicl\u00f3n\",\"datePublished\":\"2022-02-21T08:30:12+00:00\",\"dateModified\":\"2022-02-21T08:30:46+00:00\",\"mainEntityOfPage\":{\"@id\":\"https:\\\/\\\/exaudi.org\\\/es\\\/madagascar-pesame-papa-victimas-ciclon\\\/\"},\"wordCount\":293,\"image\":{\"@id\":\"https:\\\/\\\/exaudi.org\\\/es\\\/madagascar-pesame-papa-victimas-ciclon\\\/#primaryimage\"},\"thumbnailUrl\":\"https:\\\/\\\/exaudi.org\\\/wp-content\\\/uploads\\\/2022\\\/02\\\/telegramapapaciclonmadagascar-scaled.jpg\",\"keywords\":[\"Madagascar\",\"papa francisco\",\"P\u00e9same\",\"Telegrama\"],\"articleSection\":[\"Le\u00f3n XIV\"],\"inLanguage\":\"es\"},{\"@type\":\"WebPage\",\"@id\":\"https:\\\/\\\/exaudi.org\\\/es\\\/madagascar-pesame-papa-victimas-ciclon\\\/\",\"url\":\"https:\\\/\\\/exaudi.org\\\/es\\\/madagascar-pesame-papa-victimas-ciclon\\\/\",\"name\":\"Madagascar: P\u00e9same del Papa por las v\u00edctimas del cicl\u00f3n &#8211; Exaudi\",\"isPartOf\":{\"@id\":\"https:\\\/\\\/exaudi.org\\\/#website\"},\"primaryImageOfPage\":{\"@id\":\"https:\\\/\\\/exaudi.org\\\/es\\\/madagascar-pesame-papa-victimas-ciclon\\\/#primaryimage\"},\"image\":{\"@id\":\"https:\\\/\\\/exaudi.org\\\/es\\\/madagascar-pesame-papa-victimas-ciclon\\\/#primaryimage\"},\"thumbnailUrl\":\"https:\\\/\\\/exaudi.org\\\/wp-content\\\/uploads\\\/2022\\\/02\\\/telegramapapaciclonmadagascar-scaled.jpg\",\"datePublished\":\"2022-02-21T08:30:12+00:00\",\"dateModified\":\"2022-02-21T08:30:46+00:00\",\"author\":{\"@id\":\"https:\\\/\\\/exaudi.org\\\/#\\\/schema\\\/person\\\/d134b96438278131ce90c90c03fda6cd\"},\"description\":\"A trav\u00e9s de un telegrama, el Papa Francisco ha enviado sus condolencias a los afectados por el cicl\u00f3n en Madagascar.\",\"breadcrumb\":{\"@id\":\"https:\\\/\\\/exaudi.org\\\/es\\\/madagascar-pesame-papa-victimas-ciclon\\\/#breadcrumb\"},\"inLanguage\":\"es\",\"potentialAction\":[{\"@type\":\"ReadAction\",\"target\":[\"https:\\\/\\\/exaudi.org\\\/es\\\/madagascar-pesame-papa-victimas-ciclon\\\/\"]}]},{\"@type\":\"ImageObject\",\"inLanguage\":\"es\",\"@id\":\"https:\\\/\\\/exaudi.org\\\/es\\\/madagascar-pesame-papa-victimas-ciclon\\\/#primaryimage\",\"url\":\"https:\\\/\\\/exaudi.org\\\/wp-content\\\/uploads\\\/2022\\\/02\\\/telegramapapaciclonmadagascar-scaled.jpg\",\"contentUrl\":\"https:\\\/\\\/exaudi.org\\\/wp-content\\\/uploads\\\/2022\\\/02\\\/telegramapapaciclonmadagascar-scaled.jpg\",\"width\":2166,\"height\":2560,\"caption\":\"Francisco rezando el Rosario \u00a9 Vatican Media\"},{\"@type\":\"BreadcrumbList\",\"@id\":\"https:\\\/\\\/exaudi.org\\\/es\\\/madagascar-pesame-papa-victimas-ciclon\\\/#breadcrumb\",\"itemListElement\":[{\"@type\":\"ListItem\",\"position\":1,\"name\":\"Portada\",\"item\":\"https:\\\/\\\/exaudi.org\\\/es\\\/\"},{\"@type\":\"ListItem\",\"position\":2,\"name\":\"Madagascar: P\u00e9same del Papa por las v\u00edctimas del cicl\u00f3n\"}]},{\"@type\":\"WebSite\",\"@id\":\"https:\\\/\\\/exaudi.org\\\/#website\",\"url\":\"https:\\\/\\\/exaudi.org\\\/\",\"name\":\"Exaudi\",\"description\":\"News\",\"potentialAction\":[{\"@type\":\"SearchAction\",\"target\":{\"@type\":\"EntryPoint\",\"urlTemplate\":\"https:\\\/\\\/exaudi.org\\\/?s={search_term_string}\"},\"query-input\":{\"@type\":\"PropertyValueSpecification\",\"valueRequired\":true,\"valueName\":\"search_term_string\"}}],\"inLanguage\":\"es\"},{\"@type\":\"Person\",\"@id\":\"https:\\\/\\\/exaudi.org\\\/#\\\/schema\\\/person\\\/d134b96438278131ce90c90c03fda6cd\",\"name\":\"Gabriel Sales\",\"image\":{\"@type\":\"ImageObject\",\"inLanguage\":\"es\",\"@id\":\"https:\\\/\\\/secure.gravatar.com\\\/avatar\\\/9b1269566f6a063ed26ffb3532b66a373cdde231ce5d0effb266167437fdaffd?s=96&d=mm&r=g\",\"url\":\"https:\\\/\\\/secure.gravatar.com\\\/avatar\\\/9b1269566f6a063ed26ffb3532b66a373cdde231ce5d0effb266167437fdaffd?s=96&d=mm&r=g\",\"contentUrl\":\"https:\\\/\\\/secure.gravatar.com\\\/avatar\\\/9b1269566f6a063ed26ffb3532b66a373cdde231ce5d0effb266167437fdaffd?s=96&d=mm&r=g\",\"caption\":\"Gabriel Sales\"},\"description\":\"Periodista y especialista en Comunicaci\u00f3n y Branding digital. Cin\u00e9filo y cr\u00edtico de cine y series de televisi\u00f3n.\",\"sameAs\":[\"https:\\\/\\\/www.instagram.com\\\/cine90segundos\\\/\",\"www.linkedin.com\\\/in\\\/habemusman\",\"https:\\\/\\\/x.com\\\/habemusman\",\"https:\\\/\\\/www.youtube.com\\\/channel\\\/UCVfCiOMkJ_C7T7OpyjuaLDg\"],\"url\":\"https:\\\/\\\/exaudi.org\\\/es\\\/author\\\/gsalesexaudi-org\\\/\"}]}<\/script>\n<!-- \/ Yoast SEO plugin. -->","yoast_head_json":{"title":"Madagascar: P\u00e9same del Papa por las v\u00edctimas del cicl\u00f3n &#8211; Exaudi","description":"A trav\u00e9s de un telegrama, el Papa Francisco ha enviado sus condolencias a los afectados por el cicl\u00f3n en Madagascar.","robots":{"index":"index","follow":"follow","max-snippet":"max-snippet:-1","max-image-preview":"max-image-preview:large","max-video-preview":"max-video-preview:-1"},"canonical":"https:\/\/exaudi.org\/es\/madagascar-pesame-papa-victimas-ciclon\/","og_locale":"es_ES","og_type":"article","og_title":"Madagascar: P\u00e9same del Papa por las v\u00edctimas del cicl\u00f3n &#8211; Exaudi","og_description":"A trav\u00e9s de un telegrama, el Papa Francisco ha enviado sus condolencias a los afectados por el cicl\u00f3n en Madagascar.","og_url":"https:\/\/exaudi.org\/es\/madagascar-pesame-papa-victimas-ciclon\/","og_site_name":"Exaudi","article_publisher":"https:\/\/www.facebook.com\/ExaudiNews","article_published_time":"2022-02-21T08:30:12+00:00","article_modified_time":"2022-02-21T08:30:46+00:00","og_image":[{"width":2166,"height":2560,"url":"https:\/\/exaudi.org\/wp-content\/uploads\/2022\/02\/telegramapapaciclonmadagascar-scaled.jpg","type":"image\/jpeg"}],"author":"Gabriel Sales","twitter_card":"summary_large_image","twitter_creator":"@habemusman","twitter_site":"@Exaudi_News","twitter_misc":{"Escrito por":"Gabriel Sales","Tiempo de lectura":"1 minuto"},"schema":{"@context":"https:\/\/schema.org","@graph":[{"@type":"Article","@id":"https:\/\/exaudi.org\/es\/madagascar-pesame-papa-victimas-ciclon\/#article","isPartOf":{"@id":"https:\/\/exaudi.org\/es\/madagascar-pesame-papa-victimas-ciclon\/"},"author":{"name":"Gabriel Sales","@id":"https:\/\/exaudi.org\/#\/schema\/person\/d134b96438278131ce90c90c03fda6cd"},"headline":"Madagascar: P\u00e9same del Papa por las v\u00edctimas del cicl\u00f3n","datePublished":"2022-02-21T08:30:12+00:00","dateModified":"2022-02-21T08:30:46+00:00","mainEntityOfPage":{"@id":"https:\/\/exaudi.org\/es\/madagascar-pesame-papa-victimas-ciclon\/"},"wordCount":293,"image":{"@id":"https:\/\/exaudi.org\/es\/madagascar-pesame-papa-victimas-ciclon\/#primaryimage"},"thumbnailUrl":"https:\/\/exaudi.org\/wp-content\/uploads\/2022\/02\/telegramapapaciclonmadagascar-scaled.jpg","keywords":["Madagascar","papa francisco","P\u00e9same","Telegrama"],"articleSection":["Le\u00f3n XIV"],"inLanguage":"es"},{"@type":"WebPage","@id":"https:\/\/exaudi.org\/es\/madagascar-pesame-papa-victimas-ciclon\/","url":"https:\/\/exaudi.org\/es\/madagascar-pesame-papa-victimas-ciclon\/","name":"Madagascar: P\u00e9same del Papa por las v\u00edctimas del cicl\u00f3n &#8211; Exaudi","isPartOf":{"@id":"https:\/\/exaudi.org\/#website"},"primaryImageOfPage":{"@id":"https:\/\/exaudi.org\/es\/madagascar-pesame-papa-victimas-ciclon\/#primaryimage"},"image":{"@id":"https:\/\/exaudi.org\/es\/madagascar-pesame-papa-victimas-ciclon\/#primaryimage"},"thumbnailUrl":"https:\/\/exaudi.org\/wp-content\/uploads\/2022\/02\/telegramapapaciclonmadagascar-scaled.jpg","datePublished":"2022-02-21T08:30:12+00:00","dateModified":"2022-02-21T08:30:46+00:00","author":{"@id":"https:\/\/exaudi.org\/#\/schema\/person\/d134b96438278131ce90c90c03fda6cd"},"description":"A trav\u00e9s de un telegrama, el Papa Francisco ha enviado sus condolencias a los afectados por el cicl\u00f3n en Madagascar.","breadcrumb":{"@id":"https:\/\/exaudi.org\/es\/madagascar-pesame-papa-victimas-ciclon\/#breadcrumb"},"inLanguage":"es","potentialAction":[{"@type":"ReadAction","target":["https:\/\/exaudi.org\/es\/madagascar-pesame-papa-victimas-ciclon\/"]}]},{"@type":"ImageObject","inLanguage":"es","@id":"https:\/\/exaudi.org\/es\/madagascar-pesame-papa-victimas-ciclon\/#primaryimage","url":"https:\/\/exaudi.org\/wp-content\/uploads\/2022\/02\/telegramapapaciclonmadagascar-scaled.jpg","contentUrl":"https:\/\/exaudi.org\/wp-content\/uploads\/2022\/02\/telegramapapaciclonmadagascar-scaled.jpg","width":2166,"height":2560,"caption":"Francisco rezando el Rosario \u00a9 Vatican Media"},{"@type":"BreadcrumbList","@id":"https:\/\/exaudi.org\/es\/madagascar-pesame-papa-victimas-ciclon\/#breadcrumb","itemListElement":[{"@type":"ListItem","position":1,"name":"Portada","item":"https:\/\/exaudi.org\/es\/"},{"@type":"ListItem","position":2,"name":"Madagascar: P\u00e9same del Papa por las v\u00edctimas del cicl\u00f3n"}]},{"@type":"WebSite","@id":"https:\/\/exaudi.org\/#website","url":"https:\/\/exaudi.org\/","name":"Exaudi","description":"News","potentialAction":[{"@type":"SearchAction","target":{"@type":"EntryPoint","urlTemplate":"https:\/\/exaudi.org\/?s={search_term_string}"},"query-input":{"@type":"PropertyValueSpecification","valueRequired":true,"valueName":"search_term_string"}}],"inLanguage":"es"},{"@type":"Person","@id":"https:\/\/exaudi.org\/#\/schema\/person\/d134b96438278131ce90c90c03fda6cd","name":"Gabriel Sales","image":{"@type":"ImageObject","inLanguage":"es","@id":"https:\/\/secure.gravatar.com\/avatar\/9b1269566f6a063ed26ffb3532b66a373cdde231ce5d0effb266167437fdaffd?s=96&d=mm&r=g","url":"https:\/\/secure.gravatar.com\/avatar\/9b1269566f6a063ed26ffb3532b66a373cdde231ce5d0effb266167437fdaffd?s=96&d=mm&r=g","contentUrl":"https:\/\/secure.gravatar.com\/avatar\/9b1269566f6a063ed26ffb3532b66a373cdde231ce5d0effb266167437fdaffd?s=96&d=mm&r=g","caption":"Gabriel Sales"},"description":"Periodista y especialista en Comunicaci\u00f3n y Branding digital. Cin\u00e9filo y cr\u00edtico de cine y series de televisi\u00f3n.","sameAs":["https:\/\/www.instagram.com\/cine90segundos\/","www.linkedin.com\/in\/habemusman","https:\/\/x.com\/habemusman","https:\/\/www.youtube.com\/channel\/UCVfCiOMkJ_C7T7OpyjuaLDg"],"url":"https:\/\/exaudi.org\/es\/author\/gsalesexaudi-org\/"}]}},"jetpack_featured_media_url":"https:\/\/exaudi.org\/wp-content\/uploads\/2022\/02\/telegramapapaciclonmadagascar-scaled.jpg","jetpack_shortlink":"https:\/\/wp.me\/pgKjF2-dHy","_links":{"self":[{"href":"https:\/\/exaudi.org\/es\/wp-json\/wp\/v2\/posts\/52672","targetHints":{"allow":["GET"]}}],"collection":[{"href":"https:\/\/exaudi.org\/es\/wp-json\/wp\/v2\/posts"}],"about":[{"href":"https:\/\/exaudi.org\/es\/wp-json\/wp\/v2\/types\/post"}],"author":[{"embeddable":true,"href":"https:\/\/exaudi.org\/es\/wp-json\/wp\/v2\/users\/6"}],"replies":[{"embeddable":true,"href":"https:\/\/exaudi.org\/es\/wp-json\/wp\/v2\/comments?post=52672"}],"version-history":[{"count":0,"href":"https:\/\/exaudi.org\/es\/wp-json\/wp\/v2\/posts\/52672\/revisions"}],"wp:featuredmedia":[{"embeddable":true,"href":"https:\/\/exaudi.org\/es\/wp-json\/wp\/v2\/media\/52673"}],"wp:attachment":[{"href":"https:\/\/exaudi.org\/es\/wp-json\/wp\/v2\/media?parent=52672"}],"wp:term":[{"taxonomy":"category","embeddable":true,"href":"https:\/\/exaudi.org\/es\/wp-json\/wp\/v2\/categories?post=52672"},{"taxonomy":"post_tag","embeddable":true,"href":"https:\/\/exaudi.org\/es\/wp-json\/wp\/v2\/tags?post=52672"}],"curies":[{"name":"wp","href":"https:\/\/api.w.org\/{rel}","templated":true}]}}