{"id":52641,"date":"2022-02-20T17:03:30","date_gmt":"2022-02-20T16:03:30","guid":{"rendered":"https:\/\/exaudi.org\/?p=52641"},"modified":"2022-02-21T08:53:59","modified_gmt":"2022-02-21T07:53:59","slug":"cercania-papa-madagascar-petropolis","status":"publish","type":"post","link":"https:\/\/exaudi.org\/es\/cercania-papa-madagascar-petropolis\/","title":{"rendered":"Cercan\u00eda del Papa con Madagascar y Petr\u00f3polis"},"content":{"rendered":"<p>Tras el <a href=\"https:\/\/exaudi.org\/es\/espiritu-jesus-responder-mal-con-bien\/\" target=\"_blank\" rel=\"noopener\">\u00c1ngelus<\/a>, de este domingo, 20 de febrero de 2022, el Papa expres\u00f3 su \u201ccercan\u00eda con las poblaciones golpeadas en los d\u00edas pasados por calamidades de Madagascar, flagelado por una serie de ciclones\u201d, y\u201d en la zona de Petr\u00f3polis en Brasil, devastada por inundaciones y deslizamientos de tierra. El Se\u00f1or acoja a los difuntos en su paz, consuele a los familiares y sostenga a los que realizan las tareas de rescate\u201d.<\/p>\n<p>Record\u00f3 la jornada nacional del personal sanitario \u201cdebemos recordar a muchos m\u00e9dicos, enfermeras y enfermeros, voluntarios, que est\u00e1n cerca de los enfermos, les curan, les hacen sentir mejor, les ayudan\u201d.<\/p>\n<p>Por \u00faltimo, salud\u00f3 a los fieles y peregrinos reunidos en la plaza de San Pedro, deseando a todos un feliz domingo.<\/p>\n<p>A continuaci\u00f3n, siguen las palabras del Papa despu\u00e9s de la oraci\u00f3n mariana, ofrecidas por la <a href=\"https:\/\/www.vatican.va\/news_services\/press\/index_sp.htm\" target=\"_blank\" rel=\"noopener\">Oficina de Prensa de la Santa Sede<\/a>:<\/p>\n<p>***<\/p>\n<h4><strong>Palabras del Papa<\/strong><\/h4>\n<p>\u00a1Queridos hermanos y hermanas!<\/p>\n<p>Expreso mi cercan\u00eda a las poblaciones golpeadas en los d\u00edas pasados por calamidades naturales, pienso en particular en el sudeste de Madagascar, flagelado por una serie de ciclones, y en la zona de Petr\u00f3polis en Brasil, devastada por inundaciones y deslizamientos de tierra. El Se\u00f1or acoja a los difuntos en su paz, consuele a los familiares y sostenga a los que realizan las tareas de rescate.<\/p>\n<p>Hoy es la Jornada nacional del personal sanitario y debemos recordar a muchos m\u00e9dicos, enfermeras y enfermeros, voluntarios, que est\u00e1n cerca de los enfermos, les curan, les hacen sentir mejor, les ayudan. \u201cNadie se salva solo\u201d, dec\u00eda el t\u00edtulo en el programa <em>A Sua Immagine<\/em> (A su imagen). Nadie se salva solo. Y en la enfermedad nosotros necesitamos que alguien nos salve, que nos ayude. Me dec\u00eda un m\u00e9dico, esta ma\u00f1ana, que en el tiempo del Covid estaba muriendo una persona y le dijo: \u201cT\u00f3meme de la mano que estoy muriendo y necesito su mano\u201d. El heroico personal sanitario, que hizo ver esta heroicidad en el tiempo del Covid, pero la heroicidad permanece todos los d\u00edas. \u00a1A nuestros m\u00e9dicos, enfermeras, enfermeros, voluntarios, un aplauso y un gracias grande!<\/p>\n<p>Os saludo de coraz\u00f3n a todos vosotros, romanos y peregrinos venidos de Italia y de diferentes pa\u00edses.<\/p>\n<p>En particular, saludo a los fieles de Madrid, Segovia, Burgos y Valladolid, en Espa\u00f1a \u2014\u00a1muchos espa\u00f1oles! \u2014: como tambi\u00e9n a los de la parroquia Santa Francesca Cabrini de Roma y a los estudiantes del Instituto de los Sagrados Corazones de Barletta.<\/p>\n<p>Saludo y animo al grupo \u201cProyecto Arca\u201d, que en los d\u00edas pasados inaugur\u00f3 la propia actividad social en Roma, para ayudar a las personas sin hogar. Y saludo a los j\u00f3venes de la Inmaculada, \u00a1muy buenos!<\/p>\n<p>A todos os deseo un feliz domingo. Por favor, no os olvid\u00e9is de rezar por m\u00ed. Buen almuerzo y hasta pronto.<\/p>\n","protected":false},"excerpt":{"rendered":"<p>Palabras despu\u00e9s del \u00c1ngelus<\/p>\n","protected":false},"author":7,"featured_media":52669,"comment_status":"closed","ping_status":"closed","sticky":false,"template":"","format":"standard","meta":{"_acf_changed":false,"_crdt_document":"","inline_featured_image":false,"footnotes":""},"categories":[70],"tags":[5945,4953],"class_list":["post-52641","post","type-post","status-publish","format-standard","has-post-thumbnail","hentry","category-angelus-es","tag-angelus-20-febrero-2022","tag-trending-es"],"acf":[],"yoast_head":"<!-- This site is optimized with the Yoast SEO plugin v27.5 - https:\/\/yoast.com\/product\/yoast-seo-wordpress\/ -->\n<title>Cercan\u00eda del Papa con Madagascar y Petr\u00f3polis &#8211; Exaudi<\/title>\n<meta name=\"description\" content=\"Hablando despu\u00e9s de la oraci\u00f3n del \u00e1ngelus del pasado domingo, el Papa mostr\u00f3 su cercan\u00eda con Madagascar y Petr\u00f3polis.\" \/>\n<meta name=\"robots\" content=\"index, follow, max-snippet:-1, max-image-preview:large, max-video-preview:-1\" \/>\n<link rel=\"canonical\" href=\"https:\/\/exaudi.org\/es\/cercania-papa-madagascar-petropolis\/\" \/>\n<meta property=\"og:locale\" content=\"es_ES\" \/>\n<meta property=\"og:type\" content=\"article\" \/>\n<meta property=\"og:title\" content=\"Cercan\u00eda del Papa con Madagascar y Petr\u00f3polis &#8211; Exaudi\" \/>\n<meta property=\"og:description\" content=\"Hablando despu\u00e9s de la oraci\u00f3n del \u00e1ngelus del pasado domingo, el Papa mostr\u00f3 su cercan\u00eda con Madagascar y Petr\u00f3polis.\" \/>\n<meta property=\"og:url\" content=\"https:\/\/exaudi.org\/es\/cercania-papa-madagascar-petropolis\/\" \/>\n<meta property=\"og:site_name\" content=\"Exaudi\" \/>\n<meta property=\"article:publisher\" content=\"https:\/\/www.facebook.com\/ExaudiNews\" \/>\n<meta property=\"article:published_time\" content=\"2022-02-20T16:03:30+00:00\" \/>\n<meta property=\"article:modified_time\" content=\"2022-02-21T07:53:59+00:00\" \/>\n<meta property=\"og:image\" content=\"https:\/\/exaudi.org\/wp-content\/uploads\/2022\/02\/angelus20febrero2022-2-scaled.jpg\" \/>\n\t<meta property=\"og:image:width\" content=\"2560\" \/>\n\t<meta property=\"og:image:height\" content=\"1707\" \/>\n\t<meta property=\"og:image:type\" content=\"image\/jpeg\" \/>\n<meta name=\"author\" content=\"Raquel Anillo\" \/>\n<meta name=\"twitter:card\" content=\"summary_large_image\" \/>\n<meta name=\"twitter:creator\" content=\"@Exaudi_News\" \/>\n<meta name=\"twitter:site\" content=\"@Exaudi_News\" \/>\n<meta name=\"twitter:label1\" content=\"Escrito por\" \/>\n\t<meta name=\"twitter:data1\" content=\"Raquel Anillo\" \/>\n\t<meta name=\"twitter:label2\" content=\"Tiempo de lectura\" \/>\n\t<meta name=\"twitter:data2\" content=\"3 minutos\" \/>\n<script type=\"application\/ld+json\" class=\"yoast-schema-graph\">{\"@context\":\"https:\\\/\\\/schema.org\",\"@graph\":[{\"@type\":\"Article\",\"@id\":\"https:\\\/\\\/exaudi.org\\\/es\\\/cercania-papa-madagascar-petropolis\\\/#article\",\"isPartOf\":{\"@id\":\"https:\\\/\\\/exaudi.org\\\/es\\\/cercania-papa-madagascar-petropolis\\\/\"},\"author\":{\"name\":\"Raquel Anillo\",\"@id\":\"https:\\\/\\\/exaudi.org\\\/#\\\/schema\\\/person\\\/6ff0af358a606d657c4b1b6e0d5c85cb\"},\"headline\":\"Cercan\u00eda del Papa con Madagascar y Petr\u00f3polis\",\"datePublished\":\"2022-02-20T16:03:30+00:00\",\"dateModified\":\"2022-02-21T07:53:59+00:00\",\"mainEntityOfPage\":{\"@id\":\"https:\\\/\\\/exaudi.org\\\/es\\\/cercania-papa-madagascar-petropolis\\\/\"},\"wordCount\":498,\"image\":{\"@id\":\"https:\\\/\\\/exaudi.org\\\/es\\\/cercania-papa-madagascar-petropolis\\\/#primaryimage\"},\"thumbnailUrl\":\"https:\\\/\\\/exaudi.org\\\/wp-content\\\/uploads\\\/2022\\\/02\\\/angelus20febrero2022-2-scaled.jpg\",\"keywords\":[\"\u00c1ngelus 20 febrero 2022\",\"Trending\"],\"articleSection\":[\"\u00c1ngelus\"],\"inLanguage\":\"es\"},{\"@type\":\"WebPage\",\"@id\":\"https:\\\/\\\/exaudi.org\\\/es\\\/cercania-papa-madagascar-petropolis\\\/\",\"url\":\"https:\\\/\\\/exaudi.org\\\/es\\\/cercania-papa-madagascar-petropolis\\\/\",\"name\":\"Cercan\u00eda del Papa con Madagascar y Petr\u00f3polis &#8211; Exaudi\",\"isPartOf\":{\"@id\":\"https:\\\/\\\/exaudi.org\\\/#website\"},\"primaryImageOfPage\":{\"@id\":\"https:\\\/\\\/exaudi.org\\\/es\\\/cercania-papa-madagascar-petropolis\\\/#primaryimage\"},\"image\":{\"@id\":\"https:\\\/\\\/exaudi.org\\\/es\\\/cercania-papa-madagascar-petropolis\\\/#primaryimage\"},\"thumbnailUrl\":\"https:\\\/\\\/exaudi.org\\\/wp-content\\\/uploads\\\/2022\\\/02\\\/angelus20febrero2022-2-scaled.jpg\",\"datePublished\":\"2022-02-20T16:03:30+00:00\",\"dateModified\":\"2022-02-21T07:53:59+00:00\",\"author\":{\"@id\":\"https:\\\/\\\/exaudi.org\\\/#\\\/schema\\\/person\\\/6ff0af358a606d657c4b1b6e0d5c85cb\"},\"description\":\"Hablando despu\u00e9s de la oraci\u00f3n del \u00e1ngelus del pasado domingo, el Papa mostr\u00f3 su cercan\u00eda con Madagascar y Petr\u00f3polis.\",\"breadcrumb\":{\"@id\":\"https:\\\/\\\/exaudi.org\\\/es\\\/cercania-papa-madagascar-petropolis\\\/#breadcrumb\"},\"inLanguage\":\"es\",\"potentialAction\":[{\"@type\":\"ReadAction\",\"target\":[\"https:\\\/\\\/exaudi.org\\\/es\\\/cercania-papa-madagascar-petropolis\\\/\"]}]},{\"@type\":\"ImageObject\",\"inLanguage\":\"es\",\"@id\":\"https:\\\/\\\/exaudi.org\\\/es\\\/cercania-papa-madagascar-petropolis\\\/#primaryimage\",\"url\":\"https:\\\/\\\/exaudi.org\\\/wp-content\\\/uploads\\\/2022\\\/02\\\/angelus20febrero2022-2-scaled.jpg\",\"contentUrl\":\"https:\\\/\\\/exaudi.org\\\/wp-content\\\/uploads\\\/2022\\\/02\\\/angelus20febrero2022-2-scaled.jpg\",\"width\":2560,\"height\":1707,\"caption\":\"\u00c1ngelus 20 febrero 2022 \u00a9 Vatican Media\"},{\"@type\":\"BreadcrumbList\",\"@id\":\"https:\\\/\\\/exaudi.org\\\/es\\\/cercania-papa-madagascar-petropolis\\\/#breadcrumb\",\"itemListElement\":[{\"@type\":\"ListItem\",\"position\":1,\"name\":\"Portada\",\"item\":\"https:\\\/\\\/exaudi.org\\\/es\\\/\"},{\"@type\":\"ListItem\",\"position\":2,\"name\":\"Cercan\u00eda del Papa con Madagascar y Petr\u00f3polis\"}]},{\"@type\":\"WebSite\",\"@id\":\"https:\\\/\\\/exaudi.org\\\/#website\",\"url\":\"https:\\\/\\\/exaudi.org\\\/\",\"name\":\"Exaudi\",\"description\":\"News\",\"potentialAction\":[{\"@type\":\"SearchAction\",\"target\":{\"@type\":\"EntryPoint\",\"urlTemplate\":\"https:\\\/\\\/exaudi.org\\\/?s={search_term_string}\"},\"query-input\":{\"@type\":\"PropertyValueSpecification\",\"valueRequired\":true,\"valueName\":\"search_term_string\"}}],\"inLanguage\":\"es\"},{\"@type\":\"Person\",\"@id\":\"https:\\\/\\\/exaudi.org\\\/#\\\/schema\\\/person\\\/6ff0af358a606d657c4b1b6e0d5c85cb\",\"name\":\"Raquel Anillo\",\"image\":{\"@type\":\"ImageObject\",\"inLanguage\":\"es\",\"@id\":\"https:\\\/\\\/secure.gravatar.com\\\/avatar\\\/7f88757c095badfcf277fb437d860f221e7a4fb83008b887cccb1f1299f66efb?s=96&d=mm&r=g\",\"url\":\"https:\\\/\\\/secure.gravatar.com\\\/avatar\\\/7f88757c095badfcf277fb437d860f221e7a4fb83008b887cccb1f1299f66efb?s=96&d=mm&r=g\",\"contentUrl\":\"https:\\\/\\\/secure.gravatar.com\\\/avatar\\\/7f88757c095badfcf277fb437d860f221e7a4fb83008b887cccb1f1299f66efb?s=96&d=mm&r=g\",\"caption\":\"Raquel Anillo\"},\"description\":\"Casada. Comprometida con la Iglesia. Traductora e int\u00e9rprete para la Comunidad Emmanuel, especialmente para las sesiones internacionales de Paray le Monial (Francia) 1986 al 2005. Colaboradora de Zenit de 2012-2014 y de 2017-2020 como traductora.\",\"url\":\"https:\\\/\\\/exaudi.org\\\/es\\\/author\\\/ranilloexaudi-org\\\/\"}]}<\/script>\n<!-- \/ Yoast SEO plugin. -->","yoast_head_json":{"title":"Cercan\u00eda del Papa con Madagascar y Petr\u00f3polis &#8211; Exaudi","description":"Hablando despu\u00e9s de la oraci\u00f3n del \u00e1ngelus del pasado domingo, el Papa mostr\u00f3 su cercan\u00eda con Madagascar y Petr\u00f3polis.","robots":{"index":"index","follow":"follow","max-snippet":"max-snippet:-1","max-image-preview":"max-image-preview:large","max-video-preview":"max-video-preview:-1"},"canonical":"https:\/\/exaudi.org\/es\/cercania-papa-madagascar-petropolis\/","og_locale":"es_ES","og_type":"article","og_title":"Cercan\u00eda del Papa con Madagascar y Petr\u00f3polis &#8211; Exaudi","og_description":"Hablando despu\u00e9s de la oraci\u00f3n del \u00e1ngelus del pasado domingo, el Papa mostr\u00f3 su cercan\u00eda con Madagascar y Petr\u00f3polis.","og_url":"https:\/\/exaudi.org\/es\/cercania-papa-madagascar-petropolis\/","og_site_name":"Exaudi","article_publisher":"https:\/\/www.facebook.com\/ExaudiNews","article_published_time":"2022-02-20T16:03:30+00:00","article_modified_time":"2022-02-21T07:53:59+00:00","og_image":[{"width":2560,"height":1707,"url":"https:\/\/exaudi.org\/wp-content\/uploads\/2022\/02\/angelus20febrero2022-2-scaled.jpg","type":"image\/jpeg"}],"author":"Raquel Anillo","twitter_card":"summary_large_image","twitter_creator":"@Exaudi_News","twitter_site":"@Exaudi_News","twitter_misc":{"Escrito por":"Raquel Anillo","Tiempo de lectura":"3 minutos"},"schema":{"@context":"https:\/\/schema.org","@graph":[{"@type":"Article","@id":"https:\/\/exaudi.org\/es\/cercania-papa-madagascar-petropolis\/#article","isPartOf":{"@id":"https:\/\/exaudi.org\/es\/cercania-papa-madagascar-petropolis\/"},"author":{"name":"Raquel Anillo","@id":"https:\/\/exaudi.org\/#\/schema\/person\/6ff0af358a606d657c4b1b6e0d5c85cb"},"headline":"Cercan\u00eda del Papa con Madagascar y Petr\u00f3polis","datePublished":"2022-02-20T16:03:30+00:00","dateModified":"2022-02-21T07:53:59+00:00","mainEntityOfPage":{"@id":"https:\/\/exaudi.org\/es\/cercania-papa-madagascar-petropolis\/"},"wordCount":498,"image":{"@id":"https:\/\/exaudi.org\/es\/cercania-papa-madagascar-petropolis\/#primaryimage"},"thumbnailUrl":"https:\/\/exaudi.org\/wp-content\/uploads\/2022\/02\/angelus20febrero2022-2-scaled.jpg","keywords":["\u00c1ngelus 20 febrero 2022","Trending"],"articleSection":["\u00c1ngelus"],"inLanguage":"es"},{"@type":"WebPage","@id":"https:\/\/exaudi.org\/es\/cercania-papa-madagascar-petropolis\/","url":"https:\/\/exaudi.org\/es\/cercania-papa-madagascar-petropolis\/","name":"Cercan\u00eda del Papa con Madagascar y Petr\u00f3polis &#8211; Exaudi","isPartOf":{"@id":"https:\/\/exaudi.org\/#website"},"primaryImageOfPage":{"@id":"https:\/\/exaudi.org\/es\/cercania-papa-madagascar-petropolis\/#primaryimage"},"image":{"@id":"https:\/\/exaudi.org\/es\/cercania-papa-madagascar-petropolis\/#primaryimage"},"thumbnailUrl":"https:\/\/exaudi.org\/wp-content\/uploads\/2022\/02\/angelus20febrero2022-2-scaled.jpg","datePublished":"2022-02-20T16:03:30+00:00","dateModified":"2022-02-21T07:53:59+00:00","author":{"@id":"https:\/\/exaudi.org\/#\/schema\/person\/6ff0af358a606d657c4b1b6e0d5c85cb"},"description":"Hablando despu\u00e9s de la oraci\u00f3n del \u00e1ngelus del pasado domingo, el Papa mostr\u00f3 su cercan\u00eda con Madagascar y Petr\u00f3polis.","breadcrumb":{"@id":"https:\/\/exaudi.org\/es\/cercania-papa-madagascar-petropolis\/#breadcrumb"},"inLanguage":"es","potentialAction":[{"@type":"ReadAction","target":["https:\/\/exaudi.org\/es\/cercania-papa-madagascar-petropolis\/"]}]},{"@type":"ImageObject","inLanguage":"es","@id":"https:\/\/exaudi.org\/es\/cercania-papa-madagascar-petropolis\/#primaryimage","url":"https:\/\/exaudi.org\/wp-content\/uploads\/2022\/02\/angelus20febrero2022-2-scaled.jpg","contentUrl":"https:\/\/exaudi.org\/wp-content\/uploads\/2022\/02\/angelus20febrero2022-2-scaled.jpg","width":2560,"height":1707,"caption":"\u00c1ngelus 20 febrero 2022 \u00a9 Vatican Media"},{"@type":"BreadcrumbList","@id":"https:\/\/exaudi.org\/es\/cercania-papa-madagascar-petropolis\/#breadcrumb","itemListElement":[{"@type":"ListItem","position":1,"name":"Portada","item":"https:\/\/exaudi.org\/es\/"},{"@type":"ListItem","position":2,"name":"Cercan\u00eda del Papa con Madagascar y Petr\u00f3polis"}]},{"@type":"WebSite","@id":"https:\/\/exaudi.org\/#website","url":"https:\/\/exaudi.org\/","name":"Exaudi","description":"News","potentialAction":[{"@type":"SearchAction","target":{"@type":"EntryPoint","urlTemplate":"https:\/\/exaudi.org\/?s={search_term_string}"},"query-input":{"@type":"PropertyValueSpecification","valueRequired":true,"valueName":"search_term_string"}}],"inLanguage":"es"},{"@type":"Person","@id":"https:\/\/exaudi.org\/#\/schema\/person\/6ff0af358a606d657c4b1b6e0d5c85cb","name":"Raquel Anillo","image":{"@type":"ImageObject","inLanguage":"es","@id":"https:\/\/secure.gravatar.com\/avatar\/7f88757c095badfcf277fb437d860f221e7a4fb83008b887cccb1f1299f66efb?s=96&d=mm&r=g","url":"https:\/\/secure.gravatar.com\/avatar\/7f88757c095badfcf277fb437d860f221e7a4fb83008b887cccb1f1299f66efb?s=96&d=mm&r=g","contentUrl":"https:\/\/secure.gravatar.com\/avatar\/7f88757c095badfcf277fb437d860f221e7a4fb83008b887cccb1f1299f66efb?s=96&d=mm&r=g","caption":"Raquel Anillo"},"description":"Casada. Comprometida con la Iglesia. Traductora e int\u00e9rprete para la Comunidad Emmanuel, especialmente para las sesiones internacionales de Paray le Monial (Francia) 1986 al 2005. Colaboradora de Zenit de 2012-2014 y de 2017-2020 como traductora.","url":"https:\/\/exaudi.org\/es\/author\/ranilloexaudi-org\/"}]}},"jetpack_featured_media_url":"https:\/\/exaudi.org\/wp-content\/uploads\/2022\/02\/angelus20febrero2022-2-scaled.jpg","jetpack_shortlink":"https:\/\/wp.me\/pgKjF2-dH3","_links":{"self":[{"href":"https:\/\/exaudi.org\/es\/wp-json\/wp\/v2\/posts\/52641","targetHints":{"allow":["GET"]}}],"collection":[{"href":"https:\/\/exaudi.org\/es\/wp-json\/wp\/v2\/posts"}],"about":[{"href":"https:\/\/exaudi.org\/es\/wp-json\/wp\/v2\/types\/post"}],"author":[{"embeddable":true,"href":"https:\/\/exaudi.org\/es\/wp-json\/wp\/v2\/users\/7"}],"replies":[{"embeddable":true,"href":"https:\/\/exaudi.org\/es\/wp-json\/wp\/v2\/comments?post=52641"}],"version-history":[{"count":0,"href":"https:\/\/exaudi.org\/es\/wp-json\/wp\/v2\/posts\/52641\/revisions"}],"wp:featuredmedia":[{"embeddable":true,"href":"https:\/\/exaudi.org\/es\/wp-json\/wp\/v2\/media\/52669"}],"wp:attachment":[{"href":"https:\/\/exaudi.org\/es\/wp-json\/wp\/v2\/media?parent=52641"}],"wp:term":[{"taxonomy":"category","embeddable":true,"href":"https:\/\/exaudi.org\/es\/wp-json\/wp\/v2\/categories?post=52641"},{"taxonomy":"post_tag","embeddable":true,"href":"https:\/\/exaudi.org\/es\/wp-json\/wp\/v2\/tags?post=52641"}],"curies":[{"name":"wp","href":"https:\/\/api.w.org\/{rel}","templated":true}]}}