{"id":52622,"date":"2022-02-20T12:51:02","date_gmt":"2022-02-20T11:51:02","guid":{"rendered":"https:\/\/exaudi.org\/?p=52622"},"modified":"2022-02-21T08:53:13","modified_gmt":"2022-02-21T07:53:13","slug":"espiritu-jesus-responder-mal-con-bien","status":"publish","type":"post","link":"https:\/\/exaudi.org\/es\/espiritu-jesus-responder-mal-con-bien\/","title":{"rendered":"\u201cCon el Esp\u00edritu de Jes\u00fas podemos responder al mal con el bien\u201d"},"content":{"rendered":"<p>\u201cCon el Esp\u00edritu de Jes\u00fas podemos responder al mal con el bien\u201d, dice el Papa Francisco en el <a href=\"https:\/\/exaudi.org\/es\/cercania-del-papa-con-madagascar-y-petropolis\/\" target=\"_blank\" rel=\"noopener\">\u00c1ngelus<\/a> de este domingo, 20 de febrero de 2022. Y a\u00f1adi\u00f3: \u201cLa fuerza de amar, no es una cosa, sino que es el Esp\u00edritu Santo\u201d.<\/p>\n<p>\u201cEn el Evangelio de la Liturgia de hoy en el que Jes\u00fas da a sus disc\u00edpulos algunas indicaciones fundamentales de vida sobre el amor a los enemigos\u201d, comenta el Papa. \u201cEl Se\u00f1or se refiere a las situaciones m\u00e1s dif\u00edciles, las que constituyen para nosotros el banco de pruebas, las que nos ponen frente a quien es nuestro enemigo y hostil, a quien busca siempre hacernos mal\u201d, describe.<\/p>\n<p>Francisco se\u00f1al\u00f3 tambi\u00e9n que \u201cponer la otra mejilla no es el repliegue del perdedor, sino la acci\u00f3n de quien tiene una fuerza interior m\u00e1s grande, que vence el mal con el bien, que abre una brecha en el coraz\u00f3n del enemigo, desenmascarando lo absurdo de su odio\u201d.<\/p>\n<p>A continuaci\u00f3n, siguen las palabras del Papa al introducir la oraci\u00f3n mariana, ofrecidas por la Oficina de Prensa de la Santa Sede:<\/p>\n<p>***<\/p>\n<h4><strong>Palabras del Papa<\/strong><\/h4>\n<p>Queridos hermanos y hermanas, \u00a1buenos d\u00edas!<\/p>\n<p>En el <a href=\"https:\/\/www.sanpablo.es\/biblia-latinoamericana\/la-biblia\/nuevo-testamento\/evangelio-segun-lucas\/6\" target=\"_blank\" rel=\"noopener\">Evangelio<\/a> de la Liturgia de hoy Jes\u00fas da a sus disc\u00edpulos algunas indicaciones fundamentales de vida. El Se\u00f1or se refiere a las situaciones m\u00e1s dif\u00edciles, las que constituyen para nosotros el banco de pruebas, las que nos ponen frente a quien es nuestro enemigo y hostil, a quien busca siempre hacernos mal. En estos casos el disc\u00edpulo de Jes\u00fas est\u00e1 llamado a no ceder al instinto y al odio, sino a ir m\u00e1s all\u00e1, mucho m\u00e1s all\u00e1. Ir m\u00e1s all\u00e1 del instinto, ir m\u00e1s all\u00e1 del odio. Jes\u00fas dice: \u201cAmad a vuestros enemigos, haced bien a los que os odien\u201d (<em>Lc<\/em>\u00a06,27). Y a\u00fan m\u00e1s concreto: \u201cAl que te hiera en una mejilla, pres\u00e9ntale tambi\u00e9n la otra\u201d (v.<em>\u00a0<\/em>29). Cuando nosotros escuchamos esto, nos parece que el Se\u00f1or pide lo imposible. Y adem\u00e1s \u00bfpor qu\u00e9 amar a los enemigos? Si no se reacciona a los prepotentes, todo abuso tiene v\u00eda libre, y esto no es justo. \u00bfPero es realmente as\u00ed? \u00bfRealmente el Se\u00f1or nos pide cosas\u00a0<em>imposibles<\/em>, incluso\u00a0<em>injustas<\/em>? \u00bfEs as\u00ed?<\/p>\n<p>Consideremos en primer lugar ese sentido de\u00a0<em>injusticia<\/em>\u00a0que advertimos en el \u201cponer la otra mejilla\u201d. Y pensemos en Jes\u00fas. Durante la pasi\u00f3n, en su injusto proceso delante del sumo sacerdote, en un momento dado recibe una bofetada por parte de uno de los guardias. \u00bfY \u00c9l c\u00f3mo se comporta? No lo insulta, no, dice al guardia: \u201cSi he hablado mal, declara lo que est\u00e1 mal; pero si he hablado bien, \u00bfpor qu\u00e9 me pegas?\u201d (<em>Jn\u00a0<\/em>18,23). Pide cuentas del mal recibido. Poner la otra mejilla no significa sufrir en silencio, ceder a la injusticia. Jes\u00fas con su pregunta denuncia lo que es injusto. Pero lo hace sin ira, sin violencia, es m\u00e1s,\u00a0<em>con gentileza<\/em>. No quiere desencadenar una discusi\u00f3n, sino\u00a0<em>desactivar el rencor<\/em>, esto es importante: apagar juntos el odio y la injusticia, tratando de recuperar al hermano culpable. Esto no es f\u00e1cil, pero Jes\u00fas lo hizo y nos dice que lo hagamos nosotros tambi\u00e9n. Esto es poner la otra mejilla: la mansedumbre de Jes\u00fas es una respuesta m\u00e1s fuerte que el golpe que recibi\u00f3. Poner la otra mejilla no es el repliegue del perdedor, sino la acci\u00f3n de quien tiene una fuerza interior m\u00e1s grande. Poner la otra mejilla es vencer al mal con el bien, que abre una brecha en el coraz\u00f3n del enemigo, desenmascarando lo absurdo de su odio. Y esta actitud, este poner la otra mejilla, no es dictado por el c\u00e1lculo o por el odio, sino por el amor. Queridos hermanos y hermanas, es el amor gratuito e inmerecido que recibimos de Jes\u00fas el que genera en el coraz\u00f3n un modo de hacer semejante al suyo, que rechaza toda venganza. Nosotros estamos acostumbrados a las venganzas: \u201cMe has hecho esto, yo te har\u00e9 esto otro\u201d, o a custodiar en el coraz\u00f3n este rencor, rencor que hace da\u00f1o, destruye la persona.<\/p>\n<p>Vamos a la otra objeci\u00f3n: \u00bfes\u00a0<em>posible<\/em>\u00a0que una persona llegue a amar a los propios enemigos? Si dependiera solo de nosotros, ser\u00eda imposible. Pero recordemos que, cuando el Se\u00f1or pide algo, quiere darlo. El Se\u00f1or nunca nos pide algo que \u00c9l no nos d\u00e9 antes. Cuando me dice que ame a los enemigos, quiere darme la capacidad de hacerlo. Sin esa capacidad nosotros no podremos, pero \u00c9l te dice \u201cama al enemigo\u201d y te da la capacidad de amar. San Agust\u00edn rezaba as\u00ed \u2014escuchad qu\u00e9 hermosa oraci\u00f3n\u2014: Se\u00f1or, \u201cda lo que mandas y manda lo que quieras\u201d (<em>Confesiones<\/em>, X, 29.40), porque me lo has dado antes. \u00bfQu\u00e9 pedirle? \u00bfQu\u00e9 es lo que a Dios le complace darnos? La fuerza de amar, que no es una cosa, sino que es el Esp\u00edritu Santo. La fuerza de amar es el Esp\u00edritu Santo, y con el Esp\u00edritu de Jes\u00fas podemos responder al mal con el bien, podemos amar a quien nos hace mal. As\u00ed hacen los cristianos. \u00a1Qu\u00e9 triste es cuando personas y pueblos orgullosos de ser cristianos ven a los otros como enemigos y piensan en hacer guerra! Es muy triste.<\/p>\n<p>Y nosotros, \u00bftratamos de vivir las invitaciones de Jes\u00fas? Pensemos en una persona que nos ha hecho mal. Cada uno piense en una persona. Es com\u00fan que hayamos sufrido el mal de alguien, pensemos en esa persona. Quiz\u00e1 hay rencor dentro de nosotros. Entonces, a este rencor acercamos la imagen de Jes\u00fas, manso, durante el proceso, despu\u00e9s de la bofetada. Y luego pidamos al Esp\u00edritu Santo que act\u00fae en nuestro coraz\u00f3n. Finalmente recemos por esa persona: rezar por quien nos ha hecho mal (cfr.\u00a0<em>Lc<\/em>\u00a06,28). Nosotros, cuando nos han hecho alg\u00fan mal, vamos enseguida a contarlo a los otros y nos sentimos v\u00edctimas. Par\u00e9monos, y recemos al Se\u00f1or por esa persona, que lo ayude, y as\u00ed desaparece este sentimiento de rencor. Rezar por quien nos ha tratado mal es lo primero para transformar el mal en bien. La oraci\u00f3n. Que la Virgen Mar\u00eda nos ayude a ser constructores de paz hacia todos, sobre todo hacia quien es hostil con nosotros y no nos gusta.<\/p>\n","protected":false},"excerpt":{"rendered":"<p>Palabras antes de la oraci\u00f3n mariana<\/p>\n","protected":false},"author":7,"featured_media":52666,"comment_status":"closed","ping_status":"closed","sticky":false,"template":"","format":"standard","meta":{"_acf_changed":false,"_crdt_document":"","inline_featured_image":false,"footnotes":""},"categories":[70],"tags":[5945,2419],"class_list":["post-52622","post","type-post","status-publish","format-standard","has-post-thumbnail","hentry","category-angelus-es","tag-angelus-20-febrero-2022","tag-featured"],"acf":[],"yoast_head":"<!-- This site is optimized with the Yoast SEO plugin v27.5 - https:\/\/yoast.com\/product\/yoast-seo-wordpress\/ -->\n<title>\u201cCon el Esp\u00edritu de Jes\u00fas podemos responder al mal con el bien\u201d &#8211; Exaudi<\/title>\n<meta name=\"description\" content=\"\u201cCon el Esp\u00edritu de Jes\u00fas podemos responder al mal con el bien\u201d, expres\u00f3 el Papa Francisco en el \u00e1ngelus del 20 de febrero de 2022.\" \/>\n<meta name=\"robots\" content=\"index, follow, max-snippet:-1, max-image-preview:large, max-video-preview:-1\" \/>\n<link rel=\"canonical\" href=\"https:\/\/exaudi.org\/es\/espiritu-jesus-responder-mal-con-bien\/\" \/>\n<meta property=\"og:locale\" content=\"es_ES\" \/>\n<meta property=\"og:type\" content=\"article\" \/>\n<meta property=\"og:title\" content=\"\u201cCon el Esp\u00edritu de Jes\u00fas podemos responder al mal con el bien\u201d &#8211; Exaudi\" \/>\n<meta property=\"og:description\" content=\"\u201cCon el Esp\u00edritu de Jes\u00fas podemos responder al mal con el bien\u201d, expres\u00f3 el Papa Francisco en el \u00e1ngelus del 20 de febrero de 2022.\" \/>\n<meta property=\"og:url\" content=\"https:\/\/exaudi.org\/es\/espiritu-jesus-responder-mal-con-bien\/\" \/>\n<meta property=\"og:site_name\" content=\"Exaudi\" \/>\n<meta property=\"article:publisher\" content=\"https:\/\/www.facebook.com\/ExaudiNews\" \/>\n<meta property=\"article:published_time\" content=\"2022-02-20T11:51:02+00:00\" \/>\n<meta property=\"article:modified_time\" content=\"2022-02-21T07:53:13+00:00\" \/>\n<meta property=\"og:image\" content=\"https:\/\/exaudi.org\/wp-content\/uploads\/2022\/02\/angelus20febrero2022-scaled.jpg\" \/>\n\t<meta property=\"og:image:width\" content=\"2560\" \/>\n\t<meta property=\"og:image:height\" content=\"1707\" \/>\n\t<meta property=\"og:image:type\" content=\"image\/jpeg\" \/>\n<meta name=\"author\" content=\"Raquel Anillo\" \/>\n<meta name=\"twitter:card\" content=\"summary_large_image\" \/>\n<meta name=\"twitter:creator\" content=\"@Exaudi_News\" \/>\n<meta name=\"twitter:site\" content=\"@Exaudi_News\" \/>\n<meta name=\"twitter:label1\" content=\"Escrito por\" \/>\n\t<meta name=\"twitter:data1\" content=\"Raquel Anillo\" \/>\n\t<meta name=\"twitter:label2\" content=\"Tiempo de lectura\" \/>\n\t<meta name=\"twitter:data2\" content=\"5 minutos\" \/>\n<script type=\"application\/ld+json\" class=\"yoast-schema-graph\">{\"@context\":\"https:\\\/\\\/schema.org\",\"@graph\":[{\"@type\":\"Article\",\"@id\":\"https:\\\/\\\/exaudi.org\\\/es\\\/espiritu-jesus-responder-mal-con-bien\\\/#article\",\"isPartOf\":{\"@id\":\"https:\\\/\\\/exaudi.org\\\/es\\\/espiritu-jesus-responder-mal-con-bien\\\/\"},\"author\":{\"name\":\"Raquel Anillo\",\"@id\":\"https:\\\/\\\/exaudi.org\\\/#\\\/schema\\\/person\\\/6ff0af358a606d657c4b1b6e0d5c85cb\"},\"headline\":\"\u201cCon el Esp\u00edritu de Jes\u00fas podemos responder al mal con el bien\u201d\",\"datePublished\":\"2022-02-20T11:51:02+00:00\",\"dateModified\":\"2022-02-21T07:53:13+00:00\",\"mainEntityOfPage\":{\"@id\":\"https:\\\/\\\/exaudi.org\\\/es\\\/espiritu-jesus-responder-mal-con-bien\\\/\"},\"wordCount\":1109,\"image\":{\"@id\":\"https:\\\/\\\/exaudi.org\\\/es\\\/espiritu-jesus-responder-mal-con-bien\\\/#primaryimage\"},\"thumbnailUrl\":\"https:\\\/\\\/exaudi.org\\\/wp-content\\\/uploads\\\/2022\\\/02\\\/angelus20febrero2022-scaled.jpg\",\"keywords\":[\"\u00c1ngelus 20 febrero 2022\",\"Featured\"],\"articleSection\":[\"\u00c1ngelus\"],\"inLanguage\":\"es\"},{\"@type\":\"WebPage\",\"@id\":\"https:\\\/\\\/exaudi.org\\\/es\\\/espiritu-jesus-responder-mal-con-bien\\\/\",\"url\":\"https:\\\/\\\/exaudi.org\\\/es\\\/espiritu-jesus-responder-mal-con-bien\\\/\",\"name\":\"\u201cCon el Esp\u00edritu de Jes\u00fas podemos responder al mal con el bien\u201d &#8211; Exaudi\",\"isPartOf\":{\"@id\":\"https:\\\/\\\/exaudi.org\\\/#website\"},\"primaryImageOfPage\":{\"@id\":\"https:\\\/\\\/exaudi.org\\\/es\\\/espiritu-jesus-responder-mal-con-bien\\\/#primaryimage\"},\"image\":{\"@id\":\"https:\\\/\\\/exaudi.org\\\/es\\\/espiritu-jesus-responder-mal-con-bien\\\/#primaryimage\"},\"thumbnailUrl\":\"https:\\\/\\\/exaudi.org\\\/wp-content\\\/uploads\\\/2022\\\/02\\\/angelus20febrero2022-scaled.jpg\",\"datePublished\":\"2022-02-20T11:51:02+00:00\",\"dateModified\":\"2022-02-21T07:53:13+00:00\",\"author\":{\"@id\":\"https:\\\/\\\/exaudi.org\\\/#\\\/schema\\\/person\\\/6ff0af358a606d657c4b1b6e0d5c85cb\"},\"description\":\"\u201cCon el Esp\u00edritu de Jes\u00fas podemos responder al mal con el bien\u201d, expres\u00f3 el Papa Francisco en el \u00e1ngelus del 20 de febrero de 2022.\",\"breadcrumb\":{\"@id\":\"https:\\\/\\\/exaudi.org\\\/es\\\/espiritu-jesus-responder-mal-con-bien\\\/#breadcrumb\"},\"inLanguage\":\"es\",\"potentialAction\":[{\"@type\":\"ReadAction\",\"target\":[\"https:\\\/\\\/exaudi.org\\\/es\\\/espiritu-jesus-responder-mal-con-bien\\\/\"]}]},{\"@type\":\"ImageObject\",\"inLanguage\":\"es\",\"@id\":\"https:\\\/\\\/exaudi.org\\\/es\\\/espiritu-jesus-responder-mal-con-bien\\\/#primaryimage\",\"url\":\"https:\\\/\\\/exaudi.org\\\/wp-content\\\/uploads\\\/2022\\\/02\\\/angelus20febrero2022-scaled.jpg\",\"contentUrl\":\"https:\\\/\\\/exaudi.org\\\/wp-content\\\/uploads\\\/2022\\\/02\\\/angelus20febrero2022-scaled.jpg\",\"width\":2560,\"height\":1707,\"caption\":\"\u00c1ngelus 6 marzo 2022 \u00a9 Vatican Media\"},{\"@type\":\"BreadcrumbList\",\"@id\":\"https:\\\/\\\/exaudi.org\\\/es\\\/espiritu-jesus-responder-mal-con-bien\\\/#breadcrumb\",\"itemListElement\":[{\"@type\":\"ListItem\",\"position\":1,\"name\":\"Portada\",\"item\":\"https:\\\/\\\/exaudi.org\\\/es\\\/\"},{\"@type\":\"ListItem\",\"position\":2,\"name\":\"\u201cCon el Esp\u00edritu de Jes\u00fas podemos responder al mal con el bien\u201d\"}]},{\"@type\":\"WebSite\",\"@id\":\"https:\\\/\\\/exaudi.org\\\/#website\",\"url\":\"https:\\\/\\\/exaudi.org\\\/\",\"name\":\"Exaudi\",\"description\":\"News\",\"potentialAction\":[{\"@type\":\"SearchAction\",\"target\":{\"@type\":\"EntryPoint\",\"urlTemplate\":\"https:\\\/\\\/exaudi.org\\\/?s={search_term_string}\"},\"query-input\":{\"@type\":\"PropertyValueSpecification\",\"valueRequired\":true,\"valueName\":\"search_term_string\"}}],\"inLanguage\":\"es\"},{\"@type\":\"Person\",\"@id\":\"https:\\\/\\\/exaudi.org\\\/#\\\/schema\\\/person\\\/6ff0af358a606d657c4b1b6e0d5c85cb\",\"name\":\"Raquel Anillo\",\"image\":{\"@type\":\"ImageObject\",\"inLanguage\":\"es\",\"@id\":\"https:\\\/\\\/secure.gravatar.com\\\/avatar\\\/7f88757c095badfcf277fb437d860f221e7a4fb83008b887cccb1f1299f66efb?s=96&d=mm&r=g\",\"url\":\"https:\\\/\\\/secure.gravatar.com\\\/avatar\\\/7f88757c095badfcf277fb437d860f221e7a4fb83008b887cccb1f1299f66efb?s=96&d=mm&r=g\",\"contentUrl\":\"https:\\\/\\\/secure.gravatar.com\\\/avatar\\\/7f88757c095badfcf277fb437d860f221e7a4fb83008b887cccb1f1299f66efb?s=96&d=mm&r=g\",\"caption\":\"Raquel Anillo\"},\"description\":\"Casada. Comprometida con la Iglesia. Traductora e int\u00e9rprete para la Comunidad Emmanuel, especialmente para las sesiones internacionales de Paray le Monial (Francia) 1986 al 2005. Colaboradora de Zenit de 2012-2014 y de 2017-2020 como traductora.\",\"url\":\"https:\\\/\\\/exaudi.org\\\/es\\\/author\\\/ranilloexaudi-org\\\/\"}]}<\/script>\n<!-- \/ Yoast SEO plugin. -->","yoast_head_json":{"title":"\u201cCon el Esp\u00edritu de Jes\u00fas podemos responder al mal con el bien\u201d &#8211; Exaudi","description":"\u201cCon el Esp\u00edritu de Jes\u00fas podemos responder al mal con el bien\u201d, expres\u00f3 el Papa Francisco en el \u00e1ngelus del 20 de febrero de 2022.","robots":{"index":"index","follow":"follow","max-snippet":"max-snippet:-1","max-image-preview":"max-image-preview:large","max-video-preview":"max-video-preview:-1"},"canonical":"https:\/\/exaudi.org\/es\/espiritu-jesus-responder-mal-con-bien\/","og_locale":"es_ES","og_type":"article","og_title":"\u201cCon el Esp\u00edritu de Jes\u00fas podemos responder al mal con el bien\u201d &#8211; Exaudi","og_description":"\u201cCon el Esp\u00edritu de Jes\u00fas podemos responder al mal con el bien\u201d, expres\u00f3 el Papa Francisco en el \u00e1ngelus del 20 de febrero de 2022.","og_url":"https:\/\/exaudi.org\/es\/espiritu-jesus-responder-mal-con-bien\/","og_site_name":"Exaudi","article_publisher":"https:\/\/www.facebook.com\/ExaudiNews","article_published_time":"2022-02-20T11:51:02+00:00","article_modified_time":"2022-02-21T07:53:13+00:00","og_image":[{"width":2560,"height":1707,"url":"https:\/\/exaudi.org\/wp-content\/uploads\/2022\/02\/angelus20febrero2022-scaled.jpg","type":"image\/jpeg"}],"author":"Raquel Anillo","twitter_card":"summary_large_image","twitter_creator":"@Exaudi_News","twitter_site":"@Exaudi_News","twitter_misc":{"Escrito por":"Raquel Anillo","Tiempo de lectura":"5 minutos"},"schema":{"@context":"https:\/\/schema.org","@graph":[{"@type":"Article","@id":"https:\/\/exaudi.org\/es\/espiritu-jesus-responder-mal-con-bien\/#article","isPartOf":{"@id":"https:\/\/exaudi.org\/es\/espiritu-jesus-responder-mal-con-bien\/"},"author":{"name":"Raquel Anillo","@id":"https:\/\/exaudi.org\/#\/schema\/person\/6ff0af358a606d657c4b1b6e0d5c85cb"},"headline":"\u201cCon el Esp\u00edritu de Jes\u00fas podemos responder al mal con el bien\u201d","datePublished":"2022-02-20T11:51:02+00:00","dateModified":"2022-02-21T07:53:13+00:00","mainEntityOfPage":{"@id":"https:\/\/exaudi.org\/es\/espiritu-jesus-responder-mal-con-bien\/"},"wordCount":1109,"image":{"@id":"https:\/\/exaudi.org\/es\/espiritu-jesus-responder-mal-con-bien\/#primaryimage"},"thumbnailUrl":"https:\/\/exaudi.org\/wp-content\/uploads\/2022\/02\/angelus20febrero2022-scaled.jpg","keywords":["\u00c1ngelus 20 febrero 2022","Featured"],"articleSection":["\u00c1ngelus"],"inLanguage":"es"},{"@type":"WebPage","@id":"https:\/\/exaudi.org\/es\/espiritu-jesus-responder-mal-con-bien\/","url":"https:\/\/exaudi.org\/es\/espiritu-jesus-responder-mal-con-bien\/","name":"\u201cCon el Esp\u00edritu de Jes\u00fas podemos responder al mal con el bien\u201d &#8211; Exaudi","isPartOf":{"@id":"https:\/\/exaudi.org\/#website"},"primaryImageOfPage":{"@id":"https:\/\/exaudi.org\/es\/espiritu-jesus-responder-mal-con-bien\/#primaryimage"},"image":{"@id":"https:\/\/exaudi.org\/es\/espiritu-jesus-responder-mal-con-bien\/#primaryimage"},"thumbnailUrl":"https:\/\/exaudi.org\/wp-content\/uploads\/2022\/02\/angelus20febrero2022-scaled.jpg","datePublished":"2022-02-20T11:51:02+00:00","dateModified":"2022-02-21T07:53:13+00:00","author":{"@id":"https:\/\/exaudi.org\/#\/schema\/person\/6ff0af358a606d657c4b1b6e0d5c85cb"},"description":"\u201cCon el Esp\u00edritu de Jes\u00fas podemos responder al mal con el bien\u201d, expres\u00f3 el Papa Francisco en el \u00e1ngelus del 20 de febrero de 2022.","breadcrumb":{"@id":"https:\/\/exaudi.org\/es\/espiritu-jesus-responder-mal-con-bien\/#breadcrumb"},"inLanguage":"es","potentialAction":[{"@type":"ReadAction","target":["https:\/\/exaudi.org\/es\/espiritu-jesus-responder-mal-con-bien\/"]}]},{"@type":"ImageObject","inLanguage":"es","@id":"https:\/\/exaudi.org\/es\/espiritu-jesus-responder-mal-con-bien\/#primaryimage","url":"https:\/\/exaudi.org\/wp-content\/uploads\/2022\/02\/angelus20febrero2022-scaled.jpg","contentUrl":"https:\/\/exaudi.org\/wp-content\/uploads\/2022\/02\/angelus20febrero2022-scaled.jpg","width":2560,"height":1707,"caption":"\u00c1ngelus 6 marzo 2022 \u00a9 Vatican Media"},{"@type":"BreadcrumbList","@id":"https:\/\/exaudi.org\/es\/espiritu-jesus-responder-mal-con-bien\/#breadcrumb","itemListElement":[{"@type":"ListItem","position":1,"name":"Portada","item":"https:\/\/exaudi.org\/es\/"},{"@type":"ListItem","position":2,"name":"\u201cCon el Esp\u00edritu de Jes\u00fas podemos responder al mal con el bien\u201d"}]},{"@type":"WebSite","@id":"https:\/\/exaudi.org\/#website","url":"https:\/\/exaudi.org\/","name":"Exaudi","description":"News","potentialAction":[{"@type":"SearchAction","target":{"@type":"EntryPoint","urlTemplate":"https:\/\/exaudi.org\/?s={search_term_string}"},"query-input":{"@type":"PropertyValueSpecification","valueRequired":true,"valueName":"search_term_string"}}],"inLanguage":"es"},{"@type":"Person","@id":"https:\/\/exaudi.org\/#\/schema\/person\/6ff0af358a606d657c4b1b6e0d5c85cb","name":"Raquel Anillo","image":{"@type":"ImageObject","inLanguage":"es","@id":"https:\/\/secure.gravatar.com\/avatar\/7f88757c095badfcf277fb437d860f221e7a4fb83008b887cccb1f1299f66efb?s=96&d=mm&r=g","url":"https:\/\/secure.gravatar.com\/avatar\/7f88757c095badfcf277fb437d860f221e7a4fb83008b887cccb1f1299f66efb?s=96&d=mm&r=g","contentUrl":"https:\/\/secure.gravatar.com\/avatar\/7f88757c095badfcf277fb437d860f221e7a4fb83008b887cccb1f1299f66efb?s=96&d=mm&r=g","caption":"Raquel Anillo"},"description":"Casada. Comprometida con la Iglesia. Traductora e int\u00e9rprete para la Comunidad Emmanuel, especialmente para las sesiones internacionales de Paray le Monial (Francia) 1986 al 2005. Colaboradora de Zenit de 2012-2014 y de 2017-2020 como traductora.","url":"https:\/\/exaudi.org\/es\/author\/ranilloexaudi-org\/"}]}},"jetpack_featured_media_url":"https:\/\/exaudi.org\/wp-content\/uploads\/2022\/02\/angelus20febrero2022-scaled.jpg","jetpack_shortlink":"https:\/\/wp.me\/pgKjF2-dGK","_links":{"self":[{"href":"https:\/\/exaudi.org\/es\/wp-json\/wp\/v2\/posts\/52622","targetHints":{"allow":["GET"]}}],"collection":[{"href":"https:\/\/exaudi.org\/es\/wp-json\/wp\/v2\/posts"}],"about":[{"href":"https:\/\/exaudi.org\/es\/wp-json\/wp\/v2\/types\/post"}],"author":[{"embeddable":true,"href":"https:\/\/exaudi.org\/es\/wp-json\/wp\/v2\/users\/7"}],"replies":[{"embeddable":true,"href":"https:\/\/exaudi.org\/es\/wp-json\/wp\/v2\/comments?post=52622"}],"version-history":[{"count":0,"href":"https:\/\/exaudi.org\/es\/wp-json\/wp\/v2\/posts\/52622\/revisions"}],"wp:featuredmedia":[{"embeddable":true,"href":"https:\/\/exaudi.org\/es\/wp-json\/wp\/v2\/media\/52666"}],"wp:attachment":[{"href":"https:\/\/exaudi.org\/es\/wp-json\/wp\/v2\/media?parent=52622"}],"wp:term":[{"taxonomy":"category","embeddable":true,"href":"https:\/\/exaudi.org\/es\/wp-json\/wp\/v2\/categories?post=52622"},{"taxonomy":"post_tag","embeddable":true,"href":"https:\/\/exaudi.org\/es\/wp-json\/wp\/v2\/tags?post=52622"}],"curies":[{"name":"wp","href":"https:\/\/api.w.org\/{rel}","templated":true}]}}