{"id":52527,"date":"2022-02-18T13:46:41","date_gmt":"2022-02-18T12:46:41","guid":{"rendered":"https:\/\/exaudi.org\/?p=52527"},"modified":"2022-02-18T13:48:06","modified_gmt":"2022-02-18T12:48:06","slug":"espana-cxlix-asamblea-ordinaria-de-los-obispos-del-sur","status":"publish","type":"post","link":"https:\/\/exaudi.org\/es\/espana-cxlix-asamblea-ordinaria-de-los-obispos-del-sur\/","title":{"rendered":"Espa\u00f1a: CXLIX Asamblea Ordinaria de los obispos del sur"},"content":{"rendered":"<p>Se ha celebrado en C\u00f3rdoba, los d\u00edas 17 y 18 de febrero, la CXLIX Asamblea Ordinaria de los obispos del sur de Espa\u00f1a, que comprende las di\u00f3cesis de Sevilla, Granada, Almer\u00eda, C\u00e1diz y Ceuta, C\u00f3rdoba, Guadix, Huelva, Ja\u00e9n, Asidonia-Jerez y M\u00e1laga, informa una nota de <a href=\"https:\/\/odisur.es\/\" target=\"_blank\" rel=\"noopener\">ODISUR<\/a>, Oficina de Informaci\u00f3n de los obispos del Sur de Espa\u00f1a.<\/p>\n<p>Se incorpor\u00f3 a la reuni\u00f3n Mons. Sebasti\u00e1n Chico Mart\u00ednez, obispo de Ja\u00e9n, para el que los obispos han tenido palabras de acogida y bienvenida. Tambi\u00e9n han participado el arzobispo em\u00e9rito de Sevilla y el obispo em\u00e9rito de Ja\u00e9n.<\/p>\n<p>El encuentro comenz\u00f3 con un tiempo de oraci\u00f3n, dirigido por Mons. Francisco Javier Mart\u00ednez, arzobispo de Granada, con meditaci\u00f3n y adoraci\u00f3n del Sant\u00edsimo Sacramento. Los obispos, adem\u00e1s, ofrecieron la Eucarist\u00eda del primer d\u00eda por el eterno descanso de Mons. Antoni Vadell, obispo auxiliar de Barcelona, recientemente fallecido.<\/p>\n<h2><strong>Visita <em>ad limina<\/em><\/strong><\/h2>\n<p>Los obispos han hecho balance de su reciente <a href=\"https:\/\/exaudi.org\/es\/serenidad-esperanza-visita-ad-limina\/\" target=\"_blank\" rel=\"noopener\">visita <em>ad limina<\/em>, del 17 al 22 de enero pasado<\/a>. En ella, los prelados de las Provincias Eclesi\u00e1sticas de Granada y Sevilla, junto a los de M\u00e9rida-Badajoz, han visitado y rezado ante las tumbas de los Ap\u00f3stoles Pedro y Pablo, han celebrado en las cuatro grandes Bas\u00edlicas romanas, han mantenido extensas y fruct\u00edferas reuniones de trabajo en los Dicasterios y Congregaciones de la Santa Sede y se han encontrado con el Santo Padre.<\/p>\n<p>La visita <em>ad limina<\/em> ha supuesto un tiempo de gracia, de comuni\u00f3n, de sinodalidad. Y ha sido, sobre todo, un encuentro de los sucesores de los ap\u00f3stoles con el Papa, de las Iglesias locales con la Iglesia madre de Roma.<\/p>\n<p>De las reuniones en los Dicasterios y Congregaciones, en las que se han tratado los temas m\u00e1s importantes de la vida de la Iglesia y del mundo, destacan el car\u00e1cter pastoral de las mismas. Pero, sobre todo, valoran la cercan\u00eda y acogida del Santo Padre, en la audiencia que mantuvo con los obispos, el viernes 21 de enero. Fue un extenso encuentro en el que el Papa los confirm\u00f3 en la fe, los fortaleci\u00f3 en la esperanza y los exhort\u00f3 al amor y a la misericordia.<\/p>\n<h2><strong>Causa de los Santos<\/strong><\/h2>\n<p>La Asamblea Ordinaria de los obispos del Sur de Espa\u00f1a ha dado el visto bueno para que el obispo de C\u00f3rdoba inicie la apertura de la Causa de Canonizaci\u00f3n del Hno. Bonifacio Bonillo Fern\u00e1ndez, de la Orden Hospitalaria de San Juan de Dios.<\/p>\n<p>Nacido en 1899, ingres\u00f3 en los hermanos de San Juan de Dios en 1924 y ejerci\u00f3 en Barcelona, Madrid, Bilbao y Granada como limosnero. Finalmente lleg\u00f3 a C\u00f3rdoba, en 1935, donde fue conocido y querido, tanto en la ciudad como en los pueblos, por su labor como postulante para los ni\u00f1os acogidos en el Hogar y Cl\u00ednica San Rafael, actual Hospital de San Juan de Dios, en cuya construcci\u00f3n colabor\u00f3 consiguiendo limosnas.<\/p>\n<p>Su bondad y su modestia le caracterizaban, y se entreg\u00f3 en cuerpo y alma a la causa de los ni\u00f1os enfermos. Hoy, su recuerdo perdura en la Obra Social \u201cHermano Bonifacio\u201d del Hospital San Juan de Dios de C\u00f3rdoba. Falleci\u00f3 el 11 de septiembre de 1978.<\/p>\n<p>Al mismo tiempo, los obispos felicitan al arzobispo de Granada y a su archidi\u00f3cesis por la beatificaci\u00f3n de 16 m\u00e1rtires de la persecuci\u00f3n religiosa en Espa\u00f1a en los a\u00f1os 30 del siglo pasado, que tendr\u00e1 lugar el 26 de febrero en la catedral de Granada. Todos ellos forman parte de la Causa de Cayetano Gim\u00e9nez Mart\u00edn y 15 compa\u00f1eros m\u00e1rtires, en su mayor\u00eda sacerdotes, que sufrieron martirio en la di\u00f3cesis granadina. La Iglesia reconoce en ellos el amor a Dios por encima de su propia vida, perdonando a sus verdugos. El lema de las beatificaciones es \u201ctu gracia vale m\u00e1s que la vida\u201d<\/p>\n<h2>\u00a0<strong>Encuentro Mundial de las Familias<\/strong><\/h2>\n<p>Los obispos animan a las familias a participar en el Encuentro Mundial de las Familias, que tendr\u00e1 lugar en Roma, del 22 al 26 de junio. Para los que no puedan asistir a Roma, se ha organizado un encuentro en la aldea del Roc\u00edo, en Huelva, para que todas las familias del Sur de Espa\u00f1a que lo deseen puedan participar, desde nuestra tierra, en dicho encuentro mundial.<\/p>\n<p>Desde el Roc\u00edo, durante el fin de semana del 24 al 26 de junio, habr\u00e1 conexiones permanentes con los actos y sesiones de trabajo que tengan lugar en Roma. Incluso se podr\u00e1 asistir a la celebraci\u00f3n de la Misa de clausura del encuentro, presidida por el Papa Francisco.<\/p>\n<p>Adem\u00e1s, est\u00e1 previsto un encuentro paralelo para los ni\u00f1os y otras actividades que hagan de esos d\u00edas, en el Roc\u00edo, un verdadero espacio de encuentro para las familias, tanto en lo espiritual como en lo festivo. Desde las delegaciones de Familia de las di\u00f3cesis del Sur de Espa\u00f1a se concretar\u00e1n las actuaciones y los pasos a seguir para participar.<\/p>\n<h2>\u00a0<strong>Peregrinaci\u00f3n Europea de J\u00f3venes<\/strong><\/h2>\n<p>Al mismo tiempo, los obispos animan a los j\u00f3venes a participar en la Peregrinaci\u00f3n Europea de J\u00f3venes, que tendr\u00e1 lugar del 3 al 7 de agosto de este a\u00f1o, en Santiago de Compostela. En las di\u00f3cesis del Sur de Espa\u00f1a ya se est\u00e1n organizando las peregrinaciones diocesanas que permitir\u00e1n a los j\u00f3venes participar en dicho encuentro, caminar hacia el sepulcro del Ap\u00f3stol y compartir con miles de j\u00f3venes la fe.<\/p>\n<p>Esta peregrinaci\u00f3n ser\u00e1 una preparaci\u00f3n inmediata para la Jornada Mundial de la Juventud, que tendr\u00e1 lugar en Lisboa, del 1 al 6 de agosto de 2023.<\/p>\n<h2><strong>Educaci\u00f3n\u00a0<\/strong><\/h2>\n<p>Los obispos animan a los profesores de Religi\u00f3n Cat\u00f3lica de Andaluc\u00eda a participar en el pr\u00f3ximo Congreso que se celebrar\u00e1 en Granada los d\u00edas 19 y 20 de noviembre de 2022.<\/p>\n<p>Asimismo, de cara a la futura implantaci\u00f3n de la LOMLOE, han sido informados de la postura del Gobierno de la Junta de Andaluc\u00eda sobre la actual situaci\u00f3n de la asignatura de Religi\u00f3n Cat\u00f3lica en la escuela. Y han agradecido el esfuerzo de los m\u00e1s de mil profesores que est\u00e1n participando en el programa de formaci\u00f3n conjunto de las di\u00f3cesis andaluzas, para su puesta al d\u00eda ante la implantaci\u00f3n del nuevo curr\u00edculo de Religi\u00f3n.<\/p>\n<h2><strong>Turismo<\/strong><\/h2>\n<p>Gustavo Riveiro, director del departamento de Pastoral del Turismo de la Conferencia Episcopal Espa\u00f1ola, ha hablado a la Asamblea de la importancia de la actividad tur\u00edstica en Andaluc\u00eda y de la necesidad de cuidar la evangelizaci\u00f3n del turismo, tanto en las di\u00f3cesis como en las parroquias. Se trata de una pastoral llamada a estar integrada en la estructura org\u00e1nica y ordinaria de las di\u00f3cesis.<\/p>\n<h2><strong>Nombramientos<\/strong><\/h2>\n<p>Los obispos han nombrado a D. Juan Bautista D\u00edaz Blasco, de la di\u00f3cesis de M\u00e1laga, presidente de la Hermandad Obrera de Acci\u00f3n Cat\u00f3lica (HOAC) de Andaluc\u00eda.<\/p>\n<p>Finalmente, han acordado que los delegados de Patrimonio de las di\u00f3cesis andaluzas formen parte de la Comisi\u00f3n Mixta Junta de Andaluc\u00eda- obispos de la Iglesia Cat\u00f3lica de Andaluc\u00eda, encargada de coordinar las actuaciones sobre bienes culturales de la Iglesia en el territorio andaluz.<\/p>\n","protected":false},"excerpt":{"rendered":"<p>Comunicado final de los prelados<\/p>\n","protected":false},"author":15,"featured_media":52528,"comment_status":"closed","ping_status":"closed","sticky":false,"template":"","format":"standard","meta":{"_acf_changed":false,"_crdt_document":"","inline_featured_image":false,"footnotes":""},"categories":[86],"tags":[1008,5934,158],"class_list":["post-52527","post","type-post","status-publish","format-standard","has-post-thumbnail","hentry","category-iglesia-local","tag-espana","tag-obispos-del-sur","tag-papa-francisco"],"acf":[],"yoast_head":"<!-- This site is optimized with the Yoast SEO plugin v27.4 - https:\/\/yoast.com\/product\/yoast-seo-wordpress\/ -->\n<title>Espa\u00f1a: CXLIX Asamblea Ordinaria de los obispos del sur &#8211; Exaudi<\/title>\n<meta name=\"description\" content=\"Se ha celebrado en C\u00f3rdoba, los d\u00edas 17 y 18 de febrero, la CXLIX Asamblea Ordinaria de los obispos del sur de Espa\u00f1a,\" \/>\n<meta name=\"robots\" content=\"index, follow, max-snippet:-1, max-image-preview:large, max-video-preview:-1\" \/>\n<link rel=\"canonical\" href=\"https:\/\/exaudi.org\/es\/espana-cxlix-asamblea-ordinaria-de-los-obispos-del-sur\/\" \/>\n<meta property=\"og:locale\" content=\"es_ES\" \/>\n<meta property=\"og:type\" content=\"article\" \/>\n<meta property=\"og:title\" content=\"Espa\u00f1a: CXLIX Asamblea Ordinaria de los obispos del sur &#8211; Exaudi\" \/>\n<meta property=\"og:description\" content=\"Se ha celebrado en C\u00f3rdoba, los d\u00edas 17 y 18 de febrero, la CXLIX Asamblea Ordinaria de los obispos del sur de Espa\u00f1a,\" \/>\n<meta property=\"og:url\" content=\"https:\/\/exaudi.org\/es\/espana-cxlix-asamblea-ordinaria-de-los-obispos-del-sur\/\" \/>\n<meta property=\"og:site_name\" content=\"Exaudi\" \/>\n<meta property=\"article:publisher\" content=\"https:\/\/www.facebook.com\/ExaudiNews\" \/>\n<meta property=\"article:author\" content=\"https:\/\/www.facebook.com\/ExaudiNoticias\/\" \/>\n<meta property=\"article:published_time\" content=\"2022-02-18T12:46:41+00:00\" \/>\n<meta property=\"article:modified_time\" content=\"2022-02-18T12:48:06+00:00\" \/>\n<meta property=\"og:image\" content=\"https:\/\/exaudi.org\/wp-content\/uploads\/2022\/02\/CXLIX-Asamblea-Ordinaria-de-los-Obispos-del-Sur-de-Espana-Cordoba-17-y-18-de-febrero-de-2022.jpg\" \/>\n\t<meta property=\"og:image:width\" content=\"1600\" \/>\n\t<meta property=\"og:image:height\" content=\"1067\" \/>\n\t<meta property=\"og:image:type\" content=\"image\/jpeg\" \/>\n<meta name=\"author\" content=\"Exaudi Redacci\u00f3n\" \/>\n<meta name=\"twitter:card\" content=\"summary_large_image\" \/>\n<meta name=\"twitter:creator\" content=\"@Exaudi_noticias\" \/>\n<meta name=\"twitter:site\" content=\"@Exaudi_News\" \/>\n<meta name=\"twitter:label1\" content=\"Escrito por\" \/>\n\t<meta name=\"twitter:data1\" content=\"Exaudi Redacci\u00f3n\" \/>\n\t<meta name=\"twitter:label2\" content=\"Tiempo de lectura\" \/>\n\t<meta name=\"twitter:data2\" content=\"6 minutos\" \/>\n<script type=\"application\/ld+json\" class=\"yoast-schema-graph\">{\"@context\":\"https:\\\/\\\/schema.org\",\"@graph\":[{\"@type\":\"Article\",\"@id\":\"https:\\\/\\\/exaudi.org\\\/es\\\/espana-cxlix-asamblea-ordinaria-de-los-obispos-del-sur\\\/#article\",\"isPartOf\":{\"@id\":\"https:\\\/\\\/exaudi.org\\\/es\\\/espana-cxlix-asamblea-ordinaria-de-los-obispos-del-sur\\\/\"},\"author\":{\"name\":\"Exaudi Redacci\u00f3n\",\"@id\":\"https:\\\/\\\/exaudi.org\\\/#\\\/schema\\\/person\\\/f5fc8f063065e38742da7afe15f25df7\"},\"headline\":\"Espa\u00f1a: CXLIX Asamblea Ordinaria de los obispos del sur\",\"datePublished\":\"2022-02-18T12:46:41+00:00\",\"dateModified\":\"2022-02-18T12:48:06+00:00\",\"mainEntityOfPage\":{\"@id\":\"https:\\\/\\\/exaudi.org\\\/es\\\/espana-cxlix-asamblea-ordinaria-de-los-obispos-del-sur\\\/\"},\"wordCount\":1245,\"image\":{\"@id\":\"https:\\\/\\\/exaudi.org\\\/es\\\/espana-cxlix-asamblea-ordinaria-de-los-obispos-del-sur\\\/#primaryimage\"},\"thumbnailUrl\":\"https:\\\/\\\/exaudi.org\\\/wp-content\\\/uploads\\\/2022\\\/02\\\/CXLIX-Asamblea-Ordinaria-de-los-Obispos-del-Sur-de-Espana-Cordoba-17-y-18-de-febrero-de-2022.jpg\",\"keywords\":[\"Espa\u00f1a\",\"Obispos del Sur\",\"papa francisco\"],\"articleSection\":[\"Iglesia Local\"],\"inLanguage\":\"es\"},{\"@type\":\"WebPage\",\"@id\":\"https:\\\/\\\/exaudi.org\\\/es\\\/espana-cxlix-asamblea-ordinaria-de-los-obispos-del-sur\\\/\",\"url\":\"https:\\\/\\\/exaudi.org\\\/es\\\/espana-cxlix-asamblea-ordinaria-de-los-obispos-del-sur\\\/\",\"name\":\"Espa\u00f1a: CXLIX Asamblea Ordinaria de los obispos del sur &#8211; Exaudi\",\"isPartOf\":{\"@id\":\"https:\\\/\\\/exaudi.org\\\/#website\"},\"primaryImageOfPage\":{\"@id\":\"https:\\\/\\\/exaudi.org\\\/es\\\/espana-cxlix-asamblea-ordinaria-de-los-obispos-del-sur\\\/#primaryimage\"},\"image\":{\"@id\":\"https:\\\/\\\/exaudi.org\\\/es\\\/espana-cxlix-asamblea-ordinaria-de-los-obispos-del-sur\\\/#primaryimage\"},\"thumbnailUrl\":\"https:\\\/\\\/exaudi.org\\\/wp-content\\\/uploads\\\/2022\\\/02\\\/CXLIX-Asamblea-Ordinaria-de-los-Obispos-del-Sur-de-Espana-Cordoba-17-y-18-de-febrero-de-2022.jpg\",\"datePublished\":\"2022-02-18T12:46:41+00:00\",\"dateModified\":\"2022-02-18T12:48:06+00:00\",\"author\":{\"@id\":\"https:\\\/\\\/exaudi.org\\\/#\\\/schema\\\/person\\\/f5fc8f063065e38742da7afe15f25df7\"},\"description\":\"Se ha celebrado en C\u00f3rdoba, los d\u00edas 17 y 18 de febrero, la CXLIX Asamblea Ordinaria de los obispos del sur de Espa\u00f1a,\",\"breadcrumb\":{\"@id\":\"https:\\\/\\\/exaudi.org\\\/es\\\/espana-cxlix-asamblea-ordinaria-de-los-obispos-del-sur\\\/#breadcrumb\"},\"inLanguage\":\"es\",\"potentialAction\":[{\"@type\":\"ReadAction\",\"target\":[\"https:\\\/\\\/exaudi.org\\\/es\\\/espana-cxlix-asamblea-ordinaria-de-los-obispos-del-sur\\\/\"]}]},{\"@type\":\"ImageObject\",\"inLanguage\":\"es\",\"@id\":\"https:\\\/\\\/exaudi.org\\\/es\\\/espana-cxlix-asamblea-ordinaria-de-los-obispos-del-sur\\\/#primaryimage\",\"url\":\"https:\\\/\\\/exaudi.org\\\/wp-content\\\/uploads\\\/2022\\\/02\\\/CXLIX-Asamblea-Ordinaria-de-los-Obispos-del-Sur-de-Espana-Cordoba-17-y-18-de-febrero-de-2022.jpg\",\"contentUrl\":\"https:\\\/\\\/exaudi.org\\\/wp-content\\\/uploads\\\/2022\\\/02\\\/CXLIX-Asamblea-Ordinaria-de-los-Obispos-del-Sur-de-Espana-Cordoba-17-y-18-de-febrero-de-2022.jpg\",\"width\":1600,\"height\":1067,\"caption\":\"CXLIX Asamblea Ordinaria de los Obispos del Sur de Espa\u00f1a - C\u00f3rdoba 17 y 18 de febrero de 2022 \u00a9 Di\u00f3cesis de C\u00f3rdoba\"},{\"@type\":\"BreadcrumbList\",\"@id\":\"https:\\\/\\\/exaudi.org\\\/es\\\/espana-cxlix-asamblea-ordinaria-de-los-obispos-del-sur\\\/#breadcrumb\",\"itemListElement\":[{\"@type\":\"ListItem\",\"position\":1,\"name\":\"Portada\",\"item\":\"https:\\\/\\\/exaudi.org\\\/es\\\/\"},{\"@type\":\"ListItem\",\"position\":2,\"name\":\"Espa\u00f1a: CXLIX Asamblea Ordinaria de los obispos del sur\"}]},{\"@type\":\"WebSite\",\"@id\":\"https:\\\/\\\/exaudi.org\\\/#website\",\"url\":\"https:\\\/\\\/exaudi.org\\\/\",\"name\":\"Exaudi\",\"description\":\"News\",\"potentialAction\":[{\"@type\":\"SearchAction\",\"target\":{\"@type\":\"EntryPoint\",\"urlTemplate\":\"https:\\\/\\\/exaudi.org\\\/?s={search_term_string}\"},\"query-input\":{\"@type\":\"PropertyValueSpecification\",\"valueRequired\":true,\"valueName\":\"search_term_string\"}}],\"inLanguage\":\"es\"},{\"@type\":\"Person\",\"@id\":\"https:\\\/\\\/exaudi.org\\\/#\\\/schema\\\/person\\\/f5fc8f063065e38742da7afe15f25df7\",\"name\":\"Exaudi Redacci\u00f3n\",\"image\":{\"@type\":\"ImageObject\",\"inLanguage\":\"es\",\"@id\":\"https:\\\/\\\/secure.gravatar.com\\\/avatar\\\/fe0f6a059fb68d9b3e11bc5850dd4899b1c7492091a3cb6dd9b01b56ad828be2?s=96&d=mm&r=g\",\"url\":\"https:\\\/\\\/secure.gravatar.com\\\/avatar\\\/fe0f6a059fb68d9b3e11bc5850dd4899b1c7492091a3cb6dd9b01b56ad828be2?s=96&d=mm&r=g\",\"contentUrl\":\"https:\\\/\\\/secure.gravatar.com\\\/avatar\\\/fe0f6a059fb68d9b3e11bc5850dd4899b1c7492091a3cb6dd9b01b56ad828be2?s=96&d=mm&r=g\",\"caption\":\"Exaudi Redacci\u00f3n\"},\"description\":\"\u00bfQu\u00e9 es Exaudi News? Exaudi News es un medio de comunicaci\u00f3n cat\u00f3lico internacional que informa, forma y transforma, diariamente en espa\u00f1ol, ingl\u00e9s e italiano. A trav\u00e9s de noticias, art\u00edculos de an\u00e1lisis y transmisiones en directo de los eventos del Papa, Exaudi busca fortalecer la unidad de los cristianos y contribuir a la evangelizaci\u00f3n del mundo, siempre guiados por la doctrina social de la Iglesia. Trabajamos para acercar la verdad y los valores cristianos a cada rinc\u00f3n del planeta. \u00a1Ay\u00fadanos a transformar el mundo con Exaudi! En Exaudi creemos que la evangelizaci\u00f3n y la informaci\u00f3n de calidad pueden cambiar vidas. Para continuar con nuestra misi\u00f3n y expandir nuestro alcance, necesitamos tu ayuda. Adem\u00e1s, buscamos personas comprometidas que deseen unirse a nuestro equipo. Con tu apoyo, lograremos llegar a m\u00e1s personas, difundir el mensaje de Cristo y reforzar la unidad de los cristianos. \u00bfTe unes a nuestra misi\u00f3n? Para m\u00e1s informaci\u00f3n sobre c\u00f3mo colaborar, visita Exaudi.org\\\/es o cont\u00e1ctanos directamente: info@exaudi.org Exaudi: Informa, forma y transforma.\",\"sameAs\":[\"https:\\\/\\\/www.facebook.com\\\/ExaudiNoticias\\\/\",\"https:\\\/\\\/www.instagram.com\\\/exaudi_noticias\\\/\",\"https:\\\/\\\/x.com\\\/Exaudi_noticias\",\"https:\\\/\\\/www.youtube.com\\\/@exaudicatholicnews\"],\"url\":\"https:\\\/\\\/exaudi.org\\\/es\\\/author\\\/redaccionexaudi\\\/\"}]}<\/script>\n<!-- \/ Yoast SEO plugin. -->","yoast_head_json":{"title":"Espa\u00f1a: CXLIX Asamblea Ordinaria de los obispos del sur &#8211; Exaudi","description":"Se ha celebrado en C\u00f3rdoba, los d\u00edas 17 y 18 de febrero, la CXLIX Asamblea Ordinaria de los obispos del sur de Espa\u00f1a,","robots":{"index":"index","follow":"follow","max-snippet":"max-snippet:-1","max-image-preview":"max-image-preview:large","max-video-preview":"max-video-preview:-1"},"canonical":"https:\/\/exaudi.org\/es\/espana-cxlix-asamblea-ordinaria-de-los-obispos-del-sur\/","og_locale":"es_ES","og_type":"article","og_title":"Espa\u00f1a: CXLIX Asamblea Ordinaria de los obispos del sur &#8211; Exaudi","og_description":"Se ha celebrado en C\u00f3rdoba, los d\u00edas 17 y 18 de febrero, la CXLIX Asamblea Ordinaria de los obispos del sur de Espa\u00f1a,","og_url":"https:\/\/exaudi.org\/es\/espana-cxlix-asamblea-ordinaria-de-los-obispos-del-sur\/","og_site_name":"Exaudi","article_publisher":"https:\/\/www.facebook.com\/ExaudiNews","article_author":"https:\/\/www.facebook.com\/ExaudiNoticias\/","article_published_time":"2022-02-18T12:46:41+00:00","article_modified_time":"2022-02-18T12:48:06+00:00","og_image":[{"width":1600,"height":1067,"url":"https:\/\/exaudi.org\/wp-content\/uploads\/2022\/02\/CXLIX-Asamblea-Ordinaria-de-los-Obispos-del-Sur-de-Espana-Cordoba-17-y-18-de-febrero-de-2022.jpg","type":"image\/jpeg"}],"author":"Exaudi Redacci\u00f3n","twitter_card":"summary_large_image","twitter_creator":"@Exaudi_noticias","twitter_site":"@Exaudi_News","twitter_misc":{"Escrito por":"Exaudi Redacci\u00f3n","Tiempo de lectura":"6 minutos"},"schema":{"@context":"https:\/\/schema.org","@graph":[{"@type":"Article","@id":"https:\/\/exaudi.org\/es\/espana-cxlix-asamblea-ordinaria-de-los-obispos-del-sur\/#article","isPartOf":{"@id":"https:\/\/exaudi.org\/es\/espana-cxlix-asamblea-ordinaria-de-los-obispos-del-sur\/"},"author":{"name":"Exaudi Redacci\u00f3n","@id":"https:\/\/exaudi.org\/#\/schema\/person\/f5fc8f063065e38742da7afe15f25df7"},"headline":"Espa\u00f1a: CXLIX Asamblea Ordinaria de los obispos del sur","datePublished":"2022-02-18T12:46:41+00:00","dateModified":"2022-02-18T12:48:06+00:00","mainEntityOfPage":{"@id":"https:\/\/exaudi.org\/es\/espana-cxlix-asamblea-ordinaria-de-los-obispos-del-sur\/"},"wordCount":1245,"image":{"@id":"https:\/\/exaudi.org\/es\/espana-cxlix-asamblea-ordinaria-de-los-obispos-del-sur\/#primaryimage"},"thumbnailUrl":"https:\/\/exaudi.org\/wp-content\/uploads\/2022\/02\/CXLIX-Asamblea-Ordinaria-de-los-Obispos-del-Sur-de-Espana-Cordoba-17-y-18-de-febrero-de-2022.jpg","keywords":["Espa\u00f1a","Obispos del Sur","papa francisco"],"articleSection":["Iglesia Local"],"inLanguage":"es"},{"@type":"WebPage","@id":"https:\/\/exaudi.org\/es\/espana-cxlix-asamblea-ordinaria-de-los-obispos-del-sur\/","url":"https:\/\/exaudi.org\/es\/espana-cxlix-asamblea-ordinaria-de-los-obispos-del-sur\/","name":"Espa\u00f1a: CXLIX Asamblea Ordinaria de los obispos del sur &#8211; Exaudi","isPartOf":{"@id":"https:\/\/exaudi.org\/#website"},"primaryImageOfPage":{"@id":"https:\/\/exaudi.org\/es\/espana-cxlix-asamblea-ordinaria-de-los-obispos-del-sur\/#primaryimage"},"image":{"@id":"https:\/\/exaudi.org\/es\/espana-cxlix-asamblea-ordinaria-de-los-obispos-del-sur\/#primaryimage"},"thumbnailUrl":"https:\/\/exaudi.org\/wp-content\/uploads\/2022\/02\/CXLIX-Asamblea-Ordinaria-de-los-Obispos-del-Sur-de-Espana-Cordoba-17-y-18-de-febrero-de-2022.jpg","datePublished":"2022-02-18T12:46:41+00:00","dateModified":"2022-02-18T12:48:06+00:00","author":{"@id":"https:\/\/exaudi.org\/#\/schema\/person\/f5fc8f063065e38742da7afe15f25df7"},"description":"Se ha celebrado en C\u00f3rdoba, los d\u00edas 17 y 18 de febrero, la CXLIX Asamblea Ordinaria de los obispos del sur de Espa\u00f1a,","breadcrumb":{"@id":"https:\/\/exaudi.org\/es\/espana-cxlix-asamblea-ordinaria-de-los-obispos-del-sur\/#breadcrumb"},"inLanguage":"es","potentialAction":[{"@type":"ReadAction","target":["https:\/\/exaudi.org\/es\/espana-cxlix-asamblea-ordinaria-de-los-obispos-del-sur\/"]}]},{"@type":"ImageObject","inLanguage":"es","@id":"https:\/\/exaudi.org\/es\/espana-cxlix-asamblea-ordinaria-de-los-obispos-del-sur\/#primaryimage","url":"https:\/\/exaudi.org\/wp-content\/uploads\/2022\/02\/CXLIX-Asamblea-Ordinaria-de-los-Obispos-del-Sur-de-Espana-Cordoba-17-y-18-de-febrero-de-2022.jpg","contentUrl":"https:\/\/exaudi.org\/wp-content\/uploads\/2022\/02\/CXLIX-Asamblea-Ordinaria-de-los-Obispos-del-Sur-de-Espana-Cordoba-17-y-18-de-febrero-de-2022.jpg","width":1600,"height":1067,"caption":"CXLIX Asamblea Ordinaria de los Obispos del Sur de Espa\u00f1a - C\u00f3rdoba 17 y 18 de febrero de 2022 \u00a9 Di\u00f3cesis de C\u00f3rdoba"},{"@type":"BreadcrumbList","@id":"https:\/\/exaudi.org\/es\/espana-cxlix-asamblea-ordinaria-de-los-obispos-del-sur\/#breadcrumb","itemListElement":[{"@type":"ListItem","position":1,"name":"Portada","item":"https:\/\/exaudi.org\/es\/"},{"@type":"ListItem","position":2,"name":"Espa\u00f1a: CXLIX Asamblea Ordinaria de los obispos del sur"}]},{"@type":"WebSite","@id":"https:\/\/exaudi.org\/#website","url":"https:\/\/exaudi.org\/","name":"Exaudi","description":"News","potentialAction":[{"@type":"SearchAction","target":{"@type":"EntryPoint","urlTemplate":"https:\/\/exaudi.org\/?s={search_term_string}"},"query-input":{"@type":"PropertyValueSpecification","valueRequired":true,"valueName":"search_term_string"}}],"inLanguage":"es"},{"@type":"Person","@id":"https:\/\/exaudi.org\/#\/schema\/person\/f5fc8f063065e38742da7afe15f25df7","name":"Exaudi Redacci\u00f3n","image":{"@type":"ImageObject","inLanguage":"es","@id":"https:\/\/secure.gravatar.com\/avatar\/fe0f6a059fb68d9b3e11bc5850dd4899b1c7492091a3cb6dd9b01b56ad828be2?s=96&d=mm&r=g","url":"https:\/\/secure.gravatar.com\/avatar\/fe0f6a059fb68d9b3e11bc5850dd4899b1c7492091a3cb6dd9b01b56ad828be2?s=96&d=mm&r=g","contentUrl":"https:\/\/secure.gravatar.com\/avatar\/fe0f6a059fb68d9b3e11bc5850dd4899b1c7492091a3cb6dd9b01b56ad828be2?s=96&d=mm&r=g","caption":"Exaudi Redacci\u00f3n"},"description":"\u00bfQu\u00e9 es Exaudi News? Exaudi News es un medio de comunicaci\u00f3n cat\u00f3lico internacional que informa, forma y transforma, diariamente en espa\u00f1ol, ingl\u00e9s e italiano. A trav\u00e9s de noticias, art\u00edculos de an\u00e1lisis y transmisiones en directo de los eventos del Papa, Exaudi busca fortalecer la unidad de los cristianos y contribuir a la evangelizaci\u00f3n del mundo, siempre guiados por la doctrina social de la Iglesia. Trabajamos para acercar la verdad y los valores cristianos a cada rinc\u00f3n del planeta. \u00a1Ay\u00fadanos a transformar el mundo con Exaudi! En Exaudi creemos que la evangelizaci\u00f3n y la informaci\u00f3n de calidad pueden cambiar vidas. Para continuar con nuestra misi\u00f3n y expandir nuestro alcance, necesitamos tu ayuda. Adem\u00e1s, buscamos personas comprometidas que deseen unirse a nuestro equipo. Con tu apoyo, lograremos llegar a m\u00e1s personas, difundir el mensaje de Cristo y reforzar la unidad de los cristianos. \u00bfTe unes a nuestra misi\u00f3n? Para m\u00e1s informaci\u00f3n sobre c\u00f3mo colaborar, visita Exaudi.org\/es o cont\u00e1ctanos directamente: info@exaudi.org Exaudi: Informa, forma y transforma.","sameAs":["https:\/\/www.facebook.com\/ExaudiNoticias\/","https:\/\/www.instagram.com\/exaudi_noticias\/","https:\/\/x.com\/Exaudi_noticias","https:\/\/www.youtube.com\/@exaudicatholicnews"],"url":"https:\/\/exaudi.org\/es\/author\/redaccionexaudi\/"}]}},"jetpack_featured_media_url":"https:\/\/exaudi.org\/wp-content\/uploads\/2022\/02\/CXLIX-Asamblea-Ordinaria-de-los-Obispos-del-Sur-de-Espana-Cordoba-17-y-18-de-febrero-de-2022.jpg","jetpack_shortlink":"https:\/\/wp.me\/pgKjF2-dFd","_links":{"self":[{"href":"https:\/\/exaudi.org\/es\/wp-json\/wp\/v2\/posts\/52527","targetHints":{"allow":["GET"]}}],"collection":[{"href":"https:\/\/exaudi.org\/es\/wp-json\/wp\/v2\/posts"}],"about":[{"href":"https:\/\/exaudi.org\/es\/wp-json\/wp\/v2\/types\/post"}],"author":[{"embeddable":true,"href":"https:\/\/exaudi.org\/es\/wp-json\/wp\/v2\/users\/15"}],"replies":[{"embeddable":true,"href":"https:\/\/exaudi.org\/es\/wp-json\/wp\/v2\/comments?post=52527"}],"version-history":[{"count":0,"href":"https:\/\/exaudi.org\/es\/wp-json\/wp\/v2\/posts\/52527\/revisions"}],"wp:featuredmedia":[{"embeddable":true,"href":"https:\/\/exaudi.org\/es\/wp-json\/wp\/v2\/media\/52528"}],"wp:attachment":[{"href":"https:\/\/exaudi.org\/es\/wp-json\/wp\/v2\/media?parent=52527"}],"wp:term":[{"taxonomy":"category","embeddable":true,"href":"https:\/\/exaudi.org\/es\/wp-json\/wp\/v2\/categories?post=52527"},{"taxonomy":"post_tag","embeddable":true,"href":"https:\/\/exaudi.org\/es\/wp-json\/wp\/v2\/tags?post=52527"}],"curies":[{"name":"wp","href":"https:\/\/api.w.org\/{rel}","templated":true}]}}