{"id":52503,"date":"2022-02-18T12:28:42","date_gmt":"2022-02-18T11:28:42","guid":{"rendered":"https:\/\/exaudi.org\/?p=52503"},"modified":"2022-02-18T12:28:42","modified_gmt":"2022-02-18T11:28:42","slug":"comision-america-latina-emilce-cuda-nombrada-secretaria","status":"publish","type":"post","link":"https:\/\/exaudi.org\/es\/comision-america-latina-emilce-cuda-nombrada-secretaria\/","title":{"rendered":"Comisi\u00f3n Pontificia para Am\u00e9rica Latina: Emilce Cuda, nombrada secretaria"},"content":{"rendered":"<p>El Papa Francisco ha nombrado secretaria de la <a href=\"http:\/\/www.americalatina.va\/content\/americalatina\/es.html\" target=\"_blank\" rel=\"noopener\">Comisi\u00f3n Pontificia para Am\u00e9rica Latina<\/a>, junto con el profesor <a href=\"https:\/\/exaudi.org\/es\/rodrigo-guerra-los-laicos-debemos-reivindicar-nuestra-mision-en-la-iglesia\/\" target=\"_blank\" rel=\"noopener\">Rodrigo Guerra L\u00f3pez<\/a>, a la profesora <a href=\"https:\/\/exaudi.org\/es\/la-mujer-es-parte-de-la-creacion-y-no-va-a-ser-gratis-excluirla\/\" target=\"_blank\" rel=\"noopener\">Emilce Cuda<\/a>, hasta ahora <a href=\"https:\/\/exaudi.org\/es\/rodrigo-guerra-secretario-comision-pontificia-america-latina\/\" target=\"_blank\" rel=\"noopener\">jefa de la Oficina de la misma Comisi\u00f3n Pontifici<\/a>a, informa hoy, 18 de febrero de 2022, la Oficina de Prensa de la Santa Sede.<\/p>\n<h2><strong>Emilce Cuda<\/strong><\/h2>\n<figure id=\"attachment_44812\" aria-describedby=\"caption-attachment-44812\" style=\"width: 300px\" class=\"wp-caption alignleft\"><img loading=\"lazy\" decoding=\"async\" class=\"size-medium wp-image-44812\" src=\"https:\/\/exaudi.org\/wp-content\/uploads\/2021\/12\/Emilce-Cuda-800x445-1-300x167.jpeg\" alt=\"mujer parte creaci\u00f3n gratis\" width=\"300\" height=\"167\" srcset=\"https:\/\/exaudi.org\/wp-content\/uploads\/2021\/12\/Emilce-Cuda-800x445-1-300x167.jpeg 300w, https:\/\/exaudi.org\/wp-content\/uploads\/2021\/12\/Emilce-Cuda-800x445-1-770x428.jpeg 770w, https:\/\/exaudi.org\/wp-content\/uploads\/2021\/12\/Emilce-Cuda-800x445-1-500x278.jpeg 500w, https:\/\/exaudi.org\/wp-content\/uploads\/2021\/12\/Emilce-Cuda-800x445-1-293x163.jpeg 293w, https:\/\/exaudi.org\/wp-content\/uploads\/2021\/12\/Emilce-Cuda-800x445-1-390x217.jpeg 390w, https:\/\/exaudi.org\/wp-content\/uploads\/2021\/12\/Emilce-Cuda-800x445-1.jpeg 800w\" sizes=\"auto, (max-width: 300px) 100vw, 300px\" \/><figcaption id=\"caption-attachment-44812\" class=\"wp-caption-text\">La te\u00f3loga Emilce Cuda \u00a9 CELAM<\/figcaption><\/figure>\n<p>Emilce Cuda es doctora en Teolog\u00eda por la Pontificia Universidad Cat\u00f3lica Argentina, donde obtuvo tambi\u00e9n el grado de Bachelor en Teolog\u00eda y de Mag\u00edster en Teolog\u00eda Moral Social. Estudi\u00f3 Filosof\u00eda en la Universidad de Buenos Aires, Ciencia Pol\u00edtica en <em>Northwestern University<\/em>, y Econom\u00eda y Negocios en la Universidad de Ciencias Empresariales y Sociales.<\/p>\n<p>Asimismo, es profesora asociada por concurso p\u00fablico en la Universidad Nacional Arturo Jauretche; profesora interina de la Universidad Cat\u00f3lica Argentina y de la Universidad de Buenos Aires; y profesora asociada invitada de\u00a0<em>St. Thomas University<\/em>, Houston.<\/p>\n<p>Fue profesora invitada de\u00a0<em>Boston College University, Northwestern University y De Paul University<\/em>\u00a0en los Estados Unidos de Norteam\u00e9rica. Es miembro del equipo profesional consultor del CELAM y del equipo de especialistas internacionales del programa\u00a0<em>The Future of Work<\/em>.\u00a0<em>Labor after Laudato Si\u2019<\/em>, de la Comisi\u00f3n Internacional de Migraciones Cat\u00f3lica (ICMC), Ginebra.<\/p>\n<p>Coordina el GT internacional de CLACSO: \u201cEl futuro del Trabajo y Cuidado de la Casa Com\u00fan\u201d, y asesora en asuntos sindicales latinoamericanos a la UITEC. Ha participado en diversos congresos internacionales, tanto en Am\u00e9rica como en Europa y Asia, y ha realizado diversas publicaciones en revistas cient\u00edficas sobre trabajo y pol\u00edtica. Su \u00faltimo libro: Para leer a Francisco. Teolog\u00eda, \u00c9tica y Pol\u00edtica, Ediciones Manantial, Buenos Aires, 2016.<\/p>\n<p>El 26 de julio de 2021 fue nombrada por el Pont\u00edfice como Jefa de Oficina de la Comisi\u00f3n Pontificia para Am\u00e9rica Latina.<\/p>\n<h2><strong>Comisi\u00f3n Pontificia para Am\u00e9rica Latina<\/strong><\/h2>\n<p>Tal y como explica ADN CELAM, sistema informativo del <a href=\"https:\/\/www.celam.org\/\" target=\"_blank\" rel=\"noopener\">Consejo Episcopal Latinoamericano (CELAM)<\/a>, la Pontificia Comisi\u00f3n para Am\u00e9rica Latina fue creada en 1958, su principal funci\u00f3n es la de aconsejar y ayudar a las Iglesias particulares en Am\u00e9rica Latina, liderando los estudios sobre las cuestiones referidas a la vida y el progreso de nuestras iglesias particulares; siempre en un di\u00e1logo coordinado con el CELAM y dispuesta a la escucha de sus propuestas como organismo de comuni\u00f3n y reflexi\u00f3n episcopal.<\/p>\n<p>Actualmente est\u00e1 presidida por el <a href=\"https:\/\/exaudi.org\/es\/cardenal-ouellet-exaudi-sacerdotes-espiritual-paternidad-fundamental\/\" target=\"_blank\" rel=\"noopener\">cardenal Marc Ouellet<\/a> que su vez es el prefecto de la Congregaci\u00f3n para los Obispos.<\/p>\n","protected":false},"excerpt":{"rendered":"<p>Por el Santo Padre. La te\u00f3loga argentina y laica ocupar\u00e1 este cargo junto a Rodrigo Guerra<\/p>\n","protected":false},"author":5,"featured_media":52507,"comment_status":"closed","ping_status":"closed","sticky":false,"template":"","format":"standard","meta":{"_acf_changed":false,"_crdt_document":"","inline_featured_image":false,"footnotes":""},"categories":[132],"tags":[5929,5930,4953],"class_list":["post-52503","post","type-post","status-publish","format-standard","has-post-thumbnail","hentry","category-vaticano-es","tag-emilce-cuda","tag-pontificia","tag-trending-es"],"acf":[],"yoast_head":"<!-- This site is optimized with the Yoast SEO plugin v27.5 - https:\/\/yoast.com\/product\/yoast-seo-wordpress\/ -->\n<title>Comisi\u00f3n Pontificia para Am\u00e9rica Latina: Emilce Cuda, nombrada secretaria &#8211; Exaudi<\/title>\n<meta name=\"description\" content=\"El Papa nombra secretaria de la Comisi\u00f3n Pontificia para Am\u00e9rica Latina, junto con el profesor Rodrigo Guerra, a la profesora Emilce Cuda\" \/>\n<meta name=\"robots\" content=\"index, follow, max-snippet:-1, max-image-preview:large, max-video-preview:-1\" \/>\n<link rel=\"canonical\" href=\"https:\/\/exaudi.org\/es\/comision-america-latina-emilce-cuda-nombrada-secretaria\/\" \/>\n<meta property=\"og:locale\" content=\"es_ES\" \/>\n<meta property=\"og:type\" content=\"article\" \/>\n<meta property=\"og:title\" content=\"Comisi\u00f3n Pontificia para Am\u00e9rica Latina: Emilce Cuda, nombrada secretaria &#8211; Exaudi\" \/>\n<meta property=\"og:description\" content=\"El Papa nombra secretaria de la Comisi\u00f3n Pontificia para Am\u00e9rica Latina, junto con el profesor Rodrigo Guerra, a la profesora Emilce Cuda\" \/>\n<meta property=\"og:url\" content=\"https:\/\/exaudi.org\/es\/comision-america-latina-emilce-cuda-nombrada-secretaria\/\" \/>\n<meta property=\"og:site_name\" content=\"Exaudi\" \/>\n<meta property=\"article:publisher\" content=\"https:\/\/www.facebook.com\/ExaudiNews\" \/>\n<meta property=\"article:published_time\" content=\"2022-02-18T11:28:42+00:00\" \/>\n<meta property=\"og:image\" content=\"https:\/\/exaudi.org\/wp-content\/uploads\/2022\/02\/El-Papa-Francisco-saluda-a-Emilce-Cuda.jpg\" \/>\n\t<meta property=\"og:image:width\" content=\"1501\" \/>\n\t<meta property=\"og:image:height\" content=\"1170\" \/>\n\t<meta property=\"og:image:type\" content=\"image\/jpeg\" \/>\n<meta name=\"author\" content=\"Larissa I. L\u00f3pez\" \/>\n<meta name=\"twitter:card\" content=\"summary_large_image\" \/>\n<meta name=\"twitter:creator\" content=\"@Exaudi_News\" \/>\n<meta name=\"twitter:site\" content=\"@Exaudi_News\" \/>\n<meta name=\"twitter:label1\" content=\"Escrito por\" \/>\n\t<meta name=\"twitter:data1\" content=\"Larissa I. L\u00f3pez\" \/>\n\t<meta name=\"twitter:label2\" content=\"Tiempo de lectura\" \/>\n\t<meta name=\"twitter:data2\" content=\"3 minutos\" \/>\n<script type=\"application\/ld+json\" class=\"yoast-schema-graph\">{\"@context\":\"https:\\\/\\\/schema.org\",\"@graph\":[{\"@type\":\"Article\",\"@id\":\"https:\\\/\\\/exaudi.org\\\/es\\\/comision-america-latina-emilce-cuda-nombrada-secretaria\\\/#article\",\"isPartOf\":{\"@id\":\"https:\\\/\\\/exaudi.org\\\/es\\\/comision-america-latina-emilce-cuda-nombrada-secretaria\\\/\"},\"author\":{\"name\":\"Larissa I. L\u00f3pez\",\"@id\":\"https:\\\/\\\/exaudi.org\\\/#\\\/schema\\\/person\\\/7d2f77db033c2c0929edfab6dbe8c588\"},\"headline\":\"Comisi\u00f3n Pontificia para Am\u00e9rica Latina: Emilce Cuda, nombrada secretaria\",\"datePublished\":\"2022-02-18T11:28:42+00:00\",\"mainEntityOfPage\":{\"@id\":\"https:\\\/\\\/exaudi.org\\\/es\\\/comision-america-latina-emilce-cuda-nombrada-secretaria\\\/\"},\"wordCount\":442,\"image\":{\"@id\":\"https:\\\/\\\/exaudi.org\\\/es\\\/comision-america-latina-emilce-cuda-nombrada-secretaria\\\/#primaryimage\"},\"thumbnailUrl\":\"https:\\\/\\\/exaudi.org\\\/wp-content\\\/uploads\\\/2022\\\/02\\\/El-Papa-Francisco-saluda-a-Emilce-Cuda.jpg\",\"keywords\":[\"Emilce Cuda\",\"Pontificia\",\"Trending\"],\"articleSection\":[\"Vaticano\"],\"inLanguage\":\"es\"},{\"@type\":\"WebPage\",\"@id\":\"https:\\\/\\\/exaudi.org\\\/es\\\/comision-america-latina-emilce-cuda-nombrada-secretaria\\\/\",\"url\":\"https:\\\/\\\/exaudi.org\\\/es\\\/comision-america-latina-emilce-cuda-nombrada-secretaria\\\/\",\"name\":\"Comisi\u00f3n Pontificia para Am\u00e9rica Latina: Emilce Cuda, nombrada secretaria &#8211; Exaudi\",\"isPartOf\":{\"@id\":\"https:\\\/\\\/exaudi.org\\\/#website\"},\"primaryImageOfPage\":{\"@id\":\"https:\\\/\\\/exaudi.org\\\/es\\\/comision-america-latina-emilce-cuda-nombrada-secretaria\\\/#primaryimage\"},\"image\":{\"@id\":\"https:\\\/\\\/exaudi.org\\\/es\\\/comision-america-latina-emilce-cuda-nombrada-secretaria\\\/#primaryimage\"},\"thumbnailUrl\":\"https:\\\/\\\/exaudi.org\\\/wp-content\\\/uploads\\\/2022\\\/02\\\/El-Papa-Francisco-saluda-a-Emilce-Cuda.jpg\",\"datePublished\":\"2022-02-18T11:28:42+00:00\",\"author\":{\"@id\":\"https:\\\/\\\/exaudi.org\\\/#\\\/schema\\\/person\\\/7d2f77db033c2c0929edfab6dbe8c588\"},\"description\":\"El Papa nombra secretaria de la Comisi\u00f3n Pontificia para Am\u00e9rica Latina, junto con el profesor Rodrigo Guerra, a la profesora Emilce Cuda\",\"breadcrumb\":{\"@id\":\"https:\\\/\\\/exaudi.org\\\/es\\\/comision-america-latina-emilce-cuda-nombrada-secretaria\\\/#breadcrumb\"},\"inLanguage\":\"es\",\"potentialAction\":[{\"@type\":\"ReadAction\",\"target\":[\"https:\\\/\\\/exaudi.org\\\/es\\\/comision-america-latina-emilce-cuda-nombrada-secretaria\\\/\"]}]},{\"@type\":\"ImageObject\",\"inLanguage\":\"es\",\"@id\":\"https:\\\/\\\/exaudi.org\\\/es\\\/comision-america-latina-emilce-cuda-nombrada-secretaria\\\/#primaryimage\",\"url\":\"https:\\\/\\\/exaudi.org\\\/wp-content\\\/uploads\\\/2022\\\/02\\\/El-Papa-Francisco-saluda-a-Emilce-Cuda.jpg\",\"contentUrl\":\"https:\\\/\\\/exaudi.org\\\/wp-content\\\/uploads\\\/2022\\\/02\\\/El-Papa-Francisco-saluda-a-Emilce-Cuda.jpg\",\"width\":1501,\"height\":1170,\"caption\":\"El Papa Francisco saluda a Emilce Cuda \u00a9 Vatican Media\"},{\"@type\":\"BreadcrumbList\",\"@id\":\"https:\\\/\\\/exaudi.org\\\/es\\\/comision-america-latina-emilce-cuda-nombrada-secretaria\\\/#breadcrumb\",\"itemListElement\":[{\"@type\":\"ListItem\",\"position\":1,\"name\":\"Portada\",\"item\":\"https:\\\/\\\/exaudi.org\\\/es\\\/\"},{\"@type\":\"ListItem\",\"position\":2,\"name\":\"Comisi\u00f3n Pontificia para Am\u00e9rica Latina: Emilce Cuda, nombrada secretaria\"}]},{\"@type\":\"WebSite\",\"@id\":\"https:\\\/\\\/exaudi.org\\\/#website\",\"url\":\"https:\\\/\\\/exaudi.org\\\/\",\"name\":\"Exaudi\",\"description\":\"News\",\"potentialAction\":[{\"@type\":\"SearchAction\",\"target\":{\"@type\":\"EntryPoint\",\"urlTemplate\":\"https:\\\/\\\/exaudi.org\\\/?s={search_term_string}\"},\"query-input\":{\"@type\":\"PropertyValueSpecification\",\"valueRequired\":true,\"valueName\":\"search_term_string\"}}],\"inLanguage\":\"es\"},{\"@type\":\"Person\",\"@id\":\"https:\\\/\\\/exaudi.org\\\/#\\\/schema\\\/person\\\/7d2f77db033c2c0929edfab6dbe8c588\",\"name\":\"Larissa I. L\u00f3pez\",\"image\":{\"@type\":\"ImageObject\",\"inLanguage\":\"es\",\"@id\":\"https:\\\/\\\/secure.gravatar.com\\\/avatar\\\/db3ef399ff343d0bb9d25dc5198bc8ece5ac6d621eca79876697a354dabc1e3f?s=96&d=mm&r=g\",\"url\":\"https:\\\/\\\/secure.gravatar.com\\\/avatar\\\/db3ef399ff343d0bb9d25dc5198bc8ece5ac6d621eca79876697a354dabc1e3f?s=96&d=mm&r=g\",\"contentUrl\":\"https:\\\/\\\/secure.gravatar.com\\\/avatar\\\/db3ef399ff343d0bb9d25dc5198bc8ece5ac6d621eca79876697a354dabc1e3f?s=96&d=mm&r=g\",\"caption\":\"Larissa I. L\u00f3pez\"},\"description\":\"Doctora en Comunicaci\u00f3n. Mi trayectoria profesional ha transcurrido entre el \u00e1mbito de la comunicaci\u00f3n y el de la docencia. En los \u00faltimos a\u00f1os, he trabajado como coordinadora y redactora de la edici\u00f3n de ZENIT en espa\u00f1ol. Como profesora, he impartido clases en la universidad y en centros de FP y bachillerato. Cordobesa de nacimiento, tambi\u00e9n he vivido en Sevilla, Madrid y Roma\",\"url\":\"https:\\\/\\\/exaudi.org\\\/es\\\/author\\\/llopezexaudi-org\\\/\"}]}<\/script>\n<!-- \/ Yoast SEO plugin. -->","yoast_head_json":{"title":"Comisi\u00f3n Pontificia para Am\u00e9rica Latina: Emilce Cuda, nombrada secretaria &#8211; Exaudi","description":"El Papa nombra secretaria de la Comisi\u00f3n Pontificia para Am\u00e9rica Latina, junto con el profesor Rodrigo Guerra, a la profesora Emilce Cuda","robots":{"index":"index","follow":"follow","max-snippet":"max-snippet:-1","max-image-preview":"max-image-preview:large","max-video-preview":"max-video-preview:-1"},"canonical":"https:\/\/exaudi.org\/es\/comision-america-latina-emilce-cuda-nombrada-secretaria\/","og_locale":"es_ES","og_type":"article","og_title":"Comisi\u00f3n Pontificia para Am\u00e9rica Latina: Emilce Cuda, nombrada secretaria &#8211; Exaudi","og_description":"El Papa nombra secretaria de la Comisi\u00f3n Pontificia para Am\u00e9rica Latina, junto con el profesor Rodrigo Guerra, a la profesora Emilce Cuda","og_url":"https:\/\/exaudi.org\/es\/comision-america-latina-emilce-cuda-nombrada-secretaria\/","og_site_name":"Exaudi","article_publisher":"https:\/\/www.facebook.com\/ExaudiNews","article_published_time":"2022-02-18T11:28:42+00:00","og_image":[{"width":1501,"height":1170,"url":"https:\/\/exaudi.org\/wp-content\/uploads\/2022\/02\/El-Papa-Francisco-saluda-a-Emilce-Cuda.jpg","type":"image\/jpeg"}],"author":"Larissa I. L\u00f3pez","twitter_card":"summary_large_image","twitter_creator":"@Exaudi_News","twitter_site":"@Exaudi_News","twitter_misc":{"Escrito por":"Larissa I. L\u00f3pez","Tiempo de lectura":"3 minutos"},"schema":{"@context":"https:\/\/schema.org","@graph":[{"@type":"Article","@id":"https:\/\/exaudi.org\/es\/comision-america-latina-emilce-cuda-nombrada-secretaria\/#article","isPartOf":{"@id":"https:\/\/exaudi.org\/es\/comision-america-latina-emilce-cuda-nombrada-secretaria\/"},"author":{"name":"Larissa I. L\u00f3pez","@id":"https:\/\/exaudi.org\/#\/schema\/person\/7d2f77db033c2c0929edfab6dbe8c588"},"headline":"Comisi\u00f3n Pontificia para Am\u00e9rica Latina: Emilce Cuda, nombrada secretaria","datePublished":"2022-02-18T11:28:42+00:00","mainEntityOfPage":{"@id":"https:\/\/exaudi.org\/es\/comision-america-latina-emilce-cuda-nombrada-secretaria\/"},"wordCount":442,"image":{"@id":"https:\/\/exaudi.org\/es\/comision-america-latina-emilce-cuda-nombrada-secretaria\/#primaryimage"},"thumbnailUrl":"https:\/\/exaudi.org\/wp-content\/uploads\/2022\/02\/El-Papa-Francisco-saluda-a-Emilce-Cuda.jpg","keywords":["Emilce Cuda","Pontificia","Trending"],"articleSection":["Vaticano"],"inLanguage":"es"},{"@type":"WebPage","@id":"https:\/\/exaudi.org\/es\/comision-america-latina-emilce-cuda-nombrada-secretaria\/","url":"https:\/\/exaudi.org\/es\/comision-america-latina-emilce-cuda-nombrada-secretaria\/","name":"Comisi\u00f3n Pontificia para Am\u00e9rica Latina: Emilce Cuda, nombrada secretaria &#8211; Exaudi","isPartOf":{"@id":"https:\/\/exaudi.org\/#website"},"primaryImageOfPage":{"@id":"https:\/\/exaudi.org\/es\/comision-america-latina-emilce-cuda-nombrada-secretaria\/#primaryimage"},"image":{"@id":"https:\/\/exaudi.org\/es\/comision-america-latina-emilce-cuda-nombrada-secretaria\/#primaryimage"},"thumbnailUrl":"https:\/\/exaudi.org\/wp-content\/uploads\/2022\/02\/El-Papa-Francisco-saluda-a-Emilce-Cuda.jpg","datePublished":"2022-02-18T11:28:42+00:00","author":{"@id":"https:\/\/exaudi.org\/#\/schema\/person\/7d2f77db033c2c0929edfab6dbe8c588"},"description":"El Papa nombra secretaria de la Comisi\u00f3n Pontificia para Am\u00e9rica Latina, junto con el profesor Rodrigo Guerra, a la profesora Emilce Cuda","breadcrumb":{"@id":"https:\/\/exaudi.org\/es\/comision-america-latina-emilce-cuda-nombrada-secretaria\/#breadcrumb"},"inLanguage":"es","potentialAction":[{"@type":"ReadAction","target":["https:\/\/exaudi.org\/es\/comision-america-latina-emilce-cuda-nombrada-secretaria\/"]}]},{"@type":"ImageObject","inLanguage":"es","@id":"https:\/\/exaudi.org\/es\/comision-america-latina-emilce-cuda-nombrada-secretaria\/#primaryimage","url":"https:\/\/exaudi.org\/wp-content\/uploads\/2022\/02\/El-Papa-Francisco-saluda-a-Emilce-Cuda.jpg","contentUrl":"https:\/\/exaudi.org\/wp-content\/uploads\/2022\/02\/El-Papa-Francisco-saluda-a-Emilce-Cuda.jpg","width":1501,"height":1170,"caption":"El Papa Francisco saluda a Emilce Cuda \u00a9 Vatican Media"},{"@type":"BreadcrumbList","@id":"https:\/\/exaudi.org\/es\/comision-america-latina-emilce-cuda-nombrada-secretaria\/#breadcrumb","itemListElement":[{"@type":"ListItem","position":1,"name":"Portada","item":"https:\/\/exaudi.org\/es\/"},{"@type":"ListItem","position":2,"name":"Comisi\u00f3n Pontificia para Am\u00e9rica Latina: Emilce Cuda, nombrada secretaria"}]},{"@type":"WebSite","@id":"https:\/\/exaudi.org\/#website","url":"https:\/\/exaudi.org\/","name":"Exaudi","description":"News","potentialAction":[{"@type":"SearchAction","target":{"@type":"EntryPoint","urlTemplate":"https:\/\/exaudi.org\/?s={search_term_string}"},"query-input":{"@type":"PropertyValueSpecification","valueRequired":true,"valueName":"search_term_string"}}],"inLanguage":"es"},{"@type":"Person","@id":"https:\/\/exaudi.org\/#\/schema\/person\/7d2f77db033c2c0929edfab6dbe8c588","name":"Larissa I. L\u00f3pez","image":{"@type":"ImageObject","inLanguage":"es","@id":"https:\/\/secure.gravatar.com\/avatar\/db3ef399ff343d0bb9d25dc5198bc8ece5ac6d621eca79876697a354dabc1e3f?s=96&d=mm&r=g","url":"https:\/\/secure.gravatar.com\/avatar\/db3ef399ff343d0bb9d25dc5198bc8ece5ac6d621eca79876697a354dabc1e3f?s=96&d=mm&r=g","contentUrl":"https:\/\/secure.gravatar.com\/avatar\/db3ef399ff343d0bb9d25dc5198bc8ece5ac6d621eca79876697a354dabc1e3f?s=96&d=mm&r=g","caption":"Larissa I. L\u00f3pez"},"description":"Doctora en Comunicaci\u00f3n. Mi trayectoria profesional ha transcurrido entre el \u00e1mbito de la comunicaci\u00f3n y el de la docencia. En los \u00faltimos a\u00f1os, he trabajado como coordinadora y redactora de la edici\u00f3n de ZENIT en espa\u00f1ol. Como profesora, he impartido clases en la universidad y en centros de FP y bachillerato. Cordobesa de nacimiento, tambi\u00e9n he vivido en Sevilla, Madrid y Roma","url":"https:\/\/exaudi.org\/es\/author\/llopezexaudi-org\/"}]}},"jetpack_featured_media_url":"https:\/\/exaudi.org\/wp-content\/uploads\/2022\/02\/El-Papa-Francisco-saluda-a-Emilce-Cuda.jpg","jetpack_shortlink":"https:\/\/wp.me\/pgKjF2-dEP","_links":{"self":[{"href":"https:\/\/exaudi.org\/es\/wp-json\/wp\/v2\/posts\/52503","targetHints":{"allow":["GET"]}}],"collection":[{"href":"https:\/\/exaudi.org\/es\/wp-json\/wp\/v2\/posts"}],"about":[{"href":"https:\/\/exaudi.org\/es\/wp-json\/wp\/v2\/types\/post"}],"author":[{"embeddable":true,"href":"https:\/\/exaudi.org\/es\/wp-json\/wp\/v2\/users\/5"}],"replies":[{"embeddable":true,"href":"https:\/\/exaudi.org\/es\/wp-json\/wp\/v2\/comments?post=52503"}],"version-history":[{"count":0,"href":"https:\/\/exaudi.org\/es\/wp-json\/wp\/v2\/posts\/52503\/revisions"}],"wp:featuredmedia":[{"embeddable":true,"href":"https:\/\/exaudi.org\/es\/wp-json\/wp\/v2\/media\/52507"}],"wp:attachment":[{"href":"https:\/\/exaudi.org\/es\/wp-json\/wp\/v2\/media?parent=52503"}],"wp:term":[{"taxonomy":"category","embeddable":true,"href":"https:\/\/exaudi.org\/es\/wp-json\/wp\/v2\/categories?post=52503"},{"taxonomy":"post_tag","embeddable":true,"href":"https:\/\/exaudi.org\/es\/wp-json\/wp\/v2\/tags?post=52503"}],"curies":[{"name":"wp","href":"https:\/\/api.w.org\/{rel}","templated":true}]}}