{"id":52495,"date":"2022-02-18T12:22:43","date_gmt":"2022-02-18T11:22:43","guid":{"rendered":"https:\/\/exaudi.org\/?p=52495"},"modified":"2022-02-18T12:23:34","modified_gmt":"2022-02-18T11:23:34","slug":"atender-enfermos-integralmente-personas-imagen-dios","status":"publish","type":"post","link":"https:\/\/exaudi.org\/es\/atender-enfermos-integralmente-personas-imagen-dios\/","title":{"rendered":"Atender a los enfermos integralmente \u201ccomo personas a imagen de Dios\u201d"},"content":{"rendered":"<p>\u201cAprecio mucho la encomiable sensibilidad mostrada en la atenci\u00f3n a los enfermos, considerados en su totalidad como personas a imagen de Dios. Que esta sabidur\u00eda ayude a promover una atenci\u00f3n renovada en quienes cuidan a los enfermos, para que experimenten la cercan\u00eda amorosa y el consuelo a ejemplo de Jes\u00fas, el buen samaritano de la humanidad\u201d, destaca el <a href=\"https:\/\/exaudi.org\/es\/sacerdocio-el-testamento-espiritual-del-papa-francisco\/\" target=\"_blank\" rel=\"noopener\">Papa Francisco<\/a> en el prefacio del libro <em>Espiritualidad en el cuidado. Di\u00e1logos entre cl\u00ednica, psicolog\u00eda y pastoral.<\/em><\/p>\n<p>El volumen, informa Vatican News, ha sido publicado por el <a href=\"https:\/\/libreria.sanpablo.es\/\" target=\"_blank\" rel=\"noopener\">grupo editorial <em>San Paolo<\/em><\/a>, y firmado por el doctor Carlo Alfredo Clerici y el padre Tullio Proserpio, m\u00e9dico y sacerdote respectivamente, comprometidos en el servicio a los enfermos del Instituto Nacional de Tumores de Mil\u00e1n. El libro saldr\u00e1 a la venta el pr\u00f3ximo jueves 24 de febrero.<\/p>\n<h2>Espiritualidad en la enfermedad<\/h2>\n<p>Seg\u00fan la traducci\u00f3n del medio vaticano, el Santo Padre describe que el libro \u201ctrata un tema especialmente delicado e importante, la espiritualidad en el momento de la enfermedad\u201d, y que \u201cmuestra una se\u00f1al ciertamente positiva de atenci\u00f3n por parte de la comunidad cient\u00edfica, que reconoce, por el bien de los pacientes, de los familiares, as\u00ed como del personal, la ayuda espiritual, que tal vez se ha descuidado un poco en los \u00faltimos a\u00f1os\u201d.<\/p>\n<p>\u201cLa pandemia de COVID-19 ha puesto de manifiesto la necesidad de no dejarse llevar s\u00f3lo por las l\u00f3gicas econ\u00f3micas, incapaces de satisfacer plenamente las necesidades profundas del hombre. La atenci\u00f3n a la perspectiva espiritual ayuda a responder, en armon\u00eda con las dem\u00e1s realidades implicadas, a esta pregunta. Es precisamente la visi\u00f3n desde la periferia de la condici\u00f3n humana, marcada por la precariedad de la existencia, la que favorece la construcci\u00f3n de esos puentes necesarios para no olvidar el aspecto humano que nos caracteriza y para identificar siempre nuevos caminos, a menudo imprevistos\u201d, expone.<\/p>\n<p>Igualmente, el Pont\u00edfice muestra su esperanza en que el el \u201cdi\u00e1logo entre los \u00e1mbitos teol\u00f3gico-pastoral y cl\u00ednico-psicol\u00f3gico pueda continuar con una eficacia cada vez mayor, con una disposici\u00f3n constante para abordar cuestiones tan complejas. Que el Esp\u00edritu Santo acompa\u00f1e a todos los que comparten la experiencia de ayudar y apoyar a los enfermos\u201d.<\/p>\n","protected":false},"excerpt":{"rendered":"<p>Prefacio del Pont\u00edfice incluido en el libro \u2018Espiritualidad en el cuidado. Di\u00e1logos entre cl\u00ednica, psicolog\u00eda y pastoral\u2019<\/p>\n","protected":false},"author":6,"featured_media":52504,"comment_status":"closed","ping_status":"closed","sticky":false,"template":"","format":"standard","meta":{"_acf_changed":false,"_crdt_document":"","inline_featured_image":false,"footnotes":""},"categories":[],"tags":[5926,5925,5927,4953],"class_list":["post-52495","post","type-post","status-publish","format-standard","has-post-thumbnail","hentry","tag-libro-espiritualidad-en-el-cuidado-dialogos-entre-clinica","tag-prefacio","tag-psicologia-y-pastoral","tag-trending-es"],"acf":[],"yoast_head":"<!-- This site is optimized with the Yoast SEO plugin v27.4 - https:\/\/yoast.com\/product\/yoast-seo-wordpress\/ -->\n<title>Atender a los enfermos integralmente \u201ccomo personas a imagen de Dios\u201d<\/title>\n<meta name=\"description\" content=\"En su prefacio del libro \u2018Espiritualidad en el cuidado\u2019, el Papa habla de la importancia de atender a los enfermos como imagen de DIos.\" \/>\n<meta name=\"robots\" content=\"index, follow, max-snippet:-1, max-image-preview:large, max-video-preview:-1\" \/>\n<link rel=\"canonical\" href=\"https:\/\/exaudi.org\/es\/atender-enfermos-integralmente-personas-imagen-dios\/\" \/>\n<meta property=\"og:locale\" content=\"es_ES\" \/>\n<meta property=\"og:type\" content=\"article\" \/>\n<meta property=\"og:title\" content=\"Atender a los enfermos integralmente \u201ccomo personas a imagen de Dios\u201d\" \/>\n<meta property=\"og:description\" content=\"En su prefacio del libro \u2018Espiritualidad en el cuidado\u2019, el Papa habla de la importancia de atender a los enfermos como imagen de DIos.\" \/>\n<meta property=\"og:url\" content=\"https:\/\/exaudi.org\/es\/atender-enfermos-integralmente-personas-imagen-dios\/\" \/>\n<meta property=\"og:site_name\" content=\"Exaudi\" \/>\n<meta property=\"article:publisher\" content=\"https:\/\/www.facebook.com\/ExaudiNews\" \/>\n<meta property=\"article:published_time\" content=\"2022-02-18T11:22:43+00:00\" \/>\n<meta property=\"article:modified_time\" content=\"2022-02-18T11:23:34+00:00\" \/>\n<meta property=\"og:image\" content=\"https:\/\/exaudi.org\/wp-content\/uploads\/2022\/02\/prefaciopapaespiritualidadenfermos-scaled.jpg\" \/>\n\t<meta property=\"og:image:width\" content=\"2560\" \/>\n\t<meta property=\"og:image:height\" content=\"1707\" \/>\n\t<meta property=\"og:image:type\" content=\"image\/jpeg\" \/>\n<meta name=\"author\" content=\"Gabriel Sales\" \/>\n<meta name=\"twitter:card\" content=\"summary_large_image\" \/>\n<meta name=\"twitter:creator\" content=\"@habemusman\" \/>\n<meta name=\"twitter:site\" content=\"@Exaudi_News\" \/>\n<meta name=\"twitter:label1\" content=\"Escrito por\" \/>\n\t<meta name=\"twitter:data1\" content=\"Gabriel Sales\" \/>\n\t<meta name=\"twitter:label2\" content=\"Tiempo de lectura\" \/>\n\t<meta name=\"twitter:data2\" content=\"2 minutos\" \/>\n<script type=\"application\/ld+json\" class=\"yoast-schema-graph\">{\"@context\":\"https:\\\/\\\/schema.org\",\"@graph\":[{\"@type\":\"Article\",\"@id\":\"https:\\\/\\\/exaudi.org\\\/es\\\/atender-enfermos-integralmente-personas-imagen-dios\\\/#article\",\"isPartOf\":{\"@id\":\"https:\\\/\\\/exaudi.org\\\/es\\\/atender-enfermos-integralmente-personas-imagen-dios\\\/\"},\"author\":{\"name\":\"Gabriel Sales\",\"@id\":\"https:\\\/\\\/exaudi.org\\\/#\\\/schema\\\/person\\\/d134b96438278131ce90c90c03fda6cd\"},\"headline\":\"Atender a los enfermos integralmente \u201ccomo personas a imagen de Dios\u201d\",\"datePublished\":\"2022-02-18T11:22:43+00:00\",\"dateModified\":\"2022-02-18T11:23:34+00:00\",\"mainEntityOfPage\":{\"@id\":\"https:\\\/\\\/exaudi.org\\\/es\\\/atender-enfermos-integralmente-personas-imagen-dios\\\/\"},\"wordCount\":399,\"image\":{\"@id\":\"https:\\\/\\\/exaudi.org\\\/es\\\/atender-enfermos-integralmente-personas-imagen-dios\\\/#primaryimage\"},\"thumbnailUrl\":\"https:\\\/\\\/exaudi.org\\\/wp-content\\\/uploads\\\/2022\\\/02\\\/prefaciopapaespiritualidadenfermos-scaled.jpg\",\"keywords\":[\"Libro 'Espiritualidad en el cuidado. Di\u00e1logos entre cl\u00ednica\",\"Prefacio\",\"psicolog\u00eda y pastoral'\",\"Trending\"],\"inLanguage\":\"es\"},{\"@type\":\"WebPage\",\"@id\":\"https:\\\/\\\/exaudi.org\\\/es\\\/atender-enfermos-integralmente-personas-imagen-dios\\\/\",\"url\":\"https:\\\/\\\/exaudi.org\\\/es\\\/atender-enfermos-integralmente-personas-imagen-dios\\\/\",\"name\":\"Atender a los enfermos integralmente \u201ccomo personas a imagen de Dios\u201d\",\"isPartOf\":{\"@id\":\"https:\\\/\\\/exaudi.org\\\/#website\"},\"primaryImageOfPage\":{\"@id\":\"https:\\\/\\\/exaudi.org\\\/es\\\/atender-enfermos-integralmente-personas-imagen-dios\\\/#primaryimage\"},\"image\":{\"@id\":\"https:\\\/\\\/exaudi.org\\\/es\\\/atender-enfermos-integralmente-personas-imagen-dios\\\/#primaryimage\"},\"thumbnailUrl\":\"https:\\\/\\\/exaudi.org\\\/wp-content\\\/uploads\\\/2022\\\/02\\\/prefaciopapaespiritualidadenfermos-scaled.jpg\",\"datePublished\":\"2022-02-18T11:22:43+00:00\",\"dateModified\":\"2022-02-18T11:23:34+00:00\",\"author\":{\"@id\":\"https:\\\/\\\/exaudi.org\\\/#\\\/schema\\\/person\\\/d134b96438278131ce90c90c03fda6cd\"},\"description\":\"En su prefacio del libro \u2018Espiritualidad en el cuidado\u2019, el Papa habla de la importancia de atender a los enfermos como imagen de DIos.\",\"breadcrumb\":{\"@id\":\"https:\\\/\\\/exaudi.org\\\/es\\\/atender-enfermos-integralmente-personas-imagen-dios\\\/#breadcrumb\"},\"inLanguage\":\"es\",\"potentialAction\":[{\"@type\":\"ReadAction\",\"target\":[\"https:\\\/\\\/exaudi.org\\\/es\\\/atender-enfermos-integralmente-personas-imagen-dios\\\/\"]}]},{\"@type\":\"ImageObject\",\"inLanguage\":\"es\",\"@id\":\"https:\\\/\\\/exaudi.org\\\/es\\\/atender-enfermos-integralmente-personas-imagen-dios\\\/#primaryimage\",\"url\":\"https:\\\/\\\/exaudi.org\\\/wp-content\\\/uploads\\\/2022\\\/02\\\/prefaciopapaespiritualidadenfermos-scaled.jpg\",\"contentUrl\":\"https:\\\/\\\/exaudi.org\\\/wp-content\\\/uploads\\\/2022\\\/02\\\/prefaciopapaespiritualidadenfermos-scaled.jpg\",\"width\":2560,\"height\":1707,\"caption\":\"Papa Francisco bendiciendo a una mujer en silla de ruedas \u00a9 Vatican Media\"},{\"@type\":\"BreadcrumbList\",\"@id\":\"https:\\\/\\\/exaudi.org\\\/es\\\/atender-enfermos-integralmente-personas-imagen-dios\\\/#breadcrumb\",\"itemListElement\":[{\"@type\":\"ListItem\",\"position\":1,\"name\":\"Portada\",\"item\":\"https:\\\/\\\/exaudi.org\\\/es\\\/\"},{\"@type\":\"ListItem\",\"position\":2,\"name\":\"Atender a los enfermos integralmente \u201ccomo personas a imagen de Dios\u201d\"}]},{\"@type\":\"WebSite\",\"@id\":\"https:\\\/\\\/exaudi.org\\\/#website\",\"url\":\"https:\\\/\\\/exaudi.org\\\/\",\"name\":\"Exaudi\",\"description\":\"News\",\"potentialAction\":[{\"@type\":\"SearchAction\",\"target\":{\"@type\":\"EntryPoint\",\"urlTemplate\":\"https:\\\/\\\/exaudi.org\\\/?s={search_term_string}\"},\"query-input\":{\"@type\":\"PropertyValueSpecification\",\"valueRequired\":true,\"valueName\":\"search_term_string\"}}],\"inLanguage\":\"es\"},{\"@type\":\"Person\",\"@id\":\"https:\\\/\\\/exaudi.org\\\/#\\\/schema\\\/person\\\/d134b96438278131ce90c90c03fda6cd\",\"name\":\"Gabriel Sales\",\"image\":{\"@type\":\"ImageObject\",\"inLanguage\":\"es\",\"@id\":\"https:\\\/\\\/secure.gravatar.com\\\/avatar\\\/9b1269566f6a063ed26ffb3532b66a373cdde231ce5d0effb266167437fdaffd?s=96&d=mm&r=g\",\"url\":\"https:\\\/\\\/secure.gravatar.com\\\/avatar\\\/9b1269566f6a063ed26ffb3532b66a373cdde231ce5d0effb266167437fdaffd?s=96&d=mm&r=g\",\"contentUrl\":\"https:\\\/\\\/secure.gravatar.com\\\/avatar\\\/9b1269566f6a063ed26ffb3532b66a373cdde231ce5d0effb266167437fdaffd?s=96&d=mm&r=g\",\"caption\":\"Gabriel Sales\"},\"description\":\"Periodista y especialista en Comunicaci\u00f3n y Branding digital. Cin\u00e9filo y cr\u00edtico de cine y series de televisi\u00f3n.\",\"sameAs\":[\"https:\\\/\\\/www.instagram.com\\\/cine90segundos\\\/\",\"www.linkedin.com\\\/in\\\/habemusman\",\"https:\\\/\\\/x.com\\\/habemusman\",\"https:\\\/\\\/www.youtube.com\\\/channel\\\/UCVfCiOMkJ_C7T7OpyjuaLDg\"],\"url\":\"https:\\\/\\\/exaudi.org\\\/es\\\/author\\\/gsalesexaudi-org\\\/\"}]}<\/script>\n<!-- \/ Yoast SEO plugin. -->","yoast_head_json":{"title":"Atender a los enfermos integralmente \u201ccomo personas a imagen de Dios\u201d","description":"En su prefacio del libro \u2018Espiritualidad en el cuidado\u2019, el Papa habla de la importancia de atender a los enfermos como imagen de DIos.","robots":{"index":"index","follow":"follow","max-snippet":"max-snippet:-1","max-image-preview":"max-image-preview:large","max-video-preview":"max-video-preview:-1"},"canonical":"https:\/\/exaudi.org\/es\/atender-enfermos-integralmente-personas-imagen-dios\/","og_locale":"es_ES","og_type":"article","og_title":"Atender a los enfermos integralmente \u201ccomo personas a imagen de Dios\u201d","og_description":"En su prefacio del libro \u2018Espiritualidad en el cuidado\u2019, el Papa habla de la importancia de atender a los enfermos como imagen de DIos.","og_url":"https:\/\/exaudi.org\/es\/atender-enfermos-integralmente-personas-imagen-dios\/","og_site_name":"Exaudi","article_publisher":"https:\/\/www.facebook.com\/ExaudiNews","article_published_time":"2022-02-18T11:22:43+00:00","article_modified_time":"2022-02-18T11:23:34+00:00","og_image":[{"width":2560,"height":1707,"url":"https:\/\/exaudi.org\/wp-content\/uploads\/2022\/02\/prefaciopapaespiritualidadenfermos-scaled.jpg","type":"image\/jpeg"}],"author":"Gabriel Sales","twitter_card":"summary_large_image","twitter_creator":"@habemusman","twitter_site":"@Exaudi_News","twitter_misc":{"Escrito por":"Gabriel Sales","Tiempo de lectura":"2 minutos"},"schema":{"@context":"https:\/\/schema.org","@graph":[{"@type":"Article","@id":"https:\/\/exaudi.org\/es\/atender-enfermos-integralmente-personas-imagen-dios\/#article","isPartOf":{"@id":"https:\/\/exaudi.org\/es\/atender-enfermos-integralmente-personas-imagen-dios\/"},"author":{"name":"Gabriel Sales","@id":"https:\/\/exaudi.org\/#\/schema\/person\/d134b96438278131ce90c90c03fda6cd"},"headline":"Atender a los enfermos integralmente \u201ccomo personas a imagen de Dios\u201d","datePublished":"2022-02-18T11:22:43+00:00","dateModified":"2022-02-18T11:23:34+00:00","mainEntityOfPage":{"@id":"https:\/\/exaudi.org\/es\/atender-enfermos-integralmente-personas-imagen-dios\/"},"wordCount":399,"image":{"@id":"https:\/\/exaudi.org\/es\/atender-enfermos-integralmente-personas-imagen-dios\/#primaryimage"},"thumbnailUrl":"https:\/\/exaudi.org\/wp-content\/uploads\/2022\/02\/prefaciopapaespiritualidadenfermos-scaled.jpg","keywords":["Libro 'Espiritualidad en el cuidado. Di\u00e1logos entre cl\u00ednica","Prefacio","psicolog\u00eda y pastoral'","Trending"],"inLanguage":"es"},{"@type":"WebPage","@id":"https:\/\/exaudi.org\/es\/atender-enfermos-integralmente-personas-imagen-dios\/","url":"https:\/\/exaudi.org\/es\/atender-enfermos-integralmente-personas-imagen-dios\/","name":"Atender a los enfermos integralmente \u201ccomo personas a imagen de Dios\u201d","isPartOf":{"@id":"https:\/\/exaudi.org\/#website"},"primaryImageOfPage":{"@id":"https:\/\/exaudi.org\/es\/atender-enfermos-integralmente-personas-imagen-dios\/#primaryimage"},"image":{"@id":"https:\/\/exaudi.org\/es\/atender-enfermos-integralmente-personas-imagen-dios\/#primaryimage"},"thumbnailUrl":"https:\/\/exaudi.org\/wp-content\/uploads\/2022\/02\/prefaciopapaespiritualidadenfermos-scaled.jpg","datePublished":"2022-02-18T11:22:43+00:00","dateModified":"2022-02-18T11:23:34+00:00","author":{"@id":"https:\/\/exaudi.org\/#\/schema\/person\/d134b96438278131ce90c90c03fda6cd"},"description":"En su prefacio del libro \u2018Espiritualidad en el cuidado\u2019, el Papa habla de la importancia de atender a los enfermos como imagen de DIos.","breadcrumb":{"@id":"https:\/\/exaudi.org\/es\/atender-enfermos-integralmente-personas-imagen-dios\/#breadcrumb"},"inLanguage":"es","potentialAction":[{"@type":"ReadAction","target":["https:\/\/exaudi.org\/es\/atender-enfermos-integralmente-personas-imagen-dios\/"]}]},{"@type":"ImageObject","inLanguage":"es","@id":"https:\/\/exaudi.org\/es\/atender-enfermos-integralmente-personas-imagen-dios\/#primaryimage","url":"https:\/\/exaudi.org\/wp-content\/uploads\/2022\/02\/prefaciopapaespiritualidadenfermos-scaled.jpg","contentUrl":"https:\/\/exaudi.org\/wp-content\/uploads\/2022\/02\/prefaciopapaespiritualidadenfermos-scaled.jpg","width":2560,"height":1707,"caption":"Papa Francisco bendiciendo a una mujer en silla de ruedas \u00a9 Vatican Media"},{"@type":"BreadcrumbList","@id":"https:\/\/exaudi.org\/es\/atender-enfermos-integralmente-personas-imagen-dios\/#breadcrumb","itemListElement":[{"@type":"ListItem","position":1,"name":"Portada","item":"https:\/\/exaudi.org\/es\/"},{"@type":"ListItem","position":2,"name":"Atender a los enfermos integralmente \u201ccomo personas a imagen de Dios\u201d"}]},{"@type":"WebSite","@id":"https:\/\/exaudi.org\/#website","url":"https:\/\/exaudi.org\/","name":"Exaudi","description":"News","potentialAction":[{"@type":"SearchAction","target":{"@type":"EntryPoint","urlTemplate":"https:\/\/exaudi.org\/?s={search_term_string}"},"query-input":{"@type":"PropertyValueSpecification","valueRequired":true,"valueName":"search_term_string"}}],"inLanguage":"es"},{"@type":"Person","@id":"https:\/\/exaudi.org\/#\/schema\/person\/d134b96438278131ce90c90c03fda6cd","name":"Gabriel Sales","image":{"@type":"ImageObject","inLanguage":"es","@id":"https:\/\/secure.gravatar.com\/avatar\/9b1269566f6a063ed26ffb3532b66a373cdde231ce5d0effb266167437fdaffd?s=96&d=mm&r=g","url":"https:\/\/secure.gravatar.com\/avatar\/9b1269566f6a063ed26ffb3532b66a373cdde231ce5d0effb266167437fdaffd?s=96&d=mm&r=g","contentUrl":"https:\/\/secure.gravatar.com\/avatar\/9b1269566f6a063ed26ffb3532b66a373cdde231ce5d0effb266167437fdaffd?s=96&d=mm&r=g","caption":"Gabriel Sales"},"description":"Periodista y especialista en Comunicaci\u00f3n y Branding digital. Cin\u00e9filo y cr\u00edtico de cine y series de televisi\u00f3n.","sameAs":["https:\/\/www.instagram.com\/cine90segundos\/","www.linkedin.com\/in\/habemusman","https:\/\/x.com\/habemusman","https:\/\/www.youtube.com\/channel\/UCVfCiOMkJ_C7T7OpyjuaLDg"],"url":"https:\/\/exaudi.org\/es\/author\/gsalesexaudi-org\/"}]}},"jetpack_featured_media_url":"https:\/\/exaudi.org\/wp-content\/uploads\/2022\/02\/prefaciopapaespiritualidadenfermos-scaled.jpg","jetpack_shortlink":"https:\/\/wp.me\/pgKjF2-dEH","_links":{"self":[{"href":"https:\/\/exaudi.org\/es\/wp-json\/wp\/v2\/posts\/52495","targetHints":{"allow":["GET"]}}],"collection":[{"href":"https:\/\/exaudi.org\/es\/wp-json\/wp\/v2\/posts"}],"about":[{"href":"https:\/\/exaudi.org\/es\/wp-json\/wp\/v2\/types\/post"}],"author":[{"embeddable":true,"href":"https:\/\/exaudi.org\/es\/wp-json\/wp\/v2\/users\/6"}],"replies":[{"embeddable":true,"href":"https:\/\/exaudi.org\/es\/wp-json\/wp\/v2\/comments?post=52495"}],"version-history":[{"count":0,"href":"https:\/\/exaudi.org\/es\/wp-json\/wp\/v2\/posts\/52495\/revisions"}],"wp:featuredmedia":[{"embeddable":true,"href":"https:\/\/exaudi.org\/es\/wp-json\/wp\/v2\/media\/52504"}],"wp:attachment":[{"href":"https:\/\/exaudi.org\/es\/wp-json\/wp\/v2\/media?parent=52495"}],"wp:term":[{"taxonomy":"category","embeddable":true,"href":"https:\/\/exaudi.org\/es\/wp-json\/wp\/v2\/categories?post=52495"},{"taxonomy":"post_tag","embeddable":true,"href":"https:\/\/exaudi.org\/es\/wp-json\/wp\/v2\/tags?post=52495"}],"curies":[{"name":"wp","href":"https:\/\/api.w.org\/{rel}","templated":true}]}}