{"id":52486,"date":"2022-02-18T11:23:07","date_gmt":"2022-02-18T10:23:07","guid":{"rendered":"https:\/\/exaudi.org\/?p=52486"},"modified":"2022-02-18T11:25:29","modified_gmt":"2022-02-18T10:25:29","slug":"celam-pontificia-comision-america-latina","status":"publish","type":"post","link":"https:\/\/exaudi.org\/es\/celam-pontificia-comision-america-latina\/","title":{"rendered":"El CELAM visita la Congregaci\u00f3n para los Obispos"},"content":{"rendered":"<p>Siguiendo su agenda de visitas oficiales a las diferentes dependencias de la Santa Sede, la presidencia del <a href=\"https:\/\/prensacelam.org\/\" target=\"_blank\" rel=\"noopener\">Consejo Episcopal Latinoamericano<\/a> (CELAM) se reuni\u00f3 el jueves 17 de febrero de 2022 con la Congregaci\u00f3n para los Obispos, y tambi\u00e9n con una de sus comisiones integrantes, la Pontificia Comisi\u00f3n para Am\u00e9rica Latina.<\/p>\n<h2>Reuni\u00f3n con la Congregaci\u00f3n<\/h2>\n<p>ADN CELAM informa en una nota que los miembros de la presidencia del Consejo Episcopal fueron recibidos por monse\u00f1or Ilson Montanari, secretario de la Congregaci\u00f3n para los Obispos.<\/p>\n<p>El encuentro de casi dos horas se desarroll\u00f3 en un ambiente de fraternidad y permiti\u00f3 abordar diversos temas, entre los que figuran el proceso de continuidad de la\u00a0Asamblea Eclesial de Am\u00e9rica Latina y el Caribe, el camino del Consejo Episcopal Latinoamericano hacia el\u00a0S\u00ednodo sobre la sinodalidad\u00a0y los avances alcanzados respecto a la reforma de los estatutos del organismo, en el marco del proceso de renovaci\u00f3n y reestructuraci\u00f3n que viene adelantando durante los \u00faltimos dos a\u00f1os.<\/p>\n<h2>Cita con la Comisi\u00f3n<\/h2>\n<p><img loading=\"lazy\" decoding=\"async\" class=\"alignleft size-medium wp-image-52492\" src=\"https:\/\/exaudi.org\/wp-content\/uploads\/2022\/02\/CALypresiCelam-300x167.jpg\" alt=\"CELAM Congregaci\u00f3n Obispos\" width=\"300\" height=\"167\" srcset=\"https:\/\/exaudi.org\/wp-content\/uploads\/2022\/02\/CALypresiCelam-300x167.jpg 300w, https:\/\/exaudi.org\/wp-content\/uploads\/2022\/02\/CALypresiCelam-1024x569.jpg 1024w, https:\/\/exaudi.org\/wp-content\/uploads\/2022\/02\/CALypresiCelam-770x428.jpg 770w, https:\/\/exaudi.org\/wp-content\/uploads\/2022\/02\/CALypresiCelam-1536x854.jpg 1536w, https:\/\/exaudi.org\/wp-content\/uploads\/2022\/02\/CALypresiCelam-500x278.jpg 500w, https:\/\/exaudi.org\/wp-content\/uploads\/2022\/02\/CALypresiCelam-293x163.jpg 293w, https:\/\/exaudi.org\/wp-content\/uploads\/2022\/02\/CALypresiCelam-1400x778.jpg 1400w, https:\/\/exaudi.org\/wp-content\/uploads\/2022\/02\/CALypresiCelam-390x217.jpg 390w, https:\/\/exaudi.org\/wp-content\/uploads\/2022\/02\/CALypresiCelam.jpg 1594w\" sizes=\"auto, (max-width: 300px) 100vw, 300px\" \/><\/p>\n<p>En nombre de la Pontificia Comisi\u00f3n acudieron al encuentro Rodrigo Guerra, secretario general, y la doctora Emilce Cuda, jefa de oficina. El Consejo Episcopal estuvo representado por su presidente monse\u00f1or Miguel Cabrejos Vidarte, el presidente de Asuntos Econ\u00f3micos, Mons. Rogelio Cabrera, el secretario general, <a href=\"https:\/\/exaudi.org\/es\/el-papa-recibe-a-mons-lozano-secretario-general-del-celam\/\" target=\"_blank\" rel=\"noopener\">Mons. Jorge Eduardo Lozano<\/a>, y el adjunto, el padre Pedro Brassesco.<\/p>\n<p>Uno de los temas abordados en la reuni\u00f3n fue recordar que el rol de la Comisi\u00f3n para Am\u00e9rica Latina es el acompa\u00f1amiento de las realidades del continente. Asimismo, se present\u00f3 un informe sobre el desarrollo de la Asamblea Eclesial de Am\u00e9rica Latina y el Caribe efectuada del 21 al 28 de noviembre de 2021, as\u00ed como las perspectivas de lo que ser\u00e1 la post asamblea desde el punto de vista de la implementaci\u00f3n y la continuidad del proceso emprendido.<\/p>\n<p>Frente a otras realidades de la Iglesia universal se habl\u00f3 del itinerario del CELAM hacia el s\u00ednodo sobre la sinodalidad y el trabajo que se adelantar\u00e1 durante los pr\u00f3ximos meses sobre el tema. Tambi\u00e9n se profundiz\u00f3 en iniciativas de colaboraci\u00f3n mutua como el Seminario sobre P\u00edo XII y Am\u00e9rica Latina que organiza la CAL y las tareas de acompa\u00f1amiento en la formaci\u00f3n y di\u00e1logo entre l\u00edderes sociales y pol\u00edticos del continente.<\/p>\n<h2><strong>Congregaci\u00f3n para los Obispos<\/strong><\/h2>\n<p>De acuerdo al\u00a0<a href=\"https:\/\/www.vatican.va\/roman_curia\/congregations\/cbishops\/documents\/rc_con_cbishops_pro_20011127_profile_it.html\" target=\"_blank\" rel=\"noopener noreferrer\">perfil de la propia Congregaci\u00f3n<\/a>\u00a0proporcionado por el Vaticano, seg\u00fan la\u00a0<a href=\"https:\/\/www.vatican.va\/content\/john-paul-ii\/es\/apost_constitutions\/documents\/hf_jp-ii_apc_19880628_pastor-bonus-index.html\" target=\"_blank\" rel=\"noopener noreferrer\">Constituci\u00f3n Apost\u00f3lica\u00a0<em>Pastor Bonus<\/em>\u00a0<\/a>del 28 de junio de 1988 de Juan Pablo II, la competencia de la Congregaci\u00f3n para los Obispos es la siguiente:<ins class=\"adsbygoogle\" data-ad-layout=\"in-article\" data-ad-format=\"fluid\" data-ad-client=\"ca-pub-1175723668921972\" data-ad-slot=\"8611143998\" data-adsbygoogle-status=\"done\" data-ad-status=\"filled\"><ins id=\"aswift_2_expand\" title=\"Advertisement\" aria-label=\"Advertisement\"><ins id=\"aswift_2_anchor\"><\/ins><\/ins><\/ins><\/p>\n<p>\u2013 llevar a cabo todo lo relativo a la constituci\u00f3n de las Iglesias particulares y de sus Concilios, a su divisi\u00f3n, unificaci\u00f3n, supresi\u00f3n y otros cambios, as\u00ed como lo relativo a la erecci\u00f3n de los Ordinariatos castrenses;<\/p>\n<p>\u2013 proveer al nombramiento de los Obispos, incluidos los titulares, y al correcto ejercicio de su oficio pastoral, cuidando, siempre que haya necesidad de tratar con los Gobiernos sobre la creaci\u00f3n o el cambio de Iglesias particulares, o sobre su provisi\u00f3n, de proceder despu\u00e9s de consultar a la Secci\u00f3n de la Secretar\u00eda de Estado para las Relaciones con los Estados;<\/p>\n<p>\u2013 convocar las visitas apost\u00f3licas, organizar todo lo relativo a las visitas\u00a0<em>ad limina apostolorum<\/em>, (de los obispos de las distintas conferencias episcopales al Vaticano), examinar los informes quinquenales de las Iglesias particulares confiadas a su cuidado<\/p>\n<p>\u2013 llevar a cabo todo lo relativo a la celebraci\u00f3n de los Concilios particulares, as\u00ed como a la constituci\u00f3n de las Conferencias Episcopales y a la revisi\u00f3n de sus estatutos; recibir sus actas y decretos y, previa consulta a los Dicasterios interesados, dar a los decretos el reconocimiento necesario.<\/p>\n<p>\u2013 Tambi\u00e9n es responsable de todos los asuntos relacionados con las prelaturas personales.<\/p>\n<h2><strong>Pontificia Comisi\u00f3n para Am\u00e9rica Latina<\/strong><\/h2>\n<p>La Santa Sede describe que la Comisi\u00f3n fue instituida por P\u00edo XII el 21 de abril de 1958 con el cometido de estudiar de manera unificada las principales cuestiones de la vida cat\u00f3lica, la defensa de la fe y el crecimiento de la religi\u00f3n en Am\u00e9rica Latina; fomentar una mayor colaboraci\u00f3n entre los Dicasterios de la Curia Romana interesados en la soluci\u00f3n de estos problemas y ayudar a las Iglesias de ese Continente y al Consejo Episcopal Latinoamericano (CELAM).<\/p>\n<p>La Comisi\u00f3n tiene la tarea de asesorar y ayudar a las Iglesias particulares de Am\u00e9rica Latina, y de estudiar de manera unificada los problemas doctrinales y las cuestiones pastorales que se refieren a la vida y al desarrollo de estas Iglesias, con especial atenci\u00f3n a la animaci\u00f3n y promoci\u00f3n de la Nueva Evangelizaci\u00f3n.<\/p>\n","protected":false},"excerpt":{"rendered":"<p>Y la Pontificia Comisi\u00f3n para Am\u00e9rica Latina<\/p>\n","protected":false},"author":6,"featured_media":52489,"comment_status":"closed","ping_status":"closed","sticky":false,"template":"","format":"standard","meta":{"_acf_changed":false,"_crdt_document":"","inline_featured_image":false,"footnotes":""},"categories":[59],"tags":[1601,1494,786,4953],"class_list":["post-52486","post","type-post","status-publish","format-standard","has-post-thumbnail","hentry","category-featured-news","tag-congregacion-para-los-obispos","tag-consejo-episcopal-latinoamericano-celam","tag-pontificia-comision-para-america-latina","tag-trending-es"],"acf":[],"yoast_head":"<!-- This site is optimized with the Yoast SEO plugin v27.5 - https:\/\/yoast.com\/product\/yoast-seo-wordpress\/ -->\n<title>El CELAM visita la Congregaci\u00f3n para los Obispos &#8211; Exaudi<\/title>\n<meta name=\"description\" content=\"Siguiendo su agenda de visitas a la Santa Sede, el CELAM ha visitado la Congregaci\u00f3n para los Obispos este jueves 17 de febrero de 2022.\" \/>\n<meta name=\"robots\" content=\"index, follow, max-snippet:-1, max-image-preview:large, max-video-preview:-1\" \/>\n<link rel=\"canonical\" href=\"https:\/\/exaudi.org\/es\/celam-pontificia-comision-america-latina\/\" \/>\n<meta property=\"og:locale\" content=\"es_ES\" \/>\n<meta property=\"og:type\" content=\"article\" \/>\n<meta property=\"og:title\" content=\"El CELAM visita la Congregaci\u00f3n para los Obispos &#8211; Exaudi\" \/>\n<meta property=\"og:description\" content=\"Siguiendo su agenda de visitas a la Santa Sede, el CELAM ha visitado la Congregaci\u00f3n para los Obispos este jueves 17 de febrero de 2022.\" \/>\n<meta property=\"og:url\" content=\"https:\/\/exaudi.org\/es\/celam-pontificia-comision-america-latina\/\" \/>\n<meta property=\"og:site_name\" content=\"Exaudi\" \/>\n<meta property=\"article:publisher\" content=\"https:\/\/www.facebook.com\/ExaudiNews\" \/>\n<meta property=\"article:published_time\" content=\"2022-02-18T10:23:07+00:00\" \/>\n<meta property=\"article:modified_time\" content=\"2022-02-18T10:25:29+00:00\" \/>\n<meta property=\"og:image\" content=\"https:\/\/exaudi.org\/wp-content\/uploads\/2022\/02\/celamcongregacionobispos.jpeg\" \/>\n\t<meta property=\"og:image:width\" content=\"1585\" \/>\n\t<meta property=\"og:image:height\" content=\"1187\" \/>\n\t<meta property=\"og:image:type\" content=\"image\/jpeg\" \/>\n<meta name=\"author\" content=\"Gabriel Sales\" \/>\n<meta name=\"twitter:card\" content=\"summary_large_image\" \/>\n<meta name=\"twitter:creator\" content=\"@habemusman\" \/>\n<meta name=\"twitter:site\" content=\"@Exaudi_News\" \/>\n<meta name=\"twitter:label1\" content=\"Escrito por\" \/>\n\t<meta name=\"twitter:data1\" content=\"Gabriel Sales\" \/>\n\t<meta name=\"twitter:label2\" content=\"Tiempo de lectura\" \/>\n\t<meta name=\"twitter:data2\" content=\"4 minutos\" \/>\n<script type=\"application\/ld+json\" class=\"yoast-schema-graph\">{\"@context\":\"https:\\\/\\\/schema.org\",\"@graph\":[{\"@type\":\"Article\",\"@id\":\"https:\\\/\\\/exaudi.org\\\/es\\\/celam-pontificia-comision-america-latina\\\/#article\",\"isPartOf\":{\"@id\":\"https:\\\/\\\/exaudi.org\\\/es\\\/celam-pontificia-comision-america-latina\\\/\"},\"author\":{\"name\":\"Gabriel Sales\",\"@id\":\"https:\\\/\\\/exaudi.org\\\/#\\\/schema\\\/person\\\/d134b96438278131ce90c90c03fda6cd\"},\"headline\":\"El CELAM visita la Congregaci\u00f3n para los Obispos\",\"datePublished\":\"2022-02-18T10:23:07+00:00\",\"dateModified\":\"2022-02-18T10:25:29+00:00\",\"mainEntityOfPage\":{\"@id\":\"https:\\\/\\\/exaudi.org\\\/es\\\/celam-pontificia-comision-america-latina\\\/\"},\"wordCount\":810,\"image\":{\"@id\":\"https:\\\/\\\/exaudi.org\\\/es\\\/celam-pontificia-comision-america-latina\\\/#primaryimage\"},\"thumbnailUrl\":\"https:\\\/\\\/exaudi.org\\\/wp-content\\\/uploads\\\/2022\\\/02\\\/celamcongregacionobispos.jpeg\",\"keywords\":[\"Congregaci\u00f3n para los Obispos\",\"Consejo Episcopal Latinoamericano (CELAM)\",\"Pontificia Comisi\u00f3n para Am\u00e9rica Latina\",\"Trending\"],\"articleSection\":[\"Featured News\"],\"inLanguage\":\"es\"},{\"@type\":\"WebPage\",\"@id\":\"https:\\\/\\\/exaudi.org\\\/es\\\/celam-pontificia-comision-america-latina\\\/\",\"url\":\"https:\\\/\\\/exaudi.org\\\/es\\\/celam-pontificia-comision-america-latina\\\/\",\"name\":\"El CELAM visita la Congregaci\u00f3n para los Obispos &#8211; Exaudi\",\"isPartOf\":{\"@id\":\"https:\\\/\\\/exaudi.org\\\/#website\"},\"primaryImageOfPage\":{\"@id\":\"https:\\\/\\\/exaudi.org\\\/es\\\/celam-pontificia-comision-america-latina\\\/#primaryimage\"},\"image\":{\"@id\":\"https:\\\/\\\/exaudi.org\\\/es\\\/celam-pontificia-comision-america-latina\\\/#primaryimage\"},\"thumbnailUrl\":\"https:\\\/\\\/exaudi.org\\\/wp-content\\\/uploads\\\/2022\\\/02\\\/celamcongregacionobispos.jpeg\",\"datePublished\":\"2022-02-18T10:23:07+00:00\",\"dateModified\":\"2022-02-18T10:25:29+00:00\",\"author\":{\"@id\":\"https:\\\/\\\/exaudi.org\\\/#\\\/schema\\\/person\\\/d134b96438278131ce90c90c03fda6cd\"},\"description\":\"Siguiendo su agenda de visitas a la Santa Sede, el CELAM ha visitado la Congregaci\u00f3n para los Obispos este jueves 17 de febrero de 2022.\",\"breadcrumb\":{\"@id\":\"https:\\\/\\\/exaudi.org\\\/es\\\/celam-pontificia-comision-america-latina\\\/#breadcrumb\"},\"inLanguage\":\"es\",\"potentialAction\":[{\"@type\":\"ReadAction\",\"target\":[\"https:\\\/\\\/exaudi.org\\\/es\\\/celam-pontificia-comision-america-latina\\\/\"]}]},{\"@type\":\"ImageObject\",\"inLanguage\":\"es\",\"@id\":\"https:\\\/\\\/exaudi.org\\\/es\\\/celam-pontificia-comision-america-latina\\\/#primaryimage\",\"url\":\"https:\\\/\\\/exaudi.org\\\/wp-content\\\/uploads\\\/2022\\\/02\\\/celamcongregacionobispos.jpeg\",\"contentUrl\":\"https:\\\/\\\/exaudi.org\\\/wp-content\\\/uploads\\\/2022\\\/02\\\/celamcongregacionobispos.jpeg\",\"width\":1585,\"height\":1187,\"caption\":\"Presidencia del CELAM con secretario de la Congregaci\u00f3n \u00a9 CELAM\"},{\"@type\":\"BreadcrumbList\",\"@id\":\"https:\\\/\\\/exaudi.org\\\/es\\\/celam-pontificia-comision-america-latina\\\/#breadcrumb\",\"itemListElement\":[{\"@type\":\"ListItem\",\"position\":1,\"name\":\"Portada\",\"item\":\"https:\\\/\\\/exaudi.org\\\/es\\\/\"},{\"@type\":\"ListItem\",\"position\":2,\"name\":\"El CELAM visita la Congregaci\u00f3n para los Obispos\"}]},{\"@type\":\"WebSite\",\"@id\":\"https:\\\/\\\/exaudi.org\\\/#website\",\"url\":\"https:\\\/\\\/exaudi.org\\\/\",\"name\":\"Exaudi\",\"description\":\"News\",\"potentialAction\":[{\"@type\":\"SearchAction\",\"target\":{\"@type\":\"EntryPoint\",\"urlTemplate\":\"https:\\\/\\\/exaudi.org\\\/?s={search_term_string}\"},\"query-input\":{\"@type\":\"PropertyValueSpecification\",\"valueRequired\":true,\"valueName\":\"search_term_string\"}}],\"inLanguage\":\"es\"},{\"@type\":\"Person\",\"@id\":\"https:\\\/\\\/exaudi.org\\\/#\\\/schema\\\/person\\\/d134b96438278131ce90c90c03fda6cd\",\"name\":\"Gabriel Sales\",\"image\":{\"@type\":\"ImageObject\",\"inLanguage\":\"es\",\"@id\":\"https:\\\/\\\/secure.gravatar.com\\\/avatar\\\/9b1269566f6a063ed26ffb3532b66a373cdde231ce5d0effb266167437fdaffd?s=96&d=mm&r=g\",\"url\":\"https:\\\/\\\/secure.gravatar.com\\\/avatar\\\/9b1269566f6a063ed26ffb3532b66a373cdde231ce5d0effb266167437fdaffd?s=96&d=mm&r=g\",\"contentUrl\":\"https:\\\/\\\/secure.gravatar.com\\\/avatar\\\/9b1269566f6a063ed26ffb3532b66a373cdde231ce5d0effb266167437fdaffd?s=96&d=mm&r=g\",\"caption\":\"Gabriel Sales\"},\"description\":\"Periodista y especialista en Comunicaci\u00f3n y Branding digital. Cin\u00e9filo y cr\u00edtico de cine y series de televisi\u00f3n.\",\"sameAs\":[\"https:\\\/\\\/www.instagram.com\\\/cine90segundos\\\/\",\"www.linkedin.com\\\/in\\\/habemusman\",\"https:\\\/\\\/x.com\\\/habemusman\",\"https:\\\/\\\/www.youtube.com\\\/channel\\\/UCVfCiOMkJ_C7T7OpyjuaLDg\"],\"url\":\"https:\\\/\\\/exaudi.org\\\/es\\\/author\\\/gsalesexaudi-org\\\/\"}]}<\/script>\n<!-- \/ Yoast SEO plugin. -->","yoast_head_json":{"title":"El CELAM visita la Congregaci\u00f3n para los Obispos &#8211; Exaudi","description":"Siguiendo su agenda de visitas a la Santa Sede, el CELAM ha visitado la Congregaci\u00f3n para los Obispos este jueves 17 de febrero de 2022.","robots":{"index":"index","follow":"follow","max-snippet":"max-snippet:-1","max-image-preview":"max-image-preview:large","max-video-preview":"max-video-preview:-1"},"canonical":"https:\/\/exaudi.org\/es\/celam-pontificia-comision-america-latina\/","og_locale":"es_ES","og_type":"article","og_title":"El CELAM visita la Congregaci\u00f3n para los Obispos &#8211; Exaudi","og_description":"Siguiendo su agenda de visitas a la Santa Sede, el CELAM ha visitado la Congregaci\u00f3n para los Obispos este jueves 17 de febrero de 2022.","og_url":"https:\/\/exaudi.org\/es\/celam-pontificia-comision-america-latina\/","og_site_name":"Exaudi","article_publisher":"https:\/\/www.facebook.com\/ExaudiNews","article_published_time":"2022-02-18T10:23:07+00:00","article_modified_time":"2022-02-18T10:25:29+00:00","og_image":[{"width":1585,"height":1187,"url":"https:\/\/exaudi.org\/wp-content\/uploads\/2022\/02\/celamcongregacionobispos.jpeg","type":"image\/jpeg"}],"author":"Gabriel Sales","twitter_card":"summary_large_image","twitter_creator":"@habemusman","twitter_site":"@Exaudi_News","twitter_misc":{"Escrito por":"Gabriel Sales","Tiempo de lectura":"4 minutos"},"schema":{"@context":"https:\/\/schema.org","@graph":[{"@type":"Article","@id":"https:\/\/exaudi.org\/es\/celam-pontificia-comision-america-latina\/#article","isPartOf":{"@id":"https:\/\/exaudi.org\/es\/celam-pontificia-comision-america-latina\/"},"author":{"name":"Gabriel Sales","@id":"https:\/\/exaudi.org\/#\/schema\/person\/d134b96438278131ce90c90c03fda6cd"},"headline":"El CELAM visita la Congregaci\u00f3n para los Obispos","datePublished":"2022-02-18T10:23:07+00:00","dateModified":"2022-02-18T10:25:29+00:00","mainEntityOfPage":{"@id":"https:\/\/exaudi.org\/es\/celam-pontificia-comision-america-latina\/"},"wordCount":810,"image":{"@id":"https:\/\/exaudi.org\/es\/celam-pontificia-comision-america-latina\/#primaryimage"},"thumbnailUrl":"https:\/\/exaudi.org\/wp-content\/uploads\/2022\/02\/celamcongregacionobispos.jpeg","keywords":["Congregaci\u00f3n para los Obispos","Consejo Episcopal Latinoamericano (CELAM)","Pontificia Comisi\u00f3n para Am\u00e9rica Latina","Trending"],"articleSection":["Featured News"],"inLanguage":"es"},{"@type":"WebPage","@id":"https:\/\/exaudi.org\/es\/celam-pontificia-comision-america-latina\/","url":"https:\/\/exaudi.org\/es\/celam-pontificia-comision-america-latina\/","name":"El CELAM visita la Congregaci\u00f3n para los Obispos &#8211; Exaudi","isPartOf":{"@id":"https:\/\/exaudi.org\/#website"},"primaryImageOfPage":{"@id":"https:\/\/exaudi.org\/es\/celam-pontificia-comision-america-latina\/#primaryimage"},"image":{"@id":"https:\/\/exaudi.org\/es\/celam-pontificia-comision-america-latina\/#primaryimage"},"thumbnailUrl":"https:\/\/exaudi.org\/wp-content\/uploads\/2022\/02\/celamcongregacionobispos.jpeg","datePublished":"2022-02-18T10:23:07+00:00","dateModified":"2022-02-18T10:25:29+00:00","author":{"@id":"https:\/\/exaudi.org\/#\/schema\/person\/d134b96438278131ce90c90c03fda6cd"},"description":"Siguiendo su agenda de visitas a la Santa Sede, el CELAM ha visitado la Congregaci\u00f3n para los Obispos este jueves 17 de febrero de 2022.","breadcrumb":{"@id":"https:\/\/exaudi.org\/es\/celam-pontificia-comision-america-latina\/#breadcrumb"},"inLanguage":"es","potentialAction":[{"@type":"ReadAction","target":["https:\/\/exaudi.org\/es\/celam-pontificia-comision-america-latina\/"]}]},{"@type":"ImageObject","inLanguage":"es","@id":"https:\/\/exaudi.org\/es\/celam-pontificia-comision-america-latina\/#primaryimage","url":"https:\/\/exaudi.org\/wp-content\/uploads\/2022\/02\/celamcongregacionobispos.jpeg","contentUrl":"https:\/\/exaudi.org\/wp-content\/uploads\/2022\/02\/celamcongregacionobispos.jpeg","width":1585,"height":1187,"caption":"Presidencia del CELAM con secretario de la Congregaci\u00f3n \u00a9 CELAM"},{"@type":"BreadcrumbList","@id":"https:\/\/exaudi.org\/es\/celam-pontificia-comision-america-latina\/#breadcrumb","itemListElement":[{"@type":"ListItem","position":1,"name":"Portada","item":"https:\/\/exaudi.org\/es\/"},{"@type":"ListItem","position":2,"name":"El CELAM visita la Congregaci\u00f3n para los Obispos"}]},{"@type":"WebSite","@id":"https:\/\/exaudi.org\/#website","url":"https:\/\/exaudi.org\/","name":"Exaudi","description":"News","potentialAction":[{"@type":"SearchAction","target":{"@type":"EntryPoint","urlTemplate":"https:\/\/exaudi.org\/?s={search_term_string}"},"query-input":{"@type":"PropertyValueSpecification","valueRequired":true,"valueName":"search_term_string"}}],"inLanguage":"es"},{"@type":"Person","@id":"https:\/\/exaudi.org\/#\/schema\/person\/d134b96438278131ce90c90c03fda6cd","name":"Gabriel Sales","image":{"@type":"ImageObject","inLanguage":"es","@id":"https:\/\/secure.gravatar.com\/avatar\/9b1269566f6a063ed26ffb3532b66a373cdde231ce5d0effb266167437fdaffd?s=96&d=mm&r=g","url":"https:\/\/secure.gravatar.com\/avatar\/9b1269566f6a063ed26ffb3532b66a373cdde231ce5d0effb266167437fdaffd?s=96&d=mm&r=g","contentUrl":"https:\/\/secure.gravatar.com\/avatar\/9b1269566f6a063ed26ffb3532b66a373cdde231ce5d0effb266167437fdaffd?s=96&d=mm&r=g","caption":"Gabriel Sales"},"description":"Periodista y especialista en Comunicaci\u00f3n y Branding digital. Cin\u00e9filo y cr\u00edtico de cine y series de televisi\u00f3n.","sameAs":["https:\/\/www.instagram.com\/cine90segundos\/","www.linkedin.com\/in\/habemusman","https:\/\/x.com\/habemusman","https:\/\/www.youtube.com\/channel\/UCVfCiOMkJ_C7T7OpyjuaLDg"],"url":"https:\/\/exaudi.org\/es\/author\/gsalesexaudi-org\/"}]}},"jetpack_featured_media_url":"https:\/\/exaudi.org\/wp-content\/uploads\/2022\/02\/celamcongregacionobispos.jpeg","jetpack_shortlink":"https:\/\/wp.me\/pgKjF2-dEy","_links":{"self":[{"href":"https:\/\/exaudi.org\/es\/wp-json\/wp\/v2\/posts\/52486","targetHints":{"allow":["GET"]}}],"collection":[{"href":"https:\/\/exaudi.org\/es\/wp-json\/wp\/v2\/posts"}],"about":[{"href":"https:\/\/exaudi.org\/es\/wp-json\/wp\/v2\/types\/post"}],"author":[{"embeddable":true,"href":"https:\/\/exaudi.org\/es\/wp-json\/wp\/v2\/users\/6"}],"replies":[{"embeddable":true,"href":"https:\/\/exaudi.org\/es\/wp-json\/wp\/v2\/comments?post=52486"}],"version-history":[{"count":0,"href":"https:\/\/exaudi.org\/es\/wp-json\/wp\/v2\/posts\/52486\/revisions"}],"wp:featuredmedia":[{"embeddable":true,"href":"https:\/\/exaudi.org\/es\/wp-json\/wp\/v2\/media\/52489"}],"wp:attachment":[{"href":"https:\/\/exaudi.org\/es\/wp-json\/wp\/v2\/media?parent=52486"}],"wp:term":[{"taxonomy":"category","embeddable":true,"href":"https:\/\/exaudi.org\/es\/wp-json\/wp\/v2\/categories?post=52486"},{"taxonomy":"post_tag","embeddable":true,"href":"https:\/\/exaudi.org\/es\/wp-json\/wp\/v2\/tags?post=52486"}],"curies":[{"name":"wp","href":"https:\/\/api.w.org\/{rel}","templated":true}]}}