{"id":52477,"date":"2022-02-18T09:59:26","date_gmt":"2022-02-18T08:59:26","guid":{"rendered":"https:\/\/exaudi.org\/?p=52477"},"modified":"2022-02-18T11:03:42","modified_gmt":"2022-02-18T10:03:42","slug":"espana-condolencias-papa-victimas-naufragio-terranova","status":"publish","type":"post","link":"https:\/\/exaudi.org\/es\/espana-condolencias-papa-victimas-naufragio-terranova\/","title":{"rendered":"Espa\u00f1a: Condolencias del Papa por v\u00edctimas del naufragio en Terranova"},"content":{"rendered":"<p>El Papa Francisco ha enviado hoy, viernes 18 de febrero de 2022, un <a href=\"https:\/\/exaudi.org\/es\/estados-unidos-telegrama-del-papa-a-afectados-por-los-tornados\/\" target=\"_blank\" rel=\"noopener\">telegrama<\/a> de condolencias por las v\u00edctimas del naufragio del pesquero espa\u00f1ol Villa de Pitanxo, que se hundi\u00f3 el pasado martes frente a la costa de la isla de Terranova. El documento ha sido firmado por el secretario de Estado Pietro Parolin, en nombre del Santo Padre, al arzobispo de Santiago de Compostela, monse\u00f1or Juli\u00e1n Barrio Barrio.<\/p>\n<p>Seg\u00fan inform\u00f3 la agencia de noticias EFE, las autoridades espa\u00f1olas han identificado a tres supervivientes de incidente del barco gallego que navegaba con 24 tripulantes a bordo, de los cuales 10 fallecieron y 11 contin\u00faan desaparecidos.<\/p>\n<div id=\"sm-it-main-container-1645173616482\" class=\"sm-it-main-container\" data-it=\"168e625b-67c7-4b53-9618-a3a1a2f91e56\" data-device=\"desktop\" data-index=\"0\">\n<p>En la misiva, Parolin informa al obispo que, \u201cal conocer la triste noticia del naufragio\u201d, el Papa \u201cexpresa sus sentidas condolencias, as\u00ed como su solidaridad, en estos momentos de aflicci\u00f3n\u201d. Del mismo modo, contin\u00faa el secretario de Estado, Su Santidad \u201celeva a Dios sus plegarias por el eterno descanso de las v\u00edctimas y manifiesta tambi\u00e9n su cercan\u00eda a las familias que lloran a sus seres queridos\u201d.<\/p>\n<p>Asimismo, \u201cencomienda a la misericordia del Se\u00f1or y al maternal cuidado de la Madre de Dios las personas afectadas por este percance, mientras imparte la bendici\u00f3n apost\u00f3lica, en prenda de la constante ayuda del Alt\u00edsimo y signo de esperanza cierta en la intercesi\u00f3n\u201d.<\/p>\n<h2>El mundo de la pesca, en luto<\/h2>\n<p>A trav\u00e9s de una nota publicada por la <a href=\"https:\/\/www.conferenciaepiscopal.es\/\" target=\"_blank\" rel=\"noopener\">Conferencia Episcopal Espa\u00f1ola<\/a> (CEE) el pasado 16 de febrero, el obispo de Tui-Vigo y promotor del Apostolado del Mar \u201cStella Maris\u201d, monse\u00f1or Luis Quinteiro, mostr\u00f3 su p\u00e9same por el hundimiento del pesquero gallego en la costa de Terranova: \u201cEn estas circunstancias no podemos dejar de hacer una llamada para que los organismos nacionales e internacionales competentes, trabajen con rigor, dictando y aplicando las normas necesarias para reducir al m\u00e1ximo la accidentabilidad\u00a0del mundo de la mar\u201d.<\/p>\n<\/div>\n<p>Del mismo modo, hablando en nombre del Apostolado del Mar, se\u00f1ala su \u201cdolor por las personas que hayan fallecido\u201d y su \u201cm\u00e1s sentido p\u00e9same a sus familiares\u201d. Dirigimos, contin\u00faa, \u201cnuestra oraci\u00f3n especialmente a la Virgen del Carmen, patrona de la gente de mar. Le rogamos que proteja a aquellos que tal vez en estos momentos est\u00e1n a\u00fan luchando por su vida, y que acoja en sus brazos amorosos a aquellos que hayan fallecido. Le rogamos tambi\u00e9n por los familiares de esos tripulantes en los momentos dram\u00e1ticos que estar\u00e1n viviendo\u201d.<\/p>\n","protected":false},"excerpt":{"rendered":"<p>Hundimiento del pesquero gallego Villa de Pitanxo<\/p>\n","protected":false},"author":6,"featured_media":52478,"comment_status":"closed","ping_status":"closed","sticky":false,"template":"","format":"standard","meta":{"_acf_changed":false,"_crdt_document":"","inline_featured_image":false,"footnotes":""},"categories":[59],"tags":[5923,1008,158,315,4953],"class_list":["post-52477","post","type-post","status-publish","format-standard","has-post-thumbnail","hentry","category-featured-news","tag-condolencias","tag-espana","tag-papa-francisco","tag-telegrama","tag-trending-es"],"acf":[],"yoast_head":"<!-- This site is optimized with the Yoast SEO plugin v27.5 - https:\/\/yoast.com\/product\/yoast-seo-wordpress\/ -->\n<title>Espa\u00f1a: Condolencias del Papa por v\u00edctimas del naufragio en Terranova<\/title>\n<meta name=\"description\" content=\"A trav\u00e9s de un telegrama firmado por Parolin, el Papa env\u00eda sus condolencias por el naufragio del pesquero gallego hundido en Terranova.\" \/>\n<meta name=\"robots\" content=\"index, follow, max-snippet:-1, max-image-preview:large, max-video-preview:-1\" \/>\n<link rel=\"canonical\" href=\"https:\/\/exaudi.org\/es\/espana-condolencias-papa-victimas-naufragio-terranova\/\" \/>\n<meta property=\"og:locale\" content=\"es_ES\" \/>\n<meta property=\"og:type\" content=\"article\" \/>\n<meta property=\"og:title\" content=\"Espa\u00f1a: Condolencias del Papa por v\u00edctimas del naufragio en Terranova\" \/>\n<meta property=\"og:description\" content=\"A trav\u00e9s de un telegrama firmado por Parolin, el Papa env\u00eda sus condolencias por el naufragio del pesquero gallego hundido en Terranova.\" \/>\n<meta property=\"og:url\" content=\"https:\/\/exaudi.org\/es\/espana-condolencias-papa-victimas-naufragio-terranova\/\" \/>\n<meta property=\"og:site_name\" content=\"Exaudi\" \/>\n<meta property=\"article:publisher\" content=\"https:\/\/www.facebook.com\/ExaudiNews\" \/>\n<meta property=\"article:published_time\" content=\"2022-02-18T08:59:26+00:00\" \/>\n<meta property=\"article:modified_time\" content=\"2022-02-18T10:03:42+00:00\" \/>\n<meta property=\"og:image\" content=\"https:\/\/exaudi.org\/wp-content\/uploads\/2022\/02\/naufragiopesqueroterranovatelegramapapa.jpeg\" \/>\n\t<meta property=\"og:image:width\" content=\"1489\" \/>\n\t<meta property=\"og:image:height\" content=\"838\" \/>\n\t<meta property=\"og:image:type\" content=\"image\/jpeg\" \/>\n<meta name=\"author\" content=\"Gabriel Sales\" \/>\n<meta name=\"twitter:card\" content=\"summary_large_image\" \/>\n<meta name=\"twitter:creator\" content=\"@habemusman\" \/>\n<meta name=\"twitter:site\" content=\"@Exaudi_News\" \/>\n<meta name=\"twitter:label1\" content=\"Escrito por\" \/>\n\t<meta name=\"twitter:data1\" content=\"Gabriel Sales\" \/>\n\t<meta name=\"twitter:label2\" content=\"Tiempo de lectura\" \/>\n\t<meta name=\"twitter:data2\" content=\"2 minutos\" \/>\n<script type=\"application\/ld+json\" class=\"yoast-schema-graph\">{\"@context\":\"https:\\\/\\\/schema.org\",\"@graph\":[{\"@type\":\"Article\",\"@id\":\"https:\\\/\\\/exaudi.org\\\/es\\\/espana-condolencias-papa-victimas-naufragio-terranova\\\/#article\",\"isPartOf\":{\"@id\":\"https:\\\/\\\/exaudi.org\\\/es\\\/espana-condolencias-papa-victimas-naufragio-terranova\\\/\"},\"author\":{\"name\":\"Gabriel Sales\",\"@id\":\"https:\\\/\\\/exaudi.org\\\/#\\\/schema\\\/person\\\/d134b96438278131ce90c90c03fda6cd\"},\"headline\":\"Espa\u00f1a: Condolencias del Papa por v\u00edctimas del naufragio en Terranova\",\"datePublished\":\"2022-02-18T08:59:26+00:00\",\"dateModified\":\"2022-02-18T10:03:42+00:00\",\"mainEntityOfPage\":{\"@id\":\"https:\\\/\\\/exaudi.org\\\/es\\\/espana-condolencias-papa-victimas-naufragio-terranova\\\/\"},\"wordCount\":432,\"image\":{\"@id\":\"https:\\\/\\\/exaudi.org\\\/es\\\/espana-condolencias-papa-victimas-naufragio-terranova\\\/#primaryimage\"},\"thumbnailUrl\":\"https:\\\/\\\/exaudi.org\\\/wp-content\\\/uploads\\\/2022\\\/02\\\/naufragiopesqueroterranovatelegramapapa.jpeg\",\"keywords\":[\"Condolencias\",\"Espa\u00f1a\",\"papa francisco\",\"Telegrama\",\"Trending\"],\"articleSection\":[\"Featured News\"],\"inLanguage\":\"es\"},{\"@type\":\"WebPage\",\"@id\":\"https:\\\/\\\/exaudi.org\\\/es\\\/espana-condolencias-papa-victimas-naufragio-terranova\\\/\",\"url\":\"https:\\\/\\\/exaudi.org\\\/es\\\/espana-condolencias-papa-victimas-naufragio-terranova\\\/\",\"name\":\"Espa\u00f1a: Condolencias del Papa por v\u00edctimas del naufragio en Terranova\",\"isPartOf\":{\"@id\":\"https:\\\/\\\/exaudi.org\\\/#website\"},\"primaryImageOfPage\":{\"@id\":\"https:\\\/\\\/exaudi.org\\\/es\\\/espana-condolencias-papa-victimas-naufragio-terranova\\\/#primaryimage\"},\"image\":{\"@id\":\"https:\\\/\\\/exaudi.org\\\/es\\\/espana-condolencias-papa-victimas-naufragio-terranova\\\/#primaryimage\"},\"thumbnailUrl\":\"https:\\\/\\\/exaudi.org\\\/wp-content\\\/uploads\\\/2022\\\/02\\\/naufragiopesqueroterranovatelegramapapa.jpeg\",\"datePublished\":\"2022-02-18T08:59:26+00:00\",\"dateModified\":\"2022-02-18T10:03:42+00:00\",\"author\":{\"@id\":\"https:\\\/\\\/exaudi.org\\\/#\\\/schema\\\/person\\\/d134b96438278131ce90c90c03fda6cd\"},\"description\":\"A trav\u00e9s de un telegrama firmado por Parolin, el Papa env\u00eda sus condolencias por el naufragio del pesquero gallego hundido en Terranova.\",\"breadcrumb\":{\"@id\":\"https:\\\/\\\/exaudi.org\\\/es\\\/espana-condolencias-papa-victimas-naufragio-terranova\\\/#breadcrumb\"},\"inLanguage\":\"es\",\"potentialAction\":[{\"@type\":\"ReadAction\",\"target\":[\"https:\\\/\\\/exaudi.org\\\/es\\\/espana-condolencias-papa-victimas-naufragio-terranova\\\/\"]}]},{\"@type\":\"ImageObject\",\"inLanguage\":\"es\",\"@id\":\"https:\\\/\\\/exaudi.org\\\/es\\\/espana-condolencias-papa-victimas-naufragio-terranova\\\/#primaryimage\",\"url\":\"https:\\\/\\\/exaudi.org\\\/wp-content\\\/uploads\\\/2022\\\/02\\\/naufragiopesqueroterranovatelegramapapa.jpeg\",\"contentUrl\":\"https:\\\/\\\/exaudi.org\\\/wp-content\\\/uploads\\\/2022\\\/02\\\/naufragiopesqueroterranovatelegramapapa.jpeg\",\"width\":1489,\"height\":838,\"caption\":\"Papa Francisco \u00a9 Vatican Media\"},{\"@type\":\"BreadcrumbList\",\"@id\":\"https:\\\/\\\/exaudi.org\\\/es\\\/espana-condolencias-papa-victimas-naufragio-terranova\\\/#breadcrumb\",\"itemListElement\":[{\"@type\":\"ListItem\",\"position\":1,\"name\":\"Portada\",\"item\":\"https:\\\/\\\/exaudi.org\\\/es\\\/\"},{\"@type\":\"ListItem\",\"position\":2,\"name\":\"Espa\u00f1a: Condolencias del Papa por v\u00edctimas del naufragio en Terranova\"}]},{\"@type\":\"WebSite\",\"@id\":\"https:\\\/\\\/exaudi.org\\\/#website\",\"url\":\"https:\\\/\\\/exaudi.org\\\/\",\"name\":\"Exaudi\",\"description\":\"News\",\"potentialAction\":[{\"@type\":\"SearchAction\",\"target\":{\"@type\":\"EntryPoint\",\"urlTemplate\":\"https:\\\/\\\/exaudi.org\\\/?s={search_term_string}\"},\"query-input\":{\"@type\":\"PropertyValueSpecification\",\"valueRequired\":true,\"valueName\":\"search_term_string\"}}],\"inLanguage\":\"es\"},{\"@type\":\"Person\",\"@id\":\"https:\\\/\\\/exaudi.org\\\/#\\\/schema\\\/person\\\/d134b96438278131ce90c90c03fda6cd\",\"name\":\"Gabriel Sales\",\"image\":{\"@type\":\"ImageObject\",\"inLanguage\":\"es\",\"@id\":\"https:\\\/\\\/secure.gravatar.com\\\/avatar\\\/9b1269566f6a063ed26ffb3532b66a373cdde231ce5d0effb266167437fdaffd?s=96&d=mm&r=g\",\"url\":\"https:\\\/\\\/secure.gravatar.com\\\/avatar\\\/9b1269566f6a063ed26ffb3532b66a373cdde231ce5d0effb266167437fdaffd?s=96&d=mm&r=g\",\"contentUrl\":\"https:\\\/\\\/secure.gravatar.com\\\/avatar\\\/9b1269566f6a063ed26ffb3532b66a373cdde231ce5d0effb266167437fdaffd?s=96&d=mm&r=g\",\"caption\":\"Gabriel Sales\"},\"description\":\"Periodista y especialista en Comunicaci\u00f3n y Branding digital. Cin\u00e9filo y cr\u00edtico de cine y series de televisi\u00f3n.\",\"sameAs\":[\"https:\\\/\\\/www.instagram.com\\\/cine90segundos\\\/\",\"www.linkedin.com\\\/in\\\/habemusman\",\"https:\\\/\\\/x.com\\\/habemusman\",\"https:\\\/\\\/www.youtube.com\\\/channel\\\/UCVfCiOMkJ_C7T7OpyjuaLDg\"],\"url\":\"https:\\\/\\\/exaudi.org\\\/es\\\/author\\\/gsalesexaudi-org\\\/\"}]}<\/script>\n<!-- \/ Yoast SEO plugin. -->","yoast_head_json":{"title":"Espa\u00f1a: Condolencias del Papa por v\u00edctimas del naufragio en Terranova","description":"A trav\u00e9s de un telegrama firmado por Parolin, el Papa env\u00eda sus condolencias por el naufragio del pesquero gallego hundido en Terranova.","robots":{"index":"index","follow":"follow","max-snippet":"max-snippet:-1","max-image-preview":"max-image-preview:large","max-video-preview":"max-video-preview:-1"},"canonical":"https:\/\/exaudi.org\/es\/espana-condolencias-papa-victimas-naufragio-terranova\/","og_locale":"es_ES","og_type":"article","og_title":"Espa\u00f1a: Condolencias del Papa por v\u00edctimas del naufragio en Terranova","og_description":"A trav\u00e9s de un telegrama firmado por Parolin, el Papa env\u00eda sus condolencias por el naufragio del pesquero gallego hundido en Terranova.","og_url":"https:\/\/exaudi.org\/es\/espana-condolencias-papa-victimas-naufragio-terranova\/","og_site_name":"Exaudi","article_publisher":"https:\/\/www.facebook.com\/ExaudiNews","article_published_time":"2022-02-18T08:59:26+00:00","article_modified_time":"2022-02-18T10:03:42+00:00","og_image":[{"width":1489,"height":838,"url":"https:\/\/exaudi.org\/wp-content\/uploads\/2022\/02\/naufragiopesqueroterranovatelegramapapa.jpeg","type":"image\/jpeg"}],"author":"Gabriel Sales","twitter_card":"summary_large_image","twitter_creator":"@habemusman","twitter_site":"@Exaudi_News","twitter_misc":{"Escrito por":"Gabriel Sales","Tiempo de lectura":"2 minutos"},"schema":{"@context":"https:\/\/schema.org","@graph":[{"@type":"Article","@id":"https:\/\/exaudi.org\/es\/espana-condolencias-papa-victimas-naufragio-terranova\/#article","isPartOf":{"@id":"https:\/\/exaudi.org\/es\/espana-condolencias-papa-victimas-naufragio-terranova\/"},"author":{"name":"Gabriel Sales","@id":"https:\/\/exaudi.org\/#\/schema\/person\/d134b96438278131ce90c90c03fda6cd"},"headline":"Espa\u00f1a: Condolencias del Papa por v\u00edctimas del naufragio en Terranova","datePublished":"2022-02-18T08:59:26+00:00","dateModified":"2022-02-18T10:03:42+00:00","mainEntityOfPage":{"@id":"https:\/\/exaudi.org\/es\/espana-condolencias-papa-victimas-naufragio-terranova\/"},"wordCount":432,"image":{"@id":"https:\/\/exaudi.org\/es\/espana-condolencias-papa-victimas-naufragio-terranova\/#primaryimage"},"thumbnailUrl":"https:\/\/exaudi.org\/wp-content\/uploads\/2022\/02\/naufragiopesqueroterranovatelegramapapa.jpeg","keywords":["Condolencias","Espa\u00f1a","papa francisco","Telegrama","Trending"],"articleSection":["Featured News"],"inLanguage":"es"},{"@type":"WebPage","@id":"https:\/\/exaudi.org\/es\/espana-condolencias-papa-victimas-naufragio-terranova\/","url":"https:\/\/exaudi.org\/es\/espana-condolencias-papa-victimas-naufragio-terranova\/","name":"Espa\u00f1a: Condolencias del Papa por v\u00edctimas del naufragio en Terranova","isPartOf":{"@id":"https:\/\/exaudi.org\/#website"},"primaryImageOfPage":{"@id":"https:\/\/exaudi.org\/es\/espana-condolencias-papa-victimas-naufragio-terranova\/#primaryimage"},"image":{"@id":"https:\/\/exaudi.org\/es\/espana-condolencias-papa-victimas-naufragio-terranova\/#primaryimage"},"thumbnailUrl":"https:\/\/exaudi.org\/wp-content\/uploads\/2022\/02\/naufragiopesqueroterranovatelegramapapa.jpeg","datePublished":"2022-02-18T08:59:26+00:00","dateModified":"2022-02-18T10:03:42+00:00","author":{"@id":"https:\/\/exaudi.org\/#\/schema\/person\/d134b96438278131ce90c90c03fda6cd"},"description":"A trav\u00e9s de un telegrama firmado por Parolin, el Papa env\u00eda sus condolencias por el naufragio del pesquero gallego hundido en Terranova.","breadcrumb":{"@id":"https:\/\/exaudi.org\/es\/espana-condolencias-papa-victimas-naufragio-terranova\/#breadcrumb"},"inLanguage":"es","potentialAction":[{"@type":"ReadAction","target":["https:\/\/exaudi.org\/es\/espana-condolencias-papa-victimas-naufragio-terranova\/"]}]},{"@type":"ImageObject","inLanguage":"es","@id":"https:\/\/exaudi.org\/es\/espana-condolencias-papa-victimas-naufragio-terranova\/#primaryimage","url":"https:\/\/exaudi.org\/wp-content\/uploads\/2022\/02\/naufragiopesqueroterranovatelegramapapa.jpeg","contentUrl":"https:\/\/exaudi.org\/wp-content\/uploads\/2022\/02\/naufragiopesqueroterranovatelegramapapa.jpeg","width":1489,"height":838,"caption":"Papa Francisco \u00a9 Vatican Media"},{"@type":"BreadcrumbList","@id":"https:\/\/exaudi.org\/es\/espana-condolencias-papa-victimas-naufragio-terranova\/#breadcrumb","itemListElement":[{"@type":"ListItem","position":1,"name":"Portada","item":"https:\/\/exaudi.org\/es\/"},{"@type":"ListItem","position":2,"name":"Espa\u00f1a: Condolencias del Papa por v\u00edctimas del naufragio en Terranova"}]},{"@type":"WebSite","@id":"https:\/\/exaudi.org\/#website","url":"https:\/\/exaudi.org\/","name":"Exaudi","description":"News","potentialAction":[{"@type":"SearchAction","target":{"@type":"EntryPoint","urlTemplate":"https:\/\/exaudi.org\/?s={search_term_string}"},"query-input":{"@type":"PropertyValueSpecification","valueRequired":true,"valueName":"search_term_string"}}],"inLanguage":"es"},{"@type":"Person","@id":"https:\/\/exaudi.org\/#\/schema\/person\/d134b96438278131ce90c90c03fda6cd","name":"Gabriel Sales","image":{"@type":"ImageObject","inLanguage":"es","@id":"https:\/\/secure.gravatar.com\/avatar\/9b1269566f6a063ed26ffb3532b66a373cdde231ce5d0effb266167437fdaffd?s=96&d=mm&r=g","url":"https:\/\/secure.gravatar.com\/avatar\/9b1269566f6a063ed26ffb3532b66a373cdde231ce5d0effb266167437fdaffd?s=96&d=mm&r=g","contentUrl":"https:\/\/secure.gravatar.com\/avatar\/9b1269566f6a063ed26ffb3532b66a373cdde231ce5d0effb266167437fdaffd?s=96&d=mm&r=g","caption":"Gabriel Sales"},"description":"Periodista y especialista en Comunicaci\u00f3n y Branding digital. Cin\u00e9filo y cr\u00edtico de cine y series de televisi\u00f3n.","sameAs":["https:\/\/www.instagram.com\/cine90segundos\/","www.linkedin.com\/in\/habemusman","https:\/\/x.com\/habemusman","https:\/\/www.youtube.com\/channel\/UCVfCiOMkJ_C7T7OpyjuaLDg"],"url":"https:\/\/exaudi.org\/es\/author\/gsalesexaudi-org\/"}]}},"jetpack_featured_media_url":"https:\/\/exaudi.org\/wp-content\/uploads\/2022\/02\/naufragiopesqueroterranovatelegramapapa.jpeg","jetpack_shortlink":"https:\/\/wp.me\/pgKjF2-dEp","_links":{"self":[{"href":"https:\/\/exaudi.org\/es\/wp-json\/wp\/v2\/posts\/52477","targetHints":{"allow":["GET"]}}],"collection":[{"href":"https:\/\/exaudi.org\/es\/wp-json\/wp\/v2\/posts"}],"about":[{"href":"https:\/\/exaudi.org\/es\/wp-json\/wp\/v2\/types\/post"}],"author":[{"embeddable":true,"href":"https:\/\/exaudi.org\/es\/wp-json\/wp\/v2\/users\/6"}],"replies":[{"embeddable":true,"href":"https:\/\/exaudi.org\/es\/wp-json\/wp\/v2\/comments?post=52477"}],"version-history":[{"count":0,"href":"https:\/\/exaudi.org\/es\/wp-json\/wp\/v2\/posts\/52477\/revisions"}],"wp:featuredmedia":[{"embeddable":true,"href":"https:\/\/exaudi.org\/es\/wp-json\/wp\/v2\/media\/52478"}],"wp:attachment":[{"href":"https:\/\/exaudi.org\/es\/wp-json\/wp\/v2\/media?parent=52477"}],"wp:term":[{"taxonomy":"category","embeddable":true,"href":"https:\/\/exaudi.org\/es\/wp-json\/wp\/v2\/categories?post=52477"},{"taxonomy":"post_tag","embeddable":true,"href":"https:\/\/exaudi.org\/es\/wp-json\/wp\/v2\/tags?post=52477"}],"curies":[{"name":"wp","href":"https:\/\/api.w.org\/{rel}","templated":true}]}}