{"id":52323,"date":"2022-02-16T16:25:20","date_gmt":"2022-02-16T15:25:20","guid":{"rendered":"https:\/\/exaudi.org\/?p=52323"},"modified":"2022-02-16T16:37:21","modified_gmt":"2022-02-16T15:37:21","slug":"eutanasia-punto-favor-vida","status":"publish","type":"post","link":"https:\/\/exaudi.org\/es\/eutanasia-punto-favor-vida\/","title":{"rendered":"Eutanasia: Un punto a favor de la vida"},"content":{"rendered":"<p>\u201cLa vida es un derecho, no la muerte\u201d. Las palabras pronunciadas por el Papa Francisco durante su <a href=\"https:\/\/exaudi.org\/es\/fe-cristiana-ayuda-afrontar-muerte-sin-miedo\/\" target=\"_blank\" rel=\"noopener\">audiencia general del mi\u00e9rcoles 9 de febrero<\/a> contra la eutanasia deber\u00edan quedar grabadas en piedra. No s\u00f3lo porque fueron pronunciadas por el l\u00edder mundial de los cat\u00f3licos, por una autoridad moral universalmente reconocida. Antes bien, porque son palabras de sentido com\u00fan y profundamente impregnadas de humanidad.<\/p>\n<h2>Protecci\u00f3n m\u00ednima de la vida<\/h2>\n<p>Por lo tanto, hay que celebrar la decisi\u00f3n del Tribunal Constitucional italiano. El refer\u00e9ndum que pretende despenalizar el asesinato de personas con consentimiento es inadmisible. En t\u00e9rminos sencillos, si el refer\u00e9ndum hubiera sido aprobado, cualquiera podr\u00eda haber matado a un familiar o amigo que, digamos en un momento de desesperaci\u00f3n, hubiera expresado su intenci\u00f3n de morir.<\/p>\n<p>Habr\u00e1 que esperar a que se presente la sentencia, pero mientras tanto el Tribunal ha dictaminado que existe una \u201cprotecci\u00f3n m\u00ednima constitucionalmente necesaria de la vida humana en general, con especial referencia a las personas d\u00e9biles y vulnerables\u201d.<\/p>\n<h2>Reforzar los cuidados paliativos<\/h2>\n<p>Se trata de un importante paso adelante, una victoria de la vida sobre la cultura del rechazo que ve la muerte como \u00fanica soluci\u00f3n. Morir con dignidad es otra cosa. Las personas que se encuentran en la etapa final de la vida necesitan ser acompa\u00f1adas y asistidas a nivel humano, sanitario, psicol\u00f3gico y espiritual.<\/p>\n<p>Se trata de una muerte digna, y a\u00fan queda mucho por hacer en este camino, empezando por reforzar los cuidados paliativos y la terapia del dolor. Pero tambi\u00e9n la asistencia a las familias de los enfermos terminales. El Parlamento deber\u00eda comprometerse a ello, invirtiendo energ\u00eda y recursos. No tomando el atajo sencillo de una muerte f\u00e1cil, que siempre es una derrota.<\/p>\n<h2>La batalla sobre la eutanasia no ha terminado<\/h2>\n<p>No nos enga\u00f1emos: la batalla no ha terminado, los promotores del refer\u00e9ndum est\u00e1n dispuestos a volver a la carga. Por eso hay que actuar y legislar en positivo, quitando armas e instrumentos a los partidarios de la eutanasia en todas sus formas. El presidente de la<a href=\"https:\/\/www.chiesacattolica.it\/\" target=\"_blank\" rel=\"noopener\"> Conferencia Episcopal Italiana<\/a>, el cardenal Bassetti, expres\u00f3 repetidamente su preocupaci\u00f3n por el refer\u00e9ndum.<\/p>\n<p>Ahora, los obispos italianos no ocultan su satisfacci\u00f3n por la sentencia del Consejo: \u201cEs una invitaci\u00f3n muy precisa a no marginar nunca el compromiso de toda la sociedad de ofrecer el apoyo necesario para superar o aliviar situaciones de sufrimiento o malestar\u201d. Por ello, es necesario \u201cprestar m\u00e1s atenci\u00f3n a quienes, en condici\u00f3n de fragilidad o vulnerabilidad, piden ser tratados con dignidad y acompa\u00f1ados con respeto y cari\u00f1o\u201d.<\/p>\n<p>El compromiso con la protecci\u00f3n de la vida contin\u00faa. No se trata de una guerra ideol\u00f3gica. Es una tarea que debe llevarse a cabo como un aut\u00e9ntico servicio a la humanidad y a la verdadera dignidad de los que sufren. La soluci\u00f3n no es la eutanasia.<\/p>\n","protected":false},"excerpt":{"rendered":"<p>El Tribunal Constitucional italiano declara inadmisible el refer\u00e9ndum sobre la despenalizaci\u00f3n del homicidio por consentimiento<\/p>\n","protected":false},"author":16,"featured_media":52311,"comment_status":"closed","ping_status":"closed","sticky":false,"template":"","format":"standard","meta":{"_acf_changed":false,"_crdt_document":"","inline_featured_image":false,"footnotes":""},"categories":[72],"tags":[3991,611,4953],"class_list":["post-52323","post","type-post","status-publish","format-standard","has-post-thumbnail","hentry","category-analisis","tag-derecho-a-la-vida","tag-eutanasia","tag-trending-es"],"acf":[],"yoast_head":"<!-- This site is optimized with the Yoast SEO plugin v27.5 - https:\/\/yoast.com\/product\/yoast-seo-wordpress\/ -->\n<title>Eutanasia: Un punto a favor de la vida &#8211; Exaudi<\/title>\n<meta name=\"description\" content=\"El Constitucional italiano rechaza el refer\u00e9ndum sobre la despenalizaci\u00f3n de la eutanasia, un punto a favor de la vida.\" \/>\n<meta name=\"robots\" content=\"index, follow, max-snippet:-1, max-image-preview:large, max-video-preview:-1\" \/>\n<link rel=\"canonical\" href=\"https:\/\/exaudi.org\/es\/eutanasia-punto-favor-vida\/\" \/>\n<meta property=\"og:locale\" content=\"es_ES\" \/>\n<meta property=\"og:type\" content=\"article\" \/>\n<meta property=\"og:title\" content=\"Eutanasia: Un punto a favor de la vida &#8211; Exaudi\" \/>\n<meta property=\"og:description\" content=\"El Constitucional italiano rechaza el refer\u00e9ndum sobre la despenalizaci\u00f3n de la eutanasia, un punto a favor de la vida.\" \/>\n<meta property=\"og:url\" content=\"https:\/\/exaudi.org\/es\/eutanasia-punto-favor-vida\/\" \/>\n<meta property=\"og:site_name\" content=\"Exaudi\" \/>\n<meta property=\"article:publisher\" content=\"https:\/\/www.facebook.com\/ExaudiNews\" \/>\n<meta property=\"article:published_time\" content=\"2022-02-16T15:25:20+00:00\" \/>\n<meta property=\"article:modified_time\" content=\"2022-02-16T15:37:21+00:00\" \/>\n<meta property=\"og:image\" content=\"https:\/\/exaudi.org\/wp-content\/uploads\/2022\/02\/consulta.jpg\" \/>\n\t<meta property=\"og:image:width\" content=\"414\" \/>\n\t<meta property=\"og:image:height\" content=\"237\" \/>\n\t<meta property=\"og:image:type\" content=\"image\/jpeg\" \/>\n<meta name=\"author\" content=\"Andrea Acali\" \/>\n<meta name=\"twitter:card\" content=\"summary_large_image\" \/>\n<meta name=\"twitter:creator\" content=\"@Exaudi_News\" \/>\n<meta name=\"twitter:site\" content=\"@Exaudi_News\" \/>\n<meta name=\"twitter:label1\" content=\"Escrito por\" \/>\n\t<meta name=\"twitter:data1\" content=\"Andrea Acali\" \/>\n\t<meta name=\"twitter:label2\" content=\"Tiempo de lectura\" \/>\n\t<meta name=\"twitter:data2\" content=\"3 minutos\" \/>\n<script type=\"application\/ld+json\" class=\"yoast-schema-graph\">{\"@context\":\"https:\\\/\\\/schema.org\",\"@graph\":[{\"@type\":\"Article\",\"@id\":\"https:\\\/\\\/exaudi.org\\\/es\\\/eutanasia-punto-favor-vida\\\/#article\",\"isPartOf\":{\"@id\":\"https:\\\/\\\/exaudi.org\\\/es\\\/eutanasia-punto-favor-vida\\\/\"},\"author\":{\"name\":\"Andrea Acali\",\"@id\":\"https:\\\/\\\/exaudi.org\\\/#\\\/schema\\\/person\\\/b8e8ff2fce804e1cda53a9d7b1559b58\"},\"headline\":\"Eutanasia: Un punto a favor de la vida\",\"datePublished\":\"2022-02-16T15:25:20+00:00\",\"dateModified\":\"2022-02-16T15:37:21+00:00\",\"mainEntityOfPage\":{\"@id\":\"https:\\\/\\\/exaudi.org\\\/es\\\/eutanasia-punto-favor-vida\\\/\"},\"wordCount\":512,\"image\":{\"@id\":\"https:\\\/\\\/exaudi.org\\\/es\\\/eutanasia-punto-favor-vida\\\/#primaryimage\"},\"thumbnailUrl\":\"https:\\\/\\\/exaudi.org\\\/wp-content\\\/uploads\\\/2022\\\/02\\\/consulta.jpg\",\"keywords\":[\"Derecho a la vida\",\"Eutanasia\",\"Trending\"],\"articleSection\":[\"An\u00e1lisis\"],\"inLanguage\":\"es\"},{\"@type\":\"WebPage\",\"@id\":\"https:\\\/\\\/exaudi.org\\\/es\\\/eutanasia-punto-favor-vida\\\/\",\"url\":\"https:\\\/\\\/exaudi.org\\\/es\\\/eutanasia-punto-favor-vida\\\/\",\"name\":\"Eutanasia: Un punto a favor de la vida &#8211; Exaudi\",\"isPartOf\":{\"@id\":\"https:\\\/\\\/exaudi.org\\\/#website\"},\"primaryImageOfPage\":{\"@id\":\"https:\\\/\\\/exaudi.org\\\/es\\\/eutanasia-punto-favor-vida\\\/#primaryimage\"},\"image\":{\"@id\":\"https:\\\/\\\/exaudi.org\\\/es\\\/eutanasia-punto-favor-vida\\\/#primaryimage\"},\"thumbnailUrl\":\"https:\\\/\\\/exaudi.org\\\/wp-content\\\/uploads\\\/2022\\\/02\\\/consulta.jpg\",\"datePublished\":\"2022-02-16T15:25:20+00:00\",\"dateModified\":\"2022-02-16T15:37:21+00:00\",\"author\":{\"@id\":\"https:\\\/\\\/exaudi.org\\\/#\\\/schema\\\/person\\\/b8e8ff2fce804e1cda53a9d7b1559b58\"},\"description\":\"El Constitucional italiano rechaza el refer\u00e9ndum sobre la despenalizaci\u00f3n de la eutanasia, un punto a favor de la vida.\",\"breadcrumb\":{\"@id\":\"https:\\\/\\\/exaudi.org\\\/es\\\/eutanasia-punto-favor-vida\\\/#breadcrumb\"},\"inLanguage\":\"es\",\"potentialAction\":[{\"@type\":\"ReadAction\",\"target\":[\"https:\\\/\\\/exaudi.org\\\/es\\\/eutanasia-punto-favor-vida\\\/\"]}]},{\"@type\":\"ImageObject\",\"inLanguage\":\"es\",\"@id\":\"https:\\\/\\\/exaudi.org\\\/es\\\/eutanasia-punto-favor-vida\\\/#primaryimage\",\"url\":\"https:\\\/\\\/exaudi.org\\\/wp-content\\\/uploads\\\/2022\\\/02\\\/consulta.jpg\",\"contentUrl\":\"https:\\\/\\\/exaudi.org\\\/wp-content\\\/uploads\\\/2022\\\/02\\\/consulta.jpg\",\"width\":414,\"height\":237,\"caption\":\"Corte Constitucional de Italia\"},{\"@type\":\"BreadcrumbList\",\"@id\":\"https:\\\/\\\/exaudi.org\\\/es\\\/eutanasia-punto-favor-vida\\\/#breadcrumb\",\"itemListElement\":[{\"@type\":\"ListItem\",\"position\":1,\"name\":\"Portada\",\"item\":\"https:\\\/\\\/exaudi.org\\\/es\\\/\"},{\"@type\":\"ListItem\",\"position\":2,\"name\":\"Eutanasia: Un punto a favor de la vida\"}]},{\"@type\":\"WebSite\",\"@id\":\"https:\\\/\\\/exaudi.org\\\/#website\",\"url\":\"https:\\\/\\\/exaudi.org\\\/\",\"name\":\"Exaudi\",\"description\":\"News\",\"potentialAction\":[{\"@type\":\"SearchAction\",\"target\":{\"@type\":\"EntryPoint\",\"urlTemplate\":\"https:\\\/\\\/exaudi.org\\\/?s={search_term_string}\"},\"query-input\":{\"@type\":\"PropertyValueSpecification\",\"valueRequired\":true,\"valueName\":\"search_term_string\"}}],\"inLanguage\":\"es\"},{\"@type\":\"Person\",\"@id\":\"https:\\\/\\\/exaudi.org\\\/#\\\/schema\\\/person\\\/b8e8ff2fce804e1cda53a9d7b1559b58\",\"name\":\"Andrea Acali\",\"image\":{\"@type\":\"ImageObject\",\"inLanguage\":\"es\",\"@id\":\"https:\\\/\\\/secure.gravatar.com\\\/avatar\\\/d4ea222b8a5a507f1fb0e11ae86fdca2e5aa45c01e90d0bf7b168dbb9cba667d?s=96&d=mm&r=g\",\"url\":\"https:\\\/\\\/secure.gravatar.com\\\/avatar\\\/d4ea222b8a5a507f1fb0e11ae86fdca2e5aa45c01e90d0bf7b168dbb9cba667d?s=96&d=mm&r=g\",\"contentUrl\":\"https:\\\/\\\/secure.gravatar.com\\\/avatar\\\/d4ea222b8a5a507f1fb0e11ae86fdca2e5aa45c01e90d0bf7b168dbb9cba667d?s=96&d=mm&r=g\",\"caption\":\"Andrea Acali\"},\"url\":\"https:\\\/\\\/exaudi.org\\\/es\\\/author\\\/dli-org\\\/\"}]}<\/script>\n<!-- \/ Yoast SEO plugin. -->","yoast_head_json":{"title":"Eutanasia: Un punto a favor de la vida &#8211; Exaudi","description":"El Constitucional italiano rechaza el refer\u00e9ndum sobre la despenalizaci\u00f3n de la eutanasia, un punto a favor de la vida.","robots":{"index":"index","follow":"follow","max-snippet":"max-snippet:-1","max-image-preview":"max-image-preview:large","max-video-preview":"max-video-preview:-1"},"canonical":"https:\/\/exaudi.org\/es\/eutanasia-punto-favor-vida\/","og_locale":"es_ES","og_type":"article","og_title":"Eutanasia: Un punto a favor de la vida &#8211; Exaudi","og_description":"El Constitucional italiano rechaza el refer\u00e9ndum sobre la despenalizaci\u00f3n de la eutanasia, un punto a favor de la vida.","og_url":"https:\/\/exaudi.org\/es\/eutanasia-punto-favor-vida\/","og_site_name":"Exaudi","article_publisher":"https:\/\/www.facebook.com\/ExaudiNews","article_published_time":"2022-02-16T15:25:20+00:00","article_modified_time":"2022-02-16T15:37:21+00:00","og_image":[{"width":414,"height":237,"url":"https:\/\/exaudi.org\/wp-content\/uploads\/2022\/02\/consulta.jpg","type":"image\/jpeg"}],"author":"Andrea Acali","twitter_card":"summary_large_image","twitter_creator":"@Exaudi_News","twitter_site":"@Exaudi_News","twitter_misc":{"Escrito por":"Andrea Acali","Tiempo de lectura":"3 minutos"},"schema":{"@context":"https:\/\/schema.org","@graph":[{"@type":"Article","@id":"https:\/\/exaudi.org\/es\/eutanasia-punto-favor-vida\/#article","isPartOf":{"@id":"https:\/\/exaudi.org\/es\/eutanasia-punto-favor-vida\/"},"author":{"name":"Andrea Acali","@id":"https:\/\/exaudi.org\/#\/schema\/person\/b8e8ff2fce804e1cda53a9d7b1559b58"},"headline":"Eutanasia: Un punto a favor de la vida","datePublished":"2022-02-16T15:25:20+00:00","dateModified":"2022-02-16T15:37:21+00:00","mainEntityOfPage":{"@id":"https:\/\/exaudi.org\/es\/eutanasia-punto-favor-vida\/"},"wordCount":512,"image":{"@id":"https:\/\/exaudi.org\/es\/eutanasia-punto-favor-vida\/#primaryimage"},"thumbnailUrl":"https:\/\/exaudi.org\/wp-content\/uploads\/2022\/02\/consulta.jpg","keywords":["Derecho a la vida","Eutanasia","Trending"],"articleSection":["An\u00e1lisis"],"inLanguage":"es"},{"@type":"WebPage","@id":"https:\/\/exaudi.org\/es\/eutanasia-punto-favor-vida\/","url":"https:\/\/exaudi.org\/es\/eutanasia-punto-favor-vida\/","name":"Eutanasia: Un punto a favor de la vida &#8211; Exaudi","isPartOf":{"@id":"https:\/\/exaudi.org\/#website"},"primaryImageOfPage":{"@id":"https:\/\/exaudi.org\/es\/eutanasia-punto-favor-vida\/#primaryimage"},"image":{"@id":"https:\/\/exaudi.org\/es\/eutanasia-punto-favor-vida\/#primaryimage"},"thumbnailUrl":"https:\/\/exaudi.org\/wp-content\/uploads\/2022\/02\/consulta.jpg","datePublished":"2022-02-16T15:25:20+00:00","dateModified":"2022-02-16T15:37:21+00:00","author":{"@id":"https:\/\/exaudi.org\/#\/schema\/person\/b8e8ff2fce804e1cda53a9d7b1559b58"},"description":"El Constitucional italiano rechaza el refer\u00e9ndum sobre la despenalizaci\u00f3n de la eutanasia, un punto a favor de la vida.","breadcrumb":{"@id":"https:\/\/exaudi.org\/es\/eutanasia-punto-favor-vida\/#breadcrumb"},"inLanguage":"es","potentialAction":[{"@type":"ReadAction","target":["https:\/\/exaudi.org\/es\/eutanasia-punto-favor-vida\/"]}]},{"@type":"ImageObject","inLanguage":"es","@id":"https:\/\/exaudi.org\/es\/eutanasia-punto-favor-vida\/#primaryimage","url":"https:\/\/exaudi.org\/wp-content\/uploads\/2022\/02\/consulta.jpg","contentUrl":"https:\/\/exaudi.org\/wp-content\/uploads\/2022\/02\/consulta.jpg","width":414,"height":237,"caption":"Corte Constitucional de Italia"},{"@type":"BreadcrumbList","@id":"https:\/\/exaudi.org\/es\/eutanasia-punto-favor-vida\/#breadcrumb","itemListElement":[{"@type":"ListItem","position":1,"name":"Portada","item":"https:\/\/exaudi.org\/es\/"},{"@type":"ListItem","position":2,"name":"Eutanasia: Un punto a favor de la vida"}]},{"@type":"WebSite","@id":"https:\/\/exaudi.org\/#website","url":"https:\/\/exaudi.org\/","name":"Exaudi","description":"News","potentialAction":[{"@type":"SearchAction","target":{"@type":"EntryPoint","urlTemplate":"https:\/\/exaudi.org\/?s={search_term_string}"},"query-input":{"@type":"PropertyValueSpecification","valueRequired":true,"valueName":"search_term_string"}}],"inLanguage":"es"},{"@type":"Person","@id":"https:\/\/exaudi.org\/#\/schema\/person\/b8e8ff2fce804e1cda53a9d7b1559b58","name":"Andrea Acali","image":{"@type":"ImageObject","inLanguage":"es","@id":"https:\/\/secure.gravatar.com\/avatar\/d4ea222b8a5a507f1fb0e11ae86fdca2e5aa45c01e90d0bf7b168dbb9cba667d?s=96&d=mm&r=g","url":"https:\/\/secure.gravatar.com\/avatar\/d4ea222b8a5a507f1fb0e11ae86fdca2e5aa45c01e90d0bf7b168dbb9cba667d?s=96&d=mm&r=g","contentUrl":"https:\/\/secure.gravatar.com\/avatar\/d4ea222b8a5a507f1fb0e11ae86fdca2e5aa45c01e90d0bf7b168dbb9cba667d?s=96&d=mm&r=g","caption":"Andrea Acali"},"url":"https:\/\/exaudi.org\/es\/author\/dli-org\/"}]}},"jetpack_featured_media_url":"https:\/\/exaudi.org\/wp-content\/uploads\/2022\/02\/consulta.jpg","jetpack_shortlink":"https:\/\/wp.me\/pgKjF2-dBV","_links":{"self":[{"href":"https:\/\/exaudi.org\/es\/wp-json\/wp\/v2\/posts\/52323","targetHints":{"allow":["GET"]}}],"collection":[{"href":"https:\/\/exaudi.org\/es\/wp-json\/wp\/v2\/posts"}],"about":[{"href":"https:\/\/exaudi.org\/es\/wp-json\/wp\/v2\/types\/post"}],"author":[{"embeddable":true,"href":"https:\/\/exaudi.org\/es\/wp-json\/wp\/v2\/users\/16"}],"replies":[{"embeddable":true,"href":"https:\/\/exaudi.org\/es\/wp-json\/wp\/v2\/comments?post=52323"}],"version-history":[{"count":0,"href":"https:\/\/exaudi.org\/es\/wp-json\/wp\/v2\/posts\/52323\/revisions"}],"wp:featuredmedia":[{"embeddable":true,"href":"https:\/\/exaudi.org\/es\/wp-json\/wp\/v2\/media\/52311"}],"wp:attachment":[{"href":"https:\/\/exaudi.org\/es\/wp-json\/wp\/v2\/media?parent=52323"}],"wp:term":[{"taxonomy":"category","embeddable":true,"href":"https:\/\/exaudi.org\/es\/wp-json\/wp\/v2\/categories?post=52323"},{"taxonomy":"post_tag","embeddable":true,"href":"https:\/\/exaudi.org\/es\/wp-json\/wp\/v2\/tags?post=52323"}],"curies":[{"name":"wp","href":"https:\/\/api.w.org\/{rel}","templated":true}]}}