{"id":52315,"date":"2022-02-16T14:24:01","date_gmt":"2022-02-16T13:24:01","guid":{"rendered":"https:\/\/exaudi.org\/?p=52315"},"modified":"2022-02-17T11:10:52","modified_gmt":"2022-02-17T10:10:52","slug":"asesinato-richard-testigos-bien","status":"publish","type":"post","link":"https:\/\/exaudi.org\/es\/asesinato-richard-testigos-bien\/","title":{"rendered":"RD Congo: El Papa lamenta asesinato del P. Richard"},"content":{"rendered":"<p>El Papa Francisco record\u00f3 al P. Richard Masivi, el sacerdote de la Rep\u00fablica Democr\u00e1tica del Congo asesinado el pasado 2 de febrero tras celebrar la Misa en la Jornada de la Vida Consagrada.<\/p>\n<p>\u201cEl asesinato del padre Richard, v\u00edctima de una violencia injustificable y deplorable, no desanime a sus familiares, a su familia religiosa y a toda la comunidad cristiana de esa naci\u00f3n a ser heraldos y testigos del bien y la fraternidad, a pesar de las dificultades, imitando el ejemplo de Jes\u00fas, el Buen Pastor\u201d. Son palabras del Santo Padre en la <a href=\"https:\/\/exaudi.org\/es\/san-jose-custodio-tesoro-fe-jesus-maria\/\" target=\"_blank\" rel=\"noopener\">audiencia general<\/a> de este mi\u00e9rcoles 16 de febrero de 2022 al saludar a los religiosos de la Orden de Cl\u00e9rigos Regulares Menores.<\/p>\n<p><a href=\"http:\/\/www.fides.org\/es\" target=\"_blank\" rel=\"noopener\">Fides<\/a> relata que, efectivamente, el P. Richard Masivi Kasereka fue asesinado por hombres armados el 2 de febrero en Vusesa, entre Kirumba y Mighobwe, en el territorio de Lubero (Kivu del Norte), cuando regresaba a su parroquia, tras celebrar la Jornada Mundial de la Vida Consagrada, en Kanyaboyonga. Le mataron tres d\u00edas antes de cumplir 35 a\u00f1os. Dirig\u00eda la parroquia de Kaseghe desde el 31 de octubre de 2021.<\/p>\n<h2>Funeral<\/h2>\n<p>La agencia de noticias misionera tambi\u00e9n inform\u00f3 de que el pasado 5 de febrero tuvo lugar el funeral del religioso congole\u00f1o. \u201cCon gran dolor, nuestra di\u00f3cesis anuncia el repentino fallecimiento del P. Richard Masivi Kasereka, miembro de la Orden de Cl\u00e9rigos Regulares Menores y p\u00e1rroco de la parroquia de San Miguel Arc\u00e1ngel en Kaseghe\u201d, se\u00f1alaba una nota enviada por Curia General de la Orden.<\/p>\n<p>El superior de la delegaci\u00f3n africana de los Cl\u00e9rigos Menores Regulares, el P. Jean-Claude Musubao, expres\u00f3 sus condolencias en un comunicado en el que record\u00f3 que el P. Richard fue \u201carrebatado de la vida tres d\u00edas antes de cumplir 35 a\u00f1os\u201d, y que el religioso estaba al frente de la parroquia de Kaseghe solo desde el 31 de octubre de 2021.<\/p>\n","protected":false},"excerpt":{"rendered":"<p>Que su muerte no desanime a ser testigos del bien<\/p>\n","protected":false},"author":6,"featured_media":52316,"comment_status":"closed","ping_status":"closed","sticky":false,"template":"","format":"standard","meta":{"_acf_changed":false,"_crdt_document":"","inline_featured_image":false,"footnotes":""},"categories":[112,68],"tags":[179,5908,158],"class_list":["post-52315","post","type-post","status-publish","format-standard","has-post-thumbnail","hentry","category-audiencia-general","category-leon-xiv","tag-audiencia-general","tag-padre-richard-masivi","tag-papa-francisco"],"acf":[],"yoast_head":"<!-- This site is optimized with the Yoast SEO plugin v27.4 - https:\/\/yoast.com\/product\/yoast-seo-wordpress\/ -->\n<title>RD Congo: El Papa lamenta asesinato del P. Richard &#8211; Exaudi<\/title>\n<meta name=\"description\" content=\"RD Congo: El Papa Francisco record\u00f3 el asesinato del P. Richard durante la audiencia general de hoy, 16 de febrero de 2022,\" \/>\n<meta name=\"robots\" content=\"index, follow, max-snippet:-1, max-image-preview:large, max-video-preview:-1\" \/>\n<link rel=\"canonical\" href=\"https:\/\/exaudi.org\/es\/asesinato-richard-testigos-bien\/\" \/>\n<meta property=\"og:locale\" content=\"es_ES\" \/>\n<meta property=\"og:type\" content=\"article\" \/>\n<meta property=\"og:title\" content=\"RD Congo: El Papa lamenta asesinato del P. Richard &#8211; Exaudi\" \/>\n<meta property=\"og:description\" content=\"RD Congo: El Papa Francisco record\u00f3 el asesinato del P. Richard durante la audiencia general de hoy, 16 de febrero de 2022,\" \/>\n<meta property=\"og:url\" content=\"https:\/\/exaudi.org\/es\/asesinato-richard-testigos-bien\/\" \/>\n<meta property=\"og:site_name\" content=\"Exaudi\" \/>\n<meta property=\"article:publisher\" content=\"https:\/\/www.facebook.com\/ExaudiNews\" \/>\n<meta property=\"article:published_time\" content=\"2022-02-16T13:24:01+00:00\" \/>\n<meta property=\"article:modified_time\" content=\"2022-02-17T10:10:52+00:00\" \/>\n<meta property=\"og:image\" content=\"https:\/\/exaudi.org\/wp-content\/uploads\/2022\/02\/audienciageneralpadrerichard16febrero2022.jpeg\" \/>\n\t<meta property=\"og:image:width\" content=\"1261\" \/>\n\t<meta property=\"og:image:height\" content=\"709\" \/>\n\t<meta property=\"og:image:type\" content=\"image\/jpeg\" \/>\n<meta name=\"author\" content=\"Gabriel Sales\" \/>\n<meta name=\"twitter:card\" content=\"summary_large_image\" \/>\n<meta name=\"twitter:creator\" content=\"@habemusman\" \/>\n<meta name=\"twitter:site\" content=\"@Exaudi_News\" \/>\n<meta name=\"twitter:label1\" content=\"Escrito por\" \/>\n\t<meta name=\"twitter:data1\" content=\"Gabriel Sales\" \/>\n\t<meta name=\"twitter:label2\" content=\"Tiempo de lectura\" \/>\n\t<meta name=\"twitter:data2\" content=\"1 minuto\" \/>\n<script type=\"application\/ld+json\" class=\"yoast-schema-graph\">{\"@context\":\"https:\\\/\\\/schema.org\",\"@graph\":[{\"@type\":\"Article\",\"@id\":\"https:\\\/\\\/exaudi.org\\\/es\\\/asesinato-richard-testigos-bien\\\/#article\",\"isPartOf\":{\"@id\":\"https:\\\/\\\/exaudi.org\\\/es\\\/asesinato-richard-testigos-bien\\\/\"},\"author\":{\"name\":\"Gabriel Sales\",\"@id\":\"https:\\\/\\\/exaudi.org\\\/#\\\/schema\\\/person\\\/d134b96438278131ce90c90c03fda6cd\"},\"headline\":\"RD Congo: El Papa lamenta asesinato del P. Richard\",\"datePublished\":\"2022-02-16T13:24:01+00:00\",\"dateModified\":\"2022-02-17T10:10:52+00:00\",\"mainEntityOfPage\":{\"@id\":\"https:\\\/\\\/exaudi.org\\\/es\\\/asesinato-richard-testigos-bien\\\/\"},\"wordCount\":329,\"image\":{\"@id\":\"https:\\\/\\\/exaudi.org\\\/es\\\/asesinato-richard-testigos-bien\\\/#primaryimage\"},\"thumbnailUrl\":\"https:\\\/\\\/exaudi.org\\\/wp-content\\\/uploads\\\/2022\\\/02\\\/audienciageneralpadrerichard16febrero2022.jpeg\",\"keywords\":[\"audiencia general\",\"Padre Richard Masivi\",\"papa francisco\"],\"articleSection\":[\"Audiencia General\",\"Le\u00f3n XIV\"],\"inLanguage\":\"es\"},{\"@type\":\"WebPage\",\"@id\":\"https:\\\/\\\/exaudi.org\\\/es\\\/asesinato-richard-testigos-bien\\\/\",\"url\":\"https:\\\/\\\/exaudi.org\\\/es\\\/asesinato-richard-testigos-bien\\\/\",\"name\":\"RD Congo: El Papa lamenta asesinato del P. Richard &#8211; Exaudi\",\"isPartOf\":{\"@id\":\"https:\\\/\\\/exaudi.org\\\/#website\"},\"primaryImageOfPage\":{\"@id\":\"https:\\\/\\\/exaudi.org\\\/es\\\/asesinato-richard-testigos-bien\\\/#primaryimage\"},\"image\":{\"@id\":\"https:\\\/\\\/exaudi.org\\\/es\\\/asesinato-richard-testigos-bien\\\/#primaryimage\"},\"thumbnailUrl\":\"https:\\\/\\\/exaudi.org\\\/wp-content\\\/uploads\\\/2022\\\/02\\\/audienciageneralpadrerichard16febrero2022.jpeg\",\"datePublished\":\"2022-02-16T13:24:01+00:00\",\"dateModified\":\"2022-02-17T10:10:52+00:00\",\"author\":{\"@id\":\"https:\\\/\\\/exaudi.org\\\/#\\\/schema\\\/person\\\/d134b96438278131ce90c90c03fda6cd\"},\"description\":\"RD Congo: El Papa Francisco record\u00f3 el asesinato del P. Richard durante la audiencia general de hoy, 16 de febrero de 2022,\",\"breadcrumb\":{\"@id\":\"https:\\\/\\\/exaudi.org\\\/es\\\/asesinato-richard-testigos-bien\\\/#breadcrumb\"},\"inLanguage\":\"es\",\"potentialAction\":[{\"@type\":\"ReadAction\",\"target\":[\"https:\\\/\\\/exaudi.org\\\/es\\\/asesinato-richard-testigos-bien\\\/\"]}]},{\"@type\":\"ImageObject\",\"inLanguage\":\"es\",\"@id\":\"https:\\\/\\\/exaudi.org\\\/es\\\/asesinato-richard-testigos-bien\\\/#primaryimage\",\"url\":\"https:\\\/\\\/exaudi.org\\\/wp-content\\\/uploads\\\/2022\\\/02\\\/audienciageneralpadrerichard16febrero2022.jpeg\",\"contentUrl\":\"https:\\\/\\\/exaudi.org\\\/wp-content\\\/uploads\\\/2022\\\/02\\\/audienciageneralpadrerichard16febrero2022.jpeg\",\"width\":1261,\"height\":709,\"caption\":\"Padre Richard, de la Rep\u00fablica Democr\u00e1tica del Congo \u00a9 Vatican Media\"},{\"@type\":\"BreadcrumbList\",\"@id\":\"https:\\\/\\\/exaudi.org\\\/es\\\/asesinato-richard-testigos-bien\\\/#breadcrumb\",\"itemListElement\":[{\"@type\":\"ListItem\",\"position\":1,\"name\":\"Portada\",\"item\":\"https:\\\/\\\/exaudi.org\\\/es\\\/\"},{\"@type\":\"ListItem\",\"position\":2,\"name\":\"RD Congo: El Papa lamenta asesinato del P. Richard\"}]},{\"@type\":\"WebSite\",\"@id\":\"https:\\\/\\\/exaudi.org\\\/#website\",\"url\":\"https:\\\/\\\/exaudi.org\\\/\",\"name\":\"Exaudi\",\"description\":\"News\",\"potentialAction\":[{\"@type\":\"SearchAction\",\"target\":{\"@type\":\"EntryPoint\",\"urlTemplate\":\"https:\\\/\\\/exaudi.org\\\/?s={search_term_string}\"},\"query-input\":{\"@type\":\"PropertyValueSpecification\",\"valueRequired\":true,\"valueName\":\"search_term_string\"}}],\"inLanguage\":\"es\"},{\"@type\":\"Person\",\"@id\":\"https:\\\/\\\/exaudi.org\\\/#\\\/schema\\\/person\\\/d134b96438278131ce90c90c03fda6cd\",\"name\":\"Gabriel Sales\",\"image\":{\"@type\":\"ImageObject\",\"inLanguage\":\"es\",\"@id\":\"https:\\\/\\\/secure.gravatar.com\\\/avatar\\\/9b1269566f6a063ed26ffb3532b66a373cdde231ce5d0effb266167437fdaffd?s=96&d=mm&r=g\",\"url\":\"https:\\\/\\\/secure.gravatar.com\\\/avatar\\\/9b1269566f6a063ed26ffb3532b66a373cdde231ce5d0effb266167437fdaffd?s=96&d=mm&r=g\",\"contentUrl\":\"https:\\\/\\\/secure.gravatar.com\\\/avatar\\\/9b1269566f6a063ed26ffb3532b66a373cdde231ce5d0effb266167437fdaffd?s=96&d=mm&r=g\",\"caption\":\"Gabriel Sales\"},\"description\":\"Periodista y especialista en Comunicaci\u00f3n y Branding digital. Cin\u00e9filo y cr\u00edtico de cine y series de televisi\u00f3n.\",\"sameAs\":[\"https:\\\/\\\/www.instagram.com\\\/cine90segundos\\\/\",\"www.linkedin.com\\\/in\\\/habemusman\",\"https:\\\/\\\/x.com\\\/habemusman\",\"https:\\\/\\\/www.youtube.com\\\/channel\\\/UCVfCiOMkJ_C7T7OpyjuaLDg\"],\"url\":\"https:\\\/\\\/exaudi.org\\\/es\\\/author\\\/gsalesexaudi-org\\\/\"}]}<\/script>\n<!-- \/ Yoast SEO plugin. -->","yoast_head_json":{"title":"RD Congo: El Papa lamenta asesinato del P. Richard &#8211; Exaudi","description":"RD Congo: El Papa Francisco record\u00f3 el asesinato del P. Richard durante la audiencia general de hoy, 16 de febrero de 2022,","robots":{"index":"index","follow":"follow","max-snippet":"max-snippet:-1","max-image-preview":"max-image-preview:large","max-video-preview":"max-video-preview:-1"},"canonical":"https:\/\/exaudi.org\/es\/asesinato-richard-testigos-bien\/","og_locale":"es_ES","og_type":"article","og_title":"RD Congo: El Papa lamenta asesinato del P. Richard &#8211; Exaudi","og_description":"RD Congo: El Papa Francisco record\u00f3 el asesinato del P. Richard durante la audiencia general de hoy, 16 de febrero de 2022,","og_url":"https:\/\/exaudi.org\/es\/asesinato-richard-testigos-bien\/","og_site_name":"Exaudi","article_publisher":"https:\/\/www.facebook.com\/ExaudiNews","article_published_time":"2022-02-16T13:24:01+00:00","article_modified_time":"2022-02-17T10:10:52+00:00","og_image":[{"width":1261,"height":709,"url":"https:\/\/exaudi.org\/wp-content\/uploads\/2022\/02\/audienciageneralpadrerichard16febrero2022.jpeg","type":"image\/jpeg"}],"author":"Gabriel Sales","twitter_card":"summary_large_image","twitter_creator":"@habemusman","twitter_site":"@Exaudi_News","twitter_misc":{"Escrito por":"Gabriel Sales","Tiempo de lectura":"1 minuto"},"schema":{"@context":"https:\/\/schema.org","@graph":[{"@type":"Article","@id":"https:\/\/exaudi.org\/es\/asesinato-richard-testigos-bien\/#article","isPartOf":{"@id":"https:\/\/exaudi.org\/es\/asesinato-richard-testigos-bien\/"},"author":{"name":"Gabriel Sales","@id":"https:\/\/exaudi.org\/#\/schema\/person\/d134b96438278131ce90c90c03fda6cd"},"headline":"RD Congo: El Papa lamenta asesinato del P. Richard","datePublished":"2022-02-16T13:24:01+00:00","dateModified":"2022-02-17T10:10:52+00:00","mainEntityOfPage":{"@id":"https:\/\/exaudi.org\/es\/asesinato-richard-testigos-bien\/"},"wordCount":329,"image":{"@id":"https:\/\/exaudi.org\/es\/asesinato-richard-testigos-bien\/#primaryimage"},"thumbnailUrl":"https:\/\/exaudi.org\/wp-content\/uploads\/2022\/02\/audienciageneralpadrerichard16febrero2022.jpeg","keywords":["audiencia general","Padre Richard Masivi","papa francisco"],"articleSection":["Audiencia General","Le\u00f3n XIV"],"inLanguage":"es"},{"@type":"WebPage","@id":"https:\/\/exaudi.org\/es\/asesinato-richard-testigos-bien\/","url":"https:\/\/exaudi.org\/es\/asesinato-richard-testigos-bien\/","name":"RD Congo: El Papa lamenta asesinato del P. Richard &#8211; Exaudi","isPartOf":{"@id":"https:\/\/exaudi.org\/#website"},"primaryImageOfPage":{"@id":"https:\/\/exaudi.org\/es\/asesinato-richard-testigos-bien\/#primaryimage"},"image":{"@id":"https:\/\/exaudi.org\/es\/asesinato-richard-testigos-bien\/#primaryimage"},"thumbnailUrl":"https:\/\/exaudi.org\/wp-content\/uploads\/2022\/02\/audienciageneralpadrerichard16febrero2022.jpeg","datePublished":"2022-02-16T13:24:01+00:00","dateModified":"2022-02-17T10:10:52+00:00","author":{"@id":"https:\/\/exaudi.org\/#\/schema\/person\/d134b96438278131ce90c90c03fda6cd"},"description":"RD Congo: El Papa Francisco record\u00f3 el asesinato del P. Richard durante la audiencia general de hoy, 16 de febrero de 2022,","breadcrumb":{"@id":"https:\/\/exaudi.org\/es\/asesinato-richard-testigos-bien\/#breadcrumb"},"inLanguage":"es","potentialAction":[{"@type":"ReadAction","target":["https:\/\/exaudi.org\/es\/asesinato-richard-testigos-bien\/"]}]},{"@type":"ImageObject","inLanguage":"es","@id":"https:\/\/exaudi.org\/es\/asesinato-richard-testigos-bien\/#primaryimage","url":"https:\/\/exaudi.org\/wp-content\/uploads\/2022\/02\/audienciageneralpadrerichard16febrero2022.jpeg","contentUrl":"https:\/\/exaudi.org\/wp-content\/uploads\/2022\/02\/audienciageneralpadrerichard16febrero2022.jpeg","width":1261,"height":709,"caption":"Padre Richard, de la Rep\u00fablica Democr\u00e1tica del Congo \u00a9 Vatican Media"},{"@type":"BreadcrumbList","@id":"https:\/\/exaudi.org\/es\/asesinato-richard-testigos-bien\/#breadcrumb","itemListElement":[{"@type":"ListItem","position":1,"name":"Portada","item":"https:\/\/exaudi.org\/es\/"},{"@type":"ListItem","position":2,"name":"RD Congo: El Papa lamenta asesinato del P. Richard"}]},{"@type":"WebSite","@id":"https:\/\/exaudi.org\/#website","url":"https:\/\/exaudi.org\/","name":"Exaudi","description":"News","potentialAction":[{"@type":"SearchAction","target":{"@type":"EntryPoint","urlTemplate":"https:\/\/exaudi.org\/?s={search_term_string}"},"query-input":{"@type":"PropertyValueSpecification","valueRequired":true,"valueName":"search_term_string"}}],"inLanguage":"es"},{"@type":"Person","@id":"https:\/\/exaudi.org\/#\/schema\/person\/d134b96438278131ce90c90c03fda6cd","name":"Gabriel Sales","image":{"@type":"ImageObject","inLanguage":"es","@id":"https:\/\/secure.gravatar.com\/avatar\/9b1269566f6a063ed26ffb3532b66a373cdde231ce5d0effb266167437fdaffd?s=96&d=mm&r=g","url":"https:\/\/secure.gravatar.com\/avatar\/9b1269566f6a063ed26ffb3532b66a373cdde231ce5d0effb266167437fdaffd?s=96&d=mm&r=g","contentUrl":"https:\/\/secure.gravatar.com\/avatar\/9b1269566f6a063ed26ffb3532b66a373cdde231ce5d0effb266167437fdaffd?s=96&d=mm&r=g","caption":"Gabriel Sales"},"description":"Periodista y especialista en Comunicaci\u00f3n y Branding digital. Cin\u00e9filo y cr\u00edtico de cine y series de televisi\u00f3n.","sameAs":["https:\/\/www.instagram.com\/cine90segundos\/","www.linkedin.com\/in\/habemusman","https:\/\/x.com\/habemusman","https:\/\/www.youtube.com\/channel\/UCVfCiOMkJ_C7T7OpyjuaLDg"],"url":"https:\/\/exaudi.org\/es\/author\/gsalesexaudi-org\/"}]}},"jetpack_featured_media_url":"https:\/\/exaudi.org\/wp-content\/uploads\/2022\/02\/audienciageneralpadrerichard16febrero2022.jpeg","jetpack_shortlink":"https:\/\/wp.me\/pgKjF2-dBN","_links":{"self":[{"href":"https:\/\/exaudi.org\/es\/wp-json\/wp\/v2\/posts\/52315","targetHints":{"allow":["GET"]}}],"collection":[{"href":"https:\/\/exaudi.org\/es\/wp-json\/wp\/v2\/posts"}],"about":[{"href":"https:\/\/exaudi.org\/es\/wp-json\/wp\/v2\/types\/post"}],"author":[{"embeddable":true,"href":"https:\/\/exaudi.org\/es\/wp-json\/wp\/v2\/users\/6"}],"replies":[{"embeddable":true,"href":"https:\/\/exaudi.org\/es\/wp-json\/wp\/v2\/comments?post=52315"}],"version-history":[{"count":0,"href":"https:\/\/exaudi.org\/es\/wp-json\/wp\/v2\/posts\/52315\/revisions"}],"wp:featuredmedia":[{"embeddable":true,"href":"https:\/\/exaudi.org\/es\/wp-json\/wp\/v2\/media\/52316"}],"wp:attachment":[{"href":"https:\/\/exaudi.org\/es\/wp-json\/wp\/v2\/media?parent=52315"}],"wp:term":[{"taxonomy":"category","embeddable":true,"href":"https:\/\/exaudi.org\/es\/wp-json\/wp\/v2\/categories?post=52315"},{"taxonomy":"post_tag","embeddable":true,"href":"https:\/\/exaudi.org\/es\/wp-json\/wp\/v2\/tags?post=52315"}],"curies":[{"name":"wp","href":"https:\/\/api.w.org\/{rel}","templated":true}]}}