{"id":52308,"date":"2022-02-16T14:04:02","date_gmt":"2022-02-16T13:04:02","guid":{"rendered":"https:\/\/exaudi.org\/?p=52308"},"modified":"2022-02-16T14:08:01","modified_gmt":"2022-02-16T13:08:01","slug":"salvador-obispos-agradecen-participacion-beatificacion-martires","status":"publish","type":"post","link":"https:\/\/exaudi.org\/es\/salvador-obispos-agradecen-participacion-beatificacion-martires\/","title":{"rendered":"El Salvador: Obispos agradecen participaci\u00f3n en beatificaci\u00f3n de m\u00e1rtires"},"content":{"rendered":"<p>Los obispos de la <a href=\"https:\/\/iglesia.org.sv\/\" target=\"_blank\" rel=\"noopener\">Conferencia Episcopal de El Salvador<\/a> (CEDES) emitieron el pasado 13 de febrero de 2022 un comunicado en el que agradecen a todos los que han contribuido en la <a href=\"https:\/\/exaudi.org\/es\/salvador-nuevos-beatos-innumerables-martires\/\" target=\"_blank\" rel=\"noopener\">beatificaci\u00f3n de los cuatro m\u00e1rtires del pa\u00eds<\/a>, los sacerdotes Rutilio Grande y Cosme Spessotto, Manuel y Nelson.<\/p>\n<p>En primer lugar, comienza el escrito, los prelados muestran su gratitud con el Papa Francisco, \u201cpor concedernos este inmenso don, cuatro nuevos beatos\u201d. En segundo lugar, contin\u00faan, al cardenal Gregorio Rosa Ch\u00e1vez, primer purpurado salvadore\u00f1o, \u201cpor beatificarlos en representaci\u00f3n de Su Santidad el Papa\u201d. Tambi\u00e9n agradecen al Nuncio Apost\u00f3lico \u201cpor su colaboraci\u00f3n en ambos procesos\u201d, y a los postuladores de ambas causas, obispos, padres provinciales, sacerdotes y laicos.<\/p>\n<p>Del mismo modo, el Episcopado expresa su agradecimiento \u201ca las autoridades municipales y estatales por su apoyo en la organizaci\u00f3n del evento, por su deferencia en nombrar capital por un d\u00eda tanto al municipio de Aguilares como el de San Juan Nonualco, y, por supuesto, por la Delegaci\u00f3n presente durante la beatificaci\u00f3n\u201d.<\/p>\n<p>Asimismo, la CEDES agradece \u201cla presencia de los familiares de los beatos\u201d, as\u00ed como la asistencia del Cuerpo Diplom\u00e1tico en el pa\u00eds. Tambi\u00e9n a la Orden Jesuita y Franciscana por su colaboraci\u00f3n en las causas de canonizaci\u00f3n de sus respectivos m\u00e1rtires, y les reconocen su gran labor en la naci\u00f3n.<\/p>\n<h2>Beatificaci\u00f3n de los cuatro m\u00e1rtires<\/h2>\n<p>El pasado 22 de enero fueron beatificados los cuatro m\u00e1rtires en una emotiva ceremonia celebrada por el cardenal Gregorio Rosa Ch\u00e1vez, obispo auxiliar de San Salvador y en representaci\u00f3n del Santo Padre.<\/p>\n<p>De este modo, el padre Rutilio Grande, Fray Cosme Spessotto, Manuel Sol\u00f3rzano y Nelson Rutilio Lemus se convierten en los nuevos beatos de El Salvador. De acuerdo a una nota de ADN CELAM, sistema informativo del\u00a0<a href=\"https:\/\/www.celam.org\/\" target=\"_blank\" rel=\"noopener\">Consejo Episcopal Latinoamericano (CELAM)<\/a>, unas 6.000 personas, bajo medidas de bioseguridad, se congregaron en la Plaza Divino Salvador del Mundo, en la capital del pa\u00eds.<\/p>\n<p>Tambi\u00e9n asistieron los obispos de todas las jurisdicciones nacionales y de Centroam\u00e9rica, autoridades gubernamentales y personal diplom\u00e1tico acreditado en El Salvador. En representaci\u00f3n de la directiva del CELAM asisti\u00f3 monse\u00f1or Jorge Eduardo Lozano, secretario general y arzobispo de San Juan de Cuyo (Argentina).<\/p>\n","protected":false},"excerpt":{"rendered":"<p>A trav\u00e9s de un comunicado<\/p>\n","protected":false},"author":6,"featured_media":52312,"comment_status":"closed","ping_status":"closed","sticky":false,"template":"","format":"standard","meta":{"_acf_changed":false,"_crdt_document":"","inline_featured_image":false,"footnotes":""},"categories":[86],"tags":[2034,2190,605,360,4953],"class_list":["post-52308","post","type-post","status-publish","format-standard","has-post-thumbnail","hentry","category-iglesia-local","tag-beatificacion","tag-conferencia-episcopal-de-el-salvador-cedes","tag-el-salvador","tag-martires","tag-trending-es"],"acf":[],"yoast_head":"<!-- This site is optimized with the Yoast SEO plugin v27.5 - https:\/\/yoast.com\/product\/yoast-seo-wordpress\/ -->\n<title>El Salvador: Obispos agradecen participaci\u00f3n en beatificaci\u00f3n de m\u00e1rtires<\/title>\n<meta name=\"description\" content=\"Los obispos de El Salvador han emitido un comunicado en el que agradecen a todos los que contribuyeron a la beatificaci\u00f3n de los m\u00e1rtires.\" \/>\n<meta name=\"robots\" content=\"index, follow, max-snippet:-1, max-image-preview:large, max-video-preview:-1\" \/>\n<link rel=\"canonical\" href=\"https:\/\/exaudi.org\/es\/salvador-obispos-agradecen-participacion-beatificacion-martires\/\" \/>\n<meta property=\"og:locale\" content=\"es_ES\" \/>\n<meta property=\"og:type\" content=\"article\" \/>\n<meta property=\"og:title\" content=\"El Salvador: Obispos agradecen participaci\u00f3n en beatificaci\u00f3n de m\u00e1rtires\" \/>\n<meta property=\"og:description\" content=\"Los obispos de El Salvador han emitido un comunicado en el que agradecen a todos los que contribuyeron a la beatificaci\u00f3n de los m\u00e1rtires.\" \/>\n<meta property=\"og:url\" content=\"https:\/\/exaudi.org\/es\/salvador-obispos-agradecen-participacion-beatificacion-martires\/\" \/>\n<meta property=\"og:site_name\" content=\"Exaudi\" \/>\n<meta property=\"article:publisher\" content=\"https:\/\/www.facebook.com\/ExaudiNews\" \/>\n<meta property=\"article:published_time\" content=\"2022-02-16T13:04:02+00:00\" \/>\n<meta property=\"article:modified_time\" content=\"2022-02-16T13:08:01+00:00\" \/>\n<meta property=\"og:image\" content=\"https:\/\/exaudi.org\/wp-content\/uploads\/2022\/02\/elsalvadorobisposgratitudbeatificacion.png\" \/>\n\t<meta property=\"og:image:width\" content=\"1257\" \/>\n\t<meta property=\"og:image:height\" content=\"707\" \/>\n\t<meta property=\"og:image:type\" content=\"image\/png\" \/>\n<meta name=\"author\" content=\"Gabriel Sales\" \/>\n<meta name=\"twitter:card\" content=\"summary_large_image\" \/>\n<meta name=\"twitter:creator\" content=\"@habemusman\" \/>\n<meta name=\"twitter:site\" content=\"@Exaudi_News\" \/>\n<meta name=\"twitter:label1\" content=\"Escrito por\" \/>\n\t<meta name=\"twitter:data1\" content=\"Gabriel Sales\" \/>\n\t<meta name=\"twitter:label2\" content=\"Tiempo de lectura\" \/>\n\t<meta name=\"twitter:data2\" content=\"2 minutos\" \/>\n<script type=\"application\/ld+json\" class=\"yoast-schema-graph\">{\"@context\":\"https:\\\/\\\/schema.org\",\"@graph\":[{\"@type\":\"Article\",\"@id\":\"https:\\\/\\\/exaudi.org\\\/es\\\/salvador-obispos-agradecen-participacion-beatificacion-martires\\\/#article\",\"isPartOf\":{\"@id\":\"https:\\\/\\\/exaudi.org\\\/es\\\/salvador-obispos-agradecen-participacion-beatificacion-martires\\\/\"},\"author\":{\"name\":\"Gabriel Sales\",\"@id\":\"https:\\\/\\\/exaudi.org\\\/#\\\/schema\\\/person\\\/d134b96438278131ce90c90c03fda6cd\"},\"headline\":\"El Salvador: Obispos agradecen participaci\u00f3n en beatificaci\u00f3n de m\u00e1rtires\",\"datePublished\":\"2022-02-16T13:04:02+00:00\",\"dateModified\":\"2022-02-16T13:08:01+00:00\",\"mainEntityOfPage\":{\"@id\":\"https:\\\/\\\/exaudi.org\\\/es\\\/salvador-obispos-agradecen-participacion-beatificacion-martires\\\/\"},\"wordCount\":401,\"image\":{\"@id\":\"https:\\\/\\\/exaudi.org\\\/es\\\/salvador-obispos-agradecen-participacion-beatificacion-martires\\\/#primaryimage\"},\"thumbnailUrl\":\"https:\\\/\\\/exaudi.org\\\/wp-content\\\/uploads\\\/2022\\\/02\\\/elsalvadorobisposgratitudbeatificacion.png\",\"keywords\":[\"Beatificaci\u00f3n\",\"Conferencia Episcopal de El Salvador (CEDES)\",\"El Salvador\",\"M\u00e1rtires\",\"Trending\"],\"articleSection\":[\"Iglesia Local\"],\"inLanguage\":\"es\"},{\"@type\":\"WebPage\",\"@id\":\"https:\\\/\\\/exaudi.org\\\/es\\\/salvador-obispos-agradecen-participacion-beatificacion-martires\\\/\",\"url\":\"https:\\\/\\\/exaudi.org\\\/es\\\/salvador-obispos-agradecen-participacion-beatificacion-martires\\\/\",\"name\":\"El Salvador: Obispos agradecen participaci\u00f3n en beatificaci\u00f3n de m\u00e1rtires\",\"isPartOf\":{\"@id\":\"https:\\\/\\\/exaudi.org\\\/#website\"},\"primaryImageOfPage\":{\"@id\":\"https:\\\/\\\/exaudi.org\\\/es\\\/salvador-obispos-agradecen-participacion-beatificacion-martires\\\/#primaryimage\"},\"image\":{\"@id\":\"https:\\\/\\\/exaudi.org\\\/es\\\/salvador-obispos-agradecen-participacion-beatificacion-martires\\\/#primaryimage\"},\"thumbnailUrl\":\"https:\\\/\\\/exaudi.org\\\/wp-content\\\/uploads\\\/2022\\\/02\\\/elsalvadorobisposgratitudbeatificacion.png\",\"datePublished\":\"2022-02-16T13:04:02+00:00\",\"dateModified\":\"2022-02-16T13:08:01+00:00\",\"author\":{\"@id\":\"https:\\\/\\\/exaudi.org\\\/#\\\/schema\\\/person\\\/d134b96438278131ce90c90c03fda6cd\"},\"description\":\"Los obispos de El Salvador han emitido un comunicado en el que agradecen a todos los que contribuyeron a la beatificaci\u00f3n de los m\u00e1rtires.\",\"breadcrumb\":{\"@id\":\"https:\\\/\\\/exaudi.org\\\/es\\\/salvador-obispos-agradecen-participacion-beatificacion-martires\\\/#breadcrumb\"},\"inLanguage\":\"es\",\"potentialAction\":[{\"@type\":\"ReadAction\",\"target\":[\"https:\\\/\\\/exaudi.org\\\/es\\\/salvador-obispos-agradecen-participacion-beatificacion-martires\\\/\"]}]},{\"@type\":\"ImageObject\",\"inLanguage\":\"es\",\"@id\":\"https:\\\/\\\/exaudi.org\\\/es\\\/salvador-obispos-agradecen-participacion-beatificacion-martires\\\/#primaryimage\",\"url\":\"https:\\\/\\\/exaudi.org\\\/wp-content\\\/uploads\\\/2022\\\/02\\\/elsalvadorobisposgratitudbeatificacion.png\",\"contentUrl\":\"https:\\\/\\\/exaudi.org\\\/wp-content\\\/uploads\\\/2022\\\/02\\\/elsalvadorobisposgratitudbeatificacion.png\",\"width\":1257,\"height\":707,\"caption\":\"Beatificaci\u00f3n de los cuatro m\u00e1rtires de El Salvador \u00a9 Vatican Media\"},{\"@type\":\"BreadcrumbList\",\"@id\":\"https:\\\/\\\/exaudi.org\\\/es\\\/salvador-obispos-agradecen-participacion-beatificacion-martires\\\/#breadcrumb\",\"itemListElement\":[{\"@type\":\"ListItem\",\"position\":1,\"name\":\"Portada\",\"item\":\"https:\\\/\\\/exaudi.org\\\/es\\\/\"},{\"@type\":\"ListItem\",\"position\":2,\"name\":\"El Salvador: Obispos agradecen participaci\u00f3n en beatificaci\u00f3n de m\u00e1rtires\"}]},{\"@type\":\"WebSite\",\"@id\":\"https:\\\/\\\/exaudi.org\\\/#website\",\"url\":\"https:\\\/\\\/exaudi.org\\\/\",\"name\":\"Exaudi\",\"description\":\"News\",\"potentialAction\":[{\"@type\":\"SearchAction\",\"target\":{\"@type\":\"EntryPoint\",\"urlTemplate\":\"https:\\\/\\\/exaudi.org\\\/?s={search_term_string}\"},\"query-input\":{\"@type\":\"PropertyValueSpecification\",\"valueRequired\":true,\"valueName\":\"search_term_string\"}}],\"inLanguage\":\"es\"},{\"@type\":\"Person\",\"@id\":\"https:\\\/\\\/exaudi.org\\\/#\\\/schema\\\/person\\\/d134b96438278131ce90c90c03fda6cd\",\"name\":\"Gabriel Sales\",\"image\":{\"@type\":\"ImageObject\",\"inLanguage\":\"es\",\"@id\":\"https:\\\/\\\/secure.gravatar.com\\\/avatar\\\/9b1269566f6a063ed26ffb3532b66a373cdde231ce5d0effb266167437fdaffd?s=96&d=mm&r=g\",\"url\":\"https:\\\/\\\/secure.gravatar.com\\\/avatar\\\/9b1269566f6a063ed26ffb3532b66a373cdde231ce5d0effb266167437fdaffd?s=96&d=mm&r=g\",\"contentUrl\":\"https:\\\/\\\/secure.gravatar.com\\\/avatar\\\/9b1269566f6a063ed26ffb3532b66a373cdde231ce5d0effb266167437fdaffd?s=96&d=mm&r=g\",\"caption\":\"Gabriel Sales\"},\"description\":\"Periodista y especialista en Comunicaci\u00f3n y Branding digital. Cin\u00e9filo y cr\u00edtico de cine y series de televisi\u00f3n.\",\"sameAs\":[\"https:\\\/\\\/www.instagram.com\\\/cine90segundos\\\/\",\"www.linkedin.com\\\/in\\\/habemusman\",\"https:\\\/\\\/x.com\\\/habemusman\",\"https:\\\/\\\/www.youtube.com\\\/channel\\\/UCVfCiOMkJ_C7T7OpyjuaLDg\"],\"url\":\"https:\\\/\\\/exaudi.org\\\/es\\\/author\\\/gsalesexaudi-org\\\/\"}]}<\/script>\n<!-- \/ Yoast SEO plugin. -->","yoast_head_json":{"title":"El Salvador: Obispos agradecen participaci\u00f3n en beatificaci\u00f3n de m\u00e1rtires","description":"Los obispos de El Salvador han emitido un comunicado en el que agradecen a todos los que contribuyeron a la beatificaci\u00f3n de los m\u00e1rtires.","robots":{"index":"index","follow":"follow","max-snippet":"max-snippet:-1","max-image-preview":"max-image-preview:large","max-video-preview":"max-video-preview:-1"},"canonical":"https:\/\/exaudi.org\/es\/salvador-obispos-agradecen-participacion-beatificacion-martires\/","og_locale":"es_ES","og_type":"article","og_title":"El Salvador: Obispos agradecen participaci\u00f3n en beatificaci\u00f3n de m\u00e1rtires","og_description":"Los obispos de El Salvador han emitido un comunicado en el que agradecen a todos los que contribuyeron a la beatificaci\u00f3n de los m\u00e1rtires.","og_url":"https:\/\/exaudi.org\/es\/salvador-obispos-agradecen-participacion-beatificacion-martires\/","og_site_name":"Exaudi","article_publisher":"https:\/\/www.facebook.com\/ExaudiNews","article_published_time":"2022-02-16T13:04:02+00:00","article_modified_time":"2022-02-16T13:08:01+00:00","og_image":[{"width":1257,"height":707,"url":"https:\/\/exaudi.org\/wp-content\/uploads\/2022\/02\/elsalvadorobisposgratitudbeatificacion.png","type":"image\/png"}],"author":"Gabriel Sales","twitter_card":"summary_large_image","twitter_creator":"@habemusman","twitter_site":"@Exaudi_News","twitter_misc":{"Escrito por":"Gabriel Sales","Tiempo de lectura":"2 minutos"},"schema":{"@context":"https:\/\/schema.org","@graph":[{"@type":"Article","@id":"https:\/\/exaudi.org\/es\/salvador-obispos-agradecen-participacion-beatificacion-martires\/#article","isPartOf":{"@id":"https:\/\/exaudi.org\/es\/salvador-obispos-agradecen-participacion-beatificacion-martires\/"},"author":{"name":"Gabriel Sales","@id":"https:\/\/exaudi.org\/#\/schema\/person\/d134b96438278131ce90c90c03fda6cd"},"headline":"El Salvador: Obispos agradecen participaci\u00f3n en beatificaci\u00f3n de m\u00e1rtires","datePublished":"2022-02-16T13:04:02+00:00","dateModified":"2022-02-16T13:08:01+00:00","mainEntityOfPage":{"@id":"https:\/\/exaudi.org\/es\/salvador-obispos-agradecen-participacion-beatificacion-martires\/"},"wordCount":401,"image":{"@id":"https:\/\/exaudi.org\/es\/salvador-obispos-agradecen-participacion-beatificacion-martires\/#primaryimage"},"thumbnailUrl":"https:\/\/exaudi.org\/wp-content\/uploads\/2022\/02\/elsalvadorobisposgratitudbeatificacion.png","keywords":["Beatificaci\u00f3n","Conferencia Episcopal de El Salvador (CEDES)","El Salvador","M\u00e1rtires","Trending"],"articleSection":["Iglesia Local"],"inLanguage":"es"},{"@type":"WebPage","@id":"https:\/\/exaudi.org\/es\/salvador-obispos-agradecen-participacion-beatificacion-martires\/","url":"https:\/\/exaudi.org\/es\/salvador-obispos-agradecen-participacion-beatificacion-martires\/","name":"El Salvador: Obispos agradecen participaci\u00f3n en beatificaci\u00f3n de m\u00e1rtires","isPartOf":{"@id":"https:\/\/exaudi.org\/#website"},"primaryImageOfPage":{"@id":"https:\/\/exaudi.org\/es\/salvador-obispos-agradecen-participacion-beatificacion-martires\/#primaryimage"},"image":{"@id":"https:\/\/exaudi.org\/es\/salvador-obispos-agradecen-participacion-beatificacion-martires\/#primaryimage"},"thumbnailUrl":"https:\/\/exaudi.org\/wp-content\/uploads\/2022\/02\/elsalvadorobisposgratitudbeatificacion.png","datePublished":"2022-02-16T13:04:02+00:00","dateModified":"2022-02-16T13:08:01+00:00","author":{"@id":"https:\/\/exaudi.org\/#\/schema\/person\/d134b96438278131ce90c90c03fda6cd"},"description":"Los obispos de El Salvador han emitido un comunicado en el que agradecen a todos los que contribuyeron a la beatificaci\u00f3n de los m\u00e1rtires.","breadcrumb":{"@id":"https:\/\/exaudi.org\/es\/salvador-obispos-agradecen-participacion-beatificacion-martires\/#breadcrumb"},"inLanguage":"es","potentialAction":[{"@type":"ReadAction","target":["https:\/\/exaudi.org\/es\/salvador-obispos-agradecen-participacion-beatificacion-martires\/"]}]},{"@type":"ImageObject","inLanguage":"es","@id":"https:\/\/exaudi.org\/es\/salvador-obispos-agradecen-participacion-beatificacion-martires\/#primaryimage","url":"https:\/\/exaudi.org\/wp-content\/uploads\/2022\/02\/elsalvadorobisposgratitudbeatificacion.png","contentUrl":"https:\/\/exaudi.org\/wp-content\/uploads\/2022\/02\/elsalvadorobisposgratitudbeatificacion.png","width":1257,"height":707,"caption":"Beatificaci\u00f3n de los cuatro m\u00e1rtires de El Salvador \u00a9 Vatican Media"},{"@type":"BreadcrumbList","@id":"https:\/\/exaudi.org\/es\/salvador-obispos-agradecen-participacion-beatificacion-martires\/#breadcrumb","itemListElement":[{"@type":"ListItem","position":1,"name":"Portada","item":"https:\/\/exaudi.org\/es\/"},{"@type":"ListItem","position":2,"name":"El Salvador: Obispos agradecen participaci\u00f3n en beatificaci\u00f3n de m\u00e1rtires"}]},{"@type":"WebSite","@id":"https:\/\/exaudi.org\/#website","url":"https:\/\/exaudi.org\/","name":"Exaudi","description":"News","potentialAction":[{"@type":"SearchAction","target":{"@type":"EntryPoint","urlTemplate":"https:\/\/exaudi.org\/?s={search_term_string}"},"query-input":{"@type":"PropertyValueSpecification","valueRequired":true,"valueName":"search_term_string"}}],"inLanguage":"es"},{"@type":"Person","@id":"https:\/\/exaudi.org\/#\/schema\/person\/d134b96438278131ce90c90c03fda6cd","name":"Gabriel Sales","image":{"@type":"ImageObject","inLanguage":"es","@id":"https:\/\/secure.gravatar.com\/avatar\/9b1269566f6a063ed26ffb3532b66a373cdde231ce5d0effb266167437fdaffd?s=96&d=mm&r=g","url":"https:\/\/secure.gravatar.com\/avatar\/9b1269566f6a063ed26ffb3532b66a373cdde231ce5d0effb266167437fdaffd?s=96&d=mm&r=g","contentUrl":"https:\/\/secure.gravatar.com\/avatar\/9b1269566f6a063ed26ffb3532b66a373cdde231ce5d0effb266167437fdaffd?s=96&d=mm&r=g","caption":"Gabriel Sales"},"description":"Periodista y especialista en Comunicaci\u00f3n y Branding digital. Cin\u00e9filo y cr\u00edtico de cine y series de televisi\u00f3n.","sameAs":["https:\/\/www.instagram.com\/cine90segundos\/","www.linkedin.com\/in\/habemusman","https:\/\/x.com\/habemusman","https:\/\/www.youtube.com\/channel\/UCVfCiOMkJ_C7T7OpyjuaLDg"],"url":"https:\/\/exaudi.org\/es\/author\/gsalesexaudi-org\/"}]}},"jetpack_featured_media_url":"https:\/\/exaudi.org\/wp-content\/uploads\/2022\/02\/elsalvadorobisposgratitudbeatificacion.png","jetpack_shortlink":"https:\/\/wp.me\/pgKjF2-dBG","_links":{"self":[{"href":"https:\/\/exaudi.org\/es\/wp-json\/wp\/v2\/posts\/52308","targetHints":{"allow":["GET"]}}],"collection":[{"href":"https:\/\/exaudi.org\/es\/wp-json\/wp\/v2\/posts"}],"about":[{"href":"https:\/\/exaudi.org\/es\/wp-json\/wp\/v2\/types\/post"}],"author":[{"embeddable":true,"href":"https:\/\/exaudi.org\/es\/wp-json\/wp\/v2\/users\/6"}],"replies":[{"embeddable":true,"href":"https:\/\/exaudi.org\/es\/wp-json\/wp\/v2\/comments?post=52308"}],"version-history":[{"count":0,"href":"https:\/\/exaudi.org\/es\/wp-json\/wp\/v2\/posts\/52308\/revisions"}],"wp:featuredmedia":[{"embeddable":true,"href":"https:\/\/exaudi.org\/es\/wp-json\/wp\/v2\/media\/52312"}],"wp:attachment":[{"href":"https:\/\/exaudi.org\/es\/wp-json\/wp\/v2\/media?parent=52308"}],"wp:term":[{"taxonomy":"category","embeddable":true,"href":"https:\/\/exaudi.org\/es\/wp-json\/wp\/v2\/categories?post=52308"},{"taxonomy":"post_tag","embeddable":true,"href":"https:\/\/exaudi.org\/es\/wp-json\/wp\/v2\/tags?post=52308"}],"curies":[{"name":"wp","href":"https:\/\/api.w.org\/{rel}","templated":true}]}}