{"id":52281,"date":"2022-02-16T12:29:22","date_gmt":"2022-02-16T11:29:22","guid":{"rendered":"https:\/\/exaudi.org\/?p=52281"},"modified":"2022-02-16T12:29:22","modified_gmt":"2022-02-16T11:29:22","slug":"espana-nuevo-obispo-auxiliar-de-las-islas-canarias","status":"publish","type":"post","link":"https:\/\/exaudi.org\/es\/espana-nuevo-obispo-auxiliar-de-las-islas-canarias\/","title":{"rendered":"Espa\u00f1a: Nuevo obispo auxiliar de las Islas Canarias"},"content":{"rendered":"<p>El <a href=\"https:\/\/exaudi.org\/es\/san-jose-custodio-tesoro-fe-jesus-maria\/\" target=\"_blank\" rel=\"noopener\">Papa Francisco<\/a> ha nombrado obispo auxiliar de la di\u00f3cesis de las Islas Canarias, Espa\u00f1a, al reverendo Crist\u00f3bal D\u00e9niz Hern\u00e1ndez, del clero de la misma di\u00f3cesis y vicario general, asign\u00e1ndole la sede titular de Aliezira. De esta forma ha informado hoy, mi\u00e9rcoles 16 de febrero de 2022, la <a href=\"https:\/\/www.vatican.va\/news_services\/press\/index_sp.htm\" target=\"_blank\" rel=\"noopener\">Oficina de Prensa de la Santa Sede<\/a>.<\/p>\n<h2><strong>Rev. Crist\u00f3bal D\u00e9niz<\/strong><\/h2>\n<p>La Conferencia Episcopal Espa\u00f1ola (CEE) describe que Crist\u00f3bal D\u00e9niz Hern\u00e1ndez naci\u00f3 el 15 de junio de 1969\u00a0en Valsequillo, isla de Gran Canaria. Es Bachiller en Teolog\u00eda por el Centro Teol\u00f3gico de Las Palmas, afiliado a la\u00a0Universidad Pontificia de Comillas (1995). Licenciado en Teolog\u00eda Moral por la Academia Alfonsiana de la Pontificia Universidad Lateranense (1997) y doctor en Teolog\u00eda Moral tambi\u00e9n por la Pontificia Universidad Lateranense (2006). Fue\u00a0ordenado sacerdote el 22 de septiembre de 1996.<\/p>\n<p>Su ministerio sacerdotal lo ha desarrollado en la di\u00f3cesis canaria, donde ha desempe\u00f1ado las siguientes\u00a0labores pastorales: p\u00e1rroco de la parroquia de Santa Rita de Telde (2006-2007); de la parroquia de San Antonio Abad de Tamaraceite y encargado de sus anejas (2008-2013); de Nuestra Se\u00f1ora de las Nieves en el Palmar (Teror) y adscrito a Nuestra Se\u00f1ora del Pino (2013-2015); y de San Nicol\u00e1s de Bari y San Francisco de Sales (2015-2016).<\/p>\n<p>Adem\u00e1s,\u00a0ha ocupado los\u00a0cargos\u00a0de director del secretariado de Pastoral Juvenil (1998-2001), vicerrector del seminario diocesano (2001-2004; 2007-2008) y vicario episcopal de Las Palmas de Gran Canaria (2014-2021).<\/p>\n<p>En el campo de la\u00a0docencia, es profesor estable agregado del\u00a0Instituto Superior de Teolog\u00eda de las Islas Canarias, sede Gran Canaria, centro agregado a la\u00a0Facultad de Teolog\u00eda del Norte de Espa\u00f1a, sede\u00a0Burgos\u00a0desde el 1998. Imparte las materias de teolog\u00eda moral fundamental; teolog\u00eda moral de la persona; teolog\u00eda moral social; doctrina social de la Iglesia; y preparaci\u00f3n para la DECA.<\/p>\n<p>Ha sido director del Instituto Superior de Teolog\u00eda de las Islas Canarias (2013-2019) y director delegado de la extensi\u00f3n de Canarias de la secci\u00f3n a distancia del\u00a0Instituto Superior de Ciencias Religiosas de la Universidad Eclesi\u00e1stica de San D\u00e1maso\u00a0(2016-2020).<\/p>\n<p>En la actualidad\u00a0es vicario general de Canarias y el responsable diocesano para la consulta\u00a0sinodal, desde 2021. P\u00e1rroco de la parroquia del Sant\u00edsimo Cristo Crucificado de Guanarteme, desde 2019. Desde este mismo a\u00f1o es\u00a0can\u00f3nigo de la catedral\u00a0bas\u00edlica de Canarias. Miembro del consejo presbiteral, desde 2006; del colegio de consultores, desde 2018; y del consejo pastoral diocesano, desde 2021.<\/p>\n","protected":false},"excerpt":{"rendered":"<p>Reverendo Crist\u00f3bal D\u00e9niz Hern\u00e1ndez<\/p>\n","protected":false},"author":6,"featured_media":52283,"comment_status":"closed","ping_status":"closed","sticky":false,"template":"","format":"standard","meta":{"_acf_changed":false,"_crdt_document":"","inline_featured_image":false,"footnotes":""},"categories":[59],"tags":[1008,292,158],"class_list":["post-52281","post","type-post","status-publish","format-standard","has-post-thumbnail","hentry","category-featured-news","tag-espana","tag-nombramiento","tag-papa-francisco"],"acf":[],"yoast_head":"<!-- This site is optimized with the Yoast SEO plugin v27.5 - https:\/\/yoast.com\/product\/yoast-seo-wordpress\/ -->\n<title>Espa\u00f1a: Nuevo obispo auxiliar de las Islas Canarias &#8211; Exaudi<\/title>\n<meta name=\"description\" content=\"El Papa Francisco ha nombrado obispo auxiliar de las Islas Canarias (Espa\u00f1a) al reverendo Crist\u00f3bal D\u00e9niz Hern\u00e1ndez.\" \/>\n<meta name=\"robots\" content=\"index, follow, max-snippet:-1, max-image-preview:large, max-video-preview:-1\" \/>\n<link rel=\"canonical\" href=\"https:\/\/exaudi.org\/es\/espana-nuevo-obispo-auxiliar-de-las-islas-canarias\/\" \/>\n<meta property=\"og:locale\" content=\"es_ES\" \/>\n<meta property=\"og:type\" content=\"article\" \/>\n<meta property=\"og:title\" content=\"Espa\u00f1a: Nuevo obispo auxiliar de las Islas Canarias &#8211; Exaudi\" \/>\n<meta property=\"og:description\" content=\"El Papa Francisco ha nombrado obispo auxiliar de las Islas Canarias (Espa\u00f1a) al reverendo Crist\u00f3bal D\u00e9niz Hern\u00e1ndez.\" \/>\n<meta property=\"og:url\" content=\"https:\/\/exaudi.org\/es\/espana-nuevo-obispo-auxiliar-de-las-islas-canarias\/\" \/>\n<meta property=\"og:site_name\" content=\"Exaudi\" \/>\n<meta property=\"article:publisher\" content=\"https:\/\/www.facebook.com\/ExaudiNews\" \/>\n<meta property=\"article:published_time\" content=\"2022-02-16T11:29:22+00:00\" \/>\n<meta property=\"og:image\" content=\"https:\/\/exaudi.org\/wp-content\/uploads\/2022\/02\/nombramientoislascanariasespana2022.jpg\" \/>\n\t<meta property=\"og:image:width\" content=\"689\" \/>\n\t<meta property=\"og:image:height\" content=\"516\" \/>\n\t<meta property=\"og:image:type\" content=\"image\/jpeg\" \/>\n<meta name=\"author\" content=\"Gabriel Sales\" \/>\n<meta name=\"twitter:card\" content=\"summary_large_image\" \/>\n<meta name=\"twitter:creator\" content=\"@habemusman\" \/>\n<meta name=\"twitter:site\" content=\"@Exaudi_News\" \/>\n<meta name=\"twitter:label1\" content=\"Escrito por\" \/>\n\t<meta name=\"twitter:data1\" content=\"Gabriel Sales\" \/>\n\t<meta name=\"twitter:label2\" content=\"Tiempo de lectura\" \/>\n\t<meta name=\"twitter:data2\" content=\"2 minutos\" \/>\n<script type=\"application\/ld+json\" class=\"yoast-schema-graph\">{\"@context\":\"https:\\\/\\\/schema.org\",\"@graph\":[{\"@type\":\"Article\",\"@id\":\"https:\\\/\\\/exaudi.org\\\/es\\\/espana-nuevo-obispo-auxiliar-de-las-islas-canarias\\\/#article\",\"isPartOf\":{\"@id\":\"https:\\\/\\\/exaudi.org\\\/es\\\/espana-nuevo-obispo-auxiliar-de-las-islas-canarias\\\/\"},\"author\":{\"name\":\"Gabriel Sales\",\"@id\":\"https:\\\/\\\/exaudi.org\\\/#\\\/schema\\\/person\\\/d134b96438278131ce90c90c03fda6cd\"},\"headline\":\"Espa\u00f1a: Nuevo obispo auxiliar de las Islas Canarias\",\"datePublished\":\"2022-02-16T11:29:22+00:00\",\"mainEntityOfPage\":{\"@id\":\"https:\\\/\\\/exaudi.org\\\/es\\\/espana-nuevo-obispo-auxiliar-de-las-islas-canarias\\\/\"},\"wordCount\":437,\"image\":{\"@id\":\"https:\\\/\\\/exaudi.org\\\/es\\\/espana-nuevo-obispo-auxiliar-de-las-islas-canarias\\\/#primaryimage\"},\"thumbnailUrl\":\"https:\\\/\\\/exaudi.org\\\/wp-content\\\/uploads\\\/2022\\\/02\\\/nombramientoislascanariasespana2022.jpg\",\"keywords\":[\"Espa\u00f1a\",\"Nombramiento\",\"papa francisco\"],\"articleSection\":[\"Featured News\"],\"inLanguage\":\"es\"},{\"@type\":\"WebPage\",\"@id\":\"https:\\\/\\\/exaudi.org\\\/es\\\/espana-nuevo-obispo-auxiliar-de-las-islas-canarias\\\/\",\"url\":\"https:\\\/\\\/exaudi.org\\\/es\\\/espana-nuevo-obispo-auxiliar-de-las-islas-canarias\\\/\",\"name\":\"Espa\u00f1a: Nuevo obispo auxiliar de las Islas Canarias &#8211; Exaudi\",\"isPartOf\":{\"@id\":\"https:\\\/\\\/exaudi.org\\\/#website\"},\"primaryImageOfPage\":{\"@id\":\"https:\\\/\\\/exaudi.org\\\/es\\\/espana-nuevo-obispo-auxiliar-de-las-islas-canarias\\\/#primaryimage\"},\"image\":{\"@id\":\"https:\\\/\\\/exaudi.org\\\/es\\\/espana-nuevo-obispo-auxiliar-de-las-islas-canarias\\\/#primaryimage\"},\"thumbnailUrl\":\"https:\\\/\\\/exaudi.org\\\/wp-content\\\/uploads\\\/2022\\\/02\\\/nombramientoislascanariasespana2022.jpg\",\"datePublished\":\"2022-02-16T11:29:22+00:00\",\"author\":{\"@id\":\"https:\\\/\\\/exaudi.org\\\/#\\\/schema\\\/person\\\/d134b96438278131ce90c90c03fda6cd\"},\"description\":\"El Papa Francisco ha nombrado obispo auxiliar de las Islas Canarias (Espa\u00f1a) al reverendo Crist\u00f3bal D\u00e9niz Hern\u00e1ndez.\",\"breadcrumb\":{\"@id\":\"https:\\\/\\\/exaudi.org\\\/es\\\/espana-nuevo-obispo-auxiliar-de-las-islas-canarias\\\/#breadcrumb\"},\"inLanguage\":\"es\",\"potentialAction\":[{\"@type\":\"ReadAction\",\"target\":[\"https:\\\/\\\/exaudi.org\\\/es\\\/espana-nuevo-obispo-auxiliar-de-las-islas-canarias\\\/\"]}]},{\"@type\":\"ImageObject\",\"inLanguage\":\"es\",\"@id\":\"https:\\\/\\\/exaudi.org\\\/es\\\/espana-nuevo-obispo-auxiliar-de-las-islas-canarias\\\/#primaryimage\",\"url\":\"https:\\\/\\\/exaudi.org\\\/wp-content\\\/uploads\\\/2022\\\/02\\\/nombramientoislascanariasespana2022.jpg\",\"contentUrl\":\"https:\\\/\\\/exaudi.org\\\/wp-content\\\/uploads\\\/2022\\\/02\\\/nombramientoislascanariasespana2022.jpg\",\"width\":689,\"height\":516,\"caption\":\"Reverendo Crist\u00f3bal D\u00e9niz \u00a9 CEE\"},{\"@type\":\"BreadcrumbList\",\"@id\":\"https:\\\/\\\/exaudi.org\\\/es\\\/espana-nuevo-obispo-auxiliar-de-las-islas-canarias\\\/#breadcrumb\",\"itemListElement\":[{\"@type\":\"ListItem\",\"position\":1,\"name\":\"Portada\",\"item\":\"https:\\\/\\\/exaudi.org\\\/es\\\/\"},{\"@type\":\"ListItem\",\"position\":2,\"name\":\"Espa\u00f1a: Nuevo obispo auxiliar de las Islas Canarias\"}]},{\"@type\":\"WebSite\",\"@id\":\"https:\\\/\\\/exaudi.org\\\/#website\",\"url\":\"https:\\\/\\\/exaudi.org\\\/\",\"name\":\"Exaudi\",\"description\":\"News\",\"potentialAction\":[{\"@type\":\"SearchAction\",\"target\":{\"@type\":\"EntryPoint\",\"urlTemplate\":\"https:\\\/\\\/exaudi.org\\\/?s={search_term_string}\"},\"query-input\":{\"@type\":\"PropertyValueSpecification\",\"valueRequired\":true,\"valueName\":\"search_term_string\"}}],\"inLanguage\":\"es\"},{\"@type\":\"Person\",\"@id\":\"https:\\\/\\\/exaudi.org\\\/#\\\/schema\\\/person\\\/d134b96438278131ce90c90c03fda6cd\",\"name\":\"Gabriel Sales\",\"image\":{\"@type\":\"ImageObject\",\"inLanguage\":\"es\",\"@id\":\"https:\\\/\\\/secure.gravatar.com\\\/avatar\\\/9b1269566f6a063ed26ffb3532b66a373cdde231ce5d0effb266167437fdaffd?s=96&d=mm&r=g\",\"url\":\"https:\\\/\\\/secure.gravatar.com\\\/avatar\\\/9b1269566f6a063ed26ffb3532b66a373cdde231ce5d0effb266167437fdaffd?s=96&d=mm&r=g\",\"contentUrl\":\"https:\\\/\\\/secure.gravatar.com\\\/avatar\\\/9b1269566f6a063ed26ffb3532b66a373cdde231ce5d0effb266167437fdaffd?s=96&d=mm&r=g\",\"caption\":\"Gabriel Sales\"},\"description\":\"Periodista y especialista en Comunicaci\u00f3n y Branding digital. Cin\u00e9filo y cr\u00edtico de cine y series de televisi\u00f3n.\",\"sameAs\":[\"https:\\\/\\\/www.instagram.com\\\/cine90segundos\\\/\",\"www.linkedin.com\\\/in\\\/habemusman\",\"https:\\\/\\\/x.com\\\/habemusman\",\"https:\\\/\\\/www.youtube.com\\\/channel\\\/UCVfCiOMkJ_C7T7OpyjuaLDg\"],\"url\":\"https:\\\/\\\/exaudi.org\\\/es\\\/author\\\/gsalesexaudi-org\\\/\"}]}<\/script>\n<!-- \/ Yoast SEO plugin. -->","yoast_head_json":{"title":"Espa\u00f1a: Nuevo obispo auxiliar de las Islas Canarias &#8211; Exaudi","description":"El Papa Francisco ha nombrado obispo auxiliar de las Islas Canarias (Espa\u00f1a) al reverendo Crist\u00f3bal D\u00e9niz Hern\u00e1ndez.","robots":{"index":"index","follow":"follow","max-snippet":"max-snippet:-1","max-image-preview":"max-image-preview:large","max-video-preview":"max-video-preview:-1"},"canonical":"https:\/\/exaudi.org\/es\/espana-nuevo-obispo-auxiliar-de-las-islas-canarias\/","og_locale":"es_ES","og_type":"article","og_title":"Espa\u00f1a: Nuevo obispo auxiliar de las Islas Canarias &#8211; Exaudi","og_description":"El Papa Francisco ha nombrado obispo auxiliar de las Islas Canarias (Espa\u00f1a) al reverendo Crist\u00f3bal D\u00e9niz Hern\u00e1ndez.","og_url":"https:\/\/exaudi.org\/es\/espana-nuevo-obispo-auxiliar-de-las-islas-canarias\/","og_site_name":"Exaudi","article_publisher":"https:\/\/www.facebook.com\/ExaudiNews","article_published_time":"2022-02-16T11:29:22+00:00","og_image":[{"width":689,"height":516,"url":"https:\/\/exaudi.org\/wp-content\/uploads\/2022\/02\/nombramientoislascanariasespana2022.jpg","type":"image\/jpeg"}],"author":"Gabriel Sales","twitter_card":"summary_large_image","twitter_creator":"@habemusman","twitter_site":"@Exaudi_News","twitter_misc":{"Escrito por":"Gabriel Sales","Tiempo de lectura":"2 minutos"},"schema":{"@context":"https:\/\/schema.org","@graph":[{"@type":"Article","@id":"https:\/\/exaudi.org\/es\/espana-nuevo-obispo-auxiliar-de-las-islas-canarias\/#article","isPartOf":{"@id":"https:\/\/exaudi.org\/es\/espana-nuevo-obispo-auxiliar-de-las-islas-canarias\/"},"author":{"name":"Gabriel Sales","@id":"https:\/\/exaudi.org\/#\/schema\/person\/d134b96438278131ce90c90c03fda6cd"},"headline":"Espa\u00f1a: Nuevo obispo auxiliar de las Islas Canarias","datePublished":"2022-02-16T11:29:22+00:00","mainEntityOfPage":{"@id":"https:\/\/exaudi.org\/es\/espana-nuevo-obispo-auxiliar-de-las-islas-canarias\/"},"wordCount":437,"image":{"@id":"https:\/\/exaudi.org\/es\/espana-nuevo-obispo-auxiliar-de-las-islas-canarias\/#primaryimage"},"thumbnailUrl":"https:\/\/exaudi.org\/wp-content\/uploads\/2022\/02\/nombramientoislascanariasespana2022.jpg","keywords":["Espa\u00f1a","Nombramiento","papa francisco"],"articleSection":["Featured News"],"inLanguage":"es"},{"@type":"WebPage","@id":"https:\/\/exaudi.org\/es\/espana-nuevo-obispo-auxiliar-de-las-islas-canarias\/","url":"https:\/\/exaudi.org\/es\/espana-nuevo-obispo-auxiliar-de-las-islas-canarias\/","name":"Espa\u00f1a: Nuevo obispo auxiliar de las Islas Canarias &#8211; Exaudi","isPartOf":{"@id":"https:\/\/exaudi.org\/#website"},"primaryImageOfPage":{"@id":"https:\/\/exaudi.org\/es\/espana-nuevo-obispo-auxiliar-de-las-islas-canarias\/#primaryimage"},"image":{"@id":"https:\/\/exaudi.org\/es\/espana-nuevo-obispo-auxiliar-de-las-islas-canarias\/#primaryimage"},"thumbnailUrl":"https:\/\/exaudi.org\/wp-content\/uploads\/2022\/02\/nombramientoislascanariasespana2022.jpg","datePublished":"2022-02-16T11:29:22+00:00","author":{"@id":"https:\/\/exaudi.org\/#\/schema\/person\/d134b96438278131ce90c90c03fda6cd"},"description":"El Papa Francisco ha nombrado obispo auxiliar de las Islas Canarias (Espa\u00f1a) al reverendo Crist\u00f3bal D\u00e9niz Hern\u00e1ndez.","breadcrumb":{"@id":"https:\/\/exaudi.org\/es\/espana-nuevo-obispo-auxiliar-de-las-islas-canarias\/#breadcrumb"},"inLanguage":"es","potentialAction":[{"@type":"ReadAction","target":["https:\/\/exaudi.org\/es\/espana-nuevo-obispo-auxiliar-de-las-islas-canarias\/"]}]},{"@type":"ImageObject","inLanguage":"es","@id":"https:\/\/exaudi.org\/es\/espana-nuevo-obispo-auxiliar-de-las-islas-canarias\/#primaryimage","url":"https:\/\/exaudi.org\/wp-content\/uploads\/2022\/02\/nombramientoislascanariasespana2022.jpg","contentUrl":"https:\/\/exaudi.org\/wp-content\/uploads\/2022\/02\/nombramientoislascanariasespana2022.jpg","width":689,"height":516,"caption":"Reverendo Crist\u00f3bal D\u00e9niz \u00a9 CEE"},{"@type":"BreadcrumbList","@id":"https:\/\/exaudi.org\/es\/espana-nuevo-obispo-auxiliar-de-las-islas-canarias\/#breadcrumb","itemListElement":[{"@type":"ListItem","position":1,"name":"Portada","item":"https:\/\/exaudi.org\/es\/"},{"@type":"ListItem","position":2,"name":"Espa\u00f1a: Nuevo obispo auxiliar de las Islas Canarias"}]},{"@type":"WebSite","@id":"https:\/\/exaudi.org\/#website","url":"https:\/\/exaudi.org\/","name":"Exaudi","description":"News","potentialAction":[{"@type":"SearchAction","target":{"@type":"EntryPoint","urlTemplate":"https:\/\/exaudi.org\/?s={search_term_string}"},"query-input":{"@type":"PropertyValueSpecification","valueRequired":true,"valueName":"search_term_string"}}],"inLanguage":"es"},{"@type":"Person","@id":"https:\/\/exaudi.org\/#\/schema\/person\/d134b96438278131ce90c90c03fda6cd","name":"Gabriel Sales","image":{"@type":"ImageObject","inLanguage":"es","@id":"https:\/\/secure.gravatar.com\/avatar\/9b1269566f6a063ed26ffb3532b66a373cdde231ce5d0effb266167437fdaffd?s=96&d=mm&r=g","url":"https:\/\/secure.gravatar.com\/avatar\/9b1269566f6a063ed26ffb3532b66a373cdde231ce5d0effb266167437fdaffd?s=96&d=mm&r=g","contentUrl":"https:\/\/secure.gravatar.com\/avatar\/9b1269566f6a063ed26ffb3532b66a373cdde231ce5d0effb266167437fdaffd?s=96&d=mm&r=g","caption":"Gabriel Sales"},"description":"Periodista y especialista en Comunicaci\u00f3n y Branding digital. Cin\u00e9filo y cr\u00edtico de cine y series de televisi\u00f3n.","sameAs":["https:\/\/www.instagram.com\/cine90segundos\/","www.linkedin.com\/in\/habemusman","https:\/\/x.com\/habemusman","https:\/\/www.youtube.com\/channel\/UCVfCiOMkJ_C7T7OpyjuaLDg"],"url":"https:\/\/exaudi.org\/es\/author\/gsalesexaudi-org\/"}]}},"jetpack_featured_media_url":"https:\/\/exaudi.org\/wp-content\/uploads\/2022\/02\/nombramientoislascanariasespana2022.jpg","jetpack_shortlink":"https:\/\/wp.me\/pgKjF2-dBf","_links":{"self":[{"href":"https:\/\/exaudi.org\/es\/wp-json\/wp\/v2\/posts\/52281","targetHints":{"allow":["GET"]}}],"collection":[{"href":"https:\/\/exaudi.org\/es\/wp-json\/wp\/v2\/posts"}],"about":[{"href":"https:\/\/exaudi.org\/es\/wp-json\/wp\/v2\/types\/post"}],"author":[{"embeddable":true,"href":"https:\/\/exaudi.org\/es\/wp-json\/wp\/v2\/users\/6"}],"replies":[{"embeddable":true,"href":"https:\/\/exaudi.org\/es\/wp-json\/wp\/v2\/comments?post=52281"}],"version-history":[{"count":0,"href":"https:\/\/exaudi.org\/es\/wp-json\/wp\/v2\/posts\/52281\/revisions"}],"wp:featuredmedia":[{"embeddable":true,"href":"https:\/\/exaudi.org\/es\/wp-json\/wp\/v2\/media\/52283"}],"wp:attachment":[{"href":"https:\/\/exaudi.org\/es\/wp-json\/wp\/v2\/media?parent=52281"}],"wp:term":[{"taxonomy":"category","embeddable":true,"href":"https:\/\/exaudi.org\/es\/wp-json\/wp\/v2\/categories?post=52281"},{"taxonomy":"post_tag","embeddable":true,"href":"https:\/\/exaudi.org\/es\/wp-json\/wp\/v2\/tags?post=52281"}],"curies":[{"name":"wp","href":"https:\/\/api.w.org\/{rel}","templated":true}]}}