{"id":52230,"date":"2022-02-16T10:03:35","date_gmt":"2022-02-16T09:03:35","guid":{"rendered":"https:\/\/exaudi.org\/?p=52230"},"modified":"2022-02-16T13:10:20","modified_gmt":"2022-02-16T12:10:20","slug":"oracion-san-jose-iglesia-prueba","status":"publish","type":"post","link":"https:\/\/exaudi.org\/es\/oracion-san-jose-iglesia-prueba\/","title":{"rendered":"Oraci\u00f3n a San Jos\u00e9 \u201cpor la Iglesia que sufre y que est\u00e1 en prueba\u201d"},"content":{"rendered":"<p>El <a href=\"https:\/\/www.vatican.va\/content\/francesco\/es.html\" target=\"_blank\" rel=\"noopener\">Papa Francisco<\/a> ha propuesto la oraci\u00f3n a san Jos\u00e9 incluida en su carta <a href=\"https:\/\/exaudi.org\/es\/san-jose-carta-papa-francisco\/\" target=\"_blank\" rel=\"noopener\"><em>Patris corde<\/em><\/a> para rezar \u201cen especial por la Iglesia que sufre y que est\u00e1 en prueba\u201d. Lo ha hecho en la <a href=\"https:\/\/exaudi.org\/es\/san-jose-intercesor-protector-cristianos\/\" target=\"_blank\" rel=\"noopener\">audiencia general<\/a> de hoy, mi\u00e9rcoles 16 de febrero de 2022, al final de su <a href=\"https:\/\/exaudi.org\/es\/san-jose-custodio-tesoro-fe-jesus-maria\/\" target=\"_blank\" rel=\"noopener\">catequesis<\/a> sobre el padre de Jes\u00fas en la tierra, \u201cPatrono de la Iglesia Universal\u201d.<\/p>\n<p>El Santo Padre ha invitado a los fieles a pedir la intercesi\u00f3n de san Jos\u00e9 \u201cprecisamente en los momentos m\u00e1s dif\u00edciles de vuestras vidas y de vuestras comunidades\u201d. All\u00ed, ha continuado, \u201cdonde nuestros errores se convierten en esc\u00e1ndalo, pidamos a San Jos\u00e9 tener la valent\u00eda de hacer verdad, pedir perd\u00f3n y empezar de nuevo humildemente\u201d.<\/p>\n<p>\u201cAll\u00ed donde la persecuci\u00f3n impide que el Evangelio sea anunciado, pidamos a San Jos\u00e9 la fuerza y la paciencia de saber soportar abusos y sufrimientos por amor al Evangelio. All\u00ed donde los medios materiales y humanos escasean y nos hacen experimentar la pobreza, sobre todo cuando estamos llamados a servir a los \u00faltimos, los indefensos, los hu\u00e9rfanos, los enfermos, los descartados de la sociedad, recemos a San Jos\u00e9 para que haya para nosotros Providencia. \u00a1Cu\u00e1ntos santos se han dirigido a \u00e9l! \u00a1Cu\u00e1ntos personas en la historia de la Iglesia han encontrado en \u00e9l un patr\u00f3n, un custodio, un padre!\u201d, ha descrito el Pont\u00edfice.<\/p>\n<p>A continuaci\u00f3n sigue la oraci\u00f3n de Francisco a san Jos\u00e9.<\/p>\n<p>***<\/p>\n<h2><strong>Oraci\u00f3n a San Jos\u00e9<\/strong><\/h2>\n<p>Salve, custodio del Redentor y esposo de la Virgen Mar\u00eda.<\/p>\n<p>A ti Dios confi\u00f3 a su Hijo, en ti Mar\u00eda deposit\u00f3 su confianza, contigo Cristo se forj\u00f3 como hombre.<\/p>\n<p>Oh, bienaventurado Jos\u00e9, mu\u00e9strate padre tambi\u00e9n a nosotros y gu\u00edanos en el camino de la vida.<\/p>\n<p>Conc\u00e9denos gracia, misericordia y valent\u00eda, y defi\u00e9ndenos de todo mal. Am\u00e9n.<\/p>\n","protected":false},"excerpt":{"rendered":"<p>Petici\u00f3n del Papa durante la audiencia general<\/p>\n","protected":false},"author":6,"featured_media":52304,"comment_status":"closed","ping_status":"closed","sticky":false,"template":"","format":"standard","meta":{"_acf_changed":false,"_crdt_document":"","inline_featured_image":false,"footnotes":""},"categories":[112,68],"tags":[179,676,158,814,4953],"class_list":["post-52230","post","type-post","status-publish","format-standard","has-post-thumbnail","hentry","category-audiencia-general","category-leon-xiv","tag-audiencia-general","tag-oracion","tag-papa-francisco","tag-san-jose","tag-trending-es"],"acf":[],"yoast_head":"<!-- This site is optimized with the Yoast SEO plugin v27.4 - https:\/\/yoast.com\/product\/yoast-seo-wordpress\/ -->\n<title>Oraci\u00f3n a San Jos\u00e9 \u201cpor la Iglesia que sufre y que est\u00e1 en prueba\u201d<\/title>\n<meta name=\"description\" content=\"Al final de la catequesis de la audiencia general de hoy, el Papa ha pedido rezar una oraci\u00f3n a san Jos\u00e9 para su intercesi\u00f3n por la Iglesia.\" \/>\n<meta name=\"robots\" content=\"index, follow, max-snippet:-1, max-image-preview:large, max-video-preview:-1\" \/>\n<link rel=\"canonical\" href=\"https:\/\/exaudi.org\/es\/oracion-san-jose-iglesia-prueba\/\" \/>\n<meta property=\"og:locale\" content=\"es_ES\" \/>\n<meta property=\"og:type\" content=\"article\" \/>\n<meta property=\"og:title\" content=\"Oraci\u00f3n a San Jos\u00e9 \u201cpor la Iglesia que sufre y que est\u00e1 en prueba\u201d\" \/>\n<meta property=\"og:description\" content=\"Al final de la catequesis de la audiencia general de hoy, el Papa ha pedido rezar una oraci\u00f3n a san Jos\u00e9 para su intercesi\u00f3n por la Iglesia.\" \/>\n<meta property=\"og:url\" content=\"https:\/\/exaudi.org\/es\/oracion-san-jose-iglesia-prueba\/\" \/>\n<meta property=\"og:site_name\" content=\"Exaudi\" \/>\n<meta property=\"article:publisher\" content=\"https:\/\/www.facebook.com\/ExaudiNews\" \/>\n<meta property=\"article:published_time\" content=\"2022-02-16T09:03:35+00:00\" \/>\n<meta property=\"article:modified_time\" content=\"2022-02-16T12:10:20+00:00\" \/>\n<meta property=\"og:image\" content=\"https:\/\/exaudi.org\/wp-content\/uploads\/2022\/02\/audienciageneraloracionsanjose16febrero2022-scaled.jpg\" \/>\n\t<meta property=\"og:image:width\" content=\"2560\" \/>\n\t<meta property=\"og:image:height\" content=\"1707\" \/>\n\t<meta property=\"og:image:type\" content=\"image\/jpeg\" \/>\n<meta name=\"author\" content=\"Gabriel Sales\" \/>\n<meta name=\"twitter:card\" content=\"summary_large_image\" \/>\n<meta name=\"twitter:creator\" content=\"@habemusman\" \/>\n<meta name=\"twitter:site\" content=\"@Exaudi_News\" \/>\n<meta name=\"twitter:label1\" content=\"Escrito por\" \/>\n\t<meta name=\"twitter:data1\" content=\"Gabriel Sales\" \/>\n\t<meta name=\"twitter:label2\" content=\"Tiempo de lectura\" \/>\n\t<meta name=\"twitter:data2\" content=\"2 minutos\" \/>\n<script type=\"application\/ld+json\" class=\"yoast-schema-graph\">{\"@context\":\"https:\\\/\\\/schema.org\",\"@graph\":[{\"@type\":\"Article\",\"@id\":\"https:\\\/\\\/exaudi.org\\\/es\\\/oracion-san-jose-iglesia-prueba\\\/#article\",\"isPartOf\":{\"@id\":\"https:\\\/\\\/exaudi.org\\\/es\\\/oracion-san-jose-iglesia-prueba\\\/\"},\"author\":{\"name\":\"Gabriel Sales\",\"@id\":\"https:\\\/\\\/exaudi.org\\\/#\\\/schema\\\/person\\\/d134b96438278131ce90c90c03fda6cd\"},\"headline\":\"Oraci\u00f3n a San Jos\u00e9 \u201cpor la Iglesia que sufre y que est\u00e1 en prueba\u201d\",\"datePublished\":\"2022-02-16T09:03:35+00:00\",\"dateModified\":\"2022-02-16T12:10:20+00:00\",\"mainEntityOfPage\":{\"@id\":\"https:\\\/\\\/exaudi.org\\\/es\\\/oracion-san-jose-iglesia-prueba\\\/\"},\"wordCount\":331,\"image\":{\"@id\":\"https:\\\/\\\/exaudi.org\\\/es\\\/oracion-san-jose-iglesia-prueba\\\/#primaryimage\"},\"thumbnailUrl\":\"https:\\\/\\\/exaudi.org\\\/wp-content\\\/uploads\\\/2022\\\/02\\\/audienciageneraloracionsanjose16febrero2022-scaled.jpg\",\"keywords\":[\"audiencia general\",\"Oraci\u00f3n\",\"papa francisco\",\"San Jos\u00e9\",\"Trending\"],\"articleSection\":[\"Audiencia General\",\"Le\u00f3n XIV\"],\"inLanguage\":\"es\"},{\"@type\":\"WebPage\",\"@id\":\"https:\\\/\\\/exaudi.org\\\/es\\\/oracion-san-jose-iglesia-prueba\\\/\",\"url\":\"https:\\\/\\\/exaudi.org\\\/es\\\/oracion-san-jose-iglesia-prueba\\\/\",\"name\":\"Oraci\u00f3n a San Jos\u00e9 \u201cpor la Iglesia que sufre y que est\u00e1 en prueba\u201d\",\"isPartOf\":{\"@id\":\"https:\\\/\\\/exaudi.org\\\/#website\"},\"primaryImageOfPage\":{\"@id\":\"https:\\\/\\\/exaudi.org\\\/es\\\/oracion-san-jose-iglesia-prueba\\\/#primaryimage\"},\"image\":{\"@id\":\"https:\\\/\\\/exaudi.org\\\/es\\\/oracion-san-jose-iglesia-prueba\\\/#primaryimage\"},\"thumbnailUrl\":\"https:\\\/\\\/exaudi.org\\\/wp-content\\\/uploads\\\/2022\\\/02\\\/audienciageneraloracionsanjose16febrero2022-scaled.jpg\",\"datePublished\":\"2022-02-16T09:03:35+00:00\",\"dateModified\":\"2022-02-16T12:10:20+00:00\",\"author\":{\"@id\":\"https:\\\/\\\/exaudi.org\\\/#\\\/schema\\\/person\\\/d134b96438278131ce90c90c03fda6cd\"},\"description\":\"Al final de la catequesis de la audiencia general de hoy, el Papa ha pedido rezar una oraci\u00f3n a san Jos\u00e9 para su intercesi\u00f3n por la Iglesia.\",\"breadcrumb\":{\"@id\":\"https:\\\/\\\/exaudi.org\\\/es\\\/oracion-san-jose-iglesia-prueba\\\/#breadcrumb\"},\"inLanguage\":\"es\",\"potentialAction\":[{\"@type\":\"ReadAction\",\"target\":[\"https:\\\/\\\/exaudi.org\\\/es\\\/oracion-san-jose-iglesia-prueba\\\/\"]}]},{\"@type\":\"ImageObject\",\"inLanguage\":\"es\",\"@id\":\"https:\\\/\\\/exaudi.org\\\/es\\\/oracion-san-jose-iglesia-prueba\\\/#primaryimage\",\"url\":\"https:\\\/\\\/exaudi.org\\\/wp-content\\\/uploads\\\/2022\\\/02\\\/audienciageneraloracionsanjose16febrero2022-scaled.jpg\",\"contentUrl\":\"https:\\\/\\\/exaudi.org\\\/wp-content\\\/uploads\\\/2022\\\/02\\\/audienciageneraloracionsanjose16febrero2022-scaled.jpg\",\"width\":2560,\"height\":1707,\"caption\":\"Audiencia general 16 febrero 2022 \u00a9 Vatican Media\"},{\"@type\":\"BreadcrumbList\",\"@id\":\"https:\\\/\\\/exaudi.org\\\/es\\\/oracion-san-jose-iglesia-prueba\\\/#breadcrumb\",\"itemListElement\":[{\"@type\":\"ListItem\",\"position\":1,\"name\":\"Portada\",\"item\":\"https:\\\/\\\/exaudi.org\\\/es\\\/\"},{\"@type\":\"ListItem\",\"position\":2,\"name\":\"Oraci\u00f3n a San Jos\u00e9 \u201cpor la Iglesia que sufre y que est\u00e1 en prueba\u201d\"}]},{\"@type\":\"WebSite\",\"@id\":\"https:\\\/\\\/exaudi.org\\\/#website\",\"url\":\"https:\\\/\\\/exaudi.org\\\/\",\"name\":\"Exaudi\",\"description\":\"News\",\"potentialAction\":[{\"@type\":\"SearchAction\",\"target\":{\"@type\":\"EntryPoint\",\"urlTemplate\":\"https:\\\/\\\/exaudi.org\\\/?s={search_term_string}\"},\"query-input\":{\"@type\":\"PropertyValueSpecification\",\"valueRequired\":true,\"valueName\":\"search_term_string\"}}],\"inLanguage\":\"es\"},{\"@type\":\"Person\",\"@id\":\"https:\\\/\\\/exaudi.org\\\/#\\\/schema\\\/person\\\/d134b96438278131ce90c90c03fda6cd\",\"name\":\"Gabriel Sales\",\"image\":{\"@type\":\"ImageObject\",\"inLanguage\":\"es\",\"@id\":\"https:\\\/\\\/secure.gravatar.com\\\/avatar\\\/9b1269566f6a063ed26ffb3532b66a373cdde231ce5d0effb266167437fdaffd?s=96&d=mm&r=g\",\"url\":\"https:\\\/\\\/secure.gravatar.com\\\/avatar\\\/9b1269566f6a063ed26ffb3532b66a373cdde231ce5d0effb266167437fdaffd?s=96&d=mm&r=g\",\"contentUrl\":\"https:\\\/\\\/secure.gravatar.com\\\/avatar\\\/9b1269566f6a063ed26ffb3532b66a373cdde231ce5d0effb266167437fdaffd?s=96&d=mm&r=g\",\"caption\":\"Gabriel Sales\"},\"description\":\"Periodista y especialista en Comunicaci\u00f3n y Branding digital. Cin\u00e9filo y cr\u00edtico de cine y series de televisi\u00f3n.\",\"sameAs\":[\"https:\\\/\\\/www.instagram.com\\\/cine90segundos\\\/\",\"www.linkedin.com\\\/in\\\/habemusman\",\"https:\\\/\\\/x.com\\\/habemusman\",\"https:\\\/\\\/www.youtube.com\\\/channel\\\/UCVfCiOMkJ_C7T7OpyjuaLDg\"],\"url\":\"https:\\\/\\\/exaudi.org\\\/es\\\/author\\\/gsalesexaudi-org\\\/\"}]}<\/script>\n<!-- \/ Yoast SEO plugin. -->","yoast_head_json":{"title":"Oraci\u00f3n a San Jos\u00e9 \u201cpor la Iglesia que sufre y que est\u00e1 en prueba\u201d","description":"Al final de la catequesis de la audiencia general de hoy, el Papa ha pedido rezar una oraci\u00f3n a san Jos\u00e9 para su intercesi\u00f3n por la Iglesia.","robots":{"index":"index","follow":"follow","max-snippet":"max-snippet:-1","max-image-preview":"max-image-preview:large","max-video-preview":"max-video-preview:-1"},"canonical":"https:\/\/exaudi.org\/es\/oracion-san-jose-iglesia-prueba\/","og_locale":"es_ES","og_type":"article","og_title":"Oraci\u00f3n a San Jos\u00e9 \u201cpor la Iglesia que sufre y que est\u00e1 en prueba\u201d","og_description":"Al final de la catequesis de la audiencia general de hoy, el Papa ha pedido rezar una oraci\u00f3n a san Jos\u00e9 para su intercesi\u00f3n por la Iglesia.","og_url":"https:\/\/exaudi.org\/es\/oracion-san-jose-iglesia-prueba\/","og_site_name":"Exaudi","article_publisher":"https:\/\/www.facebook.com\/ExaudiNews","article_published_time":"2022-02-16T09:03:35+00:00","article_modified_time":"2022-02-16T12:10:20+00:00","og_image":[{"width":2560,"height":1707,"url":"https:\/\/exaudi.org\/wp-content\/uploads\/2022\/02\/audienciageneraloracionsanjose16febrero2022-scaled.jpg","type":"image\/jpeg"}],"author":"Gabriel Sales","twitter_card":"summary_large_image","twitter_creator":"@habemusman","twitter_site":"@Exaudi_News","twitter_misc":{"Escrito por":"Gabriel Sales","Tiempo de lectura":"2 minutos"},"schema":{"@context":"https:\/\/schema.org","@graph":[{"@type":"Article","@id":"https:\/\/exaudi.org\/es\/oracion-san-jose-iglesia-prueba\/#article","isPartOf":{"@id":"https:\/\/exaudi.org\/es\/oracion-san-jose-iglesia-prueba\/"},"author":{"name":"Gabriel Sales","@id":"https:\/\/exaudi.org\/#\/schema\/person\/d134b96438278131ce90c90c03fda6cd"},"headline":"Oraci\u00f3n a San Jos\u00e9 \u201cpor la Iglesia que sufre y que est\u00e1 en prueba\u201d","datePublished":"2022-02-16T09:03:35+00:00","dateModified":"2022-02-16T12:10:20+00:00","mainEntityOfPage":{"@id":"https:\/\/exaudi.org\/es\/oracion-san-jose-iglesia-prueba\/"},"wordCount":331,"image":{"@id":"https:\/\/exaudi.org\/es\/oracion-san-jose-iglesia-prueba\/#primaryimage"},"thumbnailUrl":"https:\/\/exaudi.org\/wp-content\/uploads\/2022\/02\/audienciageneraloracionsanjose16febrero2022-scaled.jpg","keywords":["audiencia general","Oraci\u00f3n","papa francisco","San Jos\u00e9","Trending"],"articleSection":["Audiencia General","Le\u00f3n XIV"],"inLanguage":"es"},{"@type":"WebPage","@id":"https:\/\/exaudi.org\/es\/oracion-san-jose-iglesia-prueba\/","url":"https:\/\/exaudi.org\/es\/oracion-san-jose-iglesia-prueba\/","name":"Oraci\u00f3n a San Jos\u00e9 \u201cpor la Iglesia que sufre y que est\u00e1 en prueba\u201d","isPartOf":{"@id":"https:\/\/exaudi.org\/#website"},"primaryImageOfPage":{"@id":"https:\/\/exaudi.org\/es\/oracion-san-jose-iglesia-prueba\/#primaryimage"},"image":{"@id":"https:\/\/exaudi.org\/es\/oracion-san-jose-iglesia-prueba\/#primaryimage"},"thumbnailUrl":"https:\/\/exaudi.org\/wp-content\/uploads\/2022\/02\/audienciageneraloracionsanjose16febrero2022-scaled.jpg","datePublished":"2022-02-16T09:03:35+00:00","dateModified":"2022-02-16T12:10:20+00:00","author":{"@id":"https:\/\/exaudi.org\/#\/schema\/person\/d134b96438278131ce90c90c03fda6cd"},"description":"Al final de la catequesis de la audiencia general de hoy, el Papa ha pedido rezar una oraci\u00f3n a san Jos\u00e9 para su intercesi\u00f3n por la Iglesia.","breadcrumb":{"@id":"https:\/\/exaudi.org\/es\/oracion-san-jose-iglesia-prueba\/#breadcrumb"},"inLanguage":"es","potentialAction":[{"@type":"ReadAction","target":["https:\/\/exaudi.org\/es\/oracion-san-jose-iglesia-prueba\/"]}]},{"@type":"ImageObject","inLanguage":"es","@id":"https:\/\/exaudi.org\/es\/oracion-san-jose-iglesia-prueba\/#primaryimage","url":"https:\/\/exaudi.org\/wp-content\/uploads\/2022\/02\/audienciageneraloracionsanjose16febrero2022-scaled.jpg","contentUrl":"https:\/\/exaudi.org\/wp-content\/uploads\/2022\/02\/audienciageneraloracionsanjose16febrero2022-scaled.jpg","width":2560,"height":1707,"caption":"Audiencia general 16 febrero 2022 \u00a9 Vatican Media"},{"@type":"BreadcrumbList","@id":"https:\/\/exaudi.org\/es\/oracion-san-jose-iglesia-prueba\/#breadcrumb","itemListElement":[{"@type":"ListItem","position":1,"name":"Portada","item":"https:\/\/exaudi.org\/es\/"},{"@type":"ListItem","position":2,"name":"Oraci\u00f3n a San Jos\u00e9 \u201cpor la Iglesia que sufre y que est\u00e1 en prueba\u201d"}]},{"@type":"WebSite","@id":"https:\/\/exaudi.org\/#website","url":"https:\/\/exaudi.org\/","name":"Exaudi","description":"News","potentialAction":[{"@type":"SearchAction","target":{"@type":"EntryPoint","urlTemplate":"https:\/\/exaudi.org\/?s={search_term_string}"},"query-input":{"@type":"PropertyValueSpecification","valueRequired":true,"valueName":"search_term_string"}}],"inLanguage":"es"},{"@type":"Person","@id":"https:\/\/exaudi.org\/#\/schema\/person\/d134b96438278131ce90c90c03fda6cd","name":"Gabriel Sales","image":{"@type":"ImageObject","inLanguage":"es","@id":"https:\/\/secure.gravatar.com\/avatar\/9b1269566f6a063ed26ffb3532b66a373cdde231ce5d0effb266167437fdaffd?s=96&d=mm&r=g","url":"https:\/\/secure.gravatar.com\/avatar\/9b1269566f6a063ed26ffb3532b66a373cdde231ce5d0effb266167437fdaffd?s=96&d=mm&r=g","contentUrl":"https:\/\/secure.gravatar.com\/avatar\/9b1269566f6a063ed26ffb3532b66a373cdde231ce5d0effb266167437fdaffd?s=96&d=mm&r=g","caption":"Gabriel Sales"},"description":"Periodista y especialista en Comunicaci\u00f3n y Branding digital. Cin\u00e9filo y cr\u00edtico de cine y series de televisi\u00f3n.","sameAs":["https:\/\/www.instagram.com\/cine90segundos\/","www.linkedin.com\/in\/habemusman","https:\/\/x.com\/habemusman","https:\/\/www.youtube.com\/channel\/UCVfCiOMkJ_C7T7OpyjuaLDg"],"url":"https:\/\/exaudi.org\/es\/author\/gsalesexaudi-org\/"}]}},"jetpack_featured_media_url":"https:\/\/exaudi.org\/wp-content\/uploads\/2022\/02\/audienciageneraloracionsanjose16febrero2022-scaled.jpg","jetpack_shortlink":"https:\/\/wp.me\/pgKjF2-dAq","_links":{"self":[{"href":"https:\/\/exaudi.org\/es\/wp-json\/wp\/v2\/posts\/52230","targetHints":{"allow":["GET"]}}],"collection":[{"href":"https:\/\/exaudi.org\/es\/wp-json\/wp\/v2\/posts"}],"about":[{"href":"https:\/\/exaudi.org\/es\/wp-json\/wp\/v2\/types\/post"}],"author":[{"embeddable":true,"href":"https:\/\/exaudi.org\/es\/wp-json\/wp\/v2\/users\/6"}],"replies":[{"embeddable":true,"href":"https:\/\/exaudi.org\/es\/wp-json\/wp\/v2\/comments?post=52230"}],"version-history":[{"count":0,"href":"https:\/\/exaudi.org\/es\/wp-json\/wp\/v2\/posts\/52230\/revisions"}],"wp:featuredmedia":[{"embeddable":true,"href":"https:\/\/exaudi.org\/es\/wp-json\/wp\/v2\/media\/52304"}],"wp:attachment":[{"href":"https:\/\/exaudi.org\/es\/wp-json\/wp\/v2\/media?parent=52230"}],"wp:term":[{"taxonomy":"category","embeddable":true,"href":"https:\/\/exaudi.org\/es\/wp-json\/wp\/v2\/categories?post=52230"},{"taxonomy":"post_tag","embeddable":true,"href":"https:\/\/exaudi.org\/es\/wp-json\/wp\/v2\/tags?post=52230"}],"curies":[{"name":"wp","href":"https:\/\/api.w.org\/{rel}","templated":true}]}}