{"id":52178,"date":"2022-02-15T15:56:25","date_gmt":"2022-02-15T14:56:25","guid":{"rendered":"https:\/\/exaudi.org\/?p=52178"},"modified":"2022-02-15T15:57:45","modified_gmt":"2022-02-15T14:57:45","slug":"obispos-polonia-union-confesiones-guerra","status":"publish","type":"post","link":"https:\/\/exaudi.org\/es\/obispos-polonia-union-confesiones-guerra\/","title":{"rendered":"Obispos de Polonia: Uni\u00f3n de confesiones para evitar la guerra"},"content":{"rendered":"<p>Los <a href=\"https:\/\/exaudi.org\/es\/obispos-de-polonia-y-ucrania-situacion-actual-gran-peligro-para-toda-europa\/\" target=\"_blank\" rel=\"noopener\">obispos de Polonia<\/a> llaman a la uni\u00f3n de cristianos de diversas confesiones en Rusia, Ucrania y Polonia para alejar el espectro de otra guerra la regi\u00f3n a trav\u00e9s de una carta firmada por Mons. Stanislaw G\u0105decki, presidente de la Conferencia Episcopal Polaca.<\/p>\n<p>La misiva est\u00e1 efectivamente dirigida a los obispos ortodoxos y cat\u00f3licos de Rusia y Ucrania, incluido el patriarca ortodoxo de Mosc\u00fa y toda Rusia Kirill.<\/p>\n<h2>Alejar el \u201cespectro de otra guerra\u201d en la regi\u00f3n<\/h2>\n<p>\u201cMe dirijo a Ustedes, queridos hermanos, como obispo de un pa\u00eds vecino de Rusia y Ucrania. Estamos unidos por una historia com\u00fan y por la santa fe cristiana. Por lo tanto, unamos los esfuerzos espirituales de los seguidores de Cristo de diferentes denominaciones en Rusia, Ucrania y Polonia, y juntos presentamos una ferviente oraci\u00f3n al \u00fanico que es la Paz, para alejar el espectro de otra guerra en nuestra regi\u00f3n\u201d, escribe Mons. G\u0105decki.<\/p>\n<p>\u201cQue nuestro esfuerzo de oraci\u00f3n sea un grito para evitar el sufrimiento y la muerte de miles de seres humanos inocentes, especialmente de los m\u00e1s d\u00e9biles e indefensos, que no encontrar\u00e1n la fuerza y la posibilidad de escapar de los tormentos de la guerra\u201d, se lee en la carta.<\/p>\n<h2><strong>La guerra, tragedia para la humanidad<\/strong><\/h2>\n<p>En referencia a las informaciones de los medios de comunicaci\u00f3n sobre el grave riesgo de conflicto armado en Ucrania, el presidente de la <a href=\"https:\/\/episkopat.pl\/en\/\" target=\"_blank\" rel=\"noopener\">Conferencia Episcopal Polaca<\/a>\u00a0subray\u00f3 que \u201ctoda guerra es una tragedia para la humanidad\u201d, pues en ella mueren miles de personas y muchas resultan heridas en ambos bandos.<\/p>\n<p>\u201cUna guerra entre Rusia y Ucrania ser\u00eda a\u00fan m\u00e1s dram\u00e1tica porque se trata de dos naciones cristianas y eslavas. Por lo tanto, en t\u00e9rminos humanos y divinos, estas dos naciones diferentes deber\u00edan tener mucho en com\u00fan que no lleve al odio sino al respeto mutuo y a la amistad. Sin embargo, la condici\u00f3n necesaria para que surja la amistad es el respeto a los derechos de las naciones, incluido el derecho a la autodeterminaci\u00f3n y a la integridad territorial\u201d, se lee en el texto.<\/p>\n<h2><strong>\u201cToda guerra es una locura\u201d<\/strong><\/h2>\n<p>Recordando las dos guerras del siglo pasado, cit\u00f3 las palabras de san Juan Pablo II, quien en su <a href=\"https:\/\/www.vatican.va\/content\/john-paul-ii\/es\/messages\/peace\/documents\/hf_jp-ii_mes_08121999_xxxiii-world-day-for-peace.html\" target=\"_blank\" rel=\"noopener\">Mensaje para la Jornada Mundial de la Paz de 2000<\/a> escribi\u00f3 que \u201clas guerras a menudo son causa de otras, ya que alimentan odios profundos, crean situaciones de injusticia y ofenden la dignidad y los derechos de las personas. En general, adem\u00e1s de ser extraordinariamente da\u00f1inas, no resuelven los problemas que las originan y, por tanto, resultan in\u00fatiles\u201d. \u201cToda guerra es una locura\u201d, a\u00f1adi\u00f3 Mons. G\u0105decki.<\/p>\n<p>\u201c\u00a1Que los santos Cirilo y Metodio, ap\u00f3stoles de los eslavos, obtengan para Europa el don de la paz de Dios!\u201d, concluye el prelado.<\/p>\n","protected":false},"excerpt":{"rendered":"<p>Carta dirigida a los obispos ortodoxos y cat\u00f3licos de Rusia y Ucrania<\/p>\n","protected":false},"author":5,"featured_media":52182,"comment_status":"closed","ping_status":"closed","sticky":false,"template":"","format":"standard","meta":{"_acf_changed":false,"_crdt_document":"","inline_featured_image":false,"footnotes":""},"categories":[86,94],"tags":[4866,548,2425,598,4953,1235],"class_list":["post-52178","post","type-post","status-publish","format-standard","has-post-thumbnail","hentry","category-iglesia-local","category-justicia-y-paz","tag-conferencia-episcopal-polaca","tag-cristianos","tag-polonia-es","tag-rusia","tag-trending-es","tag-ucrania"],"acf":[],"yoast_head":"<!-- This site is optimized with the Yoast SEO plugin v27.5 - https:\/\/yoast.com\/product\/yoast-seo-wordpress\/ -->\n<title>Obispos de Polonia: Uni\u00f3n de confesiones para evitar la guerra &#8211; Exaudi<\/title>\n<meta name=\"description\" content=\"Polonia: Obispos llaman a la uni\u00f3n de cristianos de diversas confesiones en Rusia, Ucrania y Polonia para alejar el espectro de otra guerra\" \/>\n<meta name=\"robots\" content=\"index, follow, max-snippet:-1, max-image-preview:large, max-video-preview:-1\" \/>\n<link rel=\"canonical\" href=\"https:\/\/exaudi.org\/es\/obispos-polonia-union-confesiones-guerra\/\" \/>\n<meta property=\"og:locale\" content=\"es_ES\" \/>\n<meta property=\"og:type\" content=\"article\" \/>\n<meta property=\"og:title\" content=\"Obispos de Polonia: Uni\u00f3n de confesiones para evitar la guerra &#8211; Exaudi\" \/>\n<meta property=\"og:description\" content=\"Polonia: Obispos llaman a la uni\u00f3n de cristianos de diversas confesiones en Rusia, Ucrania y Polonia para alejar el espectro de otra guerra\" \/>\n<meta property=\"og:url\" content=\"https:\/\/exaudi.org\/es\/obispos-polonia-union-confesiones-guerra\/\" \/>\n<meta property=\"og:site_name\" content=\"Exaudi\" \/>\n<meta property=\"article:publisher\" content=\"https:\/\/www.facebook.com\/ExaudiNews\" \/>\n<meta property=\"article:published_time\" content=\"2022-02-15T14:56:25+00:00\" \/>\n<meta property=\"article:modified_time\" content=\"2022-02-15T14:57:45+00:00\" \/>\n<meta property=\"og:image\" content=\"https:\/\/exaudi.org\/wp-content\/uploads\/2022\/02\/Abp-Stanislaw-Gadecki15.jpg\" \/>\n\t<meta property=\"og:image:width\" content=\"2108\" \/>\n\t<meta property=\"og:image:height\" content=\"1406\" \/>\n\t<meta property=\"og:image:type\" content=\"image\/jpeg\" \/>\n<meta name=\"author\" content=\"Larissa I. L\u00f3pez\" \/>\n<meta name=\"twitter:card\" content=\"summary_large_image\" \/>\n<meta name=\"twitter:creator\" content=\"@Exaudi_News\" \/>\n<meta name=\"twitter:site\" content=\"@Exaudi_News\" \/>\n<meta name=\"twitter:label1\" content=\"Escrito por\" \/>\n\t<meta name=\"twitter:data1\" content=\"Larissa I. L\u00f3pez\" \/>\n\t<meta name=\"twitter:label2\" content=\"Tiempo de lectura\" \/>\n\t<meta name=\"twitter:data2\" content=\"2 minutos\" \/>\n<script type=\"application\/ld+json\" class=\"yoast-schema-graph\">{\"@context\":\"https:\\\/\\\/schema.org\",\"@graph\":[{\"@type\":\"Article\",\"@id\":\"https:\\\/\\\/exaudi.org\\\/es\\\/obispos-polonia-union-confesiones-guerra\\\/#article\",\"isPartOf\":{\"@id\":\"https:\\\/\\\/exaudi.org\\\/es\\\/obispos-polonia-union-confesiones-guerra\\\/\"},\"author\":{\"name\":\"Larissa I. L\u00f3pez\",\"@id\":\"https:\\\/\\\/exaudi.org\\\/#\\\/schema\\\/person\\\/7d2f77db033c2c0929edfab6dbe8c588\"},\"headline\":\"Obispos de Polonia: Uni\u00f3n de confesiones para evitar la guerra\",\"datePublished\":\"2022-02-15T14:56:25+00:00\",\"dateModified\":\"2022-02-15T14:57:45+00:00\",\"mainEntityOfPage\":{\"@id\":\"https:\\\/\\\/exaudi.org\\\/es\\\/obispos-polonia-union-confesiones-guerra\\\/\"},\"wordCount\":492,\"image\":{\"@id\":\"https:\\\/\\\/exaudi.org\\\/es\\\/obispos-polonia-union-confesiones-guerra\\\/#primaryimage\"},\"thumbnailUrl\":\"https:\\\/\\\/exaudi.org\\\/wp-content\\\/uploads\\\/2022\\\/02\\\/Abp-Stanislaw-Gadecki15.jpg\",\"keywords\":[\"Conferencia Episcopal Polaca\",\"cristianos\",\"Polonia\",\"Rusia\",\"Trending\",\"Ucrania\"],\"articleSection\":[\"Iglesia Local\",\"Justicia y Paz\"],\"inLanguage\":\"es\"},{\"@type\":\"WebPage\",\"@id\":\"https:\\\/\\\/exaudi.org\\\/es\\\/obispos-polonia-union-confesiones-guerra\\\/\",\"url\":\"https:\\\/\\\/exaudi.org\\\/es\\\/obispos-polonia-union-confesiones-guerra\\\/\",\"name\":\"Obispos de Polonia: Uni\u00f3n de confesiones para evitar la guerra &#8211; Exaudi\",\"isPartOf\":{\"@id\":\"https:\\\/\\\/exaudi.org\\\/#website\"},\"primaryImageOfPage\":{\"@id\":\"https:\\\/\\\/exaudi.org\\\/es\\\/obispos-polonia-union-confesiones-guerra\\\/#primaryimage\"},\"image\":{\"@id\":\"https:\\\/\\\/exaudi.org\\\/es\\\/obispos-polonia-union-confesiones-guerra\\\/#primaryimage\"},\"thumbnailUrl\":\"https:\\\/\\\/exaudi.org\\\/wp-content\\\/uploads\\\/2022\\\/02\\\/Abp-Stanislaw-Gadecki15.jpg\",\"datePublished\":\"2022-02-15T14:56:25+00:00\",\"dateModified\":\"2022-02-15T14:57:45+00:00\",\"author\":{\"@id\":\"https:\\\/\\\/exaudi.org\\\/#\\\/schema\\\/person\\\/7d2f77db033c2c0929edfab6dbe8c588\"},\"description\":\"Polonia: Obispos llaman a la uni\u00f3n de cristianos de diversas confesiones en Rusia, Ucrania y Polonia para alejar el espectro de otra guerra\",\"breadcrumb\":{\"@id\":\"https:\\\/\\\/exaudi.org\\\/es\\\/obispos-polonia-union-confesiones-guerra\\\/#breadcrumb\"},\"inLanguage\":\"es\",\"potentialAction\":[{\"@type\":\"ReadAction\",\"target\":[\"https:\\\/\\\/exaudi.org\\\/es\\\/obispos-polonia-union-confesiones-guerra\\\/\"]}]},{\"@type\":\"ImageObject\",\"inLanguage\":\"es\",\"@id\":\"https:\\\/\\\/exaudi.org\\\/es\\\/obispos-polonia-union-confesiones-guerra\\\/#primaryimage\",\"url\":\"https:\\\/\\\/exaudi.org\\\/wp-content\\\/uploads\\\/2022\\\/02\\\/Abp-Stanislaw-Gadecki15.jpg\",\"contentUrl\":\"https:\\\/\\\/exaudi.org\\\/wp-content\\\/uploads\\\/2022\\\/02\\\/Abp-Stanislaw-Gadecki15.jpg\",\"width\":2108,\"height\":1406,\"caption\":\"Mons. Stanislaw Gadecki, presidente del Episcopado de Polonia \u00a9 Conferencia Episcopal Polaca\"},{\"@type\":\"BreadcrumbList\",\"@id\":\"https:\\\/\\\/exaudi.org\\\/es\\\/obispos-polonia-union-confesiones-guerra\\\/#breadcrumb\",\"itemListElement\":[{\"@type\":\"ListItem\",\"position\":1,\"name\":\"Portada\",\"item\":\"https:\\\/\\\/exaudi.org\\\/es\\\/\"},{\"@type\":\"ListItem\",\"position\":2,\"name\":\"Obispos de Polonia: Uni\u00f3n de confesiones para evitar la guerra\"}]},{\"@type\":\"WebSite\",\"@id\":\"https:\\\/\\\/exaudi.org\\\/#website\",\"url\":\"https:\\\/\\\/exaudi.org\\\/\",\"name\":\"Exaudi\",\"description\":\"News\",\"potentialAction\":[{\"@type\":\"SearchAction\",\"target\":{\"@type\":\"EntryPoint\",\"urlTemplate\":\"https:\\\/\\\/exaudi.org\\\/?s={search_term_string}\"},\"query-input\":{\"@type\":\"PropertyValueSpecification\",\"valueRequired\":true,\"valueName\":\"search_term_string\"}}],\"inLanguage\":\"es\"},{\"@type\":\"Person\",\"@id\":\"https:\\\/\\\/exaudi.org\\\/#\\\/schema\\\/person\\\/7d2f77db033c2c0929edfab6dbe8c588\",\"name\":\"Larissa I. L\u00f3pez\",\"image\":{\"@type\":\"ImageObject\",\"inLanguage\":\"es\",\"@id\":\"https:\\\/\\\/secure.gravatar.com\\\/avatar\\\/db3ef399ff343d0bb9d25dc5198bc8ece5ac6d621eca79876697a354dabc1e3f?s=96&d=mm&r=g\",\"url\":\"https:\\\/\\\/secure.gravatar.com\\\/avatar\\\/db3ef399ff343d0bb9d25dc5198bc8ece5ac6d621eca79876697a354dabc1e3f?s=96&d=mm&r=g\",\"contentUrl\":\"https:\\\/\\\/secure.gravatar.com\\\/avatar\\\/db3ef399ff343d0bb9d25dc5198bc8ece5ac6d621eca79876697a354dabc1e3f?s=96&d=mm&r=g\",\"caption\":\"Larissa I. L\u00f3pez\"},\"description\":\"Doctora en Comunicaci\u00f3n. Mi trayectoria profesional ha transcurrido entre el \u00e1mbito de la comunicaci\u00f3n y el de la docencia. En los \u00faltimos a\u00f1os, he trabajado como coordinadora y redactora de la edici\u00f3n de ZENIT en espa\u00f1ol. Como profesora, he impartido clases en la universidad y en centros de FP y bachillerato. Cordobesa de nacimiento, tambi\u00e9n he vivido en Sevilla, Madrid y Roma\",\"url\":\"https:\\\/\\\/exaudi.org\\\/es\\\/author\\\/llopezexaudi-org\\\/\"}]}<\/script>\n<!-- \/ Yoast SEO plugin. -->","yoast_head_json":{"title":"Obispos de Polonia: Uni\u00f3n de confesiones para evitar la guerra &#8211; Exaudi","description":"Polonia: Obispos llaman a la uni\u00f3n de cristianos de diversas confesiones en Rusia, Ucrania y Polonia para alejar el espectro de otra guerra","robots":{"index":"index","follow":"follow","max-snippet":"max-snippet:-1","max-image-preview":"max-image-preview:large","max-video-preview":"max-video-preview:-1"},"canonical":"https:\/\/exaudi.org\/es\/obispos-polonia-union-confesiones-guerra\/","og_locale":"es_ES","og_type":"article","og_title":"Obispos de Polonia: Uni\u00f3n de confesiones para evitar la guerra &#8211; Exaudi","og_description":"Polonia: Obispos llaman a la uni\u00f3n de cristianos de diversas confesiones en Rusia, Ucrania y Polonia para alejar el espectro de otra guerra","og_url":"https:\/\/exaudi.org\/es\/obispos-polonia-union-confesiones-guerra\/","og_site_name":"Exaudi","article_publisher":"https:\/\/www.facebook.com\/ExaudiNews","article_published_time":"2022-02-15T14:56:25+00:00","article_modified_time":"2022-02-15T14:57:45+00:00","og_image":[{"width":2108,"height":1406,"url":"https:\/\/exaudi.org\/wp-content\/uploads\/2022\/02\/Abp-Stanislaw-Gadecki15.jpg","type":"image\/jpeg"}],"author":"Larissa I. L\u00f3pez","twitter_card":"summary_large_image","twitter_creator":"@Exaudi_News","twitter_site":"@Exaudi_News","twitter_misc":{"Escrito por":"Larissa I. L\u00f3pez","Tiempo de lectura":"2 minutos"},"schema":{"@context":"https:\/\/schema.org","@graph":[{"@type":"Article","@id":"https:\/\/exaudi.org\/es\/obispos-polonia-union-confesiones-guerra\/#article","isPartOf":{"@id":"https:\/\/exaudi.org\/es\/obispos-polonia-union-confesiones-guerra\/"},"author":{"name":"Larissa I. L\u00f3pez","@id":"https:\/\/exaudi.org\/#\/schema\/person\/7d2f77db033c2c0929edfab6dbe8c588"},"headline":"Obispos de Polonia: Uni\u00f3n de confesiones para evitar la guerra","datePublished":"2022-02-15T14:56:25+00:00","dateModified":"2022-02-15T14:57:45+00:00","mainEntityOfPage":{"@id":"https:\/\/exaudi.org\/es\/obispos-polonia-union-confesiones-guerra\/"},"wordCount":492,"image":{"@id":"https:\/\/exaudi.org\/es\/obispos-polonia-union-confesiones-guerra\/#primaryimage"},"thumbnailUrl":"https:\/\/exaudi.org\/wp-content\/uploads\/2022\/02\/Abp-Stanislaw-Gadecki15.jpg","keywords":["Conferencia Episcopal Polaca","cristianos","Polonia","Rusia","Trending","Ucrania"],"articleSection":["Iglesia Local","Justicia y Paz"],"inLanguage":"es"},{"@type":"WebPage","@id":"https:\/\/exaudi.org\/es\/obispos-polonia-union-confesiones-guerra\/","url":"https:\/\/exaudi.org\/es\/obispos-polonia-union-confesiones-guerra\/","name":"Obispos de Polonia: Uni\u00f3n de confesiones para evitar la guerra &#8211; Exaudi","isPartOf":{"@id":"https:\/\/exaudi.org\/#website"},"primaryImageOfPage":{"@id":"https:\/\/exaudi.org\/es\/obispos-polonia-union-confesiones-guerra\/#primaryimage"},"image":{"@id":"https:\/\/exaudi.org\/es\/obispos-polonia-union-confesiones-guerra\/#primaryimage"},"thumbnailUrl":"https:\/\/exaudi.org\/wp-content\/uploads\/2022\/02\/Abp-Stanislaw-Gadecki15.jpg","datePublished":"2022-02-15T14:56:25+00:00","dateModified":"2022-02-15T14:57:45+00:00","author":{"@id":"https:\/\/exaudi.org\/#\/schema\/person\/7d2f77db033c2c0929edfab6dbe8c588"},"description":"Polonia: Obispos llaman a la uni\u00f3n de cristianos de diversas confesiones en Rusia, Ucrania y Polonia para alejar el espectro de otra guerra","breadcrumb":{"@id":"https:\/\/exaudi.org\/es\/obispos-polonia-union-confesiones-guerra\/#breadcrumb"},"inLanguage":"es","potentialAction":[{"@type":"ReadAction","target":["https:\/\/exaudi.org\/es\/obispos-polonia-union-confesiones-guerra\/"]}]},{"@type":"ImageObject","inLanguage":"es","@id":"https:\/\/exaudi.org\/es\/obispos-polonia-union-confesiones-guerra\/#primaryimage","url":"https:\/\/exaudi.org\/wp-content\/uploads\/2022\/02\/Abp-Stanislaw-Gadecki15.jpg","contentUrl":"https:\/\/exaudi.org\/wp-content\/uploads\/2022\/02\/Abp-Stanislaw-Gadecki15.jpg","width":2108,"height":1406,"caption":"Mons. Stanislaw Gadecki, presidente del Episcopado de Polonia \u00a9 Conferencia Episcopal Polaca"},{"@type":"BreadcrumbList","@id":"https:\/\/exaudi.org\/es\/obispos-polonia-union-confesiones-guerra\/#breadcrumb","itemListElement":[{"@type":"ListItem","position":1,"name":"Portada","item":"https:\/\/exaudi.org\/es\/"},{"@type":"ListItem","position":2,"name":"Obispos de Polonia: Uni\u00f3n de confesiones para evitar la guerra"}]},{"@type":"WebSite","@id":"https:\/\/exaudi.org\/#website","url":"https:\/\/exaudi.org\/","name":"Exaudi","description":"News","potentialAction":[{"@type":"SearchAction","target":{"@type":"EntryPoint","urlTemplate":"https:\/\/exaudi.org\/?s={search_term_string}"},"query-input":{"@type":"PropertyValueSpecification","valueRequired":true,"valueName":"search_term_string"}}],"inLanguage":"es"},{"@type":"Person","@id":"https:\/\/exaudi.org\/#\/schema\/person\/7d2f77db033c2c0929edfab6dbe8c588","name":"Larissa I. L\u00f3pez","image":{"@type":"ImageObject","inLanguage":"es","@id":"https:\/\/secure.gravatar.com\/avatar\/db3ef399ff343d0bb9d25dc5198bc8ece5ac6d621eca79876697a354dabc1e3f?s=96&d=mm&r=g","url":"https:\/\/secure.gravatar.com\/avatar\/db3ef399ff343d0bb9d25dc5198bc8ece5ac6d621eca79876697a354dabc1e3f?s=96&d=mm&r=g","contentUrl":"https:\/\/secure.gravatar.com\/avatar\/db3ef399ff343d0bb9d25dc5198bc8ece5ac6d621eca79876697a354dabc1e3f?s=96&d=mm&r=g","caption":"Larissa I. L\u00f3pez"},"description":"Doctora en Comunicaci\u00f3n. Mi trayectoria profesional ha transcurrido entre el \u00e1mbito de la comunicaci\u00f3n y el de la docencia. En los \u00faltimos a\u00f1os, he trabajado como coordinadora y redactora de la edici\u00f3n de ZENIT en espa\u00f1ol. Como profesora, he impartido clases en la universidad y en centros de FP y bachillerato. Cordobesa de nacimiento, tambi\u00e9n he vivido en Sevilla, Madrid y Roma","url":"https:\/\/exaudi.org\/es\/author\/llopezexaudi-org\/"}]}},"jetpack_featured_media_url":"https:\/\/exaudi.org\/wp-content\/uploads\/2022\/02\/Abp-Stanislaw-Gadecki15.jpg","jetpack_shortlink":"https:\/\/wp.me\/pgKjF2-dzA","_links":{"self":[{"href":"https:\/\/exaudi.org\/es\/wp-json\/wp\/v2\/posts\/52178","targetHints":{"allow":["GET"]}}],"collection":[{"href":"https:\/\/exaudi.org\/es\/wp-json\/wp\/v2\/posts"}],"about":[{"href":"https:\/\/exaudi.org\/es\/wp-json\/wp\/v2\/types\/post"}],"author":[{"embeddable":true,"href":"https:\/\/exaudi.org\/es\/wp-json\/wp\/v2\/users\/5"}],"replies":[{"embeddable":true,"href":"https:\/\/exaudi.org\/es\/wp-json\/wp\/v2\/comments?post=52178"}],"version-history":[{"count":0,"href":"https:\/\/exaudi.org\/es\/wp-json\/wp\/v2\/posts\/52178\/revisions"}],"wp:featuredmedia":[{"embeddable":true,"href":"https:\/\/exaudi.org\/es\/wp-json\/wp\/v2\/media\/52182"}],"wp:attachment":[{"href":"https:\/\/exaudi.org\/es\/wp-json\/wp\/v2\/media?parent=52178"}],"wp:term":[{"taxonomy":"category","embeddable":true,"href":"https:\/\/exaudi.org\/es\/wp-json\/wp\/v2\/categories?post=52178"},{"taxonomy":"post_tag","embeddable":true,"href":"https:\/\/exaudi.org\/es\/wp-json\/wp\/v2\/tags?post=52178"}],"curies":[{"name":"wp","href":"https:\/\/api.w.org\/{rel}","templated":true}]}}