{"id":52076,"date":"2022-02-14T16:31:33","date_gmt":"2022-02-14T15:31:33","guid":{"rendered":"https:\/\/exaudi.org\/?p=52076"},"modified":"2022-02-14T16:37:07","modified_gmt":"2022-02-14T15:37:07","slug":"azerbaiyan-el-papa-nombra-al-nuncio-apostolico","status":"publish","type":"post","link":"https:\/\/exaudi.org\/es\/azerbaiyan-el-papa-nombra-al-nuncio-apostolico\/","title":{"rendered":"Azerbaiy\u00e1n: El Papa nombra al nuncio apost\u00f3lico"},"content":{"rendered":"<p>El <a href=\"https:\/\/exaudi.org\/es\/el-papa-habla-del-mal-de-la-ideologizacion-marxista\/\" target=\"_blank\" rel=\"noopener\">Papa Francisco<\/a> ha nombrado Nuncio Apost\u00f3lico en Azerbaiy\u00e1n a monse\u00f1or Marek Solczy\u0144ski, arzobispo titular de Ces\u00e1rea de Mauritania, Nuncio Apost\u00f3lico en Turqu\u00eda.<\/p>\n<h2>Mons. Marek Solczy\u0144ski<\/h2>\n<p>Un art\u00edculo de la edici\u00f3n polaca de Vatican News describe que el diplom\u00e1tico polaco naci\u00f3 en 1961. Es sacerdote de la archidi\u00f3cesis de Varsovia, desde donde, tras dos a\u00f1os de trabajo pastoral, fue enviado a estudiar a la Pontificia Academia Eclesi\u00e1stica, que prepara para trabajar en la diplomacia papal.<\/p>\n<p>Solczy\u0144ski comenz\u00f3 su trabajo en el servicio diplom\u00e1tico de la Santa Sede en 1993. Ha trabajado en representaciones papales en Paraguay, Rusia, Turqu\u00eda, la Rep\u00fablica Checa, Espa\u00f1a y en las Naciones Unidas en Nueva York. En 2011, el Papa Em\u00e9rito Benedicto XVI le nombr\u00f3 Nuncio Apost\u00f3lico en Georgia, y seis a\u00f1os despu\u00e9s Francisco le dio el cargo de su representante en Tanzania. Hasta ahora ha sido Nuncio Apost\u00f3lico en Turqu\u00eda.<\/p>\n","protected":false},"excerpt":{"rendered":"<p>Monse\u00f1or Marek Solczy\u0144ski<\/p>\n","protected":false},"author":6,"featured_media":52079,"comment_status":"closed","ping_status":"closed","sticky":false,"template":"","format":"standard","meta":{"_acf_changed":false,"_crdt_document":"","inline_featured_image":false,"footnotes":""},"categories":[86],"tags":[5877,5878,292,1328,158],"class_list":["post-52076","post","type-post","status-publish","format-standard","has-post-thumbnail","hentry","category-iglesia-local","tag-azerbaiyan","tag-monselir-monsenor-marek-solczynski","tag-nombramiento","tag-nuncio-apostolico","tag-papa-francisco"],"acf":[],"yoast_head":"<!-- This site is optimized with the Yoast SEO plugin v27.4 - https:\/\/yoast.com\/product\/yoast-seo-wordpress\/ -->\n<title>Azerbaiy\u00e1n: El Papa nombra al nuncio apost\u00f3lico &#8211; Exaudi<\/title>\n<meta name=\"description\" content=\"El Papa ha nombrado Nuncio Apost\u00f3lico en Azerbaiy\u00e1n a Mons. Solczy\u0144ski, arzobispo titular de Ces\u00e1rea de Mauritania, Nuncio en Turqu\u00eda.\" \/>\n<meta name=\"robots\" content=\"index, follow, max-snippet:-1, max-image-preview:large, max-video-preview:-1\" \/>\n<link rel=\"canonical\" href=\"https:\/\/exaudi.org\/es\/azerbaiyan-el-papa-nombra-al-nuncio-apostolico\/\" \/>\n<meta property=\"og:locale\" content=\"es_ES\" \/>\n<meta property=\"og:type\" content=\"article\" \/>\n<meta property=\"og:title\" content=\"Azerbaiy\u00e1n: El Papa nombra al nuncio apost\u00f3lico &#8211; Exaudi\" \/>\n<meta property=\"og:description\" content=\"El Papa ha nombrado Nuncio Apost\u00f3lico en Azerbaiy\u00e1n a Mons. Solczy\u0144ski, arzobispo titular de Ces\u00e1rea de Mauritania, Nuncio en Turqu\u00eda.\" \/>\n<meta property=\"og:url\" content=\"https:\/\/exaudi.org\/es\/azerbaiyan-el-papa-nombra-al-nuncio-apostolico\/\" \/>\n<meta property=\"og:site_name\" content=\"Exaudi\" \/>\n<meta property=\"article:publisher\" content=\"https:\/\/www.facebook.com\/ExaudiNews\" \/>\n<meta property=\"article:published_time\" content=\"2022-02-14T15:31:33+00:00\" \/>\n<meta property=\"article:modified_time\" content=\"2022-02-14T15:37:07+00:00\" \/>\n<meta property=\"og:image\" content=\"https:\/\/exaudi.org\/wp-content\/uploads\/2022\/02\/654asdasd.jpeg\" \/>\n\t<meta property=\"og:image:width\" content=\"735\" \/>\n\t<meta property=\"og:image:height\" content=\"414\" \/>\n\t<meta property=\"og:image:type\" content=\"image\/jpeg\" \/>\n<meta name=\"author\" content=\"Gabriel Sales\" \/>\n<meta name=\"twitter:card\" content=\"summary_large_image\" \/>\n<meta name=\"twitter:creator\" content=\"@habemusman\" \/>\n<meta name=\"twitter:site\" content=\"@Exaudi_News\" \/>\n<meta name=\"twitter:label1\" content=\"Escrito por\" \/>\n\t<meta name=\"twitter:data1\" content=\"Gabriel Sales\" \/>\n\t<meta name=\"twitter:label2\" content=\"Tiempo de lectura\" \/>\n\t<meta name=\"twitter:data2\" content=\"1 minuto\" \/>\n<script type=\"application\/ld+json\" class=\"yoast-schema-graph\">{\"@context\":\"https:\\\/\\\/schema.org\",\"@graph\":[{\"@type\":\"Article\",\"@id\":\"https:\\\/\\\/exaudi.org\\\/es\\\/azerbaiyan-el-papa-nombra-al-nuncio-apostolico\\\/#article\",\"isPartOf\":{\"@id\":\"https:\\\/\\\/exaudi.org\\\/es\\\/azerbaiyan-el-papa-nombra-al-nuncio-apostolico\\\/\"},\"author\":{\"name\":\"Gabriel Sales\",\"@id\":\"https:\\\/\\\/exaudi.org\\\/#\\\/schema\\\/person\\\/d134b96438278131ce90c90c03fda6cd\"},\"headline\":\"Azerbaiy\u00e1n: El Papa nombra al nuncio apost\u00f3lico\",\"datePublished\":\"2022-02-14T15:31:33+00:00\",\"dateModified\":\"2022-02-14T15:37:07+00:00\",\"mainEntityOfPage\":{\"@id\":\"https:\\\/\\\/exaudi.org\\\/es\\\/azerbaiyan-el-papa-nombra-al-nuncio-apostolico\\\/\"},\"wordCount\":176,\"image\":{\"@id\":\"https:\\\/\\\/exaudi.org\\\/es\\\/azerbaiyan-el-papa-nombra-al-nuncio-apostolico\\\/#primaryimage\"},\"thumbnailUrl\":\"https:\\\/\\\/exaudi.org\\\/wp-content\\\/uploads\\\/2022\\\/02\\\/654asdasd.jpeg\",\"keywords\":[\"Azerbaiy\u00e1n\",\"Monselir monse\u00f1or Marek Solczy\u0144ski\",\"Nombramiento\",\"Nuncio apost\u00f3lico\",\"papa francisco\"],\"articleSection\":[\"Iglesia Local\"],\"inLanguage\":\"es\"},{\"@type\":\"WebPage\",\"@id\":\"https:\\\/\\\/exaudi.org\\\/es\\\/azerbaiyan-el-papa-nombra-al-nuncio-apostolico\\\/\",\"url\":\"https:\\\/\\\/exaudi.org\\\/es\\\/azerbaiyan-el-papa-nombra-al-nuncio-apostolico\\\/\",\"name\":\"Azerbaiy\u00e1n: El Papa nombra al nuncio apost\u00f3lico &#8211; Exaudi\",\"isPartOf\":{\"@id\":\"https:\\\/\\\/exaudi.org\\\/#website\"},\"primaryImageOfPage\":{\"@id\":\"https:\\\/\\\/exaudi.org\\\/es\\\/azerbaiyan-el-papa-nombra-al-nuncio-apostolico\\\/#primaryimage\"},\"image\":{\"@id\":\"https:\\\/\\\/exaudi.org\\\/es\\\/azerbaiyan-el-papa-nombra-al-nuncio-apostolico\\\/#primaryimage\"},\"thumbnailUrl\":\"https:\\\/\\\/exaudi.org\\\/wp-content\\\/uploads\\\/2022\\\/02\\\/654asdasd.jpeg\",\"datePublished\":\"2022-02-14T15:31:33+00:00\",\"dateModified\":\"2022-02-14T15:37:07+00:00\",\"author\":{\"@id\":\"https:\\\/\\\/exaudi.org\\\/#\\\/schema\\\/person\\\/d134b96438278131ce90c90c03fda6cd\"},\"description\":\"El Papa ha nombrado Nuncio Apost\u00f3lico en Azerbaiy\u00e1n a Mons. Solczy\u0144ski, arzobispo titular de Ces\u00e1rea de Mauritania, Nuncio en Turqu\u00eda.\",\"breadcrumb\":{\"@id\":\"https:\\\/\\\/exaudi.org\\\/es\\\/azerbaiyan-el-papa-nombra-al-nuncio-apostolico\\\/#breadcrumb\"},\"inLanguage\":\"es\",\"potentialAction\":[{\"@type\":\"ReadAction\",\"target\":[\"https:\\\/\\\/exaudi.org\\\/es\\\/azerbaiyan-el-papa-nombra-al-nuncio-apostolico\\\/\"]}]},{\"@type\":\"ImageObject\",\"inLanguage\":\"es\",\"@id\":\"https:\\\/\\\/exaudi.org\\\/es\\\/azerbaiyan-el-papa-nombra-al-nuncio-apostolico\\\/#primaryimage\",\"url\":\"https:\\\/\\\/exaudi.org\\\/wp-content\\\/uploads\\\/2022\\\/02\\\/654asdasd.jpeg\",\"contentUrl\":\"https:\\\/\\\/exaudi.org\\\/wp-content\\\/uploads\\\/2022\\\/02\\\/654asdasd.jpeg\",\"width\":735,\"height\":414,\"caption\":\"Mons. Solczy\u0144ski en Tanzania \u00a9 Vatican Media\"},{\"@type\":\"BreadcrumbList\",\"@id\":\"https:\\\/\\\/exaudi.org\\\/es\\\/azerbaiyan-el-papa-nombra-al-nuncio-apostolico\\\/#breadcrumb\",\"itemListElement\":[{\"@type\":\"ListItem\",\"position\":1,\"name\":\"Portada\",\"item\":\"https:\\\/\\\/exaudi.org\\\/es\\\/\"},{\"@type\":\"ListItem\",\"position\":2,\"name\":\"Azerbaiy\u00e1n: El Papa nombra al nuncio apost\u00f3lico\"}]},{\"@type\":\"WebSite\",\"@id\":\"https:\\\/\\\/exaudi.org\\\/#website\",\"url\":\"https:\\\/\\\/exaudi.org\\\/\",\"name\":\"Exaudi\",\"description\":\"News\",\"potentialAction\":[{\"@type\":\"SearchAction\",\"target\":{\"@type\":\"EntryPoint\",\"urlTemplate\":\"https:\\\/\\\/exaudi.org\\\/?s={search_term_string}\"},\"query-input\":{\"@type\":\"PropertyValueSpecification\",\"valueRequired\":true,\"valueName\":\"search_term_string\"}}],\"inLanguage\":\"es\"},{\"@type\":\"Person\",\"@id\":\"https:\\\/\\\/exaudi.org\\\/#\\\/schema\\\/person\\\/d134b96438278131ce90c90c03fda6cd\",\"name\":\"Gabriel Sales\",\"image\":{\"@type\":\"ImageObject\",\"inLanguage\":\"es\",\"@id\":\"https:\\\/\\\/secure.gravatar.com\\\/avatar\\\/9b1269566f6a063ed26ffb3532b66a373cdde231ce5d0effb266167437fdaffd?s=96&d=mm&r=g\",\"url\":\"https:\\\/\\\/secure.gravatar.com\\\/avatar\\\/9b1269566f6a063ed26ffb3532b66a373cdde231ce5d0effb266167437fdaffd?s=96&d=mm&r=g\",\"contentUrl\":\"https:\\\/\\\/secure.gravatar.com\\\/avatar\\\/9b1269566f6a063ed26ffb3532b66a373cdde231ce5d0effb266167437fdaffd?s=96&d=mm&r=g\",\"caption\":\"Gabriel Sales\"},\"description\":\"Periodista y especialista en Comunicaci\u00f3n y Branding digital. Cin\u00e9filo y cr\u00edtico de cine y series de televisi\u00f3n.\",\"sameAs\":[\"https:\\\/\\\/www.instagram.com\\\/cine90segundos\\\/\",\"www.linkedin.com\\\/in\\\/habemusman\",\"https:\\\/\\\/x.com\\\/habemusman\",\"https:\\\/\\\/www.youtube.com\\\/channel\\\/UCVfCiOMkJ_C7T7OpyjuaLDg\"],\"url\":\"https:\\\/\\\/exaudi.org\\\/es\\\/author\\\/gsalesexaudi-org\\\/\"}]}<\/script>\n<!-- \/ Yoast SEO plugin. -->","yoast_head_json":{"title":"Azerbaiy\u00e1n: El Papa nombra al nuncio apost\u00f3lico &#8211; Exaudi","description":"El Papa ha nombrado Nuncio Apost\u00f3lico en Azerbaiy\u00e1n a Mons. Solczy\u0144ski, arzobispo titular de Ces\u00e1rea de Mauritania, Nuncio en Turqu\u00eda.","robots":{"index":"index","follow":"follow","max-snippet":"max-snippet:-1","max-image-preview":"max-image-preview:large","max-video-preview":"max-video-preview:-1"},"canonical":"https:\/\/exaudi.org\/es\/azerbaiyan-el-papa-nombra-al-nuncio-apostolico\/","og_locale":"es_ES","og_type":"article","og_title":"Azerbaiy\u00e1n: El Papa nombra al nuncio apost\u00f3lico &#8211; Exaudi","og_description":"El Papa ha nombrado Nuncio Apost\u00f3lico en Azerbaiy\u00e1n a Mons. Solczy\u0144ski, arzobispo titular de Ces\u00e1rea de Mauritania, Nuncio en Turqu\u00eda.","og_url":"https:\/\/exaudi.org\/es\/azerbaiyan-el-papa-nombra-al-nuncio-apostolico\/","og_site_name":"Exaudi","article_publisher":"https:\/\/www.facebook.com\/ExaudiNews","article_published_time":"2022-02-14T15:31:33+00:00","article_modified_time":"2022-02-14T15:37:07+00:00","og_image":[{"width":735,"height":414,"url":"https:\/\/exaudi.org\/wp-content\/uploads\/2022\/02\/654asdasd.jpeg","type":"image\/jpeg"}],"author":"Gabriel Sales","twitter_card":"summary_large_image","twitter_creator":"@habemusman","twitter_site":"@Exaudi_News","twitter_misc":{"Escrito por":"Gabriel Sales","Tiempo de lectura":"1 minuto"},"schema":{"@context":"https:\/\/schema.org","@graph":[{"@type":"Article","@id":"https:\/\/exaudi.org\/es\/azerbaiyan-el-papa-nombra-al-nuncio-apostolico\/#article","isPartOf":{"@id":"https:\/\/exaudi.org\/es\/azerbaiyan-el-papa-nombra-al-nuncio-apostolico\/"},"author":{"name":"Gabriel Sales","@id":"https:\/\/exaudi.org\/#\/schema\/person\/d134b96438278131ce90c90c03fda6cd"},"headline":"Azerbaiy\u00e1n: El Papa nombra al nuncio apost\u00f3lico","datePublished":"2022-02-14T15:31:33+00:00","dateModified":"2022-02-14T15:37:07+00:00","mainEntityOfPage":{"@id":"https:\/\/exaudi.org\/es\/azerbaiyan-el-papa-nombra-al-nuncio-apostolico\/"},"wordCount":176,"image":{"@id":"https:\/\/exaudi.org\/es\/azerbaiyan-el-papa-nombra-al-nuncio-apostolico\/#primaryimage"},"thumbnailUrl":"https:\/\/exaudi.org\/wp-content\/uploads\/2022\/02\/654asdasd.jpeg","keywords":["Azerbaiy\u00e1n","Monselir monse\u00f1or Marek Solczy\u0144ski","Nombramiento","Nuncio apost\u00f3lico","papa francisco"],"articleSection":["Iglesia Local"],"inLanguage":"es"},{"@type":"WebPage","@id":"https:\/\/exaudi.org\/es\/azerbaiyan-el-papa-nombra-al-nuncio-apostolico\/","url":"https:\/\/exaudi.org\/es\/azerbaiyan-el-papa-nombra-al-nuncio-apostolico\/","name":"Azerbaiy\u00e1n: El Papa nombra al nuncio apost\u00f3lico &#8211; Exaudi","isPartOf":{"@id":"https:\/\/exaudi.org\/#website"},"primaryImageOfPage":{"@id":"https:\/\/exaudi.org\/es\/azerbaiyan-el-papa-nombra-al-nuncio-apostolico\/#primaryimage"},"image":{"@id":"https:\/\/exaudi.org\/es\/azerbaiyan-el-papa-nombra-al-nuncio-apostolico\/#primaryimage"},"thumbnailUrl":"https:\/\/exaudi.org\/wp-content\/uploads\/2022\/02\/654asdasd.jpeg","datePublished":"2022-02-14T15:31:33+00:00","dateModified":"2022-02-14T15:37:07+00:00","author":{"@id":"https:\/\/exaudi.org\/#\/schema\/person\/d134b96438278131ce90c90c03fda6cd"},"description":"El Papa ha nombrado Nuncio Apost\u00f3lico en Azerbaiy\u00e1n a Mons. Solczy\u0144ski, arzobispo titular de Ces\u00e1rea de Mauritania, Nuncio en Turqu\u00eda.","breadcrumb":{"@id":"https:\/\/exaudi.org\/es\/azerbaiyan-el-papa-nombra-al-nuncio-apostolico\/#breadcrumb"},"inLanguage":"es","potentialAction":[{"@type":"ReadAction","target":["https:\/\/exaudi.org\/es\/azerbaiyan-el-papa-nombra-al-nuncio-apostolico\/"]}]},{"@type":"ImageObject","inLanguage":"es","@id":"https:\/\/exaudi.org\/es\/azerbaiyan-el-papa-nombra-al-nuncio-apostolico\/#primaryimage","url":"https:\/\/exaudi.org\/wp-content\/uploads\/2022\/02\/654asdasd.jpeg","contentUrl":"https:\/\/exaudi.org\/wp-content\/uploads\/2022\/02\/654asdasd.jpeg","width":735,"height":414,"caption":"Mons. Solczy\u0144ski en Tanzania \u00a9 Vatican Media"},{"@type":"BreadcrumbList","@id":"https:\/\/exaudi.org\/es\/azerbaiyan-el-papa-nombra-al-nuncio-apostolico\/#breadcrumb","itemListElement":[{"@type":"ListItem","position":1,"name":"Portada","item":"https:\/\/exaudi.org\/es\/"},{"@type":"ListItem","position":2,"name":"Azerbaiy\u00e1n: El Papa nombra al nuncio apost\u00f3lico"}]},{"@type":"WebSite","@id":"https:\/\/exaudi.org\/#website","url":"https:\/\/exaudi.org\/","name":"Exaudi","description":"News","potentialAction":[{"@type":"SearchAction","target":{"@type":"EntryPoint","urlTemplate":"https:\/\/exaudi.org\/?s={search_term_string}"},"query-input":{"@type":"PropertyValueSpecification","valueRequired":true,"valueName":"search_term_string"}}],"inLanguage":"es"},{"@type":"Person","@id":"https:\/\/exaudi.org\/#\/schema\/person\/d134b96438278131ce90c90c03fda6cd","name":"Gabriel Sales","image":{"@type":"ImageObject","inLanguage":"es","@id":"https:\/\/secure.gravatar.com\/avatar\/9b1269566f6a063ed26ffb3532b66a373cdde231ce5d0effb266167437fdaffd?s=96&d=mm&r=g","url":"https:\/\/secure.gravatar.com\/avatar\/9b1269566f6a063ed26ffb3532b66a373cdde231ce5d0effb266167437fdaffd?s=96&d=mm&r=g","contentUrl":"https:\/\/secure.gravatar.com\/avatar\/9b1269566f6a063ed26ffb3532b66a373cdde231ce5d0effb266167437fdaffd?s=96&d=mm&r=g","caption":"Gabriel Sales"},"description":"Periodista y especialista en Comunicaci\u00f3n y Branding digital. Cin\u00e9filo y cr\u00edtico de cine y series de televisi\u00f3n.","sameAs":["https:\/\/www.instagram.com\/cine90segundos\/","www.linkedin.com\/in\/habemusman","https:\/\/x.com\/habemusman","https:\/\/www.youtube.com\/channel\/UCVfCiOMkJ_C7T7OpyjuaLDg"],"url":"https:\/\/exaudi.org\/es\/author\/gsalesexaudi-org\/"}]}},"jetpack_featured_media_url":"https:\/\/exaudi.org\/wp-content\/uploads\/2022\/02\/654asdasd.jpeg","jetpack_shortlink":"https:\/\/wp.me\/pgKjF2-dxW","_links":{"self":[{"href":"https:\/\/exaudi.org\/es\/wp-json\/wp\/v2\/posts\/52076","targetHints":{"allow":["GET"]}}],"collection":[{"href":"https:\/\/exaudi.org\/es\/wp-json\/wp\/v2\/posts"}],"about":[{"href":"https:\/\/exaudi.org\/es\/wp-json\/wp\/v2\/types\/post"}],"author":[{"embeddable":true,"href":"https:\/\/exaudi.org\/es\/wp-json\/wp\/v2\/users\/6"}],"replies":[{"embeddable":true,"href":"https:\/\/exaudi.org\/es\/wp-json\/wp\/v2\/comments?post=52076"}],"version-history":[{"count":0,"href":"https:\/\/exaudi.org\/es\/wp-json\/wp\/v2\/posts\/52076\/revisions"}],"wp:featuredmedia":[{"embeddable":true,"href":"https:\/\/exaudi.org\/es\/wp-json\/wp\/v2\/media\/52079"}],"wp:attachment":[{"href":"https:\/\/exaudi.org\/es\/wp-json\/wp\/v2\/media?parent=52076"}],"wp:term":[{"taxonomy":"category","embeddable":true,"href":"https:\/\/exaudi.org\/es\/wp-json\/wp\/v2\/categories?post=52076"},{"taxonomy":"post_tag","embeddable":true,"href":"https:\/\/exaudi.org\/es\/wp-json\/wp\/v2\/tags?post=52076"}],"curies":[{"name":"wp","href":"https:\/\/api.w.org\/{rel}","templated":true}]}}