{"id":52024,"date":"2022-02-14T12:21:17","date_gmt":"2022-02-14T11:21:17","guid":{"rendered":"https:\/\/exaudi.org\/?p=52024"},"modified":"2022-02-15T08:59:27","modified_gmt":"2022-02-15T07:59:27","slug":"papa-mal-ideologizacion-marxista","status":"publish","type":"post","link":"https:\/\/exaudi.org\/es\/papa-mal-ideologizacion-marxista\/","title":{"rendered":"El Papa habla del mal de la ideologizaci\u00f3n marxista"},"content":{"rendered":"<p>En una carta con motivo del 50 aniversario de la creaci\u00f3n del <a href=\"http:\/\/www.comunidadsea.org\/quienes-somos-2\/nuestro-carisma\/\" target=\"_blank\" rel=\"noopener\">Centro de Espiritualidad Santa Mar\u00eda (CESM)<\/a>, el Papa Francisco subraya que el camino de este tipo de centros no debe ser otro que el del Evangelio, recordando \u201cel mal que hizo la ideologizaci\u00f3n de tinte marxista de algunos centros latinoamericanos por los a\u00f1os 70\u201d.<\/p>\n<figure id=\"attachment_52040\" aria-describedby=\"caption-attachment-52040\" style=\"width: 219px\" class=\"wp-caption alignleft\"><img loading=\"lazy\" decoding=\"async\" class=\"size-medium wp-image-52040\" src=\"https:\/\/exaudi.org\/wp-content\/uploads\/2022\/02\/Imagen-de-la-Carta-del-Papa-Francisco-219x300.jpeg\" alt=\"\" width=\"219\" height=\"300\" srcset=\"https:\/\/exaudi.org\/wp-content\/uploads\/2022\/02\/Imagen-de-la-Carta-del-Papa-Francisco-219x300.jpeg 219w, https:\/\/exaudi.org\/wp-content\/uploads\/2022\/02\/Imagen-de-la-Carta-del-Papa-Francisco-293x402.jpeg 293w, https:\/\/exaudi.org\/wp-content\/uploads\/2022\/02\/Imagen-de-la-Carta-del-Papa-Francisco-390x535.jpeg 390w, https:\/\/exaudi.org\/wp-content\/uploads\/2022\/02\/Imagen-de-la-Carta-del-Papa-Francisco.jpeg 425w\" sizes=\"auto, (max-width: 219px) 100vw, 219px\" \/><figcaption id=\"caption-attachment-52040\" class=\"wp-caption-text\">Imagen de la Carta del Papa Francisco \u00a9 CESM<\/figcaption><\/figure>\n<p>El Centro de Espiritualidad Santa Mar\u00eda es una comunidad eclesial fundada en 1972 por In\u00e9s Ordo\u00f1ez de Lan\u00fas, laica. En 1998 fue reconocida por la arquidi\u00f3cesis de Buenos Aires, Argentina, como asociaci\u00f3n privada de fieles. Seg\u00fan su p\u00e1gina <em>web<\/em>, el CESM tiene como misi\u00f3n \u201cacompa\u00f1ar a las personas en el camino hacia su propio coraz\u00f3n para descubrir en Dios el sentido y la finalidad de sus vidas\u201d.<\/p>\n<h2><strong>El camino del Evangelio<\/strong><\/h2>\n<p>\u201cMe alegra la celebraci\u00f3n de los 50 a\u00f1os del Centro de Espiritualidad. Hay que agradecer al Se\u00f1or por este don. Me ped\u00eds que te escriba algo sobre el Centro. Quisiera complacerte en esto, y aqu\u00ed escribo lo que me vaya saliendo\u201d, dice el Papa en su carta.<\/p>\n<p>De este modo, indica que \u201cel camino de un centro de Espiritualidad no debe ser otro que el camino del Evangelio. Sencillo, claro, cotidiano, tras los pasos de Jes\u00fas\u2026 y aceptando tambi\u00e9n hacer el camino de \u2018comprender\u2019 el Evangelio (que no es lo mismo que \u2018entender\u2019). En el seguimiento de Jes\u00fas se simult\u00e1nean luces y sombras, claridad y oscuridad, gozo y pena\u2026 Y para \u2018andar bien\u2019 en este \u2018simult\u00e1neamiento\u2019, es necesario el di\u00e1logo continuo con el Esp\u00edritu Santo, luz y amor, creador de las diferencias y, a la vez, creador de la armon\u00eda. \u2018\u00c9l es la armon\u00eda\u2019. El Esp\u00edritu Santo es \u2018el alma\u201d de un Centro de Espiritualidad\u201d.<\/p>\n<h2><strong>El estilo de Jes\u00fas<\/strong><\/h2>\n<p>\u201cOtra cosa\u201d, destaca Francisco, es \u201cel estilo\u201d: \u201cCuanto m\u00e1s cercano al \u2018estilo de Jes\u00fas\u2019 ser\u00e1 m\u00e1s aut\u00e9ntico. Y el estilo de Jes\u00fas era un estilo sencillo, concreto, con el ritmo y \u2018la m\u00fasica\u2019 con que se expresaba su pueblo. Concreto y fiel a las ra\u00edces recibidas: la de la revelaci\u00f3n y la de la cultura. Y, en este sentido, podemos hablar de la \u2018originalidad\u2019 de Jes\u00fas. No pact\u00f3 ni entr\u00f3 en el juego de las ideolog\u00edas de su tiempo: fariseos, saduceos, esenios y zelotes. Se distingui\u00f3 claramente de ellos y opt\u00f3 por su originalidad\u201d.<\/p>\n<p>\u201cY un Centro de espiritualidad debe optar por la originalidad del Evangelio. Seguramente ser\u00e1 \u2018tentado\u2019 por alguna u otra ideolog\u00eda. En su camino de madurez deber\u00e1 vencer esas tentaciones y \u2018resituarse\u2019 siempre en la originalidad del Evangelio. Acordate por ejemplo, el mal que hizo la ideologizaci\u00f3n de tinte marxista de algunos centros latinoamericanos por los a\u00f1os 70\u201d, clarifica el Pont\u00edfice.<\/p>\n<p>Asimismo, destaca que, \u201cdesde este centro, de este n\u00facleo, debe nacer todo y organizarse todo. El camino de seguimiento a Jes\u00fas; la armon\u00eda es obra del Esp\u00edritu al cual debemos estar abiertos, un \u2018m\u00e9todo\u2019 necesario es la capacidad de discernimiento en el camino. Y esta capacidad es la que marcar\u00e1 el ritmo y asegurar\u00e1 el justo camino\u201d.<\/p>\n<p>\u201cIn\u00e9s, esto es lo que me sali\u00f3 del coraz\u00f3n. Me causa gracia tu sentido del humor, pensar en tus 75\u2026 \u2018No te olvides de tu madre y de tu abuela\u2019 dec\u00eda Pablo a Timoteo. Teniendo delante la figura de tu mam\u00e1 (a quien recuerdo muy bien) pod\u00e9s prometerte una \u2018juventud madura\u2019 de m\u00e1s a\u00f1os\u201d, recuerda el Obispo de Roma afectuosamente.<\/p>\n<p>\u201cTe pido, por favor, que reces por m\u00ed. Lo hago por vos\u201d, concluye el Sucesor de Pedro.<\/p>\n","protected":false},"excerpt":{"rendered":"<p>Y recuerda que el camino de los centros espirituales debe ser siempre el del Evangelio<\/p>\n","protected":false},"author":5,"featured_media":52030,"comment_status":"closed","ping_status":"closed","sticky":false,"template":"","format":"standard","meta":{"_acf_changed":false,"_crdt_document":"","inline_featured_image":false,"footnotes":""},"categories":[68],"tags":[5866,5867,158,4953],"class_list":["post-52024","post","type-post","status-publish","format-standard","has-post-thumbnail","hentry","category-leon-xiv","tag-centro-de-espiritualidad-santa-maria-cesm","tag-ines-ordonez-de-lanus","tag-papa-francisco","tag-trending-es"],"acf":[],"yoast_head":"<!-- This site is optimized with the Yoast SEO plugin v27.4 - https:\/\/yoast.com\/product\/yoast-seo-wordpress\/ -->\n<title>El Papa habla del mal de la ideologizaci\u00f3n marxista &#8211; Exaudi<\/title>\n<meta name=\"description\" content=\"El Papa recuerda\u00a0\u201cel mal que hizo la ideologizaci\u00f3n de tinte marxista de algunos centros latinoamericanos por los a\u00f1os 70\u201d.\" \/>\n<meta name=\"robots\" content=\"index, follow, max-snippet:-1, max-image-preview:large, max-video-preview:-1\" \/>\n<link rel=\"canonical\" href=\"https:\/\/exaudi.org\/es\/papa-mal-ideologizacion-marxista\/\" \/>\n<meta property=\"og:locale\" content=\"es_ES\" \/>\n<meta property=\"og:type\" content=\"article\" \/>\n<meta property=\"og:title\" content=\"El Papa habla del mal de la ideologizaci\u00f3n marxista &#8211; Exaudi\" \/>\n<meta property=\"og:description\" content=\"El Papa recuerda\u00a0\u201cel mal que hizo la ideologizaci\u00f3n de tinte marxista de algunos centros latinoamericanos por los a\u00f1os 70\u201d.\" \/>\n<meta property=\"og:url\" content=\"https:\/\/exaudi.org\/es\/papa-mal-ideologizacion-marxista\/\" \/>\n<meta property=\"og:site_name\" content=\"Exaudi\" \/>\n<meta property=\"article:publisher\" content=\"https:\/\/www.facebook.com\/ExaudiNews\" \/>\n<meta property=\"article:published_time\" content=\"2022-02-14T11:21:17+00:00\" \/>\n<meta property=\"article:modified_time\" content=\"2022-02-15T07:59:27+00:00\" \/>\n<meta property=\"og:image\" content=\"https:\/\/exaudi.org\/wp-content\/uploads\/2022\/02\/MTC9993-scaled.jpg\" \/>\n\t<meta property=\"og:image:width\" content=\"2560\" \/>\n\t<meta property=\"og:image:height\" content=\"1707\" \/>\n\t<meta property=\"og:image:type\" content=\"image\/jpeg\" \/>\n<meta name=\"author\" content=\"Larissa I. L\u00f3pez\" \/>\n<meta name=\"twitter:card\" content=\"summary_large_image\" \/>\n<meta name=\"twitter:creator\" content=\"@Exaudi_News\" \/>\n<meta name=\"twitter:site\" content=\"@Exaudi_News\" \/>\n<meta name=\"twitter:label1\" content=\"Escrito por\" \/>\n\t<meta name=\"twitter:data1\" content=\"Larissa I. L\u00f3pez\" \/>\n\t<meta name=\"twitter:label2\" content=\"Tiempo de lectura\" \/>\n\t<meta name=\"twitter:data2\" content=\"3 minutos\" \/>\n<script type=\"application\/ld+json\" class=\"yoast-schema-graph\">{\"@context\":\"https:\\\/\\\/schema.org\",\"@graph\":[{\"@type\":\"Article\",\"@id\":\"https:\\\/\\\/exaudi.org\\\/es\\\/papa-mal-ideologizacion-marxista\\\/#article\",\"isPartOf\":{\"@id\":\"https:\\\/\\\/exaudi.org\\\/es\\\/papa-mal-ideologizacion-marxista\\\/\"},\"author\":{\"name\":\"Larissa I. L\u00f3pez\",\"@id\":\"https:\\\/\\\/exaudi.org\\\/#\\\/schema\\\/person\\\/7d2f77db033c2c0929edfab6dbe8c588\"},\"headline\":\"El Papa habla del mal de la ideologizaci\u00f3n marxista\",\"datePublished\":\"2022-02-14T11:21:17+00:00\",\"dateModified\":\"2022-02-15T07:59:27+00:00\",\"mainEntityOfPage\":{\"@id\":\"https:\\\/\\\/exaudi.org\\\/es\\\/papa-mal-ideologizacion-marxista\\\/\"},\"wordCount\":647,\"image\":{\"@id\":\"https:\\\/\\\/exaudi.org\\\/es\\\/papa-mal-ideologizacion-marxista\\\/#primaryimage\"},\"thumbnailUrl\":\"https:\\\/\\\/exaudi.org\\\/wp-content\\\/uploads\\\/2022\\\/02\\\/MTC9993-scaled.jpg\",\"keywords\":[\"Centro de Espiritualidad Santa Mar\u00eda (CESM)\",\"In\u00e9s Ordo\u00f1ez de Lan\u00fas\",\"papa francisco\",\"Trending\"],\"articleSection\":[\"Le\u00f3n XIV\"],\"inLanguage\":\"es\"},{\"@type\":\"WebPage\",\"@id\":\"https:\\\/\\\/exaudi.org\\\/es\\\/papa-mal-ideologizacion-marxista\\\/\",\"url\":\"https:\\\/\\\/exaudi.org\\\/es\\\/papa-mal-ideologizacion-marxista\\\/\",\"name\":\"El Papa habla del mal de la ideologizaci\u00f3n marxista &#8211; Exaudi\",\"isPartOf\":{\"@id\":\"https:\\\/\\\/exaudi.org\\\/#website\"},\"primaryImageOfPage\":{\"@id\":\"https:\\\/\\\/exaudi.org\\\/es\\\/papa-mal-ideologizacion-marxista\\\/#primaryimage\"},\"image\":{\"@id\":\"https:\\\/\\\/exaudi.org\\\/es\\\/papa-mal-ideologizacion-marxista\\\/#primaryimage\"},\"thumbnailUrl\":\"https:\\\/\\\/exaudi.org\\\/wp-content\\\/uploads\\\/2022\\\/02\\\/MTC9993-scaled.jpg\",\"datePublished\":\"2022-02-14T11:21:17+00:00\",\"dateModified\":\"2022-02-15T07:59:27+00:00\",\"author\":{\"@id\":\"https:\\\/\\\/exaudi.org\\\/#\\\/schema\\\/person\\\/7d2f77db033c2c0929edfab6dbe8c588\"},\"description\":\"El Papa recuerda\u00a0\u201cel mal que hizo la ideologizaci\u00f3n de tinte marxista de algunos centros latinoamericanos por los a\u00f1os 70\u201d.\",\"breadcrumb\":{\"@id\":\"https:\\\/\\\/exaudi.org\\\/es\\\/papa-mal-ideologizacion-marxista\\\/#breadcrumb\"},\"inLanguage\":\"es\",\"potentialAction\":[{\"@type\":\"ReadAction\",\"target\":[\"https:\\\/\\\/exaudi.org\\\/es\\\/papa-mal-ideologizacion-marxista\\\/\"]}]},{\"@type\":\"ImageObject\",\"inLanguage\":\"es\",\"@id\":\"https:\\\/\\\/exaudi.org\\\/es\\\/papa-mal-ideologizacion-marxista\\\/#primaryimage\",\"url\":\"https:\\\/\\\/exaudi.org\\\/wp-content\\\/uploads\\\/2022\\\/02\\\/MTC9993-scaled.jpg\",\"contentUrl\":\"https:\\\/\\\/exaudi.org\\\/wp-content\\\/uploads\\\/2022\\\/02\\\/MTC9993-scaled.jpg\",\"width\":2560,\"height\":1707,\"caption\":\"Audiencia general, 9 febrero 2022 \u00a9 Vatican Media\"},{\"@type\":\"BreadcrumbList\",\"@id\":\"https:\\\/\\\/exaudi.org\\\/es\\\/papa-mal-ideologizacion-marxista\\\/#breadcrumb\",\"itemListElement\":[{\"@type\":\"ListItem\",\"position\":1,\"name\":\"Portada\",\"item\":\"https:\\\/\\\/exaudi.org\\\/es\\\/\"},{\"@type\":\"ListItem\",\"position\":2,\"name\":\"El Papa habla del mal de la ideologizaci\u00f3n marxista\"}]},{\"@type\":\"WebSite\",\"@id\":\"https:\\\/\\\/exaudi.org\\\/#website\",\"url\":\"https:\\\/\\\/exaudi.org\\\/\",\"name\":\"Exaudi\",\"description\":\"News\",\"potentialAction\":[{\"@type\":\"SearchAction\",\"target\":{\"@type\":\"EntryPoint\",\"urlTemplate\":\"https:\\\/\\\/exaudi.org\\\/?s={search_term_string}\"},\"query-input\":{\"@type\":\"PropertyValueSpecification\",\"valueRequired\":true,\"valueName\":\"search_term_string\"}}],\"inLanguage\":\"es\"},{\"@type\":\"Person\",\"@id\":\"https:\\\/\\\/exaudi.org\\\/#\\\/schema\\\/person\\\/7d2f77db033c2c0929edfab6dbe8c588\",\"name\":\"Larissa I. L\u00f3pez\",\"image\":{\"@type\":\"ImageObject\",\"inLanguage\":\"es\",\"@id\":\"https:\\\/\\\/secure.gravatar.com\\\/avatar\\\/db3ef399ff343d0bb9d25dc5198bc8ece5ac6d621eca79876697a354dabc1e3f?s=96&d=mm&r=g\",\"url\":\"https:\\\/\\\/secure.gravatar.com\\\/avatar\\\/db3ef399ff343d0bb9d25dc5198bc8ece5ac6d621eca79876697a354dabc1e3f?s=96&d=mm&r=g\",\"contentUrl\":\"https:\\\/\\\/secure.gravatar.com\\\/avatar\\\/db3ef399ff343d0bb9d25dc5198bc8ece5ac6d621eca79876697a354dabc1e3f?s=96&d=mm&r=g\",\"caption\":\"Larissa I. L\u00f3pez\"},\"description\":\"Doctora en Comunicaci\u00f3n. Mi trayectoria profesional ha transcurrido entre el \u00e1mbito de la comunicaci\u00f3n y el de la docencia. En los \u00faltimos a\u00f1os, he trabajado como coordinadora y redactora de la edici\u00f3n de ZENIT en espa\u00f1ol. Como profesora, he impartido clases en la universidad y en centros de FP y bachillerato. Cordobesa de nacimiento, tambi\u00e9n he vivido en Sevilla, Madrid y Roma\",\"url\":\"https:\\\/\\\/exaudi.org\\\/es\\\/author\\\/llopezexaudi-org\\\/\"}]}<\/script>\n<!-- \/ Yoast SEO plugin. -->","yoast_head_json":{"title":"El Papa habla del mal de la ideologizaci\u00f3n marxista &#8211; Exaudi","description":"El Papa recuerda\u00a0\u201cel mal que hizo la ideologizaci\u00f3n de tinte marxista de algunos centros latinoamericanos por los a\u00f1os 70\u201d.","robots":{"index":"index","follow":"follow","max-snippet":"max-snippet:-1","max-image-preview":"max-image-preview:large","max-video-preview":"max-video-preview:-1"},"canonical":"https:\/\/exaudi.org\/es\/papa-mal-ideologizacion-marxista\/","og_locale":"es_ES","og_type":"article","og_title":"El Papa habla del mal de la ideologizaci\u00f3n marxista &#8211; Exaudi","og_description":"El Papa recuerda\u00a0\u201cel mal que hizo la ideologizaci\u00f3n de tinte marxista de algunos centros latinoamericanos por los a\u00f1os 70\u201d.","og_url":"https:\/\/exaudi.org\/es\/papa-mal-ideologizacion-marxista\/","og_site_name":"Exaudi","article_publisher":"https:\/\/www.facebook.com\/ExaudiNews","article_published_time":"2022-02-14T11:21:17+00:00","article_modified_time":"2022-02-15T07:59:27+00:00","og_image":[{"width":2560,"height":1707,"url":"https:\/\/exaudi.org\/wp-content\/uploads\/2022\/02\/MTC9993-scaled.jpg","type":"image\/jpeg"}],"author":"Larissa I. L\u00f3pez","twitter_card":"summary_large_image","twitter_creator":"@Exaudi_News","twitter_site":"@Exaudi_News","twitter_misc":{"Escrito por":"Larissa I. L\u00f3pez","Tiempo de lectura":"3 minutos"},"schema":{"@context":"https:\/\/schema.org","@graph":[{"@type":"Article","@id":"https:\/\/exaudi.org\/es\/papa-mal-ideologizacion-marxista\/#article","isPartOf":{"@id":"https:\/\/exaudi.org\/es\/papa-mal-ideologizacion-marxista\/"},"author":{"name":"Larissa I. L\u00f3pez","@id":"https:\/\/exaudi.org\/#\/schema\/person\/7d2f77db033c2c0929edfab6dbe8c588"},"headline":"El Papa habla del mal de la ideologizaci\u00f3n marxista","datePublished":"2022-02-14T11:21:17+00:00","dateModified":"2022-02-15T07:59:27+00:00","mainEntityOfPage":{"@id":"https:\/\/exaudi.org\/es\/papa-mal-ideologizacion-marxista\/"},"wordCount":647,"image":{"@id":"https:\/\/exaudi.org\/es\/papa-mal-ideologizacion-marxista\/#primaryimage"},"thumbnailUrl":"https:\/\/exaudi.org\/wp-content\/uploads\/2022\/02\/MTC9993-scaled.jpg","keywords":["Centro de Espiritualidad Santa Mar\u00eda (CESM)","In\u00e9s Ordo\u00f1ez de Lan\u00fas","papa francisco","Trending"],"articleSection":["Le\u00f3n XIV"],"inLanguage":"es"},{"@type":"WebPage","@id":"https:\/\/exaudi.org\/es\/papa-mal-ideologizacion-marxista\/","url":"https:\/\/exaudi.org\/es\/papa-mal-ideologizacion-marxista\/","name":"El Papa habla del mal de la ideologizaci\u00f3n marxista &#8211; Exaudi","isPartOf":{"@id":"https:\/\/exaudi.org\/#website"},"primaryImageOfPage":{"@id":"https:\/\/exaudi.org\/es\/papa-mal-ideologizacion-marxista\/#primaryimage"},"image":{"@id":"https:\/\/exaudi.org\/es\/papa-mal-ideologizacion-marxista\/#primaryimage"},"thumbnailUrl":"https:\/\/exaudi.org\/wp-content\/uploads\/2022\/02\/MTC9993-scaled.jpg","datePublished":"2022-02-14T11:21:17+00:00","dateModified":"2022-02-15T07:59:27+00:00","author":{"@id":"https:\/\/exaudi.org\/#\/schema\/person\/7d2f77db033c2c0929edfab6dbe8c588"},"description":"El Papa recuerda\u00a0\u201cel mal que hizo la ideologizaci\u00f3n de tinte marxista de algunos centros latinoamericanos por los a\u00f1os 70\u201d.","breadcrumb":{"@id":"https:\/\/exaudi.org\/es\/papa-mal-ideologizacion-marxista\/#breadcrumb"},"inLanguage":"es","potentialAction":[{"@type":"ReadAction","target":["https:\/\/exaudi.org\/es\/papa-mal-ideologizacion-marxista\/"]}]},{"@type":"ImageObject","inLanguage":"es","@id":"https:\/\/exaudi.org\/es\/papa-mal-ideologizacion-marxista\/#primaryimage","url":"https:\/\/exaudi.org\/wp-content\/uploads\/2022\/02\/MTC9993-scaled.jpg","contentUrl":"https:\/\/exaudi.org\/wp-content\/uploads\/2022\/02\/MTC9993-scaled.jpg","width":2560,"height":1707,"caption":"Audiencia general, 9 febrero 2022 \u00a9 Vatican Media"},{"@type":"BreadcrumbList","@id":"https:\/\/exaudi.org\/es\/papa-mal-ideologizacion-marxista\/#breadcrumb","itemListElement":[{"@type":"ListItem","position":1,"name":"Portada","item":"https:\/\/exaudi.org\/es\/"},{"@type":"ListItem","position":2,"name":"El Papa habla del mal de la ideologizaci\u00f3n marxista"}]},{"@type":"WebSite","@id":"https:\/\/exaudi.org\/#website","url":"https:\/\/exaudi.org\/","name":"Exaudi","description":"News","potentialAction":[{"@type":"SearchAction","target":{"@type":"EntryPoint","urlTemplate":"https:\/\/exaudi.org\/?s={search_term_string}"},"query-input":{"@type":"PropertyValueSpecification","valueRequired":true,"valueName":"search_term_string"}}],"inLanguage":"es"},{"@type":"Person","@id":"https:\/\/exaudi.org\/#\/schema\/person\/7d2f77db033c2c0929edfab6dbe8c588","name":"Larissa I. L\u00f3pez","image":{"@type":"ImageObject","inLanguage":"es","@id":"https:\/\/secure.gravatar.com\/avatar\/db3ef399ff343d0bb9d25dc5198bc8ece5ac6d621eca79876697a354dabc1e3f?s=96&d=mm&r=g","url":"https:\/\/secure.gravatar.com\/avatar\/db3ef399ff343d0bb9d25dc5198bc8ece5ac6d621eca79876697a354dabc1e3f?s=96&d=mm&r=g","contentUrl":"https:\/\/secure.gravatar.com\/avatar\/db3ef399ff343d0bb9d25dc5198bc8ece5ac6d621eca79876697a354dabc1e3f?s=96&d=mm&r=g","caption":"Larissa I. L\u00f3pez"},"description":"Doctora en Comunicaci\u00f3n. Mi trayectoria profesional ha transcurrido entre el \u00e1mbito de la comunicaci\u00f3n y el de la docencia. En los \u00faltimos a\u00f1os, he trabajado como coordinadora y redactora de la edici\u00f3n de ZENIT en espa\u00f1ol. Como profesora, he impartido clases en la universidad y en centros de FP y bachillerato. Cordobesa de nacimiento, tambi\u00e9n he vivido en Sevilla, Madrid y Roma","url":"https:\/\/exaudi.org\/es\/author\/llopezexaudi-org\/"}]}},"jetpack_featured_media_url":"https:\/\/exaudi.org\/wp-content\/uploads\/2022\/02\/MTC9993-scaled.jpg","jetpack_shortlink":"https:\/\/wp.me\/pgKjF2-dx6","_links":{"self":[{"href":"https:\/\/exaudi.org\/es\/wp-json\/wp\/v2\/posts\/52024","targetHints":{"allow":["GET"]}}],"collection":[{"href":"https:\/\/exaudi.org\/es\/wp-json\/wp\/v2\/posts"}],"about":[{"href":"https:\/\/exaudi.org\/es\/wp-json\/wp\/v2\/types\/post"}],"author":[{"embeddable":true,"href":"https:\/\/exaudi.org\/es\/wp-json\/wp\/v2\/users\/5"}],"replies":[{"embeddable":true,"href":"https:\/\/exaudi.org\/es\/wp-json\/wp\/v2\/comments?post=52024"}],"version-history":[{"count":0,"href":"https:\/\/exaudi.org\/es\/wp-json\/wp\/v2\/posts\/52024\/revisions"}],"wp:featuredmedia":[{"embeddable":true,"href":"https:\/\/exaudi.org\/es\/wp-json\/wp\/v2\/media\/52030"}],"wp:attachment":[{"href":"https:\/\/exaudi.org\/es\/wp-json\/wp\/v2\/media?parent=52024"}],"wp:term":[{"taxonomy":"category","embeddable":true,"href":"https:\/\/exaudi.org\/es\/wp-json\/wp\/v2\/categories?post=52024"},{"taxonomy":"post_tag","embeddable":true,"href":"https:\/\/exaudi.org\/es\/wp-json\/wp\/v2\/tags?post=52024"}],"curies":[{"name":"wp","href":"https:\/\/api.w.org\/{rel}","templated":true}]}}