{"id":52007,"date":"2022-02-14T12:02:39","date_gmt":"2022-02-14T11:02:39","guid":{"rendered":"https:\/\/exaudi.org\/?p=52007"},"modified":"2022-02-14T16:38:48","modified_gmt":"2022-02-14T15:38:48","slug":"argentina-solucionar-deuda-externa-descuidar-gente","status":"publish","type":"post","link":"https:\/\/exaudi.org\/es\/argentina-solucionar-deuda-externa-descuidar-gente\/","title":{"rendered":"Argentina: Solucionar la deuda externa sin descuidar a la gente"},"content":{"rendered":"<p>La Comisi\u00f3n de Pastoral Social (CEPAS) del <a href=\"https:\/\/episcopado.org\/\" target=\"_blank\" rel=\"noopener\">Episcopado de Argentina<\/a> (CEA) ha publicado un mensaje en el que considera oportuno solucionar la deuda externa del pa\u00eds sin descuidar \u201cel respeto el medio ambiente, la acogida de la vida, el cuidado de la familia, la equidad social, la dignidad de los trabajadores, los derechos de las generaciones futuras\u201d.<\/p>\n<p>Estas exigencias, recogidas en la <a href=\"https:\/\/www.vatican.va\/content\/francesco\/es\/encyclicals\/documents\/papa-francesco_20150524_enciclica-laudato-si.html\" target=\"_blank\" rel=\"noopener\">Enc\u00edclica\u00a0<em>Laudato Si&#8217;<\/em><\/a> del Papa Francisco, giran en torno a la relaci\u00f3n necesaria, cita la CEA del Pont\u00edfice, entre \u201cla justicia para los pobres, la soluci\u00f3n de los problemas estructurales de la econom\u00eda mundial y la protecci\u00f3n del medio ambiente\u201d.<\/p>\n<h2>Deuda externa y social<\/h2>\n<p>Los <a href=\"https:\/\/exaudi.org\/es\/argentina-obispos-compromiso-tragedia-drogas\/\" target=\"_blank\" rel=\"noopener\">obispos argentinos<\/a> aclaran que solventar la deuda nacional no debe soslayar el cuidado de la deuda social, nacida precisamente \u201cde un orden econ\u00f3mico que ha privilegiado la especulaci\u00f3n financiera por encima de la producci\u00f3n y el trabajo digno\u201d. Y citan al Pont\u00edfice para decir que, en un lugar donde \u201clas ganancias de unos pocos crecen exponencialmente, las de la mayor\u00eda se quedan cada vez m\u00e1s lejos del bienestar de esa minor\u00eda feliz\u201d, un desequilibrio fruto de \u201cideolog\u00edas que defienden la autonom\u00eda absoluta de los mercados y la especulaci\u00f3n financiera\u201d.<\/p>\n<p>\u201cDeseamos\u201d, a\u00f1aden los prelados, \u201cque al abordar el tema de la deuda externa, nuestra patria se asuma como protagonista de su propia suerte para definir el propio desarrollo cultural, civil, social y econ\u00f3mico, de modo de poder construir y afianzar un modelo que tenga como eje central la producci\u00f3n y el trabajo\u201d.<\/p>\n<p>Por todo ello, instan a profundizar \u201cacciones con el compromiso de toda la dirigencia pol\u00edtica y social, que se sustenten en la \u00e9tica de la solidaridad, de la educaci\u00f3n y el di\u00e1logo social, anteponiendo el encuentro sectorial, el trabajo argentino, la dignidad de las familias y el crecimiento econ\u00f3mico. Un modelo basado en la producci\u00f3n y en la econom\u00eda social, como condiciones imprescindibles para una econom\u00eda con rostro humano que, a partir de saldar la deuda social, pueda honrar sus compromisos con la deuda externa privilegiando la protecci\u00f3n de los m\u00e1s vulnerables\u201d.<\/p>\n","protected":false},"excerpt":{"rendered":"<p>Mensaje de la Comisi\u00f3n de Pastoral Social del Episcopado<\/p>\n","protected":false},"author":6,"featured_media":52025,"comment_status":"closed","ping_status":"closed","sticky":false,"template":"","format":"standard","meta":{"_acf_changed":false,"_crdt_document":"","inline_featured_image":false,"footnotes":""},"categories":[86],"tags":[742,3742,2670],"class_list":["post-52007","post","type-post","status-publish","format-standard","has-post-thumbnail","hentry","category-iglesia-local","tag-conferencia-episcopal-argentina-cea","tag-economia-es","tag-pastoral-social"],"acf":[],"yoast_head":"<!-- This site is optimized with the Yoast SEO plugin v27.5 - https:\/\/yoast.com\/product\/yoast-seo-wordpress\/ -->\n<title>Argentina: Solucionar la deuda externa sin descuidar a la gente &#8211; Exaudi<\/title>\n<meta name=\"description\" content=\"Los obispos de la Comisi\u00f3n de Pastoral Social del Episcopado de Argentina han llamado a solucionar la deuda externa atendiendo a la social.\" \/>\n<meta name=\"robots\" content=\"index, follow, max-snippet:-1, max-image-preview:large, max-video-preview:-1\" \/>\n<link rel=\"canonical\" href=\"https:\/\/exaudi.org\/es\/argentina-solucionar-deuda-externa-descuidar-gente\/\" \/>\n<meta property=\"og:locale\" content=\"es_ES\" \/>\n<meta property=\"og:type\" content=\"article\" \/>\n<meta property=\"og:title\" content=\"Argentina: Solucionar la deuda externa sin descuidar a la gente &#8211; Exaudi\" \/>\n<meta property=\"og:description\" content=\"Los obispos de la Comisi\u00f3n de Pastoral Social del Episcopado de Argentina han llamado a solucionar la deuda externa atendiendo a la social.\" \/>\n<meta property=\"og:url\" content=\"https:\/\/exaudi.org\/es\/argentina-solucionar-deuda-externa-descuidar-gente\/\" \/>\n<meta property=\"og:site_name\" content=\"Exaudi\" \/>\n<meta property=\"article:publisher\" content=\"https:\/\/www.facebook.com\/ExaudiNews\" \/>\n<meta property=\"article:published_time\" content=\"2022-02-14T11:02:39+00:00\" \/>\n<meta property=\"article:modified_time\" content=\"2022-02-14T15:38:48+00:00\" \/>\n<meta property=\"og:image\" content=\"https:\/\/exaudi.org\/wp-content\/uploads\/2022\/02\/SDFSFD56465.jpeg\" \/>\n\t<meta property=\"og:image:width\" content=\"1489\" \/>\n\t<meta property=\"og:image:height\" content=\"838\" \/>\n\t<meta property=\"og:image:type\" content=\"image\/jpeg\" \/>\n<meta name=\"author\" content=\"Gabriel Sales\" \/>\n<meta name=\"twitter:card\" content=\"summary_large_image\" \/>\n<meta name=\"twitter:creator\" content=\"@habemusman\" \/>\n<meta name=\"twitter:site\" content=\"@Exaudi_News\" \/>\n<meta name=\"twitter:label1\" content=\"Escrito por\" \/>\n\t<meta name=\"twitter:data1\" content=\"Gabriel Sales\" \/>\n\t<meta name=\"twitter:label2\" content=\"Tiempo de lectura\" \/>\n\t<meta name=\"twitter:data2\" content=\"2 minutos\" \/>\n<script type=\"application\/ld+json\" class=\"yoast-schema-graph\">{\"@context\":\"https:\\\/\\\/schema.org\",\"@graph\":[{\"@type\":\"Article\",\"@id\":\"https:\\\/\\\/exaudi.org\\\/es\\\/argentina-solucionar-deuda-externa-descuidar-gente\\\/#article\",\"isPartOf\":{\"@id\":\"https:\\\/\\\/exaudi.org\\\/es\\\/argentina-solucionar-deuda-externa-descuidar-gente\\\/\"},\"author\":{\"name\":\"Gabriel Sales\",\"@id\":\"https:\\\/\\\/exaudi.org\\\/#\\\/schema\\\/person\\\/d134b96438278131ce90c90c03fda6cd\"},\"headline\":\"Argentina: Solucionar la deuda externa sin descuidar a la gente\",\"datePublished\":\"2022-02-14T11:02:39+00:00\",\"dateModified\":\"2022-02-14T15:38:48+00:00\",\"mainEntityOfPage\":{\"@id\":\"https:\\\/\\\/exaudi.org\\\/es\\\/argentina-solucionar-deuda-externa-descuidar-gente\\\/\"},\"wordCount\":380,\"image\":{\"@id\":\"https:\\\/\\\/exaudi.org\\\/es\\\/argentina-solucionar-deuda-externa-descuidar-gente\\\/#primaryimage\"},\"thumbnailUrl\":\"https:\\\/\\\/exaudi.org\\\/wp-content\\\/uploads\\\/2022\\\/02\\\/SDFSFD56465.jpeg\",\"keywords\":[\"Conferencia Episcopal Argentina (CEA)\",\"economia\",\"Pastoral social\"],\"articleSection\":[\"Iglesia Local\"],\"inLanguage\":\"es\"},{\"@type\":\"WebPage\",\"@id\":\"https:\\\/\\\/exaudi.org\\\/es\\\/argentina-solucionar-deuda-externa-descuidar-gente\\\/\",\"url\":\"https:\\\/\\\/exaudi.org\\\/es\\\/argentina-solucionar-deuda-externa-descuidar-gente\\\/\",\"name\":\"Argentina: Solucionar la deuda externa sin descuidar a la gente &#8211; Exaudi\",\"isPartOf\":{\"@id\":\"https:\\\/\\\/exaudi.org\\\/#website\"},\"primaryImageOfPage\":{\"@id\":\"https:\\\/\\\/exaudi.org\\\/es\\\/argentina-solucionar-deuda-externa-descuidar-gente\\\/#primaryimage\"},\"image\":{\"@id\":\"https:\\\/\\\/exaudi.org\\\/es\\\/argentina-solucionar-deuda-externa-descuidar-gente\\\/#primaryimage\"},\"thumbnailUrl\":\"https:\\\/\\\/exaudi.org\\\/wp-content\\\/uploads\\\/2022\\\/02\\\/SDFSFD56465.jpeg\",\"datePublished\":\"2022-02-14T11:02:39+00:00\",\"dateModified\":\"2022-02-14T15:38:48+00:00\",\"author\":{\"@id\":\"https:\\\/\\\/exaudi.org\\\/#\\\/schema\\\/person\\\/d134b96438278131ce90c90c03fda6cd\"},\"description\":\"Los obispos de la Comisi\u00f3n de Pastoral Social del Episcopado de Argentina han llamado a solucionar la deuda externa atendiendo a la social.\",\"breadcrumb\":{\"@id\":\"https:\\\/\\\/exaudi.org\\\/es\\\/argentina-solucionar-deuda-externa-descuidar-gente\\\/#breadcrumb\"},\"inLanguage\":\"es\",\"potentialAction\":[{\"@type\":\"ReadAction\",\"target\":[\"https:\\\/\\\/exaudi.org\\\/es\\\/argentina-solucionar-deuda-externa-descuidar-gente\\\/\"]}]},{\"@type\":\"ImageObject\",\"inLanguage\":\"es\",\"@id\":\"https:\\\/\\\/exaudi.org\\\/es\\\/argentina-solucionar-deuda-externa-descuidar-gente\\\/#primaryimage\",\"url\":\"https:\\\/\\\/exaudi.org\\\/wp-content\\\/uploads\\\/2022\\\/02\\\/SDFSFD56465.jpeg\",\"contentUrl\":\"https:\\\/\\\/exaudi.org\\\/wp-content\\\/uploads\\\/2022\\\/02\\\/SDFSFD56465.jpeg\",\"width\":1489,\"height\":838,\"caption\":\"Hombre pobre en Argentina \u00a9 Vatican Media\"},{\"@type\":\"BreadcrumbList\",\"@id\":\"https:\\\/\\\/exaudi.org\\\/es\\\/argentina-solucionar-deuda-externa-descuidar-gente\\\/#breadcrumb\",\"itemListElement\":[{\"@type\":\"ListItem\",\"position\":1,\"name\":\"Portada\",\"item\":\"https:\\\/\\\/exaudi.org\\\/es\\\/\"},{\"@type\":\"ListItem\",\"position\":2,\"name\":\"Argentina: Solucionar la deuda externa sin descuidar a la gente\"}]},{\"@type\":\"WebSite\",\"@id\":\"https:\\\/\\\/exaudi.org\\\/#website\",\"url\":\"https:\\\/\\\/exaudi.org\\\/\",\"name\":\"Exaudi\",\"description\":\"News\",\"potentialAction\":[{\"@type\":\"SearchAction\",\"target\":{\"@type\":\"EntryPoint\",\"urlTemplate\":\"https:\\\/\\\/exaudi.org\\\/?s={search_term_string}\"},\"query-input\":{\"@type\":\"PropertyValueSpecification\",\"valueRequired\":true,\"valueName\":\"search_term_string\"}}],\"inLanguage\":\"es\"},{\"@type\":\"Person\",\"@id\":\"https:\\\/\\\/exaudi.org\\\/#\\\/schema\\\/person\\\/d134b96438278131ce90c90c03fda6cd\",\"name\":\"Gabriel Sales\",\"image\":{\"@type\":\"ImageObject\",\"inLanguage\":\"es\",\"@id\":\"https:\\\/\\\/secure.gravatar.com\\\/avatar\\\/9b1269566f6a063ed26ffb3532b66a373cdde231ce5d0effb266167437fdaffd?s=96&d=mm&r=g\",\"url\":\"https:\\\/\\\/secure.gravatar.com\\\/avatar\\\/9b1269566f6a063ed26ffb3532b66a373cdde231ce5d0effb266167437fdaffd?s=96&d=mm&r=g\",\"contentUrl\":\"https:\\\/\\\/secure.gravatar.com\\\/avatar\\\/9b1269566f6a063ed26ffb3532b66a373cdde231ce5d0effb266167437fdaffd?s=96&d=mm&r=g\",\"caption\":\"Gabriel Sales\"},\"description\":\"Periodista y especialista en Comunicaci\u00f3n y Branding digital. Cin\u00e9filo y cr\u00edtico de cine y series de televisi\u00f3n.\",\"sameAs\":[\"https:\\\/\\\/www.instagram.com\\\/cine90segundos\\\/\",\"www.linkedin.com\\\/in\\\/habemusman\",\"https:\\\/\\\/x.com\\\/habemusman\",\"https:\\\/\\\/www.youtube.com\\\/channel\\\/UCVfCiOMkJ_C7T7OpyjuaLDg\"],\"url\":\"https:\\\/\\\/exaudi.org\\\/es\\\/author\\\/gsalesexaudi-org\\\/\"}]}<\/script>\n<!-- \/ Yoast SEO plugin. -->","yoast_head_json":{"title":"Argentina: Solucionar la deuda externa sin descuidar a la gente &#8211; Exaudi","description":"Los obispos de la Comisi\u00f3n de Pastoral Social del Episcopado de Argentina han llamado a solucionar la deuda externa atendiendo a la social.","robots":{"index":"index","follow":"follow","max-snippet":"max-snippet:-1","max-image-preview":"max-image-preview:large","max-video-preview":"max-video-preview:-1"},"canonical":"https:\/\/exaudi.org\/es\/argentina-solucionar-deuda-externa-descuidar-gente\/","og_locale":"es_ES","og_type":"article","og_title":"Argentina: Solucionar la deuda externa sin descuidar a la gente &#8211; Exaudi","og_description":"Los obispos de la Comisi\u00f3n de Pastoral Social del Episcopado de Argentina han llamado a solucionar la deuda externa atendiendo a la social.","og_url":"https:\/\/exaudi.org\/es\/argentina-solucionar-deuda-externa-descuidar-gente\/","og_site_name":"Exaudi","article_publisher":"https:\/\/www.facebook.com\/ExaudiNews","article_published_time":"2022-02-14T11:02:39+00:00","article_modified_time":"2022-02-14T15:38:48+00:00","og_image":[{"width":1489,"height":838,"url":"https:\/\/exaudi.org\/wp-content\/uploads\/2022\/02\/SDFSFD56465.jpeg","type":"image\/jpeg"}],"author":"Gabriel Sales","twitter_card":"summary_large_image","twitter_creator":"@habemusman","twitter_site":"@Exaudi_News","twitter_misc":{"Escrito por":"Gabriel Sales","Tiempo de lectura":"2 minutos"},"schema":{"@context":"https:\/\/schema.org","@graph":[{"@type":"Article","@id":"https:\/\/exaudi.org\/es\/argentina-solucionar-deuda-externa-descuidar-gente\/#article","isPartOf":{"@id":"https:\/\/exaudi.org\/es\/argentina-solucionar-deuda-externa-descuidar-gente\/"},"author":{"name":"Gabriel Sales","@id":"https:\/\/exaudi.org\/#\/schema\/person\/d134b96438278131ce90c90c03fda6cd"},"headline":"Argentina: Solucionar la deuda externa sin descuidar a la gente","datePublished":"2022-02-14T11:02:39+00:00","dateModified":"2022-02-14T15:38:48+00:00","mainEntityOfPage":{"@id":"https:\/\/exaudi.org\/es\/argentina-solucionar-deuda-externa-descuidar-gente\/"},"wordCount":380,"image":{"@id":"https:\/\/exaudi.org\/es\/argentina-solucionar-deuda-externa-descuidar-gente\/#primaryimage"},"thumbnailUrl":"https:\/\/exaudi.org\/wp-content\/uploads\/2022\/02\/SDFSFD56465.jpeg","keywords":["Conferencia Episcopal Argentina (CEA)","economia","Pastoral social"],"articleSection":["Iglesia Local"],"inLanguage":"es"},{"@type":"WebPage","@id":"https:\/\/exaudi.org\/es\/argentina-solucionar-deuda-externa-descuidar-gente\/","url":"https:\/\/exaudi.org\/es\/argentina-solucionar-deuda-externa-descuidar-gente\/","name":"Argentina: Solucionar la deuda externa sin descuidar a la gente &#8211; Exaudi","isPartOf":{"@id":"https:\/\/exaudi.org\/#website"},"primaryImageOfPage":{"@id":"https:\/\/exaudi.org\/es\/argentina-solucionar-deuda-externa-descuidar-gente\/#primaryimage"},"image":{"@id":"https:\/\/exaudi.org\/es\/argentina-solucionar-deuda-externa-descuidar-gente\/#primaryimage"},"thumbnailUrl":"https:\/\/exaudi.org\/wp-content\/uploads\/2022\/02\/SDFSFD56465.jpeg","datePublished":"2022-02-14T11:02:39+00:00","dateModified":"2022-02-14T15:38:48+00:00","author":{"@id":"https:\/\/exaudi.org\/#\/schema\/person\/d134b96438278131ce90c90c03fda6cd"},"description":"Los obispos de la Comisi\u00f3n de Pastoral Social del Episcopado de Argentina han llamado a solucionar la deuda externa atendiendo a la social.","breadcrumb":{"@id":"https:\/\/exaudi.org\/es\/argentina-solucionar-deuda-externa-descuidar-gente\/#breadcrumb"},"inLanguage":"es","potentialAction":[{"@type":"ReadAction","target":["https:\/\/exaudi.org\/es\/argentina-solucionar-deuda-externa-descuidar-gente\/"]}]},{"@type":"ImageObject","inLanguage":"es","@id":"https:\/\/exaudi.org\/es\/argentina-solucionar-deuda-externa-descuidar-gente\/#primaryimage","url":"https:\/\/exaudi.org\/wp-content\/uploads\/2022\/02\/SDFSFD56465.jpeg","contentUrl":"https:\/\/exaudi.org\/wp-content\/uploads\/2022\/02\/SDFSFD56465.jpeg","width":1489,"height":838,"caption":"Hombre pobre en Argentina \u00a9 Vatican Media"},{"@type":"BreadcrumbList","@id":"https:\/\/exaudi.org\/es\/argentina-solucionar-deuda-externa-descuidar-gente\/#breadcrumb","itemListElement":[{"@type":"ListItem","position":1,"name":"Portada","item":"https:\/\/exaudi.org\/es\/"},{"@type":"ListItem","position":2,"name":"Argentina: Solucionar la deuda externa sin descuidar a la gente"}]},{"@type":"WebSite","@id":"https:\/\/exaudi.org\/#website","url":"https:\/\/exaudi.org\/","name":"Exaudi","description":"News","potentialAction":[{"@type":"SearchAction","target":{"@type":"EntryPoint","urlTemplate":"https:\/\/exaudi.org\/?s={search_term_string}"},"query-input":{"@type":"PropertyValueSpecification","valueRequired":true,"valueName":"search_term_string"}}],"inLanguage":"es"},{"@type":"Person","@id":"https:\/\/exaudi.org\/#\/schema\/person\/d134b96438278131ce90c90c03fda6cd","name":"Gabriel Sales","image":{"@type":"ImageObject","inLanguage":"es","@id":"https:\/\/secure.gravatar.com\/avatar\/9b1269566f6a063ed26ffb3532b66a373cdde231ce5d0effb266167437fdaffd?s=96&d=mm&r=g","url":"https:\/\/secure.gravatar.com\/avatar\/9b1269566f6a063ed26ffb3532b66a373cdde231ce5d0effb266167437fdaffd?s=96&d=mm&r=g","contentUrl":"https:\/\/secure.gravatar.com\/avatar\/9b1269566f6a063ed26ffb3532b66a373cdde231ce5d0effb266167437fdaffd?s=96&d=mm&r=g","caption":"Gabriel Sales"},"description":"Periodista y especialista en Comunicaci\u00f3n y Branding digital. Cin\u00e9filo y cr\u00edtico de cine y series de televisi\u00f3n.","sameAs":["https:\/\/www.instagram.com\/cine90segundos\/","www.linkedin.com\/in\/habemusman","https:\/\/x.com\/habemusman","https:\/\/www.youtube.com\/channel\/UCVfCiOMkJ_C7T7OpyjuaLDg"],"url":"https:\/\/exaudi.org\/es\/author\/gsalesexaudi-org\/"}]}},"jetpack_featured_media_url":"https:\/\/exaudi.org\/wp-content\/uploads\/2022\/02\/SDFSFD56465.jpeg","jetpack_shortlink":"https:\/\/wp.me\/pgKjF2-dwP","_links":{"self":[{"href":"https:\/\/exaudi.org\/es\/wp-json\/wp\/v2\/posts\/52007","targetHints":{"allow":["GET"]}}],"collection":[{"href":"https:\/\/exaudi.org\/es\/wp-json\/wp\/v2\/posts"}],"about":[{"href":"https:\/\/exaudi.org\/es\/wp-json\/wp\/v2\/types\/post"}],"author":[{"embeddable":true,"href":"https:\/\/exaudi.org\/es\/wp-json\/wp\/v2\/users\/6"}],"replies":[{"embeddable":true,"href":"https:\/\/exaudi.org\/es\/wp-json\/wp\/v2\/comments?post=52007"}],"version-history":[{"count":0,"href":"https:\/\/exaudi.org\/es\/wp-json\/wp\/v2\/posts\/52007\/revisions"}],"wp:featuredmedia":[{"embeddable":true,"href":"https:\/\/exaudi.org\/es\/wp-json\/wp\/v2\/media\/52025"}],"wp:attachment":[{"href":"https:\/\/exaudi.org\/es\/wp-json\/wp\/v2\/media?parent=52007"}],"wp:term":[{"taxonomy":"category","embeddable":true,"href":"https:\/\/exaudi.org\/es\/wp-json\/wp\/v2\/categories?post=52007"},{"taxonomy":"post_tag","embeddable":true,"href":"https:\/\/exaudi.org\/es\/wp-json\/wp\/v2\/tags?post=52007"}],"curies":[{"name":"wp","href":"https:\/\/api.w.org\/{rel}","templated":true}]}}