{"id":51929,"date":"2022-02-11T12:20:45","date_gmt":"2022-02-11T11:20:45","guid":{"rendered":"https:\/\/exaudi.org\/?p=51929"},"modified":"2022-02-11T13:15:57","modified_gmt":"2022-02-11T12:15:57","slug":"eeuu-obispos-labor-escuelas-catolicas","status":"publish","type":"post","link":"https:\/\/exaudi.org\/es\/eeuu-obispos-labor-escuelas-catolicas\/","title":{"rendered":"Estados Unidos: Obispos ensalzan la labor de las escuelas cat\u00f3licas"},"content":{"rendered":"<p>Monse\u00f1or Thomas Anthony Daly, obispo de la ciudad de Spokane, Washington, y presidente del Comit\u00e9 de Educaci\u00f3n de la <a href=\"https:\/\/www.usccb.org\/es\" target=\"_blank\" rel=\"noopener\">Conferencia de Obispos Cat\u00f3licos de los Estados Unidos (USCCB)<\/a>, ha escrito un mensaje con motivo de la celebraci\u00f3n anual de la Semana Nacional de las Escuelas Cat\u00f3licas, que finaliz\u00f3 el pasado 5 de febrero, en el que reconoce la gran labor que las escuelas cat\u00f3licas realizan con el alumnado.<\/p>\n<h2>Aportes de la educaci\u00f3n cat\u00f3lica<\/h2>\n<p>El prelado californiano apunta que estos centros \u201cproporcionan a la naci\u00f3n un modelo de <a href=\"https:\/\/exaudi.org\/es\/educacion-aplazar-la-gratificacion-un-reto-para-los-ninos-de-hoy\/\" target=\"_blank\" rel=\"noopener\">educaci\u00f3n<\/a> y formaci\u00f3n que comienza con una comprensi\u00f3n profunda y completa de la naturaleza de la persona humana, y ve como su fin el florecimiento, y en \u00faltima instancia, la salvaci\u00f3n de cada persona\u201d.<\/p>\n<p>Y tambi\u00e9n que \u201cforman a los alumnos en la humildad, la sabidur\u00eda y la virtud para que puedan reconocer y amar lo que es verdadero, bueno y bello. Esto se convierte en el fundamento de una vida ordenada al servicio de Dios y de los dem\u00e1s, una libertad en Cristo que el mundo por s\u00ed solo no puede proporcionar\u201d.<\/p>\n<p>Seguidamente, tras aplaudir al Congreso por su reconocimiento del impacto de la educaci\u00f3n cat\u00f3lica en la sociedad, Daly explica que esta ense\u00f1anza \u201cinculca el amor a la comunidad y a la patria con graduados que contribuyen a la sociedad civil en todos los niveles, sobre todo entre los l\u00edderes de nuestra naci\u00f3n, incluso en los niveles m\u00e1s altos del gobierno y del servicio p\u00fablico\u201d.<\/p>\n<h2>Reconocimiento de Congreso y Senado<\/h2>\n<p>Seg\u00fan el comunicado, la resoluci\u00f3n bipartidista de la C\u00e1mara (aportes presentados por Darin LaHood y Richard Neal) y el Senado (representados por los senadores Pat Toomey y Bob Casey) de la naci\u00f3n destaca los valores a\u00f1adidos aportados por las escuelas cat\u00f3licas y por ello resuelve en su favor el apoyo a \u201cla dedicaci\u00f3n de las escuelas cat\u00f3licas, los estudiantes, los padres y los profesores de todo Estados Unidos hacia la excelencia acad\u00e9mica, y el papel clave que desempe\u00f1an en la promoci\u00f3n y la garant\u00eda de un futuro m\u00e1s brillante y m\u00e1s fuerte para la Naci\u00f3n\u201d.<\/p>\n<p>Los datos actualizados de la Asociaci\u00f3n Nacional de Educaci\u00f3n Cat\u00f3lica (NCEA) muestra que la inscripci\u00f3n de estudiantes de escuelas cat\u00f3licas para el a\u00f1o escolar 2020-21 es de casi 1.650.000 en m\u00e1s de 6.000 escuelas, incluyendo el 21,4 por ciento de estudiantes de minor\u00edas raciales, el 18,6 por ciento de herencia hispana y el 20,1 por ciento de familias no cat\u00f3licas. Desafortunadamente, indican, la pandemia de COVID-19 ha tenido un impacto devastador en las escuelas cat\u00f3licas, y m\u00e1s de 200 escuelas han cerrado permanentemente en 2020, y 71 escuelas cerraron permanentemente en 2021.<\/p>\n","protected":false},"excerpt":{"rendered":"<p>Reconocimiento de su aporte al pa\u00eds<\/p>\n","protected":false},"author":6,"featured_media":51931,"comment_status":"closed","ping_status":"closed","sticky":false,"template":"","format":"standard","meta":{"_acf_changed":false,"_crdt_document":"","inline_featured_image":false,"footnotes":""},"categories":[82,86],"tags":[2501,1854,1665],"class_list":["post-51929","post","type-post","status-publish","format-standard","has-post-thumbnail","hentry","category-educacion","category-iglesia-local","tag-conferencia-de-obispos-catolicos-de-estados-unidos-usccb","tag-educacion","tag-escuelas-catolicas"],"acf":[],"yoast_head":"<!-- This site is optimized with the Yoast SEO plugin v27.4 - https:\/\/yoast.com\/product\/yoast-seo-wordpress\/ -->\n<title>Estados Unidos: Obispos ensalzan la labor de las escuelas cat\u00f3licas<\/title>\n<meta name=\"description\" content=\"A trav\u00e9s de un comunicado, los obispos de Estados Unidos ensalzan los aportes que las escuelas cat\u00f3licas hacen a la educaci\u00f3n del pa\u00eds.\" \/>\n<meta name=\"robots\" content=\"index, follow, max-snippet:-1, max-image-preview:large, max-video-preview:-1\" \/>\n<link rel=\"canonical\" href=\"https:\/\/exaudi.org\/es\/eeuu-obispos-labor-escuelas-catolicas\/\" \/>\n<meta property=\"og:locale\" content=\"es_ES\" \/>\n<meta property=\"og:type\" content=\"article\" \/>\n<meta property=\"og:title\" content=\"Estados Unidos: Obispos ensalzan la labor de las escuelas cat\u00f3licas\" \/>\n<meta property=\"og:description\" content=\"A trav\u00e9s de un comunicado, los obispos de Estados Unidos ensalzan los aportes que las escuelas cat\u00f3licas hacen a la educaci\u00f3n del pa\u00eds.\" \/>\n<meta property=\"og:url\" content=\"https:\/\/exaudi.org\/es\/eeuu-obispos-labor-escuelas-catolicas\/\" \/>\n<meta property=\"og:site_name\" content=\"Exaudi\" \/>\n<meta property=\"article:publisher\" content=\"https:\/\/www.facebook.com\/ExaudiNews\" \/>\n<meta property=\"article:published_time\" content=\"2022-02-11T11:20:45+00:00\" \/>\n<meta property=\"article:modified_time\" content=\"2022-02-11T12:15:57+00:00\" \/>\n<meta property=\"og:image\" content=\"https:\/\/exaudi.org\/wp-content\/uploads\/2022\/02\/87as9dsa.jpeg\" \/>\n\t<meta property=\"og:image:width\" content=\"1477\" \/>\n\t<meta property=\"og:image:height\" content=\"831\" \/>\n\t<meta property=\"og:image:type\" content=\"image\/jpeg\" \/>\n<meta name=\"author\" content=\"Gabriel Sales\" \/>\n<meta name=\"twitter:card\" content=\"summary_large_image\" \/>\n<meta name=\"twitter:creator\" content=\"@habemusman\" \/>\n<meta name=\"twitter:site\" content=\"@Exaudi_News\" \/>\n<meta name=\"twitter:label1\" content=\"Escrito por\" \/>\n\t<meta name=\"twitter:data1\" content=\"Gabriel Sales\" \/>\n\t<meta name=\"twitter:label2\" content=\"Tiempo de lectura\" \/>\n\t<meta name=\"twitter:data2\" content=\"2 minutos\" \/>\n<script type=\"application\/ld+json\" class=\"yoast-schema-graph\">{\"@context\":\"https:\\\/\\\/schema.org\",\"@graph\":[{\"@type\":\"Article\",\"@id\":\"https:\\\/\\\/exaudi.org\\\/es\\\/eeuu-obispos-labor-escuelas-catolicas\\\/#article\",\"isPartOf\":{\"@id\":\"https:\\\/\\\/exaudi.org\\\/es\\\/eeuu-obispos-labor-escuelas-catolicas\\\/\"},\"author\":{\"name\":\"Gabriel Sales\",\"@id\":\"https:\\\/\\\/exaudi.org\\\/#\\\/schema\\\/person\\\/d134b96438278131ce90c90c03fda6cd\"},\"headline\":\"Estados Unidos: Obispos ensalzan la labor de las escuelas cat\u00f3licas\",\"datePublished\":\"2022-02-11T11:20:45+00:00\",\"dateModified\":\"2022-02-11T12:15:57+00:00\",\"mainEntityOfPage\":{\"@id\":\"https:\\\/\\\/exaudi.org\\\/es\\\/eeuu-obispos-labor-escuelas-catolicas\\\/\"},\"wordCount\":486,\"image\":{\"@id\":\"https:\\\/\\\/exaudi.org\\\/es\\\/eeuu-obispos-labor-escuelas-catolicas\\\/#primaryimage\"},\"thumbnailUrl\":\"https:\\\/\\\/exaudi.org\\\/wp-content\\\/uploads\\\/2022\\\/02\\\/87as9dsa.jpeg\",\"keywords\":[\"Conferencia de Obispos Cat\u00f3licos de Estados Unidos (USCCB)\",\"Educaci\u00f3n\",\"Escuelas cat\u00f3licas\"],\"articleSection\":[\"Educaci\u00f3n\",\"Iglesia Local\"],\"inLanguage\":\"es\"},{\"@type\":\"WebPage\",\"@id\":\"https:\\\/\\\/exaudi.org\\\/es\\\/eeuu-obispos-labor-escuelas-catolicas\\\/\",\"url\":\"https:\\\/\\\/exaudi.org\\\/es\\\/eeuu-obispos-labor-escuelas-catolicas\\\/\",\"name\":\"Estados Unidos: Obispos ensalzan la labor de las escuelas cat\u00f3licas\",\"isPartOf\":{\"@id\":\"https:\\\/\\\/exaudi.org\\\/#website\"},\"primaryImageOfPage\":{\"@id\":\"https:\\\/\\\/exaudi.org\\\/es\\\/eeuu-obispos-labor-escuelas-catolicas\\\/#primaryimage\"},\"image\":{\"@id\":\"https:\\\/\\\/exaudi.org\\\/es\\\/eeuu-obispos-labor-escuelas-catolicas\\\/#primaryimage\"},\"thumbnailUrl\":\"https:\\\/\\\/exaudi.org\\\/wp-content\\\/uploads\\\/2022\\\/02\\\/87as9dsa.jpeg\",\"datePublished\":\"2022-02-11T11:20:45+00:00\",\"dateModified\":\"2022-02-11T12:15:57+00:00\",\"author\":{\"@id\":\"https:\\\/\\\/exaudi.org\\\/#\\\/schema\\\/person\\\/d134b96438278131ce90c90c03fda6cd\"},\"description\":\"A trav\u00e9s de un comunicado, los obispos de Estados Unidos ensalzan los aportes que las escuelas cat\u00f3licas hacen a la educaci\u00f3n del pa\u00eds.\",\"breadcrumb\":{\"@id\":\"https:\\\/\\\/exaudi.org\\\/es\\\/eeuu-obispos-labor-escuelas-catolicas\\\/#breadcrumb\"},\"inLanguage\":\"es\",\"potentialAction\":[{\"@type\":\"ReadAction\",\"target\":[\"https:\\\/\\\/exaudi.org\\\/es\\\/eeuu-obispos-labor-escuelas-catolicas\\\/\"]}]},{\"@type\":\"ImageObject\",\"inLanguage\":\"es\",\"@id\":\"https:\\\/\\\/exaudi.org\\\/es\\\/eeuu-obispos-labor-escuelas-catolicas\\\/#primaryimage\",\"url\":\"https:\\\/\\\/exaudi.org\\\/wp-content\\\/uploads\\\/2022\\\/02\\\/87as9dsa.jpeg\",\"contentUrl\":\"https:\\\/\\\/exaudi.org\\\/wp-content\\\/uploads\\\/2022\\\/02\\\/87as9dsa.jpeg\",\"width\":1477,\"height\":831,\"caption\":\"Escuela cat\u00f3lica de Estados Unidos \u00a9 Vatican Media\"},{\"@type\":\"BreadcrumbList\",\"@id\":\"https:\\\/\\\/exaudi.org\\\/es\\\/eeuu-obispos-labor-escuelas-catolicas\\\/#breadcrumb\",\"itemListElement\":[{\"@type\":\"ListItem\",\"position\":1,\"name\":\"Portada\",\"item\":\"https:\\\/\\\/exaudi.org\\\/es\\\/\"},{\"@type\":\"ListItem\",\"position\":2,\"name\":\"Estados Unidos: Obispos ensalzan la labor de las escuelas cat\u00f3licas\"}]},{\"@type\":\"WebSite\",\"@id\":\"https:\\\/\\\/exaudi.org\\\/#website\",\"url\":\"https:\\\/\\\/exaudi.org\\\/\",\"name\":\"Exaudi\",\"description\":\"News\",\"potentialAction\":[{\"@type\":\"SearchAction\",\"target\":{\"@type\":\"EntryPoint\",\"urlTemplate\":\"https:\\\/\\\/exaudi.org\\\/?s={search_term_string}\"},\"query-input\":{\"@type\":\"PropertyValueSpecification\",\"valueRequired\":true,\"valueName\":\"search_term_string\"}}],\"inLanguage\":\"es\"},{\"@type\":\"Person\",\"@id\":\"https:\\\/\\\/exaudi.org\\\/#\\\/schema\\\/person\\\/d134b96438278131ce90c90c03fda6cd\",\"name\":\"Gabriel Sales\",\"image\":{\"@type\":\"ImageObject\",\"inLanguage\":\"es\",\"@id\":\"https:\\\/\\\/secure.gravatar.com\\\/avatar\\\/9b1269566f6a063ed26ffb3532b66a373cdde231ce5d0effb266167437fdaffd?s=96&d=mm&r=g\",\"url\":\"https:\\\/\\\/secure.gravatar.com\\\/avatar\\\/9b1269566f6a063ed26ffb3532b66a373cdde231ce5d0effb266167437fdaffd?s=96&d=mm&r=g\",\"contentUrl\":\"https:\\\/\\\/secure.gravatar.com\\\/avatar\\\/9b1269566f6a063ed26ffb3532b66a373cdde231ce5d0effb266167437fdaffd?s=96&d=mm&r=g\",\"caption\":\"Gabriel Sales\"},\"description\":\"Periodista y especialista en Comunicaci\u00f3n y Branding digital. Cin\u00e9filo y cr\u00edtico de cine y series de televisi\u00f3n.\",\"sameAs\":[\"https:\\\/\\\/www.instagram.com\\\/cine90segundos\\\/\",\"www.linkedin.com\\\/in\\\/habemusman\",\"https:\\\/\\\/x.com\\\/habemusman\",\"https:\\\/\\\/www.youtube.com\\\/channel\\\/UCVfCiOMkJ_C7T7OpyjuaLDg\"],\"url\":\"https:\\\/\\\/exaudi.org\\\/es\\\/author\\\/gsalesexaudi-org\\\/\"}]}<\/script>\n<!-- \/ Yoast SEO plugin. -->","yoast_head_json":{"title":"Estados Unidos: Obispos ensalzan la labor de las escuelas cat\u00f3licas","description":"A trav\u00e9s de un comunicado, los obispos de Estados Unidos ensalzan los aportes que las escuelas cat\u00f3licas hacen a la educaci\u00f3n del pa\u00eds.","robots":{"index":"index","follow":"follow","max-snippet":"max-snippet:-1","max-image-preview":"max-image-preview:large","max-video-preview":"max-video-preview:-1"},"canonical":"https:\/\/exaudi.org\/es\/eeuu-obispos-labor-escuelas-catolicas\/","og_locale":"es_ES","og_type":"article","og_title":"Estados Unidos: Obispos ensalzan la labor de las escuelas cat\u00f3licas","og_description":"A trav\u00e9s de un comunicado, los obispos de Estados Unidos ensalzan los aportes que las escuelas cat\u00f3licas hacen a la educaci\u00f3n del pa\u00eds.","og_url":"https:\/\/exaudi.org\/es\/eeuu-obispos-labor-escuelas-catolicas\/","og_site_name":"Exaudi","article_publisher":"https:\/\/www.facebook.com\/ExaudiNews","article_published_time":"2022-02-11T11:20:45+00:00","article_modified_time":"2022-02-11T12:15:57+00:00","og_image":[{"width":1477,"height":831,"url":"https:\/\/exaudi.org\/wp-content\/uploads\/2022\/02\/87as9dsa.jpeg","type":"image\/jpeg"}],"author":"Gabriel Sales","twitter_card":"summary_large_image","twitter_creator":"@habemusman","twitter_site":"@Exaudi_News","twitter_misc":{"Escrito por":"Gabriel Sales","Tiempo de lectura":"2 minutos"},"schema":{"@context":"https:\/\/schema.org","@graph":[{"@type":"Article","@id":"https:\/\/exaudi.org\/es\/eeuu-obispos-labor-escuelas-catolicas\/#article","isPartOf":{"@id":"https:\/\/exaudi.org\/es\/eeuu-obispos-labor-escuelas-catolicas\/"},"author":{"name":"Gabriel Sales","@id":"https:\/\/exaudi.org\/#\/schema\/person\/d134b96438278131ce90c90c03fda6cd"},"headline":"Estados Unidos: Obispos ensalzan la labor de las escuelas cat\u00f3licas","datePublished":"2022-02-11T11:20:45+00:00","dateModified":"2022-02-11T12:15:57+00:00","mainEntityOfPage":{"@id":"https:\/\/exaudi.org\/es\/eeuu-obispos-labor-escuelas-catolicas\/"},"wordCount":486,"image":{"@id":"https:\/\/exaudi.org\/es\/eeuu-obispos-labor-escuelas-catolicas\/#primaryimage"},"thumbnailUrl":"https:\/\/exaudi.org\/wp-content\/uploads\/2022\/02\/87as9dsa.jpeg","keywords":["Conferencia de Obispos Cat\u00f3licos de Estados Unidos (USCCB)","Educaci\u00f3n","Escuelas cat\u00f3licas"],"articleSection":["Educaci\u00f3n","Iglesia Local"],"inLanguage":"es"},{"@type":"WebPage","@id":"https:\/\/exaudi.org\/es\/eeuu-obispos-labor-escuelas-catolicas\/","url":"https:\/\/exaudi.org\/es\/eeuu-obispos-labor-escuelas-catolicas\/","name":"Estados Unidos: Obispos ensalzan la labor de las escuelas cat\u00f3licas","isPartOf":{"@id":"https:\/\/exaudi.org\/#website"},"primaryImageOfPage":{"@id":"https:\/\/exaudi.org\/es\/eeuu-obispos-labor-escuelas-catolicas\/#primaryimage"},"image":{"@id":"https:\/\/exaudi.org\/es\/eeuu-obispos-labor-escuelas-catolicas\/#primaryimage"},"thumbnailUrl":"https:\/\/exaudi.org\/wp-content\/uploads\/2022\/02\/87as9dsa.jpeg","datePublished":"2022-02-11T11:20:45+00:00","dateModified":"2022-02-11T12:15:57+00:00","author":{"@id":"https:\/\/exaudi.org\/#\/schema\/person\/d134b96438278131ce90c90c03fda6cd"},"description":"A trav\u00e9s de un comunicado, los obispos de Estados Unidos ensalzan los aportes que las escuelas cat\u00f3licas hacen a la educaci\u00f3n del pa\u00eds.","breadcrumb":{"@id":"https:\/\/exaudi.org\/es\/eeuu-obispos-labor-escuelas-catolicas\/#breadcrumb"},"inLanguage":"es","potentialAction":[{"@type":"ReadAction","target":["https:\/\/exaudi.org\/es\/eeuu-obispos-labor-escuelas-catolicas\/"]}]},{"@type":"ImageObject","inLanguage":"es","@id":"https:\/\/exaudi.org\/es\/eeuu-obispos-labor-escuelas-catolicas\/#primaryimage","url":"https:\/\/exaudi.org\/wp-content\/uploads\/2022\/02\/87as9dsa.jpeg","contentUrl":"https:\/\/exaudi.org\/wp-content\/uploads\/2022\/02\/87as9dsa.jpeg","width":1477,"height":831,"caption":"Escuela cat\u00f3lica de Estados Unidos \u00a9 Vatican Media"},{"@type":"BreadcrumbList","@id":"https:\/\/exaudi.org\/es\/eeuu-obispos-labor-escuelas-catolicas\/#breadcrumb","itemListElement":[{"@type":"ListItem","position":1,"name":"Portada","item":"https:\/\/exaudi.org\/es\/"},{"@type":"ListItem","position":2,"name":"Estados Unidos: Obispos ensalzan la labor de las escuelas cat\u00f3licas"}]},{"@type":"WebSite","@id":"https:\/\/exaudi.org\/#website","url":"https:\/\/exaudi.org\/","name":"Exaudi","description":"News","potentialAction":[{"@type":"SearchAction","target":{"@type":"EntryPoint","urlTemplate":"https:\/\/exaudi.org\/?s={search_term_string}"},"query-input":{"@type":"PropertyValueSpecification","valueRequired":true,"valueName":"search_term_string"}}],"inLanguage":"es"},{"@type":"Person","@id":"https:\/\/exaudi.org\/#\/schema\/person\/d134b96438278131ce90c90c03fda6cd","name":"Gabriel Sales","image":{"@type":"ImageObject","inLanguage":"es","@id":"https:\/\/secure.gravatar.com\/avatar\/9b1269566f6a063ed26ffb3532b66a373cdde231ce5d0effb266167437fdaffd?s=96&d=mm&r=g","url":"https:\/\/secure.gravatar.com\/avatar\/9b1269566f6a063ed26ffb3532b66a373cdde231ce5d0effb266167437fdaffd?s=96&d=mm&r=g","contentUrl":"https:\/\/secure.gravatar.com\/avatar\/9b1269566f6a063ed26ffb3532b66a373cdde231ce5d0effb266167437fdaffd?s=96&d=mm&r=g","caption":"Gabriel Sales"},"description":"Periodista y especialista en Comunicaci\u00f3n y Branding digital. Cin\u00e9filo y cr\u00edtico de cine y series de televisi\u00f3n.","sameAs":["https:\/\/www.instagram.com\/cine90segundos\/","www.linkedin.com\/in\/habemusman","https:\/\/x.com\/habemusman","https:\/\/www.youtube.com\/channel\/UCVfCiOMkJ_C7T7OpyjuaLDg"],"url":"https:\/\/exaudi.org\/es\/author\/gsalesexaudi-org\/"}]}},"jetpack_featured_media_url":"https:\/\/exaudi.org\/wp-content\/uploads\/2022\/02\/87as9dsa.jpeg","jetpack_shortlink":"https:\/\/wp.me\/pgKjF2-dvz","_links":{"self":[{"href":"https:\/\/exaudi.org\/es\/wp-json\/wp\/v2\/posts\/51929","targetHints":{"allow":["GET"]}}],"collection":[{"href":"https:\/\/exaudi.org\/es\/wp-json\/wp\/v2\/posts"}],"about":[{"href":"https:\/\/exaudi.org\/es\/wp-json\/wp\/v2\/types\/post"}],"author":[{"embeddable":true,"href":"https:\/\/exaudi.org\/es\/wp-json\/wp\/v2\/users\/6"}],"replies":[{"embeddable":true,"href":"https:\/\/exaudi.org\/es\/wp-json\/wp\/v2\/comments?post=51929"}],"version-history":[{"count":0,"href":"https:\/\/exaudi.org\/es\/wp-json\/wp\/v2\/posts\/51929\/revisions"}],"wp:featuredmedia":[{"embeddable":true,"href":"https:\/\/exaudi.org\/es\/wp-json\/wp\/v2\/media\/51931"}],"wp:attachment":[{"href":"https:\/\/exaudi.org\/es\/wp-json\/wp\/v2\/media?parent=51929"}],"wp:term":[{"taxonomy":"category","embeddable":true,"href":"https:\/\/exaudi.org\/es\/wp-json\/wp\/v2\/categories?post=51929"},{"taxonomy":"post_tag","embeddable":true,"href":"https:\/\/exaudi.org\/es\/wp-json\/wp\/v2\/tags?post=51929"}],"curies":[{"name":"wp","href":"https:\/\/api.w.org\/{rel}","templated":true}]}}