{"id":51848,"date":"2022-02-10T12:53:05","date_gmt":"2022-02-10T11:53:05","guid":{"rendered":"https:\/\/exaudi.org\/?p=51848"},"modified":"2022-02-11T09:24:31","modified_gmt":"2022-02-11T08:24:31","slug":"el-papa-francisco-viajara-a-malta-en-abril","status":"publish","type":"post","link":"https:\/\/exaudi.org\/es\/el-papa-francisco-viajara-a-malta-en-abril\/","title":{"rendered":"El Papa Francisco viajar\u00e1 a Malta en abril"},"content":{"rendered":"<p>El Papa Francisco viajar\u00e1 a Malta del 2 al 3 de abril de 2022, anuncia Matteo Bruni, director de la Oficina de Prensa de la Santa Sede.<\/p>\n<p>\u201cAceptando la invitaci\u00f3n del presidente de la Rep\u00fablica de Malta, de las autoridades civiles y de la Iglesia Cat\u00f3lica del pa\u00eds, Su Santidad el Papa Francisco realizar\u00e1 un Viaje Apost\u00f3lico a Malta del 2 al 3 de abril de 2022\u201d, explica Bruni en su declaraci\u00f3n difundida este 10 de febrero de 2021. Est\u00e1 previsto que el Santo Padre visite \u201clas ciudades de La Valeta, Rabat, Floriana y la isla de Gozo\u201d.<\/p>\n<p>El Papa Francisco ser\u00e1 el tercer Pont\u00edfice que visita Malta despu\u00e9s de san Juan Pablo II, en dos ocasiones, en 1990 y 2001, y de Benedicto XVI, los d\u00edas 17 y 18 de abril de 2010.<\/p>\n<h2><strong>Visita aplazada<\/strong><\/h2>\n<p>La visita a Malta estaba prevista para finales de mayo de 2020. Luego, por desgracia, debido a la propagaci\u00f3n de la pandemia de la COVID-19, se decidi\u00f3 prudentemente posponer el viaje. Finalmente, este se ha programado para principios de la primavera, durante la Cuaresma.<\/p>\n<h2><strong>\u201cPrimero a los pa\u00edses m\u00e1s chicos\u201d<\/strong><\/h2>\n<p>En la <a href=\"https:\/\/exaudi.wpengine.com\/es\/chipre-grecia-y-malta-proximos-viajes-del-papa\/\">entrevista con el periodista espa\u00f1ol Carlos Herrera<\/a>, en el mes de septiembre, el comunicador anim\u00f3 al Santo Padre a conocer la Semana Santa de la ciudad espa\u00f1ola de Sevilla.<\/p>\n<p>Aunque el Obispo de Roma reconoci\u00f3 que tiene \u201cmucha\u201d curiosidad por verla, aclar\u00f3 que \u201cmi opci\u00f3n hasta ahora de viaje a Europa son los pa\u00edses chicos. Primero fue Albania y luego todos los pa\u00edses eran peque\u00f1os. Ahora est\u00e1 en programa Eslovaquia, despu\u00e9s Chipre, Grecia y Malta. Quise tomar esa opci\u00f3n: primero a los pa\u00edses m\u00e1s chicos\u201d.<\/p>\n<p>Con este viaje apost\u00f3lico a Malta se cumplen todos los destinos apuntados entonces por Francisco.<\/p>\n<p>Con <a href=\"https:\/\/exaudi.org\/it\/il-papa-visitera-malta-ad-aprile\/\" target=\"_blank\" rel=\"noopener\">Andrea Acali<\/a><\/p>\n","protected":false},"excerpt":{"rendered":"<p>Confirmado por la Oficina de Prensa de la Santa Sede. Francisco estar\u00e1 all\u00ed el 2 y 3 de abril<\/p>\n","protected":false},"author":5,"featured_media":51860,"comment_status":"closed","ping_status":"closed","sticky":false,"template":"","format":"standard","meta":{"_acf_changed":false,"_crdt_document":"","inline_featured_image":false,"footnotes":""},"categories":[68,120,126],"tags":[2419,3932,158],"class_list":["post-51848","post","type-post","status-publish","format-standard","has-post-thumbnail","hentry","category-leon-xiv","category-viajes","category-viajes-papales","tag-featured","tag-malta","tag-papa-francisco"],"acf":[],"yoast_head":"<!-- This site is optimized with the Yoast SEO plugin v27.4 - https:\/\/yoast.com\/product\/yoast-seo-wordpress\/ -->\n<title>El Papa Francisco viajar\u00e1 a Malta en abril &#8211; Exaudi<\/title>\n<meta name=\"description\" content=\"El Papa Francisco viajar\u00e1 a Malta del 2 al 3 de abril de 2022, anuncia Matteo Bruni, director de la Oficina de Prensa de la Santa Sede.\" \/>\n<meta name=\"robots\" content=\"index, follow, max-snippet:-1, max-image-preview:large, max-video-preview:-1\" \/>\n<link rel=\"canonical\" href=\"https:\/\/exaudi.org\/es\/el-papa-francisco-viajara-a-malta-en-abril\/\" \/>\n<meta property=\"og:locale\" content=\"es_ES\" \/>\n<meta property=\"og:type\" content=\"article\" \/>\n<meta property=\"og:title\" content=\"El Papa Francisco viajar\u00e1 a Malta en abril &#8211; Exaudi\" \/>\n<meta property=\"og:description\" content=\"El Papa Francisco viajar\u00e1 a Malta del 2 al 3 de abril de 2022, anuncia Matteo Bruni, director de la Oficina de Prensa de la Santa Sede.\" \/>\n<meta property=\"og:url\" content=\"https:\/\/exaudi.org\/es\/el-papa-francisco-viajara-a-malta-en-abril\/\" \/>\n<meta property=\"og:site_name\" content=\"Exaudi\" \/>\n<meta property=\"article:publisher\" content=\"https:\/\/www.facebook.com\/ExaudiNews\" \/>\n<meta property=\"article:published_time\" content=\"2022-02-10T11:53:05+00:00\" \/>\n<meta property=\"article:modified_time\" content=\"2022-02-11T08:24:31+00:00\" \/>\n<meta property=\"og:image\" content=\"https:\/\/exaudi.org\/wp-content\/uploads\/2022\/02\/ee.jpeg\" \/>\n\t<meta property=\"og:image:width\" content=\"1000\" \/>\n\t<meta property=\"og:image:height\" content=\"563\" \/>\n\t<meta property=\"og:image:type\" content=\"image\/jpeg\" \/>\n<meta name=\"author\" content=\"Larissa I. L\u00f3pez\" \/>\n<meta name=\"twitter:card\" content=\"summary_large_image\" \/>\n<meta name=\"twitter:creator\" content=\"@Exaudi_News\" \/>\n<meta name=\"twitter:site\" content=\"@Exaudi_News\" \/>\n<meta name=\"twitter:label1\" content=\"Escrito por\" \/>\n\t<meta name=\"twitter:data1\" content=\"Larissa I. L\u00f3pez\" \/>\n\t<meta name=\"twitter:label2\" content=\"Tiempo de lectura\" \/>\n\t<meta name=\"twitter:data2\" content=\"2 minutos\" \/>\n<script type=\"application\/ld+json\" class=\"yoast-schema-graph\">{\"@context\":\"https:\\\/\\\/schema.org\",\"@graph\":[{\"@type\":\"Article\",\"@id\":\"https:\\\/\\\/exaudi.org\\\/es\\\/el-papa-francisco-viajara-a-malta-en-abril\\\/#article\",\"isPartOf\":{\"@id\":\"https:\\\/\\\/exaudi.org\\\/es\\\/el-papa-francisco-viajara-a-malta-en-abril\\\/\"},\"author\":{\"name\":\"Larissa I. L\u00f3pez\",\"@id\":\"https:\\\/\\\/exaudi.org\\\/#\\\/schema\\\/person\\\/7d2f77db033c2c0929edfab6dbe8c588\"},\"headline\":\"El Papa Francisco viajar\u00e1 a Malta en abril\",\"datePublished\":\"2022-02-10T11:53:05+00:00\",\"dateModified\":\"2022-02-11T08:24:31+00:00\",\"mainEntityOfPage\":{\"@id\":\"https:\\\/\\\/exaudi.org\\\/es\\\/el-papa-francisco-viajara-a-malta-en-abril\\\/\"},\"wordCount\":308,\"image\":{\"@id\":\"https:\\\/\\\/exaudi.org\\\/es\\\/el-papa-francisco-viajara-a-malta-en-abril\\\/#primaryimage\"},\"thumbnailUrl\":\"https:\\\/\\\/exaudi.org\\\/wp-content\\\/uploads\\\/2022\\\/02\\\/ee.jpeg\",\"keywords\":[\"Featured\",\"Malta\",\"papa francisco\"],\"articleSection\":[\"Le\u00f3n XIV\",\"Viajes\",\"Viajes Papales\"],\"inLanguage\":\"es\"},{\"@type\":\"WebPage\",\"@id\":\"https:\\\/\\\/exaudi.org\\\/es\\\/el-papa-francisco-viajara-a-malta-en-abril\\\/\",\"url\":\"https:\\\/\\\/exaudi.org\\\/es\\\/el-papa-francisco-viajara-a-malta-en-abril\\\/\",\"name\":\"El Papa Francisco viajar\u00e1 a Malta en abril &#8211; Exaudi\",\"isPartOf\":{\"@id\":\"https:\\\/\\\/exaudi.org\\\/#website\"},\"primaryImageOfPage\":{\"@id\":\"https:\\\/\\\/exaudi.org\\\/es\\\/el-papa-francisco-viajara-a-malta-en-abril\\\/#primaryimage\"},\"image\":{\"@id\":\"https:\\\/\\\/exaudi.org\\\/es\\\/el-papa-francisco-viajara-a-malta-en-abril\\\/#primaryimage\"},\"thumbnailUrl\":\"https:\\\/\\\/exaudi.org\\\/wp-content\\\/uploads\\\/2022\\\/02\\\/ee.jpeg\",\"datePublished\":\"2022-02-10T11:53:05+00:00\",\"dateModified\":\"2022-02-11T08:24:31+00:00\",\"author\":{\"@id\":\"https:\\\/\\\/exaudi.org\\\/#\\\/schema\\\/person\\\/7d2f77db033c2c0929edfab6dbe8c588\"},\"description\":\"El Papa Francisco viajar\u00e1 a Malta del 2 al 3 de abril de 2022, anuncia Matteo Bruni, director de la Oficina de Prensa de la Santa Sede.\",\"breadcrumb\":{\"@id\":\"https:\\\/\\\/exaudi.org\\\/es\\\/el-papa-francisco-viajara-a-malta-en-abril\\\/#breadcrumb\"},\"inLanguage\":\"es\",\"potentialAction\":[{\"@type\":\"ReadAction\",\"target\":[\"https:\\\/\\\/exaudi.org\\\/es\\\/el-papa-francisco-viajara-a-malta-en-abril\\\/\"]}]},{\"@type\":\"ImageObject\",\"inLanguage\":\"es\",\"@id\":\"https:\\\/\\\/exaudi.org\\\/es\\\/el-papa-francisco-viajara-a-malta-en-abril\\\/#primaryimage\",\"url\":\"https:\\\/\\\/exaudi.org\\\/wp-content\\\/uploads\\\/2022\\\/02\\\/ee.jpeg\",\"contentUrl\":\"https:\\\/\\\/exaudi.org\\\/wp-content\\\/uploads\\\/2022\\\/02\\\/ee.jpeg\",\"width\":1000,\"height\":563,\"caption\":\"El Papa Francisco sube al avi\u00f3n papal, imagen de archivo \u00a9 Vatican Media\"},{\"@type\":\"BreadcrumbList\",\"@id\":\"https:\\\/\\\/exaudi.org\\\/es\\\/el-papa-francisco-viajara-a-malta-en-abril\\\/#breadcrumb\",\"itemListElement\":[{\"@type\":\"ListItem\",\"position\":1,\"name\":\"Portada\",\"item\":\"https:\\\/\\\/exaudi.org\\\/es\\\/\"},{\"@type\":\"ListItem\",\"position\":2,\"name\":\"El Papa Francisco viajar\u00e1 a Malta en abril\"}]},{\"@type\":\"WebSite\",\"@id\":\"https:\\\/\\\/exaudi.org\\\/#website\",\"url\":\"https:\\\/\\\/exaudi.org\\\/\",\"name\":\"Exaudi\",\"description\":\"News\",\"potentialAction\":[{\"@type\":\"SearchAction\",\"target\":{\"@type\":\"EntryPoint\",\"urlTemplate\":\"https:\\\/\\\/exaudi.org\\\/?s={search_term_string}\"},\"query-input\":{\"@type\":\"PropertyValueSpecification\",\"valueRequired\":true,\"valueName\":\"search_term_string\"}}],\"inLanguage\":\"es\"},{\"@type\":\"Person\",\"@id\":\"https:\\\/\\\/exaudi.org\\\/#\\\/schema\\\/person\\\/7d2f77db033c2c0929edfab6dbe8c588\",\"name\":\"Larissa I. L\u00f3pez\",\"image\":{\"@type\":\"ImageObject\",\"inLanguage\":\"es\",\"@id\":\"https:\\\/\\\/secure.gravatar.com\\\/avatar\\\/db3ef399ff343d0bb9d25dc5198bc8ece5ac6d621eca79876697a354dabc1e3f?s=96&d=mm&r=g\",\"url\":\"https:\\\/\\\/secure.gravatar.com\\\/avatar\\\/db3ef399ff343d0bb9d25dc5198bc8ece5ac6d621eca79876697a354dabc1e3f?s=96&d=mm&r=g\",\"contentUrl\":\"https:\\\/\\\/secure.gravatar.com\\\/avatar\\\/db3ef399ff343d0bb9d25dc5198bc8ece5ac6d621eca79876697a354dabc1e3f?s=96&d=mm&r=g\",\"caption\":\"Larissa I. L\u00f3pez\"},\"description\":\"Doctora en Comunicaci\u00f3n. Mi trayectoria profesional ha transcurrido entre el \u00e1mbito de la comunicaci\u00f3n y el de la docencia. En los \u00faltimos a\u00f1os, he trabajado como coordinadora y redactora de la edici\u00f3n de ZENIT en espa\u00f1ol. Como profesora, he impartido clases en la universidad y en centros de FP y bachillerato. Cordobesa de nacimiento, tambi\u00e9n he vivido en Sevilla, Madrid y Roma\",\"url\":\"https:\\\/\\\/exaudi.org\\\/es\\\/author\\\/llopezexaudi-org\\\/\"}]}<\/script>\n<!-- \/ Yoast SEO plugin. -->","yoast_head_json":{"title":"El Papa Francisco viajar\u00e1 a Malta en abril &#8211; Exaudi","description":"El Papa Francisco viajar\u00e1 a Malta del 2 al 3 de abril de 2022, anuncia Matteo Bruni, director de la Oficina de Prensa de la Santa Sede.","robots":{"index":"index","follow":"follow","max-snippet":"max-snippet:-1","max-image-preview":"max-image-preview:large","max-video-preview":"max-video-preview:-1"},"canonical":"https:\/\/exaudi.org\/es\/el-papa-francisco-viajara-a-malta-en-abril\/","og_locale":"es_ES","og_type":"article","og_title":"El Papa Francisco viajar\u00e1 a Malta en abril &#8211; Exaudi","og_description":"El Papa Francisco viajar\u00e1 a Malta del 2 al 3 de abril de 2022, anuncia Matteo Bruni, director de la Oficina de Prensa de la Santa Sede.","og_url":"https:\/\/exaudi.org\/es\/el-papa-francisco-viajara-a-malta-en-abril\/","og_site_name":"Exaudi","article_publisher":"https:\/\/www.facebook.com\/ExaudiNews","article_published_time":"2022-02-10T11:53:05+00:00","article_modified_time":"2022-02-11T08:24:31+00:00","og_image":[{"width":1000,"height":563,"url":"https:\/\/exaudi.org\/wp-content\/uploads\/2022\/02\/ee.jpeg","type":"image\/jpeg"}],"author":"Larissa I. L\u00f3pez","twitter_card":"summary_large_image","twitter_creator":"@Exaudi_News","twitter_site":"@Exaudi_News","twitter_misc":{"Escrito por":"Larissa I. L\u00f3pez","Tiempo de lectura":"2 minutos"},"schema":{"@context":"https:\/\/schema.org","@graph":[{"@type":"Article","@id":"https:\/\/exaudi.org\/es\/el-papa-francisco-viajara-a-malta-en-abril\/#article","isPartOf":{"@id":"https:\/\/exaudi.org\/es\/el-papa-francisco-viajara-a-malta-en-abril\/"},"author":{"name":"Larissa I. L\u00f3pez","@id":"https:\/\/exaudi.org\/#\/schema\/person\/7d2f77db033c2c0929edfab6dbe8c588"},"headline":"El Papa Francisco viajar\u00e1 a Malta en abril","datePublished":"2022-02-10T11:53:05+00:00","dateModified":"2022-02-11T08:24:31+00:00","mainEntityOfPage":{"@id":"https:\/\/exaudi.org\/es\/el-papa-francisco-viajara-a-malta-en-abril\/"},"wordCount":308,"image":{"@id":"https:\/\/exaudi.org\/es\/el-papa-francisco-viajara-a-malta-en-abril\/#primaryimage"},"thumbnailUrl":"https:\/\/exaudi.org\/wp-content\/uploads\/2022\/02\/ee.jpeg","keywords":["Featured","Malta","papa francisco"],"articleSection":["Le\u00f3n XIV","Viajes","Viajes Papales"],"inLanguage":"es"},{"@type":"WebPage","@id":"https:\/\/exaudi.org\/es\/el-papa-francisco-viajara-a-malta-en-abril\/","url":"https:\/\/exaudi.org\/es\/el-papa-francisco-viajara-a-malta-en-abril\/","name":"El Papa Francisco viajar\u00e1 a Malta en abril &#8211; Exaudi","isPartOf":{"@id":"https:\/\/exaudi.org\/#website"},"primaryImageOfPage":{"@id":"https:\/\/exaudi.org\/es\/el-papa-francisco-viajara-a-malta-en-abril\/#primaryimage"},"image":{"@id":"https:\/\/exaudi.org\/es\/el-papa-francisco-viajara-a-malta-en-abril\/#primaryimage"},"thumbnailUrl":"https:\/\/exaudi.org\/wp-content\/uploads\/2022\/02\/ee.jpeg","datePublished":"2022-02-10T11:53:05+00:00","dateModified":"2022-02-11T08:24:31+00:00","author":{"@id":"https:\/\/exaudi.org\/#\/schema\/person\/7d2f77db033c2c0929edfab6dbe8c588"},"description":"El Papa Francisco viajar\u00e1 a Malta del 2 al 3 de abril de 2022, anuncia Matteo Bruni, director de la Oficina de Prensa de la Santa Sede.","breadcrumb":{"@id":"https:\/\/exaudi.org\/es\/el-papa-francisco-viajara-a-malta-en-abril\/#breadcrumb"},"inLanguage":"es","potentialAction":[{"@type":"ReadAction","target":["https:\/\/exaudi.org\/es\/el-papa-francisco-viajara-a-malta-en-abril\/"]}]},{"@type":"ImageObject","inLanguage":"es","@id":"https:\/\/exaudi.org\/es\/el-papa-francisco-viajara-a-malta-en-abril\/#primaryimage","url":"https:\/\/exaudi.org\/wp-content\/uploads\/2022\/02\/ee.jpeg","contentUrl":"https:\/\/exaudi.org\/wp-content\/uploads\/2022\/02\/ee.jpeg","width":1000,"height":563,"caption":"El Papa Francisco sube al avi\u00f3n papal, imagen de archivo \u00a9 Vatican Media"},{"@type":"BreadcrumbList","@id":"https:\/\/exaudi.org\/es\/el-papa-francisco-viajara-a-malta-en-abril\/#breadcrumb","itemListElement":[{"@type":"ListItem","position":1,"name":"Portada","item":"https:\/\/exaudi.org\/es\/"},{"@type":"ListItem","position":2,"name":"El Papa Francisco viajar\u00e1 a Malta en abril"}]},{"@type":"WebSite","@id":"https:\/\/exaudi.org\/#website","url":"https:\/\/exaudi.org\/","name":"Exaudi","description":"News","potentialAction":[{"@type":"SearchAction","target":{"@type":"EntryPoint","urlTemplate":"https:\/\/exaudi.org\/?s={search_term_string}"},"query-input":{"@type":"PropertyValueSpecification","valueRequired":true,"valueName":"search_term_string"}}],"inLanguage":"es"},{"@type":"Person","@id":"https:\/\/exaudi.org\/#\/schema\/person\/7d2f77db033c2c0929edfab6dbe8c588","name":"Larissa I. L\u00f3pez","image":{"@type":"ImageObject","inLanguage":"es","@id":"https:\/\/secure.gravatar.com\/avatar\/db3ef399ff343d0bb9d25dc5198bc8ece5ac6d621eca79876697a354dabc1e3f?s=96&d=mm&r=g","url":"https:\/\/secure.gravatar.com\/avatar\/db3ef399ff343d0bb9d25dc5198bc8ece5ac6d621eca79876697a354dabc1e3f?s=96&d=mm&r=g","contentUrl":"https:\/\/secure.gravatar.com\/avatar\/db3ef399ff343d0bb9d25dc5198bc8ece5ac6d621eca79876697a354dabc1e3f?s=96&d=mm&r=g","caption":"Larissa I. L\u00f3pez"},"description":"Doctora en Comunicaci\u00f3n. Mi trayectoria profesional ha transcurrido entre el \u00e1mbito de la comunicaci\u00f3n y el de la docencia. En los \u00faltimos a\u00f1os, he trabajado como coordinadora y redactora de la edici\u00f3n de ZENIT en espa\u00f1ol. Como profesora, he impartido clases en la universidad y en centros de FP y bachillerato. Cordobesa de nacimiento, tambi\u00e9n he vivido en Sevilla, Madrid y Roma","url":"https:\/\/exaudi.org\/es\/author\/llopezexaudi-org\/"}]}},"jetpack_featured_media_url":"https:\/\/exaudi.org\/wp-content\/uploads\/2022\/02\/ee.jpeg","jetpack_shortlink":"https:\/\/wp.me\/pgKjF2-dug","_links":{"self":[{"href":"https:\/\/exaudi.org\/es\/wp-json\/wp\/v2\/posts\/51848","targetHints":{"allow":["GET"]}}],"collection":[{"href":"https:\/\/exaudi.org\/es\/wp-json\/wp\/v2\/posts"}],"about":[{"href":"https:\/\/exaudi.org\/es\/wp-json\/wp\/v2\/types\/post"}],"author":[{"embeddable":true,"href":"https:\/\/exaudi.org\/es\/wp-json\/wp\/v2\/users\/5"}],"replies":[{"embeddable":true,"href":"https:\/\/exaudi.org\/es\/wp-json\/wp\/v2\/comments?post=51848"}],"version-history":[{"count":0,"href":"https:\/\/exaudi.org\/es\/wp-json\/wp\/v2\/posts\/51848\/revisions"}],"wp:featuredmedia":[{"embeddable":true,"href":"https:\/\/exaudi.org\/es\/wp-json\/wp\/v2\/media\/51860"}],"wp:attachment":[{"href":"https:\/\/exaudi.org\/es\/wp-json\/wp\/v2\/media?parent=51848"}],"wp:term":[{"taxonomy":"category","embeddable":true,"href":"https:\/\/exaudi.org\/es\/wp-json\/wp\/v2\/categories?post=51848"},{"taxonomy":"post_tag","embeddable":true,"href":"https:\/\/exaudi.org\/es\/wp-json\/wp\/v2\/tags?post=51848"}],"curies":[{"name":"wp","href":"https:\/\/api.w.org\/{rel}","templated":true}]}}