{"id":51777,"date":"2022-02-09T15:16:14","date_gmt":"2022-02-09T14:16:14","guid":{"rendered":"https:\/\/exaudi.org\/?p=51777"},"modified":"2022-02-09T15:50:11","modified_gmt":"2022-02-09T14:50:11","slug":"costa-rica-construir-mejor-pais-elecciones","status":"publish","type":"post","link":"https:\/\/exaudi.org\/es\/costa-rica-construir-mejor-pais-elecciones\/","title":{"rendered":"Costa Rica: \u201cConstruir un mejor pa\u00eds\u201d en las elecciones"},"content":{"rendered":"<p>Tras la celebraci\u00f3n de la primera vuelta de las <a href=\"https:\/\/exaudi.org\/es\/costa-rica-los-obispos-llaman-a-la-responsabilidad\/\" target=\"_blank\" rel=\"noopener\">Elecciones Generales en la naci\u00f3n el pasado 6 de febrero de 202<\/a>2, los obispos de la Conferencia Episcopal de Costa Rica han emitido un comunicado en el que llaman a \u201cunir esfuerzos para mejorar la calidad de vida de los habitantes de nuestro pa\u00eds, especialmente por llevar desarrollo integral a las clases m\u00e1s empobrecidas y desprotegidas\u201d.<\/p>\n<p>De cara a una segunda ronda electoral en abril, los <a href=\"https:\/\/www.iglesiacr.org\/\" target=\"_blank\" rel=\"noopener\">prelados costarricenses<\/a> invitan a defender \u201cla democracia y que impere el deseo de trabajar por el bien com\u00fan, tanto, de parte de los electores, como de aquellos que est\u00e1n m\u00e1s cerca de ocupar la presidencia de la Rep\u00fablica, vicepresidencias y los cargos que posteriormente se designar\u00e1n para servir al pa\u00eds\u201d.<\/p>\n<h2>Civismo y responsabilidad<\/h2>\n<p>Asimismo, el Episcopado de Costa Rica agradece a Dios por la celebraci\u00f3n de una jornada que ha consolidad el sistema democr\u00e1tico y por el civismo mostrado por la ciudadan\u00eda: \u201cComo una sola familia, Costa Rica sali\u00f3 a votar este 6 de febrero. Felicitamos a todos quienes han participado de esta jornada electoral con su voto; as\u00ed como a todos quienes pusieron su nombre para ser tomado en cuenta para un cargo de elecci\u00f3n popular\u201d.<\/p>\n<p>\u201cFelicitamos a los diputados que han sido electos y les llamamos a que puedan trabajar por legislar en favor del bien com\u00fan, protegiendo, especialmente los intereses de los m\u00e1s desprotegidos\u201d, argumentan los obispos. Y animan a que puedan presentar de manera clara sus propuestas para el bien del pa\u00eds, siempre que impere el respeto y la conciencia de trabajar por Costa Rica.<\/p>\n","protected":false},"excerpt":{"rendered":"<p>Llamado de los obispos para las urnas de abril<\/p>\n","protected":false},"author":6,"featured_media":51778,"comment_status":"closed","ping_status":"closed","sticky":false,"template":"","format":"standard","meta":{"_acf_changed":false,"_crdt_document":"","inline_featured_image":false,"footnotes":""},"categories":[86],"tags":[601,5836,602],"class_list":["post-51777","post","type-post","status-publish","format-standard","has-post-thumbnail","hentry","category-iglesia-local","tag-costa-rica","tag-elecciones-generales","tag-obispos"],"acf":[],"yoast_head":"<!-- This site is optimized with the Yoast SEO plugin v27.4 - https:\/\/yoast.com\/product\/yoast-seo-wordpress\/ -->\n<title>Costa Rica: \u201cConstruir un mejor pa\u00eds\u201d en las elecciones &#8211; Exaudi<\/title>\n<meta name=\"description\" content=\"De cara a las elecciones, los obispos de Costa Rica llaman a \u201cunir esfuerzos para mejorar la calidad de vida de los habitantes del pa\u00eds\u201d.\" \/>\n<meta name=\"robots\" content=\"index, follow, max-snippet:-1, max-image-preview:large, max-video-preview:-1\" \/>\n<link rel=\"canonical\" href=\"https:\/\/exaudi.org\/es\/costa-rica-construir-mejor-pais-elecciones\/\" \/>\n<meta property=\"og:locale\" content=\"es_ES\" \/>\n<meta property=\"og:type\" content=\"article\" \/>\n<meta property=\"og:title\" content=\"Costa Rica: \u201cConstruir un mejor pa\u00eds\u201d en las elecciones &#8211; Exaudi\" \/>\n<meta property=\"og:description\" content=\"De cara a las elecciones, los obispos de Costa Rica llaman a \u201cunir esfuerzos para mejorar la calidad de vida de los habitantes del pa\u00eds\u201d.\" \/>\n<meta property=\"og:url\" content=\"https:\/\/exaudi.org\/es\/costa-rica-construir-mejor-pais-elecciones\/\" \/>\n<meta property=\"og:site_name\" content=\"Exaudi\" \/>\n<meta property=\"article:publisher\" content=\"https:\/\/www.facebook.com\/ExaudiNews\" \/>\n<meta property=\"article:published_time\" content=\"2022-02-09T14:16:14+00:00\" \/>\n<meta property=\"article:modified_time\" content=\"2022-02-09T14:50:11+00:00\" \/>\n<meta property=\"og:image\" content=\"https:\/\/exaudi.org\/wp-content\/uploads\/2022\/02\/45asdasd.jpg\" \/>\n\t<meta property=\"og:image:width\" content=\"1165\" \/>\n\t<meta property=\"og:image:height\" content=\"654\" \/>\n\t<meta property=\"og:image:type\" content=\"image\/jpeg\" \/>\n<meta name=\"author\" content=\"Gabriel Sales\" \/>\n<meta name=\"twitter:card\" content=\"summary_large_image\" \/>\n<meta name=\"twitter:creator\" content=\"@habemusman\" \/>\n<meta name=\"twitter:site\" content=\"@Exaudi_News\" \/>\n<meta name=\"twitter:label1\" content=\"Escrito por\" \/>\n\t<meta name=\"twitter:data1\" content=\"Gabriel Sales\" \/>\n\t<meta name=\"twitter:label2\" content=\"Tiempo de lectura\" \/>\n\t<meta name=\"twitter:data2\" content=\"2 minutos\" \/>\n<script type=\"application\/ld+json\" class=\"yoast-schema-graph\">{\"@context\":\"https:\\\/\\\/schema.org\",\"@graph\":[{\"@type\":\"Article\",\"@id\":\"https:\\\/\\\/exaudi.org\\\/es\\\/costa-rica-construir-mejor-pais-elecciones\\\/#article\",\"isPartOf\":{\"@id\":\"https:\\\/\\\/exaudi.org\\\/es\\\/costa-rica-construir-mejor-pais-elecciones\\\/\"},\"author\":{\"name\":\"Gabriel Sales\",\"@id\":\"https:\\\/\\\/exaudi.org\\\/#\\\/schema\\\/person\\\/d134b96438278131ce90c90c03fda6cd\"},\"headline\":\"Costa Rica: \u201cConstruir un mejor pa\u00eds\u201d en las elecciones\",\"datePublished\":\"2022-02-09T14:16:14+00:00\",\"dateModified\":\"2022-02-09T14:50:11+00:00\",\"mainEntityOfPage\":{\"@id\":\"https:\\\/\\\/exaudi.org\\\/es\\\/costa-rica-construir-mejor-pais-elecciones\\\/\"},\"wordCount\":288,\"image\":{\"@id\":\"https:\\\/\\\/exaudi.org\\\/es\\\/costa-rica-construir-mejor-pais-elecciones\\\/#primaryimage\"},\"thumbnailUrl\":\"https:\\\/\\\/exaudi.org\\\/wp-content\\\/uploads\\\/2022\\\/02\\\/45asdasd.jpg\",\"keywords\":[\"Costa Rica\",\"Elecciones generales\",\"obispos\"],\"articleSection\":[\"Iglesia Local\"],\"inLanguage\":\"es\"},{\"@type\":\"WebPage\",\"@id\":\"https:\\\/\\\/exaudi.org\\\/es\\\/costa-rica-construir-mejor-pais-elecciones\\\/\",\"url\":\"https:\\\/\\\/exaudi.org\\\/es\\\/costa-rica-construir-mejor-pais-elecciones\\\/\",\"name\":\"Costa Rica: \u201cConstruir un mejor pa\u00eds\u201d en las elecciones &#8211; Exaudi\",\"isPartOf\":{\"@id\":\"https:\\\/\\\/exaudi.org\\\/#website\"},\"primaryImageOfPage\":{\"@id\":\"https:\\\/\\\/exaudi.org\\\/es\\\/costa-rica-construir-mejor-pais-elecciones\\\/#primaryimage\"},\"image\":{\"@id\":\"https:\\\/\\\/exaudi.org\\\/es\\\/costa-rica-construir-mejor-pais-elecciones\\\/#primaryimage\"},\"thumbnailUrl\":\"https:\\\/\\\/exaudi.org\\\/wp-content\\\/uploads\\\/2022\\\/02\\\/45asdasd.jpg\",\"datePublished\":\"2022-02-09T14:16:14+00:00\",\"dateModified\":\"2022-02-09T14:50:11+00:00\",\"author\":{\"@id\":\"https:\\\/\\\/exaudi.org\\\/#\\\/schema\\\/person\\\/d134b96438278131ce90c90c03fda6cd\"},\"description\":\"De cara a las elecciones, los obispos de Costa Rica llaman a \u201cunir esfuerzos para mejorar la calidad de vida de los habitantes del pa\u00eds\u201d.\",\"breadcrumb\":{\"@id\":\"https:\\\/\\\/exaudi.org\\\/es\\\/costa-rica-construir-mejor-pais-elecciones\\\/#breadcrumb\"},\"inLanguage\":\"es\",\"potentialAction\":[{\"@type\":\"ReadAction\",\"target\":[\"https:\\\/\\\/exaudi.org\\\/es\\\/costa-rica-construir-mejor-pais-elecciones\\\/\"]}]},{\"@type\":\"ImageObject\",\"inLanguage\":\"es\",\"@id\":\"https:\\\/\\\/exaudi.org\\\/es\\\/costa-rica-construir-mejor-pais-elecciones\\\/#primaryimage\",\"url\":\"https:\\\/\\\/exaudi.org\\\/wp-content\\\/uploads\\\/2022\\\/02\\\/45asdasd.jpg\",\"contentUrl\":\"https:\\\/\\\/exaudi.org\\\/wp-content\\\/uploads\\\/2022\\\/02\\\/45asdasd.jpg\",\"width\":1165,\"height\":654,\"caption\":\"Bandera de Costa Rica \u00a9 CELAM\"},{\"@type\":\"BreadcrumbList\",\"@id\":\"https:\\\/\\\/exaudi.org\\\/es\\\/costa-rica-construir-mejor-pais-elecciones\\\/#breadcrumb\",\"itemListElement\":[{\"@type\":\"ListItem\",\"position\":1,\"name\":\"Portada\",\"item\":\"https:\\\/\\\/exaudi.org\\\/es\\\/\"},{\"@type\":\"ListItem\",\"position\":2,\"name\":\"Costa Rica: \u201cConstruir un mejor pa\u00eds\u201d en las elecciones\"}]},{\"@type\":\"WebSite\",\"@id\":\"https:\\\/\\\/exaudi.org\\\/#website\",\"url\":\"https:\\\/\\\/exaudi.org\\\/\",\"name\":\"Exaudi\",\"description\":\"News\",\"potentialAction\":[{\"@type\":\"SearchAction\",\"target\":{\"@type\":\"EntryPoint\",\"urlTemplate\":\"https:\\\/\\\/exaudi.org\\\/?s={search_term_string}\"},\"query-input\":{\"@type\":\"PropertyValueSpecification\",\"valueRequired\":true,\"valueName\":\"search_term_string\"}}],\"inLanguage\":\"es\"},{\"@type\":\"Person\",\"@id\":\"https:\\\/\\\/exaudi.org\\\/#\\\/schema\\\/person\\\/d134b96438278131ce90c90c03fda6cd\",\"name\":\"Gabriel Sales\",\"image\":{\"@type\":\"ImageObject\",\"inLanguage\":\"es\",\"@id\":\"https:\\\/\\\/secure.gravatar.com\\\/avatar\\\/9b1269566f6a063ed26ffb3532b66a373cdde231ce5d0effb266167437fdaffd?s=96&d=mm&r=g\",\"url\":\"https:\\\/\\\/secure.gravatar.com\\\/avatar\\\/9b1269566f6a063ed26ffb3532b66a373cdde231ce5d0effb266167437fdaffd?s=96&d=mm&r=g\",\"contentUrl\":\"https:\\\/\\\/secure.gravatar.com\\\/avatar\\\/9b1269566f6a063ed26ffb3532b66a373cdde231ce5d0effb266167437fdaffd?s=96&d=mm&r=g\",\"caption\":\"Gabriel Sales\"},\"description\":\"Periodista y especialista en Comunicaci\u00f3n y Branding digital. Cin\u00e9filo y cr\u00edtico de cine y series de televisi\u00f3n.\",\"sameAs\":[\"https:\\\/\\\/www.instagram.com\\\/cine90segundos\\\/\",\"www.linkedin.com\\\/in\\\/habemusman\",\"https:\\\/\\\/x.com\\\/habemusman\",\"https:\\\/\\\/www.youtube.com\\\/channel\\\/UCVfCiOMkJ_C7T7OpyjuaLDg\"],\"url\":\"https:\\\/\\\/exaudi.org\\\/es\\\/author\\\/gsalesexaudi-org\\\/\"}]}<\/script>\n<!-- \/ Yoast SEO plugin. -->","yoast_head_json":{"title":"Costa Rica: \u201cConstruir un mejor pa\u00eds\u201d en las elecciones &#8211; Exaudi","description":"De cara a las elecciones, los obispos de Costa Rica llaman a \u201cunir esfuerzos para mejorar la calidad de vida de los habitantes del pa\u00eds\u201d.","robots":{"index":"index","follow":"follow","max-snippet":"max-snippet:-1","max-image-preview":"max-image-preview:large","max-video-preview":"max-video-preview:-1"},"canonical":"https:\/\/exaudi.org\/es\/costa-rica-construir-mejor-pais-elecciones\/","og_locale":"es_ES","og_type":"article","og_title":"Costa Rica: \u201cConstruir un mejor pa\u00eds\u201d en las elecciones &#8211; Exaudi","og_description":"De cara a las elecciones, los obispos de Costa Rica llaman a \u201cunir esfuerzos para mejorar la calidad de vida de los habitantes del pa\u00eds\u201d.","og_url":"https:\/\/exaudi.org\/es\/costa-rica-construir-mejor-pais-elecciones\/","og_site_name":"Exaudi","article_publisher":"https:\/\/www.facebook.com\/ExaudiNews","article_published_time":"2022-02-09T14:16:14+00:00","article_modified_time":"2022-02-09T14:50:11+00:00","og_image":[{"width":1165,"height":654,"url":"https:\/\/exaudi.org\/wp-content\/uploads\/2022\/02\/45asdasd.jpg","type":"image\/jpeg"}],"author":"Gabriel Sales","twitter_card":"summary_large_image","twitter_creator":"@habemusman","twitter_site":"@Exaudi_News","twitter_misc":{"Escrito por":"Gabriel Sales","Tiempo de lectura":"2 minutos"},"schema":{"@context":"https:\/\/schema.org","@graph":[{"@type":"Article","@id":"https:\/\/exaudi.org\/es\/costa-rica-construir-mejor-pais-elecciones\/#article","isPartOf":{"@id":"https:\/\/exaudi.org\/es\/costa-rica-construir-mejor-pais-elecciones\/"},"author":{"name":"Gabriel Sales","@id":"https:\/\/exaudi.org\/#\/schema\/person\/d134b96438278131ce90c90c03fda6cd"},"headline":"Costa Rica: \u201cConstruir un mejor pa\u00eds\u201d en las elecciones","datePublished":"2022-02-09T14:16:14+00:00","dateModified":"2022-02-09T14:50:11+00:00","mainEntityOfPage":{"@id":"https:\/\/exaudi.org\/es\/costa-rica-construir-mejor-pais-elecciones\/"},"wordCount":288,"image":{"@id":"https:\/\/exaudi.org\/es\/costa-rica-construir-mejor-pais-elecciones\/#primaryimage"},"thumbnailUrl":"https:\/\/exaudi.org\/wp-content\/uploads\/2022\/02\/45asdasd.jpg","keywords":["Costa Rica","Elecciones generales","obispos"],"articleSection":["Iglesia Local"],"inLanguage":"es"},{"@type":"WebPage","@id":"https:\/\/exaudi.org\/es\/costa-rica-construir-mejor-pais-elecciones\/","url":"https:\/\/exaudi.org\/es\/costa-rica-construir-mejor-pais-elecciones\/","name":"Costa Rica: \u201cConstruir un mejor pa\u00eds\u201d en las elecciones &#8211; Exaudi","isPartOf":{"@id":"https:\/\/exaudi.org\/#website"},"primaryImageOfPage":{"@id":"https:\/\/exaudi.org\/es\/costa-rica-construir-mejor-pais-elecciones\/#primaryimage"},"image":{"@id":"https:\/\/exaudi.org\/es\/costa-rica-construir-mejor-pais-elecciones\/#primaryimage"},"thumbnailUrl":"https:\/\/exaudi.org\/wp-content\/uploads\/2022\/02\/45asdasd.jpg","datePublished":"2022-02-09T14:16:14+00:00","dateModified":"2022-02-09T14:50:11+00:00","author":{"@id":"https:\/\/exaudi.org\/#\/schema\/person\/d134b96438278131ce90c90c03fda6cd"},"description":"De cara a las elecciones, los obispos de Costa Rica llaman a \u201cunir esfuerzos para mejorar la calidad de vida de los habitantes del pa\u00eds\u201d.","breadcrumb":{"@id":"https:\/\/exaudi.org\/es\/costa-rica-construir-mejor-pais-elecciones\/#breadcrumb"},"inLanguage":"es","potentialAction":[{"@type":"ReadAction","target":["https:\/\/exaudi.org\/es\/costa-rica-construir-mejor-pais-elecciones\/"]}]},{"@type":"ImageObject","inLanguage":"es","@id":"https:\/\/exaudi.org\/es\/costa-rica-construir-mejor-pais-elecciones\/#primaryimage","url":"https:\/\/exaudi.org\/wp-content\/uploads\/2022\/02\/45asdasd.jpg","contentUrl":"https:\/\/exaudi.org\/wp-content\/uploads\/2022\/02\/45asdasd.jpg","width":1165,"height":654,"caption":"Bandera de Costa Rica \u00a9 CELAM"},{"@type":"BreadcrumbList","@id":"https:\/\/exaudi.org\/es\/costa-rica-construir-mejor-pais-elecciones\/#breadcrumb","itemListElement":[{"@type":"ListItem","position":1,"name":"Portada","item":"https:\/\/exaudi.org\/es\/"},{"@type":"ListItem","position":2,"name":"Costa Rica: \u201cConstruir un mejor pa\u00eds\u201d en las elecciones"}]},{"@type":"WebSite","@id":"https:\/\/exaudi.org\/#website","url":"https:\/\/exaudi.org\/","name":"Exaudi","description":"News","potentialAction":[{"@type":"SearchAction","target":{"@type":"EntryPoint","urlTemplate":"https:\/\/exaudi.org\/?s={search_term_string}"},"query-input":{"@type":"PropertyValueSpecification","valueRequired":true,"valueName":"search_term_string"}}],"inLanguage":"es"},{"@type":"Person","@id":"https:\/\/exaudi.org\/#\/schema\/person\/d134b96438278131ce90c90c03fda6cd","name":"Gabriel Sales","image":{"@type":"ImageObject","inLanguage":"es","@id":"https:\/\/secure.gravatar.com\/avatar\/9b1269566f6a063ed26ffb3532b66a373cdde231ce5d0effb266167437fdaffd?s=96&d=mm&r=g","url":"https:\/\/secure.gravatar.com\/avatar\/9b1269566f6a063ed26ffb3532b66a373cdde231ce5d0effb266167437fdaffd?s=96&d=mm&r=g","contentUrl":"https:\/\/secure.gravatar.com\/avatar\/9b1269566f6a063ed26ffb3532b66a373cdde231ce5d0effb266167437fdaffd?s=96&d=mm&r=g","caption":"Gabriel Sales"},"description":"Periodista y especialista en Comunicaci\u00f3n y Branding digital. Cin\u00e9filo y cr\u00edtico de cine y series de televisi\u00f3n.","sameAs":["https:\/\/www.instagram.com\/cine90segundos\/","www.linkedin.com\/in\/habemusman","https:\/\/x.com\/habemusman","https:\/\/www.youtube.com\/channel\/UCVfCiOMkJ_C7T7OpyjuaLDg"],"url":"https:\/\/exaudi.org\/es\/author\/gsalesexaudi-org\/"}]}},"jetpack_featured_media_url":"https:\/\/exaudi.org\/wp-content\/uploads\/2022\/02\/45asdasd.jpg","jetpack_shortlink":"https:\/\/wp.me\/pgKjF2-dt7","_links":{"self":[{"href":"https:\/\/exaudi.org\/es\/wp-json\/wp\/v2\/posts\/51777","targetHints":{"allow":["GET"]}}],"collection":[{"href":"https:\/\/exaudi.org\/es\/wp-json\/wp\/v2\/posts"}],"about":[{"href":"https:\/\/exaudi.org\/es\/wp-json\/wp\/v2\/types\/post"}],"author":[{"embeddable":true,"href":"https:\/\/exaudi.org\/es\/wp-json\/wp\/v2\/users\/6"}],"replies":[{"embeddable":true,"href":"https:\/\/exaudi.org\/es\/wp-json\/wp\/v2\/comments?post=51777"}],"version-history":[{"count":0,"href":"https:\/\/exaudi.org\/es\/wp-json\/wp\/v2\/posts\/51777\/revisions"}],"wp:featuredmedia":[{"embeddable":true,"href":"https:\/\/exaudi.org\/es\/wp-json\/wp\/v2\/media\/51778"}],"wp:attachment":[{"href":"https:\/\/exaudi.org\/es\/wp-json\/wp\/v2\/media?parent=51777"}],"wp:term":[{"taxonomy":"category","embeddable":true,"href":"https:\/\/exaudi.org\/es\/wp-json\/wp\/v2\/categories?post=51777"},{"taxonomy":"post_tag","embeddable":true,"href":"https:\/\/exaudi.org\/es\/wp-json\/wp\/v2\/tags?post=51777"}],"curies":[{"name":"wp","href":"https:\/\/api.w.org\/{rel}","templated":true}]}}