{"id":51711,"date":"2022-02-11T08:00:36","date_gmt":"2022-02-11T07:00:36","guid":{"rendered":"https:\/\/exaudi.org\/?p=51711"},"modified":"2022-02-11T16:41:55","modified_gmt":"2022-02-11T15:41:55","slug":"9o-aniversario-de-la-renuncia-de-benedicto-xvi","status":"publish","type":"post","link":"https:\/\/exaudi.org\/es\/9o-aniversario-de-la-renuncia-de-benedicto-xvi\/","title":{"rendered":"9\u00ba aniversario de la renuncia de Benedicto XVI"},"content":{"rendered":"<p>Hoy, 11 de febrero de 2022, se cumple el 9\u00ba aniversario del anuncio de la renuncia del papa em\u00e9rito Benedicto XVI.<\/p>\n<p>El papa Joseph Ratzinger <a href=\"https:\/\/www.vatican.va\/content\/benedict-xvi\/es\/speeches\/2013\/february\/documents\/hf_ben-xvi_spe_20130211_declaratio.html\" target=\"_blank\" rel=\"noopener\">inform\u00f3 sobre su renuncia<\/a> el mismo d\u00eda del a\u00f1o 2013: \u201cHe llegado a la certeza de que, por la edad avanzada, ya no tengo fuerzas para ejercer adecuadamente el ministerio petrino\u201d. De este modo, Benedicto XVI se convirti\u00f3 en el primer pont\u00edfice que renunciaba a su cargo de sucesor de Pedro en casi 600 a\u00f1os.<\/p>\n<p>El 28 de febrero siguiente, ante los fieles de la di\u00f3cesis de Albano reunidos en Castelgandolofo, pronunci\u00f3 sus <a href=\"https:\/\/www.vatican.va\/content\/benedict-xvi\/es\/speeches\/2013\/february\/documents\/hf_ben-xvi_spe_20130228_fedeli-albano.html\" target=\"_blank\" rel=\"noopener\">\u00faltimas palabras como obispo de Roma<\/a>: \u201cSab\u00e9is que para m\u00ed este es un d\u00eda distinto de otros anteriores. Ya no soy Sumo Pont\u00edfice de la Iglesia Cat\u00f3lica. Todav\u00eda lo ser\u00e9 hasta las 8 de esta tarde, despu\u00e9s ya no. Soy simplemente un peregrino que empieza la \u00faltima etapa de su peregrinaci\u00f3n en esta tierra. Pero quisiera trabajar todav\u00eda con mi coraz\u00f3n, con mi amor, con mi oraci\u00f3n, con mi reflexi\u00f3n, con todas mis fuerzas interiores, por el bien com\u00fan y el bien de la Iglesia y de la humanidad. Y me siento muy apoyado por vuestra simpat\u00eda. Caminemos junto al Se\u00f1or por el bien de la Iglesia y del mundo. Gracias (\u2026)\u201d.<\/p>\n<h2><strong>\u201cUna decisi\u00f3n tomada conscientemente\u201d<\/strong><\/h2>\n<p><a href=\"https:\/\/exaudi.org\/es\/benedicto-xvi-renuncia-conciencia\/\" target=\"_blank\" rel=\"noopener\">Sobre su renuncia<\/a>, en marzo de 2021 declar\u00f3 al <em>Corriere de la Sera<\/em>: \u201cAlgunos de mis amigos algo \u2018fan\u00e1ticos\u2019 siguen enfadados, no han querido aceptar mi decisi\u00f3n. Pienso en las teor\u00edas conspirativas que le siguieron: algunos dec\u00edan que era por el esc\u00e1ndalo <em>Vatileaks<\/em>, otros que era por un complot del lobby gay, otros que era por el caso del te\u00f3logo conservador lefebvriano Richard Williamson\u201d, explica el papa em\u00e9rito.<\/p>\n<p>\u201cNo quieren creer en una decisi\u00f3n tomada conscientemente. Pero tengo la conciencia tranquila\u201d, concluy\u00f3 sobre el asunto.<\/p>\n<h2><strong>Primeras palabras de Francisco sobre el papa em\u00e9rito<\/strong><\/h2>\n<p>El 13 de marzo de 2013, la fumata blanca anunci\u00f3 la llegada del nuevo Santo Padre, el Papa Francisco. \u201cGracias. Y ante todo, quisiera rezar por nuestro Obispo em\u00e9rito, Benedicto XVI. Oremos todos juntos por \u00e9l, para que el Se\u00f1or lo bendiga y la Virgen lo proteja\u201d, expres\u00f3 Francisco en su primer saludo como Sucesor de Pedro.<\/p>\n<p>Asimismo, al principio de la homil\u00eda en la <a href=\"https:\/\/www.vatican.va\/content\/francesco\/es\/homilies\/2013\/documents\/papa-francesco_20130319_omelia-inizio-pontificato.html\" target=\"_blank\" rel=\"noopener\">Misa de inicio de su pontificado<\/a>, el 19 de marzo de 2013, sus primeras palabras fueron para el ya papa em\u00e9rito: \u201cDoy gracias al Se\u00f1or por poder celebrar esta Santa Misa de comienzo del ministerio petrino en la solemnidad de san Jos\u00e9, esposo de la Virgen Mar\u00eda y patrono de la Iglesia universal: es una coincidencia muy rica de significado, y es tambi\u00e9n el onom\u00e1stico de mi venerado Predecesor: le estamos cercanos con la oraci\u00f3n, llena de afecto y gratitud\u201d.<\/p>\n<h2><strong>La vida de Benedicto XVI en el monasterio <em>Mater Ecclesiae<\/em><\/strong><\/h2>\n<p>Desde su renuncia, Benedicto XVI vive en el monasterio\u00a0<em>Mater Ecclesiae<\/em>, en el Vaticano, a unos metros de la residencia de Francisco, Casa Santa Marta.<\/p>\n<p>Tal y como puede observarse en las redes sociales de la <a href=\"https:\/\/www.facebook.com\/Fondazione-Vaticana-Joseph-Ratzinger-Benedetto-XVI-566735950151496\" target=\"_blank\" rel=\"noopener\">Fundaci\u00f3n Joseph Ratzinger- Benedicto XVI<\/a>, el anterior pont\u00edfice sigue manteniendo encuentros privados, lee y ha escrito libros. En los primeros a\u00f1os como em\u00e9rito realiz\u00f3 algunas apariciones p\u00fablicas, siendo la canonizaci\u00f3n de Juan XXIII y Juan Pablo II una de las m\u00e1s entra\u00f1ables. No obstante, con el paso de los a\u00f1os, debido a su avanzada edad, estas han sido cada vez m\u00e1s escasas.<\/p>\n<p>Tambi\u00e9n particip\u00f3 en varios consistorios de creaci\u00f3n de cardenales, el primero de ellos el 22 de febrero de 2014. Cuando sus condiciones de salud ya no le permitieron acudir a ellos, los nuevos cardenales comenzaron a visitar al papa em\u00e9rito junto a Francisco.<\/p>\n<p>En el \u00faltimo de estos encuentros, el del 28 de noviembre de 2020, de acuerdo al cardenal Grech, el papa Ratzinger confi\u00f3 a los nuevos purpurados: \u201cEl Se\u00f1or me retir\u00f3 el uso de la palabra para hacerme apreciar el silencio\u201d.<\/p>\n<h2><strong>La \u201cconfesi\u00f3n\u201d de Benedicto XVI<\/strong><\/h2>\n<p>Esta misma semana, el papa em\u00e9rito Benedicto XVI intervino directa y personalmente para expresar su opini\u00f3n sobre el informe de abusos en la arquidi\u00f3cesis de M\u00fanich y Frisinga, Alemania, donde fue arzobispo durante menos de cinco a\u00f1os.<\/p>\n<p>A trav\u00e9s de <a href=\"https:\/\/exaudi.org\/es\/informe-sobre-abusos-en-munich-la-confesion-de-benedicto-xvi\/\" target=\"_blank\" rel=\"noopener\">una carta<\/a>, aclara el <a href=\"https:\/\/exaudi.org\/es\/informe-sobre-abusos-en-munich-benedicto-xvi-corrige-declaracion\/\" target=\"_blank\" rel=\"noopener\">error relacionado con su declaraci\u00f3n<\/a>, realiza una \u201cconfesi\u00f3n\u201d personal, expresa su verg\u00fcenza y su dolor, manifiesta su cercan\u00eda a las v\u00edctimas y vuelve a pedir perd\u00f3n.<\/p>\n<p>Tanto en el <a href=\"https:\/\/exaudi.org\/es\/asi-se-desmontan-acusaciones-contra-benedicto-punto-por-punto\/\" target=\"_blank\" rel=\"noopener\">an\u00e1lisis realizado por los colaboradores del papa em\u00e9rito<\/a>, como en la <a href=\"https:\/\/exaudi.org\/es\/dr-hesemann-los-ataques-a-benedicto-no-estan-justificados\/\" target=\"_blank\" rel=\"noopener\">entrevista al Dr. Hesemann<\/a> ofrecida por Exaudi, se responde a las acusaciones formuladas en las \u00faltimas semanas contra el entonces cardenal Ratzinger, desmont\u00e1ndolas punto por punto.<\/p>\n<p>Con respecto a ello, Benedicto confiesa: \u201cMe afect\u00f3 profundamente que el descuido se utilizara para dudar de mi veracidad, y presentarme incluso como mentiroso\u201d, aunque tambi\u00e9n \u201cme han conmovido a\u00fan m\u00e1s las numerosas expresiones de confianza, los cordiales testimonios y las conmovedoras cartas de aliento que he recibido de tantas personas\u201d. Y manifiesta estar \u201cespecialmente agradecido al Papa Francisco por la confianza, el apoyo y las oraciones que me ha manifestado personalmente\u201d.<\/p>\n<p>\u00a1Gracias papa em\u00e9rito Benedicto XVI! Reciba nuestro afecto y apoyo a trav\u00e9s de nuestras oraciones.<\/p>\n","protected":false},"excerpt":{"rendered":"<p>Recemos por el papa em\u00e9rito<\/p>\n","protected":false},"author":5,"featured_media":51712,"comment_status":"closed","ping_status":"closed","sticky":false,"template":"","format":"standard","meta":{"_acf_changed":false,"_crdt_document":"","inline_featured_image":false,"footnotes":""},"categories":[142],"tags":[515,158,1342,4953],"class_list":["post-51711","post","type-post","status-publish","format-standard","has-post-thumbnail","hentry","category-papas","tag-benedicto-xvi","tag-papa-francisco","tag-renuncia","tag-trending-es"],"acf":[],"yoast_head":"<!-- This site is optimized with the Yoast SEO plugin v27.5 - https:\/\/yoast.com\/product\/yoast-seo-wordpress\/ -->\n<title>9\u00ba aniversario de la renuncia de Benedicto XVI &#8211; Exaudi<\/title>\n<meta name=\"description\" content=\"Hoy, 11 de febrero de 2022 se cumple el 9\u00ba aniversario del anuncio de la renuncia del papa em\u00e9rito Benedicto XVI. \u00a1Recemos por \u00e9l!\" \/>\n<meta name=\"robots\" content=\"index, follow, max-snippet:-1, max-image-preview:large, max-video-preview:-1\" \/>\n<link rel=\"canonical\" href=\"https:\/\/exaudi.org\/es\/9o-aniversario-de-la-renuncia-de-benedicto-xvi\/\" \/>\n<meta property=\"og:locale\" content=\"es_ES\" \/>\n<meta property=\"og:type\" content=\"article\" \/>\n<meta property=\"og:title\" content=\"9\u00ba aniversario de la renuncia de Benedicto XVI &#8211; Exaudi\" \/>\n<meta property=\"og:description\" content=\"Hoy, 11 de febrero de 2022 se cumple el 9\u00ba aniversario del anuncio de la renuncia del papa em\u00e9rito Benedicto XVI. \u00a1Recemos por \u00e9l!\" \/>\n<meta property=\"og:url\" content=\"https:\/\/exaudi.org\/es\/9o-aniversario-de-la-renuncia-de-benedicto-xvi\/\" \/>\n<meta property=\"og:site_name\" content=\"Exaudi\" \/>\n<meta property=\"article:publisher\" content=\"https:\/\/www.facebook.com\/ExaudiNews\" \/>\n<meta property=\"article:published_time\" content=\"2022-02-11T07:00:36+00:00\" \/>\n<meta property=\"article:modified_time\" content=\"2022-02-11T15:41:55+00:00\" \/>\n<meta property=\"og:image\" content=\"https:\/\/exaudi.org\/wp-content\/uploads\/2022\/02\/Benedicto-XVI-saluda-al-Papa-Francisco-en-la-canonizacion-de-Juan-Pablo-II-y-Juan-XXIII.jpeg\" \/>\n\t<meta property=\"og:image:width\" content=\"1280\" \/>\n\t<meta property=\"og:image:height\" content=\"720\" \/>\n\t<meta property=\"og:image:type\" content=\"image\/jpeg\" \/>\n<meta name=\"author\" content=\"Larissa I. L\u00f3pez\" \/>\n<meta name=\"twitter:card\" content=\"summary_large_image\" \/>\n<meta name=\"twitter:creator\" content=\"@Exaudi_News\" \/>\n<meta name=\"twitter:site\" content=\"@Exaudi_News\" \/>\n<meta name=\"twitter:label1\" content=\"Escrito por\" \/>\n\t<meta name=\"twitter:data1\" content=\"Larissa I. L\u00f3pez\" \/>\n\t<meta name=\"twitter:label2\" content=\"Tiempo de lectura\" \/>\n\t<meta name=\"twitter:data2\" content=\"4 minutos\" \/>\n<script type=\"application\/ld+json\" class=\"yoast-schema-graph\">{\"@context\":\"https:\\\/\\\/schema.org\",\"@graph\":[{\"@type\":\"Article\",\"@id\":\"https:\\\/\\\/exaudi.org\\\/es\\\/9o-aniversario-de-la-renuncia-de-benedicto-xvi\\\/#article\",\"isPartOf\":{\"@id\":\"https:\\\/\\\/exaudi.org\\\/es\\\/9o-aniversario-de-la-renuncia-de-benedicto-xvi\\\/\"},\"author\":{\"name\":\"Larissa I. L\u00f3pez\",\"@id\":\"https:\\\/\\\/exaudi.org\\\/#\\\/schema\\\/person\\\/7d2f77db033c2c0929edfab6dbe8c588\"},\"headline\":\"9\u00ba aniversario de la renuncia de Benedicto XVI\",\"datePublished\":\"2022-02-11T07:00:36+00:00\",\"dateModified\":\"2022-02-11T15:41:55+00:00\",\"mainEntityOfPage\":{\"@id\":\"https:\\\/\\\/exaudi.org\\\/es\\\/9o-aniversario-de-la-renuncia-de-benedicto-xvi\\\/\"},\"wordCount\":909,\"image\":{\"@id\":\"https:\\\/\\\/exaudi.org\\\/es\\\/9o-aniversario-de-la-renuncia-de-benedicto-xvi\\\/#primaryimage\"},\"thumbnailUrl\":\"https:\\\/\\\/exaudi.org\\\/wp-content\\\/uploads\\\/2022\\\/02\\\/Benedicto-XVI-saluda-al-Papa-Francisco-en-la-canonizacion-de-Juan-Pablo-II-y-Juan-XXIII.jpeg\",\"keywords\":[\"Benedicto XVI\",\"papa francisco\",\"Renuncia\",\"Trending\"],\"articleSection\":[\"Papas\"],\"inLanguage\":\"es\"},{\"@type\":\"WebPage\",\"@id\":\"https:\\\/\\\/exaudi.org\\\/es\\\/9o-aniversario-de-la-renuncia-de-benedicto-xvi\\\/\",\"url\":\"https:\\\/\\\/exaudi.org\\\/es\\\/9o-aniversario-de-la-renuncia-de-benedicto-xvi\\\/\",\"name\":\"9\u00ba aniversario de la renuncia de Benedicto XVI &#8211; Exaudi\",\"isPartOf\":{\"@id\":\"https:\\\/\\\/exaudi.org\\\/#website\"},\"primaryImageOfPage\":{\"@id\":\"https:\\\/\\\/exaudi.org\\\/es\\\/9o-aniversario-de-la-renuncia-de-benedicto-xvi\\\/#primaryimage\"},\"image\":{\"@id\":\"https:\\\/\\\/exaudi.org\\\/es\\\/9o-aniversario-de-la-renuncia-de-benedicto-xvi\\\/#primaryimage\"},\"thumbnailUrl\":\"https:\\\/\\\/exaudi.org\\\/wp-content\\\/uploads\\\/2022\\\/02\\\/Benedicto-XVI-saluda-al-Papa-Francisco-en-la-canonizacion-de-Juan-Pablo-II-y-Juan-XXIII.jpeg\",\"datePublished\":\"2022-02-11T07:00:36+00:00\",\"dateModified\":\"2022-02-11T15:41:55+00:00\",\"author\":{\"@id\":\"https:\\\/\\\/exaudi.org\\\/#\\\/schema\\\/person\\\/7d2f77db033c2c0929edfab6dbe8c588\"},\"description\":\"Hoy, 11 de febrero de 2022 se cumple el 9\u00ba aniversario del anuncio de la renuncia del papa em\u00e9rito Benedicto XVI. \u00a1Recemos por \u00e9l!\",\"breadcrumb\":{\"@id\":\"https:\\\/\\\/exaudi.org\\\/es\\\/9o-aniversario-de-la-renuncia-de-benedicto-xvi\\\/#breadcrumb\"},\"inLanguage\":\"es\",\"potentialAction\":[{\"@type\":\"ReadAction\",\"target\":[\"https:\\\/\\\/exaudi.org\\\/es\\\/9o-aniversario-de-la-renuncia-de-benedicto-xvi\\\/\"]}]},{\"@type\":\"ImageObject\",\"inLanguage\":\"es\",\"@id\":\"https:\\\/\\\/exaudi.org\\\/es\\\/9o-aniversario-de-la-renuncia-de-benedicto-xvi\\\/#primaryimage\",\"url\":\"https:\\\/\\\/exaudi.org\\\/wp-content\\\/uploads\\\/2022\\\/02\\\/Benedicto-XVI-saluda-al-Papa-Francisco-en-la-canonizacion-de-Juan-Pablo-II-y-Juan-XXIII.jpeg\",\"contentUrl\":\"https:\\\/\\\/exaudi.org\\\/wp-content\\\/uploads\\\/2022\\\/02\\\/Benedicto-XVI-saluda-al-Papa-Francisco-en-la-canonizacion-de-Juan-Pablo-II-y-Juan-XXIII.jpeg\",\"width\":1280,\"height\":720,\"caption\":\"Benedicto XVI saluda al Papa Francisco en la canonizaci\u00f3n de Juan Pablo II y Juan XXIII \u00a9 Vatican Media\"},{\"@type\":\"BreadcrumbList\",\"@id\":\"https:\\\/\\\/exaudi.org\\\/es\\\/9o-aniversario-de-la-renuncia-de-benedicto-xvi\\\/#breadcrumb\",\"itemListElement\":[{\"@type\":\"ListItem\",\"position\":1,\"name\":\"Portada\",\"item\":\"https:\\\/\\\/exaudi.org\\\/es\\\/\"},{\"@type\":\"ListItem\",\"position\":2,\"name\":\"9\u00ba aniversario de la renuncia de Benedicto XVI\"}]},{\"@type\":\"WebSite\",\"@id\":\"https:\\\/\\\/exaudi.org\\\/#website\",\"url\":\"https:\\\/\\\/exaudi.org\\\/\",\"name\":\"Exaudi\",\"description\":\"News\",\"potentialAction\":[{\"@type\":\"SearchAction\",\"target\":{\"@type\":\"EntryPoint\",\"urlTemplate\":\"https:\\\/\\\/exaudi.org\\\/?s={search_term_string}\"},\"query-input\":{\"@type\":\"PropertyValueSpecification\",\"valueRequired\":true,\"valueName\":\"search_term_string\"}}],\"inLanguage\":\"es\"},{\"@type\":\"Person\",\"@id\":\"https:\\\/\\\/exaudi.org\\\/#\\\/schema\\\/person\\\/7d2f77db033c2c0929edfab6dbe8c588\",\"name\":\"Larissa I. L\u00f3pez\",\"image\":{\"@type\":\"ImageObject\",\"inLanguage\":\"es\",\"@id\":\"https:\\\/\\\/secure.gravatar.com\\\/avatar\\\/db3ef399ff343d0bb9d25dc5198bc8ece5ac6d621eca79876697a354dabc1e3f?s=96&d=mm&r=g\",\"url\":\"https:\\\/\\\/secure.gravatar.com\\\/avatar\\\/db3ef399ff343d0bb9d25dc5198bc8ece5ac6d621eca79876697a354dabc1e3f?s=96&d=mm&r=g\",\"contentUrl\":\"https:\\\/\\\/secure.gravatar.com\\\/avatar\\\/db3ef399ff343d0bb9d25dc5198bc8ece5ac6d621eca79876697a354dabc1e3f?s=96&d=mm&r=g\",\"caption\":\"Larissa I. L\u00f3pez\"},\"description\":\"Doctora en Comunicaci\u00f3n. Mi trayectoria profesional ha transcurrido entre el \u00e1mbito de la comunicaci\u00f3n y el de la docencia. En los \u00faltimos a\u00f1os, he trabajado como coordinadora y redactora de la edici\u00f3n de ZENIT en espa\u00f1ol. Como profesora, he impartido clases en la universidad y en centros de FP y bachillerato. Cordobesa de nacimiento, tambi\u00e9n he vivido en Sevilla, Madrid y Roma\",\"url\":\"https:\\\/\\\/exaudi.org\\\/es\\\/author\\\/llopezexaudi-org\\\/\"}]}<\/script>\n<!-- \/ Yoast SEO plugin. -->","yoast_head_json":{"title":"9\u00ba aniversario de la renuncia de Benedicto XVI &#8211; Exaudi","description":"Hoy, 11 de febrero de 2022 se cumple el 9\u00ba aniversario del anuncio de la renuncia del papa em\u00e9rito Benedicto XVI. \u00a1Recemos por \u00e9l!","robots":{"index":"index","follow":"follow","max-snippet":"max-snippet:-1","max-image-preview":"max-image-preview:large","max-video-preview":"max-video-preview:-1"},"canonical":"https:\/\/exaudi.org\/es\/9o-aniversario-de-la-renuncia-de-benedicto-xvi\/","og_locale":"es_ES","og_type":"article","og_title":"9\u00ba aniversario de la renuncia de Benedicto XVI &#8211; Exaudi","og_description":"Hoy, 11 de febrero de 2022 se cumple el 9\u00ba aniversario del anuncio de la renuncia del papa em\u00e9rito Benedicto XVI. \u00a1Recemos por \u00e9l!","og_url":"https:\/\/exaudi.org\/es\/9o-aniversario-de-la-renuncia-de-benedicto-xvi\/","og_site_name":"Exaudi","article_publisher":"https:\/\/www.facebook.com\/ExaudiNews","article_published_time":"2022-02-11T07:00:36+00:00","article_modified_time":"2022-02-11T15:41:55+00:00","og_image":[{"width":1280,"height":720,"url":"https:\/\/exaudi.org\/wp-content\/uploads\/2022\/02\/Benedicto-XVI-saluda-al-Papa-Francisco-en-la-canonizacion-de-Juan-Pablo-II-y-Juan-XXIII.jpeg","type":"image\/jpeg"}],"author":"Larissa I. L\u00f3pez","twitter_card":"summary_large_image","twitter_creator":"@Exaudi_News","twitter_site":"@Exaudi_News","twitter_misc":{"Escrito por":"Larissa I. L\u00f3pez","Tiempo de lectura":"4 minutos"},"schema":{"@context":"https:\/\/schema.org","@graph":[{"@type":"Article","@id":"https:\/\/exaudi.org\/es\/9o-aniversario-de-la-renuncia-de-benedicto-xvi\/#article","isPartOf":{"@id":"https:\/\/exaudi.org\/es\/9o-aniversario-de-la-renuncia-de-benedicto-xvi\/"},"author":{"name":"Larissa I. L\u00f3pez","@id":"https:\/\/exaudi.org\/#\/schema\/person\/7d2f77db033c2c0929edfab6dbe8c588"},"headline":"9\u00ba aniversario de la renuncia de Benedicto XVI","datePublished":"2022-02-11T07:00:36+00:00","dateModified":"2022-02-11T15:41:55+00:00","mainEntityOfPage":{"@id":"https:\/\/exaudi.org\/es\/9o-aniversario-de-la-renuncia-de-benedicto-xvi\/"},"wordCount":909,"image":{"@id":"https:\/\/exaudi.org\/es\/9o-aniversario-de-la-renuncia-de-benedicto-xvi\/#primaryimage"},"thumbnailUrl":"https:\/\/exaudi.org\/wp-content\/uploads\/2022\/02\/Benedicto-XVI-saluda-al-Papa-Francisco-en-la-canonizacion-de-Juan-Pablo-II-y-Juan-XXIII.jpeg","keywords":["Benedicto XVI","papa francisco","Renuncia","Trending"],"articleSection":["Papas"],"inLanguage":"es"},{"@type":"WebPage","@id":"https:\/\/exaudi.org\/es\/9o-aniversario-de-la-renuncia-de-benedicto-xvi\/","url":"https:\/\/exaudi.org\/es\/9o-aniversario-de-la-renuncia-de-benedicto-xvi\/","name":"9\u00ba aniversario de la renuncia de Benedicto XVI &#8211; Exaudi","isPartOf":{"@id":"https:\/\/exaudi.org\/#website"},"primaryImageOfPage":{"@id":"https:\/\/exaudi.org\/es\/9o-aniversario-de-la-renuncia-de-benedicto-xvi\/#primaryimage"},"image":{"@id":"https:\/\/exaudi.org\/es\/9o-aniversario-de-la-renuncia-de-benedicto-xvi\/#primaryimage"},"thumbnailUrl":"https:\/\/exaudi.org\/wp-content\/uploads\/2022\/02\/Benedicto-XVI-saluda-al-Papa-Francisco-en-la-canonizacion-de-Juan-Pablo-II-y-Juan-XXIII.jpeg","datePublished":"2022-02-11T07:00:36+00:00","dateModified":"2022-02-11T15:41:55+00:00","author":{"@id":"https:\/\/exaudi.org\/#\/schema\/person\/7d2f77db033c2c0929edfab6dbe8c588"},"description":"Hoy, 11 de febrero de 2022 se cumple el 9\u00ba aniversario del anuncio de la renuncia del papa em\u00e9rito Benedicto XVI. \u00a1Recemos por \u00e9l!","breadcrumb":{"@id":"https:\/\/exaudi.org\/es\/9o-aniversario-de-la-renuncia-de-benedicto-xvi\/#breadcrumb"},"inLanguage":"es","potentialAction":[{"@type":"ReadAction","target":["https:\/\/exaudi.org\/es\/9o-aniversario-de-la-renuncia-de-benedicto-xvi\/"]}]},{"@type":"ImageObject","inLanguage":"es","@id":"https:\/\/exaudi.org\/es\/9o-aniversario-de-la-renuncia-de-benedicto-xvi\/#primaryimage","url":"https:\/\/exaudi.org\/wp-content\/uploads\/2022\/02\/Benedicto-XVI-saluda-al-Papa-Francisco-en-la-canonizacion-de-Juan-Pablo-II-y-Juan-XXIII.jpeg","contentUrl":"https:\/\/exaudi.org\/wp-content\/uploads\/2022\/02\/Benedicto-XVI-saluda-al-Papa-Francisco-en-la-canonizacion-de-Juan-Pablo-II-y-Juan-XXIII.jpeg","width":1280,"height":720,"caption":"Benedicto XVI saluda al Papa Francisco en la canonizaci\u00f3n de Juan Pablo II y Juan XXIII \u00a9 Vatican Media"},{"@type":"BreadcrumbList","@id":"https:\/\/exaudi.org\/es\/9o-aniversario-de-la-renuncia-de-benedicto-xvi\/#breadcrumb","itemListElement":[{"@type":"ListItem","position":1,"name":"Portada","item":"https:\/\/exaudi.org\/es\/"},{"@type":"ListItem","position":2,"name":"9\u00ba aniversario de la renuncia de Benedicto XVI"}]},{"@type":"WebSite","@id":"https:\/\/exaudi.org\/#website","url":"https:\/\/exaudi.org\/","name":"Exaudi","description":"News","potentialAction":[{"@type":"SearchAction","target":{"@type":"EntryPoint","urlTemplate":"https:\/\/exaudi.org\/?s={search_term_string}"},"query-input":{"@type":"PropertyValueSpecification","valueRequired":true,"valueName":"search_term_string"}}],"inLanguage":"es"},{"@type":"Person","@id":"https:\/\/exaudi.org\/#\/schema\/person\/7d2f77db033c2c0929edfab6dbe8c588","name":"Larissa I. L\u00f3pez","image":{"@type":"ImageObject","inLanguage":"es","@id":"https:\/\/secure.gravatar.com\/avatar\/db3ef399ff343d0bb9d25dc5198bc8ece5ac6d621eca79876697a354dabc1e3f?s=96&d=mm&r=g","url":"https:\/\/secure.gravatar.com\/avatar\/db3ef399ff343d0bb9d25dc5198bc8ece5ac6d621eca79876697a354dabc1e3f?s=96&d=mm&r=g","contentUrl":"https:\/\/secure.gravatar.com\/avatar\/db3ef399ff343d0bb9d25dc5198bc8ece5ac6d621eca79876697a354dabc1e3f?s=96&d=mm&r=g","caption":"Larissa I. L\u00f3pez"},"description":"Doctora en Comunicaci\u00f3n. Mi trayectoria profesional ha transcurrido entre el \u00e1mbito de la comunicaci\u00f3n y el de la docencia. En los \u00faltimos a\u00f1os, he trabajado como coordinadora y redactora de la edici\u00f3n de ZENIT en espa\u00f1ol. Como profesora, he impartido clases en la universidad y en centros de FP y bachillerato. Cordobesa de nacimiento, tambi\u00e9n he vivido en Sevilla, Madrid y Roma","url":"https:\/\/exaudi.org\/es\/author\/llopezexaudi-org\/"}]}},"jetpack_featured_media_url":"https:\/\/exaudi.org\/wp-content\/uploads\/2022\/02\/Benedicto-XVI-saluda-al-Papa-Francisco-en-la-canonizacion-de-Juan-Pablo-II-y-Juan-XXIII.jpeg","jetpack_shortlink":"https:\/\/wp.me\/pgKjF2-ds3","_links":{"self":[{"href":"https:\/\/exaudi.org\/es\/wp-json\/wp\/v2\/posts\/51711","targetHints":{"allow":["GET"]}}],"collection":[{"href":"https:\/\/exaudi.org\/es\/wp-json\/wp\/v2\/posts"}],"about":[{"href":"https:\/\/exaudi.org\/es\/wp-json\/wp\/v2\/types\/post"}],"author":[{"embeddable":true,"href":"https:\/\/exaudi.org\/es\/wp-json\/wp\/v2\/users\/5"}],"replies":[{"embeddable":true,"href":"https:\/\/exaudi.org\/es\/wp-json\/wp\/v2\/comments?post=51711"}],"version-history":[{"count":0,"href":"https:\/\/exaudi.org\/es\/wp-json\/wp\/v2\/posts\/51711\/revisions"}],"wp:featuredmedia":[{"embeddable":true,"href":"https:\/\/exaudi.org\/es\/wp-json\/wp\/v2\/media\/51712"}],"wp:attachment":[{"href":"https:\/\/exaudi.org\/es\/wp-json\/wp\/v2\/media?parent=51711"}],"wp:term":[{"taxonomy":"category","embeddable":true,"href":"https:\/\/exaudi.org\/es\/wp-json\/wp\/v2\/categories?post=51711"},{"taxonomy":"post_tag","embeddable":true,"href":"https:\/\/exaudi.org\/es\/wp-json\/wp\/v2\/tags?post=51711"}],"curies":[{"name":"wp","href":"https:\/\/api.w.org\/{rel}","templated":true}]}}