{"id":51699,"date":"2022-02-09T11:21:34","date_gmt":"2022-02-09T10:21:34","guid":{"rendered":"https:\/\/exaudi.org\/?p=51699"},"modified":"2022-02-09T14:47:21","modified_gmt":"2022-02-09T13:47:21","slug":"francisco-cuidado-sanitario-espiritual-enfermos","status":"publish","type":"post","link":"https:\/\/exaudi.org\/es\/francisco-cuidado-sanitario-espiritual-enfermos\/","title":{"rendered":"Francisco: Asegurar cuidado sanitario y espiritual para todos los enfermos"},"content":{"rendered":"<p>Al final de la <a href=\"https:\/\/exaudi.org\/es\/ucrania-papa-dialogo-serio-tensiones\/\" target=\"_blank\" rel=\"noopener\">audiencia general<\/a> de hoy, mi\u00e9rcoles 9 de febrero de 2022, antes del habitual saludo a los fieles de lengua italiana, el Papa Francisco indicado a los presentes que el d\u00eda 11 de este mes se celebra la <a href=\"https:\/\/www.vatican.va\/content\/francesco\/es\/messages\/sick\/documents\/20211210_30-giornata-malato.html\" target=\"_blank\" rel=\"noopener\">XXX Jornada Mundial del Enfermo.<\/a> Y ha mostrado su deseo de recordar a\u00a0 \u201cnuestros queridos enfermos, para que a todos sea asegurado el cuidado sanitario y el acompa\u00f1amiento espiritual\u201d.<\/p>\n<p>Del mismo modo, el Santo Padre ha pedido oraci\u00f3n por \u201cnuestros hermanos y hermanas, por sus familias y por todos los operadores sanitarios y pastorales, por todos aquellos que los cuidan\u201d.<\/p>\n<h2 class=\"entry-title title flipboard-title\">\u201cCrecer en servicio y cercan\u00eda\u201d a las personas enfermas<\/h2>\n<p>El pasado 4 de enero de 2022 se public\u00f3 el mensaje del Papa con motivo de la XXX Jornada Mundial del Enfermo, que se celebra el pr\u00f3ximo viernes, memoria lit\u00fargica de la Sant\u00edsima Virgen Mar\u00eda de Lourdes, sobre el tema \u201c\u2019Sean misericordiosos as\u00ed como el Padre de ustedes es misericordioso\u2019 (<a href=\"https:\/\/www.sanpablo.es\/libro-pueblo-de-dios\/la-biblia\/nuevo-testamento\/evangelio-segun-san-lucas\/6\" target=\"_blank\" rel=\"noopener\">Lc 6,36<\/a>). Estar al lado de los que sufren en un camino de caridad\u201d. En el mismo, el Obispo de Roma dese\u00f3 que la Jornada \u201cpueda ayudarnos a crecer en el servicio y en la cercan\u00eda a las personas enfermas y a sus familias\u201d.<\/p>\n<p>Al comienzo de su escrito recuerda que hace 30 a\u00f1os, \u201c<a href=\"https:\/\/exaudi.org\/es\/san-juan-pablo-ii-papa-nuevo-milenio\/\" target=\"_blank\" rel=\"noopener\">san Juan Pablo II<\/a>\u00a0instituy\u00f3 la Jornada Mundial del Enfermo para sensibilizar al Pueblo de Dios, a las instituciones sanitarias cat\u00f3licas y a la sociedad civil sobre la necesidad de asistir a los enfermos y a quienes los cuidan\u201d.<\/p>\n<p>\u201cEstamos agradecidos al Se\u00f1or por el camino realizado en las Iglesias locales de todo el mundo durante estos a\u00f1os. Se ha avanzado bastante, pero todav\u00eda queda mucho camino por recorrer para garantizar a todas las personas enfermas, principalmente en los lugares y en las situaciones de mayor pobreza y exclusi\u00f3n, la atenci\u00f3n sanitaria que necesitan, as\u00ed como el acompa\u00f1amiento pastoral para que puedan vivir el tiempo de la enfermedad unidos a Cristo crucificado y resucitado\u201d, remarca.<\/p>\n","protected":false},"excerpt":{"rendered":"<p>Recordando la XXX Jornada Mundial del Enfermo<\/p>\n","protected":false},"author":6,"featured_media":51700,"comment_status":"closed","ping_status":"closed","sticky":false,"template":"","format":"standard","meta":{"_acf_changed":false,"_crdt_document":"","inline_featured_image":false,"footnotes":""},"categories":[112],"tags":[179,158,5441],"class_list":["post-51699","post","type-post","status-publish","format-standard","has-post-thumbnail","hentry","category-audiencia-general","tag-audiencia-general","tag-papa-francisco","tag-xxx-jornada-mundial-del-enfermo"],"acf":[],"yoast_head":"<!-- This site is optimized with the Yoast SEO plugin v27.4 - https:\/\/yoast.com\/product\/yoast-seo-wordpress\/ -->\n<title>Francisco: Asegurar cuidado sanitario y espiritual para todos los enfermos<\/title>\n<meta name=\"description\" content=\"Al final de la audiencia general de hoy, Francisco ha pedido cuidado sanitario y acompa\u00f1amiento espiritual para todos los enfermos.\" \/>\n<meta name=\"robots\" content=\"index, follow, max-snippet:-1, max-image-preview:large, max-video-preview:-1\" \/>\n<link rel=\"canonical\" href=\"https:\/\/exaudi.org\/es\/francisco-cuidado-sanitario-espiritual-enfermos\/\" \/>\n<meta property=\"og:locale\" content=\"es_ES\" \/>\n<meta property=\"og:type\" content=\"article\" \/>\n<meta property=\"og:title\" content=\"Francisco: Asegurar cuidado sanitario y espiritual para todos los enfermos\" \/>\n<meta property=\"og:description\" content=\"Al final de la audiencia general de hoy, Francisco ha pedido cuidado sanitario y acompa\u00f1amiento espiritual para todos los enfermos.\" \/>\n<meta property=\"og:url\" content=\"https:\/\/exaudi.org\/es\/francisco-cuidado-sanitario-espiritual-enfermos\/\" \/>\n<meta property=\"og:site_name\" content=\"Exaudi\" \/>\n<meta property=\"article:publisher\" content=\"https:\/\/www.facebook.com\/ExaudiNews\" \/>\n<meta property=\"article:published_time\" content=\"2022-02-09T10:21:34+00:00\" \/>\n<meta property=\"article:modified_time\" content=\"2022-02-09T13:47:21+00:00\" \/>\n<meta property=\"og:image\" content=\"https:\/\/exaudi.org\/wp-content\/uploads\/2022\/02\/987987987979sfsdf.jpeg\" \/>\n\t<meta property=\"og:image:width\" content=\"1447\" \/>\n\t<meta property=\"og:image:height\" content=\"815\" \/>\n\t<meta property=\"og:image:type\" content=\"image\/jpeg\" \/>\n<meta name=\"author\" content=\"Gabriel Sales\" \/>\n<meta name=\"twitter:card\" content=\"summary_large_image\" \/>\n<meta name=\"twitter:creator\" content=\"@habemusman\" \/>\n<meta name=\"twitter:site\" content=\"@Exaudi_News\" \/>\n<meta name=\"twitter:label1\" content=\"Escrito por\" \/>\n\t<meta name=\"twitter:data1\" content=\"Gabriel Sales\" \/>\n\t<meta name=\"twitter:label2\" content=\"Tiempo de lectura\" \/>\n\t<meta name=\"twitter:data2\" content=\"2 minutos\" \/>\n<script type=\"application\/ld+json\" class=\"yoast-schema-graph\">{\"@context\":\"https:\\\/\\\/schema.org\",\"@graph\":[{\"@type\":\"Article\",\"@id\":\"https:\\\/\\\/exaudi.org\\\/es\\\/francisco-cuidado-sanitario-espiritual-enfermos\\\/#article\",\"isPartOf\":{\"@id\":\"https:\\\/\\\/exaudi.org\\\/es\\\/francisco-cuidado-sanitario-espiritual-enfermos\\\/\"},\"author\":{\"name\":\"Gabriel Sales\",\"@id\":\"https:\\\/\\\/exaudi.org\\\/#\\\/schema\\\/person\\\/d134b96438278131ce90c90c03fda6cd\"},\"headline\":\"Francisco: Asegurar cuidado sanitario y espiritual para todos los enfermos\",\"datePublished\":\"2022-02-09T10:21:34+00:00\",\"dateModified\":\"2022-02-09T13:47:21+00:00\",\"mainEntityOfPage\":{\"@id\":\"https:\\\/\\\/exaudi.org\\\/es\\\/francisco-cuidado-sanitario-espiritual-enfermos\\\/\"},\"wordCount\":350,\"image\":{\"@id\":\"https:\\\/\\\/exaudi.org\\\/es\\\/francisco-cuidado-sanitario-espiritual-enfermos\\\/#primaryimage\"},\"thumbnailUrl\":\"https:\\\/\\\/exaudi.org\\\/wp-content\\\/uploads\\\/2022\\\/02\\\/987987987979sfsdf.jpeg\",\"keywords\":[\"audiencia general\",\"papa francisco\",\"XXX Jornada Mundial del Enfermo\"],\"articleSection\":[\"Audiencia General\"],\"inLanguage\":\"es\"},{\"@type\":\"WebPage\",\"@id\":\"https:\\\/\\\/exaudi.org\\\/es\\\/francisco-cuidado-sanitario-espiritual-enfermos\\\/\",\"url\":\"https:\\\/\\\/exaudi.org\\\/es\\\/francisco-cuidado-sanitario-espiritual-enfermos\\\/\",\"name\":\"Francisco: Asegurar cuidado sanitario y espiritual para todos los enfermos\",\"isPartOf\":{\"@id\":\"https:\\\/\\\/exaudi.org\\\/#website\"},\"primaryImageOfPage\":{\"@id\":\"https:\\\/\\\/exaudi.org\\\/es\\\/francisco-cuidado-sanitario-espiritual-enfermos\\\/#primaryimage\"},\"image\":{\"@id\":\"https:\\\/\\\/exaudi.org\\\/es\\\/francisco-cuidado-sanitario-espiritual-enfermos\\\/#primaryimage\"},\"thumbnailUrl\":\"https:\\\/\\\/exaudi.org\\\/wp-content\\\/uploads\\\/2022\\\/02\\\/987987987979sfsdf.jpeg\",\"datePublished\":\"2022-02-09T10:21:34+00:00\",\"dateModified\":\"2022-02-09T13:47:21+00:00\",\"author\":{\"@id\":\"https:\\\/\\\/exaudi.org\\\/#\\\/schema\\\/person\\\/d134b96438278131ce90c90c03fda6cd\"},\"description\":\"Al final de la audiencia general de hoy, Francisco ha pedido cuidado sanitario y acompa\u00f1amiento espiritual para todos los enfermos.\",\"breadcrumb\":{\"@id\":\"https:\\\/\\\/exaudi.org\\\/es\\\/francisco-cuidado-sanitario-espiritual-enfermos\\\/#breadcrumb\"},\"inLanguage\":\"es\",\"potentialAction\":[{\"@type\":\"ReadAction\",\"target\":[\"https:\\\/\\\/exaudi.org\\\/es\\\/francisco-cuidado-sanitario-espiritual-enfermos\\\/\"]}]},{\"@type\":\"ImageObject\",\"inLanguage\":\"es\",\"@id\":\"https:\\\/\\\/exaudi.org\\\/es\\\/francisco-cuidado-sanitario-espiritual-enfermos\\\/#primaryimage\",\"url\":\"https:\\\/\\\/exaudi.org\\\/wp-content\\\/uploads\\\/2022\\\/02\\\/987987987979sfsdf.jpeg\",\"contentUrl\":\"https:\\\/\\\/exaudi.org\\\/wp-content\\\/uploads\\\/2022\\\/02\\\/987987987979sfsdf.jpeg\",\"width\":1447,\"height\":815,\"caption\":\"El Papa Francisco junto a un enfermo en Bangladesh \u00a9 Vatican Media\"},{\"@type\":\"BreadcrumbList\",\"@id\":\"https:\\\/\\\/exaudi.org\\\/es\\\/francisco-cuidado-sanitario-espiritual-enfermos\\\/#breadcrumb\",\"itemListElement\":[{\"@type\":\"ListItem\",\"position\":1,\"name\":\"Portada\",\"item\":\"https:\\\/\\\/exaudi.org\\\/es\\\/\"},{\"@type\":\"ListItem\",\"position\":2,\"name\":\"Francisco: Asegurar cuidado sanitario y espiritual para todos los enfermos\"}]},{\"@type\":\"WebSite\",\"@id\":\"https:\\\/\\\/exaudi.org\\\/#website\",\"url\":\"https:\\\/\\\/exaudi.org\\\/\",\"name\":\"Exaudi\",\"description\":\"News\",\"potentialAction\":[{\"@type\":\"SearchAction\",\"target\":{\"@type\":\"EntryPoint\",\"urlTemplate\":\"https:\\\/\\\/exaudi.org\\\/?s={search_term_string}\"},\"query-input\":{\"@type\":\"PropertyValueSpecification\",\"valueRequired\":true,\"valueName\":\"search_term_string\"}}],\"inLanguage\":\"es\"},{\"@type\":\"Person\",\"@id\":\"https:\\\/\\\/exaudi.org\\\/#\\\/schema\\\/person\\\/d134b96438278131ce90c90c03fda6cd\",\"name\":\"Gabriel Sales\",\"image\":{\"@type\":\"ImageObject\",\"inLanguage\":\"es\",\"@id\":\"https:\\\/\\\/secure.gravatar.com\\\/avatar\\\/9b1269566f6a063ed26ffb3532b66a373cdde231ce5d0effb266167437fdaffd?s=96&d=mm&r=g\",\"url\":\"https:\\\/\\\/secure.gravatar.com\\\/avatar\\\/9b1269566f6a063ed26ffb3532b66a373cdde231ce5d0effb266167437fdaffd?s=96&d=mm&r=g\",\"contentUrl\":\"https:\\\/\\\/secure.gravatar.com\\\/avatar\\\/9b1269566f6a063ed26ffb3532b66a373cdde231ce5d0effb266167437fdaffd?s=96&d=mm&r=g\",\"caption\":\"Gabriel Sales\"},\"description\":\"Periodista y especialista en Comunicaci\u00f3n y Branding digital. Cin\u00e9filo y cr\u00edtico de cine y series de televisi\u00f3n.\",\"sameAs\":[\"https:\\\/\\\/www.instagram.com\\\/cine90segundos\\\/\",\"www.linkedin.com\\\/in\\\/habemusman\",\"https:\\\/\\\/x.com\\\/habemusman\",\"https:\\\/\\\/www.youtube.com\\\/channel\\\/UCVfCiOMkJ_C7T7OpyjuaLDg\"],\"url\":\"https:\\\/\\\/exaudi.org\\\/es\\\/author\\\/gsalesexaudi-org\\\/\"}]}<\/script>\n<!-- \/ Yoast SEO plugin. -->","yoast_head_json":{"title":"Francisco: Asegurar cuidado sanitario y espiritual para todos los enfermos","description":"Al final de la audiencia general de hoy, Francisco ha pedido cuidado sanitario y acompa\u00f1amiento espiritual para todos los enfermos.","robots":{"index":"index","follow":"follow","max-snippet":"max-snippet:-1","max-image-preview":"max-image-preview:large","max-video-preview":"max-video-preview:-1"},"canonical":"https:\/\/exaudi.org\/es\/francisco-cuidado-sanitario-espiritual-enfermos\/","og_locale":"es_ES","og_type":"article","og_title":"Francisco: Asegurar cuidado sanitario y espiritual para todos los enfermos","og_description":"Al final de la audiencia general de hoy, Francisco ha pedido cuidado sanitario y acompa\u00f1amiento espiritual para todos los enfermos.","og_url":"https:\/\/exaudi.org\/es\/francisco-cuidado-sanitario-espiritual-enfermos\/","og_site_name":"Exaudi","article_publisher":"https:\/\/www.facebook.com\/ExaudiNews","article_published_time":"2022-02-09T10:21:34+00:00","article_modified_time":"2022-02-09T13:47:21+00:00","og_image":[{"width":1447,"height":815,"url":"https:\/\/exaudi.org\/wp-content\/uploads\/2022\/02\/987987987979sfsdf.jpeg","type":"image\/jpeg"}],"author":"Gabriel Sales","twitter_card":"summary_large_image","twitter_creator":"@habemusman","twitter_site":"@Exaudi_News","twitter_misc":{"Escrito por":"Gabriel Sales","Tiempo de lectura":"2 minutos"},"schema":{"@context":"https:\/\/schema.org","@graph":[{"@type":"Article","@id":"https:\/\/exaudi.org\/es\/francisco-cuidado-sanitario-espiritual-enfermos\/#article","isPartOf":{"@id":"https:\/\/exaudi.org\/es\/francisco-cuidado-sanitario-espiritual-enfermos\/"},"author":{"name":"Gabriel Sales","@id":"https:\/\/exaudi.org\/#\/schema\/person\/d134b96438278131ce90c90c03fda6cd"},"headline":"Francisco: Asegurar cuidado sanitario y espiritual para todos los enfermos","datePublished":"2022-02-09T10:21:34+00:00","dateModified":"2022-02-09T13:47:21+00:00","mainEntityOfPage":{"@id":"https:\/\/exaudi.org\/es\/francisco-cuidado-sanitario-espiritual-enfermos\/"},"wordCount":350,"image":{"@id":"https:\/\/exaudi.org\/es\/francisco-cuidado-sanitario-espiritual-enfermos\/#primaryimage"},"thumbnailUrl":"https:\/\/exaudi.org\/wp-content\/uploads\/2022\/02\/987987987979sfsdf.jpeg","keywords":["audiencia general","papa francisco","XXX Jornada Mundial del Enfermo"],"articleSection":["Audiencia General"],"inLanguage":"es"},{"@type":"WebPage","@id":"https:\/\/exaudi.org\/es\/francisco-cuidado-sanitario-espiritual-enfermos\/","url":"https:\/\/exaudi.org\/es\/francisco-cuidado-sanitario-espiritual-enfermos\/","name":"Francisco: Asegurar cuidado sanitario y espiritual para todos los enfermos","isPartOf":{"@id":"https:\/\/exaudi.org\/#website"},"primaryImageOfPage":{"@id":"https:\/\/exaudi.org\/es\/francisco-cuidado-sanitario-espiritual-enfermos\/#primaryimage"},"image":{"@id":"https:\/\/exaudi.org\/es\/francisco-cuidado-sanitario-espiritual-enfermos\/#primaryimage"},"thumbnailUrl":"https:\/\/exaudi.org\/wp-content\/uploads\/2022\/02\/987987987979sfsdf.jpeg","datePublished":"2022-02-09T10:21:34+00:00","dateModified":"2022-02-09T13:47:21+00:00","author":{"@id":"https:\/\/exaudi.org\/#\/schema\/person\/d134b96438278131ce90c90c03fda6cd"},"description":"Al final de la audiencia general de hoy, Francisco ha pedido cuidado sanitario y acompa\u00f1amiento espiritual para todos los enfermos.","breadcrumb":{"@id":"https:\/\/exaudi.org\/es\/francisco-cuidado-sanitario-espiritual-enfermos\/#breadcrumb"},"inLanguage":"es","potentialAction":[{"@type":"ReadAction","target":["https:\/\/exaudi.org\/es\/francisco-cuidado-sanitario-espiritual-enfermos\/"]}]},{"@type":"ImageObject","inLanguage":"es","@id":"https:\/\/exaudi.org\/es\/francisco-cuidado-sanitario-espiritual-enfermos\/#primaryimage","url":"https:\/\/exaudi.org\/wp-content\/uploads\/2022\/02\/987987987979sfsdf.jpeg","contentUrl":"https:\/\/exaudi.org\/wp-content\/uploads\/2022\/02\/987987987979sfsdf.jpeg","width":1447,"height":815,"caption":"El Papa Francisco junto a un enfermo en Bangladesh \u00a9 Vatican Media"},{"@type":"BreadcrumbList","@id":"https:\/\/exaudi.org\/es\/francisco-cuidado-sanitario-espiritual-enfermos\/#breadcrumb","itemListElement":[{"@type":"ListItem","position":1,"name":"Portada","item":"https:\/\/exaudi.org\/es\/"},{"@type":"ListItem","position":2,"name":"Francisco: Asegurar cuidado sanitario y espiritual para todos los enfermos"}]},{"@type":"WebSite","@id":"https:\/\/exaudi.org\/#website","url":"https:\/\/exaudi.org\/","name":"Exaudi","description":"News","potentialAction":[{"@type":"SearchAction","target":{"@type":"EntryPoint","urlTemplate":"https:\/\/exaudi.org\/?s={search_term_string}"},"query-input":{"@type":"PropertyValueSpecification","valueRequired":true,"valueName":"search_term_string"}}],"inLanguage":"es"},{"@type":"Person","@id":"https:\/\/exaudi.org\/#\/schema\/person\/d134b96438278131ce90c90c03fda6cd","name":"Gabriel Sales","image":{"@type":"ImageObject","inLanguage":"es","@id":"https:\/\/secure.gravatar.com\/avatar\/9b1269566f6a063ed26ffb3532b66a373cdde231ce5d0effb266167437fdaffd?s=96&d=mm&r=g","url":"https:\/\/secure.gravatar.com\/avatar\/9b1269566f6a063ed26ffb3532b66a373cdde231ce5d0effb266167437fdaffd?s=96&d=mm&r=g","contentUrl":"https:\/\/secure.gravatar.com\/avatar\/9b1269566f6a063ed26ffb3532b66a373cdde231ce5d0effb266167437fdaffd?s=96&d=mm&r=g","caption":"Gabriel Sales"},"description":"Periodista y especialista en Comunicaci\u00f3n y Branding digital. Cin\u00e9filo y cr\u00edtico de cine y series de televisi\u00f3n.","sameAs":["https:\/\/www.instagram.com\/cine90segundos\/","www.linkedin.com\/in\/habemusman","https:\/\/x.com\/habemusman","https:\/\/www.youtube.com\/channel\/UCVfCiOMkJ_C7T7OpyjuaLDg"],"url":"https:\/\/exaudi.org\/es\/author\/gsalesexaudi-org\/"}]}},"jetpack_featured_media_url":"https:\/\/exaudi.org\/wp-content\/uploads\/2022\/02\/987987987979sfsdf.jpeg","jetpack_shortlink":"https:\/\/wp.me\/pgKjF2-drR","_links":{"self":[{"href":"https:\/\/exaudi.org\/es\/wp-json\/wp\/v2\/posts\/51699","targetHints":{"allow":["GET"]}}],"collection":[{"href":"https:\/\/exaudi.org\/es\/wp-json\/wp\/v2\/posts"}],"about":[{"href":"https:\/\/exaudi.org\/es\/wp-json\/wp\/v2\/types\/post"}],"author":[{"embeddable":true,"href":"https:\/\/exaudi.org\/es\/wp-json\/wp\/v2\/users\/6"}],"replies":[{"embeddable":true,"href":"https:\/\/exaudi.org\/es\/wp-json\/wp\/v2\/comments?post=51699"}],"version-history":[{"count":0,"href":"https:\/\/exaudi.org\/es\/wp-json\/wp\/v2\/posts\/51699\/revisions"}],"wp:featuredmedia":[{"embeddable":true,"href":"https:\/\/exaudi.org\/es\/wp-json\/wp\/v2\/media\/51700"}],"wp:attachment":[{"href":"https:\/\/exaudi.org\/es\/wp-json\/wp\/v2\/media?parent=51699"}],"wp:term":[{"taxonomy":"category","embeddable":true,"href":"https:\/\/exaudi.org\/es\/wp-json\/wp\/v2\/categories?post=51699"},{"taxonomy":"post_tag","embeddable":true,"href":"https:\/\/exaudi.org\/es\/wp-json\/wp\/v2\/tags?post=51699"}],"curies":[{"name":"wp","href":"https:\/\/api.w.org\/{rel}","templated":true}]}}